{"id":4875,"date":"2021-01-25T09:35:18","date_gmt":"2021-01-25T08:35:18","guid":{"rendered":"http:\/\/omaec.org\/?p=4875"},"modified":"2021-01-25T09:35:18","modified_gmt":"2021-01-25T08:35:18","slug":"4875","status":"publish","type":"post","link":"https:\/\/www.omaec.org\/fr\/4875\/","title":{"rendered":"Global Catholic Education &#8211; nouveau site Web"},"content":{"rendered":"<p class=\"western\"><a href=\"http:\/\/omaec.org\/wp-content\/uploads\/2021\/01\/5-logos-2.jpg\" rel=\"attachment wp-att-4876\"><img loading=\"lazy\" decoding=\"async\" class=\"alignnone size-medium wp-image-4876\" src=\"http:\/\/omaec.org\/wp-content\/uploads\/2021\/01\/5-logos-2-300x47.jpg\" alt=\"5 logos\" width=\"300\" height=\"47\" srcset=\"https:\/\/www.omaec.org\/wp-content\/uploads\/2021\/01\/5-logos-2-300x47.jpg 300w, https:\/\/www.omaec.org\/wp-content\/uploads\/2021\/01\/5-logos-2-768x120.jpg 768w, https:\/\/www.omaec.org\/wp-content\/uploads\/2021\/01\/5-logos-2-1024x160.jpg 1024w, https:\/\/www.omaec.org\/wp-content\/uploads\/2021\/01\/5-logos-2-600x94.jpg 600w, https:\/\/www.omaec.org\/wp-content\/uploads\/2021\/01\/5-logos-2-150x23.jpg 150w, https:\/\/www.omaec.org\/wp-content\/uploads\/2021\/01\/5-logos-2.jpg 1328w\" sizes=\"auto, (max-width: 300px) 100vw, 300px\" \/><\/a><\/p>\n<p class=\"western\"><b>Nouveau site Web \u00ab\u00a0Global Catholic Education\u00a0\u00bb<\/b><\/p>\n<p class=\"western\">Chers amis de l&rsquo;OMAEC, nous sommes heureux de vous informer qu&rsquo;un nouveau site Web\u00a0<strong>https:\/\/fr.globalcatholiceducation.org<\/strong>\/\u00a0est maintenant en ligne avec une gamme de ressources pour les \u00e9ducateurs catholiques ainsi que les anciens \u00e9l\u00e8ves du monde entier.<\/p>\n<p class=\"western\">Le site Web est disponible en anglais, fran\u00e7ais et espagnol et est g\u00e9r\u00e9 par une \u00e9quipe de b\u00e9n\u00e9voles. Les principaux partenaires du site Web sont<strong> l&rsquo;OMAEC<\/strong> et <strong>l&rsquo;OIEC<\/strong>, la<strong> FIUC<\/strong> et la\u00a0<strong>WUCT<\/strong>, les trois autres organisations cl\u00e9s impliqu\u00e9es dans l&rsquo;\u00e9ducation catholique au niveau mondial.<\/p>\n<p class=\"western\">Nous vous encourageons \u00e0 visiter le site Web et \u00e0 vous abonner \u00e0 son blog pour recevoir chaque semaine de courts courriels vous alertant de nouvelles ressources d&rsquo;int\u00e9r\u00eat pour notre communaut\u00e9. Nous voulions \u00e9galement mentionner la possibilit\u00e9 de participer \u00e0 divers webinaires &#8211; veuillez consulter la page des \u00e9v\u00e9nements du site Web pour plus de d\u00e9tails. Un webinaire cl\u00e9 (en anglais) aura lieu le 16 f\u00e9vrier sur le Rapport mondial sur l&rsquo;\u00e9ducation catholique 2021. Nous esp\u00e9rons que vous trouverez le site Web utile et n&rsquo;h\u00e9sitez pas \u00e0 partager vos commentaires sur la fa\u00e7on de l&rsquo;am\u00e9liorer. Le site Web peut \u00eatre un excellent outil pour nous tous pour nous engager dans le <strong>Pacte mondial sur l&rsquo;\u00e9ducation du Pape Fran\u00e7ois.<\/strong><\/p>\n<p class=\"western\">OIEC =\u00a0 \u00a0 OFFICE INTERNATIONAL DE L&rsquo;ENSEGNEMENT CATHOLIQUE<\/p>\n<p class=\"western\">IFCU=\u00a0 \u00a0 \u00a0F\u00c9D\u00c9RATION INTERNATIONAL DES UNIVERSIT\u00c9S CATHOLIQUES<\/p>\n<p class=\"western\">WUCT=\u00a0 \u00a0UNION MONDIALES DES ENSEIGNANTS CATHOLIQUES<\/p>\n","protected":false},"excerpt":{"rendered":"<p>Nouveau site Web \u00ab\u00a0Global Catholic Education\u00a0\u00bb Chers amis de l&rsquo;OMAEC, nous sommes heureux de vous informer qu&rsquo;un nouveau site Web\u00a0https:\/\/fr.globalcatholiceducation.org\/\u00a0est maintenant en ligne avec une gamme de ressources pour les \u00e9ducateurs catholiques ainsi que les anciens \u00e9l\u00e8ves du monde entier. Le site Web est disponible en anglais, fran\u00e7ais et espagnol et est g\u00e9r\u00e9 par une <a href=\"https:\/\/www.omaec.org\/fr\/4875\/\" rel=\"nofollow\">(more&#8230;)<\/a><\/p>\n","protected":false},"author":1,"featured_media":4877,"comment_status":"closed","ping_status":"open","sticky":false,"template":"","format":"standard","meta":{"footnotes":""},"categories":[50],"tags":[],"class_list":["post-4875","post","type-post","status-publish","format-standard","has-post-thumbnail","hentry","category-messages-fr"],"acf":[],"yoast_head":"<!-- This site is optimized with the Yoast SEO plugin v20.11 - https:\/\/yoast.com\/wordpress\/plugins\/seo\/ -->\n<title>Global Catholic Education - nouveau site Web - Organizaci\u00f3n Mundial de Antiguos Alumnos de la Educaci\u00f3n Cat\u00f3lica<\/title>\n<meta name=\"robots\" content=\"index, follow, max-snippet:-1, max-image-preview:large, max-video-preview:-1\" \/>\n<link rel=\"canonical\" href=\"https:\/\/www.omaec.org\/global-catholic-education-nueva-web\/\" \/>\n<meta property=\"og:locale\" content=\"fr_FR\" \/>\n<meta property=\"og:type\" content=\"article\" \/>\n<meta property=\"og:title\" content=\"Global Catholic Education - nouveau site Web - Organizaci\u00f3n Mundial de Antiguos Alumnos de la Educaci\u00f3n Cat\u00f3lica\" \/>\n<meta property=\"og:description\" content=\"Nouveau site Web \u00ab\u00a0Global Catholic Education\u00a0\u00bb Chers amis de l&rsquo;OMAEC, nous sommes heureux de vous informer qu&rsquo;un nouveau site Web\u00a0https:\/\/fr.globalcatholiceducation.org\/\u00a0est maintenant en ligne avec une gamme de ressources pour les \u00e9ducateurs catholiques ainsi que les anciens \u00e9l\u00e8ves du monde entier. Le site Web est disponible en anglais, fran\u00e7ais et espagnol et est g\u00e9r\u00e9 par une (more...)\" \/>\n<meta property=\"og:url\" content=\"https:\/\/www.omaec.org\/global-catholic-education-nueva-web\/\" \/>\n<meta property=\"og:site_name\" content=\"Organizaci\u00f3n Mundial de Antiguos Alumnos de la Educaci\u00f3n Cat\u00f3lica\" \/>\n<meta property=\"article:published_time\" content=\"2021-01-25T08:35:18+00:00\" \/>\n<meta property=\"og:image\" content=\"https:\/\/www.omaec.org\/wp-content\/uploads\/2021\/01\/pantalla-web-2-1.jpg\" \/>\n\t<meta property=\"og:image:width\" content=\"1241\" \/>\n\t<meta property=\"og:image:height\" content=\"737\" \/>\n\t<meta property=\"og:image:type\" content=\"image\/jpeg\" \/>\n<meta name=\"author\" content=\"Secretario General\" \/>\n<meta name=\"twitter:card\" content=\"summary_large_image\" \/>\n<meta name=\"twitter:label1\" content=\"\u00c9crit par\" \/>\n\t<meta name=\"twitter:data1\" content=\"Secretario General\" \/>\n\t<meta name=\"twitter:label2\" content=\"Dur\u00e9e de lecture estim\u00e9e\" \/>\n\t<meta name=\"twitter:data2\" content=\"1 minute\" \/>\n<script type=\"application\/ld+json\" class=\"yoast-schema-graph\">{\"@context\":\"https:\/\/schema.org\",\"@graph\":[{\"@type\":\"Article\",\"@id\":\"https:\/\/www.omaec.org\/global-catholic-education-nueva-web\/#article\",\"isPartOf\":{\"@id\":\"https:\/\/www.omaec.org\/global-catholic-education-nueva-web\/\"},\"author\":{\"name\":\"Secretario General\",\"@id\":\"https:\/\/www.omaec.org\/#\/schema\/person\/b6995e5c4038e3cf602f2bb958068c35\"},\"headline\":\"Global Catholic Education &#8211; nouveau site Web\",\"datePublished\":\"2021-01-25T08:35:18+00:00\",\"dateModified\":\"2021-01-25T08:35:18+00:00\",\"mainEntityOfPage\":{\"@id\":\"https:\/\/www.omaec.org\/global-catholic-education-nueva-web\/\"},\"wordCount\":257,\"publisher\":{\"@id\":\"https:\/\/www.omaec.org\/#organization\"},\"articleSection\":[\"Messages\"],\"inLanguage\":\"fr-FR\"},{\"@type\":\"WebPage\",\"@id\":\"https:\/\/www.omaec.org\/global-catholic-education-nueva-web\/\",\"url\":\"https:\/\/www.omaec.org\/global-catholic-education-nueva-web\/\",\"name\":\"Global Catholic Education - nouveau site Web - Organizaci\u00f3n Mundial de Antiguos Alumnos de la Educaci\u00f3n Cat\u00f3lica\",\"isPartOf\":{\"@id\":\"https:\/\/www.omaec.org\/#website\"},\"datePublished\":\"2021-01-25T08:35:18+00:00\",\"dateModified\":\"2021-01-25T08:35:18+00:00\",\"breadcrumb\":{\"@id\":\"https:\/\/www.omaec.org\/global-catholic-education-nueva-web\/#breadcrumb\"},\"inLanguage\":\"fr-FR\",\"potentialAction\":[{\"@type\":\"ReadAction\",\"target\":[\"https:\/\/www.omaec.org\/global-catholic-education-nueva-web\/\"]}]},{\"@type\":\"BreadcrumbList\",\"@id\":\"https:\/\/www.omaec.org\/global-catholic-education-nueva-web\/#breadcrumb\",\"itemListElement\":[{\"@type\":\"ListItem\",\"position\":1,\"name\":\"Portada\",\"item\":\"https:\/\/www.omaec.org\/fr\/\"},{\"@type\":\"ListItem\",\"position\":2,\"name\":\"Global Catholic Education &#8211; nouveau site Web\"}]},{\"@type\":\"WebSite\",\"@id\":\"https:\/\/www.omaec.org\/#website\",\"url\":\"https:\/\/www.omaec.org\/\",\"name\":\"Organizaci\u00f3n Mundial de Antiguos Alumnos de la Educaci\u00f3n Cat\u00f3lica\",\"description\":\"OMAEC\",\"publisher\":{\"@id\":\"https:\/\/www.omaec.org\/#organization\"},\"potentialAction\":[{\"@type\":\"SearchAction\",\"target\":{\"@type\":\"EntryPoint\",\"urlTemplate\":\"https:\/\/www.omaec.org\/?s={search_term_string}\"},\"query-input\":\"required name=search_term_string\"}],\"inLanguage\":\"fr-FR\"},{\"@type\":\"Organization\",\"@id\":\"https:\/\/www.omaec.org\/#organization\",\"name\":\"Organizaci\u00f3n Mundial de Antiguos Alumnos de la Educaci\u00f3n Cat\u00f3lica\",\"url\":\"https:\/\/www.omaec.org\/\",\"logo\":{\"@type\":\"ImageObject\",\"inLanguage\":\"fr-FR\",\"@id\":\"https:\/\/www.omaec.org\/#\/schema\/logo\/image\/\",\"url\":\"https:\/\/www.omaec.org\/wp-content\/uploads\/2021\/06\/OMAEC-LOGO-OFICIAL.jpg\",\"contentUrl\":\"https:\/\/www.omaec.org\/wp-content\/uploads\/2021\/06\/OMAEC-LOGO-OFICIAL.jpg\",\"width\":525,\"height\":452,\"caption\":\"Organizaci\u00f3n Mundial de Antiguos  Alumnos de la Educaci\u00f3n Cat\u00f3lica\"},\"image\":{\"@id\":\"https:\/\/www.omaec.org\/#\/schema\/logo\/image\/\"}},{\"@type\":\"Person\",\"@id\":\"https:\/\/www.omaec.org\/#\/schema\/person\/b6995e5c4038e3cf602f2bb958068c35\",\"name\":\"Secretario General\",\"image\":{\"@type\":\"ImageObject\",\"inLanguage\":\"fr-FR\",\"@id\":\"https:\/\/www.omaec.org\/#\/schema\/person\/image\/\",\"url\":\"https:\/\/www.omaec.org\/wp-content\/uploads\/2025\/03\/FOTO-GUILLERMO-GUTIERREZ-PIRAQUIVE-OMAEC-96x96.jpg\",\"contentUrl\":\"https:\/\/www.omaec.org\/wp-content\/uploads\/2025\/03\/FOTO-GUILLERMO-GUTIERREZ-PIRAQUIVE-OMAEC-96x96.jpg\",\"caption\":\"Secretario General\"},\"description\":\"EXPERIENCIA LABORAL: SERVICIO NACIONAL DE APRENDIZAJE-SENA Regional Bogot\u00e1. Centro de Gesti\u00f3n de Mercados, Log\u00edstica y Tecnolog\u00edas de la Informaci\u00f3n. \u00b7Instructor de Mercadeo. SERVICIO NACIONAL DE APRENDIZAJE-SENA Regional Bogot\u00e1. Centro de Gesti\u00f3n Administrativa. \u00b7Instructor de Ventas. ARTESAN\u00cdAS DE COLOMBIA. \u00b7Administrador Centro Artesanal La Chamba (Tolima). PROGRAMADORA TELECULTURALES. \u00b7Asistente de Direcci\u00f3n AGENCIAS DE PUBLICIDAD: REP Y MASTER \u00b7Jefe de Medios SANCHO PUBLICIDAD \u00b7Jefe de Tr\u00e1fico. LEO BURNETT \u00b7Asistente de Medios. EDUCACION: \u00b7FUNDACI\u00d3N UNIVERSITARIA SALESIANA Diplomado en Salesianidad. \u00b7POLIT\u00c9CNICO GRANCOLOMBIANO Especializaci\u00f3n en Gerencia de Mercadeo. \u00b7UNIVERSIDAD NACIONAL ABIERTA Y A DISTANCIA Administraci\u00f3n de Empresas. \u00b7SERVICIO NACIONAL DE APRENDIZAJE-SENA Mercadotecnia. \u00b7UNIVERSIDAD CENTRAL Publicidad. \u00b7COLEGIO SALESIANO DE LE\u00d3N XIII Bachiller Acad\u00e9mico. EXPERIENCIA EXALUMNAL: ASOCIACI\u00d3N DE EXALUMNOS SDB-AEXSDBINSPECTOR\u00cdA SAN PEDRO CLAVER Presidente Sexenio 2021-2027. \u00b7ASOCIACI\u00d3N DE EXALUMNOS SDB-AEXSDBINSPECTOR\u00cdA SAN PEDRO CLAVER Vicepresidente Sexenio 2015-2021. \u00b7COLEGIO SALESIANO DE LE\u00d3N XIII. L\u00edder Promoci\u00f3n 1969. EXALUMNAL\",\"url\":\"https:\/\/www.omaec.org\/fr\/author\/omaec-admin\/\"}]}<\/script>\n<!-- \/ Yoast SEO plugin. -->","yoast_head_json":{"title":"Global Catholic Education - nouveau site Web - Organizaci\u00f3n Mundial de Antiguos Alumnos de la Educaci\u00f3n Cat\u00f3lica","robots":{"index":"index","follow":"follow","max-snippet":"max-snippet:-1","max-image-preview":"max-image-preview:large","max-video-preview":"max-video-preview:-1"},"canonical":"https:\/\/www.omaec.org\/global-catholic-education-nueva-web\/","og_locale":"fr_FR","og_type":"article","og_title":"Global Catholic Education - nouveau site Web - Organizaci\u00f3n Mundial de Antiguos Alumnos de la Educaci\u00f3n Cat\u00f3lica","og_description":"Nouveau site Web \u00ab\u00a0Global Catholic Education\u00a0\u00bb Chers amis de l&rsquo;OMAEC, nous sommes heureux de vous informer qu&rsquo;un nouveau site Web\u00a0https:\/\/fr.globalcatholiceducation.org\/\u00a0est maintenant en ligne avec une gamme de ressources pour les \u00e9ducateurs catholiques ainsi que les anciens \u00e9l\u00e8ves du monde entier. Le site Web est disponible en anglais, fran\u00e7ais et espagnol et est g\u00e9r\u00e9 par une (more...)","og_url":"https:\/\/www.omaec.org\/global-catholic-education-nueva-web\/","og_site_name":"Organizaci\u00f3n Mundial de Antiguos Alumnos de la Educaci\u00f3n Cat\u00f3lica","article_published_time":"2021-01-25T08:35:18+00:00","og_image":[{"width":1241,"height":737,"url":"https:\/\/www.omaec.org\/wp-content\/uploads\/2021\/01\/pantalla-web-2-1.jpg","type":"image\/jpeg"}],"author":"Secretario General","twitter_card":"summary_large_image","twitter_misc":{"\u00c9crit par":"Secretario General","Dur\u00e9e de lecture estim\u00e9e":"1 minute"},"schema":{"@context":"https:\/\/schema.org","@graph":[{"@type":"Article","@id":"https:\/\/www.omaec.org\/global-catholic-education-nueva-web\/#article","isPartOf":{"@id":"https:\/\/www.omaec.org\/global-catholic-education-nueva-web\/"},"author":{"name":"Secretario General","@id":"https:\/\/www.omaec.org\/#\/schema\/person\/b6995e5c4038e3cf602f2bb958068c35"},"headline":"Global Catholic Education &#8211; nouveau site Web","datePublished":"2021-01-25T08:35:18+00:00","dateModified":"2021-01-25T08:35:18+00:00","mainEntityOfPage":{"@id":"https:\/\/www.omaec.org\/global-catholic-education-nueva-web\/"},"wordCount":257,"publisher":{"@id":"https:\/\/www.omaec.org\/#organization"},"articleSection":["Messages"],"inLanguage":"fr-FR"},{"@type":"WebPage","@id":"https:\/\/www.omaec.org\/global-catholic-education-nueva-web\/","url":"https:\/\/www.omaec.org\/global-catholic-education-nueva-web\/","name":"Global Catholic Education - nouveau site Web - Organizaci\u00f3n Mundial de Antiguos Alumnos de la Educaci\u00f3n Cat\u00f3lica","isPartOf":{"@id":"https:\/\/www.omaec.org\/#website"},"datePublished":"2021-01-25T08:35:18+00:00","dateModified":"2021-01-25T08:35:18+00:00","breadcrumb":{"@id":"https:\/\/www.omaec.org\/global-catholic-education-nueva-web\/#breadcrumb"},"inLanguage":"fr-FR","potentialAction":[{"@type":"ReadAction","target":["https:\/\/www.omaec.org\/global-catholic-education-nueva-web\/"]}]},{"@type":"BreadcrumbList","@id":"https:\/\/www.omaec.org\/global-catholic-education-nueva-web\/#breadcrumb","itemListElement":[{"@type":"ListItem","position":1,"name":"Portada","item":"https:\/\/www.omaec.org\/fr\/"},{"@type":"ListItem","position":2,"name":"Global Catholic Education &#8211; nouveau site Web"}]},{"@type":"WebSite","@id":"https:\/\/www.omaec.org\/#website","url":"https:\/\/www.omaec.org\/","name":"Organizaci\u00f3n Mundial de Antiguos Alumnos de la Educaci\u00f3n Cat\u00f3lica","description":"OMAEC","publisher":{"@id":"https:\/\/www.omaec.org\/#organization"},"potentialAction":[{"@type":"SearchAction","target":{"@type":"EntryPoint","urlTemplate":"https:\/\/www.omaec.org\/?s={search_term_string}"},"query-input":"required name=search_term_string"}],"inLanguage":"fr-FR"},{"@type":"Organization","@id":"https:\/\/www.omaec.org\/#organization","name":"Organizaci\u00f3n Mundial de Antiguos Alumnos de la Educaci\u00f3n Cat\u00f3lica","url":"https:\/\/www.omaec.org\/","logo":{"@type":"ImageObject","inLanguage":"fr-FR","@id":"https:\/\/www.omaec.org\/#\/schema\/logo\/image\/","url":"https:\/\/www.omaec.org\/wp-content\/uploads\/2021\/06\/OMAEC-LOGO-OFICIAL.jpg","contentUrl":"https:\/\/www.omaec.org\/wp-content\/uploads\/2021\/06\/OMAEC-LOGO-OFICIAL.jpg","width":525,"height":452,"caption":"Organizaci\u00f3n Mundial de Antiguos  Alumnos de la Educaci\u00f3n Cat\u00f3lica"},"image":{"@id":"https:\/\/www.omaec.org\/#\/schema\/logo\/image\/"}},{"@type":"Person","@id":"https:\/\/www.omaec.org\/#\/schema\/person\/b6995e5c4038e3cf602f2bb958068c35","name":"Secretario General","image":{"@type":"ImageObject","inLanguage":"fr-FR","@id":"https:\/\/www.omaec.org\/#\/schema\/person\/image\/","url":"https:\/\/www.omaec.org\/wp-content\/uploads\/2025\/03\/FOTO-GUILLERMO-GUTIERREZ-PIRAQUIVE-OMAEC-96x96.jpg","contentUrl":"https:\/\/www.omaec.org\/wp-content\/uploads\/2025\/03\/FOTO-GUILLERMO-GUTIERREZ-PIRAQUIVE-OMAEC-96x96.jpg","caption":"Secretario General"},"description":"EXPERIENCIA LABORAL: SERVICIO NACIONAL DE APRENDIZAJE-SENA Regional Bogot\u00e1. Centro de Gesti\u00f3n de Mercados, Log\u00edstica y Tecnolog\u00edas de la Informaci\u00f3n. \u00b7Instructor de Mercadeo. SERVICIO NACIONAL DE APRENDIZAJE-SENA Regional Bogot\u00e1. Centro de Gesti\u00f3n Administrativa. \u00b7Instructor de Ventas. ARTESAN\u00cdAS DE COLOMBIA. \u00b7Administrador Centro Artesanal La Chamba (Tolima). PROGRAMADORA TELECULTURALES. \u00b7Asistente de Direcci\u00f3n AGENCIAS DE PUBLICIDAD: REP Y MASTER \u00b7Jefe de Medios SANCHO PUBLICIDAD \u00b7Jefe de Tr\u00e1fico. LEO BURNETT \u00b7Asistente de Medios. EDUCACION: \u00b7FUNDACI\u00d3N UNIVERSITARIA SALESIANA Diplomado en Salesianidad. \u00b7POLIT\u00c9CNICO GRANCOLOMBIANO Especializaci\u00f3n en Gerencia de Mercadeo. \u00b7UNIVERSIDAD NACIONAL ABIERTA Y A DISTANCIA Administraci\u00f3n de Empresas. \u00b7SERVICIO NACIONAL DE APRENDIZAJE-SENA Mercadotecnia. \u00b7UNIVERSIDAD CENTRAL Publicidad. \u00b7COLEGIO SALESIANO DE LE\u00d3N XIII Bachiller Acad\u00e9mico. EXPERIENCIA EXALUMNAL: ASOCIACI\u00d3N DE EXALUMNOS SDB-AEXSDBINSPECTOR\u00cdA SAN PEDRO CLAVER Presidente Sexenio 2021-2027. \u00b7ASOCIACI\u00d3N DE EXALUMNOS SDB-AEXSDBINSPECTOR\u00cdA SAN PEDRO CLAVER Vicepresidente Sexenio 2015-2021. \u00b7COLEGIO SALESIANO DE LE\u00d3N XIII. L\u00edder Promoci\u00f3n 1969. EXALUMNAL","url":"https:\/\/www.omaec.org\/fr\/author\/omaec-admin\/"}]}},"_links":{"self":[{"href":"https:\/\/www.omaec.org\/fr\/wp-json\/wp\/v2\/posts\/4875","targetHints":{"allow":["GET"]}}],"collection":[{"href":"https:\/\/www.omaec.org\/fr\/wp-json\/wp\/v2\/posts"}],"about":[{"href":"https:\/\/www.omaec.org\/fr\/wp-json\/wp\/v2\/types\/post"}],"author":[{"embeddable":true,"href":"https:\/\/www.omaec.org\/fr\/wp-json\/wp\/v2\/users\/1"}],"replies":[{"embeddable":true,"href":"https:\/\/www.omaec.org\/fr\/wp-json\/wp\/v2\/comments?post=4875"}],"version-history":[{"count":1,"href":"https:\/\/www.omaec.org\/fr\/wp-json\/wp\/v2\/posts\/4875\/revisions"}],"predecessor-version":[{"id":4878,"href":"https:\/\/www.omaec.org\/fr\/wp-json\/wp\/v2\/posts\/4875\/revisions\/4878"}],"wp:featuredmedia":[{"embeddable":true,"href":"https:\/\/www.omaec.org\/fr\/wp-json\/wp\/v2\/media\/4877"}],"wp:attachment":[{"href":"https:\/\/www.omaec.org\/fr\/wp-json\/wp\/v2\/media?parent=4875"}],"wp:term":[{"taxonomy":"category","embeddable":true,"href":"https:\/\/www.omaec.org\/fr\/wp-json\/wp\/v2\/categories?post=4875"},{"taxonomy":"post_tag","embeddable":true,"href":"https:\/\/www.omaec.org\/fr\/wp-json\/wp\/v2\/tags?post=4875"}],"curies":[{"name":"wp","href":"https:\/\/api.w.org\/{rel}","templated":true}]}}