{"id":4828,"date":"2020-12-11T20:42:37","date_gmt":"2020-12-11T19:42:37","guid":{"rendered":"http:\/\/omaec.org\/?p=4828"},"modified":"2020-12-11T20:52:44","modified_gmt":"2020-12-11T19:52:44","slug":"nou-connaissons-alfonso-giraldo-saavedra","status":"publish","type":"post","link":"https:\/\/www.omaec.org\/fr\/nou-connaissons-alfonso-giraldo-saavedra\/","title":{"rendered":"Nou connaissons ALFONSO GIRALDO SAAVEDRA"},"content":{"rendered":"<p><strong>Alfonso Giraldo Saavedra, nouveau pr\u00e9sident de l&rsquo;OMAEC, \u00e9lu lors de l&rsquo;assembl\u00e9e g\u00e9n\u00e9rale du 28 novembre 2020<\/strong><\/p>\n<p>De nationalit\u00e9 colombienne, n\u00e9 le 5 juillet 1960.\u00a0Il est mari\u00e9 avec deux fils. Il parle espagnol et italien.<\/p>\n<p>Ancien \u00e9l\u00e8ve du Coll\u00e8ge sal\u00e9sien de L\u00e9on XIII de Bogota, promotion 1979.<\/p>\n<p>Avocat dipl\u00f4m\u00e9 de l\u2019Universit\u00e9 Santo Tom\u00e1s de Bogota, 1988. Sp\u00e9cialiste en droit public compar\u00e9 \u00e0 l\u2019Institut d\u2019\u00e9tudes europ\u00e9ennes de Turin, Italie, 1990. Sp\u00e9cialiste en droit public, Universit\u00e9 nationale de Colombie, 1993 Sp\u00e9cialiste de l\u2019enseignement universitaire \u00e0 l\u2019Universit\u00e9 Santo Tom\u00e1s de Bogota, 2002. Magist\u00e8re en droit p\u00e9nal de l\u2019Universit\u00e9 Santo Tom\u00e1s de Bogota, 2017 A exerc\u00e9 sa profession d\u2019avocat dans le secteur public ; au Congr\u00e8s de la R\u00e9publique, comme conseiller et contractant et, au cours des 20 derni\u00e8res ann\u00e9es, au Bureau du Procureur g\u00e9n\u00e9ral de la Nation, exer\u00e7ant les fonctions de professionnel sp\u00e9cialis\u00e9, directeur et chef de la Division nationale des enqu\u00eates de police judiciaire, Directeur de section du Bureau du Procureur de la ville de Santa Marta, Expert fiscal \u00e0 la Direction nationale de lutte contre le blanchiment d\u2019argent et actuellement dans le groupe sp\u00e9cial de l\u2019affaire Odebrecht au Bureau du Procureur d\u00e9l\u00e9gu\u00e9 \u00e0 la Cour Supr\u00eame de Justice.<\/p>\n<p>En parall\u00e8le avec son exercice professionnel, il a \u0153uvr\u00e9 pendant un peu plus de 15 ans dans l\u2019enseignement, en commen\u00e7ant dans un coll\u00e8ge secondaire et passant par plusieurs universit\u00e9s du pays. Il assume son travail au sein des anciens \u00e9l\u00e8ves des Sal\u00e9siens comme une vocation et cela depuis les ann\u00e9es quatre-vingt. Il est actuellement pr\u00e9sident de l\u2019Association des anciens \u00e9l\u00e8ves des Sal\u00e9siens de la Province de Bogota. Correspondant de l\u2019OMAEC en Colombie, il a \u00e9t\u00e9 \u00e9lu en octobre 2017 \u00e0 Rome, pr\u00e9sident de l\u2019UNAEC-Am\u00e9rique, Union am\u00e9ricaine des anciens \u00e9l\u00e8ves de l\u2019\u00e9ducation catholique, ce qui lui a donn\u00e9 le droit de devenir vice-pr\u00e9sident de l\u2019OMAEC.<\/p>\n<p>&nbsp;<\/p>\n","protected":false},"excerpt":{"rendered":"<p>Alfonso Giraldo Saavedra, nouveau pr\u00e9sident de l&rsquo;OMAEC, \u00e9lu lors de l&rsquo;assembl\u00e9e g\u00e9n\u00e9rale du 28 novembre 2020 De nationalit\u00e9 colombienne, n\u00e9 le 5 juillet 1960.\u00a0Il est mari\u00e9 avec deux fils. Il parle espagnol et italien. Ancien \u00e9l\u00e8ve du Coll\u00e8ge sal\u00e9sien de L\u00e9on XIII de Bogota, promotion 1979. Avocat dipl\u00f4m\u00e9 de l\u2019Universit\u00e9 Santo Tom\u00e1s de Bogota, 1988. <a href=\"https:\/\/www.omaec.org\/fr\/nou-connaissons-alfonso-giraldo-saavedra\/\" rel=\"nofollow\">(more&#8230;)<\/a><\/p>\n","protected":false},"author":1,"featured_media":4826,"comment_status":"closed","ping_status":"open","sticky":false,"template":"","format":"standard","meta":{"footnotes":""},"categories":[50],"tags":[],"class_list":["post-4828","post","type-post","status-publish","format-standard","has-post-thumbnail","hentry","category-messages-fr"],"acf":[],"yoast_head":"<!-- This site is optimized with the Yoast SEO plugin v20.11 - https:\/\/yoast.com\/wordpress\/plugins\/seo\/ -->\n<title>Nou connaissons ALFONSO GIRALDO SAAVEDRA - Organizaci\u00f3n Mundial de Antiguos Alumnos de la Educaci\u00f3n Cat\u00f3lica<\/title>\n<meta name=\"robots\" content=\"index, follow, max-snippet:-1, max-image-preview:large, max-video-preview:-1\" \/>\n<link rel=\"canonical\" href=\"https:\/\/www.omaec.org\/conozcamos-a-alfonso-giraldo-saavedra\/\" \/>\n<meta property=\"og:locale\" content=\"fr_FR\" \/>\n<meta property=\"og:type\" content=\"article\" \/>\n<meta property=\"og:title\" content=\"Nou connaissons ALFONSO GIRALDO SAAVEDRA - Organizaci\u00f3n Mundial de Antiguos Alumnos de la Educaci\u00f3n Cat\u00f3lica\" \/>\n<meta property=\"og:description\" content=\"Alfonso Giraldo Saavedra, nouveau pr\u00e9sident de l&rsquo;OMAEC, \u00e9lu lors de l&rsquo;assembl\u00e9e g\u00e9n\u00e9rale du 28 novembre 2020 De nationalit\u00e9 colombienne, n\u00e9 le 5 juillet 1960.\u00a0Il est mari\u00e9 avec deux fils. Il parle espagnol et italien. Ancien \u00e9l\u00e8ve du Coll\u00e8ge sal\u00e9sien de L\u00e9on XIII de Bogota, promotion 1979. Avocat dipl\u00f4m\u00e9 de l\u2019Universit\u00e9 Santo Tom\u00e1s de Bogota, 1988. (more...)\" \/>\n<meta property=\"og:url\" content=\"https:\/\/www.omaec.org\/conozcamos-a-alfonso-giraldo-saavedra\/\" \/>\n<meta property=\"og:site_name\" content=\"Organizaci\u00f3n Mundial de Antiguos Alumnos de la Educaci\u00f3n Cat\u00f3lica\" \/>\n<meta property=\"article:published_time\" content=\"2020-12-11T19:42:37+00:00\" \/>\n<meta property=\"article:modified_time\" content=\"2020-12-11T19:52:44+00:00\" \/>\n<meta property=\"og:image\" content=\"https:\/\/www.omaec.org\/wp-content\/uploads\/2020\/12\/Alf.jpg\" \/>\n\t<meta property=\"og:image:width\" content=\"2617\" \/>\n\t<meta property=\"og:image:height\" content=\"2617\" \/>\n\t<meta property=\"og:image:type\" content=\"image\/jpeg\" \/>\n<meta name=\"author\" content=\"Secretario General\" \/>\n<meta name=\"twitter:card\" content=\"summary_large_image\" \/>\n<meta name=\"twitter:label1\" content=\"\u00c9crit par\" \/>\n\t<meta name=\"twitter:data1\" content=\"Secretario General\" \/>\n\t<meta name=\"twitter:label2\" content=\"Dur\u00e9e de lecture estim\u00e9e\" \/>\n\t<meta name=\"twitter:data2\" content=\"2 minutes\" \/>\n<script type=\"application\/ld+json\" class=\"yoast-schema-graph\">{\"@context\":\"https:\/\/schema.org\",\"@graph\":[{\"@type\":\"Article\",\"@id\":\"https:\/\/www.omaec.org\/conozcamos-a-alfonso-giraldo-saavedra\/#article\",\"isPartOf\":{\"@id\":\"https:\/\/www.omaec.org\/conozcamos-a-alfonso-giraldo-saavedra\/\"},\"author\":{\"name\":\"Secretario General\",\"@id\":\"https:\/\/www.omaec.org\/#\/schema\/person\/b6995e5c4038e3cf602f2bb958068c35\"},\"headline\":\"Nou connaissons ALFONSO GIRALDO SAAVEDRA\",\"datePublished\":\"2020-12-11T19:42:37+00:00\",\"dateModified\":\"2020-12-11T19:52:44+00:00\",\"mainEntityOfPage\":{\"@id\":\"https:\/\/www.omaec.org\/conozcamos-a-alfonso-giraldo-saavedra\/\"},\"wordCount\":351,\"publisher\":{\"@id\":\"https:\/\/www.omaec.org\/#organization\"},\"articleSection\":[\"Messages\"],\"inLanguage\":\"fr-FR\"},{\"@type\":\"WebPage\",\"@id\":\"https:\/\/www.omaec.org\/conozcamos-a-alfonso-giraldo-saavedra\/\",\"url\":\"https:\/\/www.omaec.org\/conozcamos-a-alfonso-giraldo-saavedra\/\",\"name\":\"Nou connaissons ALFONSO GIRALDO SAAVEDRA - Organizaci\u00f3n Mundial de Antiguos Alumnos de la Educaci\u00f3n Cat\u00f3lica\",\"isPartOf\":{\"@id\":\"https:\/\/www.omaec.org\/#website\"},\"datePublished\":\"2020-12-11T19:42:37+00:00\",\"dateModified\":\"2020-12-11T19:52:44+00:00\",\"breadcrumb\":{\"@id\":\"https:\/\/www.omaec.org\/conozcamos-a-alfonso-giraldo-saavedra\/#breadcrumb\"},\"inLanguage\":\"fr-FR\",\"potentialAction\":[{\"@type\":\"ReadAction\",\"target\":[\"https:\/\/www.omaec.org\/conozcamos-a-alfonso-giraldo-saavedra\/\"]}]},{\"@type\":\"BreadcrumbList\",\"@id\":\"https:\/\/www.omaec.org\/conozcamos-a-alfonso-giraldo-saavedra\/#breadcrumb\",\"itemListElement\":[{\"@type\":\"ListItem\",\"position\":1,\"name\":\"Portada\",\"item\":\"https:\/\/www.omaec.org\/fr\/\"},{\"@type\":\"ListItem\",\"position\":2,\"name\":\"Nou connaissons ALFONSO GIRALDO SAAVEDRA\"}]},{\"@type\":\"WebSite\",\"@id\":\"https:\/\/www.omaec.org\/#website\",\"url\":\"https:\/\/www.omaec.org\/\",\"name\":\"Organizaci\u00f3n Mundial de Antiguos Alumnos de la Educaci\u00f3n Cat\u00f3lica\",\"description\":\"OMAEC\",\"publisher\":{\"@id\":\"https:\/\/www.omaec.org\/#organization\"},\"potentialAction\":[{\"@type\":\"SearchAction\",\"target\":{\"@type\":\"EntryPoint\",\"urlTemplate\":\"https:\/\/www.omaec.org\/?s={search_term_string}\"},\"query-input\":\"required name=search_term_string\"}],\"inLanguage\":\"fr-FR\"},{\"@type\":\"Organization\",\"@id\":\"https:\/\/www.omaec.org\/#organization\",\"name\":\"Organizaci\u00f3n Mundial de Antiguos Alumnos de la Educaci\u00f3n Cat\u00f3lica\",\"url\":\"https:\/\/www.omaec.org\/\",\"logo\":{\"@type\":\"ImageObject\",\"inLanguage\":\"fr-FR\",\"@id\":\"https:\/\/www.omaec.org\/#\/schema\/logo\/image\/\",\"url\":\"https:\/\/www.omaec.org\/wp-content\/uploads\/2021\/06\/OMAEC-LOGO-OFICIAL.jpg\",\"contentUrl\":\"https:\/\/www.omaec.org\/wp-content\/uploads\/2021\/06\/OMAEC-LOGO-OFICIAL.jpg\",\"width\":525,\"height\":452,\"caption\":\"Organizaci\u00f3n Mundial de Antiguos  Alumnos de la Educaci\u00f3n Cat\u00f3lica\"},\"image\":{\"@id\":\"https:\/\/www.omaec.org\/#\/schema\/logo\/image\/\"}},{\"@type\":\"Person\",\"@id\":\"https:\/\/www.omaec.org\/#\/schema\/person\/b6995e5c4038e3cf602f2bb958068c35\",\"name\":\"Secretario General\",\"image\":{\"@type\":\"ImageObject\",\"inLanguage\":\"fr-FR\",\"@id\":\"https:\/\/www.omaec.org\/#\/schema\/person\/image\/\",\"url\":\"https:\/\/www.omaec.org\/wp-content\/uploads\/2025\/03\/FOTO-GUILLERMO-GUTIERREZ-PIRAQUIVE-OMAEC-96x96.jpg\",\"contentUrl\":\"https:\/\/www.omaec.org\/wp-content\/uploads\/2025\/03\/FOTO-GUILLERMO-GUTIERREZ-PIRAQUIVE-OMAEC-96x96.jpg\",\"caption\":\"Secretario General\"},\"description\":\"EXPERIENCIA LABORAL: SERVICIO NACIONAL DE APRENDIZAJE-SENA Regional Bogot\u00e1. Centro de Gesti\u00f3n de Mercados, Log\u00edstica y Tecnolog\u00edas de la Informaci\u00f3n. \u00b7Instructor de Mercadeo. SERVICIO NACIONAL DE APRENDIZAJE-SENA Regional Bogot\u00e1. Centro de Gesti\u00f3n Administrativa. \u00b7Instructor de Ventas. ARTESAN\u00cdAS DE COLOMBIA. \u00b7Administrador Centro Artesanal La Chamba (Tolima). PROGRAMADORA TELECULTURALES. \u00b7Asistente de Direcci\u00f3n AGENCIAS DE PUBLICIDAD: REP Y MASTER \u00b7Jefe de Medios SANCHO PUBLICIDAD \u00b7Jefe de Tr\u00e1fico. LEO BURNETT \u00b7Asistente de Medios. EDUCACION: \u00b7FUNDACI\u00d3N UNIVERSITARIA SALESIANA Diplomado en Salesianidad. \u00b7POLIT\u00c9CNICO GRANCOLOMBIANO Especializaci\u00f3n en Gerencia de Mercadeo. \u00b7UNIVERSIDAD NACIONAL ABIERTA Y A DISTANCIA Administraci\u00f3n de Empresas. \u00b7SERVICIO NACIONAL DE APRENDIZAJE-SENA Mercadotecnia. \u00b7UNIVERSIDAD CENTRAL Publicidad. \u00b7COLEGIO SALESIANO DE LE\u00d3N XIII Bachiller Acad\u00e9mico. EXPERIENCIA EXALUMNAL: ASOCIACI\u00d3N DE EXALUMNOS SDB-AEXSDBINSPECTOR\u00cdA SAN PEDRO CLAVER Presidente Sexenio 2021-2027. \u00b7ASOCIACI\u00d3N DE EXALUMNOS SDB-AEXSDBINSPECTOR\u00cdA SAN PEDRO CLAVER Vicepresidente Sexenio 2015-2021. \u00b7COLEGIO SALESIANO DE LE\u00d3N XIII. L\u00edder Promoci\u00f3n 1969. EXALUMNAL\",\"url\":\"https:\/\/www.omaec.org\/fr\/author\/omaec-admin\/\"}]}<\/script>\n<!-- \/ Yoast SEO plugin. -->","yoast_head_json":{"title":"Nou connaissons ALFONSO GIRALDO SAAVEDRA - Organizaci\u00f3n Mundial de Antiguos Alumnos de la Educaci\u00f3n Cat\u00f3lica","robots":{"index":"index","follow":"follow","max-snippet":"max-snippet:-1","max-image-preview":"max-image-preview:large","max-video-preview":"max-video-preview:-1"},"canonical":"https:\/\/www.omaec.org\/conozcamos-a-alfonso-giraldo-saavedra\/","og_locale":"fr_FR","og_type":"article","og_title":"Nou connaissons ALFONSO GIRALDO SAAVEDRA - Organizaci\u00f3n Mundial de Antiguos Alumnos de la Educaci\u00f3n Cat\u00f3lica","og_description":"Alfonso Giraldo Saavedra, nouveau pr\u00e9sident de l&rsquo;OMAEC, \u00e9lu lors de l&rsquo;assembl\u00e9e g\u00e9n\u00e9rale du 28 novembre 2020 De nationalit\u00e9 colombienne, n\u00e9 le 5 juillet 1960.\u00a0Il est mari\u00e9 avec deux fils. Il parle espagnol et italien. Ancien \u00e9l\u00e8ve du Coll\u00e8ge sal\u00e9sien de L\u00e9on XIII de Bogota, promotion 1979. Avocat dipl\u00f4m\u00e9 de l\u2019Universit\u00e9 Santo Tom\u00e1s de Bogota, 1988. (more...)","og_url":"https:\/\/www.omaec.org\/conozcamos-a-alfonso-giraldo-saavedra\/","og_site_name":"Organizaci\u00f3n Mundial de Antiguos Alumnos de la Educaci\u00f3n Cat\u00f3lica","article_published_time":"2020-12-11T19:42:37+00:00","article_modified_time":"2020-12-11T19:52:44+00:00","og_image":[{"width":2617,"height":2617,"url":"https:\/\/www.omaec.org\/wp-content\/uploads\/2020\/12\/Alf.jpg","type":"image\/jpeg"}],"author":"Secretario General","twitter_card":"summary_large_image","twitter_misc":{"\u00c9crit par":"Secretario General","Dur\u00e9e de lecture estim\u00e9e":"2 minutes"},"schema":{"@context":"https:\/\/schema.org","@graph":[{"@type":"Article","@id":"https:\/\/www.omaec.org\/conozcamos-a-alfonso-giraldo-saavedra\/#article","isPartOf":{"@id":"https:\/\/www.omaec.org\/conozcamos-a-alfonso-giraldo-saavedra\/"},"author":{"name":"Secretario General","@id":"https:\/\/www.omaec.org\/#\/schema\/person\/b6995e5c4038e3cf602f2bb958068c35"},"headline":"Nou connaissons ALFONSO GIRALDO SAAVEDRA","datePublished":"2020-12-11T19:42:37+00:00","dateModified":"2020-12-11T19:52:44+00:00","mainEntityOfPage":{"@id":"https:\/\/www.omaec.org\/conozcamos-a-alfonso-giraldo-saavedra\/"},"wordCount":351,"publisher":{"@id":"https:\/\/www.omaec.org\/#organization"},"articleSection":["Messages"],"inLanguage":"fr-FR"},{"@type":"WebPage","@id":"https:\/\/www.omaec.org\/conozcamos-a-alfonso-giraldo-saavedra\/","url":"https:\/\/www.omaec.org\/conozcamos-a-alfonso-giraldo-saavedra\/","name":"Nou connaissons ALFONSO GIRALDO SAAVEDRA - Organizaci\u00f3n Mundial de Antiguos Alumnos de la Educaci\u00f3n Cat\u00f3lica","isPartOf":{"@id":"https:\/\/www.omaec.org\/#website"},"datePublished":"2020-12-11T19:42:37+00:00","dateModified":"2020-12-11T19:52:44+00:00","breadcrumb":{"@id":"https:\/\/www.omaec.org\/conozcamos-a-alfonso-giraldo-saavedra\/#breadcrumb"},"inLanguage":"fr-FR","potentialAction":[{"@type":"ReadAction","target":["https:\/\/www.omaec.org\/conozcamos-a-alfonso-giraldo-saavedra\/"]}]},{"@type":"BreadcrumbList","@id":"https:\/\/www.omaec.org\/conozcamos-a-alfonso-giraldo-saavedra\/#breadcrumb","itemListElement":[{"@type":"ListItem","position":1,"name":"Portada","item":"https:\/\/www.omaec.org\/fr\/"},{"@type":"ListItem","position":2,"name":"Nou connaissons ALFONSO GIRALDO SAAVEDRA"}]},{"@type":"WebSite","@id":"https:\/\/www.omaec.org\/#website","url":"https:\/\/www.omaec.org\/","name":"Organizaci\u00f3n Mundial de Antiguos Alumnos de la Educaci\u00f3n Cat\u00f3lica","description":"OMAEC","publisher":{"@id":"https:\/\/www.omaec.org\/#organization"},"potentialAction":[{"@type":"SearchAction","target":{"@type":"EntryPoint","urlTemplate":"https:\/\/www.omaec.org\/?s={search_term_string}"},"query-input":"required name=search_term_string"}],"inLanguage":"fr-FR"},{"@type":"Organization","@id":"https:\/\/www.omaec.org\/#organization","name":"Organizaci\u00f3n Mundial de Antiguos Alumnos de la Educaci\u00f3n Cat\u00f3lica","url":"https:\/\/www.omaec.org\/","logo":{"@type":"ImageObject","inLanguage":"fr-FR","@id":"https:\/\/www.omaec.org\/#\/schema\/logo\/image\/","url":"https:\/\/www.omaec.org\/wp-content\/uploads\/2021\/06\/OMAEC-LOGO-OFICIAL.jpg","contentUrl":"https:\/\/www.omaec.org\/wp-content\/uploads\/2021\/06\/OMAEC-LOGO-OFICIAL.jpg","width":525,"height":452,"caption":"Organizaci\u00f3n Mundial de Antiguos  Alumnos de la Educaci\u00f3n Cat\u00f3lica"},"image":{"@id":"https:\/\/www.omaec.org\/#\/schema\/logo\/image\/"}},{"@type":"Person","@id":"https:\/\/www.omaec.org\/#\/schema\/person\/b6995e5c4038e3cf602f2bb958068c35","name":"Secretario General","image":{"@type":"ImageObject","inLanguage":"fr-FR","@id":"https:\/\/www.omaec.org\/#\/schema\/person\/image\/","url":"https:\/\/www.omaec.org\/wp-content\/uploads\/2025\/03\/FOTO-GUILLERMO-GUTIERREZ-PIRAQUIVE-OMAEC-96x96.jpg","contentUrl":"https:\/\/www.omaec.org\/wp-content\/uploads\/2025\/03\/FOTO-GUILLERMO-GUTIERREZ-PIRAQUIVE-OMAEC-96x96.jpg","caption":"Secretario General"},"description":"EXPERIENCIA LABORAL: SERVICIO NACIONAL DE APRENDIZAJE-SENA Regional Bogot\u00e1. Centro de Gesti\u00f3n de Mercados, Log\u00edstica y Tecnolog\u00edas de la Informaci\u00f3n. \u00b7Instructor de Mercadeo. SERVICIO NACIONAL DE APRENDIZAJE-SENA Regional Bogot\u00e1. Centro de Gesti\u00f3n Administrativa. \u00b7Instructor de Ventas. ARTESAN\u00cdAS DE COLOMBIA. \u00b7Administrador Centro Artesanal La Chamba (Tolima). PROGRAMADORA TELECULTURALES. \u00b7Asistente de Direcci\u00f3n AGENCIAS DE PUBLICIDAD: REP Y MASTER \u00b7Jefe de Medios SANCHO PUBLICIDAD \u00b7Jefe de Tr\u00e1fico. LEO BURNETT \u00b7Asistente de Medios. EDUCACION: \u00b7FUNDACI\u00d3N UNIVERSITARIA SALESIANA Diplomado en Salesianidad. \u00b7POLIT\u00c9CNICO GRANCOLOMBIANO Especializaci\u00f3n en Gerencia de Mercadeo. \u00b7UNIVERSIDAD NACIONAL ABIERTA Y A DISTANCIA Administraci\u00f3n de Empresas. \u00b7SERVICIO NACIONAL DE APRENDIZAJE-SENA Mercadotecnia. \u00b7UNIVERSIDAD CENTRAL Publicidad. \u00b7COLEGIO SALESIANO DE LE\u00d3N XIII Bachiller Acad\u00e9mico. EXPERIENCIA EXALUMNAL: ASOCIACI\u00d3N DE EXALUMNOS SDB-AEXSDBINSPECTOR\u00cdA SAN PEDRO CLAVER Presidente Sexenio 2021-2027. \u00b7ASOCIACI\u00d3N DE EXALUMNOS SDB-AEXSDBINSPECTOR\u00cdA SAN PEDRO CLAVER Vicepresidente Sexenio 2015-2021. \u00b7COLEGIO SALESIANO DE LE\u00d3N XIII. L\u00edder Promoci\u00f3n 1969. EXALUMNAL","url":"https:\/\/www.omaec.org\/fr\/author\/omaec-admin\/"}]}},"_links":{"self":[{"href":"https:\/\/www.omaec.org\/fr\/wp-json\/wp\/v2\/posts\/4828","targetHints":{"allow":["GET"]}}],"collection":[{"href":"https:\/\/www.omaec.org\/fr\/wp-json\/wp\/v2\/posts"}],"about":[{"href":"https:\/\/www.omaec.org\/fr\/wp-json\/wp\/v2\/types\/post"}],"author":[{"embeddable":true,"href":"https:\/\/www.omaec.org\/fr\/wp-json\/wp\/v2\/users\/1"}],"replies":[{"embeddable":true,"href":"https:\/\/www.omaec.org\/fr\/wp-json\/wp\/v2\/comments?post=4828"}],"version-history":[{"count":1,"href":"https:\/\/www.omaec.org\/fr\/wp-json\/wp\/v2\/posts\/4828\/revisions"}],"predecessor-version":[{"id":4830,"href":"https:\/\/www.omaec.org\/fr\/wp-json\/wp\/v2\/posts\/4828\/revisions\/4830"}],"wp:featuredmedia":[{"embeddable":true,"href":"https:\/\/www.omaec.org\/fr\/wp-json\/wp\/v2\/media\/4826"}],"wp:attachment":[{"href":"https:\/\/www.omaec.org\/fr\/wp-json\/wp\/v2\/media?parent=4828"}],"wp:term":[{"taxonomy":"category","embeddable":true,"href":"https:\/\/www.omaec.org\/fr\/wp-json\/wp\/v2\/categories?post=4828"},{"taxonomy":"post_tag","embeddable":true,"href":"https:\/\/www.omaec.org\/fr\/wp-json\/wp\/v2\/tags?post=4828"}],"curies":[{"name":"wp","href":"https:\/\/api.w.org\/{rel}","templated":true}]}}