{"id":4791,"date":"2020-12-03T10:34:20","date_gmt":"2020-12-03T09:34:20","guid":{"rendered":"http:\/\/omaec.org\/?p=4791"},"modified":"2020-12-03T10:34:20","modified_gmt":"2020-12-03T09:34:20","slug":"message-du-president-de-lomaec","status":"publish","type":"post","link":"https:\/\/www.omaec.org\/fr\/message-du-president-de-lomaec\/","title":{"rendered":"MESSAGE DU PR\u00c9SIDENT DE L\u2019OMAEC"},"content":{"rendered":"<p class=\"western\" align=\"center\"><span style=\"font-family: Arial, sans-serif;\"><b>MESSAGE DU PR<\/b><b>\u00c9<\/b><b>SIDENT DE L\u2019OMAEC, ALFONSO GIRALDO SAAVEDRA<\/b><\/span><\/p>\n<p class=\"western\" align=\"justify\"><span style=\"font-family: Arial, sans-serif;\"><span lang=\"fr-FR\">Mon premier message d&rsquo;appr\u00e9ciation et de gratitude en tant que nouveau pr\u00e9sident de l&rsquo;OMAEC s&rsquo;adresse \u00e0 chacun d&rsquo;entre vous et aux diff\u00e9rentes organisations que vous repr\u00e9sentez, votre participation et votre engagement \u00e0 cette Assembl\u00e9e ont \u00e9t\u00e9 essentiels pour sa r\u00e9ussite.<a href=\"http:\/\/omaec.org\/wp-content\/uploads\/2020\/12\/cuadrado-IMG_7929.jpg\" rel=\"attachment wp-att-4789\"><img loading=\"lazy\" decoding=\"async\" class=\" wp-image-4789 alignleft\" src=\"http:\/\/omaec.org\/wp-content\/uploads\/2020\/12\/cuadrado-IMG_7929-300x300.jpg\" alt=\"cuadrado IMG_7929\" width=\"235\" height=\"235\" srcset=\"https:\/\/www.omaec.org\/wp-content\/uploads\/2020\/12\/cuadrado-IMG_7929-300x300.jpg 300w, https:\/\/www.omaec.org\/wp-content\/uploads\/2020\/12\/cuadrado-IMG_7929-150x150.jpg 150w, https:\/\/www.omaec.org\/wp-content\/uploads\/2020\/12\/cuadrado-IMG_7929-768x768.jpg 768w, https:\/\/www.omaec.org\/wp-content\/uploads\/2020\/12\/cuadrado-IMG_7929-1024x1024.jpg 1024w, https:\/\/www.omaec.org\/wp-content\/uploads\/2020\/12\/cuadrado-IMG_7929-600x600.jpg 600w, https:\/\/www.omaec.org\/wp-content\/uploads\/2020\/12\/cuadrado-IMG_7929-400x400.jpg 400w, https:\/\/www.omaec.org\/wp-content\/uploads\/2020\/12\/cuadrado-IMG_7929-75x75.jpg 75w, https:\/\/www.omaec.org\/wp-content\/uploads\/2020\/12\/cuadrado-IMG_7929-60x60.jpg 60w\" sizes=\"auto, (max-width: 235px) 100vw, 235px\" \/><\/a><\/span><\/span><\/p>\n<p class=\"western\" align=\"justify\"><span style=\"font-family: Arial, sans-serif;\"><span lang=\"fr-FR\">De m\u00eame, mes salutations et ma gratitude \u00e0 <strong>Jos\u00e9 Antonio Cecilia<\/strong> et <strong>Jos\u00e9 Ram\u00f3n Batiste<\/strong>, leur d\u00e9vouement g\u00e9n\u00e9reux ont certainement permis de faire de cette Assembl\u00e9e un exemple d&rsquo;organisation et d&rsquo;efficacit\u00e9, ainsi qu&rsquo;\u00e0 <strong>Angel Gudi\u00f1a<\/strong> qui a fait un excellent travail de mod\u00e9ration et de traduction.<\/span><\/span><\/p>\n<p class=\"western\" align=\"justify\"><span style=\"font-family: Arial, sans-serif;\"><span lang=\"fr-FR\">\u00c0<\/span><span lang=\"fr-FR\"><strong> Monseigneur Luis Arguello<\/strong>, Assistant eccl\u00e9siastique, toute ma consid\u00e9ration pour sa direction spirituelle et sa transparence dans le contr\u00f4le du vote.<\/span><\/span><\/p>\n<p class=\"western\" align=\"justify\"><span style=\"font-family: Arial, sans-serif;\"><span lang=\"fr-FR\">Je vous suis profond\u00e9ment reconnaissant pour ce vote de confiance imm\u00e9rit\u00e9 que vous m\u2019avez offert pour diriger, pour les trois prochaines ann\u00e9es, cette institution si importante pour l\u2019humanit\u00e9 et je demande au Seigneur que, avec ses lumi\u00e8res, l\u2019amour de Marie Auxiliatrice et l\u2019unit\u00e9 de tous, nous portions<strong> l\u2019OMAEC<\/strong> \u00e0 bon port.<\/span><\/span><\/p>\n<p class=\"western\" align=\"justify\"><span style=\"font-family: Arial, sans-serif;\"><span lang=\"fr-FR\">Je m\u2019appr\u00eate \u00e0 constituer une \u00e9quipe de collaborateurs efficaces et capables de relever les d\u00e9fis que nous avons pos\u00e9s (renforcer la participation des jeunes, encourager la cr\u00e9ation de nouvelles conf\u00e9d\u00e9rations nationales, utiliser les moyens virtuels pour nous relier, entre autres, conna\u00eetre les diff\u00e9rents charismes de nos congr\u00e9gations, etc.). Nous allons continuer et renforcer ce qui est en marche et rectifier ce qui peut nous arr\u00eater.<\/span><\/span><\/p>\n<p class=\"western\" align=\"justify\"><span style=\"font-family: Arial, sans-serif;\"><span lang=\"fr-FR\">Cette pand\u00e9mie ne nous a pas arr\u00eat\u00e9s et ne pourra pas le faire ! La grande le\u00e7on qu\u2019elle nous laisse, c\u2019est le besoin que nous avons les uns des autres et, comme anciens \u00e9l\u00e8ves de l\u2019enseignement catholique, nous avons un imp\u00e9ratif\u00a0: t\u00e9moigner de la foi que nous professons \u00e0 travers une charit\u00e9 vivante et agissante dans le d\u00e9vouement g\u00e9n\u00e9reux envers les plus n\u00e9cessiteux, qui ont besoin non seulement de ressources \u00e9conomiques, mais aussi d\u2019affection et de compr\u00e9hension. Nous pourrons ainsi cr\u00e9er un monde plus fraternel.<\/span><\/span><\/p>\n<p class=\"western\" align=\"justify\"><span style=\"font-family: Arial, sans-serif;\"><span lang=\"fr-FR\">Je me mets \u00e0 son service et je vous souhaite qu\u2019en ce temps d\u2019attente o\u00f9 tout peut \u00eatre rempli de bont\u00e9 et de g\u00e9n\u00e9rosit\u00e9, notre c\u0153ur devienne le <strong>Christ migrant et souffrant<\/strong> que nous voyons errer dans les rues de nos villes.<\/span><\/span><\/p>\n<p class=\"western\" align=\"justify\"><span style=\"font-family: Arial, sans-serif;\"><span lang=\"fr-FR\"><br \/>\nAvec toute mon affection.<\/span><\/span><\/p>\n","protected":false},"excerpt":{"rendered":"<p>MESSAGE DU PR\u00c9SIDENT DE L\u2019OMAEC, ALFONSO GIRALDO SAAVEDRA Mon premier message d&rsquo;appr\u00e9ciation et de gratitude en tant que nouveau pr\u00e9sident de l&rsquo;OMAEC s&rsquo;adresse \u00e0 chacun d&rsquo;entre vous et aux diff\u00e9rentes organisations que vous repr\u00e9sentez, votre participation et votre engagement \u00e0 cette Assembl\u00e9e ont \u00e9t\u00e9 essentiels pour sa r\u00e9ussite. De m\u00eame, mes salutations et ma gratitude <a href=\"https:\/\/www.omaec.org\/fr\/message-du-president-de-lomaec\/\" rel=\"nofollow\">(more&#8230;)<\/a><\/p>\n","protected":false},"author":1,"featured_media":4786,"comment_status":"closed","ping_status":"open","sticky":false,"template":"","format":"standard","meta":{"footnotes":""},"categories":[50],"tags":[],"class_list":["post-4791","post","type-post","status-publish","format-standard","has-post-thumbnail","hentry","category-messages-fr"],"acf":[],"yoast_head":"<!-- This site is optimized with the Yoast SEO plugin v20.11 - https:\/\/yoast.com\/wordpress\/plugins\/seo\/ -->\n<title>MESSAGE DU PR\u00c9SIDENT DE L\u2019OMAEC - Organizaci\u00f3n Mundial de Antiguos Alumnos de la Educaci\u00f3n Cat\u00f3lica<\/title>\n<meta name=\"robots\" content=\"index, follow, max-snippet:-1, max-image-preview:large, max-video-preview:-1\" \/>\n<link rel=\"canonical\" href=\"https:\/\/www.omaec.org\/mensaje-del-presidente\/\" \/>\n<meta property=\"og:locale\" content=\"fr_FR\" \/>\n<meta property=\"og:type\" content=\"article\" \/>\n<meta property=\"og:title\" content=\"MESSAGE DU PR\u00c9SIDENT DE L\u2019OMAEC - Organizaci\u00f3n Mundial de Antiguos Alumnos de la Educaci\u00f3n Cat\u00f3lica\" \/>\n<meta property=\"og:description\" content=\"MESSAGE DU PR\u00c9SIDENT DE L\u2019OMAEC, ALFONSO GIRALDO SAAVEDRA Mon premier message d&rsquo;appr\u00e9ciation et de gratitude en tant que nouveau pr\u00e9sident de l&rsquo;OMAEC s&rsquo;adresse \u00e0 chacun d&rsquo;entre vous et aux diff\u00e9rentes organisations que vous repr\u00e9sentez, votre participation et votre engagement \u00e0 cette Assembl\u00e9e ont \u00e9t\u00e9 essentiels pour sa r\u00e9ussite. De m\u00eame, mes salutations et ma gratitude (more...)\" \/>\n<meta property=\"og:url\" content=\"https:\/\/www.omaec.org\/mensaje-del-presidente\/\" \/>\n<meta property=\"og:site_name\" content=\"Organizaci\u00f3n Mundial de Antiguos Alumnos de la Educaci\u00f3n Cat\u00f3lica\" \/>\n<meta property=\"article:published_time\" content=\"2020-12-03T09:34:20+00:00\" \/>\n<meta property=\"og:image\" content=\"https:\/\/www.omaec.org\/wp-content\/uploads\/2020\/12\/Derecho-Internacional.jpg\" \/>\n\t<meta property=\"og:image:width\" content=\"737\" \/>\n\t<meta property=\"og:image:height\" content=\"365\" \/>\n\t<meta property=\"og:image:type\" content=\"image\/jpeg\" \/>\n<meta name=\"author\" content=\"Secretario General\" \/>\n<meta name=\"twitter:card\" content=\"summary_large_image\" \/>\n<meta name=\"twitter:label1\" content=\"\u00c9crit par\" \/>\n\t<meta name=\"twitter:data1\" content=\"Secretario General\" \/>\n\t<meta name=\"twitter:label2\" content=\"Dur\u00e9e de lecture estim\u00e9e\" \/>\n\t<meta name=\"twitter:data2\" content=\"2 minutes\" \/>\n<script type=\"application\/ld+json\" class=\"yoast-schema-graph\">{\"@context\":\"https:\/\/schema.org\",\"@graph\":[{\"@type\":\"Article\",\"@id\":\"https:\/\/www.omaec.org\/mensaje-del-presidente\/#article\",\"isPartOf\":{\"@id\":\"https:\/\/www.omaec.org\/mensaje-del-presidente\/\"},\"author\":{\"name\":\"Secretario General\",\"@id\":\"https:\/\/www.omaec.org\/#\/schema\/person\/b6995e5c4038e3cf602f2bb958068c35\"},\"headline\":\"MESSAGE DU PR\u00c9SIDENT DE L\u2019OMAEC\",\"datePublished\":\"2020-12-03T09:34:20+00:00\",\"dateModified\":\"2020-12-03T09:34:20+00:00\",\"mainEntityOfPage\":{\"@id\":\"https:\/\/www.omaec.org\/mensaje-del-presidente\/\"},\"wordCount\":427,\"publisher\":{\"@id\":\"https:\/\/www.omaec.org\/#organization\"},\"articleSection\":[\"Messages\"],\"inLanguage\":\"fr-FR\"},{\"@type\":\"WebPage\",\"@id\":\"https:\/\/www.omaec.org\/mensaje-del-presidente\/\",\"url\":\"https:\/\/www.omaec.org\/mensaje-del-presidente\/\",\"name\":\"MESSAGE DU PR\u00c9SIDENT DE L\u2019OMAEC - Organizaci\u00f3n Mundial de Antiguos Alumnos de la Educaci\u00f3n Cat\u00f3lica\",\"isPartOf\":{\"@id\":\"https:\/\/www.omaec.org\/#website\"},\"datePublished\":\"2020-12-03T09:34:20+00:00\",\"dateModified\":\"2020-12-03T09:34:20+00:00\",\"breadcrumb\":{\"@id\":\"https:\/\/www.omaec.org\/mensaje-del-presidente\/#breadcrumb\"},\"inLanguage\":\"fr-FR\",\"potentialAction\":[{\"@type\":\"ReadAction\",\"target\":[\"https:\/\/www.omaec.org\/mensaje-del-presidente\/\"]}]},{\"@type\":\"BreadcrumbList\",\"@id\":\"https:\/\/www.omaec.org\/mensaje-del-presidente\/#breadcrumb\",\"itemListElement\":[{\"@type\":\"ListItem\",\"position\":1,\"name\":\"Portada\",\"item\":\"https:\/\/www.omaec.org\/fr\/\"},{\"@type\":\"ListItem\",\"position\":2,\"name\":\"MESSAGE DU PR\u00c9SIDENT DE L\u2019OMAEC\"}]},{\"@type\":\"WebSite\",\"@id\":\"https:\/\/www.omaec.org\/#website\",\"url\":\"https:\/\/www.omaec.org\/\",\"name\":\"Organizaci\u00f3n Mundial de Antiguos Alumnos de la Educaci\u00f3n Cat\u00f3lica\",\"description\":\"OMAEC\",\"publisher\":{\"@id\":\"https:\/\/www.omaec.org\/#organization\"},\"potentialAction\":[{\"@type\":\"SearchAction\",\"target\":{\"@type\":\"EntryPoint\",\"urlTemplate\":\"https:\/\/www.omaec.org\/?s={search_term_string}\"},\"query-input\":\"required name=search_term_string\"}],\"inLanguage\":\"fr-FR\"},{\"@type\":\"Organization\",\"@id\":\"https:\/\/www.omaec.org\/#organization\",\"name\":\"Organizaci\u00f3n Mundial de Antiguos Alumnos de la Educaci\u00f3n Cat\u00f3lica\",\"url\":\"https:\/\/www.omaec.org\/\",\"logo\":{\"@type\":\"ImageObject\",\"inLanguage\":\"fr-FR\",\"@id\":\"https:\/\/www.omaec.org\/#\/schema\/logo\/image\/\",\"url\":\"https:\/\/www.omaec.org\/wp-content\/uploads\/2021\/06\/OMAEC-LOGO-OFICIAL.jpg\",\"contentUrl\":\"https:\/\/www.omaec.org\/wp-content\/uploads\/2021\/06\/OMAEC-LOGO-OFICIAL.jpg\",\"width\":525,\"height\":452,\"caption\":\"Organizaci\u00f3n Mundial de Antiguos  Alumnos de la Educaci\u00f3n Cat\u00f3lica\"},\"image\":{\"@id\":\"https:\/\/www.omaec.org\/#\/schema\/logo\/image\/\"}},{\"@type\":\"Person\",\"@id\":\"https:\/\/www.omaec.org\/#\/schema\/person\/b6995e5c4038e3cf602f2bb958068c35\",\"name\":\"Secretario General\",\"image\":{\"@type\":\"ImageObject\",\"inLanguage\":\"fr-FR\",\"@id\":\"https:\/\/www.omaec.org\/#\/schema\/person\/image\/\",\"url\":\"https:\/\/www.omaec.org\/wp-content\/uploads\/2025\/03\/FOTO-GUILLERMO-GUTIERREZ-PIRAQUIVE-OMAEC-96x96.jpg\",\"contentUrl\":\"https:\/\/www.omaec.org\/wp-content\/uploads\/2025\/03\/FOTO-GUILLERMO-GUTIERREZ-PIRAQUIVE-OMAEC-96x96.jpg\",\"caption\":\"Secretario General\"},\"description\":\"EXPERIENCIA LABORAL: SERVICIO NACIONAL DE APRENDIZAJE-SENA Regional Bogot\u00e1. Centro de Gesti\u00f3n de Mercados, Log\u00edstica y Tecnolog\u00edas de la Informaci\u00f3n. \u00b7Instructor de Mercadeo. SERVICIO NACIONAL DE APRENDIZAJE-SENA Regional Bogot\u00e1. Centro de Gesti\u00f3n Administrativa. \u00b7Instructor de Ventas. ARTESAN\u00cdAS DE COLOMBIA. \u00b7Administrador Centro Artesanal La Chamba (Tolima). PROGRAMADORA TELECULTURALES. \u00b7Asistente de Direcci\u00f3n AGENCIAS DE PUBLICIDAD: REP Y MASTER \u00b7Jefe de Medios SANCHO PUBLICIDAD \u00b7Jefe de Tr\u00e1fico. LEO BURNETT \u00b7Asistente de Medios. EDUCACION: \u00b7FUNDACI\u00d3N UNIVERSITARIA SALESIANA Diplomado en Salesianidad. \u00b7POLIT\u00c9CNICO GRANCOLOMBIANO Especializaci\u00f3n en Gerencia de Mercadeo. \u00b7UNIVERSIDAD NACIONAL ABIERTA Y A DISTANCIA Administraci\u00f3n de Empresas. \u00b7SERVICIO NACIONAL DE APRENDIZAJE-SENA Mercadotecnia. \u00b7UNIVERSIDAD CENTRAL Publicidad. \u00b7COLEGIO SALESIANO DE LE\u00d3N XIII Bachiller Acad\u00e9mico. EXPERIENCIA EXALUMNAL: ASOCIACI\u00d3N DE EXALUMNOS SDB-AEXSDBINSPECTOR\u00cdA SAN PEDRO CLAVER Presidente Sexenio 2021-2027. \u00b7ASOCIACI\u00d3N DE EXALUMNOS SDB-AEXSDBINSPECTOR\u00cdA SAN PEDRO CLAVER Vicepresidente Sexenio 2015-2021. \u00b7COLEGIO SALESIANO DE LE\u00d3N XIII. L\u00edder Promoci\u00f3n 1969. EXALUMNAL\",\"url\":\"https:\/\/www.omaec.org\/fr\/author\/omaec-admin\/\"}]}<\/script>\n<!-- \/ Yoast SEO plugin. -->","yoast_head_json":{"title":"MESSAGE DU PR\u00c9SIDENT DE L\u2019OMAEC - Organizaci\u00f3n Mundial de Antiguos Alumnos de la Educaci\u00f3n Cat\u00f3lica","robots":{"index":"index","follow":"follow","max-snippet":"max-snippet:-1","max-image-preview":"max-image-preview:large","max-video-preview":"max-video-preview:-1"},"canonical":"https:\/\/www.omaec.org\/mensaje-del-presidente\/","og_locale":"fr_FR","og_type":"article","og_title":"MESSAGE DU PR\u00c9SIDENT DE L\u2019OMAEC - Organizaci\u00f3n Mundial de Antiguos Alumnos de la Educaci\u00f3n Cat\u00f3lica","og_description":"MESSAGE DU PR\u00c9SIDENT DE L\u2019OMAEC, ALFONSO GIRALDO SAAVEDRA Mon premier message d&rsquo;appr\u00e9ciation et de gratitude en tant que nouveau pr\u00e9sident de l&rsquo;OMAEC s&rsquo;adresse \u00e0 chacun d&rsquo;entre vous et aux diff\u00e9rentes organisations que vous repr\u00e9sentez, votre participation et votre engagement \u00e0 cette Assembl\u00e9e ont \u00e9t\u00e9 essentiels pour sa r\u00e9ussite. De m\u00eame, mes salutations et ma gratitude (more...)","og_url":"https:\/\/www.omaec.org\/mensaje-del-presidente\/","og_site_name":"Organizaci\u00f3n Mundial de Antiguos Alumnos de la Educaci\u00f3n Cat\u00f3lica","article_published_time":"2020-12-03T09:34:20+00:00","og_image":[{"width":737,"height":365,"url":"https:\/\/www.omaec.org\/wp-content\/uploads\/2020\/12\/Derecho-Internacional.jpg","type":"image\/jpeg"}],"author":"Secretario General","twitter_card":"summary_large_image","twitter_misc":{"\u00c9crit par":"Secretario General","Dur\u00e9e de lecture estim\u00e9e":"2 minutes"},"schema":{"@context":"https:\/\/schema.org","@graph":[{"@type":"Article","@id":"https:\/\/www.omaec.org\/mensaje-del-presidente\/#article","isPartOf":{"@id":"https:\/\/www.omaec.org\/mensaje-del-presidente\/"},"author":{"name":"Secretario General","@id":"https:\/\/www.omaec.org\/#\/schema\/person\/b6995e5c4038e3cf602f2bb958068c35"},"headline":"MESSAGE DU PR\u00c9SIDENT DE L\u2019OMAEC","datePublished":"2020-12-03T09:34:20+00:00","dateModified":"2020-12-03T09:34:20+00:00","mainEntityOfPage":{"@id":"https:\/\/www.omaec.org\/mensaje-del-presidente\/"},"wordCount":427,"publisher":{"@id":"https:\/\/www.omaec.org\/#organization"},"articleSection":["Messages"],"inLanguage":"fr-FR"},{"@type":"WebPage","@id":"https:\/\/www.omaec.org\/mensaje-del-presidente\/","url":"https:\/\/www.omaec.org\/mensaje-del-presidente\/","name":"MESSAGE DU PR\u00c9SIDENT DE L\u2019OMAEC - Organizaci\u00f3n Mundial de Antiguos Alumnos de la Educaci\u00f3n Cat\u00f3lica","isPartOf":{"@id":"https:\/\/www.omaec.org\/#website"},"datePublished":"2020-12-03T09:34:20+00:00","dateModified":"2020-12-03T09:34:20+00:00","breadcrumb":{"@id":"https:\/\/www.omaec.org\/mensaje-del-presidente\/#breadcrumb"},"inLanguage":"fr-FR","potentialAction":[{"@type":"ReadAction","target":["https:\/\/www.omaec.org\/mensaje-del-presidente\/"]}]},{"@type":"BreadcrumbList","@id":"https:\/\/www.omaec.org\/mensaje-del-presidente\/#breadcrumb","itemListElement":[{"@type":"ListItem","position":1,"name":"Portada","item":"https:\/\/www.omaec.org\/fr\/"},{"@type":"ListItem","position":2,"name":"MESSAGE DU PR\u00c9SIDENT DE L\u2019OMAEC"}]},{"@type":"WebSite","@id":"https:\/\/www.omaec.org\/#website","url":"https:\/\/www.omaec.org\/","name":"Organizaci\u00f3n Mundial de Antiguos Alumnos de la Educaci\u00f3n Cat\u00f3lica","description":"OMAEC","publisher":{"@id":"https:\/\/www.omaec.org\/#organization"},"potentialAction":[{"@type":"SearchAction","target":{"@type":"EntryPoint","urlTemplate":"https:\/\/www.omaec.org\/?s={search_term_string}"},"query-input":"required name=search_term_string"}],"inLanguage":"fr-FR"},{"@type":"Organization","@id":"https:\/\/www.omaec.org\/#organization","name":"Organizaci\u00f3n Mundial de Antiguos Alumnos de la Educaci\u00f3n Cat\u00f3lica","url":"https:\/\/www.omaec.org\/","logo":{"@type":"ImageObject","inLanguage":"fr-FR","@id":"https:\/\/www.omaec.org\/#\/schema\/logo\/image\/","url":"https:\/\/www.omaec.org\/wp-content\/uploads\/2021\/06\/OMAEC-LOGO-OFICIAL.jpg","contentUrl":"https:\/\/www.omaec.org\/wp-content\/uploads\/2021\/06\/OMAEC-LOGO-OFICIAL.jpg","width":525,"height":452,"caption":"Organizaci\u00f3n Mundial de Antiguos  Alumnos de la Educaci\u00f3n Cat\u00f3lica"},"image":{"@id":"https:\/\/www.omaec.org\/#\/schema\/logo\/image\/"}},{"@type":"Person","@id":"https:\/\/www.omaec.org\/#\/schema\/person\/b6995e5c4038e3cf602f2bb958068c35","name":"Secretario General","image":{"@type":"ImageObject","inLanguage":"fr-FR","@id":"https:\/\/www.omaec.org\/#\/schema\/person\/image\/","url":"https:\/\/www.omaec.org\/wp-content\/uploads\/2025\/03\/FOTO-GUILLERMO-GUTIERREZ-PIRAQUIVE-OMAEC-96x96.jpg","contentUrl":"https:\/\/www.omaec.org\/wp-content\/uploads\/2025\/03\/FOTO-GUILLERMO-GUTIERREZ-PIRAQUIVE-OMAEC-96x96.jpg","caption":"Secretario General"},"description":"EXPERIENCIA LABORAL: SERVICIO NACIONAL DE APRENDIZAJE-SENA Regional Bogot\u00e1. Centro de Gesti\u00f3n de Mercados, Log\u00edstica y Tecnolog\u00edas de la Informaci\u00f3n. \u00b7Instructor de Mercadeo. SERVICIO NACIONAL DE APRENDIZAJE-SENA Regional Bogot\u00e1. Centro de Gesti\u00f3n Administrativa. \u00b7Instructor de Ventas. ARTESAN\u00cdAS DE COLOMBIA. \u00b7Administrador Centro Artesanal La Chamba (Tolima). PROGRAMADORA TELECULTURALES. \u00b7Asistente de Direcci\u00f3n AGENCIAS DE PUBLICIDAD: REP Y MASTER \u00b7Jefe de Medios SANCHO PUBLICIDAD \u00b7Jefe de Tr\u00e1fico. LEO BURNETT \u00b7Asistente de Medios. EDUCACION: \u00b7FUNDACI\u00d3N UNIVERSITARIA SALESIANA Diplomado en Salesianidad. \u00b7POLIT\u00c9CNICO GRANCOLOMBIANO Especializaci\u00f3n en Gerencia de Mercadeo. \u00b7UNIVERSIDAD NACIONAL ABIERTA Y A DISTANCIA Administraci\u00f3n de Empresas. \u00b7SERVICIO NACIONAL DE APRENDIZAJE-SENA Mercadotecnia. \u00b7UNIVERSIDAD CENTRAL Publicidad. \u00b7COLEGIO SALESIANO DE LE\u00d3N XIII Bachiller Acad\u00e9mico. EXPERIENCIA EXALUMNAL: ASOCIACI\u00d3N DE EXALUMNOS SDB-AEXSDBINSPECTOR\u00cdA SAN PEDRO CLAVER Presidente Sexenio 2021-2027. \u00b7ASOCIACI\u00d3N DE EXALUMNOS SDB-AEXSDBINSPECTOR\u00cdA SAN PEDRO CLAVER Vicepresidente Sexenio 2015-2021. \u00b7COLEGIO SALESIANO DE LE\u00d3N XIII. L\u00edder Promoci\u00f3n 1969. EXALUMNAL","url":"https:\/\/www.omaec.org\/fr\/author\/omaec-admin\/"}]}},"_links":{"self":[{"href":"https:\/\/www.omaec.org\/fr\/wp-json\/wp\/v2\/posts\/4791","targetHints":{"allow":["GET"]}}],"collection":[{"href":"https:\/\/www.omaec.org\/fr\/wp-json\/wp\/v2\/posts"}],"about":[{"href":"https:\/\/www.omaec.org\/fr\/wp-json\/wp\/v2\/types\/post"}],"author":[{"embeddable":true,"href":"https:\/\/www.omaec.org\/fr\/wp-json\/wp\/v2\/users\/1"}],"replies":[{"embeddable":true,"href":"https:\/\/www.omaec.org\/fr\/wp-json\/wp\/v2\/comments?post=4791"}],"version-history":[{"count":1,"href":"https:\/\/www.omaec.org\/fr\/wp-json\/wp\/v2\/posts\/4791\/revisions"}],"predecessor-version":[{"id":4792,"href":"https:\/\/www.omaec.org\/fr\/wp-json\/wp\/v2\/posts\/4791\/revisions\/4792"}],"wp:featuredmedia":[{"embeddable":true,"href":"https:\/\/www.omaec.org\/fr\/wp-json\/wp\/v2\/media\/4786"}],"wp:attachment":[{"href":"https:\/\/www.omaec.org\/fr\/wp-json\/wp\/v2\/media?parent=4791"}],"wp:term":[{"taxonomy":"category","embeddable":true,"href":"https:\/\/www.omaec.org\/fr\/wp-json\/wp\/v2\/categories?post=4791"},{"taxonomy":"post_tag","embeddable":true,"href":"https:\/\/www.omaec.org\/fr\/wp-json\/wp\/v2\/tags?post=4791"}],"curies":[{"name":"wp","href":"https:\/\/api.w.org\/{rel}","templated":true}]}}