{"id":4736,"date":"2020-11-13T22:15:43","date_gmt":"2020-11-13T21:15:43","guid":{"rendered":"http:\/\/omaec.org\/?p=4736"},"modified":"2020-11-13T22:25:16","modified_gmt":"2020-11-13T21:25:16","slug":"omaec-president-et-secretaire-general","status":"publish","type":"post","link":"https:\/\/www.omaec.org\/fr\/omaec-president-et-secretaire-general\/","title":{"rendered":"OMAEC &#8211; Pr\u00e9sident et Secr\u00e9taire g\u00e9n\u00e9ral"},"content":{"rendered":"<p>Nous arrivons \u00e0 la fin d&rsquo;une \u00e9tape importante de notre vie, apr\u00e8s avoir consacr\u00e9 quelques ann\u00e9es au service des <strong>anciens \u00e9l\u00e8ves de l&rsquo;enseignement catholique<\/strong>, par l&rsquo;interm\u00e9diaire de leurs <strong>associations locales, de leurs f\u00e9d\u00e9rations nationales, unions continentales et de leurs unions mondiales.<a href=\"http:\/\/omaec.org\/wp-content\/uploads\/2020\/11\/Asamblea-General-FLORENCIA2-1.jpg\" rel=\"attachment wp-att-4728\"><img loading=\"lazy\" decoding=\"async\" class=\"size-full wp-image-4728 alignleft\" src=\"http:\/\/omaec.org\/wp-content\/uploads\/2020\/11\/Asamblea-General-FLORENCIA2-1.jpg\" alt=\"Asamblea General FLORENCIA2\" width=\"221\" height=\"163\" srcset=\"https:\/\/www.omaec.org\/wp-content\/uploads\/2020\/11\/Asamblea-General-FLORENCIA2-1.jpg 221w, https:\/\/www.omaec.org\/wp-content\/uploads\/2020\/11\/Asamblea-General-FLORENCIA2-1-150x111.jpg 150w\" sizes=\"auto, (max-width: 221px) 100vw, 221px\" \/><\/a><\/strong><\/p>\n<p>Compte tenu de la grande richesse qui existe entre les diff\u00e9rentes cultures, coutumes, pays, langues, congr\u00e9gations religieuses ,\u00a0\u00e9coles dioc\u00e9saines et universitaires, etc, nous avons re\u00e7u une grande collaboration de votre part, ainsi que du r\u00e9seau de Correspondants, qui ENSEMBLE ont exprim\u00e9 leur d\u00e9fense et leur droit \u00e0 recevoir une \u00e9ducation chr\u00e9tienne.<\/p>\n<p>Un grand merci \u00e0 nos <strong>assistants eccl\u00e9siastiques<\/strong> qui, par leurs conseils et leur exp\u00e9rience, nous encouragent \u00e0 continuer \u00e0 travailler.<\/p>\n<p>Merci \u00e0 tous ceux qui ont fait partie du <strong>comit\u00e9 ex\u00e9cutif<\/strong>, car leurs contributions, leur attention et leurs actions cr\u00e9atives nous ont permis de maintenir nos objectifs en vie.<a href=\"http:\/\/omaec.org\/wp-content\/uploads\/2020\/11\/grupo-CE-OMAEC-1.jpg\" rel=\"attachment wp-att-4732\"><img loading=\"lazy\" decoding=\"async\" class=\"size-medium wp-image-4732 alignright\" src=\"http:\/\/omaec.org\/wp-content\/uploads\/2020\/11\/grupo-CE-OMAEC-1-300x200.jpg\" alt=\"grupo CE OMAEC-1\" width=\"300\" height=\"200\" srcset=\"https:\/\/www.omaec.org\/wp-content\/uploads\/2020\/11\/grupo-CE-OMAEC-1-300x200.jpg 300w, https:\/\/www.omaec.org\/wp-content\/uploads\/2020\/11\/grupo-CE-OMAEC-1-768x512.jpg 768w, https:\/\/www.omaec.org\/wp-content\/uploads\/2020\/11\/grupo-CE-OMAEC-1-1024x683.jpg 1024w, https:\/\/www.omaec.org\/wp-content\/uploads\/2020\/11\/grupo-CE-OMAEC-1-600x400.jpg 600w, https:\/\/www.omaec.org\/wp-content\/uploads\/2020\/11\/grupo-CE-OMAEC-1-150x100.jpg 150w\" sizes=\"auto, (max-width: 300px) 100vw, 300px\" \/><\/a><\/p>\n<p>Notre c\u0153ur avec le <strong>Pape FRANCISCO<\/strong><\/p>\n<p>Lors de la prochaine <strong>Assembl\u00e9e G\u00e9n\u00e9rale 2020, le 28 novembre<\/strong>, nous aurons une nouvelle pr\u00e9sidence et une nouvelle \u00e9quipe de collaborateurs, pr\u00eats \u00e0 maintenir la flamme de <strong>l&rsquo;OMAEC.<\/strong><\/p>\n<p><strong>MERCI<\/strong><\/p>\n","protected":false},"excerpt":{"rendered":"<p>Nous arrivons \u00e0 la fin d&rsquo;une \u00e9tape importante de notre vie, apr\u00e8s avoir consacr\u00e9 quelques ann\u00e9es au service des anciens \u00e9l\u00e8ves de l&rsquo;enseignement catholique, par l&rsquo;interm\u00e9diaire de leurs associations locales, de leurs f\u00e9d\u00e9rations nationales, unions continentales et de leurs unions mondiales. Compte tenu de la grande richesse qui existe entre les diff\u00e9rentes cultures, coutumes, pays, <a href=\"https:\/\/www.omaec.org\/fr\/omaec-president-et-secretaire-general\/\" rel=\"nofollow\">(more&#8230;)<\/a><\/p>\n","protected":false},"author":1,"featured_media":4730,"comment_status":"closed","ping_status":"open","sticky":false,"template":"","format":"standard","meta":{"footnotes":""},"categories":[50],"tags":[],"class_list":["post-4736","post","type-post","status-publish","format-standard","has-post-thumbnail","hentry","category-messages-fr"],"acf":[],"yoast_head":"<!-- This site is optimized with the Yoast SEO plugin v20.11 - https:\/\/yoast.com\/wordpress\/plugins\/seo\/ -->\n<title>OMAEC - Pr\u00e9sident et Secr\u00e9taire g\u00e9n\u00e9ral - Organizaci\u00f3n Mundial de Antiguos Alumnos de la Educaci\u00f3n Cat\u00f3lica<\/title>\n<meta name=\"robots\" content=\"index, follow, max-snippet:-1, max-image-preview:large, max-video-preview:-1\" \/>\n<link rel=\"canonical\" href=\"https:\/\/www.omaec.org\/omaec-presidente-y-secretario-general\/\" \/>\n<meta property=\"og:locale\" content=\"fr_FR\" \/>\n<meta property=\"og:type\" content=\"article\" \/>\n<meta property=\"og:title\" content=\"OMAEC - Pr\u00e9sident et Secr\u00e9taire g\u00e9n\u00e9ral - Organizaci\u00f3n Mundial de Antiguos Alumnos de la Educaci\u00f3n Cat\u00f3lica\" \/>\n<meta property=\"og:description\" content=\"Nous arrivons \u00e0 la fin d&rsquo;une \u00e9tape importante de notre vie, apr\u00e8s avoir consacr\u00e9 quelques ann\u00e9es au service des anciens \u00e9l\u00e8ves de l&rsquo;enseignement catholique, par l&rsquo;interm\u00e9diaire de leurs associations locales, de leurs f\u00e9d\u00e9rations nationales, unions continentales et de leurs unions mondiales. Compte tenu de la grande richesse qui existe entre les diff\u00e9rentes cultures, coutumes, pays, (more...)\" \/>\n<meta property=\"og:url\" content=\"https:\/\/www.omaec.org\/omaec-presidente-y-secretario-general\/\" \/>\n<meta property=\"og:site_name\" content=\"Organizaci\u00f3n Mundial de Antiguos Alumnos de la Educaci\u00f3n Cat\u00f3lica\" \/>\n<meta property=\"article:published_time\" content=\"2020-11-13T21:15:43+00:00\" \/>\n<meta property=\"article:modified_time\" content=\"2020-11-13T21:25:16+00:00\" \/>\n<meta property=\"og:image\" content=\"https:\/\/www.omaec.org\/wp-content\/uploads\/2020\/11\/JA-y-JR.jpg\" \/>\n\t<meta property=\"og:image:width\" content=\"1600\" \/>\n\t<meta property=\"og:image:height\" content=\"1200\" \/>\n\t<meta property=\"og:image:type\" content=\"image\/jpeg\" \/>\n<meta name=\"author\" content=\"Secretario General\" \/>\n<meta name=\"twitter:card\" content=\"summary_large_image\" \/>\n<meta name=\"twitter:label1\" content=\"\u00c9crit par\" \/>\n\t<meta name=\"twitter:data1\" content=\"Secretario General\" \/>\n\t<meta name=\"twitter:label2\" content=\"Dur\u00e9e de lecture estim\u00e9e\" \/>\n\t<meta name=\"twitter:data2\" content=\"1 minute\" \/>\n<script type=\"application\/ld+json\" class=\"yoast-schema-graph\">{\"@context\":\"https:\/\/schema.org\",\"@graph\":[{\"@type\":\"Article\",\"@id\":\"https:\/\/www.omaec.org\/omaec-presidente-y-secretario-general\/#article\",\"isPartOf\":{\"@id\":\"https:\/\/www.omaec.org\/omaec-presidente-y-secretario-general\/\"},\"author\":{\"name\":\"Secretario General\",\"@id\":\"https:\/\/www.omaec.org\/#\/schema\/person\/b6995e5c4038e3cf602f2bb958068c35\"},\"headline\":\"OMAEC &#8211; Pr\u00e9sident et Secr\u00e9taire g\u00e9n\u00e9ral\",\"datePublished\":\"2020-11-13T21:15:43+00:00\",\"dateModified\":\"2020-11-13T21:25:16+00:00\",\"mainEntityOfPage\":{\"@id\":\"https:\/\/www.omaec.org\/omaec-presidente-y-secretario-general\/\"},\"wordCount\":204,\"publisher\":{\"@id\":\"https:\/\/www.omaec.org\/#organization\"},\"articleSection\":[\"Messages\"],\"inLanguage\":\"fr-FR\"},{\"@type\":\"WebPage\",\"@id\":\"https:\/\/www.omaec.org\/omaec-presidente-y-secretario-general\/\",\"url\":\"https:\/\/www.omaec.org\/omaec-presidente-y-secretario-general\/\",\"name\":\"OMAEC - Pr\u00e9sident et Secr\u00e9taire g\u00e9n\u00e9ral - Organizaci\u00f3n Mundial de Antiguos Alumnos de la Educaci\u00f3n Cat\u00f3lica\",\"isPartOf\":{\"@id\":\"https:\/\/www.omaec.org\/#website\"},\"datePublished\":\"2020-11-13T21:15:43+00:00\",\"dateModified\":\"2020-11-13T21:25:16+00:00\",\"breadcrumb\":{\"@id\":\"https:\/\/www.omaec.org\/omaec-presidente-y-secretario-general\/#breadcrumb\"},\"inLanguage\":\"fr-FR\",\"potentialAction\":[{\"@type\":\"ReadAction\",\"target\":[\"https:\/\/www.omaec.org\/omaec-presidente-y-secretario-general\/\"]}]},{\"@type\":\"BreadcrumbList\",\"@id\":\"https:\/\/www.omaec.org\/omaec-presidente-y-secretario-general\/#breadcrumb\",\"itemListElement\":[{\"@type\":\"ListItem\",\"position\":1,\"name\":\"Portada\",\"item\":\"https:\/\/www.omaec.org\/fr\/\"},{\"@type\":\"ListItem\",\"position\":2,\"name\":\"OMAEC &#8211; Pr\u00e9sident et Secr\u00e9taire g\u00e9n\u00e9ral\"}]},{\"@type\":\"WebSite\",\"@id\":\"https:\/\/www.omaec.org\/#website\",\"url\":\"https:\/\/www.omaec.org\/\",\"name\":\"Organizaci\u00f3n Mundial de Antiguos Alumnos de la Educaci\u00f3n Cat\u00f3lica\",\"description\":\"OMAEC\",\"publisher\":{\"@id\":\"https:\/\/www.omaec.org\/#organization\"},\"potentialAction\":[{\"@type\":\"SearchAction\",\"target\":{\"@type\":\"EntryPoint\",\"urlTemplate\":\"https:\/\/www.omaec.org\/?s={search_term_string}\"},\"query-input\":\"required name=search_term_string\"}],\"inLanguage\":\"fr-FR\"},{\"@type\":\"Organization\",\"@id\":\"https:\/\/www.omaec.org\/#organization\",\"name\":\"Organizaci\u00f3n Mundial de Antiguos Alumnos de la Educaci\u00f3n Cat\u00f3lica\",\"url\":\"https:\/\/www.omaec.org\/\",\"logo\":{\"@type\":\"ImageObject\",\"inLanguage\":\"fr-FR\",\"@id\":\"https:\/\/www.omaec.org\/#\/schema\/logo\/image\/\",\"url\":\"https:\/\/www.omaec.org\/wp-content\/uploads\/2021\/06\/OMAEC-LOGO-OFICIAL.jpg\",\"contentUrl\":\"https:\/\/www.omaec.org\/wp-content\/uploads\/2021\/06\/OMAEC-LOGO-OFICIAL.jpg\",\"width\":525,\"height\":452,\"caption\":\"Organizaci\u00f3n Mundial de Antiguos  Alumnos de la Educaci\u00f3n Cat\u00f3lica\"},\"image\":{\"@id\":\"https:\/\/www.omaec.org\/#\/schema\/logo\/image\/\"}},{\"@type\":\"Person\",\"@id\":\"https:\/\/www.omaec.org\/#\/schema\/person\/b6995e5c4038e3cf602f2bb958068c35\",\"name\":\"Secretario General\",\"image\":{\"@type\":\"ImageObject\",\"inLanguage\":\"fr-FR\",\"@id\":\"https:\/\/www.omaec.org\/#\/schema\/person\/image\/\",\"url\":\"https:\/\/www.omaec.org\/wp-content\/uploads\/2025\/03\/FOTO-GUILLERMO-GUTIERREZ-PIRAQUIVE-OMAEC-96x96.jpg\",\"contentUrl\":\"https:\/\/www.omaec.org\/wp-content\/uploads\/2025\/03\/FOTO-GUILLERMO-GUTIERREZ-PIRAQUIVE-OMAEC-96x96.jpg\",\"caption\":\"Secretario General\"},\"description\":\"EXPERIENCIA LABORAL: SERVICIO NACIONAL DE APRENDIZAJE-SENA Regional Bogot\u00e1. Centro de Gesti\u00f3n de Mercados, Log\u00edstica y Tecnolog\u00edas de la Informaci\u00f3n. \u00b7Instructor de Mercadeo. SERVICIO NACIONAL DE APRENDIZAJE-SENA Regional Bogot\u00e1. Centro de Gesti\u00f3n Administrativa. \u00b7Instructor de Ventas. ARTESAN\u00cdAS DE COLOMBIA. \u00b7Administrador Centro Artesanal La Chamba (Tolima). PROGRAMADORA TELECULTURALES. \u00b7Asistente de Direcci\u00f3n AGENCIAS DE PUBLICIDAD: REP Y MASTER \u00b7Jefe de Medios SANCHO PUBLICIDAD \u00b7Jefe de Tr\u00e1fico. LEO BURNETT \u00b7Asistente de Medios. EDUCACION: \u00b7FUNDACI\u00d3N UNIVERSITARIA SALESIANA Diplomado en Salesianidad. \u00b7POLIT\u00c9CNICO GRANCOLOMBIANO Especializaci\u00f3n en Gerencia de Mercadeo. \u00b7UNIVERSIDAD NACIONAL ABIERTA Y A DISTANCIA Administraci\u00f3n de Empresas. \u00b7SERVICIO NACIONAL DE APRENDIZAJE-SENA Mercadotecnia. \u00b7UNIVERSIDAD CENTRAL Publicidad. \u00b7COLEGIO SALESIANO DE LE\u00d3N XIII Bachiller Acad\u00e9mico. EXPERIENCIA EXALUMNAL: ASOCIACI\u00d3N DE EXALUMNOS SDB-AEXSDBINSPECTOR\u00cdA SAN PEDRO CLAVER Presidente Sexenio 2021-2027. \u00b7ASOCIACI\u00d3N DE EXALUMNOS SDB-AEXSDBINSPECTOR\u00cdA SAN PEDRO CLAVER Vicepresidente Sexenio 2015-2021. \u00b7COLEGIO SALESIANO DE LE\u00d3N XIII. L\u00edder Promoci\u00f3n 1969. EXALUMNAL\",\"url\":\"https:\/\/www.omaec.org\/fr\/author\/omaec-admin\/\"}]}<\/script>\n<!-- \/ Yoast SEO plugin. -->","yoast_head_json":{"title":"OMAEC - Pr\u00e9sident et Secr\u00e9taire g\u00e9n\u00e9ral - Organizaci\u00f3n Mundial de Antiguos Alumnos de la Educaci\u00f3n Cat\u00f3lica","robots":{"index":"index","follow":"follow","max-snippet":"max-snippet:-1","max-image-preview":"max-image-preview:large","max-video-preview":"max-video-preview:-1"},"canonical":"https:\/\/www.omaec.org\/omaec-presidente-y-secretario-general\/","og_locale":"fr_FR","og_type":"article","og_title":"OMAEC - Pr\u00e9sident et Secr\u00e9taire g\u00e9n\u00e9ral - Organizaci\u00f3n Mundial de Antiguos Alumnos de la Educaci\u00f3n Cat\u00f3lica","og_description":"Nous arrivons \u00e0 la fin d&rsquo;une \u00e9tape importante de notre vie, apr\u00e8s avoir consacr\u00e9 quelques ann\u00e9es au service des anciens \u00e9l\u00e8ves de l&rsquo;enseignement catholique, par l&rsquo;interm\u00e9diaire de leurs associations locales, de leurs f\u00e9d\u00e9rations nationales, unions continentales et de leurs unions mondiales. Compte tenu de la grande richesse qui existe entre les diff\u00e9rentes cultures, coutumes, pays, (more...)","og_url":"https:\/\/www.omaec.org\/omaec-presidente-y-secretario-general\/","og_site_name":"Organizaci\u00f3n Mundial de Antiguos Alumnos de la Educaci\u00f3n Cat\u00f3lica","article_published_time":"2020-11-13T21:15:43+00:00","article_modified_time":"2020-11-13T21:25:16+00:00","og_image":[{"width":1600,"height":1200,"url":"https:\/\/www.omaec.org\/wp-content\/uploads\/2020\/11\/JA-y-JR.jpg","type":"image\/jpeg"}],"author":"Secretario General","twitter_card":"summary_large_image","twitter_misc":{"\u00c9crit par":"Secretario General","Dur\u00e9e de lecture estim\u00e9e":"1 minute"},"schema":{"@context":"https:\/\/schema.org","@graph":[{"@type":"Article","@id":"https:\/\/www.omaec.org\/omaec-presidente-y-secretario-general\/#article","isPartOf":{"@id":"https:\/\/www.omaec.org\/omaec-presidente-y-secretario-general\/"},"author":{"name":"Secretario General","@id":"https:\/\/www.omaec.org\/#\/schema\/person\/b6995e5c4038e3cf602f2bb958068c35"},"headline":"OMAEC &#8211; Pr\u00e9sident et Secr\u00e9taire g\u00e9n\u00e9ral","datePublished":"2020-11-13T21:15:43+00:00","dateModified":"2020-11-13T21:25:16+00:00","mainEntityOfPage":{"@id":"https:\/\/www.omaec.org\/omaec-presidente-y-secretario-general\/"},"wordCount":204,"publisher":{"@id":"https:\/\/www.omaec.org\/#organization"},"articleSection":["Messages"],"inLanguage":"fr-FR"},{"@type":"WebPage","@id":"https:\/\/www.omaec.org\/omaec-presidente-y-secretario-general\/","url":"https:\/\/www.omaec.org\/omaec-presidente-y-secretario-general\/","name":"OMAEC - Pr\u00e9sident et Secr\u00e9taire g\u00e9n\u00e9ral - Organizaci\u00f3n Mundial de Antiguos Alumnos de la Educaci\u00f3n Cat\u00f3lica","isPartOf":{"@id":"https:\/\/www.omaec.org\/#website"},"datePublished":"2020-11-13T21:15:43+00:00","dateModified":"2020-11-13T21:25:16+00:00","breadcrumb":{"@id":"https:\/\/www.omaec.org\/omaec-presidente-y-secretario-general\/#breadcrumb"},"inLanguage":"fr-FR","potentialAction":[{"@type":"ReadAction","target":["https:\/\/www.omaec.org\/omaec-presidente-y-secretario-general\/"]}]},{"@type":"BreadcrumbList","@id":"https:\/\/www.omaec.org\/omaec-presidente-y-secretario-general\/#breadcrumb","itemListElement":[{"@type":"ListItem","position":1,"name":"Portada","item":"https:\/\/www.omaec.org\/fr\/"},{"@type":"ListItem","position":2,"name":"OMAEC &#8211; Pr\u00e9sident et Secr\u00e9taire g\u00e9n\u00e9ral"}]},{"@type":"WebSite","@id":"https:\/\/www.omaec.org\/#website","url":"https:\/\/www.omaec.org\/","name":"Organizaci\u00f3n Mundial de Antiguos Alumnos de la Educaci\u00f3n Cat\u00f3lica","description":"OMAEC","publisher":{"@id":"https:\/\/www.omaec.org\/#organization"},"potentialAction":[{"@type":"SearchAction","target":{"@type":"EntryPoint","urlTemplate":"https:\/\/www.omaec.org\/?s={search_term_string}"},"query-input":"required name=search_term_string"}],"inLanguage":"fr-FR"},{"@type":"Organization","@id":"https:\/\/www.omaec.org\/#organization","name":"Organizaci\u00f3n Mundial de Antiguos Alumnos de la Educaci\u00f3n Cat\u00f3lica","url":"https:\/\/www.omaec.org\/","logo":{"@type":"ImageObject","inLanguage":"fr-FR","@id":"https:\/\/www.omaec.org\/#\/schema\/logo\/image\/","url":"https:\/\/www.omaec.org\/wp-content\/uploads\/2021\/06\/OMAEC-LOGO-OFICIAL.jpg","contentUrl":"https:\/\/www.omaec.org\/wp-content\/uploads\/2021\/06\/OMAEC-LOGO-OFICIAL.jpg","width":525,"height":452,"caption":"Organizaci\u00f3n Mundial de Antiguos  Alumnos de la Educaci\u00f3n Cat\u00f3lica"},"image":{"@id":"https:\/\/www.omaec.org\/#\/schema\/logo\/image\/"}},{"@type":"Person","@id":"https:\/\/www.omaec.org\/#\/schema\/person\/b6995e5c4038e3cf602f2bb958068c35","name":"Secretario General","image":{"@type":"ImageObject","inLanguage":"fr-FR","@id":"https:\/\/www.omaec.org\/#\/schema\/person\/image\/","url":"https:\/\/www.omaec.org\/wp-content\/uploads\/2025\/03\/FOTO-GUILLERMO-GUTIERREZ-PIRAQUIVE-OMAEC-96x96.jpg","contentUrl":"https:\/\/www.omaec.org\/wp-content\/uploads\/2025\/03\/FOTO-GUILLERMO-GUTIERREZ-PIRAQUIVE-OMAEC-96x96.jpg","caption":"Secretario General"},"description":"EXPERIENCIA LABORAL: SERVICIO NACIONAL DE APRENDIZAJE-SENA Regional Bogot\u00e1. Centro de Gesti\u00f3n de Mercados, Log\u00edstica y Tecnolog\u00edas de la Informaci\u00f3n. \u00b7Instructor de Mercadeo. SERVICIO NACIONAL DE APRENDIZAJE-SENA Regional Bogot\u00e1. Centro de Gesti\u00f3n Administrativa. \u00b7Instructor de Ventas. ARTESAN\u00cdAS DE COLOMBIA. \u00b7Administrador Centro Artesanal La Chamba (Tolima). PROGRAMADORA TELECULTURALES. \u00b7Asistente de Direcci\u00f3n AGENCIAS DE PUBLICIDAD: REP Y MASTER \u00b7Jefe de Medios SANCHO PUBLICIDAD \u00b7Jefe de Tr\u00e1fico. LEO BURNETT \u00b7Asistente de Medios. EDUCACION: \u00b7FUNDACI\u00d3N UNIVERSITARIA SALESIANA Diplomado en Salesianidad. \u00b7POLIT\u00c9CNICO GRANCOLOMBIANO Especializaci\u00f3n en Gerencia de Mercadeo. \u00b7UNIVERSIDAD NACIONAL ABIERTA Y A DISTANCIA Administraci\u00f3n de Empresas. \u00b7SERVICIO NACIONAL DE APRENDIZAJE-SENA Mercadotecnia. \u00b7UNIVERSIDAD CENTRAL Publicidad. \u00b7COLEGIO SALESIANO DE LE\u00d3N XIII Bachiller Acad\u00e9mico. EXPERIENCIA EXALUMNAL: ASOCIACI\u00d3N DE EXALUMNOS SDB-AEXSDBINSPECTOR\u00cdA SAN PEDRO CLAVER Presidente Sexenio 2021-2027. \u00b7ASOCIACI\u00d3N DE EXALUMNOS SDB-AEXSDBINSPECTOR\u00cdA SAN PEDRO CLAVER Vicepresidente Sexenio 2015-2021. \u00b7COLEGIO SALESIANO DE LE\u00d3N XIII. L\u00edder Promoci\u00f3n 1969. EXALUMNAL","url":"https:\/\/www.omaec.org\/fr\/author\/omaec-admin\/"}]}},"_links":{"self":[{"href":"https:\/\/www.omaec.org\/fr\/wp-json\/wp\/v2\/posts\/4736","targetHints":{"allow":["GET"]}}],"collection":[{"href":"https:\/\/www.omaec.org\/fr\/wp-json\/wp\/v2\/posts"}],"about":[{"href":"https:\/\/www.omaec.org\/fr\/wp-json\/wp\/v2\/types\/post"}],"author":[{"embeddable":true,"href":"https:\/\/www.omaec.org\/fr\/wp-json\/wp\/v2\/users\/1"}],"replies":[{"embeddable":true,"href":"https:\/\/www.omaec.org\/fr\/wp-json\/wp\/v2\/comments?post=4736"}],"version-history":[{"count":2,"href":"https:\/\/www.omaec.org\/fr\/wp-json\/wp\/v2\/posts\/4736\/revisions"}],"predecessor-version":[{"id":4741,"href":"https:\/\/www.omaec.org\/fr\/wp-json\/wp\/v2\/posts\/4736\/revisions\/4741"}],"wp:featuredmedia":[{"embeddable":true,"href":"https:\/\/www.omaec.org\/fr\/wp-json\/wp\/v2\/media\/4730"}],"wp:attachment":[{"href":"https:\/\/www.omaec.org\/fr\/wp-json\/wp\/v2\/media?parent=4736"}],"wp:term":[{"taxonomy":"category","embeddable":true,"href":"https:\/\/www.omaec.org\/fr\/wp-json\/wp\/v2\/categories?post=4736"},{"taxonomy":"post_tag","embeddable":true,"href":"https:\/\/www.omaec.org\/fr\/wp-json\/wp\/v2\/tags?post=4736"}],"curies":[{"name":"wp","href":"https:\/\/api.w.org\/{rel}","templated":true}]}}