{"id":4446,"date":"2020-02-22T19:25:45","date_gmt":"2020-02-22T18:25:45","guid":{"rendered":"http:\/\/omaec.org\/?p=4446"},"modified":"2020-02-22T19:25:45","modified_gmt":"2020-02-22T18:25:45","slug":"anciens-eleves-don-bosco-salutacions-du-president","status":"publish","type":"post","link":"https:\/\/www.omaec.org\/fr\/anciens-eleves-don-bosco-salutacions-du-president\/","title":{"rendered":"Anciens \u00e9l\u00e8ves Don Bosco &#8211; Salutacions du pr\u00e9sident"},"content":{"rendered":"<p align=\"justify\"><span style=\"font-size: medium;\"><span lang=\"fr-FR\">Chers anciens \u00e9l\u00e8ves et amis de Don Bosco,<\/span><\/span><\/p>\n<p align=\"justify\"><span style=\"font-size: medium;\"><span lang=\"fr-FR\">Je suis tr\u00e8s heureux de pouvoir partager quelques r\u00e9flexions dans cette nouvelle publication.<\/span><\/span><\/p>\n<p align=\"justify\"><span style=\"font-size: medium;\"><span lang=\"fr-FR\">En 2020, c&rsquo;est pour nous, anciens \u00e9l\u00e8ves et amis de Don Bosco, un moment m\u00e9morable de c\u00e9l\u00e9brer l&rsquo;ann\u00e9e jubilaire des anciens \u00e9l\u00e8ves car c&rsquo;est le 150e anniversaire de la fondation de notre mouvement. Je vous invite \u00e0 profiter de toutes les c\u00e9l\u00e9brations qui nous attendent.<\/span><\/span><\/p>\n<p align=\"justify\"><span style=\"font-size: medium;\"><span lang=\"fr-FR\">Don Bosco a demand\u00e9 aux premiers anciens \u00e9l\u00e8ves dirig\u00e9s par Carlo Gastini de rester ensemble, de rester avec lui et les Sal\u00e9siens et de s&rsquo;entraider. C&rsquo;est aussi la raison de la c\u00e9l\u00e9bration de l&rsquo;ann\u00e9e jubilaire, pour s&rsquo;entraider. <\/span><\/span><\/p>\n<p align=\"justify\"><span style=\"font-size: medium;\"><span lang=\"fr-FR\">J&rsquo;imagine que chacun a diverses occasions de s&rsquo;entraider et je vous encourage \u00e0 continuer \u00e0 tendre la main aux autres. Je voudrais vous inviter \u00e0 r\u00e9fl\u00e9chir \u00e0 d&rsquo;autres possibilit\u00e9s d&rsquo;aider les autres. <\/span><\/span><\/p>\n<p align=\"justify\"><span style=\"font-size: medium;\"><span lang=\"fr-FR\">En tant qu&rsquo;anciens \u00e9l\u00e8ves, l&rsquo;une de nos valeurs et l&rsquo;une de nos pierres angulaires est d&rsquo;\u00eatre utile, mais nous pouvons le faire avec nos propres possibilit\u00e9s d&rsquo;\u00eatre profanes et professionnels. C&rsquo;est notre charisme d&rsquo;\u00eatre actifs dans le monde \u00e9galement gr\u00e2ce \u00e0 nos comp\u00e9tences et \u00e0 notre travail professionnel. Cela signifie que nous pouvons faire beaucoup de bien gr\u00e2ce \u00e0 ce que nous sommes. Dans notre vie professionnelle quotidienne, il nous est demand\u00e9 d&rsquo;aider dans tous les domaines : \u00e9conomique, social et politique. Il est dans notre nature d&rsquo;anciens \u00e9l\u00e8ves de laisser l&rsquo;amour de Don Bosco briller \u00e0 travers nos actions et nos vies. La recommandation du Recteur Majeur pour cette ann\u00e9e nous invite \u00e0 \u00eatre de bons chr\u00e9tiens et d&rsquo;honn\u00eates citoyens.<\/span><\/span><\/p>\n<p align=\"justify\"><span style=\"font-size: medium;\"><span lang=\"fr-FR\">Je vous invite \u00e0 contempler l&rsquo;ann\u00e9e jubilaire. Je vous invite \u00e0 trouver de nouvelles fa\u00e7ons de vous entraider.<\/span><\/span><\/p>\n<p align=\"justify\"><span style=\"font-size: medium;\"><span lang=\"fr-FR\">Je vous invite \u00e0 \u00eatre de bons chr\u00e9tiens et d&rsquo;honn\u00eates citoyens comme Don Bosco l&rsquo;a voulu. <\/span><\/span><\/p>\n<p align=\"justify\"><span style=\"font-size: medium;\"><span lang=\"fr-FR\">Vous \u00eates dans mes pri\u00e8res et mes intentions.<\/span><\/span><\/p>\n<p align=\"justify\"><span style=\"font-size: medium;\"><span lang=\"fr-FR\">En Don Bosco<\/span><\/span><\/p>\n<p align=\"justify\"><span style=\"font-size: medium;\"><span lang=\"fr-FR\">Michal Hort<\/span><\/span><\/p>\n<p align=\"justify\"><span style=\"font-size: medium;\"><span lang=\"fr-FR\">Pr\u00e9sident du Conf\u00e9d\u00e9ration mondiale <\/span><\/span><\/p>\n<p align=\"justify\"><span style=\"font-size: medium;\"><span lang=\"fr-FR\">des anciens \u00e9l\u00e8ves de Don Bosco<\/span><\/span><\/p>\n","protected":false},"excerpt":{"rendered":"<p>Chers anciens \u00e9l\u00e8ves et amis de Don Bosco, Je suis tr\u00e8s heureux de pouvoir partager quelques r\u00e9flexions dans cette nouvelle publication. En 2020, c&rsquo;est pour nous, anciens \u00e9l\u00e8ves et amis de Don Bosco, un moment m\u00e9morable de c\u00e9l\u00e9brer l&rsquo;ann\u00e9e jubilaire des anciens \u00e9l\u00e8ves car c&rsquo;est le 150e anniversaire de la fondation de notre mouvement. Je <a href=\"https:\/\/www.omaec.org\/fr\/anciens-eleves-don-bosco-salutacions-du-president\/\" rel=\"nofollow\">(more&#8230;)<\/a><\/p>\n","protected":false},"author":1,"featured_media":4445,"comment_status":"closed","ping_status":"open","sticky":false,"template":"","format":"standard","meta":{"footnotes":""},"categories":[50],"tags":[],"class_list":["post-4446","post","type-post","status-publish","format-standard","has-post-thumbnail","hentry","category-messages-fr"],"acf":[],"yoast_head":"<!-- This site is optimized with the Yoast SEO plugin v20.11 - https:\/\/yoast.com\/wordpress\/plugins\/seo\/ -->\n<title>Anciens \u00e9l\u00e8ves Don Bosco - Salutacions du pr\u00e9sident - Organizaci\u00f3n Mundial de Antiguos Alumnos de la Educaci\u00f3n Cat\u00f3lica<\/title>\n<meta name=\"robots\" content=\"index, follow, max-snippet:-1, max-image-preview:large, max-video-preview:-1\" \/>\n<link rel=\"canonical\" href=\"https:\/\/www.omaec.org\/exalumnos-don-bosco-saludo-del-presidente\/\" \/>\n<meta property=\"og:locale\" content=\"fr_FR\" \/>\n<meta property=\"og:type\" content=\"article\" \/>\n<meta property=\"og:title\" content=\"Anciens \u00e9l\u00e8ves Don Bosco - Salutacions du pr\u00e9sident - Organizaci\u00f3n Mundial de Antiguos Alumnos de la Educaci\u00f3n Cat\u00f3lica\" \/>\n<meta property=\"og:description\" content=\"Chers anciens \u00e9l\u00e8ves et amis de Don Bosco, Je suis tr\u00e8s heureux de pouvoir partager quelques r\u00e9flexions dans cette nouvelle publication. En 2020, c&rsquo;est pour nous, anciens \u00e9l\u00e8ves et amis de Don Bosco, un moment m\u00e9morable de c\u00e9l\u00e9brer l&rsquo;ann\u00e9e jubilaire des anciens \u00e9l\u00e8ves car c&rsquo;est le 150e anniversaire de la fondation de notre mouvement. Je (more...)\" \/>\n<meta property=\"og:url\" content=\"https:\/\/www.omaec.org\/exalumnos-don-bosco-saludo-del-presidente\/\" \/>\n<meta property=\"og:site_name\" content=\"Organizaci\u00f3n Mundial de Antiguos Alumnos de la Educaci\u00f3n Cat\u00f3lica\" \/>\n<meta property=\"article:published_time\" content=\"2020-02-22T18:25:45+00:00\" \/>\n<meta property=\"og:image\" content=\"https:\/\/www.omaec.org\/wp-content\/uploads\/2020\/02\/Hort-Michal.jpg\" \/>\n\t<meta property=\"og:image:width\" content=\"720\" \/>\n\t<meta property=\"og:image:height\" content=\"428\" \/>\n\t<meta property=\"og:image:type\" content=\"image\/jpeg\" \/>\n<meta name=\"author\" content=\"Secretario General\" \/>\n<meta name=\"twitter:card\" content=\"summary_large_image\" \/>\n<meta name=\"twitter:label1\" content=\"\u00c9crit par\" \/>\n\t<meta name=\"twitter:data1\" content=\"Secretario General\" \/>\n\t<meta name=\"twitter:label2\" content=\"Dur\u00e9e de lecture estim\u00e9e\" \/>\n\t<meta name=\"twitter:data2\" content=\"2 minutes\" \/>\n<script type=\"application\/ld+json\" class=\"yoast-schema-graph\">{\"@context\":\"https:\/\/schema.org\",\"@graph\":[{\"@type\":\"Article\",\"@id\":\"https:\/\/www.omaec.org\/exalumnos-don-bosco-saludo-del-presidente\/#article\",\"isPartOf\":{\"@id\":\"https:\/\/www.omaec.org\/exalumnos-don-bosco-saludo-del-presidente\/\"},\"author\":{\"name\":\"Secretario General\",\"@id\":\"https:\/\/www.omaec.org\/#\/schema\/person\/b6995e5c4038e3cf602f2bb958068c35\"},\"headline\":\"Anciens \u00e9l\u00e8ves Don Bosco &#8211; Salutacions du pr\u00e9sident\",\"datePublished\":\"2020-02-22T18:25:45+00:00\",\"dateModified\":\"2020-02-22T18:25:45+00:00\",\"mainEntityOfPage\":{\"@id\":\"https:\/\/www.omaec.org\/exalumnos-don-bosco-saludo-del-presidente\/\"},\"wordCount\":371,\"publisher\":{\"@id\":\"https:\/\/www.omaec.org\/#organization\"},\"articleSection\":[\"Messages\"],\"inLanguage\":\"fr-FR\"},{\"@type\":\"WebPage\",\"@id\":\"https:\/\/www.omaec.org\/exalumnos-don-bosco-saludo-del-presidente\/\",\"url\":\"https:\/\/www.omaec.org\/exalumnos-don-bosco-saludo-del-presidente\/\",\"name\":\"Anciens \u00e9l\u00e8ves Don Bosco - Salutacions du pr\u00e9sident - Organizaci\u00f3n Mundial de Antiguos Alumnos de la Educaci\u00f3n Cat\u00f3lica\",\"isPartOf\":{\"@id\":\"https:\/\/www.omaec.org\/#website\"},\"datePublished\":\"2020-02-22T18:25:45+00:00\",\"dateModified\":\"2020-02-22T18:25:45+00:00\",\"breadcrumb\":{\"@id\":\"https:\/\/www.omaec.org\/exalumnos-don-bosco-saludo-del-presidente\/#breadcrumb\"},\"inLanguage\":\"fr-FR\",\"potentialAction\":[{\"@type\":\"ReadAction\",\"target\":[\"https:\/\/www.omaec.org\/exalumnos-don-bosco-saludo-del-presidente\/\"]}]},{\"@type\":\"BreadcrumbList\",\"@id\":\"https:\/\/www.omaec.org\/exalumnos-don-bosco-saludo-del-presidente\/#breadcrumb\",\"itemListElement\":[{\"@type\":\"ListItem\",\"position\":1,\"name\":\"Portada\",\"item\":\"https:\/\/www.omaec.org\/fr\/\"},{\"@type\":\"ListItem\",\"position\":2,\"name\":\"Anciens \u00e9l\u00e8ves Don Bosco &#8211; Salutacions du pr\u00e9sident\"}]},{\"@type\":\"WebSite\",\"@id\":\"https:\/\/www.omaec.org\/#website\",\"url\":\"https:\/\/www.omaec.org\/\",\"name\":\"Organizaci\u00f3n Mundial de Antiguos Alumnos de la Educaci\u00f3n Cat\u00f3lica\",\"description\":\"OMAEC\",\"publisher\":{\"@id\":\"https:\/\/www.omaec.org\/#organization\"},\"potentialAction\":[{\"@type\":\"SearchAction\",\"target\":{\"@type\":\"EntryPoint\",\"urlTemplate\":\"https:\/\/www.omaec.org\/?s={search_term_string}\"},\"query-input\":\"required name=search_term_string\"}],\"inLanguage\":\"fr-FR\"},{\"@type\":\"Organization\",\"@id\":\"https:\/\/www.omaec.org\/#organization\",\"name\":\"Organizaci\u00f3n Mundial de Antiguos Alumnos de la Educaci\u00f3n Cat\u00f3lica\",\"url\":\"https:\/\/www.omaec.org\/\",\"logo\":{\"@type\":\"ImageObject\",\"inLanguage\":\"fr-FR\",\"@id\":\"https:\/\/www.omaec.org\/#\/schema\/logo\/image\/\",\"url\":\"https:\/\/www.omaec.org\/wp-content\/uploads\/2021\/06\/OMAEC-LOGO-OFICIAL.jpg\",\"contentUrl\":\"https:\/\/www.omaec.org\/wp-content\/uploads\/2021\/06\/OMAEC-LOGO-OFICIAL.jpg\",\"width\":525,\"height\":452,\"caption\":\"Organizaci\u00f3n Mundial de Antiguos  Alumnos de la Educaci\u00f3n Cat\u00f3lica\"},\"image\":{\"@id\":\"https:\/\/www.omaec.org\/#\/schema\/logo\/image\/\"}},{\"@type\":\"Person\",\"@id\":\"https:\/\/www.omaec.org\/#\/schema\/person\/b6995e5c4038e3cf602f2bb958068c35\",\"name\":\"Secretario General\",\"image\":{\"@type\":\"ImageObject\",\"inLanguage\":\"fr-FR\",\"@id\":\"https:\/\/www.omaec.org\/#\/schema\/person\/image\/\",\"url\":\"https:\/\/www.omaec.org\/wp-content\/uploads\/2025\/03\/FOTO-GUILLERMO-GUTIERREZ-PIRAQUIVE-OMAEC-96x96.jpg\",\"contentUrl\":\"https:\/\/www.omaec.org\/wp-content\/uploads\/2025\/03\/FOTO-GUILLERMO-GUTIERREZ-PIRAQUIVE-OMAEC-96x96.jpg\",\"caption\":\"Secretario General\"},\"description\":\"EXPERIENCIA LABORAL: SERVICIO NACIONAL DE APRENDIZAJE-SENA Regional Bogot\u00e1. Centro de Gesti\u00f3n de Mercados, Log\u00edstica y Tecnolog\u00edas de la Informaci\u00f3n. \u00b7Instructor de Mercadeo. SERVICIO NACIONAL DE APRENDIZAJE-SENA Regional Bogot\u00e1. Centro de Gesti\u00f3n Administrativa. \u00b7Instructor de Ventas. ARTESAN\u00cdAS DE COLOMBIA. \u00b7Administrador Centro Artesanal La Chamba (Tolima). PROGRAMADORA TELECULTURALES. \u00b7Asistente de Direcci\u00f3n AGENCIAS DE PUBLICIDAD: REP Y MASTER \u00b7Jefe de Medios SANCHO PUBLICIDAD \u00b7Jefe de Tr\u00e1fico. LEO BURNETT \u00b7Asistente de Medios. EDUCACION: \u00b7FUNDACI\u00d3N UNIVERSITARIA SALESIANA Diplomado en Salesianidad. \u00b7POLIT\u00c9CNICO GRANCOLOMBIANO Especializaci\u00f3n en Gerencia de Mercadeo. \u00b7UNIVERSIDAD NACIONAL ABIERTA Y A DISTANCIA Administraci\u00f3n de Empresas. \u00b7SERVICIO NACIONAL DE APRENDIZAJE-SENA Mercadotecnia. \u00b7UNIVERSIDAD CENTRAL Publicidad. \u00b7COLEGIO SALESIANO DE LE\u00d3N XIII Bachiller Acad\u00e9mico. EXPERIENCIA EXALUMNAL: ASOCIACI\u00d3N DE EXALUMNOS SDB-AEXSDBINSPECTOR\u00cdA SAN PEDRO CLAVER Presidente Sexenio 2021-2027. \u00b7ASOCIACI\u00d3N DE EXALUMNOS SDB-AEXSDBINSPECTOR\u00cdA SAN PEDRO CLAVER Vicepresidente Sexenio 2015-2021. \u00b7COLEGIO SALESIANO DE LE\u00d3N XIII. L\u00edder Promoci\u00f3n 1969. EXALUMNAL\",\"url\":\"https:\/\/www.omaec.org\/fr\/author\/omaec-admin\/\"}]}<\/script>\n<!-- \/ Yoast SEO plugin. -->","yoast_head_json":{"title":"Anciens \u00e9l\u00e8ves Don Bosco - Salutacions du pr\u00e9sident - Organizaci\u00f3n Mundial de Antiguos Alumnos de la Educaci\u00f3n Cat\u00f3lica","robots":{"index":"index","follow":"follow","max-snippet":"max-snippet:-1","max-image-preview":"max-image-preview:large","max-video-preview":"max-video-preview:-1"},"canonical":"https:\/\/www.omaec.org\/exalumnos-don-bosco-saludo-del-presidente\/","og_locale":"fr_FR","og_type":"article","og_title":"Anciens \u00e9l\u00e8ves Don Bosco - Salutacions du pr\u00e9sident - Organizaci\u00f3n Mundial de Antiguos Alumnos de la Educaci\u00f3n Cat\u00f3lica","og_description":"Chers anciens \u00e9l\u00e8ves et amis de Don Bosco, Je suis tr\u00e8s heureux de pouvoir partager quelques r\u00e9flexions dans cette nouvelle publication. En 2020, c&rsquo;est pour nous, anciens \u00e9l\u00e8ves et amis de Don Bosco, un moment m\u00e9morable de c\u00e9l\u00e9brer l&rsquo;ann\u00e9e jubilaire des anciens \u00e9l\u00e8ves car c&rsquo;est le 150e anniversaire de la fondation de notre mouvement. Je (more...)","og_url":"https:\/\/www.omaec.org\/exalumnos-don-bosco-saludo-del-presidente\/","og_site_name":"Organizaci\u00f3n Mundial de Antiguos Alumnos de la Educaci\u00f3n Cat\u00f3lica","article_published_time":"2020-02-22T18:25:45+00:00","og_image":[{"width":720,"height":428,"url":"https:\/\/www.omaec.org\/wp-content\/uploads\/2020\/02\/Hort-Michal.jpg","type":"image\/jpeg"}],"author":"Secretario General","twitter_card":"summary_large_image","twitter_misc":{"\u00c9crit par":"Secretario General","Dur\u00e9e de lecture estim\u00e9e":"2 minutes"},"schema":{"@context":"https:\/\/schema.org","@graph":[{"@type":"Article","@id":"https:\/\/www.omaec.org\/exalumnos-don-bosco-saludo-del-presidente\/#article","isPartOf":{"@id":"https:\/\/www.omaec.org\/exalumnos-don-bosco-saludo-del-presidente\/"},"author":{"name":"Secretario General","@id":"https:\/\/www.omaec.org\/#\/schema\/person\/b6995e5c4038e3cf602f2bb958068c35"},"headline":"Anciens \u00e9l\u00e8ves Don Bosco &#8211; Salutacions du pr\u00e9sident","datePublished":"2020-02-22T18:25:45+00:00","dateModified":"2020-02-22T18:25:45+00:00","mainEntityOfPage":{"@id":"https:\/\/www.omaec.org\/exalumnos-don-bosco-saludo-del-presidente\/"},"wordCount":371,"publisher":{"@id":"https:\/\/www.omaec.org\/#organization"},"articleSection":["Messages"],"inLanguage":"fr-FR"},{"@type":"WebPage","@id":"https:\/\/www.omaec.org\/exalumnos-don-bosco-saludo-del-presidente\/","url":"https:\/\/www.omaec.org\/exalumnos-don-bosco-saludo-del-presidente\/","name":"Anciens \u00e9l\u00e8ves Don Bosco - Salutacions du pr\u00e9sident - Organizaci\u00f3n Mundial de Antiguos Alumnos de la Educaci\u00f3n Cat\u00f3lica","isPartOf":{"@id":"https:\/\/www.omaec.org\/#website"},"datePublished":"2020-02-22T18:25:45+00:00","dateModified":"2020-02-22T18:25:45+00:00","breadcrumb":{"@id":"https:\/\/www.omaec.org\/exalumnos-don-bosco-saludo-del-presidente\/#breadcrumb"},"inLanguage":"fr-FR","potentialAction":[{"@type":"ReadAction","target":["https:\/\/www.omaec.org\/exalumnos-don-bosco-saludo-del-presidente\/"]}]},{"@type":"BreadcrumbList","@id":"https:\/\/www.omaec.org\/exalumnos-don-bosco-saludo-del-presidente\/#breadcrumb","itemListElement":[{"@type":"ListItem","position":1,"name":"Portada","item":"https:\/\/www.omaec.org\/fr\/"},{"@type":"ListItem","position":2,"name":"Anciens \u00e9l\u00e8ves Don Bosco &#8211; Salutacions du pr\u00e9sident"}]},{"@type":"WebSite","@id":"https:\/\/www.omaec.org\/#website","url":"https:\/\/www.omaec.org\/","name":"Organizaci\u00f3n Mundial de Antiguos Alumnos de la Educaci\u00f3n Cat\u00f3lica","description":"OMAEC","publisher":{"@id":"https:\/\/www.omaec.org\/#organization"},"potentialAction":[{"@type":"SearchAction","target":{"@type":"EntryPoint","urlTemplate":"https:\/\/www.omaec.org\/?s={search_term_string}"},"query-input":"required name=search_term_string"}],"inLanguage":"fr-FR"},{"@type":"Organization","@id":"https:\/\/www.omaec.org\/#organization","name":"Organizaci\u00f3n Mundial de Antiguos Alumnos de la Educaci\u00f3n Cat\u00f3lica","url":"https:\/\/www.omaec.org\/","logo":{"@type":"ImageObject","inLanguage":"fr-FR","@id":"https:\/\/www.omaec.org\/#\/schema\/logo\/image\/","url":"https:\/\/www.omaec.org\/wp-content\/uploads\/2021\/06\/OMAEC-LOGO-OFICIAL.jpg","contentUrl":"https:\/\/www.omaec.org\/wp-content\/uploads\/2021\/06\/OMAEC-LOGO-OFICIAL.jpg","width":525,"height":452,"caption":"Organizaci\u00f3n Mundial de Antiguos  Alumnos de la Educaci\u00f3n Cat\u00f3lica"},"image":{"@id":"https:\/\/www.omaec.org\/#\/schema\/logo\/image\/"}},{"@type":"Person","@id":"https:\/\/www.omaec.org\/#\/schema\/person\/b6995e5c4038e3cf602f2bb958068c35","name":"Secretario General","image":{"@type":"ImageObject","inLanguage":"fr-FR","@id":"https:\/\/www.omaec.org\/#\/schema\/person\/image\/","url":"https:\/\/www.omaec.org\/wp-content\/uploads\/2025\/03\/FOTO-GUILLERMO-GUTIERREZ-PIRAQUIVE-OMAEC-96x96.jpg","contentUrl":"https:\/\/www.omaec.org\/wp-content\/uploads\/2025\/03\/FOTO-GUILLERMO-GUTIERREZ-PIRAQUIVE-OMAEC-96x96.jpg","caption":"Secretario General"},"description":"EXPERIENCIA LABORAL: SERVICIO NACIONAL DE APRENDIZAJE-SENA Regional Bogot\u00e1. Centro de Gesti\u00f3n de Mercados, Log\u00edstica y Tecnolog\u00edas de la Informaci\u00f3n. \u00b7Instructor de Mercadeo. SERVICIO NACIONAL DE APRENDIZAJE-SENA Regional Bogot\u00e1. Centro de Gesti\u00f3n Administrativa. \u00b7Instructor de Ventas. ARTESAN\u00cdAS DE COLOMBIA. \u00b7Administrador Centro Artesanal La Chamba (Tolima). PROGRAMADORA TELECULTURALES. \u00b7Asistente de Direcci\u00f3n AGENCIAS DE PUBLICIDAD: REP Y MASTER \u00b7Jefe de Medios SANCHO PUBLICIDAD \u00b7Jefe de Tr\u00e1fico. LEO BURNETT \u00b7Asistente de Medios. EDUCACION: \u00b7FUNDACI\u00d3N UNIVERSITARIA SALESIANA Diplomado en Salesianidad. \u00b7POLIT\u00c9CNICO GRANCOLOMBIANO Especializaci\u00f3n en Gerencia de Mercadeo. \u00b7UNIVERSIDAD NACIONAL ABIERTA Y A DISTANCIA Administraci\u00f3n de Empresas. \u00b7SERVICIO NACIONAL DE APRENDIZAJE-SENA Mercadotecnia. \u00b7UNIVERSIDAD CENTRAL Publicidad. \u00b7COLEGIO SALESIANO DE LE\u00d3N XIII Bachiller Acad\u00e9mico. EXPERIENCIA EXALUMNAL: ASOCIACI\u00d3N DE EXALUMNOS SDB-AEXSDBINSPECTOR\u00cdA SAN PEDRO CLAVER Presidente Sexenio 2021-2027. \u00b7ASOCIACI\u00d3N DE EXALUMNOS SDB-AEXSDBINSPECTOR\u00cdA SAN PEDRO CLAVER Vicepresidente Sexenio 2015-2021. \u00b7COLEGIO SALESIANO DE LE\u00d3N XIII. L\u00edder Promoci\u00f3n 1969. EXALUMNAL","url":"https:\/\/www.omaec.org\/fr\/author\/omaec-admin\/"}]}},"_links":{"self":[{"href":"https:\/\/www.omaec.org\/fr\/wp-json\/wp\/v2\/posts\/4446","targetHints":{"allow":["GET"]}}],"collection":[{"href":"https:\/\/www.omaec.org\/fr\/wp-json\/wp\/v2\/posts"}],"about":[{"href":"https:\/\/www.omaec.org\/fr\/wp-json\/wp\/v2\/types\/post"}],"author":[{"embeddable":true,"href":"https:\/\/www.omaec.org\/fr\/wp-json\/wp\/v2\/users\/1"}],"replies":[{"embeddable":true,"href":"https:\/\/www.omaec.org\/fr\/wp-json\/wp\/v2\/comments?post=4446"}],"version-history":[{"count":1,"href":"https:\/\/www.omaec.org\/fr\/wp-json\/wp\/v2\/posts\/4446\/revisions"}],"predecessor-version":[{"id":4447,"href":"https:\/\/www.omaec.org\/fr\/wp-json\/wp\/v2\/posts\/4446\/revisions\/4447"}],"wp:featuredmedia":[{"embeddable":true,"href":"https:\/\/www.omaec.org\/fr\/wp-json\/wp\/v2\/media\/4445"}],"wp:attachment":[{"href":"https:\/\/www.omaec.org\/fr\/wp-json\/wp\/v2\/media?parent=4446"}],"wp:term":[{"taxonomy":"category","embeddable":true,"href":"https:\/\/www.omaec.org\/fr\/wp-json\/wp\/v2\/categories?post=4446"},{"taxonomy":"post_tag","embeddable":true,"href":"https:\/\/www.omaec.org\/fr\/wp-json\/wp\/v2\/tags?post=4446"}],"curies":[{"name":"wp","href":"https:\/\/api.w.org\/{rel}","templated":true}]}}