{"id":444,"date":"2015-01-04T16:28:50","date_gmt":"2015-01-04T15:28:50","guid":{"rendered":"http:\/\/omaec.org\/2015\/01\/04\/la-confederacion-don-bosco-visita-los-campamentos-saharauis-2\/"},"modified":"2016-01-31T20:59:06","modified_gmt":"2016-01-31T19:59:06","slug":"la-confederacion-don-bosco-visita-los-campamentos-saharauis","status":"publish","type":"post","link":"https:\/\/www.omaec.org\/fr\/la-confederacion-don-bosco-visita-los-campamentos-saharauis\/","title":{"rendered":"Don Bosco Conf\u00e9d\u00e9ration visiter les camps sahraouis"},"content":{"rendered":"<p>Tindouf, le 4 Janvier.<br \/>\n<strong>Don Bosco Conf\u00e9d\u00e9ration<\/strong>, repr\u00e9sent\u00e9e par son ancien pr\u00e9sident <strong>Ange Gudi\u00f1a<\/strong> fait partie de la jeune d\u00e9l\u00e9gation organis\u00e9e par le CJE et CEAS-Sahara (coordonnateur de l&rsquo;Etat de Amis associations du peuple sahraoui) qui a eu lieu du 29 D\u00e9cembre to 3 Janvier \u00e0 El-Ausserd, co\u00efncidant avec le VIIIe Congr\u00e8s de l&rsquo;UJSARIO (Conseil de la jeunesse du peuple sahraoui), qui a \u00e9lu le nouveau Secr\u00e9taire g\u00e9n\u00e9ral.<\/p>\n<p>Le 29 D\u00e9cembre, nous avons assist\u00e9 \u00e0 l&rsquo;ouverture de la huiti\u00e8me Congr\u00e8s dans lequel un grand nombre d&rsquo;officiers \u00e9taient pr\u00e9sents, y compris le Pr\u00e9sident de la R\u00e9publique arabe sahraouie d\u00e9mocratique (RASD) M. Abdelaziz et UJSARIO qui a reconnu le travail de certaines entit\u00e9s, dont la CJE, une distinction honorifique. Les D\u00e9cembre 30 d\u00e9l\u00e9gu\u00e9s \u00e9trangers ont particip\u00e9 \u00e0 la Conf\u00e9rence de solidarit\u00e9 avec le peuple sahraoui \u00e0 travers des ateliers sur la situation du peuple sahraoui: la violation des droits de l&rsquo;homme dans les zones occup\u00e9es par le Maroc (expliqu\u00e9 par l&rsquo;AFAPREDESA, Association des familles de personnes disparues et tortur\u00e9) mur de la Honte (qui divise le pays de bout en bout) et le pillage des ressources naturelles.<\/p>\n<p>Le jour 31, nous assist\u00e9 \u00e0 une parade festive et l&rsquo;\u00e9coute de la soir\u00e9e \u00e0 certains des candidats au poste de Secr\u00e9taire g\u00e9n\u00e9ral de l&rsquo;UJSARIO et nous avons eu une discussion avec M. Khadad le repr\u00e9sentant sahraoui \u00e0 la MINURSO (Mission des Nations Unies pour le r\u00e9f\u00e9rendum au Sahara occidental , qui, incidemment, ne garantit pas le respect des droits de l&rsquo;homme dans la r\u00e9gion, en d\u00e9pit de la violation constante de celui-ci) o\u00f9 l&rsquo;on pouvait voir de premi\u00e8re main, les difficult\u00e9s de la mission de l&rsquo;ONU dont l&rsquo;objectif est r\u00e9f\u00e9rendum d&rsquo;autod\u00e9termination (droit de tout) territoire d\u00e9colonis\u00e9 entrav\u00e9e par des pays comme la France et l&rsquo;Espagne.<\/p>\n<p>Apr\u00e8s un tr\u00e8s diff\u00e9rente c\u00e9l\u00e9bration de la fin de l&rsquo;ann\u00e9e, chacune avec sa famille d&rsquo;accueil sahraoui, jour 1 nous passons \u00e0 \u00abterritoire lib\u00e9r\u00e9\u00bb du Sahara occidental \u00e0 se joindre \u00e0 des manifestations \u00ab\u00a0qui crie contre le mur\u00a0\u00bb et savent de premi\u00e8re main que abomination, tout en maintenant un mars de protestation pacifique contre la garde champ de mines 2700 km de ce mur qui, en plus de milliers de familles s\u00e9par\u00e9es, permettant l&rsquo;exploitation des ressources naturelles par le Maroc.<\/p>\n<p>Le 2 Janvier montait partie des camps, sachant Rabuni, o\u00f9 le si\u00e8ge du gouvernement du Front Polisario, et nous avons visit\u00e9 le Mus\u00e9e de la R\u00e9sistance et le si\u00e8ge de l&rsquo;AFAPREDESA, ou camp 27 F\u00e9vrier, o\u00f9 nous avons interview\u00e9 avec le gouverneur qui nous a dit la m\u00eame exp\u00e9rience en politique chez une femme sahraouie, et nous avons vu, non seulement ici mais partout dans le voyage, l&rsquo;\u00e9norme degr\u00e9 d&rsquo;ind\u00e9pendance qui a une femme sahraouie par rapport \u00e0 d&rsquo;autres pays arabes.<\/p>\n<p>Retour \u00e0 El-Ausserd nous avons eu la chance d&rsquo;avoir une rencontre avec Zein Sidahmed, nouvellement \u00e9lu secr\u00e9taire UJSARIO qui a pr\u00e9sent\u00e9 quelques id\u00e9es sur la fa\u00e7on de concentrer l&rsquo;UJSARIO les ann\u00e9es \u00e0 venir et r\u00e9pond aux questions de d\u00e9l\u00e9gu\u00e9s \u00e9trangers \u00e0 la derni\u00e8re minute pourrait parler avec Mohamed Sidati ministre pour l&rsquo;Europe, sur la relation de l&rsquo;UE avec la RASD et le Maroc, dont le r\u00e9cent accord de p\u00eache (l&rsquo;extension du pillage des stocks de poissons, ne b\u00e9n\u00e9ficieront pas de la population sahraouie), dont l&rsquo;Espagne est le principal b\u00e9n\u00e9ficiaire de l&rsquo;UE.<\/p>\n<p>Le 3 Janvier, \u00e9tait jour de planifier les actions futures au niveau des activit\u00e9s de plaidoyer, de sensibilisation et de coop\u00e9ration, et que des licenciements avec nos familles sahraouies, qui ont partag\u00e9 avec nous beaucoup plus que nous avons eu et nous a fait comprendre la duret\u00e9 non seulement les conditions de vie dans le d\u00e9sert, mais vivent dans l&rsquo;incertitude constante de ne pas savoir quand le retour tant attendu de leur terre se produira.<\/p>\n<p>&nbsp;<\/p>\n<p>&nbsp;<\/p>\n<p><a href=\"http:\/\/omaec.org\/wp-content\/uploads\/2015\/01\/02.jpg\" rel=\"attachment wp-att-319\"><img decoding=\"async\" class=\"alignnone size-thumbnail wp-image-319\" src=\"http:\/\/omaec.org\/wp-content\/uploads\/2015\/01\/02.jpg\" alt=\"02\" width=\"100%\" height=\"auto\" srcset=\"https:\/\/www.omaec.org\/wp-content\/uploads\/2015\/01\/02.jpg 1952w, https:\/\/www.omaec.org\/wp-content\/uploads\/2015\/01\/02-300x286.jpg 300w, https:\/\/www.omaec.org\/wp-content\/uploads\/2015\/01\/02-768x733.jpg 768w, https:\/\/www.omaec.org\/wp-content\/uploads\/2015\/01\/02-1024x978.jpg 1024w, https:\/\/www.omaec.org\/wp-content\/uploads\/2015\/01\/02-600x573.jpg 600w, https:\/\/www.omaec.org\/wp-content\/uploads\/2015\/01\/02-150x143.jpg 150w\" sizes=\"(max-width: 1952px) 100vw, 1952px\" \/><\/a><\/p>\n","protected":false},"excerpt":{"rendered":"<p>Tindouf, le 4 Janvier. Don Bosco Conf\u00e9d\u00e9ration, repr\u00e9sent\u00e9e par son ancien pr\u00e9sident Ange Gudi\u00f1a fait partie de la jeune d\u00e9l\u00e9gation organis\u00e9e par le CJE et CEAS-Sahara (coordonnateur de l&rsquo;Etat de Amis associations du peuple sahraoui) qui a eu lieu du 29 D\u00e9cembre to 3 Janvier \u00e0 El-Ausserd, co\u00efncidant avec le VIIIe Congr\u00e8s de l&rsquo;UJSARIO (Conseil <a href=\"https:\/\/www.omaec.org\/fr\/la-confederacion-don-bosco-visita-los-campamentos-saharauis\/\" rel=\"nofollow\">(more&#8230;)<\/a><\/p>\n","protected":false},"author":1,"featured_media":318,"comment_status":"open","ping_status":"open","sticky":false,"template":"","format":"standard","meta":{"footnotes":""},"categories":[46],"tags":[],"class_list":["post-444","post","type-post","status-publish","format-standard","has-post-thumbnail","hentry","category-solidarite"],"acf":[],"yoast_head":"<!-- This site is optimized with the Yoast SEO plugin v20.11 - https:\/\/yoast.com\/wordpress\/plugins\/seo\/ -->\n<title>Don Bosco Conf\u00e9d\u00e9ration visiter les camps sahraouis - Organizaci\u00f3n Mundial de Antiguos Alumnos de la Educaci\u00f3n Cat\u00f3lica<\/title>\n<meta name=\"robots\" content=\"index, follow, max-snippet:-1, max-image-preview:large, max-video-preview:-1\" \/>\n<link rel=\"canonical\" href=\"https:\/\/www.omaec.org\/la-confederacion-don-bosco-visita-los-campamentos-saharauis\/\" \/>\n<meta property=\"og:locale\" content=\"fr_FR\" \/>\n<meta property=\"og:type\" content=\"article\" \/>\n<meta property=\"og:title\" content=\"Don Bosco Conf\u00e9d\u00e9ration visiter les camps sahraouis - Organizaci\u00f3n Mundial de Antiguos Alumnos de la Educaci\u00f3n Cat\u00f3lica\" \/>\n<meta property=\"og:description\" content=\"Tindouf, le 4 Janvier. Don Bosco Conf\u00e9d\u00e9ration, repr\u00e9sent\u00e9e par son ancien pr\u00e9sident Ange Gudi\u00f1a fait partie de la jeune d\u00e9l\u00e9gation organis\u00e9e par le CJE et CEAS-Sahara (coordonnateur de l&rsquo;Etat de Amis associations du peuple sahraoui) qui a eu lieu du 29 D\u00e9cembre to 3 Janvier \u00e0 El-Ausserd, co\u00efncidant avec le VIIIe Congr\u00e8s de l&rsquo;UJSARIO (Conseil (more...)\" \/>\n<meta property=\"og:url\" content=\"https:\/\/www.omaec.org\/la-confederacion-don-bosco-visita-los-campamentos-saharauis\/\" \/>\n<meta property=\"og:site_name\" content=\"Organizaci\u00f3n Mundial de Antiguos Alumnos de la Educaci\u00f3n Cat\u00f3lica\" \/>\n<meta property=\"article:published_time\" content=\"2015-01-04T15:28:50+00:00\" \/>\n<meta property=\"article:modified_time\" content=\"2016-01-31T19:59:06+00:00\" \/>\n<meta property=\"og:image\" content=\"https:\/\/www.omaec.org\/wp-content\/uploads\/2015\/01\/01.jpg\" \/>\n\t<meta property=\"og:image:width\" content=\"960\" \/>\n\t<meta property=\"og:image:height\" content=\"637\" \/>\n\t<meta property=\"og:image:type\" content=\"image\/jpeg\" \/>\n<meta name=\"author\" content=\"Secretario General\" \/>\n<meta name=\"twitter:card\" content=\"summary_large_image\" \/>\n<meta name=\"twitter:label1\" content=\"\u00c9crit par\" \/>\n\t<meta name=\"twitter:data1\" content=\"Secretario General\" \/>\n\t<meta name=\"twitter:label2\" content=\"Dur\u00e9e de lecture estim\u00e9e\" \/>\n\t<meta name=\"twitter:data2\" content=\"3 minutes\" \/>\n<script type=\"application\/ld+json\" class=\"yoast-schema-graph\">{\"@context\":\"https:\/\/schema.org\",\"@graph\":[{\"@type\":\"Article\",\"@id\":\"https:\/\/www.omaec.org\/la-confederacion-don-bosco-visita-los-campamentos-saharauis\/#article\",\"isPartOf\":{\"@id\":\"https:\/\/www.omaec.org\/la-confederacion-don-bosco-visita-los-campamentos-saharauis\/\"},\"author\":{\"name\":\"Secretario General\",\"@id\":\"https:\/\/www.omaec.org\/#\/schema\/person\/b6995e5c4038e3cf602f2bb958068c35\"},\"headline\":\"Don Bosco Conf\u00e9d\u00e9ration visiter les camps sahraouis\",\"datePublished\":\"2015-01-04T15:28:50+00:00\",\"dateModified\":\"2016-01-31T19:59:06+00:00\",\"mainEntityOfPage\":{\"@id\":\"https:\/\/www.omaec.org\/la-confederacion-don-bosco-visita-los-campamentos-saharauis\/\"},\"wordCount\":713,\"commentCount\":0,\"publisher\":{\"@id\":\"https:\/\/www.omaec.org\/#organization\"},\"articleSection\":[\"Solidarit\u00e9\"],\"inLanguage\":\"fr-FR\",\"potentialAction\":[{\"@type\":\"CommentAction\",\"name\":\"Comment\",\"target\":[\"https:\/\/www.omaec.org\/la-confederacion-don-bosco-visita-los-campamentos-saharauis\/#respond\"]}]},{\"@type\":\"WebPage\",\"@id\":\"https:\/\/www.omaec.org\/la-confederacion-don-bosco-visita-los-campamentos-saharauis\/\",\"url\":\"https:\/\/www.omaec.org\/la-confederacion-don-bosco-visita-los-campamentos-saharauis\/\",\"name\":\"Don Bosco Conf\u00e9d\u00e9ration visiter les camps sahraouis - Organizaci\u00f3n Mundial de Antiguos Alumnos de la Educaci\u00f3n Cat\u00f3lica\",\"isPartOf\":{\"@id\":\"https:\/\/www.omaec.org\/#website\"},\"datePublished\":\"2015-01-04T15:28:50+00:00\",\"dateModified\":\"2016-01-31T19:59:06+00:00\",\"breadcrumb\":{\"@id\":\"https:\/\/www.omaec.org\/la-confederacion-don-bosco-visita-los-campamentos-saharauis\/#breadcrumb\"},\"inLanguage\":\"fr-FR\",\"potentialAction\":[{\"@type\":\"ReadAction\",\"target\":[\"https:\/\/www.omaec.org\/la-confederacion-don-bosco-visita-los-campamentos-saharauis\/\"]}]},{\"@type\":\"BreadcrumbList\",\"@id\":\"https:\/\/www.omaec.org\/la-confederacion-don-bosco-visita-los-campamentos-saharauis\/#breadcrumb\",\"itemListElement\":[{\"@type\":\"ListItem\",\"position\":1,\"name\":\"Portada\",\"item\":\"https:\/\/www.omaec.org\/fr\/\"},{\"@type\":\"ListItem\",\"position\":2,\"name\":\"Don Bosco Conf\u00e9d\u00e9ration visiter les camps sahraouis\"}]},{\"@type\":\"WebSite\",\"@id\":\"https:\/\/www.omaec.org\/#website\",\"url\":\"https:\/\/www.omaec.org\/\",\"name\":\"Organizaci\u00f3n Mundial de Antiguos Alumnos de la Educaci\u00f3n Cat\u00f3lica\",\"description\":\"OMAEC\",\"publisher\":{\"@id\":\"https:\/\/www.omaec.org\/#organization\"},\"potentialAction\":[{\"@type\":\"SearchAction\",\"target\":{\"@type\":\"EntryPoint\",\"urlTemplate\":\"https:\/\/www.omaec.org\/?s={search_term_string}\"},\"query-input\":\"required name=search_term_string\"}],\"inLanguage\":\"fr-FR\"},{\"@type\":\"Organization\",\"@id\":\"https:\/\/www.omaec.org\/#organization\",\"name\":\"Organizaci\u00f3n Mundial de Antiguos Alumnos de la Educaci\u00f3n Cat\u00f3lica\",\"url\":\"https:\/\/www.omaec.org\/\",\"logo\":{\"@type\":\"ImageObject\",\"inLanguage\":\"fr-FR\",\"@id\":\"https:\/\/www.omaec.org\/#\/schema\/logo\/image\/\",\"url\":\"https:\/\/www.omaec.org\/wp-content\/uploads\/2021\/06\/OMAEC-LOGO-OFICIAL.jpg\",\"contentUrl\":\"https:\/\/www.omaec.org\/wp-content\/uploads\/2021\/06\/OMAEC-LOGO-OFICIAL.jpg\",\"width\":525,\"height\":452,\"caption\":\"Organizaci\u00f3n Mundial de Antiguos  Alumnos de la Educaci\u00f3n Cat\u00f3lica\"},\"image\":{\"@id\":\"https:\/\/www.omaec.org\/#\/schema\/logo\/image\/\"}},{\"@type\":\"Person\",\"@id\":\"https:\/\/www.omaec.org\/#\/schema\/person\/b6995e5c4038e3cf602f2bb958068c35\",\"name\":\"Secretario General\",\"image\":{\"@type\":\"ImageObject\",\"inLanguage\":\"fr-FR\",\"@id\":\"https:\/\/www.omaec.org\/#\/schema\/person\/image\/\",\"url\":\"https:\/\/www.omaec.org\/wp-content\/uploads\/2025\/03\/FOTO-GUILLERMO-GUTIERREZ-PIRAQUIVE-OMAEC-96x96.jpg\",\"contentUrl\":\"https:\/\/www.omaec.org\/wp-content\/uploads\/2025\/03\/FOTO-GUILLERMO-GUTIERREZ-PIRAQUIVE-OMAEC-96x96.jpg\",\"caption\":\"Secretario General\"},\"description\":\"EXPERIENCIA LABORAL: SERVICIO NACIONAL DE APRENDIZAJE-SENA Regional Bogot\u00e1. Centro de Gesti\u00f3n de Mercados, Log\u00edstica y Tecnolog\u00edas de la Informaci\u00f3n. \u00b7Instructor de Mercadeo. SERVICIO NACIONAL DE APRENDIZAJE-SENA Regional Bogot\u00e1. Centro de Gesti\u00f3n Administrativa. \u00b7Instructor de Ventas. ARTESAN\u00cdAS DE COLOMBIA. \u00b7Administrador Centro Artesanal La Chamba (Tolima). PROGRAMADORA TELECULTURALES. \u00b7Asistente de Direcci\u00f3n AGENCIAS DE PUBLICIDAD: REP Y MASTER \u00b7Jefe de Medios SANCHO PUBLICIDAD \u00b7Jefe de Tr\u00e1fico. LEO BURNETT \u00b7Asistente de Medios. EDUCACION: \u00b7FUNDACI\u00d3N UNIVERSITARIA SALESIANA Diplomado en Salesianidad. \u00b7POLIT\u00c9CNICO GRANCOLOMBIANO Especializaci\u00f3n en Gerencia de Mercadeo. \u00b7UNIVERSIDAD NACIONAL ABIERTA Y A DISTANCIA Administraci\u00f3n de Empresas. \u00b7SERVICIO NACIONAL DE APRENDIZAJE-SENA Mercadotecnia. \u00b7UNIVERSIDAD CENTRAL Publicidad. \u00b7COLEGIO SALESIANO DE LE\u00d3N XIII Bachiller Acad\u00e9mico. EXPERIENCIA EXALUMNAL: ASOCIACI\u00d3N DE EXALUMNOS SDB-AEXSDBINSPECTOR\u00cdA SAN PEDRO CLAVER Presidente Sexenio 2021-2027. \u00b7ASOCIACI\u00d3N DE EXALUMNOS SDB-AEXSDBINSPECTOR\u00cdA SAN PEDRO CLAVER Vicepresidente Sexenio 2015-2021. \u00b7COLEGIO SALESIANO DE LE\u00d3N XIII. L\u00edder Promoci\u00f3n 1969. EXALUMNAL\",\"url\":\"https:\/\/www.omaec.org\/fr\/author\/omaec-admin\/\"}]}<\/script>\n<!-- \/ Yoast SEO plugin. -->","yoast_head_json":{"title":"Don Bosco Conf\u00e9d\u00e9ration visiter les camps sahraouis - Organizaci\u00f3n Mundial de Antiguos Alumnos de la Educaci\u00f3n Cat\u00f3lica","robots":{"index":"index","follow":"follow","max-snippet":"max-snippet:-1","max-image-preview":"max-image-preview:large","max-video-preview":"max-video-preview:-1"},"canonical":"https:\/\/www.omaec.org\/la-confederacion-don-bosco-visita-los-campamentos-saharauis\/","og_locale":"fr_FR","og_type":"article","og_title":"Don Bosco Conf\u00e9d\u00e9ration visiter les camps sahraouis - Organizaci\u00f3n Mundial de Antiguos Alumnos de la Educaci\u00f3n Cat\u00f3lica","og_description":"Tindouf, le 4 Janvier. Don Bosco Conf\u00e9d\u00e9ration, repr\u00e9sent\u00e9e par son ancien pr\u00e9sident Ange Gudi\u00f1a fait partie de la jeune d\u00e9l\u00e9gation organis\u00e9e par le CJE et CEAS-Sahara (coordonnateur de l&rsquo;Etat de Amis associations du peuple sahraoui) qui a eu lieu du 29 D\u00e9cembre to 3 Janvier \u00e0 El-Ausserd, co\u00efncidant avec le VIIIe Congr\u00e8s de l&rsquo;UJSARIO (Conseil (more...)","og_url":"https:\/\/www.omaec.org\/la-confederacion-don-bosco-visita-los-campamentos-saharauis\/","og_site_name":"Organizaci\u00f3n Mundial de Antiguos Alumnos de la Educaci\u00f3n Cat\u00f3lica","article_published_time":"2015-01-04T15:28:50+00:00","article_modified_time":"2016-01-31T19:59:06+00:00","og_image":[{"width":960,"height":637,"url":"https:\/\/www.omaec.org\/wp-content\/uploads\/2015\/01\/01.jpg","type":"image\/jpeg"}],"author":"Secretario General","twitter_card":"summary_large_image","twitter_misc":{"\u00c9crit par":"Secretario General","Dur\u00e9e de lecture estim\u00e9e":"3 minutes"},"schema":{"@context":"https:\/\/schema.org","@graph":[{"@type":"Article","@id":"https:\/\/www.omaec.org\/la-confederacion-don-bosco-visita-los-campamentos-saharauis\/#article","isPartOf":{"@id":"https:\/\/www.omaec.org\/la-confederacion-don-bosco-visita-los-campamentos-saharauis\/"},"author":{"name":"Secretario General","@id":"https:\/\/www.omaec.org\/#\/schema\/person\/b6995e5c4038e3cf602f2bb958068c35"},"headline":"Don Bosco Conf\u00e9d\u00e9ration visiter les camps sahraouis","datePublished":"2015-01-04T15:28:50+00:00","dateModified":"2016-01-31T19:59:06+00:00","mainEntityOfPage":{"@id":"https:\/\/www.omaec.org\/la-confederacion-don-bosco-visita-los-campamentos-saharauis\/"},"wordCount":713,"commentCount":0,"publisher":{"@id":"https:\/\/www.omaec.org\/#organization"},"articleSection":["Solidarit\u00e9"],"inLanguage":"fr-FR","potentialAction":[{"@type":"CommentAction","name":"Comment","target":["https:\/\/www.omaec.org\/la-confederacion-don-bosco-visita-los-campamentos-saharauis\/#respond"]}]},{"@type":"WebPage","@id":"https:\/\/www.omaec.org\/la-confederacion-don-bosco-visita-los-campamentos-saharauis\/","url":"https:\/\/www.omaec.org\/la-confederacion-don-bosco-visita-los-campamentos-saharauis\/","name":"Don Bosco Conf\u00e9d\u00e9ration visiter les camps sahraouis - Organizaci\u00f3n Mundial de Antiguos Alumnos de la Educaci\u00f3n Cat\u00f3lica","isPartOf":{"@id":"https:\/\/www.omaec.org\/#website"},"datePublished":"2015-01-04T15:28:50+00:00","dateModified":"2016-01-31T19:59:06+00:00","breadcrumb":{"@id":"https:\/\/www.omaec.org\/la-confederacion-don-bosco-visita-los-campamentos-saharauis\/#breadcrumb"},"inLanguage":"fr-FR","potentialAction":[{"@type":"ReadAction","target":["https:\/\/www.omaec.org\/la-confederacion-don-bosco-visita-los-campamentos-saharauis\/"]}]},{"@type":"BreadcrumbList","@id":"https:\/\/www.omaec.org\/la-confederacion-don-bosco-visita-los-campamentos-saharauis\/#breadcrumb","itemListElement":[{"@type":"ListItem","position":1,"name":"Portada","item":"https:\/\/www.omaec.org\/fr\/"},{"@type":"ListItem","position":2,"name":"Don Bosco Conf\u00e9d\u00e9ration visiter les camps sahraouis"}]},{"@type":"WebSite","@id":"https:\/\/www.omaec.org\/#website","url":"https:\/\/www.omaec.org\/","name":"Organizaci\u00f3n Mundial de Antiguos Alumnos de la Educaci\u00f3n Cat\u00f3lica","description":"OMAEC","publisher":{"@id":"https:\/\/www.omaec.org\/#organization"},"potentialAction":[{"@type":"SearchAction","target":{"@type":"EntryPoint","urlTemplate":"https:\/\/www.omaec.org\/?s={search_term_string}"},"query-input":"required name=search_term_string"}],"inLanguage":"fr-FR"},{"@type":"Organization","@id":"https:\/\/www.omaec.org\/#organization","name":"Organizaci\u00f3n Mundial de Antiguos Alumnos de la Educaci\u00f3n Cat\u00f3lica","url":"https:\/\/www.omaec.org\/","logo":{"@type":"ImageObject","inLanguage":"fr-FR","@id":"https:\/\/www.omaec.org\/#\/schema\/logo\/image\/","url":"https:\/\/www.omaec.org\/wp-content\/uploads\/2021\/06\/OMAEC-LOGO-OFICIAL.jpg","contentUrl":"https:\/\/www.omaec.org\/wp-content\/uploads\/2021\/06\/OMAEC-LOGO-OFICIAL.jpg","width":525,"height":452,"caption":"Organizaci\u00f3n Mundial de Antiguos  Alumnos de la Educaci\u00f3n Cat\u00f3lica"},"image":{"@id":"https:\/\/www.omaec.org\/#\/schema\/logo\/image\/"}},{"@type":"Person","@id":"https:\/\/www.omaec.org\/#\/schema\/person\/b6995e5c4038e3cf602f2bb958068c35","name":"Secretario General","image":{"@type":"ImageObject","inLanguage":"fr-FR","@id":"https:\/\/www.omaec.org\/#\/schema\/person\/image\/","url":"https:\/\/www.omaec.org\/wp-content\/uploads\/2025\/03\/FOTO-GUILLERMO-GUTIERREZ-PIRAQUIVE-OMAEC-96x96.jpg","contentUrl":"https:\/\/www.omaec.org\/wp-content\/uploads\/2025\/03\/FOTO-GUILLERMO-GUTIERREZ-PIRAQUIVE-OMAEC-96x96.jpg","caption":"Secretario General"},"description":"EXPERIENCIA LABORAL: SERVICIO NACIONAL DE APRENDIZAJE-SENA Regional Bogot\u00e1. Centro de Gesti\u00f3n de Mercados, Log\u00edstica y Tecnolog\u00edas de la Informaci\u00f3n. \u00b7Instructor de Mercadeo. SERVICIO NACIONAL DE APRENDIZAJE-SENA Regional Bogot\u00e1. Centro de Gesti\u00f3n Administrativa. \u00b7Instructor de Ventas. ARTESAN\u00cdAS DE COLOMBIA. \u00b7Administrador Centro Artesanal La Chamba (Tolima). PROGRAMADORA TELECULTURALES. \u00b7Asistente de Direcci\u00f3n AGENCIAS DE PUBLICIDAD: REP Y MASTER \u00b7Jefe de Medios SANCHO PUBLICIDAD \u00b7Jefe de Tr\u00e1fico. LEO BURNETT \u00b7Asistente de Medios. EDUCACION: \u00b7FUNDACI\u00d3N UNIVERSITARIA SALESIANA Diplomado en Salesianidad. \u00b7POLIT\u00c9CNICO GRANCOLOMBIANO Especializaci\u00f3n en Gerencia de Mercadeo. \u00b7UNIVERSIDAD NACIONAL ABIERTA Y A DISTANCIA Administraci\u00f3n de Empresas. \u00b7SERVICIO NACIONAL DE APRENDIZAJE-SENA Mercadotecnia. \u00b7UNIVERSIDAD CENTRAL Publicidad. \u00b7COLEGIO SALESIANO DE LE\u00d3N XIII Bachiller Acad\u00e9mico. EXPERIENCIA EXALUMNAL: ASOCIACI\u00d3N DE EXALUMNOS SDB-AEXSDBINSPECTOR\u00cdA SAN PEDRO CLAVER Presidente Sexenio 2021-2027. \u00b7ASOCIACI\u00d3N DE EXALUMNOS SDB-AEXSDBINSPECTOR\u00cdA SAN PEDRO CLAVER Vicepresidente Sexenio 2015-2021. \u00b7COLEGIO SALESIANO DE LE\u00d3N XIII. L\u00edder Promoci\u00f3n 1969. EXALUMNAL","url":"https:\/\/www.omaec.org\/fr\/author\/omaec-admin\/"}]}},"_links":{"self":[{"href":"https:\/\/www.omaec.org\/fr\/wp-json\/wp\/v2\/posts\/444","targetHints":{"allow":["GET"]}}],"collection":[{"href":"https:\/\/www.omaec.org\/fr\/wp-json\/wp\/v2\/posts"}],"about":[{"href":"https:\/\/www.omaec.org\/fr\/wp-json\/wp\/v2\/types\/post"}],"author":[{"embeddable":true,"href":"https:\/\/www.omaec.org\/fr\/wp-json\/wp\/v2\/users\/1"}],"replies":[{"embeddable":true,"href":"https:\/\/www.omaec.org\/fr\/wp-json\/wp\/v2\/comments?post=444"}],"version-history":[{"count":2,"href":"https:\/\/www.omaec.org\/fr\/wp-json\/wp\/v2\/posts\/444\/revisions"}],"predecessor-version":[{"id":1283,"href":"https:\/\/www.omaec.org\/fr\/wp-json\/wp\/v2\/posts\/444\/revisions\/1283"}],"wp:featuredmedia":[{"embeddable":true,"href":"https:\/\/www.omaec.org\/fr\/wp-json\/wp\/v2\/media\/318"}],"wp:attachment":[{"href":"https:\/\/www.omaec.org\/fr\/wp-json\/wp\/v2\/media?parent=444"}],"wp:term":[{"taxonomy":"category","embeddable":true,"href":"https:\/\/www.omaec.org\/fr\/wp-json\/wp\/v2\/categories?post=444"},{"taxonomy":"post_tag","embeddable":true,"href":"https:\/\/www.omaec.org\/fr\/wp-json\/wp\/v2\/tags?post=444"}],"curies":[{"name":"wp","href":"https:\/\/api.w.org\/{rel}","templated":true}]}}