{"id":4369,"date":"2019-10-08T17:57:40","date_gmt":"2019-10-08T16:57:40","guid":{"rendered":"http:\/\/omaec.org\/?p=4369"},"modified":"2019-10-08T17:57:40","modified_gmt":"2019-10-08T16:57:40","slug":"federation-internationale-des-universites-catholiques-fiuc","status":"publish","type":"post","link":"https:\/\/www.omaec.org\/fr\/federation-internationale-des-universites-catholiques-fiuc\/","title":{"rendered":"F\u00e9d\u00e9ration Internationale des Universit\u00e9s Catholiques (FIUC)"},"content":{"rendered":"<p align=\"left\"><span style=\"color: #202020;\"><span style=\"font-family: Calibri, Arial, Helvetica, sans-serif;\"><span style=\"font-size: medium;\">Chers amis de la F\u00e9d\u00e9ration Internationale des Universit\u00e9s Catholiques (FIUC),<\/span><\/span><\/span><\/p>\n<p align=\"left\"><span style=\"color: #202020;\"><span style=\"font-family: Calibri, Arial, Helvetica, sans-serif;\"><span style=\"font-size: medium;\">\u00ab\u00a0<\/span><\/span><\/span><em><span style=\"color: #202020;\"><span style=\"font-family: Calibri, Arial, Helvetica, sans-serif;\"><span style=\"font-size: medium;\">Dans tous les pays, les\u00a0<\/span><\/span><\/span><\/em><strong><span style=\"color: #202020;\"><span style=\"font-family: Calibri, Arial, Helvetica, sans-serif;\"><span style=\"font-size: medium;\">Universit\u00e9s<\/span><\/span><\/span><\/strong><em><span style=\"color: #202020;\"><span style=\"font-family: Calibri, Arial, Helvetica, sans-serif;\"><span style=\"font-size: medium;\">\u00a0constituent le lieu principal de la recherche scientifique pour le progr\u00e8s des connaissances et de la soci\u00e9t\u00e9, remplissant un r\u00f4le d\u00e9terminant pour le d\u00e9veloppement \u00e9conomique, social et culturel, surtout \u00e0 une \u00e9poque comme la n\u00f4tre marqu\u00e9e par les\u00a0<\/span><\/span><\/span><\/em><strong><span style=\"color: #202020;\"><span style=\"font-family: Calibri, Arial, Helvetica, sans-serif;\"><span style=\"font-size: medium;\">changements rapides<\/span><\/span><\/span><\/strong><em><span style=\"color: #202020;\"><span style=\"font-family: Calibri, Arial, Helvetica, sans-serif;\"><span style=\"font-size: medium;\">, constants et consid\u00e9rables dans le domaine des\u00a0<\/span><\/span><\/span><\/em><strong><span style=\"color: #202020;\"><span style=\"font-family: Calibri, Arial, Helvetica, sans-serif;\"><span style=\"font-size: medium;\">sciences<\/span><\/span><\/span><\/strong><em><span style=\"color: #202020;\"><span style=\"font-family: Calibri, Arial, Helvetica, sans-serif;\"><span style=\"font-size: medium;\">\u00a0et des\u00a0<\/span><\/span><\/span><\/em><strong><span style=\"color: #202020;\"><span style=\"font-family: Calibri, Arial, Helvetica, sans-serif;\"><span style=\"font-size: medium;\">technologies<\/span><\/span><\/span><\/strong><em><span style=\"color: #202020;\"><span style=\"font-family: Calibri, Arial, Helvetica, sans-serif;\"><span style=\"font-size: medium;\">.<\/span><\/span><\/span><\/em><span style=\"color: #202020;\"><span style=\"font-family: Calibri, Arial, Helvetica, sans-serif;\"><span style=\"font-size: medium;\">\u00a0\u00bb\u00a0<\/span><\/span><\/span><\/p>\n<p align=\"left\"><span style=\"color: #202020;\"><span style=\"font-family: Calibri, Arial, Helvetica, sans-serif;\"><span style=\"font-size: medium;\">Pape Fran\u00e7ois,\u00a0<u>Veritatis gaudium,<\/u>\u00a0\u00a75, 2018<\/span><\/span><\/span><\/p>\n<p align=\"left\"><a href=\"http:\/\/omaec.org\/wp-content\/uploads\/2019\/10\/logo_cabecera_en.jpg\" rel=\"attachment wp-att-4367\"><img loading=\"lazy\" decoding=\"async\" class=\"size-medium wp-image-4367 alignleft\" src=\"http:\/\/omaec.org\/wp-content\/uploads\/2019\/10\/logo_cabecera_en-300x133.jpg\" alt=\"logo_cabecera_en\" width=\"300\" height=\"133\" srcset=\"https:\/\/www.omaec.org\/wp-content\/uploads\/2019\/10\/logo_cabecera_en-300x133.jpg 300w, https:\/\/www.omaec.org\/wp-content\/uploads\/2019\/10\/logo_cabecera_en-150x66.jpg 150w, https:\/\/www.omaec.org\/wp-content\/uploads\/2019\/10\/logo_cabecera_en.jpg 369w\" sizes=\"auto, (max-width: 300px) 100vw, 300px\" \/><\/a><\/p>\n<p align=\"justify\"><span style=\"color: #202020;\">\u00a0\u00a0\u00a0\u00a0<\/span><span style=\"color: #202020;\"><span style=\"font-family: Calibri, Arial, Helvetica, sans-serif;\"><span style=\"font-size: medium;\">Echanger, confronter les bonnes pratiques d&rsquo;universit\u00e9s du monde entier\u00a0face \u00e0 l&rsquo;\u00e9volution du milieu universitaire et de la recherche m\u00e9dicale. Voil\u00e0 ce \u00e0 quoi vous \u00eates invit\u00e9s lors de notre\u00a0nouveau Forum annuel\u00a0<\/span><\/span><\/span><strong><span style=\"color: #202020;\"><span style=\"font-family: Calibri, Arial, Helvetica, sans-serif;\"><span style=\"font-size: medium;\">\u00ab\u00a0Nouvelles fronti\u00e8res pour les dirigeants d\u2019universit\u00e9s: Le Futur de la Sant\u00e9 et de l&rsquo;Ecosyst\u00e8me Universitaire\u00a0\u00bb<\/span><\/span><\/span><\/strong><span style=\"color: #202020;\"><span style=\"font-family: Calibri, Arial, Helvetica, sans-serif;\"><span style=\"font-size: medium;\">, les 4 et 5 novembre 2019 prochains\u00a0\u00e0 Rome, au\u00a0Centro Congressi Augustinianum.\u200b<\/span><\/span><\/span><\/p>\n<p align=\"justify\"><span style=\"color: #202020;\"><em>\u00a0\u00a0\u00a0\u00a0<\/em><\/span><span style=\"color: #202020;\"><span style=\"font-family: Calibri, Arial, Helvetica, sans-serif;\"><span style=\"font-size: medium;\"><u><em>Sa Saintet\u00e9 le Pape Fran\u00e7ois<\/em><\/u><\/span><\/span><\/span><span style=\"color: #202020;\"><span style=\"font-size: medium;\">\u00a0<\/span><\/span><span style=\"color: #202020;\"><span style=\"font-family: Calibri, Arial, Helvetica, sans-serif;\"><span style=\"font-size: medium;\">nous fera \u00e9galement l&rsquo;honneur de nous recevoir en\u00a0<\/span><\/span><\/span><span style=\"color: #202020;\"><span style=\"font-family: Calibri, Arial, Helvetica, sans-serif;\"><span style=\"font-size: medium;\"><u><em>audience priv\u00e9e<\/em><\/u><\/span><\/span><\/span><span style=\"color: #202020;\"><span style=\"font-size: medium;\">\u00a0<\/span><\/span><span style=\"color: #202020;\"><span style=\"font-family: Calibri, Arial, Helvetica, sans-serif;\"><span style=\"font-size: medium;\">au matin du lundi 4 novembre afin de prendre part \u00e0 notre r\u00e9flexion commune.<\/span><\/span><\/span><\/p>\n<p align=\"justify\"><span style=\"color: #202020;\">\u00a0\u00a0\u00a0\u00a0<\/span><span style=\"color: #202020;\"><span style=\"font-family: Calibri, Arial, Helvetica, sans-serif;\"><span style=\"font-size: medium;\">Si<\/span><\/span><\/span><span style=\"color: #202020;\"><span style=\"font-size: medium;\">\u00a0<\/span><\/span><span style=\"color: #202020;\"><span style=\"font-family: Calibri, Arial, Helvetica, sans-serif;\"><span style=\"font-size: medium;\">ces th\u00e9matiques vous interpellent, vous pouvez encore vous inscrire sur notre\u00a0<\/span><\/span><\/span><a href=\"https:\/\/fiuc.us4.list-manage.com\/track\/click?u=dc86d0df5434daa85dde74c4c&amp;id=1a3205d08f&amp;e=c042ebdbca\" target=\"_blank\"><span style=\"color: #007c89;\"><span style=\"font-family: Calibri, Arial, Helvetica, sans-serif;\"><span style=\"font-size: medium;\"><u><strong>site internet<\/strong><\/u><\/span><\/span><\/span><\/a><span style=\"color: #202020;\"><span style=\"font-family: Calibri, Arial, Helvetica, sans-serif;\"><span style=\"font-size: medium;\">.\u00a0<\/span><\/span><\/span><\/p>\n<p align=\"justify\"><span style=\"color: #006fc9;\"><span style=\"font-family: Calibri, Arial, Helvetica, sans-serif;\"><span style=\"font-size: medium;\">Pour plus d&rsquo;informations,<\/span><\/span><\/span><span style=\"color: #202020;\"><span style=\"font-size: medium;\"><u>\u00a0<\/u><\/span><\/span><a href=\"https:\/\/fiuc.us4.list-manage.com\/track\/click?u=dc86d0df5434daa85dde74c4c&amp;id=135405b644&amp;e=c042ebdbca\" target=\"_blank\"><span style=\"color: #007c89;\"><span style=\"font-family: Calibri, Arial, Helvetica, sans-serif;\"><span style=\"font-size: medium;\"><u><strong>cliquez-ici.<\/strong><\/u><\/span><\/span><\/span><\/a><\/p>\n","protected":false},"excerpt":{"rendered":"<p>Chers amis de la F\u00e9d\u00e9ration Internationale des Universit\u00e9s Catholiques (FIUC), \u00ab\u00a0Dans tous les pays, les\u00a0Universit\u00e9s\u00a0constituent le lieu principal de la recherche scientifique pour le progr\u00e8s des connaissances et de la soci\u00e9t\u00e9, remplissant un r\u00f4le d\u00e9terminant pour le d\u00e9veloppement \u00e9conomique, social et culturel, surtout \u00e0 une \u00e9poque comme la n\u00f4tre marqu\u00e9e par les\u00a0changements rapides, constants et <a href=\"https:\/\/www.omaec.org\/fr\/federation-internationale-des-universites-catholiques-fiuc\/\" rel=\"nofollow\">(more&#8230;)<\/a><\/p>\n","protected":false},"author":1,"featured_media":4366,"comment_status":"closed","ping_status":"open","sticky":false,"template":"","format":"standard","meta":{"footnotes":""},"categories":[48],"tags":[],"class_list":["post-4369","post","type-post","status-publish","format-standard","has-post-thumbnail","hentry","category-conferences"],"acf":[],"yoast_head":"<!-- This site is optimized with the Yoast SEO plugin v20.11 - https:\/\/yoast.com\/wordpress\/plugins\/seo\/ -->\n<title>F\u00e9d\u00e9ration Internationale des Universit\u00e9s Catholiques (FIUC) - Organizaci\u00f3n Mundial de Antiguos Alumnos de la Educaci\u00f3n Cat\u00f3lica<\/title>\n<meta name=\"robots\" content=\"index, follow, max-snippet:-1, max-image-preview:large, max-video-preview:-1\" \/>\n<link rel=\"canonical\" href=\"https:\/\/www.omaec.org\/federacion-internacional-de-universidades-catolicas-fiuc\/\" \/>\n<meta property=\"og:locale\" content=\"fr_FR\" \/>\n<meta property=\"og:type\" content=\"article\" \/>\n<meta property=\"og:title\" content=\"F\u00e9d\u00e9ration Internationale des Universit\u00e9s Catholiques (FIUC) - Organizaci\u00f3n Mundial de Antiguos Alumnos de la Educaci\u00f3n Cat\u00f3lica\" \/>\n<meta property=\"og:description\" content=\"Chers amis de la F\u00e9d\u00e9ration Internationale des Universit\u00e9s Catholiques (FIUC), \u00ab\u00a0Dans tous les pays, les\u00a0Universit\u00e9s\u00a0constituent le lieu principal de la recherche scientifique pour le progr\u00e8s des connaissances et de la soci\u00e9t\u00e9, remplissant un r\u00f4le d\u00e9terminant pour le d\u00e9veloppement \u00e9conomique, social et culturel, surtout \u00e0 une \u00e9poque comme la n\u00f4tre marqu\u00e9e par les\u00a0changements rapides, constants et (more...)\" \/>\n<meta property=\"og:url\" content=\"https:\/\/www.omaec.org\/federacion-internacional-de-universidades-catolicas-fiuc\/\" \/>\n<meta property=\"og:site_name\" content=\"Organizaci\u00f3n Mundial de Antiguos Alumnos de la Educaci\u00f3n Cat\u00f3lica\" \/>\n<meta property=\"article:published_time\" content=\"2019-10-08T16:57:40+00:00\" \/>\n<meta property=\"og:image\" content=\"https:\/\/www.omaec.org\/wp-content\/uploads\/2019\/10\/papa-francisco-universidades.jpg\" \/>\n\t<meta property=\"og:image:width\" content=\"2000\" \/>\n\t<meta property=\"og:image:height\" content=\"1000\" \/>\n\t<meta property=\"og:image:type\" content=\"image\/jpeg\" \/>\n<meta name=\"author\" content=\"Secretario General\" \/>\n<meta name=\"twitter:card\" content=\"summary_large_image\" \/>\n<meta name=\"twitter:label1\" content=\"\u00c9crit par\" \/>\n\t<meta name=\"twitter:data1\" content=\"Secretario General\" \/>\n\t<meta name=\"twitter:label2\" content=\"Dur\u00e9e de lecture estim\u00e9e\" \/>\n\t<meta name=\"twitter:data2\" content=\"1 minute\" \/>\n<script type=\"application\/ld+json\" class=\"yoast-schema-graph\">{\"@context\":\"https:\/\/schema.org\",\"@graph\":[{\"@type\":\"Article\",\"@id\":\"https:\/\/www.omaec.org\/federacion-internacional-de-universidades-catolicas-fiuc\/#article\",\"isPartOf\":{\"@id\":\"https:\/\/www.omaec.org\/federacion-internacional-de-universidades-catolicas-fiuc\/\"},\"author\":{\"name\":\"Secretario General\",\"@id\":\"https:\/\/www.omaec.org\/#\/schema\/person\/b6995e5c4038e3cf602f2bb958068c35\"},\"headline\":\"F\u00e9d\u00e9ration Internationale des Universit\u00e9s Catholiques (FIUC)\",\"datePublished\":\"2019-10-08T16:57:40+00:00\",\"dateModified\":\"2019-10-08T16:57:40+00:00\",\"mainEntityOfPage\":{\"@id\":\"https:\/\/www.omaec.org\/federacion-internacional-de-universidades-catolicas-fiuc\/\"},\"wordCount\":208,\"publisher\":{\"@id\":\"https:\/\/www.omaec.org\/#organization\"},\"articleSection\":[\"Conf\u00e9rences\"],\"inLanguage\":\"fr-FR\"},{\"@type\":\"WebPage\",\"@id\":\"https:\/\/www.omaec.org\/federacion-internacional-de-universidades-catolicas-fiuc\/\",\"url\":\"https:\/\/www.omaec.org\/federacion-internacional-de-universidades-catolicas-fiuc\/\",\"name\":\"F\u00e9d\u00e9ration Internationale des Universit\u00e9s Catholiques (FIUC) - Organizaci\u00f3n Mundial de Antiguos Alumnos de la Educaci\u00f3n Cat\u00f3lica\",\"isPartOf\":{\"@id\":\"https:\/\/www.omaec.org\/#website\"},\"datePublished\":\"2019-10-08T16:57:40+00:00\",\"dateModified\":\"2019-10-08T16:57:40+00:00\",\"breadcrumb\":{\"@id\":\"https:\/\/www.omaec.org\/federacion-internacional-de-universidades-catolicas-fiuc\/#breadcrumb\"},\"inLanguage\":\"fr-FR\",\"potentialAction\":[{\"@type\":\"ReadAction\",\"target\":[\"https:\/\/www.omaec.org\/federacion-internacional-de-universidades-catolicas-fiuc\/\"]}]},{\"@type\":\"BreadcrumbList\",\"@id\":\"https:\/\/www.omaec.org\/federacion-internacional-de-universidades-catolicas-fiuc\/#breadcrumb\",\"itemListElement\":[{\"@type\":\"ListItem\",\"position\":1,\"name\":\"Portada\",\"item\":\"https:\/\/www.omaec.org\/fr\/\"},{\"@type\":\"ListItem\",\"position\":2,\"name\":\"F\u00e9d\u00e9ration Internationale des Universit\u00e9s Catholiques (FIUC)\"}]},{\"@type\":\"WebSite\",\"@id\":\"https:\/\/www.omaec.org\/#website\",\"url\":\"https:\/\/www.omaec.org\/\",\"name\":\"Organizaci\u00f3n Mundial de Antiguos Alumnos de la Educaci\u00f3n Cat\u00f3lica\",\"description\":\"OMAEC\",\"publisher\":{\"@id\":\"https:\/\/www.omaec.org\/#organization\"},\"potentialAction\":[{\"@type\":\"SearchAction\",\"target\":{\"@type\":\"EntryPoint\",\"urlTemplate\":\"https:\/\/www.omaec.org\/?s={search_term_string}\"},\"query-input\":\"required name=search_term_string\"}],\"inLanguage\":\"fr-FR\"},{\"@type\":\"Organization\",\"@id\":\"https:\/\/www.omaec.org\/#organization\",\"name\":\"Organizaci\u00f3n Mundial de Antiguos Alumnos de la Educaci\u00f3n Cat\u00f3lica\",\"url\":\"https:\/\/www.omaec.org\/\",\"logo\":{\"@type\":\"ImageObject\",\"inLanguage\":\"fr-FR\",\"@id\":\"https:\/\/www.omaec.org\/#\/schema\/logo\/image\/\",\"url\":\"https:\/\/www.omaec.org\/wp-content\/uploads\/2021\/06\/OMAEC-LOGO-OFICIAL.jpg\",\"contentUrl\":\"https:\/\/www.omaec.org\/wp-content\/uploads\/2021\/06\/OMAEC-LOGO-OFICIAL.jpg\",\"width\":525,\"height\":452,\"caption\":\"Organizaci\u00f3n Mundial de Antiguos  Alumnos de la Educaci\u00f3n Cat\u00f3lica\"},\"image\":{\"@id\":\"https:\/\/www.omaec.org\/#\/schema\/logo\/image\/\"}},{\"@type\":\"Person\",\"@id\":\"https:\/\/www.omaec.org\/#\/schema\/person\/b6995e5c4038e3cf602f2bb958068c35\",\"name\":\"Secretario General\",\"image\":{\"@type\":\"ImageObject\",\"inLanguage\":\"fr-FR\",\"@id\":\"https:\/\/www.omaec.org\/#\/schema\/person\/image\/\",\"url\":\"https:\/\/www.omaec.org\/wp-content\/uploads\/2025\/03\/FOTO-GUILLERMO-GUTIERREZ-PIRAQUIVE-OMAEC-96x96.jpg\",\"contentUrl\":\"https:\/\/www.omaec.org\/wp-content\/uploads\/2025\/03\/FOTO-GUILLERMO-GUTIERREZ-PIRAQUIVE-OMAEC-96x96.jpg\",\"caption\":\"Secretario General\"},\"description\":\"EXPERIENCIA LABORAL: SERVICIO NACIONAL DE APRENDIZAJE-SENA Regional Bogot\u00e1. Centro de Gesti\u00f3n de Mercados, Log\u00edstica y Tecnolog\u00edas de la Informaci\u00f3n. \u00b7Instructor de Mercadeo. SERVICIO NACIONAL DE APRENDIZAJE-SENA Regional Bogot\u00e1. Centro de Gesti\u00f3n Administrativa. \u00b7Instructor de Ventas. ARTESAN\u00cdAS DE COLOMBIA. \u00b7Administrador Centro Artesanal La Chamba (Tolima). PROGRAMADORA TELECULTURALES. \u00b7Asistente de Direcci\u00f3n AGENCIAS DE PUBLICIDAD: REP Y MASTER \u00b7Jefe de Medios SANCHO PUBLICIDAD \u00b7Jefe de Tr\u00e1fico. LEO BURNETT \u00b7Asistente de Medios. EDUCACION: \u00b7FUNDACI\u00d3N UNIVERSITARIA SALESIANA Diplomado en Salesianidad. \u00b7POLIT\u00c9CNICO GRANCOLOMBIANO Especializaci\u00f3n en Gerencia de Mercadeo. \u00b7UNIVERSIDAD NACIONAL ABIERTA Y A DISTANCIA Administraci\u00f3n de Empresas. \u00b7SERVICIO NACIONAL DE APRENDIZAJE-SENA Mercadotecnia. \u00b7UNIVERSIDAD CENTRAL Publicidad. \u00b7COLEGIO SALESIANO DE LE\u00d3N XIII Bachiller Acad\u00e9mico. EXPERIENCIA EXALUMNAL: ASOCIACI\u00d3N DE EXALUMNOS SDB-AEXSDBINSPECTOR\u00cdA SAN PEDRO CLAVER Presidente Sexenio 2021-2027. \u00b7ASOCIACI\u00d3N DE EXALUMNOS SDB-AEXSDBINSPECTOR\u00cdA SAN PEDRO CLAVER Vicepresidente Sexenio 2015-2021. \u00b7COLEGIO SALESIANO DE LE\u00d3N XIII. L\u00edder Promoci\u00f3n 1969. EXALUMNAL\",\"url\":\"https:\/\/www.omaec.org\/fr\/author\/omaec-admin\/\"}]}<\/script>\n<!-- \/ Yoast SEO plugin. -->","yoast_head_json":{"title":"F\u00e9d\u00e9ration Internationale des Universit\u00e9s Catholiques (FIUC) - Organizaci\u00f3n Mundial de Antiguos Alumnos de la Educaci\u00f3n Cat\u00f3lica","robots":{"index":"index","follow":"follow","max-snippet":"max-snippet:-1","max-image-preview":"max-image-preview:large","max-video-preview":"max-video-preview:-1"},"canonical":"https:\/\/www.omaec.org\/federacion-internacional-de-universidades-catolicas-fiuc\/","og_locale":"fr_FR","og_type":"article","og_title":"F\u00e9d\u00e9ration Internationale des Universit\u00e9s Catholiques (FIUC) - Organizaci\u00f3n Mundial de Antiguos Alumnos de la Educaci\u00f3n Cat\u00f3lica","og_description":"Chers amis de la F\u00e9d\u00e9ration Internationale des Universit\u00e9s Catholiques (FIUC), \u00ab\u00a0Dans tous les pays, les\u00a0Universit\u00e9s\u00a0constituent le lieu principal de la recherche scientifique pour le progr\u00e8s des connaissances et de la soci\u00e9t\u00e9, remplissant un r\u00f4le d\u00e9terminant pour le d\u00e9veloppement \u00e9conomique, social et culturel, surtout \u00e0 une \u00e9poque comme la n\u00f4tre marqu\u00e9e par les\u00a0changements rapides, constants et (more...)","og_url":"https:\/\/www.omaec.org\/federacion-internacional-de-universidades-catolicas-fiuc\/","og_site_name":"Organizaci\u00f3n Mundial de Antiguos Alumnos de la Educaci\u00f3n Cat\u00f3lica","article_published_time":"2019-10-08T16:57:40+00:00","og_image":[{"width":2000,"height":1000,"url":"https:\/\/www.omaec.org\/wp-content\/uploads\/2019\/10\/papa-francisco-universidades.jpg","type":"image\/jpeg"}],"author":"Secretario General","twitter_card":"summary_large_image","twitter_misc":{"\u00c9crit par":"Secretario General","Dur\u00e9e de lecture estim\u00e9e":"1 minute"},"schema":{"@context":"https:\/\/schema.org","@graph":[{"@type":"Article","@id":"https:\/\/www.omaec.org\/federacion-internacional-de-universidades-catolicas-fiuc\/#article","isPartOf":{"@id":"https:\/\/www.omaec.org\/federacion-internacional-de-universidades-catolicas-fiuc\/"},"author":{"name":"Secretario General","@id":"https:\/\/www.omaec.org\/#\/schema\/person\/b6995e5c4038e3cf602f2bb958068c35"},"headline":"F\u00e9d\u00e9ration Internationale des Universit\u00e9s Catholiques (FIUC)","datePublished":"2019-10-08T16:57:40+00:00","dateModified":"2019-10-08T16:57:40+00:00","mainEntityOfPage":{"@id":"https:\/\/www.omaec.org\/federacion-internacional-de-universidades-catolicas-fiuc\/"},"wordCount":208,"publisher":{"@id":"https:\/\/www.omaec.org\/#organization"},"articleSection":["Conf\u00e9rences"],"inLanguage":"fr-FR"},{"@type":"WebPage","@id":"https:\/\/www.omaec.org\/federacion-internacional-de-universidades-catolicas-fiuc\/","url":"https:\/\/www.omaec.org\/federacion-internacional-de-universidades-catolicas-fiuc\/","name":"F\u00e9d\u00e9ration Internationale des Universit\u00e9s Catholiques (FIUC) - Organizaci\u00f3n Mundial de Antiguos Alumnos de la Educaci\u00f3n Cat\u00f3lica","isPartOf":{"@id":"https:\/\/www.omaec.org\/#website"},"datePublished":"2019-10-08T16:57:40+00:00","dateModified":"2019-10-08T16:57:40+00:00","breadcrumb":{"@id":"https:\/\/www.omaec.org\/federacion-internacional-de-universidades-catolicas-fiuc\/#breadcrumb"},"inLanguage":"fr-FR","potentialAction":[{"@type":"ReadAction","target":["https:\/\/www.omaec.org\/federacion-internacional-de-universidades-catolicas-fiuc\/"]}]},{"@type":"BreadcrumbList","@id":"https:\/\/www.omaec.org\/federacion-internacional-de-universidades-catolicas-fiuc\/#breadcrumb","itemListElement":[{"@type":"ListItem","position":1,"name":"Portada","item":"https:\/\/www.omaec.org\/fr\/"},{"@type":"ListItem","position":2,"name":"F\u00e9d\u00e9ration Internationale des Universit\u00e9s Catholiques (FIUC)"}]},{"@type":"WebSite","@id":"https:\/\/www.omaec.org\/#website","url":"https:\/\/www.omaec.org\/","name":"Organizaci\u00f3n Mundial de Antiguos Alumnos de la Educaci\u00f3n Cat\u00f3lica","description":"OMAEC","publisher":{"@id":"https:\/\/www.omaec.org\/#organization"},"potentialAction":[{"@type":"SearchAction","target":{"@type":"EntryPoint","urlTemplate":"https:\/\/www.omaec.org\/?s={search_term_string}"},"query-input":"required name=search_term_string"}],"inLanguage":"fr-FR"},{"@type":"Organization","@id":"https:\/\/www.omaec.org\/#organization","name":"Organizaci\u00f3n Mundial de Antiguos Alumnos de la Educaci\u00f3n Cat\u00f3lica","url":"https:\/\/www.omaec.org\/","logo":{"@type":"ImageObject","inLanguage":"fr-FR","@id":"https:\/\/www.omaec.org\/#\/schema\/logo\/image\/","url":"https:\/\/www.omaec.org\/wp-content\/uploads\/2021\/06\/OMAEC-LOGO-OFICIAL.jpg","contentUrl":"https:\/\/www.omaec.org\/wp-content\/uploads\/2021\/06\/OMAEC-LOGO-OFICIAL.jpg","width":525,"height":452,"caption":"Organizaci\u00f3n Mundial de Antiguos  Alumnos de la Educaci\u00f3n Cat\u00f3lica"},"image":{"@id":"https:\/\/www.omaec.org\/#\/schema\/logo\/image\/"}},{"@type":"Person","@id":"https:\/\/www.omaec.org\/#\/schema\/person\/b6995e5c4038e3cf602f2bb958068c35","name":"Secretario General","image":{"@type":"ImageObject","inLanguage":"fr-FR","@id":"https:\/\/www.omaec.org\/#\/schema\/person\/image\/","url":"https:\/\/www.omaec.org\/wp-content\/uploads\/2025\/03\/FOTO-GUILLERMO-GUTIERREZ-PIRAQUIVE-OMAEC-96x96.jpg","contentUrl":"https:\/\/www.omaec.org\/wp-content\/uploads\/2025\/03\/FOTO-GUILLERMO-GUTIERREZ-PIRAQUIVE-OMAEC-96x96.jpg","caption":"Secretario General"},"description":"EXPERIENCIA LABORAL: SERVICIO NACIONAL DE APRENDIZAJE-SENA Regional Bogot\u00e1. Centro de Gesti\u00f3n de Mercados, Log\u00edstica y Tecnolog\u00edas de la Informaci\u00f3n. \u00b7Instructor de Mercadeo. SERVICIO NACIONAL DE APRENDIZAJE-SENA Regional Bogot\u00e1. Centro de Gesti\u00f3n Administrativa. \u00b7Instructor de Ventas. ARTESAN\u00cdAS DE COLOMBIA. \u00b7Administrador Centro Artesanal La Chamba (Tolima). PROGRAMADORA TELECULTURALES. \u00b7Asistente de Direcci\u00f3n AGENCIAS DE PUBLICIDAD: REP Y MASTER \u00b7Jefe de Medios SANCHO PUBLICIDAD \u00b7Jefe de Tr\u00e1fico. LEO BURNETT \u00b7Asistente de Medios. EDUCACION: \u00b7FUNDACI\u00d3N UNIVERSITARIA SALESIANA Diplomado en Salesianidad. \u00b7POLIT\u00c9CNICO GRANCOLOMBIANO Especializaci\u00f3n en Gerencia de Mercadeo. \u00b7UNIVERSIDAD NACIONAL ABIERTA Y A DISTANCIA Administraci\u00f3n de Empresas. \u00b7SERVICIO NACIONAL DE APRENDIZAJE-SENA Mercadotecnia. \u00b7UNIVERSIDAD CENTRAL Publicidad. \u00b7COLEGIO SALESIANO DE LE\u00d3N XIII Bachiller Acad\u00e9mico. EXPERIENCIA EXALUMNAL: ASOCIACI\u00d3N DE EXALUMNOS SDB-AEXSDBINSPECTOR\u00cdA SAN PEDRO CLAVER Presidente Sexenio 2021-2027. \u00b7ASOCIACI\u00d3N DE EXALUMNOS SDB-AEXSDBINSPECTOR\u00cdA SAN PEDRO CLAVER Vicepresidente Sexenio 2015-2021. \u00b7COLEGIO SALESIANO DE LE\u00d3N XIII. L\u00edder Promoci\u00f3n 1969. EXALUMNAL","url":"https:\/\/www.omaec.org\/fr\/author\/omaec-admin\/"}]}},"_links":{"self":[{"href":"https:\/\/www.omaec.org\/fr\/wp-json\/wp\/v2\/posts\/4369","targetHints":{"allow":["GET"]}}],"collection":[{"href":"https:\/\/www.omaec.org\/fr\/wp-json\/wp\/v2\/posts"}],"about":[{"href":"https:\/\/www.omaec.org\/fr\/wp-json\/wp\/v2\/types\/post"}],"author":[{"embeddable":true,"href":"https:\/\/www.omaec.org\/fr\/wp-json\/wp\/v2\/users\/1"}],"replies":[{"embeddable":true,"href":"https:\/\/www.omaec.org\/fr\/wp-json\/wp\/v2\/comments?post=4369"}],"version-history":[{"count":1,"href":"https:\/\/www.omaec.org\/fr\/wp-json\/wp\/v2\/posts\/4369\/revisions"}],"predecessor-version":[{"id":4370,"href":"https:\/\/www.omaec.org\/fr\/wp-json\/wp\/v2\/posts\/4369\/revisions\/4370"}],"wp:featuredmedia":[{"embeddable":true,"href":"https:\/\/www.omaec.org\/fr\/wp-json\/wp\/v2\/media\/4366"}],"wp:attachment":[{"href":"https:\/\/www.omaec.org\/fr\/wp-json\/wp\/v2\/media?parent=4369"}],"wp:term":[{"taxonomy":"category","embeddable":true,"href":"https:\/\/www.omaec.org\/fr\/wp-json\/wp\/v2\/categories?post=4369"},{"taxonomy":"post_tag","embeddable":true,"href":"https:\/\/www.omaec.org\/fr\/wp-json\/wp\/v2\/tags?post=4369"}],"curies":[{"name":"wp","href":"https:\/\/api.w.org\/{rel}","templated":true}]}}