{"id":4357,"date":"2019-09-22T09:26:32","date_gmt":"2019-09-22T08:26:32","guid":{"rendered":"http:\/\/omaec.org\/?p=4357"},"modified":"2019-09-22T09:26:32","modified_gmt":"2019-09-22T08:26:32","slug":"les-12-cles-du-succes-dune-association-danciens-eleves","status":"publish","type":"post","link":"https:\/\/www.omaec.org\/fr\/les-12-cles-du-succes-dune-association-danciens-eleves\/","title":{"rendered":"LES 12 CL\u00c9S DU SUCC\u00c8S D&rsquo;UNE ASSOCIATION D&rsquo;ANCIENS \u00c9L\u00c8VES"},"content":{"rendered":"<p><span style=\"font-family: Calibri, serif;\"><span style=\"font-size: small;\"><b><span style=\"color: #444444;\"><span style=\"font-size: medium;\"><span lang=\"fr-FR\">QUEL EST L&rsquo;INT\u00c9R\u00caT D&rsquo;UNE ASSOCIATION D&rsquo;ANCIENS \u00c9L\u00c8VES ? LES CL\u00c9S DU SUCC\u00c8S : AVEC LES APPRENANTS POUR LA VIE.<\/span><\/span><\/span><\/b><\/span><\/span><\/p>\n<p align=\"right\"><span style=\"font-family: Calibri, serif;\"><span style=\"font-size: small;\"><span style=\"font-size: medium;\"><span lang=\"fr-FR\">Par Manuel Zaragoza<\/span><\/span><\/span><\/span><\/p>\n<p align=\"right\"><span style=\"font-family: Calibri, serif;\"><span style=\"font-size: small;\"><span style=\"font-size: medium;\"><span lang=\"fr-FR\">Le 24 octobre 2016<\/span><\/span><\/span><\/span><\/p>\n<p align=\"justify\"><span style=\"font-family: Calibri, serif;\"><span style=\"font-size: small;\"><span style=\"color: #444444;\"><span style=\"font-size: medium;\"><span lang=\"fr-FR\">\u00c9motion, discours, hommages, larmes pour certains temps pass\u00e9s, vid\u00e9os qui r\u00e9veillent la nostalgie, vieilles photos, beaucoup de sourires et quelques retrouvailles surprenantes et inattendues. Si vous faites partie de l&rsquo;Association des Anciens -ou en latin- ALUMNI de votre Coll\u00e8ge, Institut, Facult\u00e9&#8230; vous vous sentirez familier avec le vocabulaire ci-dessus.<\/span><\/span><\/span><\/span><\/span><\/p>\n<p align=\"justify\"><span style=\"font-family: Calibri, serif;\"><span style=\"font-size: small;\"><span style=\"font-size: medium;\"><span lang=\"fr-FR\">Bien qu&rsquo;une r\u00e9union des anciens puisse sembler n&rsquo;\u00eatre qu&rsquo;un \u00e9v\u00e9nement ponctuel pour partager vos souvenirs de votre s\u00e9jour \u00e0 l&rsquo;\u00e9cole avec le reste de vos camarades de classe, ce type d&rsquo;\u00e9v\u00e9nement est, ou plut\u00f4t, il peut \u00eatre, beaucoup, beaucoup plus.<\/span><\/span><\/span><\/span><\/p>\n<p align=\"justify\"><span style=\"font-family: Calibri, serif;\"><span style=\"font-size: small;\"><span style=\"font-size: medium;\"><span lang=\"fr-FR\">Je vais essayer de d\u00e9tailler POURQUOI c&rsquo;est fondamental, dans tout \u00e9tablissement d&rsquo;enseignement qui s&rsquo;enorgueillit, de maintenir et entretenir un \u00ab\u00a0ALUMNI\u00a0\u00bb vivant et pr\u00e9sent dans le d\u00e9veloppement de l&rsquo;ann\u00e9e scolaire. En outre, je vais expliquer COMMENT une s\u00e9rie d&rsquo;actions peuvent \u00eatre d\u00e9velopp\u00e9es pour construire un ALUMNI puissant, parce que nous ne pouvons pas oublier que&#8230;.<\/span><\/span><\/span><\/span><\/p>\n<p align=\"center\"><span style=\"font-family: Calibri, serif;\"><span style=\"font-size: small;\"><span style=\"font-size: large;\"><span lang=\"fr-FR\"><i>Des relations puissantes constituent des institutions puissantes<\/i><\/span><\/span><span style=\"font-size: medium;\"><span lang=\"fr-FR\"><i>.<\/i><\/span><\/span><\/span><\/span><\/p>\n<p align=\"justify\"><span style=\"font-family: Calibri, serif;\"><span style=\"font-size: small;\"><span style=\"font-size: medium;\"><span lang=\"fr-FR\">Le point de d\u00e9part est d&rsquo;int\u00e9rioriser le fait qu&rsquo;une association d&rsquo;anciens \u00e9l\u00e8ves li\u00e9s \u00e0 l&rsquo;\u00e9cole, excellente et vivante, passe par la cr\u00e9ation d&rsquo;un environnement dans lequel l&rsquo;attente des \u00e9l\u00e8ves actuels de rester impliqu\u00e9s dans leur communaut\u00e9 scolaire est \u00e9tablie d\u00e8s le d\u00e9but de leur scolarit\u00e9. Afin de promouvoir et de construire cet environnement de mani\u00e8re stable, les 4 piliers de l&rsquo;\u00e9cosyst\u00e8me \u00e9ducatif sont sans aucun doute n\u00e9cessaires : l&rsquo;actuel et les anciens \u00e9l\u00e8ves, les familles et le personnel de l&rsquo;\u00e9cole. C&rsquo;est alors, et non autrement, que ces \u00e9l\u00e9ments cr\u00e9ent une vision de la COMMUNAUT\u00c9, avec des lettres majuscules, un engagement et, par cons\u00e9quent, une culture.<a href=\"http:\/\/omaec.org\/wp-content\/uploads\/2019\/09\/congreso-exalumnos.jpg\" rel=\"attachment wp-att-4354\"><img loading=\"lazy\" decoding=\"async\" class=\"size-medium wp-image-4354 alignright\" src=\"http:\/\/omaec.org\/wp-content\/uploads\/2019\/09\/congreso-exalumnos-300x168.jpg\" alt=\"congreso exalumnos\" width=\"300\" height=\"168\" srcset=\"https:\/\/www.omaec.org\/wp-content\/uploads\/2019\/09\/congreso-exalumnos-300x168.jpg 300w, https:\/\/www.omaec.org\/wp-content\/uploads\/2019\/09\/congreso-exalumnos-768x431.jpg 768w, https:\/\/www.omaec.org\/wp-content\/uploads\/2019\/09\/congreso-exalumnos-600x337.jpg 600w, https:\/\/www.omaec.org\/wp-content\/uploads\/2019\/09\/congreso-exalumnos-150x84.jpg 150w, https:\/\/www.omaec.org\/wp-content\/uploads\/2019\/09\/congreso-exalumnos.jpg 980w\" sizes=\"auto, (max-width: 300px) 100vw, 300px\" \/><\/a><\/span><\/span><\/span><\/span><\/p>\n<p align=\"justify\"><span style=\"font-family: Calibri, serif;\"><span style=\"font-size: small;\"><span style=\"font-size: medium;\"><span lang=\"fr-FR\">Nous pourrions indiquer comme OBJECTIF, une telle expression de Coaching, d&rsquo;une Association d&rsquo;Anciens cr\u00e9ant un lien pragmatique avec les \u00e9tudiants sortants, et sans date d&rsquo;expiration, de contribuer \u00e0 l&rsquo;enracinement de l&rsquo;institution qui aboutira \u00e0 une croissance durable de l&rsquo;organisation \u00e0 moyen et long terme, une \u00a0\u00bb croissance ensemble \u00ab\u00a0. Aussi simple, et aussi complexe soit elle, la personne sociable peut continuer \u00e0 se former, \u00e0 contribuer et \u00e0 se lier \u00e0 son \u00e9cole, sans frais et tout au long de sa vie\u2026 tout un d\u00e9fi.<\/span><\/span><\/span><\/span><\/p>\n<p align=\"justify\"><span style=\"font-family: Calibri, serif;\"><span style=\"font-size: small;\"><span style=\"font-size: medium;\"><span lang=\"fr-FR\">C&rsquo;est lors d&rsquo;\u00e9v\u00e9nements c\u00e9l\u00e9brant les anniversaires des promotions des anciens ou des r\u00e9unions annuelles, que vous entendez des commentaires pleins d&rsquo;\u00e9motion et d&rsquo;envie : \u00ab\u00a0La meilleure \u00e9tape de ma vie \u00ab\u00a0. Quand on me demande d&rsquo;o\u00f9 viennent ces bonnes id\u00e9es, je r\u00e9ponds toujours que je les ai apprises dans mon \u00e9cole. \u00a0\u00bb Mon \u00e9cole \u00e9tait ma deuxi\u00e8me famille \u00ab\u00a0&#8230; Sans doute des commentaires qui pourraient bien contribuer \u00e0 fid\u00e9liser et \u00e0 attirer de nouvelles familles dans le centre. Il suffit de les canaliser correctement, comme l&rsquo;a soulign\u00e9 \u00e0 juste titre le prix Nobel de litt\u00e9rature <\/span><\/span><b><span style=\"font-size: medium;\"><span lang=\"fr-FR\">Gabriel Garc\u00eda M\u00e1rquez<\/span><\/span><\/b><span style=\"font-size: medium;\"><span lang=\"fr-FR\">, \u00ab\u00a0<\/span><\/span><span style=\"font-size: medium;\"><span lang=\"fr-FR\"><i>ce qui n&rsquo;est pas communiqu\u00e9 n&rsquo;existe pas<\/i><\/span><\/span><span style=\"font-size: medium;\"><span lang=\"fr-FR\">\u00ab\u00a0.<\/span><\/span><\/span><\/span><\/p>\n<p align=\"justify\"><span style=\"font-family: Calibri, serif;\"><span style=\"font-size: small;\"><span style=\"font-size: large;\"><span lang=\"fr-FR\">LES 12 CL\u00c9S DU SUCC\u00c8S D&rsquo;UNE ASSOCIATION D&rsquo;ANCIENS \u00c9L\u00c8VES<\/span><\/span><\/span><\/span><\/p>\n<ol>\n<li>\n<p align=\"justify\"><span style=\"font-family: Calibri, serif;\"><span style=\"font-size: small;\"><span style=\"font-size: medium;\"><span lang=\"fr-FR\">Rassembler la tribu : une utilisation intelligente des technologies de l&rsquo;information et de la communication. Dans ce cas, nous devons faire un usage intelligent \u00e0 la fois de la base de donn\u00e9es &#8211; base de donn\u00e9es, pour le publipostage, etc., et des r\u00e9seaux sociaux de Alumni\/ae pour tenir tous les membres inform\u00e9s ponctuellement des affaires courantes de l&rsquo;association, et pas seulement de celle-ci, mais de la vie actuelle du centre, un fait qui les fera sans doute se sentir partie de l&rsquo;\u00e9quipement actuel du Centre.<\/span><\/span><\/span><\/span><\/p>\n<\/li>\n<\/ol>\n<p align=\"justify\"><span style=\"font-family: Calibri, serif;\"><span style=\"font-size: small;\"><span style=\"font-size: medium;\"><span lang=\"fr-FR\">&#8211; Site officiel des anciens \u00e9l\u00e8ves sur Facebook.<\/span><\/span><\/span><\/span><\/p>\n<p align=\"justify\"><span style=\"font-family: Calibri, serif;\"><span style=\"font-size: small;\"><span style=\"font-size: medium;\"><span lang=\"fr-FR\">&#8211; Compte officiel de l&rsquo;Association des anciens \u00e9l\u00e8ves sur Twitter.<\/span><\/span><\/span><\/span><\/p>\n<p align=\"justify\"><span style=\"font-family: Calibri, serif;\"><span style=\"font-size: small;\"><span style=\"font-size: medium;\"><span lang=\"fr-FR\">&#8211; Profil officiel des anciens \u00e9l\u00e8ves sur Linkedin.<\/span><\/span><\/span><\/span><\/p>\n<p align=\"justify\"><span style=\"font-family: Calibri, serif;\"><span style=\"font-size: small;\"><span style=\"font-size: medium;\"><span lang=\"fr-FR\">&#8211; Cha\u00eene officielle des anciens \u00e9l\u00e8ves de YouTube.<\/span><\/span><\/span><\/span><\/p>\n<ol start=\"2\">\n<li>\n<p align=\"justify\"><span style=\"font-family: Calibri, serif;\"><span style=\"font-size: small;\"><span style=\"font-size: medium;\"><span lang=\"fr-FR\">Groupe d&rsquo;abonn\u00e9s, notre meilleure flotte de publicit\u00e9s. Exp\u00e9riences \u00e0 la premi\u00e8re personne = le meilleur exemple pour fid\u00e9liser les \u00e9tudiants. Bref, ils sont les ambassadeurs de notre marque. Id\u00e9al pour \u00e9laborer des \u00e9quipes pour la Journ\u00e9e Portes Ouvertes avec un programme d&rsquo;entretiens informels pour raconter votre exp\u00e9rience personnelle\/familiale.<\/span><\/span><\/span><\/span><\/p>\n<\/li>\n<li>\n<p align=\"justify\"><span style=\"font-family: Calibri, serif;\"><span style=\"font-size: small;\"><span style=\"font-size: medium;\"><span lang=\"fr-FR\">\u00c9v\u00e9nement annuel des anciens \u00e9l\u00e8ves \/ Anniversaire de promotion correspondant \/ WEEK-END ALUMNI.<\/span><\/span><\/span><\/span><\/p>\n<\/li>\n<li>\n<p align=\"justify\"><span style=\"font-family: Calibri, serif;\"><span style=\"font-size: small;\"><span style=\"font-size: medium;\"><span lang=\"fr-FR\">Parrainage &#8211; Parrainage sportif : Cr\u00e9e un sentiment d&rsquo;appartenance, de fiert\u00e9 et de marque.<\/span><\/span><\/span><\/span><\/p>\n<\/li>\n<li>\n<p align=\"justify\"><span style=\"font-family: Calibri, serif;\"><span style=\"font-size: small;\"><span style=\"font-size: medium;\"><span lang=\"fr-FR\">Accords avec d&rsquo;autres organisations\/clubs sportifs\/entreprises par le biais d&rsquo;offres sp\u00e9ciales sur l&rsquo;inscription\/utilisation d&rsquo;installations sportives\/audition&#8230; en \u00e9change d&rsquo;une participation\/diss\u00e9mination\/r\u00e9ductions sur des produits ou services, etc.<\/span><\/span><\/span><\/span><\/p>\n<\/li>\n<li>\n<p align=\"justify\"><span style=\"font-family: Calibri, serif;\"><span style=\"font-size: small;\"><span style=\"font-size: medium;\"><span lang=\"fr-FR\">M\u00e9c\u00e9nat &#8211; Parrainage d&rsquo;alumni d&rsquo;excellence, en raison de leur pertinence culturelle (par exemple scientifique) avec des bourses d&rsquo;\u00e9tudes ou un soutien financier pour leur carri\u00e8re de chercheurs. Elle cr\u00e9e \u00e9galement un sentiment d&rsquo;appartenance et de fiert\u00e9 institutionnelle.<\/span><\/span><\/span><\/span><\/p>\n<\/li>\n<li>\n<p align=\"justify\"><span style=\"font-family: Calibri, serif;\"><span style=\"font-size: small;\"><span style=\"font-size: medium;\"><span lang=\"fr-FR\">Vente de merchandising d&rsquo;entreprise.<\/span><\/span><\/span><\/span><\/p>\n<\/li>\n<li>\n<p align=\"justify\"><span style=\"font-family: Calibri, serif;\"><span style=\"font-size: small;\"><span style=\"font-size: medium;\"><span lang=\"fr-FR\">Gestion efficace de l&rsquo;annuaire des anciens &#8211; la base de donn\u00e9es avec les profils des familles (profil des \u00e9tudiants sortants du projet d\u2019exp\u00e9rience). Enqu\u00eates pour l&rsquo;optimisation des actions de diffusion\/captation de nouvelles familles et de fid\u00e9lisation des familles actuelles. Enqu\u00eates de satisfaction aupr\u00e8s de la client\u00e8le sur le projet \u00e9ducatif de l&rsquo;\u00e9cole. Attention ! Il est toujours pratique de communiquer les donn\u00e9es qui en r\u00e9sultent et les actions d&rsquo;am\u00e9lioration qui n&rsquo;ont pas encore \u00e9t\u00e9 mises en \u0153uvre, afin que les anciens \u00e9l\u00e8ves (clients) comprennent qu&rsquo;ils n&rsquo;ont pas seulement \u00e9t\u00e9 \u00e9cout\u00e9s, mais que nous tenons compte de leur opinion.<a href=\"http:\/\/omaec.org\/wp-content\/uploads\/2019\/09\/grupo-ex.jpg\" rel=\"attachment wp-att-4355\"><img loading=\"lazy\" decoding=\"async\" class=\"size-medium wp-image-4355 alignleft\" src=\"http:\/\/omaec.org\/wp-content\/uploads\/2019\/09\/grupo-ex-300x169.jpg\" alt=\"grupo ex\" width=\"300\" height=\"169\" srcset=\"https:\/\/www.omaec.org\/wp-content\/uploads\/2019\/09\/grupo-ex-300x169.jpg 300w, https:\/\/www.omaec.org\/wp-content\/uploads\/2019\/09\/grupo-ex-768x431.jpg 768w, https:\/\/www.omaec.org\/wp-content\/uploads\/2019\/09\/grupo-ex-1024x575.jpg 1024w, https:\/\/www.omaec.org\/wp-content\/uploads\/2019\/09\/grupo-ex-600x337.jpg 600w, https:\/\/www.omaec.org\/wp-content\/uploads\/2019\/09\/grupo-ex-150x84.jpg 150w, https:\/\/www.omaec.org\/wp-content\/uploads\/2019\/09\/grupo-ex.jpg 1280w\" sizes=\"auto, (max-width: 300px) 100vw, 300px\" \/><\/a><\/span><\/span><\/span><\/span><\/p>\n<\/li>\n<li>\n<p align=\"justify\"><span style=\"font-family: Calibri, serif;\"><span style=\"font-size: small;\"><span style=\"font-size: medium;\"><span lang=\"fr-FR\">Formations pertinentes et gratuites pour les anciens \u00e9tudiants &#8211; Mise en r\u00e9seau th\u00e9matique (par ex. entrepreneuriat, grandes donn\u00e9es, outils innovants, orientation march\u00e9). Ce type d&rsquo;action contribue \u00e9galement \u00e0 \u00e9largir votre r\u00e9seau de contacts professionnels &#8211; Base de donn\u00e9es des entreprises, Annuaire des anciens. Possibilit\u00e9s d&#8217;emploi pour les anciens \u00e9l\u00e8ves.<\/span><\/span><\/span><\/span><\/p>\n<\/li>\n<li>\n<p align=\"justify\"><span style=\"font-family: Calibri, serif;\"><span style=\"font-size: small;\"><span style=\"font-size: medium;\"><span lang=\"fr-FR\">Visites, conf\u00e9rences, colloques d&rsquo;experts, ateliers et formations techniques d&rsquo;anciens \u00e9tudiants pour les \u00e9tudiants actuels (orientation commerciale, conf\u00e9rences professionnelles, scientifiques, etc).<\/span><\/span><\/span><\/span><\/p>\n<\/li>\n<li>\n<p align=\"justify\"><span style=\"font-family: Calibri, serif;\"><span style=\"font-size: small;\"><span style=\"font-size: medium;\"><span lang=\"fr-FR\">Programme de parrainage d&rsquo;\u00e9tudiants &#8211; Mentorat par des anciens \u00e9l\u00e8ves, conseils professionnels, orientation et entrepreneuriat (le groupe de professionnels retrait\u00e9s est tr\u00e8s int\u00e9ressant en tant que transmetteur d&rsquo;exp\u00e9rience de travail pr\u00e9cieuse.) Cela peut les aider \u00e0 dessiner leur carri\u00e8re, \u00e0 se concentrer sur ce qu&rsquo;ils veulent faire d&rsquo;une mani\u00e8re plus personnalis\u00e9e. De m\u00eame pour l&rsquo;orientation professionnelle internationale.<\/span><\/span><\/span><\/span><\/p>\n<\/li>\n<li>\n<p align=\"justify\"><span style=\"font-family: Calibri, serif;\"><span style=\"font-size: small;\"><span style=\"font-size: medium;\"><span lang=\"fr-FR\">Collaboration avec les diff\u00e9rents comit\u00e9s actuels du Centre (p. ex. Solidarit\u00e9 des anciens : Commission de solidarit\u00e9 pour l&rsquo;\u00e9laboration d&rsquo;\u00e9v\u00e9nements concrets, tels que la campagne de collecte de v\u00eatements, de nourriture ou de jouets usag\u00e9s \u00e0 No\u00ebl \u00e0 des fins caritatives. Le travail social dans les pays en d\u00e9veloppement&#8230;).<\/span><\/span><\/span><\/span><\/p>\n<\/li>\n<\/ol>\n<p align=\"justify\"><span style=\"font-family: Calibri, serif;\"><span style=\"font-size: small;\"><span style=\"font-size: medium;\"><span lang=\"fr-FR\">Pour finir, comme toujours, un de mes rendez-vous pr\u00e9f\u00e9r\u00e9s :<\/span><\/span><\/span><\/span><\/p>\n<p align=\"justify\"><span style=\"font-family: Calibri, serif;\"><span style=\"font-size: small;\"><span style=\"font-size: large;\"><span lang=\"fr-FR\"><i>\u00ab\u00a0Les anciens \u00e9l\u00e8ves comblent le foss\u00e9 entre les \u00e9tudiants et le monde\u00a0\u00bb<\/i><\/span><\/span><\/span><\/span><\/p>\n<p align=\"right\"><span style=\"color: #888888;\">\u00a0<\/span><span style=\"font-family: 'Times New Roman', serif;\"><b><span style=\"color: #444444;\"><span style=\"font-family: Calibri, serif;\"><span style=\"font-size: small;\"><span lang=\"fr-FR\">Mukeeta Jhaveri<\/span><\/span><\/span><\/span><\/b><\/span><\/p>\n","protected":false},"excerpt":{"rendered":"<p>QUEL EST L&rsquo;INT\u00c9R\u00caT D&rsquo;UNE ASSOCIATION D&rsquo;ANCIENS \u00c9L\u00c8VES ? LES CL\u00c9S DU SUCC\u00c8S : AVEC LES APPRENANTS POUR LA VIE. Par Manuel Zaragoza Le 24 octobre 2016 \u00c9motion, discours, hommages, larmes pour certains temps pass\u00e9s, vid\u00e9os qui r\u00e9veillent la nostalgie, vieilles photos, beaucoup de sourires et quelques retrouvailles surprenantes et inattendues. Si vous faites partie de <a href=\"https:\/\/www.omaec.org\/fr\/les-12-cles-du-succes-dune-association-danciens-eleves\/\" rel=\"nofollow\">(more&#8230;)<\/a><\/p>\n","protected":false},"author":1,"featured_media":4353,"comment_status":"closed","ping_status":"open","sticky":false,"template":"","format":"standard","meta":{"footnotes":""},"categories":[50],"tags":[],"class_list":["post-4357","post","type-post","status-publish","format-standard","has-post-thumbnail","hentry","category-messages-fr"],"acf":[],"yoast_head":"<!-- This site is optimized with the Yoast SEO plugin v20.11 - https:\/\/yoast.com\/wordpress\/plugins\/seo\/ -->\n<title>LES 12 CL\u00c9S DU SUCC\u00c8S D&#039;UNE ASSOCIATION D&#039;ANCIENS \u00c9L\u00c8VES - Organizaci\u00f3n Mundial de Antiguos Alumnos de la Educaci\u00f3n Cat\u00f3lica<\/title>\n<meta name=\"robots\" content=\"index, follow, max-snippet:-1, max-image-preview:large, max-video-preview:-1\" \/>\n<link rel=\"canonical\" href=\"https:\/\/www.omaec.org\/12-claves-para-el-exito-de-una-asociacion-de-antiguos-alumnos-alumni\/\" \/>\n<meta property=\"og:locale\" content=\"fr_FR\" \/>\n<meta property=\"og:type\" content=\"article\" \/>\n<meta property=\"og:title\" content=\"LES 12 CL\u00c9S DU SUCC\u00c8S D&#039;UNE ASSOCIATION D&#039;ANCIENS \u00c9L\u00c8VES - Organizaci\u00f3n Mundial de Antiguos Alumnos de la Educaci\u00f3n Cat\u00f3lica\" \/>\n<meta property=\"og:description\" content=\"QUEL EST L&rsquo;INT\u00c9R\u00caT D&rsquo;UNE ASSOCIATION D&rsquo;ANCIENS \u00c9L\u00c8VES ? LES CL\u00c9S DU SUCC\u00c8S : AVEC LES APPRENANTS POUR LA VIE. Par Manuel Zaragoza Le 24 octobre 2016 \u00c9motion, discours, hommages, larmes pour certains temps pass\u00e9s, vid\u00e9os qui r\u00e9veillent la nostalgie, vieilles photos, beaucoup de sourires et quelques retrouvailles surprenantes et inattendues. Si vous faites partie de (more...)\" \/>\n<meta property=\"og:url\" content=\"https:\/\/www.omaec.org\/12-claves-para-el-exito-de-una-asociacion-de-antiguos-alumnos-alumni\/\" \/>\n<meta property=\"og:site_name\" content=\"Organizaci\u00f3n Mundial de Antiguos Alumnos de la Educaci\u00f3n Cat\u00f3lica\" \/>\n<meta property=\"article:published_time\" content=\"2019-09-22T08:26:32+00:00\" \/>\n<meta property=\"og:image\" content=\"https:\/\/www.omaec.org\/wp-content\/uploads\/2019\/09\/grupo-joven-mar.jpg\" \/>\n\t<meta property=\"og:image:width\" content=\"990\" \/>\n\t<meta property=\"og:image:height\" content=\"662\" \/>\n\t<meta property=\"og:image:type\" content=\"image\/jpeg\" \/>\n<meta name=\"author\" content=\"Secretario General\" \/>\n<meta name=\"twitter:card\" content=\"summary_large_image\" \/>\n<meta name=\"twitter:label1\" content=\"\u00c9crit par\" \/>\n\t<meta name=\"twitter:data1\" content=\"Secretario General\" \/>\n\t<meta name=\"twitter:label2\" content=\"Dur\u00e9e de lecture estim\u00e9e\" \/>\n\t<meta name=\"twitter:data2\" content=\"6 minutes\" \/>\n<script type=\"application\/ld+json\" class=\"yoast-schema-graph\">{\"@context\":\"https:\/\/schema.org\",\"@graph\":[{\"@type\":\"Article\",\"@id\":\"https:\/\/www.omaec.org\/12-claves-para-el-exito-de-una-asociacion-de-antiguos-alumnos-alumni\/#article\",\"isPartOf\":{\"@id\":\"https:\/\/www.omaec.org\/12-claves-para-el-exito-de-una-asociacion-de-antiguos-alumnos-alumni\/\"},\"author\":{\"name\":\"Secretario General\",\"@id\":\"https:\/\/www.omaec.org\/#\/schema\/person\/b6995e5c4038e3cf602f2bb958068c35\"},\"headline\":\"LES 12 CL\u00c9S DU SUCC\u00c8S D&rsquo;UNE ASSOCIATION D&rsquo;ANCIENS \u00c9L\u00c8VES\",\"datePublished\":\"2019-09-22T08:26:32+00:00\",\"dateModified\":\"2019-09-22T08:26:32+00:00\",\"mainEntityOfPage\":{\"@id\":\"https:\/\/www.omaec.org\/12-claves-para-el-exito-de-una-asociacion-de-antiguos-alumnos-alumni\/\"},\"wordCount\":1216,\"publisher\":{\"@id\":\"https:\/\/www.omaec.org\/#organization\"},\"articleSection\":[\"Messages\"],\"inLanguage\":\"fr-FR\"},{\"@type\":\"WebPage\",\"@id\":\"https:\/\/www.omaec.org\/12-claves-para-el-exito-de-una-asociacion-de-antiguos-alumnos-alumni\/\",\"url\":\"https:\/\/www.omaec.org\/12-claves-para-el-exito-de-una-asociacion-de-antiguos-alumnos-alumni\/\",\"name\":\"LES 12 CL\u00c9S DU SUCC\u00c8S D'UNE ASSOCIATION D'ANCIENS \u00c9L\u00c8VES - Organizaci\u00f3n Mundial de Antiguos Alumnos de la Educaci\u00f3n Cat\u00f3lica\",\"isPartOf\":{\"@id\":\"https:\/\/www.omaec.org\/#website\"},\"datePublished\":\"2019-09-22T08:26:32+00:00\",\"dateModified\":\"2019-09-22T08:26:32+00:00\",\"breadcrumb\":{\"@id\":\"https:\/\/www.omaec.org\/12-claves-para-el-exito-de-una-asociacion-de-antiguos-alumnos-alumni\/#breadcrumb\"},\"inLanguage\":\"fr-FR\",\"potentialAction\":[{\"@type\":\"ReadAction\",\"target\":[\"https:\/\/www.omaec.org\/12-claves-para-el-exito-de-una-asociacion-de-antiguos-alumnos-alumni\/\"]}]},{\"@type\":\"BreadcrumbList\",\"@id\":\"https:\/\/www.omaec.org\/12-claves-para-el-exito-de-una-asociacion-de-antiguos-alumnos-alumni\/#breadcrumb\",\"itemListElement\":[{\"@type\":\"ListItem\",\"position\":1,\"name\":\"Portada\",\"item\":\"https:\/\/www.omaec.org\/fr\/\"},{\"@type\":\"ListItem\",\"position\":2,\"name\":\"LES 12 CL\u00c9S DU SUCC\u00c8S D&#8217;UNE ASSOCIATION D&#8217;ANCIENS \u00c9L\u00c8VES\"}]},{\"@type\":\"WebSite\",\"@id\":\"https:\/\/www.omaec.org\/#website\",\"url\":\"https:\/\/www.omaec.org\/\",\"name\":\"Organizaci\u00f3n Mundial de Antiguos Alumnos de la Educaci\u00f3n Cat\u00f3lica\",\"description\":\"OMAEC\",\"publisher\":{\"@id\":\"https:\/\/www.omaec.org\/#organization\"},\"potentialAction\":[{\"@type\":\"SearchAction\",\"target\":{\"@type\":\"EntryPoint\",\"urlTemplate\":\"https:\/\/www.omaec.org\/?s={search_term_string}\"},\"query-input\":\"required name=search_term_string\"}],\"inLanguage\":\"fr-FR\"},{\"@type\":\"Organization\",\"@id\":\"https:\/\/www.omaec.org\/#organization\",\"name\":\"Organizaci\u00f3n Mundial de Antiguos Alumnos de la Educaci\u00f3n Cat\u00f3lica\",\"url\":\"https:\/\/www.omaec.org\/\",\"logo\":{\"@type\":\"ImageObject\",\"inLanguage\":\"fr-FR\",\"@id\":\"https:\/\/www.omaec.org\/#\/schema\/logo\/image\/\",\"url\":\"https:\/\/www.omaec.org\/wp-content\/uploads\/2021\/06\/OMAEC-LOGO-OFICIAL.jpg\",\"contentUrl\":\"https:\/\/www.omaec.org\/wp-content\/uploads\/2021\/06\/OMAEC-LOGO-OFICIAL.jpg\",\"width\":525,\"height\":452,\"caption\":\"Organizaci\u00f3n Mundial de Antiguos  Alumnos de la Educaci\u00f3n Cat\u00f3lica\"},\"image\":{\"@id\":\"https:\/\/www.omaec.org\/#\/schema\/logo\/image\/\"}},{\"@type\":\"Person\",\"@id\":\"https:\/\/www.omaec.org\/#\/schema\/person\/b6995e5c4038e3cf602f2bb958068c35\",\"name\":\"Secretario General\",\"image\":{\"@type\":\"ImageObject\",\"inLanguage\":\"fr-FR\",\"@id\":\"https:\/\/www.omaec.org\/#\/schema\/person\/image\/\",\"url\":\"https:\/\/www.omaec.org\/wp-content\/uploads\/2025\/03\/FOTO-GUILLERMO-GUTIERREZ-PIRAQUIVE-OMAEC-96x96.jpg\",\"contentUrl\":\"https:\/\/www.omaec.org\/wp-content\/uploads\/2025\/03\/FOTO-GUILLERMO-GUTIERREZ-PIRAQUIVE-OMAEC-96x96.jpg\",\"caption\":\"Secretario General\"},\"description\":\"EXPERIENCIA LABORAL: SERVICIO NACIONAL DE APRENDIZAJE-SENA Regional Bogot\u00e1. Centro de Gesti\u00f3n de Mercados, Log\u00edstica y Tecnolog\u00edas de la Informaci\u00f3n. \u00b7Instructor de Mercadeo. SERVICIO NACIONAL DE APRENDIZAJE-SENA Regional Bogot\u00e1. Centro de Gesti\u00f3n Administrativa. \u00b7Instructor de Ventas. ARTESAN\u00cdAS DE COLOMBIA. \u00b7Administrador Centro Artesanal La Chamba (Tolima). PROGRAMADORA TELECULTURALES. \u00b7Asistente de Direcci\u00f3n AGENCIAS DE PUBLICIDAD: REP Y MASTER \u00b7Jefe de Medios SANCHO PUBLICIDAD \u00b7Jefe de Tr\u00e1fico. LEO BURNETT \u00b7Asistente de Medios. EDUCACION: \u00b7FUNDACI\u00d3N UNIVERSITARIA SALESIANA Diplomado en Salesianidad. \u00b7POLIT\u00c9CNICO GRANCOLOMBIANO Especializaci\u00f3n en Gerencia de Mercadeo. \u00b7UNIVERSIDAD NACIONAL ABIERTA Y A DISTANCIA Administraci\u00f3n de Empresas. \u00b7SERVICIO NACIONAL DE APRENDIZAJE-SENA Mercadotecnia. \u00b7UNIVERSIDAD CENTRAL Publicidad. \u00b7COLEGIO SALESIANO DE LE\u00d3N XIII Bachiller Acad\u00e9mico. EXPERIENCIA EXALUMNAL: ASOCIACI\u00d3N DE EXALUMNOS SDB-AEXSDBINSPECTOR\u00cdA SAN PEDRO CLAVER Presidente Sexenio 2021-2027. \u00b7ASOCIACI\u00d3N DE EXALUMNOS SDB-AEXSDBINSPECTOR\u00cdA SAN PEDRO CLAVER Vicepresidente Sexenio 2015-2021. \u00b7COLEGIO SALESIANO DE LE\u00d3N XIII. L\u00edder Promoci\u00f3n 1969. EXALUMNAL\",\"url\":\"https:\/\/www.omaec.org\/fr\/author\/omaec-admin\/\"}]}<\/script>\n<!-- \/ Yoast SEO plugin. -->","yoast_head_json":{"title":"LES 12 CL\u00c9S DU SUCC\u00c8S D'UNE ASSOCIATION D'ANCIENS \u00c9L\u00c8VES - Organizaci\u00f3n Mundial de Antiguos Alumnos de la Educaci\u00f3n Cat\u00f3lica","robots":{"index":"index","follow":"follow","max-snippet":"max-snippet:-1","max-image-preview":"max-image-preview:large","max-video-preview":"max-video-preview:-1"},"canonical":"https:\/\/www.omaec.org\/12-claves-para-el-exito-de-una-asociacion-de-antiguos-alumnos-alumni\/","og_locale":"fr_FR","og_type":"article","og_title":"LES 12 CL\u00c9S DU SUCC\u00c8S D'UNE ASSOCIATION D'ANCIENS \u00c9L\u00c8VES - Organizaci\u00f3n Mundial de Antiguos Alumnos de la Educaci\u00f3n Cat\u00f3lica","og_description":"QUEL EST L&rsquo;INT\u00c9R\u00caT D&rsquo;UNE ASSOCIATION D&rsquo;ANCIENS \u00c9L\u00c8VES ? LES CL\u00c9S DU SUCC\u00c8S : AVEC LES APPRENANTS POUR LA VIE. Par Manuel Zaragoza Le 24 octobre 2016 \u00c9motion, discours, hommages, larmes pour certains temps pass\u00e9s, vid\u00e9os qui r\u00e9veillent la nostalgie, vieilles photos, beaucoup de sourires et quelques retrouvailles surprenantes et inattendues. Si vous faites partie de (more...)","og_url":"https:\/\/www.omaec.org\/12-claves-para-el-exito-de-una-asociacion-de-antiguos-alumnos-alumni\/","og_site_name":"Organizaci\u00f3n Mundial de Antiguos Alumnos de la Educaci\u00f3n Cat\u00f3lica","article_published_time":"2019-09-22T08:26:32+00:00","og_image":[{"width":990,"height":662,"url":"https:\/\/www.omaec.org\/wp-content\/uploads\/2019\/09\/grupo-joven-mar.jpg","type":"image\/jpeg"}],"author":"Secretario General","twitter_card":"summary_large_image","twitter_misc":{"\u00c9crit par":"Secretario General","Dur\u00e9e de lecture estim\u00e9e":"6 minutes"},"schema":{"@context":"https:\/\/schema.org","@graph":[{"@type":"Article","@id":"https:\/\/www.omaec.org\/12-claves-para-el-exito-de-una-asociacion-de-antiguos-alumnos-alumni\/#article","isPartOf":{"@id":"https:\/\/www.omaec.org\/12-claves-para-el-exito-de-una-asociacion-de-antiguos-alumnos-alumni\/"},"author":{"name":"Secretario General","@id":"https:\/\/www.omaec.org\/#\/schema\/person\/b6995e5c4038e3cf602f2bb958068c35"},"headline":"LES 12 CL\u00c9S DU SUCC\u00c8S D&rsquo;UNE ASSOCIATION D&rsquo;ANCIENS \u00c9L\u00c8VES","datePublished":"2019-09-22T08:26:32+00:00","dateModified":"2019-09-22T08:26:32+00:00","mainEntityOfPage":{"@id":"https:\/\/www.omaec.org\/12-claves-para-el-exito-de-una-asociacion-de-antiguos-alumnos-alumni\/"},"wordCount":1216,"publisher":{"@id":"https:\/\/www.omaec.org\/#organization"},"articleSection":["Messages"],"inLanguage":"fr-FR"},{"@type":"WebPage","@id":"https:\/\/www.omaec.org\/12-claves-para-el-exito-de-una-asociacion-de-antiguos-alumnos-alumni\/","url":"https:\/\/www.omaec.org\/12-claves-para-el-exito-de-una-asociacion-de-antiguos-alumnos-alumni\/","name":"LES 12 CL\u00c9S DU SUCC\u00c8S D'UNE ASSOCIATION D'ANCIENS \u00c9L\u00c8VES - Organizaci\u00f3n Mundial de Antiguos Alumnos de la Educaci\u00f3n Cat\u00f3lica","isPartOf":{"@id":"https:\/\/www.omaec.org\/#website"},"datePublished":"2019-09-22T08:26:32+00:00","dateModified":"2019-09-22T08:26:32+00:00","breadcrumb":{"@id":"https:\/\/www.omaec.org\/12-claves-para-el-exito-de-una-asociacion-de-antiguos-alumnos-alumni\/#breadcrumb"},"inLanguage":"fr-FR","potentialAction":[{"@type":"ReadAction","target":["https:\/\/www.omaec.org\/12-claves-para-el-exito-de-una-asociacion-de-antiguos-alumnos-alumni\/"]}]},{"@type":"BreadcrumbList","@id":"https:\/\/www.omaec.org\/12-claves-para-el-exito-de-una-asociacion-de-antiguos-alumnos-alumni\/#breadcrumb","itemListElement":[{"@type":"ListItem","position":1,"name":"Portada","item":"https:\/\/www.omaec.org\/fr\/"},{"@type":"ListItem","position":2,"name":"LES 12 CL\u00c9S DU SUCC\u00c8S D&#8217;UNE ASSOCIATION D&#8217;ANCIENS \u00c9L\u00c8VES"}]},{"@type":"WebSite","@id":"https:\/\/www.omaec.org\/#website","url":"https:\/\/www.omaec.org\/","name":"Organizaci\u00f3n Mundial de Antiguos Alumnos de la Educaci\u00f3n Cat\u00f3lica","description":"OMAEC","publisher":{"@id":"https:\/\/www.omaec.org\/#organization"},"potentialAction":[{"@type":"SearchAction","target":{"@type":"EntryPoint","urlTemplate":"https:\/\/www.omaec.org\/?s={search_term_string}"},"query-input":"required name=search_term_string"}],"inLanguage":"fr-FR"},{"@type":"Organization","@id":"https:\/\/www.omaec.org\/#organization","name":"Organizaci\u00f3n Mundial de Antiguos Alumnos de la Educaci\u00f3n Cat\u00f3lica","url":"https:\/\/www.omaec.org\/","logo":{"@type":"ImageObject","inLanguage":"fr-FR","@id":"https:\/\/www.omaec.org\/#\/schema\/logo\/image\/","url":"https:\/\/www.omaec.org\/wp-content\/uploads\/2021\/06\/OMAEC-LOGO-OFICIAL.jpg","contentUrl":"https:\/\/www.omaec.org\/wp-content\/uploads\/2021\/06\/OMAEC-LOGO-OFICIAL.jpg","width":525,"height":452,"caption":"Organizaci\u00f3n Mundial de Antiguos  Alumnos de la Educaci\u00f3n Cat\u00f3lica"},"image":{"@id":"https:\/\/www.omaec.org\/#\/schema\/logo\/image\/"}},{"@type":"Person","@id":"https:\/\/www.omaec.org\/#\/schema\/person\/b6995e5c4038e3cf602f2bb958068c35","name":"Secretario General","image":{"@type":"ImageObject","inLanguage":"fr-FR","@id":"https:\/\/www.omaec.org\/#\/schema\/person\/image\/","url":"https:\/\/www.omaec.org\/wp-content\/uploads\/2025\/03\/FOTO-GUILLERMO-GUTIERREZ-PIRAQUIVE-OMAEC-96x96.jpg","contentUrl":"https:\/\/www.omaec.org\/wp-content\/uploads\/2025\/03\/FOTO-GUILLERMO-GUTIERREZ-PIRAQUIVE-OMAEC-96x96.jpg","caption":"Secretario General"},"description":"EXPERIENCIA LABORAL: SERVICIO NACIONAL DE APRENDIZAJE-SENA Regional Bogot\u00e1. Centro de Gesti\u00f3n de Mercados, Log\u00edstica y Tecnolog\u00edas de la Informaci\u00f3n. \u00b7Instructor de Mercadeo. SERVICIO NACIONAL DE APRENDIZAJE-SENA Regional Bogot\u00e1. Centro de Gesti\u00f3n Administrativa. \u00b7Instructor de Ventas. ARTESAN\u00cdAS DE COLOMBIA. \u00b7Administrador Centro Artesanal La Chamba (Tolima). PROGRAMADORA TELECULTURALES. \u00b7Asistente de Direcci\u00f3n AGENCIAS DE PUBLICIDAD: REP Y MASTER \u00b7Jefe de Medios SANCHO PUBLICIDAD \u00b7Jefe de Tr\u00e1fico. LEO BURNETT \u00b7Asistente de Medios. EDUCACION: \u00b7FUNDACI\u00d3N UNIVERSITARIA SALESIANA Diplomado en Salesianidad. \u00b7POLIT\u00c9CNICO GRANCOLOMBIANO Especializaci\u00f3n en Gerencia de Mercadeo. \u00b7UNIVERSIDAD NACIONAL ABIERTA Y A DISTANCIA Administraci\u00f3n de Empresas. \u00b7SERVICIO NACIONAL DE APRENDIZAJE-SENA Mercadotecnia. \u00b7UNIVERSIDAD CENTRAL Publicidad. \u00b7COLEGIO SALESIANO DE LE\u00d3N XIII Bachiller Acad\u00e9mico. EXPERIENCIA EXALUMNAL: ASOCIACI\u00d3N DE EXALUMNOS SDB-AEXSDBINSPECTOR\u00cdA SAN PEDRO CLAVER Presidente Sexenio 2021-2027. \u00b7ASOCIACI\u00d3N DE EXALUMNOS SDB-AEXSDBINSPECTOR\u00cdA SAN PEDRO CLAVER Vicepresidente Sexenio 2015-2021. \u00b7COLEGIO SALESIANO DE LE\u00d3N XIII. L\u00edder Promoci\u00f3n 1969. EXALUMNAL","url":"https:\/\/www.omaec.org\/fr\/author\/omaec-admin\/"}]}},"_links":{"self":[{"href":"https:\/\/www.omaec.org\/fr\/wp-json\/wp\/v2\/posts\/4357","targetHints":{"allow":["GET"]}}],"collection":[{"href":"https:\/\/www.omaec.org\/fr\/wp-json\/wp\/v2\/posts"}],"about":[{"href":"https:\/\/www.omaec.org\/fr\/wp-json\/wp\/v2\/types\/post"}],"author":[{"embeddable":true,"href":"https:\/\/www.omaec.org\/fr\/wp-json\/wp\/v2\/users\/1"}],"replies":[{"embeddable":true,"href":"https:\/\/www.omaec.org\/fr\/wp-json\/wp\/v2\/comments?post=4357"}],"version-history":[{"count":1,"href":"https:\/\/www.omaec.org\/fr\/wp-json\/wp\/v2\/posts\/4357\/revisions"}],"predecessor-version":[{"id":4358,"href":"https:\/\/www.omaec.org\/fr\/wp-json\/wp\/v2\/posts\/4357\/revisions\/4358"}],"wp:featuredmedia":[{"embeddable":true,"href":"https:\/\/www.omaec.org\/fr\/wp-json\/wp\/v2\/media\/4353"}],"wp:attachment":[{"href":"https:\/\/www.omaec.org\/fr\/wp-json\/wp\/v2\/media?parent=4357"}],"wp:term":[{"taxonomy":"category","embeddable":true,"href":"https:\/\/www.omaec.org\/fr\/wp-json\/wp\/v2\/categories?post=4357"},{"taxonomy":"post_tag","embeddable":true,"href":"https:\/\/www.omaec.org\/fr\/wp-json\/wp\/v2\/tags?post=4357"}],"curies":[{"name":"wp","href":"https:\/\/api.w.org\/{rel}","templated":true}]}}