{"id":4231,"date":"2019-05-03T15:55:08","date_gmt":"2019-05-03T14:55:08","guid":{"rendered":"http:\/\/omaec.org\/?p=4231"},"modified":"2019-05-03T15:55:08","modified_gmt":"2019-05-03T14:55:08","slug":"ecosoc-onu-argentine","status":"publish","type":"post","link":"https:\/\/www.omaec.org\/fr\/ecosoc-onu-argentine\/","title":{"rendered":"ECOSOC-ONU- Argentine"},"content":{"rendered":"<p align=\"center\"><span style=\"font-family: Calibri, serif;\"><span style=\"font-size: small;\"><span style=\"color: #000000;\"><span style=\"font-size: large;\"><span lang=\"fr-FR\"><u><b>DEUXIEME CONF\u00c9RENCE ECOSOC-ONU<\/b><\/u><\/span><\/span><\/span><\/span><\/span><\/p>\n<p align=\"justify\"><a name=\"__DdeLink__16_1622451712\"><\/a> <span style=\"font-family: Calibri, serif;\"><span style=\"font-size: small;\"><span style=\"color: #000000;\"><span style=\"font-size: medium;\"><span lang=\"fr-FR\">L&rsquo;OMAEC a \u00e9t\u00e9 invit\u00e9e \u00e0 la 2\u00e8me Conf\u00e9rence des Nations Unies sur la coop\u00e9ration Sud-Sud qui s&rsquo;est tenue \u00e0 Buenos Aires pendant trois jours du 20 au 22 mars 2019. L&rsquo;OMAEC \u00e9tait repr\u00e9sent\u00e9e par Mme N\u00e9lida Mariani, pr\u00e9sidente de la CONFAEEC (Conf\u00e9d\u00e9ration argentine des anciens \u00e9l\u00e8ves de l&rsquo;enseignement catholique) et par Mme Evangelina Garc\u00eda Richard, vice-pr\u00e9sidente de l&rsquo;OMAEC.<a href=\"http:\/\/omaec.org\/wp-content\/uploads\/2016\/01\/ecosoc.jpg\" rel=\"attachment wp-att-579\"><img loading=\"lazy\" decoding=\"async\" class=\"size-medium wp-image-579 alignleft\" src=\"http:\/\/omaec.org\/wp-content\/uploads\/2016\/01\/ecosoc-300x183.jpg\" alt=\"ecosoc\" width=\"300\" height=\"183\" \/><\/a><\/span><\/span><\/span><\/span><\/span><\/p>\n<p align=\"justify\"><span style=\"color: #000000;\"> <span style=\"font-family: Calibri, serif;\"><span style=\"font-size: small;\"><span style=\"font-size: medium;\"><span lang=\"fr-FR\">Le th\u00e8me central \u00e9tait de tirer parti de la coop\u00e9ration Sud-Sud, car elle repr\u00e9sente une excellente occasion de r\u00e9aliser l&rsquo;Agenda 2030 sur la voie du d\u00e9veloppement durable, qui vise, entre autres objectifs, \u00e0 mettre un terme \u00e0 la faim et \u00e0 la pauvret\u00e9 et \u00e0 lutter contre les changements climatiques. De nouvelles modalit\u00e9s de coop\u00e9ration ont \u00e9t\u00e9 discut\u00e9es, telles que \u00ab\u00a0Ville &#8211; Ville\u00a0\u00bb (entre villes) et \u00ab\u00a0Fragile &#8211; Fragile\u00a0\u00bb (entre pays en situation de fragilit\u00e9).<\/span><\/span><\/span><\/span><\/span><\/p>\n<p align=\"justify\"><span style=\"color: #000000;\"> <span style=\"font-family: Calibri, serif;\"><span style=\"font-size: small;\"><span style=\"font-size: medium;\"><span lang=\"fr-FR\">Cette coop\u00e9ration Sud-Sud compl\u00e8te la coop\u00e9ration internationale Nord-Sud ou triangulaire (deux pays du Sud et un pays du Nord) en acceptant le multilat\u00e9ralisme.<\/span><\/span><\/span><\/span><\/span><\/p>\n<p align=\"justify\"><span style=\"color: #000000;\"> <span style=\"font-family: Calibri, serif;\"><span style=\"font-size: small;\"><span style=\"font-size: medium;\"><span lang=\"fr-FR\">A la fin de la conf\u00e9rence, la pr\u00e9sidente de l&rsquo;Assembl\u00e9e g\u00e9n\u00e9rale des Nations Unies, Mar\u00eda Fernanda Espinoza de l&rsquo;Equateur, a d\u00e9clar\u00e9 : \u00ab\u00a0<\/span><\/span><\/span><span style=\"color: #000000;\"><span style=\"font-size: medium;\"><span lang=\"fr-FR\"><i>La solidarit<\/i><\/span><\/span><\/span><\/span><\/span><\/p>\n","protected":false},"excerpt":{"rendered":"<p>DEUXIEME CONF\u00c9RENCE ECOSOC-ONU L&rsquo;OMAEC a \u00e9t\u00e9 invit\u00e9e \u00e0 la 2\u00e8me Conf\u00e9rence des Nations Unies sur la coop\u00e9ration Sud-Sud qui s&rsquo;est tenue \u00e0 Buenos Aires pendant trois jours du 20 au 22 mars 2019. L&rsquo;OMAEC \u00e9tait repr\u00e9sent\u00e9e par Mme N\u00e9lida Mariani, pr\u00e9sidente de la CONFAEEC (Conf\u00e9d\u00e9ration argentine des anciens \u00e9l\u00e8ves de l&rsquo;enseignement catholique) et par Mme <a href=\"https:\/\/www.omaec.org\/fr\/ecosoc-onu-argentine\/\" rel=\"nofollow\">(more&#8230;)<\/a><\/p>\n","protected":false},"author":1,"featured_media":4227,"comment_status":"closed","ping_status":"open","sticky":false,"template":"","format":"standard","meta":{"footnotes":""},"categories":[48],"tags":[],"class_list":["post-4231","post","type-post","status-publish","format-standard","has-post-thumbnail","hentry","category-conferences"],"acf":[],"yoast_head":"<!-- This site is optimized with the Yoast SEO plugin v20.11 - https:\/\/yoast.com\/wordpress\/plugins\/seo\/ -->\n<title>ECOSOC-ONU- Argentine - Organizaci\u00f3n Mundial de Antiguos Alumnos de la Educaci\u00f3n Cat\u00f3lica<\/title>\n<meta name=\"robots\" content=\"index, follow, max-snippet:-1, max-image-preview:large, max-video-preview:-1\" \/>\n<link rel=\"canonical\" href=\"https:\/\/www.omaec.org\/fr\/ecosoc-onu-argentine\/\" \/>\n<meta property=\"og:locale\" content=\"fr_FR\" \/>\n<meta property=\"og:type\" content=\"article\" \/>\n<meta property=\"og:title\" content=\"ECOSOC-ONU- Argentine - Organizaci\u00f3n Mundial de Antiguos Alumnos de la Educaci\u00f3n Cat\u00f3lica\" \/>\n<meta property=\"og:description\" content=\"DEUXIEME CONF\u00c9RENCE ECOSOC-ONU L&rsquo;OMAEC a \u00e9t\u00e9 invit\u00e9e \u00e0 la 2\u00e8me Conf\u00e9rence des Nations Unies sur la coop\u00e9ration Sud-Sud qui s&rsquo;est tenue \u00e0 Buenos Aires pendant trois jours du 20 au 22 mars 2019. L&rsquo;OMAEC \u00e9tait repr\u00e9sent\u00e9e par Mme N\u00e9lida Mariani, pr\u00e9sidente de la CONFAEEC (Conf\u00e9d\u00e9ration argentine des anciens \u00e9l\u00e8ves de l&rsquo;enseignement catholique) et par Mme (more...)\" \/>\n<meta property=\"og:url\" content=\"https:\/\/www.omaec.org\/fr\/ecosoc-onu-argentine\/\" \/>\n<meta property=\"og:site_name\" content=\"Organizaci\u00f3n Mundial de Antiguos Alumnos de la Educaci\u00f3n Cat\u00f3lica\" \/>\n<meta property=\"article:published_time\" content=\"2019-05-03T14:55:08+00:00\" \/>\n<meta property=\"og:image\" content=\"https:\/\/www.omaec.org\/wp-content\/uploads\/2019\/05\/Evan-y-2.jpg\" \/>\n\t<meta property=\"og:image:width\" content=\"569\" \/>\n\t<meta property=\"og:image:height\" content=\"670\" \/>\n\t<meta property=\"og:image:type\" content=\"image\/jpeg\" \/>\n<meta name=\"author\" content=\"Secretario General\" \/>\n<meta name=\"twitter:card\" content=\"summary_large_image\" \/>\n<meta name=\"twitter:label1\" content=\"\u00c9crit par\" \/>\n\t<meta name=\"twitter:data1\" content=\"Secretario General\" \/>\n\t<meta name=\"twitter:label2\" content=\"Dur\u00e9e de lecture estim\u00e9e\" \/>\n\t<meta name=\"twitter:data2\" content=\"1 minute\" \/>\n<script type=\"application\/ld+json\" class=\"yoast-schema-graph\">{\"@context\":\"https:\/\/schema.org\",\"@graph\":[{\"@type\":\"Article\",\"@id\":\"https:\/\/www.omaec.org\/fr\/ecosoc-onu-argentine\/#article\",\"isPartOf\":{\"@id\":\"https:\/\/www.omaec.org\/fr\/ecosoc-onu-argentine\/\"},\"author\":{\"name\":\"Secretario General\",\"@id\":\"https:\/\/www.omaec.org\/#\/schema\/person\/b6995e5c4038e3cf602f2bb958068c35\"},\"headline\":\"ECOSOC-ONU- Argentine\",\"datePublished\":\"2019-05-03T14:55:08+00:00\",\"dateModified\":\"2019-05-03T14:55:08+00:00\",\"mainEntityOfPage\":{\"@id\":\"https:\/\/www.omaec.org\/fr\/ecosoc-onu-argentine\/\"},\"wordCount\":214,\"publisher\":{\"@id\":\"https:\/\/www.omaec.org\/#organization\"},\"articleSection\":[\"Conf\u00e9rences\"],\"inLanguage\":\"fr-FR\"},{\"@type\":\"WebPage\",\"@id\":\"https:\/\/www.omaec.org\/fr\/ecosoc-onu-argentine\/\",\"url\":\"https:\/\/www.omaec.org\/fr\/ecosoc-onu-argentine\/\",\"name\":\"ECOSOC-ONU- Argentine - Organizaci\u00f3n Mundial de Antiguos Alumnos de la Educaci\u00f3n Cat\u00f3lica\",\"isPartOf\":{\"@id\":\"https:\/\/www.omaec.org\/#website\"},\"datePublished\":\"2019-05-03T14:55:08+00:00\",\"dateModified\":\"2019-05-03T14:55:08+00:00\",\"breadcrumb\":{\"@id\":\"https:\/\/www.omaec.org\/fr\/ecosoc-onu-argentine\/#breadcrumb\"},\"inLanguage\":\"fr-FR\",\"potentialAction\":[{\"@type\":\"ReadAction\",\"target\":[\"https:\/\/www.omaec.org\/fr\/ecosoc-onu-argentine\/\"]}]},{\"@type\":\"BreadcrumbList\",\"@id\":\"https:\/\/www.omaec.org\/fr\/ecosoc-onu-argentine\/#breadcrumb\",\"itemListElement\":[{\"@type\":\"ListItem\",\"position\":1,\"name\":\"Portada\",\"item\":\"https:\/\/www.omaec.org\/fr\/\"},{\"@type\":\"ListItem\",\"position\":2,\"name\":\"ECOSOC-ONU- Argentine\"}]},{\"@type\":\"WebSite\",\"@id\":\"https:\/\/www.omaec.org\/#website\",\"url\":\"https:\/\/www.omaec.org\/\",\"name\":\"Organizaci\u00f3n Mundial de Antiguos Alumnos de la Educaci\u00f3n Cat\u00f3lica\",\"description\":\"OMAEC\",\"publisher\":{\"@id\":\"https:\/\/www.omaec.org\/#organization\"},\"potentialAction\":[{\"@type\":\"SearchAction\",\"target\":{\"@type\":\"EntryPoint\",\"urlTemplate\":\"https:\/\/www.omaec.org\/?s={search_term_string}\"},\"query-input\":\"required name=search_term_string\"}],\"inLanguage\":\"fr-FR\"},{\"@type\":\"Organization\",\"@id\":\"https:\/\/www.omaec.org\/#organization\",\"name\":\"Organizaci\u00f3n Mundial de Antiguos Alumnos de la Educaci\u00f3n Cat\u00f3lica\",\"url\":\"https:\/\/www.omaec.org\/\",\"logo\":{\"@type\":\"ImageObject\",\"inLanguage\":\"fr-FR\",\"@id\":\"https:\/\/www.omaec.org\/#\/schema\/logo\/image\/\",\"url\":\"https:\/\/www.omaec.org\/wp-content\/uploads\/2021\/06\/OMAEC-LOGO-OFICIAL.jpg\",\"contentUrl\":\"https:\/\/www.omaec.org\/wp-content\/uploads\/2021\/06\/OMAEC-LOGO-OFICIAL.jpg\",\"width\":525,\"height\":452,\"caption\":\"Organizaci\u00f3n Mundial de Antiguos  Alumnos de la Educaci\u00f3n Cat\u00f3lica\"},\"image\":{\"@id\":\"https:\/\/www.omaec.org\/#\/schema\/logo\/image\/\"}},{\"@type\":\"Person\",\"@id\":\"https:\/\/www.omaec.org\/#\/schema\/person\/b6995e5c4038e3cf602f2bb958068c35\",\"name\":\"Secretario General\",\"image\":{\"@type\":\"ImageObject\",\"inLanguage\":\"fr-FR\",\"@id\":\"https:\/\/www.omaec.org\/#\/schema\/person\/image\/\",\"url\":\"https:\/\/www.omaec.org\/wp-content\/uploads\/2025\/03\/FOTO-GUILLERMO-GUTIERREZ-PIRAQUIVE-OMAEC-96x96.jpg\",\"contentUrl\":\"https:\/\/www.omaec.org\/wp-content\/uploads\/2025\/03\/FOTO-GUILLERMO-GUTIERREZ-PIRAQUIVE-OMAEC-96x96.jpg\",\"caption\":\"Secretario General\"},\"description\":\"EXPERIENCIA LABORAL: SERVICIO NACIONAL DE APRENDIZAJE-SENA Regional Bogot\u00e1. Centro de Gesti\u00f3n de Mercados, Log\u00edstica y Tecnolog\u00edas de la Informaci\u00f3n. \u00b7Instructor de Mercadeo. SERVICIO NACIONAL DE APRENDIZAJE-SENA Regional Bogot\u00e1. Centro de Gesti\u00f3n Administrativa. \u00b7Instructor de Ventas. ARTESAN\u00cdAS DE COLOMBIA. \u00b7Administrador Centro Artesanal La Chamba (Tolima). PROGRAMADORA TELECULTURALES. \u00b7Asistente de Direcci\u00f3n AGENCIAS DE PUBLICIDAD: REP Y MASTER \u00b7Jefe de Medios SANCHO PUBLICIDAD \u00b7Jefe de Tr\u00e1fico. LEO BURNETT \u00b7Asistente de Medios. EDUCACION: \u00b7FUNDACI\u00d3N UNIVERSITARIA SALESIANA Diplomado en Salesianidad. \u00b7POLIT\u00c9CNICO GRANCOLOMBIANO Especializaci\u00f3n en Gerencia de Mercadeo. \u00b7UNIVERSIDAD NACIONAL ABIERTA Y A DISTANCIA Administraci\u00f3n de Empresas. \u00b7SERVICIO NACIONAL DE APRENDIZAJE-SENA Mercadotecnia. \u00b7UNIVERSIDAD CENTRAL Publicidad. \u00b7COLEGIO SALESIANO DE LE\u00d3N XIII Bachiller Acad\u00e9mico. EXPERIENCIA EXALUMNAL: ASOCIACI\u00d3N DE EXALUMNOS SDB-AEXSDBINSPECTOR\u00cdA SAN PEDRO CLAVER Presidente Sexenio 2021-2027. \u00b7ASOCIACI\u00d3N DE EXALUMNOS SDB-AEXSDBINSPECTOR\u00cdA SAN PEDRO CLAVER Vicepresidente Sexenio 2015-2021. \u00b7COLEGIO SALESIANO DE LE\u00d3N XIII. L\u00edder Promoci\u00f3n 1969. EXALUMNAL\",\"url\":\"https:\/\/www.omaec.org\/fr\/author\/omaec-admin\/\"}]}<\/script>\n<!-- \/ Yoast SEO plugin. -->","yoast_head_json":{"title":"ECOSOC-ONU- Argentine - Organizaci\u00f3n Mundial de Antiguos Alumnos de la Educaci\u00f3n Cat\u00f3lica","robots":{"index":"index","follow":"follow","max-snippet":"max-snippet:-1","max-image-preview":"max-image-preview:large","max-video-preview":"max-video-preview:-1"},"canonical":"https:\/\/www.omaec.org\/fr\/ecosoc-onu-argentine\/","og_locale":"fr_FR","og_type":"article","og_title":"ECOSOC-ONU- Argentine - Organizaci\u00f3n Mundial de Antiguos Alumnos de la Educaci\u00f3n Cat\u00f3lica","og_description":"DEUXIEME CONF\u00c9RENCE ECOSOC-ONU L&rsquo;OMAEC a \u00e9t\u00e9 invit\u00e9e \u00e0 la 2\u00e8me Conf\u00e9rence des Nations Unies sur la coop\u00e9ration Sud-Sud qui s&rsquo;est tenue \u00e0 Buenos Aires pendant trois jours du 20 au 22 mars 2019. L&rsquo;OMAEC \u00e9tait repr\u00e9sent\u00e9e par Mme N\u00e9lida Mariani, pr\u00e9sidente de la CONFAEEC (Conf\u00e9d\u00e9ration argentine des anciens \u00e9l\u00e8ves de l&rsquo;enseignement catholique) et par Mme (more...)","og_url":"https:\/\/www.omaec.org\/fr\/ecosoc-onu-argentine\/","og_site_name":"Organizaci\u00f3n Mundial de Antiguos Alumnos de la Educaci\u00f3n Cat\u00f3lica","article_published_time":"2019-05-03T14:55:08+00:00","og_image":[{"width":569,"height":670,"url":"https:\/\/www.omaec.org\/wp-content\/uploads\/2019\/05\/Evan-y-2.jpg","type":"image\/jpeg"}],"author":"Secretario General","twitter_card":"summary_large_image","twitter_misc":{"\u00c9crit par":"Secretario General","Dur\u00e9e de lecture estim\u00e9e":"1 minute"},"schema":{"@context":"https:\/\/schema.org","@graph":[{"@type":"Article","@id":"https:\/\/www.omaec.org\/fr\/ecosoc-onu-argentine\/#article","isPartOf":{"@id":"https:\/\/www.omaec.org\/fr\/ecosoc-onu-argentine\/"},"author":{"name":"Secretario General","@id":"https:\/\/www.omaec.org\/#\/schema\/person\/b6995e5c4038e3cf602f2bb958068c35"},"headline":"ECOSOC-ONU- Argentine","datePublished":"2019-05-03T14:55:08+00:00","dateModified":"2019-05-03T14:55:08+00:00","mainEntityOfPage":{"@id":"https:\/\/www.omaec.org\/fr\/ecosoc-onu-argentine\/"},"wordCount":214,"publisher":{"@id":"https:\/\/www.omaec.org\/#organization"},"articleSection":["Conf\u00e9rences"],"inLanguage":"fr-FR"},{"@type":"WebPage","@id":"https:\/\/www.omaec.org\/fr\/ecosoc-onu-argentine\/","url":"https:\/\/www.omaec.org\/fr\/ecosoc-onu-argentine\/","name":"ECOSOC-ONU- Argentine - Organizaci\u00f3n Mundial de Antiguos Alumnos de la Educaci\u00f3n Cat\u00f3lica","isPartOf":{"@id":"https:\/\/www.omaec.org\/#website"},"datePublished":"2019-05-03T14:55:08+00:00","dateModified":"2019-05-03T14:55:08+00:00","breadcrumb":{"@id":"https:\/\/www.omaec.org\/fr\/ecosoc-onu-argentine\/#breadcrumb"},"inLanguage":"fr-FR","potentialAction":[{"@type":"ReadAction","target":["https:\/\/www.omaec.org\/fr\/ecosoc-onu-argentine\/"]}]},{"@type":"BreadcrumbList","@id":"https:\/\/www.omaec.org\/fr\/ecosoc-onu-argentine\/#breadcrumb","itemListElement":[{"@type":"ListItem","position":1,"name":"Portada","item":"https:\/\/www.omaec.org\/fr\/"},{"@type":"ListItem","position":2,"name":"ECOSOC-ONU- Argentine"}]},{"@type":"WebSite","@id":"https:\/\/www.omaec.org\/#website","url":"https:\/\/www.omaec.org\/","name":"Organizaci\u00f3n Mundial de Antiguos Alumnos de la Educaci\u00f3n Cat\u00f3lica","description":"OMAEC","publisher":{"@id":"https:\/\/www.omaec.org\/#organization"},"potentialAction":[{"@type":"SearchAction","target":{"@type":"EntryPoint","urlTemplate":"https:\/\/www.omaec.org\/?s={search_term_string}"},"query-input":"required name=search_term_string"}],"inLanguage":"fr-FR"},{"@type":"Organization","@id":"https:\/\/www.omaec.org\/#organization","name":"Organizaci\u00f3n Mundial de Antiguos Alumnos de la Educaci\u00f3n Cat\u00f3lica","url":"https:\/\/www.omaec.org\/","logo":{"@type":"ImageObject","inLanguage":"fr-FR","@id":"https:\/\/www.omaec.org\/#\/schema\/logo\/image\/","url":"https:\/\/www.omaec.org\/wp-content\/uploads\/2021\/06\/OMAEC-LOGO-OFICIAL.jpg","contentUrl":"https:\/\/www.omaec.org\/wp-content\/uploads\/2021\/06\/OMAEC-LOGO-OFICIAL.jpg","width":525,"height":452,"caption":"Organizaci\u00f3n Mundial de Antiguos  Alumnos de la Educaci\u00f3n Cat\u00f3lica"},"image":{"@id":"https:\/\/www.omaec.org\/#\/schema\/logo\/image\/"}},{"@type":"Person","@id":"https:\/\/www.omaec.org\/#\/schema\/person\/b6995e5c4038e3cf602f2bb958068c35","name":"Secretario General","image":{"@type":"ImageObject","inLanguage":"fr-FR","@id":"https:\/\/www.omaec.org\/#\/schema\/person\/image\/","url":"https:\/\/www.omaec.org\/wp-content\/uploads\/2025\/03\/FOTO-GUILLERMO-GUTIERREZ-PIRAQUIVE-OMAEC-96x96.jpg","contentUrl":"https:\/\/www.omaec.org\/wp-content\/uploads\/2025\/03\/FOTO-GUILLERMO-GUTIERREZ-PIRAQUIVE-OMAEC-96x96.jpg","caption":"Secretario General"},"description":"EXPERIENCIA LABORAL: SERVICIO NACIONAL DE APRENDIZAJE-SENA Regional Bogot\u00e1. Centro de Gesti\u00f3n de Mercados, Log\u00edstica y Tecnolog\u00edas de la Informaci\u00f3n. \u00b7Instructor de Mercadeo. SERVICIO NACIONAL DE APRENDIZAJE-SENA Regional Bogot\u00e1. Centro de Gesti\u00f3n Administrativa. \u00b7Instructor de Ventas. ARTESAN\u00cdAS DE COLOMBIA. \u00b7Administrador Centro Artesanal La Chamba (Tolima). PROGRAMADORA TELECULTURALES. \u00b7Asistente de Direcci\u00f3n AGENCIAS DE PUBLICIDAD: REP Y MASTER \u00b7Jefe de Medios SANCHO PUBLICIDAD \u00b7Jefe de Tr\u00e1fico. LEO BURNETT \u00b7Asistente de Medios. EDUCACION: \u00b7FUNDACI\u00d3N UNIVERSITARIA SALESIANA Diplomado en Salesianidad. \u00b7POLIT\u00c9CNICO GRANCOLOMBIANO Especializaci\u00f3n en Gerencia de Mercadeo. \u00b7UNIVERSIDAD NACIONAL ABIERTA Y A DISTANCIA Administraci\u00f3n de Empresas. \u00b7SERVICIO NACIONAL DE APRENDIZAJE-SENA Mercadotecnia. \u00b7UNIVERSIDAD CENTRAL Publicidad. \u00b7COLEGIO SALESIANO DE LE\u00d3N XIII Bachiller Acad\u00e9mico. EXPERIENCIA EXALUMNAL: ASOCIACI\u00d3N DE EXALUMNOS SDB-AEXSDBINSPECTOR\u00cdA SAN PEDRO CLAVER Presidente Sexenio 2021-2027. \u00b7ASOCIACI\u00d3N DE EXALUMNOS SDB-AEXSDBINSPECTOR\u00cdA SAN PEDRO CLAVER Vicepresidente Sexenio 2015-2021. \u00b7COLEGIO SALESIANO DE LE\u00d3N XIII. L\u00edder Promoci\u00f3n 1969. EXALUMNAL","url":"https:\/\/www.omaec.org\/fr\/author\/omaec-admin\/"}]}},"_links":{"self":[{"href":"https:\/\/www.omaec.org\/fr\/wp-json\/wp\/v2\/posts\/4231","targetHints":{"allow":["GET"]}}],"collection":[{"href":"https:\/\/www.omaec.org\/fr\/wp-json\/wp\/v2\/posts"}],"about":[{"href":"https:\/\/www.omaec.org\/fr\/wp-json\/wp\/v2\/types\/post"}],"author":[{"embeddable":true,"href":"https:\/\/www.omaec.org\/fr\/wp-json\/wp\/v2\/users\/1"}],"replies":[{"embeddable":true,"href":"https:\/\/www.omaec.org\/fr\/wp-json\/wp\/v2\/comments?post=4231"}],"version-history":[{"count":1,"href":"https:\/\/www.omaec.org\/fr\/wp-json\/wp\/v2\/posts\/4231\/revisions"}],"predecessor-version":[{"id":4232,"href":"https:\/\/www.omaec.org\/fr\/wp-json\/wp\/v2\/posts\/4231\/revisions\/4232"}],"wp:featuredmedia":[{"embeddable":true,"href":"https:\/\/www.omaec.org\/fr\/wp-json\/wp\/v2\/media\/4227"}],"wp:attachment":[{"href":"https:\/\/www.omaec.org\/fr\/wp-json\/wp\/v2\/media?parent=4231"}],"wp:term":[{"taxonomy":"category","embeddable":true,"href":"https:\/\/www.omaec.org\/fr\/wp-json\/wp\/v2\/categories?post=4231"},{"taxonomy":"post_tag","embeddable":true,"href":"https:\/\/www.omaec.org\/fr\/wp-json\/wp\/v2\/tags?post=4231"}],"curies":[{"name":"wp","href":"https:\/\/api.w.org\/{rel}","templated":true}]}}