{"id":4220,"date":"2019-04-22T10:16:22","date_gmt":"2019-04-22T09:16:22","guid":{"rendered":"http:\/\/omaec.org\/?p=4220"},"modified":"2019-04-22T10:16:22","modified_gmt":"2019-04-22T09:16:22","slug":"unaec-europe-convoi77","status":"publish","type":"post","link":"https:\/\/www.omaec.org\/fr\/unaec-europe-convoi77\/","title":{"rendered":"UNAEC Europe &#8211; convoi77"},"content":{"rendered":"<p class=\"western\" align=\"justify\"><span style=\"color: #000000;\"><span style=\"font-family: Arial, serif;\"><span style=\"font-size: large;\"><strong>L\u2019UNAEC Europe<\/strong> soutient le projet\u00a0\u00e9voqu\u00e9 lors de l\u2019Assembl\u00e9e g\u00e9n\u00e9rale\u00a0\u00a0de Bruxelles\u00a0du\u00a0<strong>CEEC (Comit\u00e9 Europ\u00e9en pour l&rsquo; Enseignement Catholique)<\/strong>,\u00a0 dont <strong>l&rsquo;UNAEC<\/strong> est membre.<\/span><\/span><\/span><\/p>\n<p class=\"western\" align=\"justify\"><span style=\"color: #000000;\"><span style=\"font-family: Arial, serif;\"><span style=\"font-size: large;\"><a href=\"http:\/\/www.convoi77.org\">\u00ab Convoi 77 \u00bb<\/a> est une association qui s\u2019est cr\u00e9\u00e9e en vue de proposer \u00ab\u00a0<\/span><\/span><\/span><span style=\"color: #000000;\"><span style=\"font-family: Arial, serif;\"><span style=\"font-size: large;\"><i>un projet \u00e9ducatif et m\u00e9moriel autour du dernier grand convoi de d\u00e9port\u00e9s de Drancy<\/i><\/span><\/span><\/span><span style=\"color: #000000;\"><span style=\"font-family: Arial, serif;\"><span style=\"font-size: large;\">\u00a0\u00bb. Le convoi 77 est le dernier grand convoi ayant quitt\u00e9 Drancy le 31 juillet 1944 \u00e0 destination d\u2019Auschwitz emportant vers le camp de la mort 1310 hommes, femmes et enfants. Les personnes qui se sont retrouv\u00e9es dans ce convoi \u00e9taient originaires de 33 pays europ\u00e9ens diff\u00e9rents, m\u00eame si les plus nombreux d\u2019entre eux \u00e9taient Fran\u00e7ais, et en nombre moindre, Polonais.\u00a0<a href=\"http:\/\/omaec.org\/wp-content\/uploads\/2019\/04\/auswitch-e1539636049231.jpg\" rel=\"attachment wp-att-4217\"><img loading=\"lazy\" decoding=\"async\" class=\"size-medium wp-image-4217 alignleft\" src=\"http:\/\/omaec.org\/wp-content\/uploads\/2019\/04\/auswitch-e1539636049231-300x201.jpg\" alt=\"auswitch-e1539636049231\" width=\"300\" height=\"201\" srcset=\"https:\/\/www.omaec.org\/wp-content\/uploads\/2019\/04\/auswitch-e1539636049231-300x201.jpg 300w, https:\/\/www.omaec.org\/wp-content\/uploads\/2019\/04\/auswitch-e1539636049231-600x402.jpg 600w, https:\/\/www.omaec.org\/wp-content\/uploads\/2019\/04\/auswitch-e1539636049231-150x101.jpg 150w, https:\/\/www.omaec.org\/wp-content\/uploads\/2019\/04\/auswitch-e1539636049231.jpg 700w\" sizes=\"auto, (max-width: 300px) 100vw, 300px\" \/><\/a><\/span><\/span><\/span><\/p>\n<p class=\"western\" align=\"justify\"><span style=\"color: #000000;\"><span style=\"font-family: Arial, serif;\"><span style=\"font-size: large;\">Le projet vise \u00e0 encourager des \u00e9coles \u00e0 se saisir de cette question, en les invitant \u00e0 r\u00e9aliser concr\u00e8tement une biographie d\u2019une des personnes pr\u00e9sentes dans ce convoi, si possible une personne qui avait son ancrage initial dans le m\u00eame pays, la m\u00eame r\u00e9gion ou la m\u00eame ville que l\u2019\u00e9cole. En enqu\u00eatant,\u00a0 en recherchant des traces, des lieux, des personnes, des photographies, des t\u00e9moignages, les \u00e9coles peuvent trouver un projet \u00e0 caract\u00e8re \u00e9ducatif qui permettra de perp\u00e9tuer la m\u00e9moire de la Shoah.<a href=\"http:\/\/omaec.org\/wp-content\/uploads\/2019\/04\/convoi77.png\" rel=\"attachment wp-att-4218\"><img loading=\"lazy\" decoding=\"async\" class=\"size-medium wp-image-4218 alignright\" src=\"http:\/\/omaec.org\/wp-content\/uploads\/2019\/04\/convoi77-300x226.png\" alt=\"convoi77\" width=\"300\" height=\"226\" srcset=\"https:\/\/www.omaec.org\/wp-content\/uploads\/2019\/04\/convoi77-300x226.png 300w, https:\/\/www.omaec.org\/wp-content\/uploads\/2019\/04\/convoi77-150x113.png 150w, https:\/\/www.omaec.org\/wp-content\/uploads\/2019\/04\/convoi77.png 588w\" sizes=\"auto, (max-width: 300px) 100vw, 300px\" \/><\/a> Ce faisant, les \u00e9coles qui participeront trouveront dans ce projet une mani\u00e8re de d\u00e9velopper une forme d\u2019approche p\u00e9dagogique de la dimension interculturelle, que nous avons d\u00e9velopp\u00e9e lors de notre r\u00e9cent colloque.<\/span><\/span><\/span><\/p>\n<p class=\"western\" align=\"justify\"><span style=\"color: #000000;\"><span style=\"font-family: Arial, serif;\"><span style=\"font-size: large;\">Le site internet\u00a0<\/span><\/span><\/span><span style=\"color: #000080;\"><span lang=\"zxx\"><u><a href=\"http:\/\/www.convoi77.org\/\" target=\"_blank\"><span style=\"color: #000000;\"><span style=\"font-family: Arial, serif;\"><span style=\"font-size: large;\">www.convoi77.org<\/span><\/span><\/span><\/a><\/u><\/span><\/span><span style=\"color: #000000;\"><span style=\"font-family: Arial, serif;\"><span style=\"font-size: large;\">\u00a0vous renseignera plus largement sur les actions men\u00e9es par l\u2019association. Il est accessible en fran\u00e7ais, anglais et polonais.\u00a0<\/span><\/span><\/span><\/p>\n","protected":false},"excerpt":{"rendered":"<p>L\u2019UNAEC Europe soutient le projet\u00a0\u00e9voqu\u00e9 lors de l\u2019Assembl\u00e9e g\u00e9n\u00e9rale\u00a0\u00a0de Bruxelles\u00a0du\u00a0CEEC (Comit\u00e9 Europ\u00e9en pour l&rsquo; Enseignement Catholique),\u00a0 dont l&rsquo;UNAEC est membre. \u00ab Convoi 77 \u00bb est une association qui s\u2019est cr\u00e9\u00e9e en vue de proposer \u00ab\u00a0un projet \u00e9ducatif et m\u00e9moriel autour du dernier grand convoi de d\u00e9port\u00e9s de Drancy\u00a0\u00bb. Le convoi 77 est le dernier grand <a href=\"https:\/\/www.omaec.org\/fr\/unaec-europe-convoi77\/\" rel=\"nofollow\">(more&#8230;)<\/a><\/p>\n","protected":false},"author":1,"featured_media":4216,"comment_status":"closed","ping_status":"open","sticky":false,"template":"","format":"standard","meta":{"footnotes":""},"categories":[46],"tags":[],"class_list":["post-4220","post","type-post","status-publish","format-standard","has-post-thumbnail","hentry","category-solidarite"],"acf":[],"yoast_head":"<!-- This site is optimized with the Yoast SEO plugin v20.11 - https:\/\/yoast.com\/wordpress\/plugins\/seo\/ -->\n<title>UNAEC Europe - convoi77 - Organizaci\u00f3n Mundial de Antiguos Alumnos de la Educaci\u00f3n Cat\u00f3lica<\/title>\n<meta name=\"robots\" content=\"index, follow, max-snippet:-1, max-image-preview:large, max-video-preview:-1\" \/>\n<link rel=\"canonical\" href=\"https:\/\/www.omaec.org\/unaec-europa-convoi77\/\" \/>\n<meta property=\"og:locale\" content=\"fr_FR\" \/>\n<meta property=\"og:type\" content=\"article\" \/>\n<meta property=\"og:title\" content=\"UNAEC Europe - convoi77 - Organizaci\u00f3n Mundial de Antiguos Alumnos de la Educaci\u00f3n Cat\u00f3lica\" \/>\n<meta property=\"og:description\" content=\"L\u2019UNAEC Europe soutient le projet\u00a0\u00e9voqu\u00e9 lors de l\u2019Assembl\u00e9e g\u00e9n\u00e9rale\u00a0\u00a0de Bruxelles\u00a0du\u00a0CEEC (Comit\u00e9 Europ\u00e9en pour l&rsquo; Enseignement Catholique),\u00a0 dont l&rsquo;UNAEC est membre. \u00ab Convoi 77 \u00bb est une association qui s\u2019est cr\u00e9\u00e9e en vue de proposer \u00ab\u00a0un projet \u00e9ducatif et m\u00e9moriel autour du dernier grand convoi de d\u00e9port\u00e9s de Drancy\u00a0\u00bb. Le convoi 77 est le dernier grand (more...)\" \/>\n<meta property=\"og:url\" content=\"https:\/\/www.omaec.org\/unaec-europa-convoi77\/\" \/>\n<meta property=\"og:site_name\" content=\"Organizaci\u00f3n Mundial de Antiguos Alumnos de la Educaci\u00f3n Cat\u00f3lica\" \/>\n<meta property=\"article:published_time\" content=\"2019-04-22T09:16:22+00:00\" \/>\n<meta property=\"og:image\" content=\"https:\/\/www.omaec.org\/wp-content\/uploads\/2019\/04\/AUSWICT-2.jpg\" \/>\n\t<meta property=\"og:image:width\" content=\"1600\" \/>\n\t<meta property=\"og:image:height\" content=\"900\" \/>\n\t<meta property=\"og:image:type\" content=\"image\/jpeg\" \/>\n<meta name=\"author\" content=\"Secretario General\" \/>\n<meta name=\"twitter:card\" content=\"summary_large_image\" \/>\n<meta name=\"twitter:label1\" content=\"\u00c9crit par\" \/>\n\t<meta name=\"twitter:data1\" content=\"Secretario General\" \/>\n\t<meta name=\"twitter:label2\" content=\"Dur\u00e9e de lecture estim\u00e9e\" \/>\n\t<meta name=\"twitter:data2\" content=\"1 minute\" \/>\n<script type=\"application\/ld+json\" class=\"yoast-schema-graph\">{\"@context\":\"https:\/\/schema.org\",\"@graph\":[{\"@type\":\"Article\",\"@id\":\"https:\/\/www.omaec.org\/unaec-europa-convoi77\/#article\",\"isPartOf\":{\"@id\":\"https:\/\/www.omaec.org\/unaec-europa-convoi77\/\"},\"author\":{\"name\":\"Secretario General\",\"@id\":\"https:\/\/www.omaec.org\/#\/schema\/person\/b6995e5c4038e3cf602f2bb958068c35\"},\"headline\":\"UNAEC Europe &#8211; convoi77\",\"datePublished\":\"2019-04-22T09:16:22+00:00\",\"dateModified\":\"2019-04-22T09:16:22+00:00\",\"mainEntityOfPage\":{\"@id\":\"https:\/\/www.omaec.org\/unaec-europa-convoi77\/\"},\"wordCount\":283,\"publisher\":{\"@id\":\"https:\/\/www.omaec.org\/#organization\"},\"articleSection\":[\"Solidarit\u00e9\"],\"inLanguage\":\"fr-FR\"},{\"@type\":\"WebPage\",\"@id\":\"https:\/\/www.omaec.org\/unaec-europa-convoi77\/\",\"url\":\"https:\/\/www.omaec.org\/unaec-europa-convoi77\/\",\"name\":\"UNAEC Europe - convoi77 - Organizaci\u00f3n Mundial de Antiguos Alumnos de la Educaci\u00f3n Cat\u00f3lica\",\"isPartOf\":{\"@id\":\"https:\/\/www.omaec.org\/#website\"},\"datePublished\":\"2019-04-22T09:16:22+00:00\",\"dateModified\":\"2019-04-22T09:16:22+00:00\",\"breadcrumb\":{\"@id\":\"https:\/\/www.omaec.org\/unaec-europa-convoi77\/#breadcrumb\"},\"inLanguage\":\"fr-FR\",\"potentialAction\":[{\"@type\":\"ReadAction\",\"target\":[\"https:\/\/www.omaec.org\/unaec-europa-convoi77\/\"]}]},{\"@type\":\"BreadcrumbList\",\"@id\":\"https:\/\/www.omaec.org\/unaec-europa-convoi77\/#breadcrumb\",\"itemListElement\":[{\"@type\":\"ListItem\",\"position\":1,\"name\":\"Portada\",\"item\":\"https:\/\/www.omaec.org\/fr\/\"},{\"@type\":\"ListItem\",\"position\":2,\"name\":\"UNAEC Europe &#8211; convoi77\"}]},{\"@type\":\"WebSite\",\"@id\":\"https:\/\/www.omaec.org\/#website\",\"url\":\"https:\/\/www.omaec.org\/\",\"name\":\"Organizaci\u00f3n Mundial de Antiguos Alumnos de la Educaci\u00f3n Cat\u00f3lica\",\"description\":\"OMAEC\",\"publisher\":{\"@id\":\"https:\/\/www.omaec.org\/#organization\"},\"potentialAction\":[{\"@type\":\"SearchAction\",\"target\":{\"@type\":\"EntryPoint\",\"urlTemplate\":\"https:\/\/www.omaec.org\/?s={search_term_string}\"},\"query-input\":\"required name=search_term_string\"}],\"inLanguage\":\"fr-FR\"},{\"@type\":\"Organization\",\"@id\":\"https:\/\/www.omaec.org\/#organization\",\"name\":\"Organizaci\u00f3n Mundial de Antiguos Alumnos de la Educaci\u00f3n Cat\u00f3lica\",\"url\":\"https:\/\/www.omaec.org\/\",\"logo\":{\"@type\":\"ImageObject\",\"inLanguage\":\"fr-FR\",\"@id\":\"https:\/\/www.omaec.org\/#\/schema\/logo\/image\/\",\"url\":\"https:\/\/www.omaec.org\/wp-content\/uploads\/2021\/06\/OMAEC-LOGO-OFICIAL.jpg\",\"contentUrl\":\"https:\/\/www.omaec.org\/wp-content\/uploads\/2021\/06\/OMAEC-LOGO-OFICIAL.jpg\",\"width\":525,\"height\":452,\"caption\":\"Organizaci\u00f3n Mundial de Antiguos  Alumnos de la Educaci\u00f3n Cat\u00f3lica\"},\"image\":{\"@id\":\"https:\/\/www.omaec.org\/#\/schema\/logo\/image\/\"}},{\"@type\":\"Person\",\"@id\":\"https:\/\/www.omaec.org\/#\/schema\/person\/b6995e5c4038e3cf602f2bb958068c35\",\"name\":\"Secretario General\",\"image\":{\"@type\":\"ImageObject\",\"inLanguage\":\"fr-FR\",\"@id\":\"https:\/\/www.omaec.org\/#\/schema\/person\/image\/\",\"url\":\"https:\/\/www.omaec.org\/wp-content\/uploads\/2025\/03\/FOTO-GUILLERMO-GUTIERREZ-PIRAQUIVE-OMAEC-96x96.jpg\",\"contentUrl\":\"https:\/\/www.omaec.org\/wp-content\/uploads\/2025\/03\/FOTO-GUILLERMO-GUTIERREZ-PIRAQUIVE-OMAEC-96x96.jpg\",\"caption\":\"Secretario General\"},\"description\":\"EXPERIENCIA LABORAL: SERVICIO NACIONAL DE APRENDIZAJE-SENA Regional Bogot\u00e1. Centro de Gesti\u00f3n de Mercados, Log\u00edstica y Tecnolog\u00edas de la Informaci\u00f3n. \u00b7Instructor de Mercadeo. SERVICIO NACIONAL DE APRENDIZAJE-SENA Regional Bogot\u00e1. Centro de Gesti\u00f3n Administrativa. \u00b7Instructor de Ventas. ARTESAN\u00cdAS DE COLOMBIA. \u00b7Administrador Centro Artesanal La Chamba (Tolima). PROGRAMADORA TELECULTURALES. \u00b7Asistente de Direcci\u00f3n AGENCIAS DE PUBLICIDAD: REP Y MASTER \u00b7Jefe de Medios SANCHO PUBLICIDAD \u00b7Jefe de Tr\u00e1fico. LEO BURNETT \u00b7Asistente de Medios. EDUCACION: \u00b7FUNDACI\u00d3N UNIVERSITARIA SALESIANA Diplomado en Salesianidad. \u00b7POLIT\u00c9CNICO GRANCOLOMBIANO Especializaci\u00f3n en Gerencia de Mercadeo. \u00b7UNIVERSIDAD NACIONAL ABIERTA Y A DISTANCIA Administraci\u00f3n de Empresas. \u00b7SERVICIO NACIONAL DE APRENDIZAJE-SENA Mercadotecnia. \u00b7UNIVERSIDAD CENTRAL Publicidad. \u00b7COLEGIO SALESIANO DE LE\u00d3N XIII Bachiller Acad\u00e9mico. EXPERIENCIA EXALUMNAL: ASOCIACI\u00d3N DE EXALUMNOS SDB-AEXSDBINSPECTOR\u00cdA SAN PEDRO CLAVER Presidente Sexenio 2021-2027. \u00b7ASOCIACI\u00d3N DE EXALUMNOS SDB-AEXSDBINSPECTOR\u00cdA SAN PEDRO CLAVER Vicepresidente Sexenio 2015-2021. \u00b7COLEGIO SALESIANO DE LE\u00d3N XIII. L\u00edder Promoci\u00f3n 1969. EXALUMNAL\",\"url\":\"https:\/\/www.omaec.org\/fr\/author\/omaec-admin\/\"}]}<\/script>\n<!-- \/ Yoast SEO plugin. -->","yoast_head_json":{"title":"UNAEC Europe - convoi77 - Organizaci\u00f3n Mundial de Antiguos Alumnos de la Educaci\u00f3n Cat\u00f3lica","robots":{"index":"index","follow":"follow","max-snippet":"max-snippet:-1","max-image-preview":"max-image-preview:large","max-video-preview":"max-video-preview:-1"},"canonical":"https:\/\/www.omaec.org\/unaec-europa-convoi77\/","og_locale":"fr_FR","og_type":"article","og_title":"UNAEC Europe - convoi77 - Organizaci\u00f3n Mundial de Antiguos Alumnos de la Educaci\u00f3n Cat\u00f3lica","og_description":"L\u2019UNAEC Europe soutient le projet\u00a0\u00e9voqu\u00e9 lors de l\u2019Assembl\u00e9e g\u00e9n\u00e9rale\u00a0\u00a0de Bruxelles\u00a0du\u00a0CEEC (Comit\u00e9 Europ\u00e9en pour l&rsquo; Enseignement Catholique),\u00a0 dont l&rsquo;UNAEC est membre. \u00ab Convoi 77 \u00bb est une association qui s\u2019est cr\u00e9\u00e9e en vue de proposer \u00ab\u00a0un projet \u00e9ducatif et m\u00e9moriel autour du dernier grand convoi de d\u00e9port\u00e9s de Drancy\u00a0\u00bb. Le convoi 77 est le dernier grand (more...)","og_url":"https:\/\/www.omaec.org\/unaec-europa-convoi77\/","og_site_name":"Organizaci\u00f3n Mundial de Antiguos Alumnos de la Educaci\u00f3n Cat\u00f3lica","article_published_time":"2019-04-22T09:16:22+00:00","og_image":[{"width":1600,"height":900,"url":"https:\/\/www.omaec.org\/wp-content\/uploads\/2019\/04\/AUSWICT-2.jpg","type":"image\/jpeg"}],"author":"Secretario General","twitter_card":"summary_large_image","twitter_misc":{"\u00c9crit par":"Secretario General","Dur\u00e9e de lecture estim\u00e9e":"1 minute"},"schema":{"@context":"https:\/\/schema.org","@graph":[{"@type":"Article","@id":"https:\/\/www.omaec.org\/unaec-europa-convoi77\/#article","isPartOf":{"@id":"https:\/\/www.omaec.org\/unaec-europa-convoi77\/"},"author":{"name":"Secretario General","@id":"https:\/\/www.omaec.org\/#\/schema\/person\/b6995e5c4038e3cf602f2bb958068c35"},"headline":"UNAEC Europe &#8211; convoi77","datePublished":"2019-04-22T09:16:22+00:00","dateModified":"2019-04-22T09:16:22+00:00","mainEntityOfPage":{"@id":"https:\/\/www.omaec.org\/unaec-europa-convoi77\/"},"wordCount":283,"publisher":{"@id":"https:\/\/www.omaec.org\/#organization"},"articleSection":["Solidarit\u00e9"],"inLanguage":"fr-FR"},{"@type":"WebPage","@id":"https:\/\/www.omaec.org\/unaec-europa-convoi77\/","url":"https:\/\/www.omaec.org\/unaec-europa-convoi77\/","name":"UNAEC Europe - convoi77 - Organizaci\u00f3n Mundial de Antiguos Alumnos de la Educaci\u00f3n Cat\u00f3lica","isPartOf":{"@id":"https:\/\/www.omaec.org\/#website"},"datePublished":"2019-04-22T09:16:22+00:00","dateModified":"2019-04-22T09:16:22+00:00","breadcrumb":{"@id":"https:\/\/www.omaec.org\/unaec-europa-convoi77\/#breadcrumb"},"inLanguage":"fr-FR","potentialAction":[{"@type":"ReadAction","target":["https:\/\/www.omaec.org\/unaec-europa-convoi77\/"]}]},{"@type":"BreadcrumbList","@id":"https:\/\/www.omaec.org\/unaec-europa-convoi77\/#breadcrumb","itemListElement":[{"@type":"ListItem","position":1,"name":"Portada","item":"https:\/\/www.omaec.org\/fr\/"},{"@type":"ListItem","position":2,"name":"UNAEC Europe &#8211; convoi77"}]},{"@type":"WebSite","@id":"https:\/\/www.omaec.org\/#website","url":"https:\/\/www.omaec.org\/","name":"Organizaci\u00f3n Mundial de Antiguos Alumnos de la Educaci\u00f3n Cat\u00f3lica","description":"OMAEC","publisher":{"@id":"https:\/\/www.omaec.org\/#organization"},"potentialAction":[{"@type":"SearchAction","target":{"@type":"EntryPoint","urlTemplate":"https:\/\/www.omaec.org\/?s={search_term_string}"},"query-input":"required name=search_term_string"}],"inLanguage":"fr-FR"},{"@type":"Organization","@id":"https:\/\/www.omaec.org\/#organization","name":"Organizaci\u00f3n Mundial de Antiguos Alumnos de la Educaci\u00f3n Cat\u00f3lica","url":"https:\/\/www.omaec.org\/","logo":{"@type":"ImageObject","inLanguage":"fr-FR","@id":"https:\/\/www.omaec.org\/#\/schema\/logo\/image\/","url":"https:\/\/www.omaec.org\/wp-content\/uploads\/2021\/06\/OMAEC-LOGO-OFICIAL.jpg","contentUrl":"https:\/\/www.omaec.org\/wp-content\/uploads\/2021\/06\/OMAEC-LOGO-OFICIAL.jpg","width":525,"height":452,"caption":"Organizaci\u00f3n Mundial de Antiguos  Alumnos de la Educaci\u00f3n Cat\u00f3lica"},"image":{"@id":"https:\/\/www.omaec.org\/#\/schema\/logo\/image\/"}},{"@type":"Person","@id":"https:\/\/www.omaec.org\/#\/schema\/person\/b6995e5c4038e3cf602f2bb958068c35","name":"Secretario General","image":{"@type":"ImageObject","inLanguage":"fr-FR","@id":"https:\/\/www.omaec.org\/#\/schema\/person\/image\/","url":"https:\/\/www.omaec.org\/wp-content\/uploads\/2025\/03\/FOTO-GUILLERMO-GUTIERREZ-PIRAQUIVE-OMAEC-96x96.jpg","contentUrl":"https:\/\/www.omaec.org\/wp-content\/uploads\/2025\/03\/FOTO-GUILLERMO-GUTIERREZ-PIRAQUIVE-OMAEC-96x96.jpg","caption":"Secretario General"},"description":"EXPERIENCIA LABORAL: SERVICIO NACIONAL DE APRENDIZAJE-SENA Regional Bogot\u00e1. Centro de Gesti\u00f3n de Mercados, Log\u00edstica y Tecnolog\u00edas de la Informaci\u00f3n. \u00b7Instructor de Mercadeo. SERVICIO NACIONAL DE APRENDIZAJE-SENA Regional Bogot\u00e1. Centro de Gesti\u00f3n Administrativa. \u00b7Instructor de Ventas. ARTESAN\u00cdAS DE COLOMBIA. \u00b7Administrador Centro Artesanal La Chamba (Tolima). PROGRAMADORA TELECULTURALES. \u00b7Asistente de Direcci\u00f3n AGENCIAS DE PUBLICIDAD: REP Y MASTER \u00b7Jefe de Medios SANCHO PUBLICIDAD \u00b7Jefe de Tr\u00e1fico. LEO BURNETT \u00b7Asistente de Medios. EDUCACION: \u00b7FUNDACI\u00d3N UNIVERSITARIA SALESIANA Diplomado en Salesianidad. \u00b7POLIT\u00c9CNICO GRANCOLOMBIANO Especializaci\u00f3n en Gerencia de Mercadeo. \u00b7UNIVERSIDAD NACIONAL ABIERTA Y A DISTANCIA Administraci\u00f3n de Empresas. \u00b7SERVICIO NACIONAL DE APRENDIZAJE-SENA Mercadotecnia. \u00b7UNIVERSIDAD CENTRAL Publicidad. \u00b7COLEGIO SALESIANO DE LE\u00d3N XIII Bachiller Acad\u00e9mico. EXPERIENCIA EXALUMNAL: ASOCIACI\u00d3N DE EXALUMNOS SDB-AEXSDBINSPECTOR\u00cdA SAN PEDRO CLAVER Presidente Sexenio 2021-2027. \u00b7ASOCIACI\u00d3N DE EXALUMNOS SDB-AEXSDBINSPECTOR\u00cdA SAN PEDRO CLAVER Vicepresidente Sexenio 2015-2021. \u00b7COLEGIO SALESIANO DE LE\u00d3N XIII. L\u00edder Promoci\u00f3n 1969. EXALUMNAL","url":"https:\/\/www.omaec.org\/fr\/author\/omaec-admin\/"}]}},"_links":{"self":[{"href":"https:\/\/www.omaec.org\/fr\/wp-json\/wp\/v2\/posts\/4220","targetHints":{"allow":["GET"]}}],"collection":[{"href":"https:\/\/www.omaec.org\/fr\/wp-json\/wp\/v2\/posts"}],"about":[{"href":"https:\/\/www.omaec.org\/fr\/wp-json\/wp\/v2\/types\/post"}],"author":[{"embeddable":true,"href":"https:\/\/www.omaec.org\/fr\/wp-json\/wp\/v2\/users\/1"}],"replies":[{"embeddable":true,"href":"https:\/\/www.omaec.org\/fr\/wp-json\/wp\/v2\/comments?post=4220"}],"version-history":[{"count":1,"href":"https:\/\/www.omaec.org\/fr\/wp-json\/wp\/v2\/posts\/4220\/revisions"}],"predecessor-version":[{"id":4221,"href":"https:\/\/www.omaec.org\/fr\/wp-json\/wp\/v2\/posts\/4220\/revisions\/4221"}],"wp:featuredmedia":[{"embeddable":true,"href":"https:\/\/www.omaec.org\/fr\/wp-json\/wp\/v2\/media\/4216"}],"wp:attachment":[{"href":"https:\/\/www.omaec.org\/fr\/wp-json\/wp\/v2\/media?parent=4220"}],"wp:term":[{"taxonomy":"category","embeddable":true,"href":"https:\/\/www.omaec.org\/fr\/wp-json\/wp\/v2\/categories?post=4220"},{"taxonomy":"post_tag","embeddable":true,"href":"https:\/\/www.omaec.org\/fr\/wp-json\/wp\/v2\/tags?post=4220"}],"curies":[{"name":"wp","href":"https:\/\/api.w.org\/{rel}","templated":true}]}}