{"id":4140,"date":"2019-01-31T11:40:26","date_gmt":"2019-01-31T10:40:26","guid":{"rendered":"http:\/\/omaec.org\/?p=4140"},"modified":"2019-01-31T11:42:00","modified_gmt":"2019-01-31T10:42:00","slug":"oiec-congreso-mundial-nyc-2019","status":"publish","type":"post","link":"https:\/\/www.omaec.org\/fr\/oiec-congreso-mundial-nyc-2019\/","title":{"rendered":"OIEC-Congr\u00e8s mondial NYC &#8211; 2019"},"content":{"rendered":"<p>Monseigneur, P\u00e8re, Ma S\u0153ur, Madame, Monsieur,<\/p>\n<p>Depuis plus de trois ans, je sillonne le monde en tant que secr\u00e9taire g\u00e9n\u00e9ral de l\u2019Office International de l\u2019enseignement catholique (OIEC) dans la cadre de la mission qui m\u2019a \u00e9t\u00e9 confi\u00e9e. Au cours de l\u2019une de ces r\u00e9unions, nous avons eu l\u2019occasion de nous croiser, d\u2019\u00e9changer quelques mots ainsi que nos cartes de visite.<a href=\"http:\/\/omaec.org\/wp-content\/uploads\/2019\/01\/Philippe-Richard.jpg\" rel=\"attachment wp-att-4138\"><img loading=\"lazy\" decoding=\"async\" class=\"size-medium wp-image-4138 alignleft\" src=\"http:\/\/omaec.org\/wp-content\/uploads\/2019\/01\/Philippe-Richard-300x190.jpg\" alt=\"Philippe Richard\" width=\"300\" height=\"190\" srcset=\"https:\/\/www.omaec.org\/wp-content\/uploads\/2019\/01\/Philippe-Richard-300x190.jpg 300w, https:\/\/www.omaec.org\/wp-content\/uploads\/2019\/01\/Philippe-Richard-768x486.jpg 768w, https:\/\/www.omaec.org\/wp-content\/uploads\/2019\/01\/Philippe-Richard-600x379.jpg 600w, https:\/\/www.omaec.org\/wp-content\/uploads\/2019\/01\/Philippe-Richard-150x95.jpg 150w, https:\/\/www.omaec.org\/wp-content\/uploads\/2019\/01\/Philippe-Richard.jpg 789w\" sizes=\"auto, (max-width: 300px) 100vw, 300px\" \/><\/a><\/p>\n<p>L\u2019OIEC organise son prochain congr\u00e8s mondial \u00e0 New York, du 5 au 8 juin 2019, \u00e0 l\u2019Universit\u00e9 Fordham. Le th\u00e8me de ce colloque, qui doit rassembler des participants du monde entier, est \u00e9duquer \u00e0 l\u2019humanisme solidaire, pour construire une civilisation de l\u2019amour.\u00a0Il me semble que ce Congr\u00e8s peut vous int\u00e9resser, ou int\u00e9resser les membres de votre organisation. Nous avons en effet besoin d\u2019ouvrir le d\u00e9bat sur les nouveaux paradigmes de l\u2019\u00e9ducation que l\u2019Eglise nous invite \u00e0 d\u00e9finir, et nous serons pas de trop \u00e0 \u00e9changer nos id\u00e9es et croiser nos exp\u00e9riences pour tenter d\u2019ouvrir des voies nouvelles. N\u2019h\u00e9sitez donc pas \u00e0 vous inscrire \u00e0 ce Congr\u00e8s. Vous \u00eates tous les bienvenus (inscription en ligne sur\u00a0<a href=\"https:\/\/45090.de.mp-track.com\/url-1126238190-4625331-21012019.html\" target=\"_blank\" data-saferedirecturl=\"https:\/\/www.google.com\/url?q=https:\/\/45090.de.mp-track.com\/url-1126238190-4625331-21012019.html&amp;source=gmail&amp;ust=1549017496923000&amp;usg=AFQjCNHJaClf3sp5OtkXAMWodmRiz1NW5w\"><span style=\"color: #0563c1; font-family: Calibri;\">www.oieccongress.com<\/span><\/a>).<\/p>\n<p>Philippe Richard, secretaire g\u00e9n\u00e9ral de l&rsquo;OIEC<\/p>\n","protected":false},"excerpt":{"rendered":"<p>Monseigneur, P\u00e8re, Ma S\u0153ur, Madame, Monsieur, Depuis plus de trois ans, je sillonne le monde en tant que secr\u00e9taire g\u00e9n\u00e9ral de l\u2019Office International de l\u2019enseignement catholique (OIEC) dans la cadre de la mission qui m\u2019a \u00e9t\u00e9 confi\u00e9e. Au cours de l\u2019une de ces r\u00e9unions, nous avons eu l\u2019occasion de nous croiser, d\u2019\u00e9changer quelques mots ainsi <a href=\"https:\/\/www.omaec.org\/fr\/oiec-congreso-mundial-nyc-2019\/\" rel=\"nofollow\">(more&#8230;)<\/a><\/p>\n","protected":false},"author":1,"featured_media":4142,"comment_status":"closed","ping_status":"open","sticky":false,"template":"","format":"standard","meta":{"footnotes":""},"categories":[48],"tags":[],"class_list":["post-4140","post","type-post","status-publish","format-standard","has-post-thumbnail","hentry","category-conferences"],"acf":[],"yoast_head":"<!-- This site is optimized with the Yoast SEO plugin v20.11 - https:\/\/yoast.com\/wordpress\/plugins\/seo\/ -->\n<title>OIEC-Congr\u00e8s mondial NYC - 2019 - Organizaci\u00f3n Mundial de Antiguos Alumnos de la Educaci\u00f3n Cat\u00f3lica<\/title>\n<meta name=\"robots\" content=\"index, follow, max-snippet:-1, max-image-preview:large, max-video-preview:-1\" \/>\n<link rel=\"canonical\" href=\"https:\/\/www.omaec.org\/oiec-congreso-mundial-nyc\/\" \/>\n<meta property=\"og:locale\" content=\"fr_FR\" \/>\n<meta property=\"og:type\" content=\"article\" \/>\n<meta property=\"og:title\" content=\"OIEC-Congr\u00e8s mondial NYC - 2019 - Organizaci\u00f3n Mundial de Antiguos Alumnos de la Educaci\u00f3n Cat\u00f3lica\" \/>\n<meta property=\"og:description\" content=\"Monseigneur, P\u00e8re, Ma S\u0153ur, Madame, Monsieur, Depuis plus de trois ans, je sillonne le monde en tant que secr\u00e9taire g\u00e9n\u00e9ral de l\u2019Office International de l\u2019enseignement catholique (OIEC) dans la cadre de la mission qui m\u2019a \u00e9t\u00e9 confi\u00e9e. Au cours de l\u2019une de ces r\u00e9unions, nous avons eu l\u2019occasion de nous croiser, d\u2019\u00e9changer quelques mots ainsi (more...)\" \/>\n<meta property=\"og:url\" content=\"https:\/\/www.omaec.org\/oiec-congreso-mundial-nyc\/\" \/>\n<meta property=\"og:site_name\" content=\"Organizaci\u00f3n Mundial de Antiguos Alumnos de la Educaci\u00f3n Cat\u00f3lica\" \/>\n<meta property=\"article:published_time\" content=\"2019-01-31T10:40:26+00:00\" \/>\n<meta property=\"article:modified_time\" content=\"2019-01-31T10:42:00+00:00\" \/>\n<meta property=\"og:image\" content=\"https:\/\/www.omaec.org\/wp-content\/uploads\/2019\/01\/frances.png\" \/>\n\t<meta property=\"og:image:width\" content=\"200\" \/>\n\t<meta property=\"og:image:height\" content=\"300\" \/>\n\t<meta property=\"og:image:type\" content=\"image\/png\" \/>\n<meta name=\"author\" content=\"Secretario General\" \/>\n<meta name=\"twitter:card\" content=\"summary_large_image\" \/>\n<meta name=\"twitter:label1\" content=\"\u00c9crit par\" \/>\n\t<meta name=\"twitter:data1\" content=\"Secretario General\" \/>\n\t<meta name=\"twitter:label2\" content=\"Dur\u00e9e de lecture estim\u00e9e\" \/>\n\t<meta name=\"twitter:data2\" content=\"1 minute\" \/>\n<script type=\"application\/ld+json\" class=\"yoast-schema-graph\">{\"@context\":\"https:\/\/schema.org\",\"@graph\":[{\"@type\":\"Article\",\"@id\":\"https:\/\/www.omaec.org\/oiec-congreso-mundial-nyc\/#article\",\"isPartOf\":{\"@id\":\"https:\/\/www.omaec.org\/oiec-congreso-mundial-nyc\/\"},\"author\":{\"name\":\"Secretario General\",\"@id\":\"https:\/\/www.omaec.org\/#\/schema\/person\/b6995e5c4038e3cf602f2bb958068c35\"},\"headline\":\"OIEC-Congr\u00e8s mondial NYC &#8211; 2019\",\"datePublished\":\"2019-01-31T10:40:26+00:00\",\"dateModified\":\"2019-01-31T10:42:00+00:00\",\"mainEntityOfPage\":{\"@id\":\"https:\/\/www.omaec.org\/oiec-congreso-mundial-nyc\/\"},\"wordCount\":216,\"publisher\":{\"@id\":\"https:\/\/www.omaec.org\/#organization\"},\"articleSection\":[\"Conf\u00e9rences\"],\"inLanguage\":\"fr-FR\"},{\"@type\":\"WebPage\",\"@id\":\"https:\/\/www.omaec.org\/oiec-congreso-mundial-nyc\/\",\"url\":\"https:\/\/www.omaec.org\/oiec-congreso-mundial-nyc\/\",\"name\":\"OIEC-Congr\u00e8s mondial NYC - 2019 - Organizaci\u00f3n Mundial de Antiguos Alumnos de la Educaci\u00f3n Cat\u00f3lica\",\"isPartOf\":{\"@id\":\"https:\/\/www.omaec.org\/#website\"},\"datePublished\":\"2019-01-31T10:40:26+00:00\",\"dateModified\":\"2019-01-31T10:42:00+00:00\",\"breadcrumb\":{\"@id\":\"https:\/\/www.omaec.org\/oiec-congreso-mundial-nyc\/#breadcrumb\"},\"inLanguage\":\"fr-FR\",\"potentialAction\":[{\"@type\":\"ReadAction\",\"target\":[\"https:\/\/www.omaec.org\/oiec-congreso-mundial-nyc\/\"]}]},{\"@type\":\"BreadcrumbList\",\"@id\":\"https:\/\/www.omaec.org\/oiec-congreso-mundial-nyc\/#breadcrumb\",\"itemListElement\":[{\"@type\":\"ListItem\",\"position\":1,\"name\":\"Portada\",\"item\":\"https:\/\/www.omaec.org\/fr\/\"},{\"@type\":\"ListItem\",\"position\":2,\"name\":\"OIEC-Congr\u00e8s mondial NYC &#8211; 2019\"}]},{\"@type\":\"WebSite\",\"@id\":\"https:\/\/www.omaec.org\/#website\",\"url\":\"https:\/\/www.omaec.org\/\",\"name\":\"Organizaci\u00f3n Mundial de Antiguos Alumnos de la Educaci\u00f3n Cat\u00f3lica\",\"description\":\"OMAEC\",\"publisher\":{\"@id\":\"https:\/\/www.omaec.org\/#organization\"},\"potentialAction\":[{\"@type\":\"SearchAction\",\"target\":{\"@type\":\"EntryPoint\",\"urlTemplate\":\"https:\/\/www.omaec.org\/?s={search_term_string}\"},\"query-input\":\"required name=search_term_string\"}],\"inLanguage\":\"fr-FR\"},{\"@type\":\"Organization\",\"@id\":\"https:\/\/www.omaec.org\/#organization\",\"name\":\"Organizaci\u00f3n Mundial de Antiguos Alumnos de la Educaci\u00f3n Cat\u00f3lica\",\"url\":\"https:\/\/www.omaec.org\/\",\"logo\":{\"@type\":\"ImageObject\",\"inLanguage\":\"fr-FR\",\"@id\":\"https:\/\/www.omaec.org\/#\/schema\/logo\/image\/\",\"url\":\"https:\/\/www.omaec.org\/wp-content\/uploads\/2021\/06\/OMAEC-LOGO-OFICIAL.jpg\",\"contentUrl\":\"https:\/\/www.omaec.org\/wp-content\/uploads\/2021\/06\/OMAEC-LOGO-OFICIAL.jpg\",\"width\":525,\"height\":452,\"caption\":\"Organizaci\u00f3n Mundial de Antiguos  Alumnos de la Educaci\u00f3n Cat\u00f3lica\"},\"image\":{\"@id\":\"https:\/\/www.omaec.org\/#\/schema\/logo\/image\/\"}},{\"@type\":\"Person\",\"@id\":\"https:\/\/www.omaec.org\/#\/schema\/person\/b6995e5c4038e3cf602f2bb958068c35\",\"name\":\"Secretario General\",\"image\":{\"@type\":\"ImageObject\",\"inLanguage\":\"fr-FR\",\"@id\":\"https:\/\/www.omaec.org\/#\/schema\/person\/image\/\",\"url\":\"https:\/\/www.omaec.org\/wp-content\/uploads\/2025\/03\/FOTO-GUILLERMO-GUTIERREZ-PIRAQUIVE-OMAEC-96x96.jpg\",\"contentUrl\":\"https:\/\/www.omaec.org\/wp-content\/uploads\/2025\/03\/FOTO-GUILLERMO-GUTIERREZ-PIRAQUIVE-OMAEC-96x96.jpg\",\"caption\":\"Secretario General\"},\"description\":\"EXPERIENCIA LABORAL: SERVICIO NACIONAL DE APRENDIZAJE-SENA Regional Bogot\u00e1. Centro de Gesti\u00f3n de Mercados, Log\u00edstica y Tecnolog\u00edas de la Informaci\u00f3n. \u00b7Instructor de Mercadeo. SERVICIO NACIONAL DE APRENDIZAJE-SENA Regional Bogot\u00e1. Centro de Gesti\u00f3n Administrativa. \u00b7Instructor de Ventas. ARTESAN\u00cdAS DE COLOMBIA. \u00b7Administrador Centro Artesanal La Chamba (Tolima). PROGRAMADORA TELECULTURALES. \u00b7Asistente de Direcci\u00f3n AGENCIAS DE PUBLICIDAD: REP Y MASTER \u00b7Jefe de Medios SANCHO PUBLICIDAD \u00b7Jefe de Tr\u00e1fico. LEO BURNETT \u00b7Asistente de Medios. EDUCACION: \u00b7FUNDACI\u00d3N UNIVERSITARIA SALESIANA Diplomado en Salesianidad. \u00b7POLIT\u00c9CNICO GRANCOLOMBIANO Especializaci\u00f3n en Gerencia de Mercadeo. \u00b7UNIVERSIDAD NACIONAL ABIERTA Y A DISTANCIA Administraci\u00f3n de Empresas. \u00b7SERVICIO NACIONAL DE APRENDIZAJE-SENA Mercadotecnia. \u00b7UNIVERSIDAD CENTRAL Publicidad. \u00b7COLEGIO SALESIANO DE LE\u00d3N XIII Bachiller Acad\u00e9mico. EXPERIENCIA EXALUMNAL: ASOCIACI\u00d3N DE EXALUMNOS SDB-AEXSDBINSPECTOR\u00cdA SAN PEDRO CLAVER Presidente Sexenio 2021-2027. \u00b7ASOCIACI\u00d3N DE EXALUMNOS SDB-AEXSDBINSPECTOR\u00cdA SAN PEDRO CLAVER Vicepresidente Sexenio 2015-2021. \u00b7COLEGIO SALESIANO DE LE\u00d3N XIII. L\u00edder Promoci\u00f3n 1969. EXALUMNAL\",\"url\":\"https:\/\/www.omaec.org\/fr\/author\/omaec-admin\/\"}]}<\/script>\n<!-- \/ Yoast SEO plugin. -->","yoast_head_json":{"title":"OIEC-Congr\u00e8s mondial NYC - 2019 - Organizaci\u00f3n Mundial de Antiguos Alumnos de la Educaci\u00f3n Cat\u00f3lica","robots":{"index":"index","follow":"follow","max-snippet":"max-snippet:-1","max-image-preview":"max-image-preview:large","max-video-preview":"max-video-preview:-1"},"canonical":"https:\/\/www.omaec.org\/oiec-congreso-mundial-nyc\/","og_locale":"fr_FR","og_type":"article","og_title":"OIEC-Congr\u00e8s mondial NYC - 2019 - Organizaci\u00f3n Mundial de Antiguos Alumnos de la Educaci\u00f3n Cat\u00f3lica","og_description":"Monseigneur, P\u00e8re, Ma S\u0153ur, Madame, Monsieur, Depuis plus de trois ans, je sillonne le monde en tant que secr\u00e9taire g\u00e9n\u00e9ral de l\u2019Office International de l\u2019enseignement catholique (OIEC) dans la cadre de la mission qui m\u2019a \u00e9t\u00e9 confi\u00e9e. Au cours de l\u2019une de ces r\u00e9unions, nous avons eu l\u2019occasion de nous croiser, d\u2019\u00e9changer quelques mots ainsi (more...)","og_url":"https:\/\/www.omaec.org\/oiec-congreso-mundial-nyc\/","og_site_name":"Organizaci\u00f3n Mundial de Antiguos Alumnos de la Educaci\u00f3n Cat\u00f3lica","article_published_time":"2019-01-31T10:40:26+00:00","article_modified_time":"2019-01-31T10:42:00+00:00","og_image":[{"width":200,"height":300,"url":"https:\/\/www.omaec.org\/wp-content\/uploads\/2019\/01\/frances.png","type":"image\/png"}],"author":"Secretario General","twitter_card":"summary_large_image","twitter_misc":{"\u00c9crit par":"Secretario General","Dur\u00e9e de lecture estim\u00e9e":"1 minute"},"schema":{"@context":"https:\/\/schema.org","@graph":[{"@type":"Article","@id":"https:\/\/www.omaec.org\/oiec-congreso-mundial-nyc\/#article","isPartOf":{"@id":"https:\/\/www.omaec.org\/oiec-congreso-mundial-nyc\/"},"author":{"name":"Secretario General","@id":"https:\/\/www.omaec.org\/#\/schema\/person\/b6995e5c4038e3cf602f2bb958068c35"},"headline":"OIEC-Congr\u00e8s mondial NYC &#8211; 2019","datePublished":"2019-01-31T10:40:26+00:00","dateModified":"2019-01-31T10:42:00+00:00","mainEntityOfPage":{"@id":"https:\/\/www.omaec.org\/oiec-congreso-mundial-nyc\/"},"wordCount":216,"publisher":{"@id":"https:\/\/www.omaec.org\/#organization"},"articleSection":["Conf\u00e9rences"],"inLanguage":"fr-FR"},{"@type":"WebPage","@id":"https:\/\/www.omaec.org\/oiec-congreso-mundial-nyc\/","url":"https:\/\/www.omaec.org\/oiec-congreso-mundial-nyc\/","name":"OIEC-Congr\u00e8s mondial NYC - 2019 - Organizaci\u00f3n Mundial de Antiguos Alumnos de la Educaci\u00f3n Cat\u00f3lica","isPartOf":{"@id":"https:\/\/www.omaec.org\/#website"},"datePublished":"2019-01-31T10:40:26+00:00","dateModified":"2019-01-31T10:42:00+00:00","breadcrumb":{"@id":"https:\/\/www.omaec.org\/oiec-congreso-mundial-nyc\/#breadcrumb"},"inLanguage":"fr-FR","potentialAction":[{"@type":"ReadAction","target":["https:\/\/www.omaec.org\/oiec-congreso-mundial-nyc\/"]}]},{"@type":"BreadcrumbList","@id":"https:\/\/www.omaec.org\/oiec-congreso-mundial-nyc\/#breadcrumb","itemListElement":[{"@type":"ListItem","position":1,"name":"Portada","item":"https:\/\/www.omaec.org\/fr\/"},{"@type":"ListItem","position":2,"name":"OIEC-Congr\u00e8s mondial NYC &#8211; 2019"}]},{"@type":"WebSite","@id":"https:\/\/www.omaec.org\/#website","url":"https:\/\/www.omaec.org\/","name":"Organizaci\u00f3n Mundial de Antiguos Alumnos de la Educaci\u00f3n Cat\u00f3lica","description":"OMAEC","publisher":{"@id":"https:\/\/www.omaec.org\/#organization"},"potentialAction":[{"@type":"SearchAction","target":{"@type":"EntryPoint","urlTemplate":"https:\/\/www.omaec.org\/?s={search_term_string}"},"query-input":"required name=search_term_string"}],"inLanguage":"fr-FR"},{"@type":"Organization","@id":"https:\/\/www.omaec.org\/#organization","name":"Organizaci\u00f3n Mundial de Antiguos Alumnos de la Educaci\u00f3n Cat\u00f3lica","url":"https:\/\/www.omaec.org\/","logo":{"@type":"ImageObject","inLanguage":"fr-FR","@id":"https:\/\/www.omaec.org\/#\/schema\/logo\/image\/","url":"https:\/\/www.omaec.org\/wp-content\/uploads\/2021\/06\/OMAEC-LOGO-OFICIAL.jpg","contentUrl":"https:\/\/www.omaec.org\/wp-content\/uploads\/2021\/06\/OMAEC-LOGO-OFICIAL.jpg","width":525,"height":452,"caption":"Organizaci\u00f3n Mundial de Antiguos  Alumnos de la Educaci\u00f3n Cat\u00f3lica"},"image":{"@id":"https:\/\/www.omaec.org\/#\/schema\/logo\/image\/"}},{"@type":"Person","@id":"https:\/\/www.omaec.org\/#\/schema\/person\/b6995e5c4038e3cf602f2bb958068c35","name":"Secretario General","image":{"@type":"ImageObject","inLanguage":"fr-FR","@id":"https:\/\/www.omaec.org\/#\/schema\/person\/image\/","url":"https:\/\/www.omaec.org\/wp-content\/uploads\/2025\/03\/FOTO-GUILLERMO-GUTIERREZ-PIRAQUIVE-OMAEC-96x96.jpg","contentUrl":"https:\/\/www.omaec.org\/wp-content\/uploads\/2025\/03\/FOTO-GUILLERMO-GUTIERREZ-PIRAQUIVE-OMAEC-96x96.jpg","caption":"Secretario General"},"description":"EXPERIENCIA LABORAL: SERVICIO NACIONAL DE APRENDIZAJE-SENA Regional Bogot\u00e1. Centro de Gesti\u00f3n de Mercados, Log\u00edstica y Tecnolog\u00edas de la Informaci\u00f3n. \u00b7Instructor de Mercadeo. SERVICIO NACIONAL DE APRENDIZAJE-SENA Regional Bogot\u00e1. Centro de Gesti\u00f3n Administrativa. \u00b7Instructor de Ventas. ARTESAN\u00cdAS DE COLOMBIA. \u00b7Administrador Centro Artesanal La Chamba (Tolima). PROGRAMADORA TELECULTURALES. \u00b7Asistente de Direcci\u00f3n AGENCIAS DE PUBLICIDAD: REP Y MASTER \u00b7Jefe de Medios SANCHO PUBLICIDAD \u00b7Jefe de Tr\u00e1fico. LEO BURNETT \u00b7Asistente de Medios. EDUCACION: \u00b7FUNDACI\u00d3N UNIVERSITARIA SALESIANA Diplomado en Salesianidad. \u00b7POLIT\u00c9CNICO GRANCOLOMBIANO Especializaci\u00f3n en Gerencia de Mercadeo. \u00b7UNIVERSIDAD NACIONAL ABIERTA Y A DISTANCIA Administraci\u00f3n de Empresas. \u00b7SERVICIO NACIONAL DE APRENDIZAJE-SENA Mercadotecnia. \u00b7UNIVERSIDAD CENTRAL Publicidad. \u00b7COLEGIO SALESIANO DE LE\u00d3N XIII Bachiller Acad\u00e9mico. EXPERIENCIA EXALUMNAL: ASOCIACI\u00d3N DE EXALUMNOS SDB-AEXSDBINSPECTOR\u00cdA SAN PEDRO CLAVER Presidente Sexenio 2021-2027. \u00b7ASOCIACI\u00d3N DE EXALUMNOS SDB-AEXSDBINSPECTOR\u00cdA SAN PEDRO CLAVER Vicepresidente Sexenio 2015-2021. \u00b7COLEGIO SALESIANO DE LE\u00d3N XIII. L\u00edder Promoci\u00f3n 1969. EXALUMNAL","url":"https:\/\/www.omaec.org\/fr\/author\/omaec-admin\/"}]}},"_links":{"self":[{"href":"https:\/\/www.omaec.org\/fr\/wp-json\/wp\/v2\/posts\/4140","targetHints":{"allow":["GET"]}}],"collection":[{"href":"https:\/\/www.omaec.org\/fr\/wp-json\/wp\/v2\/posts"}],"about":[{"href":"https:\/\/www.omaec.org\/fr\/wp-json\/wp\/v2\/types\/post"}],"author":[{"embeddable":true,"href":"https:\/\/www.omaec.org\/fr\/wp-json\/wp\/v2\/users\/1"}],"replies":[{"embeddable":true,"href":"https:\/\/www.omaec.org\/fr\/wp-json\/wp\/v2\/comments?post=4140"}],"version-history":[{"count":1,"href":"https:\/\/www.omaec.org\/fr\/wp-json\/wp\/v2\/posts\/4140\/revisions"}],"predecessor-version":[{"id":4141,"href":"https:\/\/www.omaec.org\/fr\/wp-json\/wp\/v2\/posts\/4140\/revisions\/4141"}],"wp:featuredmedia":[{"embeddable":true,"href":"https:\/\/www.omaec.org\/fr\/wp-json\/wp\/v2\/media\/4142"}],"wp:attachment":[{"href":"https:\/\/www.omaec.org\/fr\/wp-json\/wp\/v2\/media?parent=4140"}],"wp:term":[{"taxonomy":"category","embeddable":true,"href":"https:\/\/www.omaec.org\/fr\/wp-json\/wp\/v2\/categories?post=4140"},{"taxonomy":"post_tag","embeddable":true,"href":"https:\/\/www.omaec.org\/fr\/wp-json\/wp\/v2\/tags?post=4140"}],"curies":[{"name":"wp","href":"https:\/\/api.w.org\/{rel}","templated":true}]}}