{"id":4092,"date":"2018-12-13T23:12:46","date_gmt":"2018-12-13T22:12:46","guid":{"rendered":"http:\/\/omaec.org\/?p=4092"},"modified":"2018-12-13T23:12:46","modified_gmt":"2018-12-13T22:12:46","slug":"saint-et-joyeux-noel","status":"publish","type":"post","link":"https:\/\/www.omaec.org\/fr\/saint-et-joyeux-noel\/","title":{"rendered":"Saint et Joyeux No\u00ebl"},"content":{"rendered":"<p><strong><a href=\"http:\/\/omaec.org\/wp-content\/uploads\/2015\/11\/LogoOMAEC.jpg\" rel=\"attachment wp-att-1903\"><img loading=\"lazy\" decoding=\"async\" class=\" wp-image-1903 alignleft\" src=\"http:\/\/omaec.org\/wp-content\/uploads\/2015\/11\/LogoOMAEC-300x258.jpg\" alt=\"LogoOMAEC\" width=\"80\" height=\"69\" srcset=\"https:\/\/www.omaec.org\/wp-content\/uploads\/2015\/11\/LogoOMAEC-300x258.jpg 300w, https:\/\/www.omaec.org\/wp-content\/uploads\/2015\/11\/LogoOMAEC-150x129.jpg 150w, https:\/\/www.omaec.org\/wp-content\/uploads\/2015\/11\/LogoOMAEC.jpg 525w\" sizes=\"auto, (max-width: 80px) 100vw, 80px\" \/><\/a><em>De la part de l\u2019OMAEC, nous souhaitons \u00e0 tous\u00a0:<\/em><\/strong><\/p>\n<h2><em>\u00ab\u00a0La pr\u00e9sence du Seigneur parmi nous nous remplit de joie et suscite en nous le d\u00e9sir d&rsquo;annoncer son salut, \u00e0 partir du t\u00e9moignage de fraternit\u00e9 appris \u00e0 l&rsquo;\u00e9cole catholique et r\u00e9p\u00e9t\u00e9 maintenant dans cette communion mondiale des anciens et anciennes \u00e9l\u00e8ves. <\/em><strong><em>.<\/em><\/strong><\/h2>\n<h2><span style=\"color: #ff0000;\"><strong><em>Saint et Joyeux No\u00ebl<\/em><\/strong><\/span><\/h2>\n","protected":false},"excerpt":{"rendered":"<p>De la part de l\u2019OMAEC, nous souhaitons \u00e0 tous\u00a0: \u00ab\u00a0La pr\u00e9sence du Seigneur parmi nous nous remplit de joie et suscite en nous le d\u00e9sir d&rsquo;annoncer son salut, \u00e0 partir du t\u00e9moignage de fraternit\u00e9 appris \u00e0 l&rsquo;\u00e9cole catholique et r\u00e9p\u00e9t\u00e9 maintenant dans cette communion mondiale des anciens et anciennes \u00e9l\u00e8ves. . Saint et Joyeux No\u00ebl<\/p>\n","protected":false},"author":1,"featured_media":4091,"comment_status":"closed","ping_status":"open","sticky":false,"template":"","format":"standard","meta":{"footnotes":""},"categories":[50],"tags":[],"class_list":["post-4092","post","type-post","status-publish","format-standard","has-post-thumbnail","hentry","category-messages-fr"],"acf":[],"yoast_head":"<!-- This site is optimized with the Yoast SEO plugin v20.11 - https:\/\/yoast.com\/wordpress\/plugins\/seo\/ -->\n<title>Saint et Joyeux No\u00ebl - Organizaci\u00f3n Mundial de Antiguos Alumnos de la Educaci\u00f3n Cat\u00f3lica<\/title>\n<meta name=\"robots\" content=\"index, follow, max-snippet:-1, max-image-preview:large, max-video-preview:-1\" \/>\n<link rel=\"canonical\" href=\"https:\/\/www.omaec.org\/feliz-y-santa-navidad-2\/\" \/>\n<meta property=\"og:locale\" content=\"fr_FR\" \/>\n<meta property=\"og:type\" content=\"article\" \/>\n<meta property=\"og:title\" content=\"Saint et Joyeux No\u00ebl - Organizaci\u00f3n Mundial de Antiguos Alumnos de la Educaci\u00f3n Cat\u00f3lica\" \/>\n<meta property=\"og:description\" content=\"De la part de l\u2019OMAEC, nous souhaitons \u00e0 tous\u00a0: \u00ab\u00a0La pr\u00e9sence du Seigneur parmi nous nous remplit de joie et suscite en nous le d\u00e9sir d&rsquo;annoncer son salut, \u00e0 partir du t\u00e9moignage de fraternit\u00e9 appris \u00e0 l&rsquo;\u00e9cole catholique et r\u00e9p\u00e9t\u00e9 maintenant dans cette communion mondiale des anciens et anciennes \u00e9l\u00e8ves. . Saint et Joyeux No\u00ebl\" \/>\n<meta property=\"og:url\" content=\"https:\/\/www.omaec.org\/feliz-y-santa-navidad-2\/\" \/>\n<meta property=\"og:site_name\" content=\"Organizaci\u00f3n Mundial de Antiguos Alumnos de la Educaci\u00f3n Cat\u00f3lica\" \/>\n<meta property=\"article:published_time\" content=\"2018-12-13T22:12:46+00:00\" \/>\n<meta property=\"og:image\" content=\"https:\/\/www.omaec.org\/wp-content\/uploads\/2018\/12\/pesebre-2018.jpg\" \/>\n\t<meta property=\"og:image:width\" content=\"620\" \/>\n\t<meta property=\"og:image:height\" content=\"310\" \/>\n\t<meta property=\"og:image:type\" content=\"image\/jpeg\" \/>\n<meta name=\"author\" content=\"Secretario General\" \/>\n<meta name=\"twitter:card\" content=\"summary_large_image\" \/>\n<meta name=\"twitter:label1\" content=\"\u00c9crit par\" \/>\n\t<meta name=\"twitter:data1\" content=\"Secretario General\" \/>\n<script type=\"application\/ld+json\" class=\"yoast-schema-graph\">{\"@context\":\"https:\/\/schema.org\",\"@graph\":[{\"@type\":\"Article\",\"@id\":\"https:\/\/www.omaec.org\/feliz-y-santa-navidad-2\/#article\",\"isPartOf\":{\"@id\":\"https:\/\/www.omaec.org\/feliz-y-santa-navidad-2\/\"},\"author\":{\"name\":\"Secretario General\",\"@id\":\"https:\/\/www.omaec.org\/#\/schema\/person\/b6995e5c4038e3cf602f2bb958068c35\"},\"headline\":\"Saint et Joyeux No\u00ebl\",\"datePublished\":\"2018-12-13T22:12:46+00:00\",\"dateModified\":\"2018-12-13T22:12:46+00:00\",\"mainEntityOfPage\":{\"@id\":\"https:\/\/www.omaec.org\/feliz-y-santa-navidad-2\/\"},\"wordCount\":66,\"publisher\":{\"@id\":\"https:\/\/www.omaec.org\/#organization\"},\"articleSection\":[\"Messages\"],\"inLanguage\":\"fr-FR\"},{\"@type\":\"WebPage\",\"@id\":\"https:\/\/www.omaec.org\/feliz-y-santa-navidad-2\/\",\"url\":\"https:\/\/www.omaec.org\/feliz-y-santa-navidad-2\/\",\"name\":\"Saint et Joyeux No\u00ebl - Organizaci\u00f3n Mundial de Antiguos Alumnos de la Educaci\u00f3n Cat\u00f3lica\",\"isPartOf\":{\"@id\":\"https:\/\/www.omaec.org\/#website\"},\"datePublished\":\"2018-12-13T22:12:46+00:00\",\"dateModified\":\"2018-12-13T22:12:46+00:00\",\"breadcrumb\":{\"@id\":\"https:\/\/www.omaec.org\/feliz-y-santa-navidad-2\/#breadcrumb\"},\"inLanguage\":\"fr-FR\",\"potentialAction\":[{\"@type\":\"ReadAction\",\"target\":[\"https:\/\/www.omaec.org\/feliz-y-santa-navidad-2\/\"]}]},{\"@type\":\"BreadcrumbList\",\"@id\":\"https:\/\/www.omaec.org\/feliz-y-santa-navidad-2\/#breadcrumb\",\"itemListElement\":[{\"@type\":\"ListItem\",\"position\":1,\"name\":\"Portada\",\"item\":\"https:\/\/www.omaec.org\/fr\/\"},{\"@type\":\"ListItem\",\"position\":2,\"name\":\"Saint et Joyeux No\u00ebl\"}]},{\"@type\":\"WebSite\",\"@id\":\"https:\/\/www.omaec.org\/#website\",\"url\":\"https:\/\/www.omaec.org\/\",\"name\":\"Organizaci\u00f3n Mundial de Antiguos Alumnos de la Educaci\u00f3n Cat\u00f3lica\",\"description\":\"OMAEC\",\"publisher\":{\"@id\":\"https:\/\/www.omaec.org\/#organization\"},\"potentialAction\":[{\"@type\":\"SearchAction\",\"target\":{\"@type\":\"EntryPoint\",\"urlTemplate\":\"https:\/\/www.omaec.org\/?s={search_term_string}\"},\"query-input\":\"required name=search_term_string\"}],\"inLanguage\":\"fr-FR\"},{\"@type\":\"Organization\",\"@id\":\"https:\/\/www.omaec.org\/#organization\",\"name\":\"Organizaci\u00f3n Mundial de Antiguos Alumnos de la Educaci\u00f3n Cat\u00f3lica\",\"url\":\"https:\/\/www.omaec.org\/\",\"logo\":{\"@type\":\"ImageObject\",\"inLanguage\":\"fr-FR\",\"@id\":\"https:\/\/www.omaec.org\/#\/schema\/logo\/image\/\",\"url\":\"https:\/\/www.omaec.org\/wp-content\/uploads\/2021\/06\/OMAEC-LOGO-OFICIAL.jpg\",\"contentUrl\":\"https:\/\/www.omaec.org\/wp-content\/uploads\/2021\/06\/OMAEC-LOGO-OFICIAL.jpg\",\"width\":525,\"height\":452,\"caption\":\"Organizaci\u00f3n Mundial de Antiguos  Alumnos de la Educaci\u00f3n Cat\u00f3lica\"},\"image\":{\"@id\":\"https:\/\/www.omaec.org\/#\/schema\/logo\/image\/\"}},{\"@type\":\"Person\",\"@id\":\"https:\/\/www.omaec.org\/#\/schema\/person\/b6995e5c4038e3cf602f2bb958068c35\",\"name\":\"Secretario General\",\"image\":{\"@type\":\"ImageObject\",\"inLanguage\":\"fr-FR\",\"@id\":\"https:\/\/www.omaec.org\/#\/schema\/person\/image\/\",\"url\":\"https:\/\/www.omaec.org\/wp-content\/uploads\/2025\/03\/FOTO-GUILLERMO-GUTIERREZ-PIRAQUIVE-OMAEC-96x96.jpg\",\"contentUrl\":\"https:\/\/www.omaec.org\/wp-content\/uploads\/2025\/03\/FOTO-GUILLERMO-GUTIERREZ-PIRAQUIVE-OMAEC-96x96.jpg\",\"caption\":\"Secretario General\"},\"description\":\"EXPERIENCIA LABORAL: SERVICIO NACIONAL DE APRENDIZAJE-SENA Regional Bogot\u00e1. Centro de Gesti\u00f3n de Mercados, Log\u00edstica y Tecnolog\u00edas de la Informaci\u00f3n. \u00b7Instructor de Mercadeo. SERVICIO NACIONAL DE APRENDIZAJE-SENA Regional Bogot\u00e1. Centro de Gesti\u00f3n Administrativa. \u00b7Instructor de Ventas. ARTESAN\u00cdAS DE COLOMBIA. \u00b7Administrador Centro Artesanal La Chamba (Tolima). PROGRAMADORA TELECULTURALES. \u00b7Asistente de Direcci\u00f3n AGENCIAS DE PUBLICIDAD: REP Y MASTER \u00b7Jefe de Medios SANCHO PUBLICIDAD \u00b7Jefe de Tr\u00e1fico. LEO BURNETT \u00b7Asistente de Medios. EDUCACION: \u00b7FUNDACI\u00d3N UNIVERSITARIA SALESIANA Diplomado en Salesianidad. \u00b7POLIT\u00c9CNICO GRANCOLOMBIANO Especializaci\u00f3n en Gerencia de Mercadeo. \u00b7UNIVERSIDAD NACIONAL ABIERTA Y A DISTANCIA Administraci\u00f3n de Empresas. \u00b7SERVICIO NACIONAL DE APRENDIZAJE-SENA Mercadotecnia. \u00b7UNIVERSIDAD CENTRAL Publicidad. \u00b7COLEGIO SALESIANO DE LE\u00d3N XIII Bachiller Acad\u00e9mico. EXPERIENCIA EXALUMNAL: ASOCIACI\u00d3N DE EXALUMNOS SDB-AEXSDBINSPECTOR\u00cdA SAN PEDRO CLAVER Presidente Sexenio 2021-2027. \u00b7ASOCIACI\u00d3N DE EXALUMNOS SDB-AEXSDBINSPECTOR\u00cdA SAN PEDRO CLAVER Vicepresidente Sexenio 2015-2021. \u00b7COLEGIO SALESIANO DE LE\u00d3N XIII. L\u00edder Promoci\u00f3n 1969. EXALUMNAL\",\"url\":\"https:\/\/www.omaec.org\/fr\/author\/omaec-admin\/\"}]}<\/script>\n<!-- \/ Yoast SEO plugin. -->","yoast_head_json":{"title":"Saint et Joyeux No\u00ebl - Organizaci\u00f3n Mundial de Antiguos Alumnos de la Educaci\u00f3n Cat\u00f3lica","robots":{"index":"index","follow":"follow","max-snippet":"max-snippet:-1","max-image-preview":"max-image-preview:large","max-video-preview":"max-video-preview:-1"},"canonical":"https:\/\/www.omaec.org\/feliz-y-santa-navidad-2\/","og_locale":"fr_FR","og_type":"article","og_title":"Saint et Joyeux No\u00ebl - Organizaci\u00f3n Mundial de Antiguos Alumnos de la Educaci\u00f3n Cat\u00f3lica","og_description":"De la part de l\u2019OMAEC, nous souhaitons \u00e0 tous\u00a0: \u00ab\u00a0La pr\u00e9sence du Seigneur parmi nous nous remplit de joie et suscite en nous le d\u00e9sir d&rsquo;annoncer son salut, \u00e0 partir du t\u00e9moignage de fraternit\u00e9 appris \u00e0 l&rsquo;\u00e9cole catholique et r\u00e9p\u00e9t\u00e9 maintenant dans cette communion mondiale des anciens et anciennes \u00e9l\u00e8ves. . Saint et Joyeux No\u00ebl","og_url":"https:\/\/www.omaec.org\/feliz-y-santa-navidad-2\/","og_site_name":"Organizaci\u00f3n Mundial de Antiguos Alumnos de la Educaci\u00f3n Cat\u00f3lica","article_published_time":"2018-12-13T22:12:46+00:00","og_image":[{"width":620,"height":310,"url":"https:\/\/www.omaec.org\/wp-content\/uploads\/2018\/12\/pesebre-2018.jpg","type":"image\/jpeg"}],"author":"Secretario General","twitter_card":"summary_large_image","twitter_misc":{"\u00c9crit par":"Secretario General"},"schema":{"@context":"https:\/\/schema.org","@graph":[{"@type":"Article","@id":"https:\/\/www.omaec.org\/feliz-y-santa-navidad-2\/#article","isPartOf":{"@id":"https:\/\/www.omaec.org\/feliz-y-santa-navidad-2\/"},"author":{"name":"Secretario General","@id":"https:\/\/www.omaec.org\/#\/schema\/person\/b6995e5c4038e3cf602f2bb958068c35"},"headline":"Saint et Joyeux No\u00ebl","datePublished":"2018-12-13T22:12:46+00:00","dateModified":"2018-12-13T22:12:46+00:00","mainEntityOfPage":{"@id":"https:\/\/www.omaec.org\/feliz-y-santa-navidad-2\/"},"wordCount":66,"publisher":{"@id":"https:\/\/www.omaec.org\/#organization"},"articleSection":["Messages"],"inLanguage":"fr-FR"},{"@type":"WebPage","@id":"https:\/\/www.omaec.org\/feliz-y-santa-navidad-2\/","url":"https:\/\/www.omaec.org\/feliz-y-santa-navidad-2\/","name":"Saint et Joyeux No\u00ebl - Organizaci\u00f3n Mundial de Antiguos Alumnos de la Educaci\u00f3n Cat\u00f3lica","isPartOf":{"@id":"https:\/\/www.omaec.org\/#website"},"datePublished":"2018-12-13T22:12:46+00:00","dateModified":"2018-12-13T22:12:46+00:00","breadcrumb":{"@id":"https:\/\/www.omaec.org\/feliz-y-santa-navidad-2\/#breadcrumb"},"inLanguage":"fr-FR","potentialAction":[{"@type":"ReadAction","target":["https:\/\/www.omaec.org\/feliz-y-santa-navidad-2\/"]}]},{"@type":"BreadcrumbList","@id":"https:\/\/www.omaec.org\/feliz-y-santa-navidad-2\/#breadcrumb","itemListElement":[{"@type":"ListItem","position":1,"name":"Portada","item":"https:\/\/www.omaec.org\/fr\/"},{"@type":"ListItem","position":2,"name":"Saint et Joyeux No\u00ebl"}]},{"@type":"WebSite","@id":"https:\/\/www.omaec.org\/#website","url":"https:\/\/www.omaec.org\/","name":"Organizaci\u00f3n Mundial de Antiguos Alumnos de la Educaci\u00f3n Cat\u00f3lica","description":"OMAEC","publisher":{"@id":"https:\/\/www.omaec.org\/#organization"},"potentialAction":[{"@type":"SearchAction","target":{"@type":"EntryPoint","urlTemplate":"https:\/\/www.omaec.org\/?s={search_term_string}"},"query-input":"required name=search_term_string"}],"inLanguage":"fr-FR"},{"@type":"Organization","@id":"https:\/\/www.omaec.org\/#organization","name":"Organizaci\u00f3n Mundial de Antiguos Alumnos de la Educaci\u00f3n Cat\u00f3lica","url":"https:\/\/www.omaec.org\/","logo":{"@type":"ImageObject","inLanguage":"fr-FR","@id":"https:\/\/www.omaec.org\/#\/schema\/logo\/image\/","url":"https:\/\/www.omaec.org\/wp-content\/uploads\/2021\/06\/OMAEC-LOGO-OFICIAL.jpg","contentUrl":"https:\/\/www.omaec.org\/wp-content\/uploads\/2021\/06\/OMAEC-LOGO-OFICIAL.jpg","width":525,"height":452,"caption":"Organizaci\u00f3n Mundial de Antiguos  Alumnos de la Educaci\u00f3n Cat\u00f3lica"},"image":{"@id":"https:\/\/www.omaec.org\/#\/schema\/logo\/image\/"}},{"@type":"Person","@id":"https:\/\/www.omaec.org\/#\/schema\/person\/b6995e5c4038e3cf602f2bb958068c35","name":"Secretario General","image":{"@type":"ImageObject","inLanguage":"fr-FR","@id":"https:\/\/www.omaec.org\/#\/schema\/person\/image\/","url":"https:\/\/www.omaec.org\/wp-content\/uploads\/2025\/03\/FOTO-GUILLERMO-GUTIERREZ-PIRAQUIVE-OMAEC-96x96.jpg","contentUrl":"https:\/\/www.omaec.org\/wp-content\/uploads\/2025\/03\/FOTO-GUILLERMO-GUTIERREZ-PIRAQUIVE-OMAEC-96x96.jpg","caption":"Secretario General"},"description":"EXPERIENCIA LABORAL: SERVICIO NACIONAL DE APRENDIZAJE-SENA Regional Bogot\u00e1. Centro de Gesti\u00f3n de Mercados, Log\u00edstica y Tecnolog\u00edas de la Informaci\u00f3n. \u00b7Instructor de Mercadeo. SERVICIO NACIONAL DE APRENDIZAJE-SENA Regional Bogot\u00e1. Centro de Gesti\u00f3n Administrativa. \u00b7Instructor de Ventas. ARTESAN\u00cdAS DE COLOMBIA. \u00b7Administrador Centro Artesanal La Chamba (Tolima). PROGRAMADORA TELECULTURALES. \u00b7Asistente de Direcci\u00f3n AGENCIAS DE PUBLICIDAD: REP Y MASTER \u00b7Jefe de Medios SANCHO PUBLICIDAD \u00b7Jefe de Tr\u00e1fico. LEO BURNETT \u00b7Asistente de Medios. EDUCACION: \u00b7FUNDACI\u00d3N UNIVERSITARIA SALESIANA Diplomado en Salesianidad. \u00b7POLIT\u00c9CNICO GRANCOLOMBIANO Especializaci\u00f3n en Gerencia de Mercadeo. \u00b7UNIVERSIDAD NACIONAL ABIERTA Y A DISTANCIA Administraci\u00f3n de Empresas. \u00b7SERVICIO NACIONAL DE APRENDIZAJE-SENA Mercadotecnia. \u00b7UNIVERSIDAD CENTRAL Publicidad. \u00b7COLEGIO SALESIANO DE LE\u00d3N XIII Bachiller Acad\u00e9mico. EXPERIENCIA EXALUMNAL: ASOCIACI\u00d3N DE EXALUMNOS SDB-AEXSDBINSPECTOR\u00cdA SAN PEDRO CLAVER Presidente Sexenio 2021-2027. \u00b7ASOCIACI\u00d3N DE EXALUMNOS SDB-AEXSDBINSPECTOR\u00cdA SAN PEDRO CLAVER Vicepresidente Sexenio 2015-2021. \u00b7COLEGIO SALESIANO DE LE\u00d3N XIII. L\u00edder Promoci\u00f3n 1969. EXALUMNAL","url":"https:\/\/www.omaec.org\/fr\/author\/omaec-admin\/"}]}},"_links":{"self":[{"href":"https:\/\/www.omaec.org\/fr\/wp-json\/wp\/v2\/posts\/4092","targetHints":{"allow":["GET"]}}],"collection":[{"href":"https:\/\/www.omaec.org\/fr\/wp-json\/wp\/v2\/posts"}],"about":[{"href":"https:\/\/www.omaec.org\/fr\/wp-json\/wp\/v2\/types\/post"}],"author":[{"embeddable":true,"href":"https:\/\/www.omaec.org\/fr\/wp-json\/wp\/v2\/users\/1"}],"replies":[{"embeddable":true,"href":"https:\/\/www.omaec.org\/fr\/wp-json\/wp\/v2\/comments?post=4092"}],"version-history":[{"count":1,"href":"https:\/\/www.omaec.org\/fr\/wp-json\/wp\/v2\/posts\/4092\/revisions"}],"predecessor-version":[{"id":4093,"href":"https:\/\/www.omaec.org\/fr\/wp-json\/wp\/v2\/posts\/4092\/revisions\/4093"}],"wp:featuredmedia":[{"embeddable":true,"href":"https:\/\/www.omaec.org\/fr\/wp-json\/wp\/v2\/media\/4091"}],"wp:attachment":[{"href":"https:\/\/www.omaec.org\/fr\/wp-json\/wp\/v2\/media?parent=4092"}],"wp:term":[{"taxonomy":"category","embeddable":true,"href":"https:\/\/www.omaec.org\/fr\/wp-json\/wp\/v2\/categories?post=4092"},{"taxonomy":"post_tag","embeddable":true,"href":"https:\/\/www.omaec.org\/fr\/wp-json\/wp\/v2\/tags?post=4092"}],"curies":[{"name":"wp","href":"https:\/\/api.w.org\/{rel}","templated":true}]}}