{"id":4060,"date":"2018-11-16T18:28:02","date_gmt":"2018-11-16T17:28:02","guid":{"rendered":"http:\/\/omaec.org\/?p=4060"},"modified":"2018-11-16T18:28:02","modified_gmt":"2018-11-16T17:28:02","slug":"nagy-el-khoury-le-liban","status":"publish","type":"post","link":"https:\/\/www.omaec.org\/fr\/nagy-el-khoury-le-liban\/","title":{"rendered":"Nagy el-Khoury &#8211; LE LIBAN"},"content":{"rendered":"<p><strong>MERCI POUR VOTRE CONFIANCE, MONSIEUR LE PR\u00c9SIDENT.<\/strong><\/p>\n<p>Le Pr\u00e9sident de la R\u00e9publique m\u2019a fait l\u2019insigne honneur de me nommer charg\u00e9 de mission pour <em><strong>le dialogue islamo-chr\u00e9tien,<\/strong> <\/em>ayant pour fonction de coordonner l\u2019action de l\u2019ensemble des associations, groupes et institutions nationales qui \u0153uvrent pour le dialogue et le vivre ensemble, tout en respectant le charisme et les objectifs de chacun.<\/p>\n<p>Nos actions se compl\u00e9tant, nous irons ensemble plus vite et plus loin, dans une synergie nationale.<\/p>\n<p>Nous \u0153uvrerons ainsi pour que le Liban vive pleinement sa mission de <strong>\u00ab pays message \u00bb<\/strong> \u00e9voqu\u00e9e par Saint Jean-Paul II.<\/p>\n<p>Nagy el-Khoury<br \/>\nBaabda, le lundi 12 novembre 2018.<\/p>\n<p>(Nagy el-Khoury\u00a0est vice-pr\u00e9sident de l&rsquo;OMAEC)<\/p>\n","protected":false},"excerpt":{"rendered":"<p>MERCI POUR VOTRE CONFIANCE, MONSIEUR LE PR\u00c9SIDENT. Le Pr\u00e9sident de la R\u00e9publique m\u2019a fait l\u2019insigne honneur de me nommer charg\u00e9 de mission pour le dialogue islamo-chr\u00e9tien, ayant pour fonction de coordonner l\u2019action de l\u2019ensemble des associations, groupes et institutions nationales qui \u0153uvrent pour le dialogue et le vivre ensemble, tout en respectant le charisme et <a href=\"https:\/\/www.omaec.org\/fr\/nagy-el-khoury-le-liban\/\" rel=\"nofollow\">(more&#8230;)<\/a><\/p>\n","protected":false},"author":1,"featured_media":4058,"comment_status":"closed","ping_status":"open","sticky":false,"template":"","format":"standard","meta":{"footnotes":""},"categories":[50],"tags":[],"class_list":["post-4060","post","type-post","status-publish","format-standard","has-post-thumbnail","hentry","category-messages-fr"],"acf":[],"yoast_head":"<!-- This site is optimized with the Yoast SEO plugin v20.11 - https:\/\/yoast.com\/wordpress\/plugins\/seo\/ -->\n<title>Nagy el-Khoury - LE LIBAN - Organizaci\u00f3n Mundial de Antiguos Alumnos de la Educaci\u00f3n Cat\u00f3lica<\/title>\n<meta name=\"robots\" content=\"index, follow, max-snippet:-1, max-image-preview:large, max-video-preview:-1\" \/>\n<link rel=\"canonical\" href=\"https:\/\/www.omaec.org\/fr\/nagy-el-khoury-le-liban\/\" \/>\n<meta property=\"og:locale\" content=\"fr_FR\" \/>\n<meta property=\"og:type\" content=\"article\" \/>\n<meta property=\"og:title\" content=\"Nagy el-Khoury - LE LIBAN - Organizaci\u00f3n Mundial de Antiguos Alumnos de la Educaci\u00f3n Cat\u00f3lica\" \/>\n<meta property=\"og:description\" content=\"MERCI POUR VOTRE CONFIANCE, MONSIEUR LE PR\u00c9SIDENT. Le Pr\u00e9sident de la R\u00e9publique m\u2019a fait l\u2019insigne honneur de me nommer charg\u00e9 de mission pour le dialogue islamo-chr\u00e9tien, ayant pour fonction de coordonner l\u2019action de l\u2019ensemble des associations, groupes et institutions nationales qui \u0153uvrent pour le dialogue et le vivre ensemble, tout en respectant le charisme et (more...)\" \/>\n<meta property=\"og:url\" content=\"https:\/\/www.omaec.org\/fr\/nagy-el-khoury-le-liban\/\" \/>\n<meta property=\"og:site_name\" content=\"Organizaci\u00f3n Mundial de Antiguos Alumnos de la Educaci\u00f3n Cat\u00f3lica\" \/>\n<meta property=\"article:published_time\" content=\"2018-11-16T17:28:02+00:00\" \/>\n<meta property=\"og:image\" content=\"https:\/\/www.omaec.org\/wp-content\/uploads\/2018\/11\/Nagy-1.jpg\" \/>\n\t<meta property=\"og:image:width\" content=\"960\" \/>\n\t<meta property=\"og:image:height\" content=\"639\" \/>\n\t<meta property=\"og:image:type\" content=\"image\/jpeg\" \/>\n<meta name=\"author\" content=\"Secretario General\" \/>\n<meta name=\"twitter:card\" content=\"summary_large_image\" \/>\n<meta name=\"twitter:label1\" content=\"\u00c9crit par\" \/>\n\t<meta name=\"twitter:data1\" content=\"Secretario General\" \/>\n\t<meta name=\"twitter:label2\" content=\"Dur\u00e9e de lecture estim\u00e9e\" \/>\n\t<meta name=\"twitter:data2\" content=\"1 minute\" \/>\n<script type=\"application\/ld+json\" class=\"yoast-schema-graph\">{\"@context\":\"https:\/\/schema.org\",\"@graph\":[{\"@type\":\"Article\",\"@id\":\"https:\/\/www.omaec.org\/fr\/nagy-el-khoury-le-liban\/#article\",\"isPartOf\":{\"@id\":\"https:\/\/www.omaec.org\/fr\/nagy-el-khoury-le-liban\/\"},\"author\":{\"name\":\"Secretario General\",\"@id\":\"https:\/\/www.omaec.org\/#\/schema\/person\/b6995e5c4038e3cf602f2bb958068c35\"},\"headline\":\"Nagy el-Khoury &#8211; LE LIBAN\",\"datePublished\":\"2018-11-16T17:28:02+00:00\",\"dateModified\":\"2018-11-16T17:28:02+00:00\",\"mainEntityOfPage\":{\"@id\":\"https:\/\/www.omaec.org\/fr\/nagy-el-khoury-le-liban\/\"},\"wordCount\":123,\"publisher\":{\"@id\":\"https:\/\/www.omaec.org\/#organization\"},\"articleSection\":[\"Messages\"],\"inLanguage\":\"fr-FR\"},{\"@type\":\"WebPage\",\"@id\":\"https:\/\/www.omaec.org\/fr\/nagy-el-khoury-le-liban\/\",\"url\":\"https:\/\/www.omaec.org\/fr\/nagy-el-khoury-le-liban\/\",\"name\":\"Nagy el-Khoury - LE LIBAN - Organizaci\u00f3n Mundial de Antiguos Alumnos de la Educaci\u00f3n Cat\u00f3lica\",\"isPartOf\":{\"@id\":\"https:\/\/www.omaec.org\/#website\"},\"datePublished\":\"2018-11-16T17:28:02+00:00\",\"dateModified\":\"2018-11-16T17:28:02+00:00\",\"breadcrumb\":{\"@id\":\"https:\/\/www.omaec.org\/fr\/nagy-el-khoury-le-liban\/#breadcrumb\"},\"inLanguage\":\"fr-FR\",\"potentialAction\":[{\"@type\":\"ReadAction\",\"target\":[\"https:\/\/www.omaec.org\/fr\/nagy-el-khoury-le-liban\/\"]}]},{\"@type\":\"BreadcrumbList\",\"@id\":\"https:\/\/www.omaec.org\/fr\/nagy-el-khoury-le-liban\/#breadcrumb\",\"itemListElement\":[{\"@type\":\"ListItem\",\"position\":1,\"name\":\"Portada\",\"item\":\"https:\/\/www.omaec.org\/fr\/\"},{\"@type\":\"ListItem\",\"position\":2,\"name\":\"Nagy el-Khoury &#8211; LE LIBAN\"}]},{\"@type\":\"WebSite\",\"@id\":\"https:\/\/www.omaec.org\/#website\",\"url\":\"https:\/\/www.omaec.org\/\",\"name\":\"Organizaci\u00f3n Mundial de Antiguos Alumnos de la Educaci\u00f3n Cat\u00f3lica\",\"description\":\"OMAEC\",\"publisher\":{\"@id\":\"https:\/\/www.omaec.org\/#organization\"},\"potentialAction\":[{\"@type\":\"SearchAction\",\"target\":{\"@type\":\"EntryPoint\",\"urlTemplate\":\"https:\/\/www.omaec.org\/?s={search_term_string}\"},\"query-input\":\"required name=search_term_string\"}],\"inLanguage\":\"fr-FR\"},{\"@type\":\"Organization\",\"@id\":\"https:\/\/www.omaec.org\/#organization\",\"name\":\"Organizaci\u00f3n Mundial de Antiguos Alumnos de la Educaci\u00f3n Cat\u00f3lica\",\"url\":\"https:\/\/www.omaec.org\/\",\"logo\":{\"@type\":\"ImageObject\",\"inLanguage\":\"fr-FR\",\"@id\":\"https:\/\/www.omaec.org\/#\/schema\/logo\/image\/\",\"url\":\"https:\/\/www.omaec.org\/wp-content\/uploads\/2021\/06\/OMAEC-LOGO-OFICIAL.jpg\",\"contentUrl\":\"https:\/\/www.omaec.org\/wp-content\/uploads\/2021\/06\/OMAEC-LOGO-OFICIAL.jpg\",\"width\":525,\"height\":452,\"caption\":\"Organizaci\u00f3n Mundial de Antiguos  Alumnos de la Educaci\u00f3n Cat\u00f3lica\"},\"image\":{\"@id\":\"https:\/\/www.omaec.org\/#\/schema\/logo\/image\/\"}},{\"@type\":\"Person\",\"@id\":\"https:\/\/www.omaec.org\/#\/schema\/person\/b6995e5c4038e3cf602f2bb958068c35\",\"name\":\"Secretario General\",\"image\":{\"@type\":\"ImageObject\",\"inLanguage\":\"fr-FR\",\"@id\":\"https:\/\/www.omaec.org\/#\/schema\/person\/image\/\",\"url\":\"https:\/\/www.omaec.org\/wp-content\/uploads\/2025\/03\/FOTO-GUILLERMO-GUTIERREZ-PIRAQUIVE-OMAEC-96x96.jpg\",\"contentUrl\":\"https:\/\/www.omaec.org\/wp-content\/uploads\/2025\/03\/FOTO-GUILLERMO-GUTIERREZ-PIRAQUIVE-OMAEC-96x96.jpg\",\"caption\":\"Secretario General\"},\"description\":\"EXPERIENCIA LABORAL: SERVICIO NACIONAL DE APRENDIZAJE-SENA Regional Bogot\u00e1. Centro de Gesti\u00f3n de Mercados, Log\u00edstica y Tecnolog\u00edas de la Informaci\u00f3n. \u00b7Instructor de Mercadeo. SERVICIO NACIONAL DE APRENDIZAJE-SENA Regional Bogot\u00e1. Centro de Gesti\u00f3n Administrativa. \u00b7Instructor de Ventas. ARTESAN\u00cdAS DE COLOMBIA. \u00b7Administrador Centro Artesanal La Chamba (Tolima). PROGRAMADORA TELECULTURALES. \u00b7Asistente de Direcci\u00f3n AGENCIAS DE PUBLICIDAD: REP Y MASTER \u00b7Jefe de Medios SANCHO PUBLICIDAD \u00b7Jefe de Tr\u00e1fico. LEO BURNETT \u00b7Asistente de Medios. EDUCACION: \u00b7FUNDACI\u00d3N UNIVERSITARIA SALESIANA Diplomado en Salesianidad. \u00b7POLIT\u00c9CNICO GRANCOLOMBIANO Especializaci\u00f3n en Gerencia de Mercadeo. \u00b7UNIVERSIDAD NACIONAL ABIERTA Y A DISTANCIA Administraci\u00f3n de Empresas. \u00b7SERVICIO NACIONAL DE APRENDIZAJE-SENA Mercadotecnia. \u00b7UNIVERSIDAD CENTRAL Publicidad. \u00b7COLEGIO SALESIANO DE LE\u00d3N XIII Bachiller Acad\u00e9mico. EXPERIENCIA EXALUMNAL: ASOCIACI\u00d3N DE EXALUMNOS SDB-AEXSDBINSPECTOR\u00cdA SAN PEDRO CLAVER Presidente Sexenio 2021-2027. \u00b7ASOCIACI\u00d3N DE EXALUMNOS SDB-AEXSDBINSPECTOR\u00cdA SAN PEDRO CLAVER Vicepresidente Sexenio 2015-2021. \u00b7COLEGIO SALESIANO DE LE\u00d3N XIII. L\u00edder Promoci\u00f3n 1969. EXALUMNAL\",\"url\":\"https:\/\/www.omaec.org\/fr\/author\/omaec-admin\/\"}]}<\/script>\n<!-- \/ Yoast SEO plugin. -->","yoast_head_json":{"title":"Nagy el-Khoury - LE LIBAN - Organizaci\u00f3n Mundial de Antiguos Alumnos de la Educaci\u00f3n Cat\u00f3lica","robots":{"index":"index","follow":"follow","max-snippet":"max-snippet:-1","max-image-preview":"max-image-preview:large","max-video-preview":"max-video-preview:-1"},"canonical":"https:\/\/www.omaec.org\/fr\/nagy-el-khoury-le-liban\/","og_locale":"fr_FR","og_type":"article","og_title":"Nagy el-Khoury - LE LIBAN - Organizaci\u00f3n Mundial de Antiguos Alumnos de la Educaci\u00f3n Cat\u00f3lica","og_description":"MERCI POUR VOTRE CONFIANCE, MONSIEUR LE PR\u00c9SIDENT. Le Pr\u00e9sident de la R\u00e9publique m\u2019a fait l\u2019insigne honneur de me nommer charg\u00e9 de mission pour le dialogue islamo-chr\u00e9tien, ayant pour fonction de coordonner l\u2019action de l\u2019ensemble des associations, groupes et institutions nationales qui \u0153uvrent pour le dialogue et le vivre ensemble, tout en respectant le charisme et (more...)","og_url":"https:\/\/www.omaec.org\/fr\/nagy-el-khoury-le-liban\/","og_site_name":"Organizaci\u00f3n Mundial de Antiguos Alumnos de la Educaci\u00f3n Cat\u00f3lica","article_published_time":"2018-11-16T17:28:02+00:00","og_image":[{"width":960,"height":639,"url":"https:\/\/www.omaec.org\/wp-content\/uploads\/2018\/11\/Nagy-1.jpg","type":"image\/jpeg"}],"author":"Secretario General","twitter_card":"summary_large_image","twitter_misc":{"\u00c9crit par":"Secretario General","Dur\u00e9e de lecture estim\u00e9e":"1 minute"},"schema":{"@context":"https:\/\/schema.org","@graph":[{"@type":"Article","@id":"https:\/\/www.omaec.org\/fr\/nagy-el-khoury-le-liban\/#article","isPartOf":{"@id":"https:\/\/www.omaec.org\/fr\/nagy-el-khoury-le-liban\/"},"author":{"name":"Secretario General","@id":"https:\/\/www.omaec.org\/#\/schema\/person\/b6995e5c4038e3cf602f2bb958068c35"},"headline":"Nagy el-Khoury &#8211; LE LIBAN","datePublished":"2018-11-16T17:28:02+00:00","dateModified":"2018-11-16T17:28:02+00:00","mainEntityOfPage":{"@id":"https:\/\/www.omaec.org\/fr\/nagy-el-khoury-le-liban\/"},"wordCount":123,"publisher":{"@id":"https:\/\/www.omaec.org\/#organization"},"articleSection":["Messages"],"inLanguage":"fr-FR"},{"@type":"WebPage","@id":"https:\/\/www.omaec.org\/fr\/nagy-el-khoury-le-liban\/","url":"https:\/\/www.omaec.org\/fr\/nagy-el-khoury-le-liban\/","name":"Nagy el-Khoury - LE LIBAN - Organizaci\u00f3n Mundial de Antiguos Alumnos de la Educaci\u00f3n Cat\u00f3lica","isPartOf":{"@id":"https:\/\/www.omaec.org\/#website"},"datePublished":"2018-11-16T17:28:02+00:00","dateModified":"2018-11-16T17:28:02+00:00","breadcrumb":{"@id":"https:\/\/www.omaec.org\/fr\/nagy-el-khoury-le-liban\/#breadcrumb"},"inLanguage":"fr-FR","potentialAction":[{"@type":"ReadAction","target":["https:\/\/www.omaec.org\/fr\/nagy-el-khoury-le-liban\/"]}]},{"@type":"BreadcrumbList","@id":"https:\/\/www.omaec.org\/fr\/nagy-el-khoury-le-liban\/#breadcrumb","itemListElement":[{"@type":"ListItem","position":1,"name":"Portada","item":"https:\/\/www.omaec.org\/fr\/"},{"@type":"ListItem","position":2,"name":"Nagy el-Khoury &#8211; LE LIBAN"}]},{"@type":"WebSite","@id":"https:\/\/www.omaec.org\/#website","url":"https:\/\/www.omaec.org\/","name":"Organizaci\u00f3n Mundial de Antiguos Alumnos de la Educaci\u00f3n Cat\u00f3lica","description":"OMAEC","publisher":{"@id":"https:\/\/www.omaec.org\/#organization"},"potentialAction":[{"@type":"SearchAction","target":{"@type":"EntryPoint","urlTemplate":"https:\/\/www.omaec.org\/?s={search_term_string}"},"query-input":"required name=search_term_string"}],"inLanguage":"fr-FR"},{"@type":"Organization","@id":"https:\/\/www.omaec.org\/#organization","name":"Organizaci\u00f3n Mundial de Antiguos Alumnos de la Educaci\u00f3n Cat\u00f3lica","url":"https:\/\/www.omaec.org\/","logo":{"@type":"ImageObject","inLanguage":"fr-FR","@id":"https:\/\/www.omaec.org\/#\/schema\/logo\/image\/","url":"https:\/\/www.omaec.org\/wp-content\/uploads\/2021\/06\/OMAEC-LOGO-OFICIAL.jpg","contentUrl":"https:\/\/www.omaec.org\/wp-content\/uploads\/2021\/06\/OMAEC-LOGO-OFICIAL.jpg","width":525,"height":452,"caption":"Organizaci\u00f3n Mundial de Antiguos  Alumnos de la Educaci\u00f3n Cat\u00f3lica"},"image":{"@id":"https:\/\/www.omaec.org\/#\/schema\/logo\/image\/"}},{"@type":"Person","@id":"https:\/\/www.omaec.org\/#\/schema\/person\/b6995e5c4038e3cf602f2bb958068c35","name":"Secretario General","image":{"@type":"ImageObject","inLanguage":"fr-FR","@id":"https:\/\/www.omaec.org\/#\/schema\/person\/image\/","url":"https:\/\/www.omaec.org\/wp-content\/uploads\/2025\/03\/FOTO-GUILLERMO-GUTIERREZ-PIRAQUIVE-OMAEC-96x96.jpg","contentUrl":"https:\/\/www.omaec.org\/wp-content\/uploads\/2025\/03\/FOTO-GUILLERMO-GUTIERREZ-PIRAQUIVE-OMAEC-96x96.jpg","caption":"Secretario General"},"description":"EXPERIENCIA LABORAL: SERVICIO NACIONAL DE APRENDIZAJE-SENA Regional Bogot\u00e1. Centro de Gesti\u00f3n de Mercados, Log\u00edstica y Tecnolog\u00edas de la Informaci\u00f3n. \u00b7Instructor de Mercadeo. SERVICIO NACIONAL DE APRENDIZAJE-SENA Regional Bogot\u00e1. Centro de Gesti\u00f3n Administrativa. \u00b7Instructor de Ventas. ARTESAN\u00cdAS DE COLOMBIA. \u00b7Administrador Centro Artesanal La Chamba (Tolima). PROGRAMADORA TELECULTURALES. \u00b7Asistente de Direcci\u00f3n AGENCIAS DE PUBLICIDAD: REP Y MASTER \u00b7Jefe de Medios SANCHO PUBLICIDAD \u00b7Jefe de Tr\u00e1fico. LEO BURNETT \u00b7Asistente de Medios. EDUCACION: \u00b7FUNDACI\u00d3N UNIVERSITARIA SALESIANA Diplomado en Salesianidad. \u00b7POLIT\u00c9CNICO GRANCOLOMBIANO Especializaci\u00f3n en Gerencia de Mercadeo. \u00b7UNIVERSIDAD NACIONAL ABIERTA Y A DISTANCIA Administraci\u00f3n de Empresas. \u00b7SERVICIO NACIONAL DE APRENDIZAJE-SENA Mercadotecnia. \u00b7UNIVERSIDAD CENTRAL Publicidad. \u00b7COLEGIO SALESIANO DE LE\u00d3N XIII Bachiller Acad\u00e9mico. EXPERIENCIA EXALUMNAL: ASOCIACI\u00d3N DE EXALUMNOS SDB-AEXSDBINSPECTOR\u00cdA SAN PEDRO CLAVER Presidente Sexenio 2021-2027. \u00b7ASOCIACI\u00d3N DE EXALUMNOS SDB-AEXSDBINSPECTOR\u00cdA SAN PEDRO CLAVER Vicepresidente Sexenio 2015-2021. \u00b7COLEGIO SALESIANO DE LE\u00d3N XIII. L\u00edder Promoci\u00f3n 1969. EXALUMNAL","url":"https:\/\/www.omaec.org\/fr\/author\/omaec-admin\/"}]}},"_links":{"self":[{"href":"https:\/\/www.omaec.org\/fr\/wp-json\/wp\/v2\/posts\/4060","targetHints":{"allow":["GET"]}}],"collection":[{"href":"https:\/\/www.omaec.org\/fr\/wp-json\/wp\/v2\/posts"}],"about":[{"href":"https:\/\/www.omaec.org\/fr\/wp-json\/wp\/v2\/types\/post"}],"author":[{"embeddable":true,"href":"https:\/\/www.omaec.org\/fr\/wp-json\/wp\/v2\/users\/1"}],"replies":[{"embeddable":true,"href":"https:\/\/www.omaec.org\/fr\/wp-json\/wp\/v2\/comments?post=4060"}],"version-history":[{"count":1,"href":"https:\/\/www.omaec.org\/fr\/wp-json\/wp\/v2\/posts\/4060\/revisions"}],"predecessor-version":[{"id":4061,"href":"https:\/\/www.omaec.org\/fr\/wp-json\/wp\/v2\/posts\/4060\/revisions\/4061"}],"wp:featuredmedia":[{"embeddable":true,"href":"https:\/\/www.omaec.org\/fr\/wp-json\/wp\/v2\/media\/4058"}],"wp:attachment":[{"href":"https:\/\/www.omaec.org\/fr\/wp-json\/wp\/v2\/media?parent=4060"}],"wp:term":[{"taxonomy":"category","embeddable":true,"href":"https:\/\/www.omaec.org\/fr\/wp-json\/wp\/v2\/categories?post=4060"},{"taxonomy":"post_tag","embeddable":true,"href":"https:\/\/www.omaec.org\/fr\/wp-json\/wp\/v2\/tags?post=4060"}],"curies":[{"name":"wp","href":"https:\/\/api.w.org\/{rel}","templated":true}]}}