{"id":3861,"date":"2018-05-30T16:48:15","date_gmt":"2018-05-30T15:48:15","guid":{"rendered":"http:\/\/omaec.org\/?p=3861"},"modified":"2018-05-30T16:48:15","modified_gmt":"2018-05-30T15:48:15","slug":"confederation-perou-reunion-constitutionnelle","status":"publish","type":"post","link":"https:\/\/www.omaec.org\/fr\/confederation-perou-reunion-constitutionnelle\/","title":{"rendered":"CONFEDERATION P\u00c9ROU &#8211; r\u00e9union constitutionnelle"},"content":{"rendered":"<p><u><\/u>Je suis particuli\u00e8rement heureux de vous informer de la r\u00e9union qui s&rsquo;est tenue le 18 mai 2018 au si\u00e8ge du Consortium des centres d&rsquo;enseignement catholique \u00e0 Lima, au P\u00e9rou.<\/p>\n<p>Nous avons eu la participation de 9 repr\u00e9sentants d&rsquo;anciens \u00e9l\u00e8ves de diff\u00e9rentes \u00e9coles telles que : Maristes, Marianistes, Sainte-Anne, Mercedarias, Augustins et Sal\u00e9siens, ainsi que l&rsquo;Immacul\u00e9e Conception (absent \u00e0 la r\u00e9union).<\/p>\n<p>Nous avons aussi eu la pr\u00e9sence inestimable du P\u00e8re Alfonso Francia SDB, qui est notre conseiller eccl\u00e9siastique.<a href=\"http:\/\/omaec.org\/wp-content\/uploads\/2018\/05\/maxresdefault.jpg\" rel=\"attachment wp-att-3858\"><img loading=\"lazy\" decoding=\"async\" class=\"size-medium wp-image-3858 alignleft\" src=\"http:\/\/omaec.org\/wp-content\/uploads\/2018\/05\/maxresdefault-300x169.jpg\" alt=\"maxresdefault\" width=\"300\" height=\"169\" srcset=\"https:\/\/www.omaec.org\/wp-content\/uploads\/2018\/05\/maxresdefault-300x169.jpg 300w, https:\/\/www.omaec.org\/wp-content\/uploads\/2018\/05\/maxresdefault-768x432.jpg 768w, https:\/\/www.omaec.org\/wp-content\/uploads\/2018\/05\/maxresdefault-1024x576.jpg 1024w, https:\/\/www.omaec.org\/wp-content\/uploads\/2018\/05\/maxresdefault-600x338.jpg 600w, https:\/\/www.omaec.org\/wp-content\/uploads\/2018\/05\/maxresdefault-150x84.jpg 150w, https:\/\/www.omaec.org\/wp-content\/uploads\/2018\/05\/maxresdefault.jpg 1280w\" sizes=\"auto, (max-width: 300px) 100vw, 300px\" \/><\/a><\/p>\n<p>La lettre de salutation et le document de l&rsquo;OMAEC 2018 leur ont \u00e9t\u00e9 pr\u00e9sent\u00e9s. Les raisons de la convocation ont \u00e9t\u00e9 expliqu\u00e9es et un <strong>comit\u00e9 organisateur<\/strong> a \u00e9t\u00e9 convenu, afin de cr\u00e9er une nouvelle <strong>Conf\u00e9d\u00e9ration p\u00e9ruvienne des anciens \u00e9l\u00e8ves de l&rsquo;enseignement catholique<\/strong>, de r\u00e9viser les statuts et de proc\u00e9der \u00e0 un nouvel enregistrement devant les autorit\u00e9s respectives, apr\u00e8s avoir rappel\u00e9 les anciens \u00e9l\u00e8ves \u00e0 \u00e9lire le conseil d&rsquo;administration correspondant.<\/p>\n<p>Le d\u00e9lai pour ce faire est d&rsquo;un mois.<\/p>\n<p>Le Conseil d&rsquo;Organisation est compos\u00e9 de Diego La Rosa Jaimez, Pr\u00e9sident de la F\u00e9d\u00e9ration des anciens \u00e9l\u00e8ves de l&rsquo;\u00e9cole mariste (qui regroupe 12 \u00e9coles dans tout le pays)\u00a0; Adolf Sobrevilla Guzman, Pr\u00e9sident de l&rsquo;Association des anciens \u00e9l\u00e8ves de l&rsquo;\u00e9cole Sainte Marie ; et Luc\u00eda D\u00edaz, ancienne \u00e9l\u00e8ve de l&rsquo;\u00e9cole Marie Auxiliatrice.<\/p>\n<p><strong>L&rsquo;OMAEC soutient pleinement cette initiative et f\u00e9licite Mme Luc\u00eda D\u00edaz pour sa coordination et son engagement.<\/strong><\/p>\n","protected":false},"excerpt":{"rendered":"<p>Je suis particuli\u00e8rement heureux de vous informer de la r\u00e9union qui s&rsquo;est tenue le 18 mai 2018 au si\u00e8ge du Consortium des centres d&rsquo;enseignement catholique \u00e0 Lima, au P\u00e9rou. Nous avons eu la participation de 9 repr\u00e9sentants d&rsquo;anciens \u00e9l\u00e8ves de diff\u00e9rentes \u00e9coles telles que : Maristes, Marianistes, Sainte-Anne, Mercedarias, Augustins et Sal\u00e9siens, ainsi que l&rsquo;Immacul\u00e9e <a href=\"https:\/\/www.omaec.org\/fr\/confederation-perou-reunion-constitutionnelle\/\" rel=\"nofollow\">(more&#8230;)<\/a><\/p>\n","protected":false},"author":1,"featured_media":3857,"comment_status":"closed","ping_status":"open","sticky":false,"template":"","format":"standard","meta":{"footnotes":""},"categories":[48],"tags":[],"class_list":["post-3861","post","type-post","status-publish","format-standard","has-post-thumbnail","hentry","category-conferences"],"acf":[],"yoast_head":"<!-- This site is optimized with the Yoast SEO plugin v20.11 - https:\/\/yoast.com\/wordpress\/plugins\/seo\/ -->\n<title>CONFEDERATION P\u00c9ROU - r\u00e9union constitutionnelle - Organizaci\u00f3n Mundial de Antiguos Alumnos de la Educaci\u00f3n Cat\u00f3lica<\/title>\n<meta name=\"robots\" content=\"index, follow, max-snippet:-1, max-image-preview:large, max-video-preview:-1\" \/>\n<link rel=\"canonical\" href=\"https:\/\/www.omaec.org\/3856\/\" \/>\n<meta property=\"og:locale\" content=\"fr_FR\" \/>\n<meta property=\"og:type\" content=\"article\" \/>\n<meta property=\"og:title\" content=\"CONFEDERATION P\u00c9ROU - r\u00e9union constitutionnelle - Organizaci\u00f3n Mundial de Antiguos Alumnos de la Educaci\u00f3n Cat\u00f3lica\" \/>\n<meta property=\"og:description\" content=\"Je suis particuli\u00e8rement heureux de vous informer de la r\u00e9union qui s&rsquo;est tenue le 18 mai 2018 au si\u00e8ge du Consortium des centres d&rsquo;enseignement catholique \u00e0 Lima, au P\u00e9rou. Nous avons eu la participation de 9 repr\u00e9sentants d&rsquo;anciens \u00e9l\u00e8ves de diff\u00e9rentes \u00e9coles telles que : Maristes, Marianistes, Sainte-Anne, Mercedarias, Augustins et Sal\u00e9siens, ainsi que l&rsquo;Immacul\u00e9e (more...)\" \/>\n<meta property=\"og:url\" content=\"https:\/\/www.omaec.org\/3856\/\" \/>\n<meta property=\"og:site_name\" content=\"Organizaci\u00f3n Mundial de Antiguos Alumnos de la Educaci\u00f3n Cat\u00f3lica\" \/>\n<meta property=\"article:published_time\" content=\"2018-05-30T15:48:15+00:00\" \/>\n<meta property=\"og:image\" content=\"https:\/\/www.omaec.org\/wp-content\/uploads\/2018\/05\/reunion-exalumnos-2.jpg\" \/>\n\t<meta property=\"og:image:width\" content=\"1040\" \/>\n\t<meta property=\"og:image:height\" content=\"584\" \/>\n\t<meta property=\"og:image:type\" content=\"image\/jpeg\" \/>\n<meta name=\"author\" content=\"Secretario General\" \/>\n<meta name=\"twitter:card\" content=\"summary_large_image\" \/>\n<meta name=\"twitter:label1\" content=\"\u00c9crit par\" \/>\n\t<meta name=\"twitter:data1\" content=\"Secretario General\" \/>\n\t<meta name=\"twitter:label2\" content=\"Dur\u00e9e de lecture estim\u00e9e\" \/>\n\t<meta name=\"twitter:data2\" content=\"1 minute\" \/>\n<script type=\"application\/ld+json\" class=\"yoast-schema-graph\">{\"@context\":\"https:\/\/schema.org\",\"@graph\":[{\"@type\":\"Article\",\"@id\":\"https:\/\/www.omaec.org\/3856\/#article\",\"isPartOf\":{\"@id\":\"https:\/\/www.omaec.org\/3856\/\"},\"author\":{\"name\":\"Secretario General\",\"@id\":\"https:\/\/www.omaec.org\/#\/schema\/person\/b6995e5c4038e3cf602f2bb958068c35\"},\"headline\":\"CONFEDERATION P\u00c9ROU &#8211; r\u00e9union constitutionnelle\",\"datePublished\":\"2018-05-30T15:48:15+00:00\",\"dateModified\":\"2018-05-30T15:48:15+00:00\",\"mainEntityOfPage\":{\"@id\":\"https:\/\/www.omaec.org\/3856\/\"},\"wordCount\":270,\"publisher\":{\"@id\":\"https:\/\/www.omaec.org\/#organization\"},\"articleSection\":[\"Conf\u00e9rences\"],\"inLanguage\":\"fr-FR\"},{\"@type\":\"WebPage\",\"@id\":\"https:\/\/www.omaec.org\/3856\/\",\"url\":\"https:\/\/www.omaec.org\/3856\/\",\"name\":\"CONFEDERATION P\u00c9ROU - r\u00e9union constitutionnelle - Organizaci\u00f3n Mundial de Antiguos Alumnos de la Educaci\u00f3n Cat\u00f3lica\",\"isPartOf\":{\"@id\":\"https:\/\/www.omaec.org\/#website\"},\"datePublished\":\"2018-05-30T15:48:15+00:00\",\"dateModified\":\"2018-05-30T15:48:15+00:00\",\"breadcrumb\":{\"@id\":\"https:\/\/www.omaec.org\/3856\/#breadcrumb\"},\"inLanguage\":\"fr-FR\",\"potentialAction\":[{\"@type\":\"ReadAction\",\"target\":[\"https:\/\/www.omaec.org\/3856\/\"]}]},{\"@type\":\"BreadcrumbList\",\"@id\":\"https:\/\/www.omaec.org\/3856\/#breadcrumb\",\"itemListElement\":[{\"@type\":\"ListItem\",\"position\":1,\"name\":\"Portada\",\"item\":\"https:\/\/www.omaec.org\/fr\/\"},{\"@type\":\"ListItem\",\"position\":2,\"name\":\"CONFEDERATION P\u00c9ROU &#8211; r\u00e9union constitutionnelle\"}]},{\"@type\":\"WebSite\",\"@id\":\"https:\/\/www.omaec.org\/#website\",\"url\":\"https:\/\/www.omaec.org\/\",\"name\":\"Organizaci\u00f3n Mundial de Antiguos Alumnos de la Educaci\u00f3n Cat\u00f3lica\",\"description\":\"OMAEC\",\"publisher\":{\"@id\":\"https:\/\/www.omaec.org\/#organization\"},\"potentialAction\":[{\"@type\":\"SearchAction\",\"target\":{\"@type\":\"EntryPoint\",\"urlTemplate\":\"https:\/\/www.omaec.org\/?s={search_term_string}\"},\"query-input\":\"required name=search_term_string\"}],\"inLanguage\":\"fr-FR\"},{\"@type\":\"Organization\",\"@id\":\"https:\/\/www.omaec.org\/#organization\",\"name\":\"Organizaci\u00f3n Mundial de Antiguos Alumnos de la Educaci\u00f3n Cat\u00f3lica\",\"url\":\"https:\/\/www.omaec.org\/\",\"logo\":{\"@type\":\"ImageObject\",\"inLanguage\":\"fr-FR\",\"@id\":\"https:\/\/www.omaec.org\/#\/schema\/logo\/image\/\",\"url\":\"https:\/\/www.omaec.org\/wp-content\/uploads\/2021\/06\/OMAEC-LOGO-OFICIAL.jpg\",\"contentUrl\":\"https:\/\/www.omaec.org\/wp-content\/uploads\/2021\/06\/OMAEC-LOGO-OFICIAL.jpg\",\"width\":525,\"height\":452,\"caption\":\"Organizaci\u00f3n Mundial de Antiguos  Alumnos de la Educaci\u00f3n Cat\u00f3lica\"},\"image\":{\"@id\":\"https:\/\/www.omaec.org\/#\/schema\/logo\/image\/\"}},{\"@type\":\"Person\",\"@id\":\"https:\/\/www.omaec.org\/#\/schema\/person\/b6995e5c4038e3cf602f2bb958068c35\",\"name\":\"Secretario General\",\"image\":{\"@type\":\"ImageObject\",\"inLanguage\":\"fr-FR\",\"@id\":\"https:\/\/www.omaec.org\/#\/schema\/person\/image\/\",\"url\":\"https:\/\/www.omaec.org\/wp-content\/uploads\/2025\/03\/FOTO-GUILLERMO-GUTIERREZ-PIRAQUIVE-OMAEC-96x96.jpg\",\"contentUrl\":\"https:\/\/www.omaec.org\/wp-content\/uploads\/2025\/03\/FOTO-GUILLERMO-GUTIERREZ-PIRAQUIVE-OMAEC-96x96.jpg\",\"caption\":\"Secretario General\"},\"description\":\"EXPERIENCIA LABORAL: SERVICIO NACIONAL DE APRENDIZAJE-SENA Regional Bogot\u00e1. Centro de Gesti\u00f3n de Mercados, Log\u00edstica y Tecnolog\u00edas de la Informaci\u00f3n. \u00b7Instructor de Mercadeo. SERVICIO NACIONAL DE APRENDIZAJE-SENA Regional Bogot\u00e1. Centro de Gesti\u00f3n Administrativa. \u00b7Instructor de Ventas. ARTESAN\u00cdAS DE COLOMBIA. \u00b7Administrador Centro Artesanal La Chamba (Tolima). PROGRAMADORA TELECULTURALES. \u00b7Asistente de Direcci\u00f3n AGENCIAS DE PUBLICIDAD: REP Y MASTER \u00b7Jefe de Medios SANCHO PUBLICIDAD \u00b7Jefe de Tr\u00e1fico. LEO BURNETT \u00b7Asistente de Medios. EDUCACION: \u00b7FUNDACI\u00d3N UNIVERSITARIA SALESIANA Diplomado en Salesianidad. \u00b7POLIT\u00c9CNICO GRANCOLOMBIANO Especializaci\u00f3n en Gerencia de Mercadeo. \u00b7UNIVERSIDAD NACIONAL ABIERTA Y A DISTANCIA Administraci\u00f3n de Empresas. \u00b7SERVICIO NACIONAL DE APRENDIZAJE-SENA Mercadotecnia. \u00b7UNIVERSIDAD CENTRAL Publicidad. \u00b7COLEGIO SALESIANO DE LE\u00d3N XIII Bachiller Acad\u00e9mico. EXPERIENCIA EXALUMNAL: ASOCIACI\u00d3N DE EXALUMNOS SDB-AEXSDBINSPECTOR\u00cdA SAN PEDRO CLAVER Presidente Sexenio 2021-2027. \u00b7ASOCIACI\u00d3N DE EXALUMNOS SDB-AEXSDBINSPECTOR\u00cdA SAN PEDRO CLAVER Vicepresidente Sexenio 2015-2021. \u00b7COLEGIO SALESIANO DE LE\u00d3N XIII. L\u00edder Promoci\u00f3n 1969. EXALUMNAL\",\"url\":\"https:\/\/www.omaec.org\/fr\/author\/omaec-admin\/\"}]}<\/script>\n<!-- \/ Yoast SEO plugin. -->","yoast_head_json":{"title":"CONFEDERATION P\u00c9ROU - r\u00e9union constitutionnelle - Organizaci\u00f3n Mundial de Antiguos Alumnos de la Educaci\u00f3n Cat\u00f3lica","robots":{"index":"index","follow":"follow","max-snippet":"max-snippet:-1","max-image-preview":"max-image-preview:large","max-video-preview":"max-video-preview:-1"},"canonical":"https:\/\/www.omaec.org\/3856\/","og_locale":"fr_FR","og_type":"article","og_title":"CONFEDERATION P\u00c9ROU - r\u00e9union constitutionnelle - Organizaci\u00f3n Mundial de Antiguos Alumnos de la Educaci\u00f3n Cat\u00f3lica","og_description":"Je suis particuli\u00e8rement heureux de vous informer de la r\u00e9union qui s&rsquo;est tenue le 18 mai 2018 au si\u00e8ge du Consortium des centres d&rsquo;enseignement catholique \u00e0 Lima, au P\u00e9rou. Nous avons eu la participation de 9 repr\u00e9sentants d&rsquo;anciens \u00e9l\u00e8ves de diff\u00e9rentes \u00e9coles telles que : Maristes, Marianistes, Sainte-Anne, Mercedarias, Augustins et Sal\u00e9siens, ainsi que l&rsquo;Immacul\u00e9e (more...)","og_url":"https:\/\/www.omaec.org\/3856\/","og_site_name":"Organizaci\u00f3n Mundial de Antiguos Alumnos de la Educaci\u00f3n Cat\u00f3lica","article_published_time":"2018-05-30T15:48:15+00:00","og_image":[{"width":1040,"height":584,"url":"https:\/\/www.omaec.org\/wp-content\/uploads\/2018\/05\/reunion-exalumnos-2.jpg","type":"image\/jpeg"}],"author":"Secretario General","twitter_card":"summary_large_image","twitter_misc":{"\u00c9crit par":"Secretario General","Dur\u00e9e de lecture estim\u00e9e":"1 minute"},"schema":{"@context":"https:\/\/schema.org","@graph":[{"@type":"Article","@id":"https:\/\/www.omaec.org\/3856\/#article","isPartOf":{"@id":"https:\/\/www.omaec.org\/3856\/"},"author":{"name":"Secretario General","@id":"https:\/\/www.omaec.org\/#\/schema\/person\/b6995e5c4038e3cf602f2bb958068c35"},"headline":"CONFEDERATION P\u00c9ROU &#8211; r\u00e9union constitutionnelle","datePublished":"2018-05-30T15:48:15+00:00","dateModified":"2018-05-30T15:48:15+00:00","mainEntityOfPage":{"@id":"https:\/\/www.omaec.org\/3856\/"},"wordCount":270,"publisher":{"@id":"https:\/\/www.omaec.org\/#organization"},"articleSection":["Conf\u00e9rences"],"inLanguage":"fr-FR"},{"@type":"WebPage","@id":"https:\/\/www.omaec.org\/3856\/","url":"https:\/\/www.omaec.org\/3856\/","name":"CONFEDERATION P\u00c9ROU - r\u00e9union constitutionnelle - Organizaci\u00f3n Mundial de Antiguos Alumnos de la Educaci\u00f3n Cat\u00f3lica","isPartOf":{"@id":"https:\/\/www.omaec.org\/#website"},"datePublished":"2018-05-30T15:48:15+00:00","dateModified":"2018-05-30T15:48:15+00:00","breadcrumb":{"@id":"https:\/\/www.omaec.org\/3856\/#breadcrumb"},"inLanguage":"fr-FR","potentialAction":[{"@type":"ReadAction","target":["https:\/\/www.omaec.org\/3856\/"]}]},{"@type":"BreadcrumbList","@id":"https:\/\/www.omaec.org\/3856\/#breadcrumb","itemListElement":[{"@type":"ListItem","position":1,"name":"Portada","item":"https:\/\/www.omaec.org\/fr\/"},{"@type":"ListItem","position":2,"name":"CONFEDERATION P\u00c9ROU &#8211; r\u00e9union constitutionnelle"}]},{"@type":"WebSite","@id":"https:\/\/www.omaec.org\/#website","url":"https:\/\/www.omaec.org\/","name":"Organizaci\u00f3n Mundial de Antiguos Alumnos de la Educaci\u00f3n Cat\u00f3lica","description":"OMAEC","publisher":{"@id":"https:\/\/www.omaec.org\/#organization"},"potentialAction":[{"@type":"SearchAction","target":{"@type":"EntryPoint","urlTemplate":"https:\/\/www.omaec.org\/?s={search_term_string}"},"query-input":"required name=search_term_string"}],"inLanguage":"fr-FR"},{"@type":"Organization","@id":"https:\/\/www.omaec.org\/#organization","name":"Organizaci\u00f3n Mundial de Antiguos Alumnos de la Educaci\u00f3n Cat\u00f3lica","url":"https:\/\/www.omaec.org\/","logo":{"@type":"ImageObject","inLanguage":"fr-FR","@id":"https:\/\/www.omaec.org\/#\/schema\/logo\/image\/","url":"https:\/\/www.omaec.org\/wp-content\/uploads\/2021\/06\/OMAEC-LOGO-OFICIAL.jpg","contentUrl":"https:\/\/www.omaec.org\/wp-content\/uploads\/2021\/06\/OMAEC-LOGO-OFICIAL.jpg","width":525,"height":452,"caption":"Organizaci\u00f3n Mundial de Antiguos  Alumnos de la Educaci\u00f3n Cat\u00f3lica"},"image":{"@id":"https:\/\/www.omaec.org\/#\/schema\/logo\/image\/"}},{"@type":"Person","@id":"https:\/\/www.omaec.org\/#\/schema\/person\/b6995e5c4038e3cf602f2bb958068c35","name":"Secretario General","image":{"@type":"ImageObject","inLanguage":"fr-FR","@id":"https:\/\/www.omaec.org\/#\/schema\/person\/image\/","url":"https:\/\/www.omaec.org\/wp-content\/uploads\/2025\/03\/FOTO-GUILLERMO-GUTIERREZ-PIRAQUIVE-OMAEC-96x96.jpg","contentUrl":"https:\/\/www.omaec.org\/wp-content\/uploads\/2025\/03\/FOTO-GUILLERMO-GUTIERREZ-PIRAQUIVE-OMAEC-96x96.jpg","caption":"Secretario General"},"description":"EXPERIENCIA LABORAL: SERVICIO NACIONAL DE APRENDIZAJE-SENA Regional Bogot\u00e1. Centro de Gesti\u00f3n de Mercados, Log\u00edstica y Tecnolog\u00edas de la Informaci\u00f3n. \u00b7Instructor de Mercadeo. SERVICIO NACIONAL DE APRENDIZAJE-SENA Regional Bogot\u00e1. Centro de Gesti\u00f3n Administrativa. \u00b7Instructor de Ventas. ARTESAN\u00cdAS DE COLOMBIA. \u00b7Administrador Centro Artesanal La Chamba (Tolima). PROGRAMADORA TELECULTURALES. \u00b7Asistente de Direcci\u00f3n AGENCIAS DE PUBLICIDAD: REP Y MASTER \u00b7Jefe de Medios SANCHO PUBLICIDAD \u00b7Jefe de Tr\u00e1fico. LEO BURNETT \u00b7Asistente de Medios. EDUCACION: \u00b7FUNDACI\u00d3N UNIVERSITARIA SALESIANA Diplomado en Salesianidad. \u00b7POLIT\u00c9CNICO GRANCOLOMBIANO Especializaci\u00f3n en Gerencia de Mercadeo. \u00b7UNIVERSIDAD NACIONAL ABIERTA Y A DISTANCIA Administraci\u00f3n de Empresas. \u00b7SERVICIO NACIONAL DE APRENDIZAJE-SENA Mercadotecnia. \u00b7UNIVERSIDAD CENTRAL Publicidad. \u00b7COLEGIO SALESIANO DE LE\u00d3N XIII Bachiller Acad\u00e9mico. EXPERIENCIA EXALUMNAL: ASOCIACI\u00d3N DE EXALUMNOS SDB-AEXSDBINSPECTOR\u00cdA SAN PEDRO CLAVER Presidente Sexenio 2021-2027. \u00b7ASOCIACI\u00d3N DE EXALUMNOS SDB-AEXSDBINSPECTOR\u00cdA SAN PEDRO CLAVER Vicepresidente Sexenio 2015-2021. \u00b7COLEGIO SALESIANO DE LE\u00d3N XIII. L\u00edder Promoci\u00f3n 1969. EXALUMNAL","url":"https:\/\/www.omaec.org\/fr\/author\/omaec-admin\/"}]}},"_links":{"self":[{"href":"https:\/\/www.omaec.org\/fr\/wp-json\/wp\/v2\/posts\/3861","targetHints":{"allow":["GET"]}}],"collection":[{"href":"https:\/\/www.omaec.org\/fr\/wp-json\/wp\/v2\/posts"}],"about":[{"href":"https:\/\/www.omaec.org\/fr\/wp-json\/wp\/v2\/types\/post"}],"author":[{"embeddable":true,"href":"https:\/\/www.omaec.org\/fr\/wp-json\/wp\/v2\/users\/1"}],"replies":[{"embeddable":true,"href":"https:\/\/www.omaec.org\/fr\/wp-json\/wp\/v2\/comments?post=3861"}],"version-history":[{"count":1,"href":"https:\/\/www.omaec.org\/fr\/wp-json\/wp\/v2\/posts\/3861\/revisions"}],"predecessor-version":[{"id":3862,"href":"https:\/\/www.omaec.org\/fr\/wp-json\/wp\/v2\/posts\/3861\/revisions\/3862"}],"wp:featuredmedia":[{"embeddable":true,"href":"https:\/\/www.omaec.org\/fr\/wp-json\/wp\/v2\/media\/3857"}],"wp:attachment":[{"href":"https:\/\/www.omaec.org\/fr\/wp-json\/wp\/v2\/media?parent=3861"}],"wp:term":[{"taxonomy":"category","embeddable":true,"href":"https:\/\/www.omaec.org\/fr\/wp-json\/wp\/v2\/categories?post=3861"},{"taxonomy":"post_tag","embeddable":true,"href":"https:\/\/www.omaec.org\/fr\/wp-json\/wp\/v2\/tags?post=3861"}],"curies":[{"name":"wp","href":"https:\/\/api.w.org\/{rel}","templated":true}]}}