{"id":3844,"date":"2018-05-09T19:55:47","date_gmt":"2018-05-09T18:55:47","guid":{"rendered":"http:\/\/omaec.org\/?p=3844"},"modified":"2018-05-09T19:55:47","modified_gmt":"2018-05-09T18:55:47","slug":"3844","status":"publish","type":"post","link":"https:\/\/www.omaec.org\/fr\/3844\/","title":{"rendered":"Atelier de convergence \u00bb au si\u00e8ge du CCIC \u00e0 Paris"},"content":{"rendered":"<p><strong>Le 11 avril 2018\u00a0\u00ab\u00a0Atelier de convergence\u00a0\u00bb au si\u00e8ge du CCIC \u00e0 Paris<\/strong><\/p>\n<p>Une r\u00e9union des d\u00e9l\u00e9gu\u00e9s des ONG d\u2019inspiration catholique formant la plateforme du CCIC\u00a0 (Centre Catholique International avec l&rsquo;Unesco)\u00a0s&rsquo;est tenue le 11 avril au si\u00e8ge du CCIC \u00e0 Paris<\/p>\n<p>Le but \u00e9tait de mettre en lumi\u00e8re les th\u00e8mes qui rassemblent les ONG.<\/p>\n<p>40 repr\u00e9sentants d\u2019ONG se sont r\u00e9unis pour une r\u00e9union de travail. Ils ont act\u00e9 qu\u2019un accord profond existait entre eux sur les valeurs qui les motivent et d&rsquo;autre part, que des sp\u00e9cificit\u00e9s propres \u00e0 chaque ONG sur la repr\u00e9sentativit\u00e9 g\u00e9ographique, les publics-cibles, les moyens d\u2019actions qui demeurent diff\u00e9rents. \u00ab\u00a0Les fonctions dans l\u2019\u00c9glise sont vari\u00e9es mais c\u2019est toujours le m\u00eame Seigneur\u00a0\u00bb (Co\u00a0\u00a012), dit Saint Paul.<a href=\"http:\/\/omaec.org\/wp-content\/uploads\/2018\/05\/20180411_144305.jpg\" rel=\"attachment wp-att-3842\"><img loading=\"lazy\" decoding=\"async\" class=\"size-medium wp-image-3842 alignleft\" src=\"http:\/\/omaec.org\/wp-content\/uploads\/2018\/05\/20180411_144305-300x180.jpg\" alt=\"20180411_144305\" width=\"300\" height=\"180\" srcset=\"https:\/\/www.omaec.org\/wp-content\/uploads\/2018\/05\/20180411_144305-300x180.jpg 300w, https:\/\/www.omaec.org\/wp-content\/uploads\/2018\/05\/20180411_144305-768x461.jpg 768w, https:\/\/www.omaec.org\/wp-content\/uploads\/2018\/05\/20180411_144305-1024x614.jpg 1024w, https:\/\/www.omaec.org\/wp-content\/uploads\/2018\/05\/20180411_144305-600x360.jpg 600w, https:\/\/www.omaec.org\/wp-content\/uploads\/2018\/05\/20180411_144305-150x90.jpg 150w\" sizes=\"auto, (max-width: 300px) 100vw, 300px\" \/><\/a><\/p>\n<p>Soigneusement pr\u00e9par\u00e9, l\u2019exercice de cette r\u00e9union a consist\u00e9 \u00e0 condenser la r\u00e9flexion de chacun en de tr\u00e8s courtes phrases \u00e9crites sur un \u00ab\u00a0post\u2019it\u00a0\u00bb. Ces \u00ab\u00a0post\u2019it\u00a0\u00bb ont \u00e9t\u00e9 agr\u00e9g\u00e9s \u00e0 d\u2019autres en fonction de pens\u00e9es, r\u00e9flexions ou propositions proches. Des nuages d\u2019id\u00e9es se sont ainsi dessin\u00e9s.<\/p>\n<p>Chaque participant ayant pu s\u2019exprimer librement, on observe une r\u00e9elle unit\u00e9 de vue sur des sujets, comme l\u2019\u00e9ducation, les jeunes, les femmes et les jeunes filles, l\u2019Afrique, les pauvret\u00e9s, les migrants\u2026 qui constituent le fondement commun de la plateforme des ONG catholiques autour du CCIC permettant un plaidoyer pertinent et efficace aupr\u00e8s de l\u2019UNESCO.<\/p>\n","protected":false},"excerpt":{"rendered":"<p>Le 11 avril 2018\u00a0\u00ab\u00a0Atelier de convergence\u00a0\u00bb au si\u00e8ge du CCIC \u00e0 Paris Une r\u00e9union des d\u00e9l\u00e9gu\u00e9s des ONG d\u2019inspiration catholique formant la plateforme du CCIC\u00a0 (Centre Catholique International avec l&rsquo;Unesco)\u00a0s&rsquo;est tenue le 11 avril au si\u00e8ge du CCIC \u00e0 Paris Le but \u00e9tait de mettre en lumi\u00e8re les th\u00e8mes qui rassemblent les ONG. 40 repr\u00e9sentants <a href=\"https:\/\/www.omaec.org\/fr\/3844\/\" rel=\"nofollow\">(more&#8230;)<\/a><\/p>\n","protected":false},"author":1,"featured_media":3841,"comment_status":"closed","ping_status":"open","sticky":false,"template":"","format":"standard","meta":{"footnotes":""},"categories":[48],"tags":[],"class_list":["post-3844","post","type-post","status-publish","format-standard","has-post-thumbnail","hentry","category-conferences"],"acf":[],"yoast_head":"<!-- This site is optimized with the Yoast SEO plugin v20.11 - https:\/\/yoast.com\/wordpress\/plugins\/seo\/ -->\n<title>Atelier de convergence \u00bb au si\u00e8ge du CCIC \u00e0 Paris - Organizaci\u00f3n Mundial de Antiguos Alumnos de la Educaci\u00f3n Cat\u00f3lica<\/title>\n<meta name=\"robots\" content=\"index, follow, max-snippet:-1, max-image-preview:large, max-video-preview:-1\" \/>\n<link rel=\"canonical\" href=\"https:\/\/www.omaec.org\/fr\/3844\/\" \/>\n<meta property=\"og:locale\" content=\"fr_FR\" \/>\n<meta property=\"og:type\" content=\"article\" \/>\n<meta property=\"og:title\" content=\"Atelier de convergence \u00bb au si\u00e8ge du CCIC \u00e0 Paris - Organizaci\u00f3n Mundial de Antiguos Alumnos de la Educaci\u00f3n Cat\u00f3lica\" \/>\n<meta property=\"og:description\" content=\"Le 11 avril 2018\u00a0\u00ab\u00a0Atelier de convergence\u00a0\u00bb au si\u00e8ge du CCIC \u00e0 Paris Une r\u00e9union des d\u00e9l\u00e9gu\u00e9s des ONG d\u2019inspiration catholique formant la plateforme du CCIC\u00a0 (Centre Catholique International avec l&rsquo;Unesco)\u00a0s&rsquo;est tenue le 11 avril au si\u00e8ge du CCIC \u00e0 Paris Le but \u00e9tait de mettre en lumi\u00e8re les th\u00e8mes qui rassemblent les ONG. 40 repr\u00e9sentants (more...)\" \/>\n<meta property=\"og:url\" content=\"https:\/\/www.omaec.org\/fr\/3844\/\" \/>\n<meta property=\"og:site_name\" content=\"Organizaci\u00f3n Mundial de Antiguos Alumnos de la Educaci\u00f3n Cat\u00f3lica\" \/>\n<meta property=\"article:published_time\" content=\"2018-05-09T18:55:47+00:00\" \/>\n<meta property=\"og:image\" content=\"https:\/\/www.omaec.org\/wp-content\/uploads\/2018\/05\/20180411_155238-1.jpg\" \/>\n\t<meta property=\"og:image:width\" content=\"2560\" \/>\n\t<meta property=\"og:image:height\" content=\"1536\" \/>\n\t<meta property=\"og:image:type\" content=\"image\/jpeg\" \/>\n<meta name=\"author\" content=\"Secretario General\" \/>\n<meta name=\"twitter:card\" content=\"summary_large_image\" \/>\n<meta name=\"twitter:label1\" content=\"\u00c9crit par\" \/>\n\t<meta name=\"twitter:data1\" content=\"Secretario General\" \/>\n\t<meta name=\"twitter:label2\" content=\"Dur\u00e9e de lecture estim\u00e9e\" \/>\n\t<meta name=\"twitter:data2\" content=\"1 minute\" \/>\n<script type=\"application\/ld+json\" class=\"yoast-schema-graph\">{\"@context\":\"https:\/\/schema.org\",\"@graph\":[{\"@type\":\"Article\",\"@id\":\"https:\/\/www.omaec.org\/fr\/3844\/#article\",\"isPartOf\":{\"@id\":\"https:\/\/www.omaec.org\/fr\/3844\/\"},\"author\":{\"name\":\"Secretario General\",\"@id\":\"https:\/\/www.omaec.org\/#\/schema\/person\/b6995e5c4038e3cf602f2bb958068c35\"},\"headline\":\"Atelier de convergence \u00bb au si\u00e8ge du CCIC \u00e0 Paris\",\"datePublished\":\"2018-05-09T18:55:47+00:00\",\"dateModified\":\"2018-05-09T18:55:47+00:00\",\"mainEntityOfPage\":{\"@id\":\"https:\/\/www.omaec.org\/fr\/3844\/\"},\"wordCount\":267,\"publisher\":{\"@id\":\"https:\/\/www.omaec.org\/#organization\"},\"articleSection\":[\"Conf\u00e9rences\"],\"inLanguage\":\"fr-FR\"},{\"@type\":\"WebPage\",\"@id\":\"https:\/\/www.omaec.org\/fr\/3844\/\",\"url\":\"https:\/\/www.omaec.org\/fr\/3844\/\",\"name\":\"Atelier de convergence \u00bb au si\u00e8ge du CCIC \u00e0 Paris - Organizaci\u00f3n Mundial de Antiguos Alumnos de la Educaci\u00f3n Cat\u00f3lica\",\"isPartOf\":{\"@id\":\"https:\/\/www.omaec.org\/#website\"},\"datePublished\":\"2018-05-09T18:55:47+00:00\",\"dateModified\":\"2018-05-09T18:55:47+00:00\",\"breadcrumb\":{\"@id\":\"https:\/\/www.omaec.org\/fr\/3844\/#breadcrumb\"},\"inLanguage\":\"fr-FR\",\"potentialAction\":[{\"@type\":\"ReadAction\",\"target\":[\"https:\/\/www.omaec.org\/fr\/3844\/\"]}]},{\"@type\":\"BreadcrumbList\",\"@id\":\"https:\/\/www.omaec.org\/fr\/3844\/#breadcrumb\",\"itemListElement\":[{\"@type\":\"ListItem\",\"position\":1,\"name\":\"Portada\",\"item\":\"https:\/\/www.omaec.org\/fr\/\"},{\"@type\":\"ListItem\",\"position\":2,\"name\":\"Atelier de convergence \u00bb au si\u00e8ge du CCIC \u00e0 Paris\"}]},{\"@type\":\"WebSite\",\"@id\":\"https:\/\/www.omaec.org\/#website\",\"url\":\"https:\/\/www.omaec.org\/\",\"name\":\"Organizaci\u00f3n Mundial de Antiguos Alumnos de la Educaci\u00f3n Cat\u00f3lica\",\"description\":\"OMAEC\",\"publisher\":{\"@id\":\"https:\/\/www.omaec.org\/#organization\"},\"potentialAction\":[{\"@type\":\"SearchAction\",\"target\":{\"@type\":\"EntryPoint\",\"urlTemplate\":\"https:\/\/www.omaec.org\/?s={search_term_string}\"},\"query-input\":\"required name=search_term_string\"}],\"inLanguage\":\"fr-FR\"},{\"@type\":\"Organization\",\"@id\":\"https:\/\/www.omaec.org\/#organization\",\"name\":\"Organizaci\u00f3n Mundial de Antiguos Alumnos de la Educaci\u00f3n Cat\u00f3lica\",\"url\":\"https:\/\/www.omaec.org\/\",\"logo\":{\"@type\":\"ImageObject\",\"inLanguage\":\"fr-FR\",\"@id\":\"https:\/\/www.omaec.org\/#\/schema\/logo\/image\/\",\"url\":\"https:\/\/www.omaec.org\/wp-content\/uploads\/2021\/06\/OMAEC-LOGO-OFICIAL.jpg\",\"contentUrl\":\"https:\/\/www.omaec.org\/wp-content\/uploads\/2021\/06\/OMAEC-LOGO-OFICIAL.jpg\",\"width\":525,\"height\":452,\"caption\":\"Organizaci\u00f3n Mundial de Antiguos  Alumnos de la Educaci\u00f3n Cat\u00f3lica\"},\"image\":{\"@id\":\"https:\/\/www.omaec.org\/#\/schema\/logo\/image\/\"}},{\"@type\":\"Person\",\"@id\":\"https:\/\/www.omaec.org\/#\/schema\/person\/b6995e5c4038e3cf602f2bb958068c35\",\"name\":\"Secretario General\",\"image\":{\"@type\":\"ImageObject\",\"inLanguage\":\"fr-FR\",\"@id\":\"https:\/\/www.omaec.org\/#\/schema\/person\/image\/\",\"url\":\"https:\/\/www.omaec.org\/wp-content\/uploads\/2025\/03\/FOTO-GUILLERMO-GUTIERREZ-PIRAQUIVE-OMAEC-96x96.jpg\",\"contentUrl\":\"https:\/\/www.omaec.org\/wp-content\/uploads\/2025\/03\/FOTO-GUILLERMO-GUTIERREZ-PIRAQUIVE-OMAEC-96x96.jpg\",\"caption\":\"Secretario General\"},\"description\":\"EXPERIENCIA LABORAL: SERVICIO NACIONAL DE APRENDIZAJE-SENA Regional Bogot\u00e1. Centro de Gesti\u00f3n de Mercados, Log\u00edstica y Tecnolog\u00edas de la Informaci\u00f3n. \u00b7Instructor de Mercadeo. SERVICIO NACIONAL DE APRENDIZAJE-SENA Regional Bogot\u00e1. Centro de Gesti\u00f3n Administrativa. \u00b7Instructor de Ventas. ARTESAN\u00cdAS DE COLOMBIA. \u00b7Administrador Centro Artesanal La Chamba (Tolima). PROGRAMADORA TELECULTURALES. \u00b7Asistente de Direcci\u00f3n AGENCIAS DE PUBLICIDAD: REP Y MASTER \u00b7Jefe de Medios SANCHO PUBLICIDAD \u00b7Jefe de Tr\u00e1fico. LEO BURNETT \u00b7Asistente de Medios. EDUCACION: \u00b7FUNDACI\u00d3N UNIVERSITARIA SALESIANA Diplomado en Salesianidad. \u00b7POLIT\u00c9CNICO GRANCOLOMBIANO Especializaci\u00f3n en Gerencia de Mercadeo. \u00b7UNIVERSIDAD NACIONAL ABIERTA Y A DISTANCIA Administraci\u00f3n de Empresas. \u00b7SERVICIO NACIONAL DE APRENDIZAJE-SENA Mercadotecnia. \u00b7UNIVERSIDAD CENTRAL Publicidad. \u00b7COLEGIO SALESIANO DE LE\u00d3N XIII Bachiller Acad\u00e9mico. EXPERIENCIA EXALUMNAL: ASOCIACI\u00d3N DE EXALUMNOS SDB-AEXSDBINSPECTOR\u00cdA SAN PEDRO CLAVER Presidente Sexenio 2021-2027. \u00b7ASOCIACI\u00d3N DE EXALUMNOS SDB-AEXSDBINSPECTOR\u00cdA SAN PEDRO CLAVER Vicepresidente Sexenio 2015-2021. \u00b7COLEGIO SALESIANO DE LE\u00d3N XIII. L\u00edder Promoci\u00f3n 1969. EXALUMNAL\",\"url\":\"https:\/\/www.omaec.org\/fr\/author\/omaec-admin\/\"}]}<\/script>\n<!-- \/ Yoast SEO plugin. -->","yoast_head_json":{"title":"Atelier de convergence \u00bb au si\u00e8ge du CCIC \u00e0 Paris - Organizaci\u00f3n Mundial de Antiguos Alumnos de la Educaci\u00f3n Cat\u00f3lica","robots":{"index":"index","follow":"follow","max-snippet":"max-snippet:-1","max-image-preview":"max-image-preview:large","max-video-preview":"max-video-preview:-1"},"canonical":"https:\/\/www.omaec.org\/fr\/3844\/","og_locale":"fr_FR","og_type":"article","og_title":"Atelier de convergence \u00bb au si\u00e8ge du CCIC \u00e0 Paris - Organizaci\u00f3n Mundial de Antiguos Alumnos de la Educaci\u00f3n Cat\u00f3lica","og_description":"Le 11 avril 2018\u00a0\u00ab\u00a0Atelier de convergence\u00a0\u00bb au si\u00e8ge du CCIC \u00e0 Paris Une r\u00e9union des d\u00e9l\u00e9gu\u00e9s des ONG d\u2019inspiration catholique formant la plateforme du CCIC\u00a0 (Centre Catholique International avec l&rsquo;Unesco)\u00a0s&rsquo;est tenue le 11 avril au si\u00e8ge du CCIC \u00e0 Paris Le but \u00e9tait de mettre en lumi\u00e8re les th\u00e8mes qui rassemblent les ONG. 40 repr\u00e9sentants (more...)","og_url":"https:\/\/www.omaec.org\/fr\/3844\/","og_site_name":"Organizaci\u00f3n Mundial de Antiguos Alumnos de la Educaci\u00f3n Cat\u00f3lica","article_published_time":"2018-05-09T18:55:47+00:00","og_image":[{"width":2560,"height":1536,"url":"https:\/\/www.omaec.org\/wp-content\/uploads\/2018\/05\/20180411_155238-1.jpg","type":"image\/jpeg"}],"author":"Secretario General","twitter_card":"summary_large_image","twitter_misc":{"\u00c9crit par":"Secretario General","Dur\u00e9e de lecture estim\u00e9e":"1 minute"},"schema":{"@context":"https:\/\/schema.org","@graph":[{"@type":"Article","@id":"https:\/\/www.omaec.org\/fr\/3844\/#article","isPartOf":{"@id":"https:\/\/www.omaec.org\/fr\/3844\/"},"author":{"name":"Secretario General","@id":"https:\/\/www.omaec.org\/#\/schema\/person\/b6995e5c4038e3cf602f2bb958068c35"},"headline":"Atelier de convergence \u00bb au si\u00e8ge du CCIC \u00e0 Paris","datePublished":"2018-05-09T18:55:47+00:00","dateModified":"2018-05-09T18:55:47+00:00","mainEntityOfPage":{"@id":"https:\/\/www.omaec.org\/fr\/3844\/"},"wordCount":267,"publisher":{"@id":"https:\/\/www.omaec.org\/#organization"},"articleSection":["Conf\u00e9rences"],"inLanguage":"fr-FR"},{"@type":"WebPage","@id":"https:\/\/www.omaec.org\/fr\/3844\/","url":"https:\/\/www.omaec.org\/fr\/3844\/","name":"Atelier de convergence \u00bb au si\u00e8ge du CCIC \u00e0 Paris - Organizaci\u00f3n Mundial de Antiguos Alumnos de la Educaci\u00f3n Cat\u00f3lica","isPartOf":{"@id":"https:\/\/www.omaec.org\/#website"},"datePublished":"2018-05-09T18:55:47+00:00","dateModified":"2018-05-09T18:55:47+00:00","breadcrumb":{"@id":"https:\/\/www.omaec.org\/fr\/3844\/#breadcrumb"},"inLanguage":"fr-FR","potentialAction":[{"@type":"ReadAction","target":["https:\/\/www.omaec.org\/fr\/3844\/"]}]},{"@type":"BreadcrumbList","@id":"https:\/\/www.omaec.org\/fr\/3844\/#breadcrumb","itemListElement":[{"@type":"ListItem","position":1,"name":"Portada","item":"https:\/\/www.omaec.org\/fr\/"},{"@type":"ListItem","position":2,"name":"Atelier de convergence \u00bb au si\u00e8ge du CCIC \u00e0 Paris"}]},{"@type":"WebSite","@id":"https:\/\/www.omaec.org\/#website","url":"https:\/\/www.omaec.org\/","name":"Organizaci\u00f3n Mundial de Antiguos Alumnos de la Educaci\u00f3n Cat\u00f3lica","description":"OMAEC","publisher":{"@id":"https:\/\/www.omaec.org\/#organization"},"potentialAction":[{"@type":"SearchAction","target":{"@type":"EntryPoint","urlTemplate":"https:\/\/www.omaec.org\/?s={search_term_string}"},"query-input":"required name=search_term_string"}],"inLanguage":"fr-FR"},{"@type":"Organization","@id":"https:\/\/www.omaec.org\/#organization","name":"Organizaci\u00f3n Mundial de Antiguos Alumnos de la Educaci\u00f3n Cat\u00f3lica","url":"https:\/\/www.omaec.org\/","logo":{"@type":"ImageObject","inLanguage":"fr-FR","@id":"https:\/\/www.omaec.org\/#\/schema\/logo\/image\/","url":"https:\/\/www.omaec.org\/wp-content\/uploads\/2021\/06\/OMAEC-LOGO-OFICIAL.jpg","contentUrl":"https:\/\/www.omaec.org\/wp-content\/uploads\/2021\/06\/OMAEC-LOGO-OFICIAL.jpg","width":525,"height":452,"caption":"Organizaci\u00f3n Mundial de Antiguos  Alumnos de la Educaci\u00f3n Cat\u00f3lica"},"image":{"@id":"https:\/\/www.omaec.org\/#\/schema\/logo\/image\/"}},{"@type":"Person","@id":"https:\/\/www.omaec.org\/#\/schema\/person\/b6995e5c4038e3cf602f2bb958068c35","name":"Secretario General","image":{"@type":"ImageObject","inLanguage":"fr-FR","@id":"https:\/\/www.omaec.org\/#\/schema\/person\/image\/","url":"https:\/\/www.omaec.org\/wp-content\/uploads\/2025\/03\/FOTO-GUILLERMO-GUTIERREZ-PIRAQUIVE-OMAEC-96x96.jpg","contentUrl":"https:\/\/www.omaec.org\/wp-content\/uploads\/2025\/03\/FOTO-GUILLERMO-GUTIERREZ-PIRAQUIVE-OMAEC-96x96.jpg","caption":"Secretario General"},"description":"EXPERIENCIA LABORAL: SERVICIO NACIONAL DE APRENDIZAJE-SENA Regional Bogot\u00e1. Centro de Gesti\u00f3n de Mercados, Log\u00edstica y Tecnolog\u00edas de la Informaci\u00f3n. \u00b7Instructor de Mercadeo. SERVICIO NACIONAL DE APRENDIZAJE-SENA Regional Bogot\u00e1. Centro de Gesti\u00f3n Administrativa. \u00b7Instructor de Ventas. ARTESAN\u00cdAS DE COLOMBIA. \u00b7Administrador Centro Artesanal La Chamba (Tolima). PROGRAMADORA TELECULTURALES. \u00b7Asistente de Direcci\u00f3n AGENCIAS DE PUBLICIDAD: REP Y MASTER \u00b7Jefe de Medios SANCHO PUBLICIDAD \u00b7Jefe de Tr\u00e1fico. LEO BURNETT \u00b7Asistente de Medios. EDUCACION: \u00b7FUNDACI\u00d3N UNIVERSITARIA SALESIANA Diplomado en Salesianidad. \u00b7POLIT\u00c9CNICO GRANCOLOMBIANO Especializaci\u00f3n en Gerencia de Mercadeo. \u00b7UNIVERSIDAD NACIONAL ABIERTA Y A DISTANCIA Administraci\u00f3n de Empresas. \u00b7SERVICIO NACIONAL DE APRENDIZAJE-SENA Mercadotecnia. \u00b7UNIVERSIDAD CENTRAL Publicidad. \u00b7COLEGIO SALESIANO DE LE\u00d3N XIII Bachiller Acad\u00e9mico. EXPERIENCIA EXALUMNAL: ASOCIACI\u00d3N DE EXALUMNOS SDB-AEXSDBINSPECTOR\u00cdA SAN PEDRO CLAVER Presidente Sexenio 2021-2027. \u00b7ASOCIACI\u00d3N DE EXALUMNOS SDB-AEXSDBINSPECTOR\u00cdA SAN PEDRO CLAVER Vicepresidente Sexenio 2015-2021. \u00b7COLEGIO SALESIANO DE LE\u00d3N XIII. L\u00edder Promoci\u00f3n 1969. EXALUMNAL","url":"https:\/\/www.omaec.org\/fr\/author\/omaec-admin\/"}]}},"_links":{"self":[{"href":"https:\/\/www.omaec.org\/fr\/wp-json\/wp\/v2\/posts\/3844","targetHints":{"allow":["GET"]}}],"collection":[{"href":"https:\/\/www.omaec.org\/fr\/wp-json\/wp\/v2\/posts"}],"about":[{"href":"https:\/\/www.omaec.org\/fr\/wp-json\/wp\/v2\/types\/post"}],"author":[{"embeddable":true,"href":"https:\/\/www.omaec.org\/fr\/wp-json\/wp\/v2\/users\/1"}],"replies":[{"embeddable":true,"href":"https:\/\/www.omaec.org\/fr\/wp-json\/wp\/v2\/comments?post=3844"}],"version-history":[{"count":1,"href":"https:\/\/www.omaec.org\/fr\/wp-json\/wp\/v2\/posts\/3844\/revisions"}],"predecessor-version":[{"id":3845,"href":"https:\/\/www.omaec.org\/fr\/wp-json\/wp\/v2\/posts\/3844\/revisions\/3845"}],"wp:featuredmedia":[{"embeddable":true,"href":"https:\/\/www.omaec.org\/fr\/wp-json\/wp\/v2\/media\/3841"}],"wp:attachment":[{"href":"https:\/\/www.omaec.org\/fr\/wp-json\/wp\/v2\/media?parent=3844"}],"wp:term":[{"taxonomy":"category","embeddable":true,"href":"https:\/\/www.omaec.org\/fr\/wp-json\/wp\/v2\/categories?post=3844"},{"taxonomy":"post_tag","embeddable":true,"href":"https:\/\/www.omaec.org\/fr\/wp-json\/wp\/v2\/tags?post=3844"}],"curies":[{"name":"wp","href":"https:\/\/api.w.org\/{rel}","templated":true}]}}