{"id":3763,"date":"2018-03-26T09:32:31","date_gmt":"2018-03-26T08:32:31","guid":{"rendered":"http:\/\/omaec.org\/?p=3763"},"modified":"2018-03-26T09:47:55","modified_gmt":"2018-03-26T08:47:55","slug":"3763","status":"publish","type":"post","link":"https:\/\/www.omaec.org\/fr\/3763\/","title":{"rendered":"MOI, JE PEUX &#8211; Laudato Si&rsquo;"},"content":{"rendered":"<p>Cher(e) ami(e) :<\/p>\n<p><strong>Nous voulons t&rsquo;inviter \u00e0 conna\u00eetre et participer au projet \u00ab JE PEUX ! \u00bb<\/strong> que quelques Institutions avons con\u00e7u avec illusion et compromis pour <strong>r\u00e9pondre aux d\u00e9fis que l&rsquo;Encyclique LAUDATO SI\u2019 nous propose pour les enfants et les jeunes<\/strong>. C\u2019est sur eux qu\u2019on trouve l&rsquo;espoir d\u2019une nouvelle humanit\u00e9. Le Pape Fran\u00e7ois attend avec beaucoup d&rsquo;illusion, les r\u00e9ponses et les actions de tous les enfants et jeunes, catholiques ou pas.<a href=\"http:\/\/omaec.org\/wp-content\/uploads\/2018\/03\/laudato-si-marko-vombergar-1440x6001.jpg\" rel=\"attachment wp-att-3770\"><img loading=\"lazy\" decoding=\"async\" class=\"size-medium wp-image-3770 alignright\" src=\"http:\/\/omaec.org\/wp-content\/uploads\/2018\/03\/laudato-si-marko-vombergar-1440x6001-300x150.jpg\" alt=\"laudato-si-marko-vombergar-1440x6001\" width=\"300\" height=\"150\" srcset=\"https:\/\/www.omaec.org\/wp-content\/uploads\/2018\/03\/laudato-si-marko-vombergar-1440x6001-300x150.jpg 300w, https:\/\/www.omaec.org\/wp-content\/uploads\/2018\/03\/laudato-si-marko-vombergar-1440x6001-600x300.jpg 600w, https:\/\/www.omaec.org\/wp-content\/uploads\/2018\/03\/laudato-si-marko-vombergar-1440x6001-150x75.jpg 150w, https:\/\/www.omaec.org\/wp-content\/uploads\/2018\/03\/laudato-si-marko-vombergar-1440x6001.jpg 620w\" sizes=\"auto, (max-width: 300px) 100vw, 300px\" \/><\/a><\/p>\n<p>Aux derniers temps et depuis multiples instances, nous sommes invit\u00e9s \u00e0 favoriser une bonne \u00e9ducation, faisant plus d\u2019attention \u00e0 l&rsquo;apprentissage et mettant les enfants et les jeunes au centre de tout ce processus \u00e9ducatif. Donc, <strong>en regardant le monde \u00e0 travers leurs propres yeux<\/strong>, ils pourront identifier, conna\u00eetre et se plaindre de ce qui se passe chez eux et dans leurs r\u00e9alit\u00e9s; et que, d\u2019une fa\u00e7on critique, cr\u00e9ative et collaborative ils arriveront \u00e0 proposer des changements n\u00e9cessaires pour am\u00e9liorer leurs vies, celle de leur soci\u00e9t\u00e9 et leur \u00e9cosyst\u00e8me, <strong>cr\u00e9ant ensembles des projets de changement et les mettant en pratique<\/strong>.<\/p>\n<ul>\n<li><span style=\"color: #ff0000;\"><strong><a style=\"color: #ff0000;\" href=\"http:\/\/omaec.org\/wp-content\/uploads\/2018\/03\/MOI-JE-PEUX_FR_2-2.pdf\">VOUS TROUVEREZ CI-JOINT LA GUIDE P\u00c9DAGOGIQUE. TRAVAILLONS ENSEMBLE AVEC LA M\u00caME M\u00c9THODOLOGIE.<\/a><\/strong><\/span><\/li>\n<\/ul>\n<p><strong>Nous vous offrons cette GUIDE P\u00c9DAGOGIQUE<\/strong>, intitul\u00e9 <strong>\u00abJe peux ! Les enfants et les jeunes font face au d\u00e9fi de LAUDATO SI\u2019: Le soin de la maison communale\u00bb<\/strong>. D\u2019une fa\u00e7on br\u00e8ve et facile, on d\u00e9crit et signale les pas \u00e0 suivre pour cr\u00e9er entre tous des milliers de projets de changement jou\u00e9s par les enfants et les jeunes, que ce soit dans les \u00e9coles du monde, aux groupes de cat\u00e9ch\u00e8se ou dans les rencontres formelles ou informelles de jeunes. Il s\u2019agit d\u2019une invitation pas seulement pour les croyants ni pour les \u00e9coles catholiques du monde, bien au contraire, elle est dirig\u00e9e vers tout le monde, peu importe la religion, la race, l\u2019\u00e2ge, le\u00a0territoire, le genre, etc. Nous pouvons et devons travailler ensemble, pour accomplir les d\u00e9fis de<strong> LAUDATO SI\u2019<\/strong> et ceux des <strong>Objectifs du D\u00e9veloppement Durable<\/strong>, valid\u00e9s par l\u2019ONU en 2015.<a href=\"http:\/\/omaec.org\/wp-content\/uploads\/2018\/03\/MOI-JE-PEUX_FR.jpg\" rel=\"attachment wp-att-3764\"><img loading=\"lazy\" decoding=\"async\" class=\"size-medium wp-image-3764 alignleft\" src=\"http:\/\/omaec.org\/wp-content\/uploads\/2018\/03\/MOI-JE-PEUX_FR-220x300.jpg\" alt=\"MOI,-JE-PEUX_FR\" width=\"220\" height=\"300\" srcset=\"https:\/\/www.omaec.org\/wp-content\/uploads\/2018\/03\/MOI-JE-PEUX_FR-220x300.jpg 220w, https:\/\/www.omaec.org\/wp-content\/uploads\/2018\/03\/MOI-JE-PEUX_FR-768x1047.jpg 768w, https:\/\/www.omaec.org\/wp-content\/uploads\/2018\/03\/MOI-JE-PEUX_FR-751x1024.jpg 751w, https:\/\/www.omaec.org\/wp-content\/uploads\/2018\/03\/MOI-JE-PEUX_FR-600x818.jpg 600w, https:\/\/www.omaec.org\/wp-content\/uploads\/2018\/03\/MOI-JE-PEUX_FR-110x150.jpg 110w, https:\/\/www.omaec.org\/wp-content\/uploads\/2018\/03\/MOI-JE-PEUX_FR.jpg 1082w\" sizes=\"auto, (max-width: 220px) 100vw, 220px\" \/><\/a><\/p>\n<p>Ce qui compte, c\u2019est de <strong>TRAVAILLER ENSEMBLE<\/strong>, avec un outil qui garantit un r\u00f4le principal et une prise en charge des enfants et des jeunes, qui puissent d&rsquo;une fa\u00e7on autonome et critique: <strong>sentir<\/strong>, prendre piti\u00e9 et conscience de qu\u2019ils peuvent changer leurs r\u00e9alit\u00e9s; <strong>imaginer <\/strong>une solution possible et la r\u00e9aliser; <strong>agir <\/strong>avec d\u00e9cision et engagement et la <strong>partager <\/strong>avec les autres. Comme \u00e7a, <strong>la m\u00e9thodologie de <em>Design For Change <\/em>nous facilite ce proc\u00e8s et nous permet de partager les projets<\/strong> et nous inspirer les uns aux autres; g\u00e9n\u00e9rant d\u00e8s lors un r\u00e9seau mondial de petits changements qui transformeront le monde et la soci\u00e9t\u00e9, en les faisant plus humains et durables.<\/p>\n<p>Les enfants et les jeunes, avec leur originalit\u00e9 et cr\u00e9ativit\u00e9, libres de responsabilit\u00e9s et corruptions, d\u2019int\u00e9r\u00eats \u00e9go\u00efstes ou mat\u00e9riels, marqueront le chemin \u00e0 suivre pour faire pousser un monde plus humain, juste, respectueux avec la diversit\u00e9, l\u2019int\u00e9gration sociale et environnementale; en soignant la maison communale et \u00e9radiquant la pauvret\u00e9; en construisant une culture de rencontre, de justice et de paix.<\/p>\n<ul>\n<li><strong>ADDITIONNONS DES PARTENAIRES ET DES SOUTIENS AU PROJET. NOUS COMPTONS SUR TOI!<\/strong><\/li>\n<\/ul>\n<p>Que personne ne se sente exclu! <strong>Ce projet que nous vous pr\u00e9sentons en humilit\u00e9 est ouvert et collaboratif d\u2019une mani\u00e8re que tout le monde puisse se sentir impliqu\u00e9.<\/strong> L\u2019Office international de l\u2019Enseignement Catholique (<strong>OIEC<\/strong>); la Commission de l\u2019\u00c9ducation de l\u2019Union de Sup\u00e9rieurs G\u00e9n\u00e9raux (<strong>USG<\/strong>) et de l\u2019Union Internationale des Sup\u00e9rieures G\u00e9n\u00e9rales (<strong>UISG<\/strong>); les <em>Scholas Occurrentes<\/em>; l\u2019Organisation Mondiale des Anciens \u00e9l\u00e8ves de l&rsquo;Enseignement Catholique (<strong>OMAEC<\/strong>) et le mouvement international m\u00e9thodologique <strong><em>Design For Change<\/em><\/strong>, ils joignent ses efforts pour le bon succ\u00e8s de l\u2019initiative.<\/p>\n<p>Sans doute, de nombreux organismes et institutions s&rsquo;incorporeront sur le chemin. Vous \u00eates invit\u00e9s \u00e0 autonomiser les enfants et les jeunes et \u00e0 cr\u00e9er avec eux. Vous \u00eates bienvenus car chacun d\u2019entre nous a quelque chose pour apporter \u00e0 ce projet. Soyons un, travaillons\u00a0ensemble et soyons compl\u00e9t\u00e9s les uns par les autres avec respect et admiration; donnons la parole et la possibilit\u00e9 de d\u00e9cision aux enfants et jeunes, faisons-leur confiance et laissons-nous surprendre par eux.<\/p>\n<p>Nous esp\u00e9rons que cette liste initiale augmente sans arr\u00eat en sachant avec certitude que personne n\u2019est plus importance qu\u2019autre dans ce projet. <strong>Les d\u00e9fis sont aussi importants et g\u00e9n\u00e9reux que nous avons besoin de la participation de tous<\/strong>.<\/p>\n<ul>\n<li><strong>COMMUNIQUONS ET DIFFUSONS LA GUIDE P\u00c9DAGOGIQUE \u00c0 TRAVERS DE NOMBREUX MOYENS DISPONIBLES. R\u00c9USSISSONS LA PLUS GRANDE PARTICIPATION. <\/strong><\/li>\n<\/ul>\n<p>Nous vous invitons aussi \u00e0 \u00e9tendre cette initiative <strong>en faisant parvenir la pr\u00e9sente GUIDE P\u00c9DAGOGIQUE \u00e0 tous les organismes et forums \u00e9ducatifs<\/strong>, enseignant(e)s, animateurs(trices) et directeurs(trices) des diff\u00e9rentes institutions \u00e9ducatives qui se trouvent \u00e0 votre charge ou auxquelles vous avez acc\u00e8s. Encouragez-les \u00e0 y participer et \u00e0 utiliser de plusieurs moyens de communication disponibles. Affichez cette guide sur vos sites et diffusez-la par mail, r\u00e9seaux sociaux propres ou coop\u00e9ratifs. C\u2019est tr\u00e8s important de r\u00e9ussir la participation et l\u2019implication pour que notre but convient au plus grand nombre possible d\u2019enfants et de jeunes du monde entier.<\/p>\n<ul>\n<li><strong>UNE <em>NEWSLETTER <\/em>DU PROJET \u00abJE PEUX !\u00bb VA NOUS ACCOMPAGNER PENDANT CE PROC\u00c8S.<a href=\"http:\/\/omaec.org\/wp-content\/uploads\/2018\/03\/laudata-si-logo.jpg\" rel=\"attachment wp-att-3772\"><img loading=\"lazy\" decoding=\"async\" class=\"size-medium wp-image-3772 alignleft\" src=\"http:\/\/omaec.org\/wp-content\/uploads\/2018\/03\/laudata-si-logo-300x263.jpg\" alt=\"CNS_Laudato_Si_final\" width=\"300\" height=\"263\" srcset=\"https:\/\/www.omaec.org\/wp-content\/uploads\/2018\/03\/laudata-si-logo-300x263.jpg 300w, https:\/\/www.omaec.org\/wp-content\/uploads\/2018\/03\/laudata-si-logo-150x132.jpg 150w, https:\/\/www.omaec.org\/wp-content\/uploads\/2018\/03\/laudata-si-logo.jpg 361w\" sizes=\"auto, (max-width: 300px) 100vw, 300px\" \/><\/a><\/strong><\/li>\n<\/ul>\n<p>Chaque deux mois, nous vous parviendrons une <em>newsletter <\/em>qui nous servira de v\u00e9hicule d\u2019information par rapport au fonctionnement et avancement du projet. Dans cette <em>newsletter<\/em> on vous communiquera quels types de projets se r\u00e9alisent et dans quels pays; quels nouveaux collaborateurs et appuies se rajoutent; des orientations seront donn\u00e9es et des doutes ou possibles difficult\u00e9s se r\u00e9soudront; nous y donnerons la parole aux organismes qui vont nous motiver \u00e0 participer.<\/p>\n<p>Jos\u00e9 Ram\u00f3n Batiste, Secr\u00e9taire General OMAEC<\/p>\n","protected":false},"excerpt":{"rendered":"<p>Cher(e) ami(e) : Nous voulons t&rsquo;inviter \u00e0 conna\u00eetre et participer au projet \u00ab JE PEUX ! \u00bb que quelques Institutions avons con\u00e7u avec illusion et compromis pour r\u00e9pondre aux d\u00e9fis que l&rsquo;Encyclique LAUDATO SI\u2019 nous propose pour les enfants et les jeunes. C\u2019est sur eux qu\u2019on trouve l&rsquo;espoir d\u2019une nouvelle humanit\u00e9. Le Pape Fran\u00e7ois attend <a href=\"https:\/\/www.omaec.org\/fr\/3763\/\" rel=\"nofollow\">(more&#8230;)<\/a><\/p>\n","protected":false},"author":1,"featured_media":3764,"comment_status":"closed","ping_status":"open","sticky":false,"template":"","format":"standard","meta":{"footnotes":""},"categories":[46],"tags":[],"class_list":["post-3763","post","type-post","status-publish","format-standard","has-post-thumbnail","hentry","category-solidarite"],"acf":[],"yoast_head":"<!-- This site is optimized with the Yoast SEO plugin v20.11 - https:\/\/yoast.com\/wordpress\/plugins\/seo\/ -->\n<title>MOI, JE PEUX - Laudato Si&#039; - Organizaci\u00f3n Mundial de Antiguos Alumnos de la Educaci\u00f3n Cat\u00f3lica<\/title>\n<meta name=\"robots\" content=\"index, follow, max-snippet:-1, max-image-preview:large, max-video-preview:-1\" \/>\n<link rel=\"canonical\" href=\"https:\/\/www.omaec.org\/tu-puedes-laudato-si\/\" \/>\n<meta property=\"og:locale\" content=\"fr_FR\" \/>\n<meta property=\"og:type\" content=\"article\" \/>\n<meta property=\"og:title\" content=\"MOI, JE PEUX - Laudato Si&#039; - Organizaci\u00f3n Mundial de Antiguos Alumnos de la Educaci\u00f3n Cat\u00f3lica\" \/>\n<meta property=\"og:description\" content=\"Cher(e) ami(e) : Nous voulons t&rsquo;inviter \u00e0 conna\u00eetre et participer au projet \u00ab JE PEUX ! \u00bb que quelques Institutions avons con\u00e7u avec illusion et compromis pour r\u00e9pondre aux d\u00e9fis que l&rsquo;Encyclique LAUDATO SI\u2019 nous propose pour les enfants et les jeunes. C\u2019est sur eux qu\u2019on trouve l&rsquo;espoir d\u2019une nouvelle humanit\u00e9. Le Pape Fran\u00e7ois attend (more...)\" \/>\n<meta property=\"og:url\" content=\"https:\/\/www.omaec.org\/tu-puedes-laudato-si\/\" \/>\n<meta property=\"og:site_name\" content=\"Organizaci\u00f3n Mundial de Antiguos Alumnos de la Educaci\u00f3n Cat\u00f3lica\" \/>\n<meta property=\"article:published_time\" content=\"2018-03-26T08:32:31+00:00\" \/>\n<meta property=\"article:modified_time\" content=\"2018-03-26T08:47:55+00:00\" \/>\n<meta property=\"og:image\" content=\"https:\/\/www.omaec.org\/wp-content\/uploads\/2018\/03\/MOI-JE-PEUX_FR.jpg\" \/>\n\t<meta property=\"og:image:width\" content=\"1082\" \/>\n\t<meta property=\"og:image:height\" content=\"1475\" \/>\n\t<meta property=\"og:image:type\" content=\"image\/jpeg\" \/>\n<meta name=\"author\" content=\"Secretario General\" \/>\n<meta name=\"twitter:card\" content=\"summary_large_image\" \/>\n<meta name=\"twitter:label1\" content=\"\u00c9crit par\" \/>\n\t<meta name=\"twitter:data1\" content=\"Secretario General\" \/>\n\t<meta name=\"twitter:label2\" content=\"Dur\u00e9e de lecture estim\u00e9e\" \/>\n\t<meta name=\"twitter:data2\" content=\"5 minutes\" \/>\n<script type=\"application\/ld+json\" class=\"yoast-schema-graph\">{\"@context\":\"https:\/\/schema.org\",\"@graph\":[{\"@type\":\"Article\",\"@id\":\"https:\/\/www.omaec.org\/tu-puedes-laudato-si\/#article\",\"isPartOf\":{\"@id\":\"https:\/\/www.omaec.org\/tu-puedes-laudato-si\/\"},\"author\":{\"name\":\"Secretario General\",\"@id\":\"https:\/\/www.omaec.org\/#\/schema\/person\/b6995e5c4038e3cf602f2bb958068c35\"},\"headline\":\"MOI, JE PEUX &#8211; Laudato Si&rsquo;\",\"datePublished\":\"2018-03-26T08:32:31+00:00\",\"dateModified\":\"2018-03-26T08:47:55+00:00\",\"mainEntityOfPage\":{\"@id\":\"https:\/\/www.omaec.org\/tu-puedes-laudato-si\/\"},\"wordCount\":1021,\"publisher\":{\"@id\":\"https:\/\/www.omaec.org\/#organization\"},\"articleSection\":[\"Solidarit\u00e9\"],\"inLanguage\":\"fr-FR\"},{\"@type\":\"WebPage\",\"@id\":\"https:\/\/www.omaec.org\/tu-puedes-laudato-si\/\",\"url\":\"https:\/\/www.omaec.org\/tu-puedes-laudato-si\/\",\"name\":\"MOI, JE PEUX - Laudato Si' - Organizaci\u00f3n Mundial de Antiguos Alumnos de la Educaci\u00f3n Cat\u00f3lica\",\"isPartOf\":{\"@id\":\"https:\/\/www.omaec.org\/#website\"},\"datePublished\":\"2018-03-26T08:32:31+00:00\",\"dateModified\":\"2018-03-26T08:47:55+00:00\",\"breadcrumb\":{\"@id\":\"https:\/\/www.omaec.org\/tu-puedes-laudato-si\/#breadcrumb\"},\"inLanguage\":\"fr-FR\",\"potentialAction\":[{\"@type\":\"ReadAction\",\"target\":[\"https:\/\/www.omaec.org\/tu-puedes-laudato-si\/\"]}]},{\"@type\":\"BreadcrumbList\",\"@id\":\"https:\/\/www.omaec.org\/tu-puedes-laudato-si\/#breadcrumb\",\"itemListElement\":[{\"@type\":\"ListItem\",\"position\":1,\"name\":\"Portada\",\"item\":\"https:\/\/www.omaec.org\/fr\/\"},{\"@type\":\"ListItem\",\"position\":2,\"name\":\"MOI, JE PEUX &#8211; Laudato Si&#8217;\"}]},{\"@type\":\"WebSite\",\"@id\":\"https:\/\/www.omaec.org\/#website\",\"url\":\"https:\/\/www.omaec.org\/\",\"name\":\"Organizaci\u00f3n Mundial de Antiguos Alumnos de la Educaci\u00f3n Cat\u00f3lica\",\"description\":\"OMAEC\",\"publisher\":{\"@id\":\"https:\/\/www.omaec.org\/#organization\"},\"potentialAction\":[{\"@type\":\"SearchAction\",\"target\":{\"@type\":\"EntryPoint\",\"urlTemplate\":\"https:\/\/www.omaec.org\/?s={search_term_string}\"},\"query-input\":\"required name=search_term_string\"}],\"inLanguage\":\"fr-FR\"},{\"@type\":\"Organization\",\"@id\":\"https:\/\/www.omaec.org\/#organization\",\"name\":\"Organizaci\u00f3n Mundial de Antiguos Alumnos de la Educaci\u00f3n Cat\u00f3lica\",\"url\":\"https:\/\/www.omaec.org\/\",\"logo\":{\"@type\":\"ImageObject\",\"inLanguage\":\"fr-FR\",\"@id\":\"https:\/\/www.omaec.org\/#\/schema\/logo\/image\/\",\"url\":\"https:\/\/www.omaec.org\/wp-content\/uploads\/2021\/06\/OMAEC-LOGO-OFICIAL.jpg\",\"contentUrl\":\"https:\/\/www.omaec.org\/wp-content\/uploads\/2021\/06\/OMAEC-LOGO-OFICIAL.jpg\",\"width\":525,\"height\":452,\"caption\":\"Organizaci\u00f3n Mundial de Antiguos  Alumnos de la Educaci\u00f3n Cat\u00f3lica\"},\"image\":{\"@id\":\"https:\/\/www.omaec.org\/#\/schema\/logo\/image\/\"}},{\"@type\":\"Person\",\"@id\":\"https:\/\/www.omaec.org\/#\/schema\/person\/b6995e5c4038e3cf602f2bb958068c35\",\"name\":\"Secretario General\",\"image\":{\"@type\":\"ImageObject\",\"inLanguage\":\"fr-FR\",\"@id\":\"https:\/\/www.omaec.org\/#\/schema\/person\/image\/\",\"url\":\"https:\/\/www.omaec.org\/wp-content\/uploads\/2025\/03\/FOTO-GUILLERMO-GUTIERREZ-PIRAQUIVE-OMAEC-96x96.jpg\",\"contentUrl\":\"https:\/\/www.omaec.org\/wp-content\/uploads\/2025\/03\/FOTO-GUILLERMO-GUTIERREZ-PIRAQUIVE-OMAEC-96x96.jpg\",\"caption\":\"Secretario General\"},\"description\":\"EXPERIENCIA LABORAL: SERVICIO NACIONAL DE APRENDIZAJE-SENA Regional Bogot\u00e1. Centro de Gesti\u00f3n de Mercados, Log\u00edstica y Tecnolog\u00edas de la Informaci\u00f3n. \u00b7Instructor de Mercadeo. SERVICIO NACIONAL DE APRENDIZAJE-SENA Regional Bogot\u00e1. Centro de Gesti\u00f3n Administrativa. \u00b7Instructor de Ventas. ARTESAN\u00cdAS DE COLOMBIA. \u00b7Administrador Centro Artesanal La Chamba (Tolima). PROGRAMADORA TELECULTURALES. \u00b7Asistente de Direcci\u00f3n AGENCIAS DE PUBLICIDAD: REP Y MASTER \u00b7Jefe de Medios SANCHO PUBLICIDAD \u00b7Jefe de Tr\u00e1fico. LEO BURNETT \u00b7Asistente de Medios. EDUCACION: \u00b7FUNDACI\u00d3N UNIVERSITARIA SALESIANA Diplomado en Salesianidad. \u00b7POLIT\u00c9CNICO GRANCOLOMBIANO Especializaci\u00f3n en Gerencia de Mercadeo. \u00b7UNIVERSIDAD NACIONAL ABIERTA Y A DISTANCIA Administraci\u00f3n de Empresas. \u00b7SERVICIO NACIONAL DE APRENDIZAJE-SENA Mercadotecnia. \u00b7UNIVERSIDAD CENTRAL Publicidad. \u00b7COLEGIO SALESIANO DE LE\u00d3N XIII Bachiller Acad\u00e9mico. EXPERIENCIA EXALUMNAL: ASOCIACI\u00d3N DE EXALUMNOS SDB-AEXSDBINSPECTOR\u00cdA SAN PEDRO CLAVER Presidente Sexenio 2021-2027. \u00b7ASOCIACI\u00d3N DE EXALUMNOS SDB-AEXSDBINSPECTOR\u00cdA SAN PEDRO CLAVER Vicepresidente Sexenio 2015-2021. \u00b7COLEGIO SALESIANO DE LE\u00d3N XIII. L\u00edder Promoci\u00f3n 1969. EXALUMNAL\",\"url\":\"https:\/\/www.omaec.org\/fr\/author\/omaec-admin\/\"}]}<\/script>\n<!-- \/ Yoast SEO plugin. -->","yoast_head_json":{"title":"MOI, JE PEUX - Laudato Si' - Organizaci\u00f3n Mundial de Antiguos Alumnos de la Educaci\u00f3n Cat\u00f3lica","robots":{"index":"index","follow":"follow","max-snippet":"max-snippet:-1","max-image-preview":"max-image-preview:large","max-video-preview":"max-video-preview:-1"},"canonical":"https:\/\/www.omaec.org\/tu-puedes-laudato-si\/","og_locale":"fr_FR","og_type":"article","og_title":"MOI, JE PEUX - Laudato Si' - Organizaci\u00f3n Mundial de Antiguos Alumnos de la Educaci\u00f3n Cat\u00f3lica","og_description":"Cher(e) ami(e) : Nous voulons t&rsquo;inviter \u00e0 conna\u00eetre et participer au projet \u00ab JE PEUX ! \u00bb que quelques Institutions avons con\u00e7u avec illusion et compromis pour r\u00e9pondre aux d\u00e9fis que l&rsquo;Encyclique LAUDATO SI\u2019 nous propose pour les enfants et les jeunes. C\u2019est sur eux qu\u2019on trouve l&rsquo;espoir d\u2019une nouvelle humanit\u00e9. Le Pape Fran\u00e7ois attend (more...)","og_url":"https:\/\/www.omaec.org\/tu-puedes-laudato-si\/","og_site_name":"Organizaci\u00f3n Mundial de Antiguos Alumnos de la Educaci\u00f3n Cat\u00f3lica","article_published_time":"2018-03-26T08:32:31+00:00","article_modified_time":"2018-03-26T08:47:55+00:00","og_image":[{"width":1082,"height":1475,"url":"https:\/\/www.omaec.org\/wp-content\/uploads\/2018\/03\/MOI-JE-PEUX_FR.jpg","type":"image\/jpeg"}],"author":"Secretario General","twitter_card":"summary_large_image","twitter_misc":{"\u00c9crit par":"Secretario General","Dur\u00e9e de lecture estim\u00e9e":"5 minutes"},"schema":{"@context":"https:\/\/schema.org","@graph":[{"@type":"Article","@id":"https:\/\/www.omaec.org\/tu-puedes-laudato-si\/#article","isPartOf":{"@id":"https:\/\/www.omaec.org\/tu-puedes-laudato-si\/"},"author":{"name":"Secretario General","@id":"https:\/\/www.omaec.org\/#\/schema\/person\/b6995e5c4038e3cf602f2bb958068c35"},"headline":"MOI, JE PEUX &#8211; Laudato Si&rsquo;","datePublished":"2018-03-26T08:32:31+00:00","dateModified":"2018-03-26T08:47:55+00:00","mainEntityOfPage":{"@id":"https:\/\/www.omaec.org\/tu-puedes-laudato-si\/"},"wordCount":1021,"publisher":{"@id":"https:\/\/www.omaec.org\/#organization"},"articleSection":["Solidarit\u00e9"],"inLanguage":"fr-FR"},{"@type":"WebPage","@id":"https:\/\/www.omaec.org\/tu-puedes-laudato-si\/","url":"https:\/\/www.omaec.org\/tu-puedes-laudato-si\/","name":"MOI, JE PEUX - Laudato Si' - Organizaci\u00f3n Mundial de Antiguos Alumnos de la Educaci\u00f3n Cat\u00f3lica","isPartOf":{"@id":"https:\/\/www.omaec.org\/#website"},"datePublished":"2018-03-26T08:32:31+00:00","dateModified":"2018-03-26T08:47:55+00:00","breadcrumb":{"@id":"https:\/\/www.omaec.org\/tu-puedes-laudato-si\/#breadcrumb"},"inLanguage":"fr-FR","potentialAction":[{"@type":"ReadAction","target":["https:\/\/www.omaec.org\/tu-puedes-laudato-si\/"]}]},{"@type":"BreadcrumbList","@id":"https:\/\/www.omaec.org\/tu-puedes-laudato-si\/#breadcrumb","itemListElement":[{"@type":"ListItem","position":1,"name":"Portada","item":"https:\/\/www.omaec.org\/fr\/"},{"@type":"ListItem","position":2,"name":"MOI, JE PEUX &#8211; Laudato Si&#8217;"}]},{"@type":"WebSite","@id":"https:\/\/www.omaec.org\/#website","url":"https:\/\/www.omaec.org\/","name":"Organizaci\u00f3n Mundial de Antiguos Alumnos de la Educaci\u00f3n Cat\u00f3lica","description":"OMAEC","publisher":{"@id":"https:\/\/www.omaec.org\/#organization"},"potentialAction":[{"@type":"SearchAction","target":{"@type":"EntryPoint","urlTemplate":"https:\/\/www.omaec.org\/?s={search_term_string}"},"query-input":"required name=search_term_string"}],"inLanguage":"fr-FR"},{"@type":"Organization","@id":"https:\/\/www.omaec.org\/#organization","name":"Organizaci\u00f3n Mundial de Antiguos Alumnos de la Educaci\u00f3n Cat\u00f3lica","url":"https:\/\/www.omaec.org\/","logo":{"@type":"ImageObject","inLanguage":"fr-FR","@id":"https:\/\/www.omaec.org\/#\/schema\/logo\/image\/","url":"https:\/\/www.omaec.org\/wp-content\/uploads\/2021\/06\/OMAEC-LOGO-OFICIAL.jpg","contentUrl":"https:\/\/www.omaec.org\/wp-content\/uploads\/2021\/06\/OMAEC-LOGO-OFICIAL.jpg","width":525,"height":452,"caption":"Organizaci\u00f3n Mundial de Antiguos  Alumnos de la Educaci\u00f3n Cat\u00f3lica"},"image":{"@id":"https:\/\/www.omaec.org\/#\/schema\/logo\/image\/"}},{"@type":"Person","@id":"https:\/\/www.omaec.org\/#\/schema\/person\/b6995e5c4038e3cf602f2bb958068c35","name":"Secretario General","image":{"@type":"ImageObject","inLanguage":"fr-FR","@id":"https:\/\/www.omaec.org\/#\/schema\/person\/image\/","url":"https:\/\/www.omaec.org\/wp-content\/uploads\/2025\/03\/FOTO-GUILLERMO-GUTIERREZ-PIRAQUIVE-OMAEC-96x96.jpg","contentUrl":"https:\/\/www.omaec.org\/wp-content\/uploads\/2025\/03\/FOTO-GUILLERMO-GUTIERREZ-PIRAQUIVE-OMAEC-96x96.jpg","caption":"Secretario General"},"description":"EXPERIENCIA LABORAL: SERVICIO NACIONAL DE APRENDIZAJE-SENA Regional Bogot\u00e1. Centro de Gesti\u00f3n de Mercados, Log\u00edstica y Tecnolog\u00edas de la Informaci\u00f3n. \u00b7Instructor de Mercadeo. SERVICIO NACIONAL DE APRENDIZAJE-SENA Regional Bogot\u00e1. Centro de Gesti\u00f3n Administrativa. \u00b7Instructor de Ventas. ARTESAN\u00cdAS DE COLOMBIA. \u00b7Administrador Centro Artesanal La Chamba (Tolima). PROGRAMADORA TELECULTURALES. \u00b7Asistente de Direcci\u00f3n AGENCIAS DE PUBLICIDAD: REP Y MASTER \u00b7Jefe de Medios SANCHO PUBLICIDAD \u00b7Jefe de Tr\u00e1fico. LEO BURNETT \u00b7Asistente de Medios. EDUCACION: \u00b7FUNDACI\u00d3N UNIVERSITARIA SALESIANA Diplomado en Salesianidad. \u00b7POLIT\u00c9CNICO GRANCOLOMBIANO Especializaci\u00f3n en Gerencia de Mercadeo. \u00b7UNIVERSIDAD NACIONAL ABIERTA Y A DISTANCIA Administraci\u00f3n de Empresas. \u00b7SERVICIO NACIONAL DE APRENDIZAJE-SENA Mercadotecnia. \u00b7UNIVERSIDAD CENTRAL Publicidad. \u00b7COLEGIO SALESIANO DE LE\u00d3N XIII Bachiller Acad\u00e9mico. EXPERIENCIA EXALUMNAL: ASOCIACI\u00d3N DE EXALUMNOS SDB-AEXSDBINSPECTOR\u00cdA SAN PEDRO CLAVER Presidente Sexenio 2021-2027. \u00b7ASOCIACI\u00d3N DE EXALUMNOS SDB-AEXSDBINSPECTOR\u00cdA SAN PEDRO CLAVER Vicepresidente Sexenio 2015-2021. \u00b7COLEGIO SALESIANO DE LE\u00d3N XIII. L\u00edder Promoci\u00f3n 1969. EXALUMNAL","url":"https:\/\/www.omaec.org\/fr\/author\/omaec-admin\/"}]}},"_links":{"self":[{"href":"https:\/\/www.omaec.org\/fr\/wp-json\/wp\/v2\/posts\/3763","targetHints":{"allow":["GET"]}}],"collection":[{"href":"https:\/\/www.omaec.org\/fr\/wp-json\/wp\/v2\/posts"}],"about":[{"href":"https:\/\/www.omaec.org\/fr\/wp-json\/wp\/v2\/types\/post"}],"author":[{"embeddable":true,"href":"https:\/\/www.omaec.org\/fr\/wp-json\/wp\/v2\/users\/1"}],"replies":[{"embeddable":true,"href":"https:\/\/www.omaec.org\/fr\/wp-json\/wp\/v2\/comments?post=3763"}],"version-history":[{"count":3,"href":"https:\/\/www.omaec.org\/fr\/wp-json\/wp\/v2\/posts\/3763\/revisions"}],"predecessor-version":[{"id":3778,"href":"https:\/\/www.omaec.org\/fr\/wp-json\/wp\/v2\/posts\/3763\/revisions\/3778"}],"wp:featuredmedia":[{"embeddable":true,"href":"https:\/\/www.omaec.org\/fr\/wp-json\/wp\/v2\/media\/3764"}],"wp:attachment":[{"href":"https:\/\/www.omaec.org\/fr\/wp-json\/wp\/v2\/media?parent=3763"}],"wp:term":[{"taxonomy":"category","embeddable":true,"href":"https:\/\/www.omaec.org\/fr\/wp-json\/wp\/v2\/categories?post=3763"},{"taxonomy":"post_tag","embeddable":true,"href":"https:\/\/www.omaec.org\/fr\/wp-json\/wp\/v2\/tags?post=3763"}],"curies":[{"name":"wp","href":"https:\/\/api.w.org\/{rel}","templated":true}]}}