{"id":3708,"date":"2018-02-22T18:07:53","date_gmt":"2018-02-22T17:07:53","guid":{"rendered":"http:\/\/omaec.org\/?p=3708"},"modified":"2018-02-22T18:08:14","modified_gmt":"2018-02-22T17:08:14","slug":"informations-correspondant-congo-brazaville","status":"publish","type":"post","link":"https:\/\/www.omaec.org\/fr\/informations-correspondant-congo-brazaville\/","title":{"rendered":"Informations correspondant Congo Brazaville"},"content":{"rendered":"<p><strong>R\u00c9SUM\u00c9 RELATIF A LA TENUE DE L\u2019ASSEMBL\u00c9E G\u00c9N\u00c9RALE DES RESPONSABLES NATIONAUX DE L\u2019ENSEIGNEMENT CATHOLIQUE DE LA SOUS-R\u00c9GION AFRIQUE CENTRALE A BRAZZAVILLE.<\/strong><\/p>\n<p>Sous les auspices de son Excellence Monseigneur Anatole MILANDOU, Archev\u00eaque de Brazzaville, Pr\u00e9sident de la Commission \u00c9piscopale de l\u2019\u00c9ducation Catholique (CEEDUC), du 14 au 16 d\u00e9cembre 2017, Brazzaville (Capitale de la R\u00e9publique du Congo) a abrit\u00e9 la deuxi\u00e8me Assembl\u00e9e G\u00e9n\u00e9rale des responsables nationaux de l\u2019Enseignement Catholique de la Sous-R\u00e9gion Afrique Centrale. L&rsquo;Assembl\u00e9e regroupait les pays suivants\u00a0: le Cameroun, le Congo Brazzaville, le Gabon et la R\u00e9publique Centrafricaine. A ces Membres se sont ajout\u00e9s\u00a0: le Secr\u00e9taire G\u00e9n\u00e9ral de l\u2019OIEC R\u00e9gion Afrique, le P\u00e8re \u00c9piphane AHOUANSE et le Secr\u00e9taire G\u00e9n\u00e9ral de l\u2019OIEC, Monsieur Philippe RICHARD. Le Tchad et la Guin\u00e9e \u00c9quatoriale ne se sont pas fait repr\u00e9senter.<\/p>\n<p><strong>Les activit\u00e9s \u00e9taient ax\u00e9es principalement sur trois points, \u00e0 savoir\u00a0:<\/strong><\/p>\n<p><strong>\u00a0<\/strong>L\u2019examen du projet des Statuts de l\u2019OIEC-AC.<\/p>\n<ul>\n<li>La mise en place des structures d\u2019animation et de fonctionnement de l\u2019OIEC-AC<\/li>\n<li>L\u2019\u00e9valuation des activit\u00e9s men\u00e9es par les Directions Nationales.<\/li>\n<\/ul>\n<p>Une fois les discours d&rsquo;ouverture et de pr\u00e9sentation termin\u00e9s, on a fait le triste constat que nos syst\u00e8mes \u00e9ducatifs sont en perte de vitesse. Une situation qui nous interpelle tous, d\u2019o\u00f9 l\u2019urgence de s\u2019organiser solidairement pour la viabilisation de l\u2019Enseignement Catholique en Afrique Centrale.<a href=\"http:\/\/omaec.org\/wp-content\/uploads\/2018\/02\/mix-congo-brazaville.jpg\" rel=\"attachment wp-att-3704\"><img loading=\"lazy\" decoding=\"async\" class=\"size-medium wp-image-3704 alignleft\" src=\"http:\/\/omaec.org\/wp-content\/uploads\/2018\/02\/mix-congo-brazaville-300x293.jpg\" alt=\"mix congo brazaville\" width=\"300\" height=\"293\" srcset=\"https:\/\/www.omaec.org\/wp-content\/uploads\/2018\/02\/mix-congo-brazaville-300x293.jpg 300w, https:\/\/www.omaec.org\/wp-content\/uploads\/2018\/02\/mix-congo-brazaville-768x750.jpg 768w, https:\/\/www.omaec.org\/wp-content\/uploads\/2018\/02\/mix-congo-brazaville-600x586.jpg 600w, https:\/\/www.omaec.org\/wp-content\/uploads\/2018\/02\/mix-congo-brazaville-150x147.jpg 150w, https:\/\/www.omaec.org\/wp-content\/uploads\/2018\/02\/mix-congo-brazaville-60x60.jpg 60w, https:\/\/www.omaec.org\/wp-content\/uploads\/2018\/02\/mix-congo-brazaville.jpg 786w\" sizes=\"auto, (max-width: 300px) 100vw, 300px\" \/><\/a><\/p>\n<p>\u00c0 partir de ces r\u00e9sultats, les actions suivantes ont \u00e9t\u00e9 approuv\u00e9es :<\/p>\n<ul>\n<li><strong>Examen et approbation des Statuts<\/strong><\/li>\n<\/ul>\n<p>Les participants ont unanimement d\u00e9cid\u00e9 de soumettre les Statuts de l\u2019OIEC-AC \u00e0 l\u2019approbation de l\u2019ACERAC (Association des Conf\u00e9rences \u00c9piscopales de la R\u00e9gion Afrique Centrale).<\/p>\n<ul>\n<li><strong>Instances d\u2019animation et de fonctionnement de l\u2019OIEC-AC.<\/strong><\/li>\n<li><strong>Activation de la relation OIEC-AC et ACERAC<\/strong><\/li>\n<li><strong>Rapports des Directions Nationales<\/strong><\/li>\n<li><strong>Mise en place des instances <\/strong><\/li>\n<li><strong>R\u00e9solutions et recommandations<\/strong><\/li>\n<\/ul>\n<p><strong>\u00a0<\/strong><strong>Intervention du Secr\u00e9taire G\u00e9n\u00e9ral de l\u2019OIEC<\/strong><\/p>\n<p>Dans sa communication \u00e0 l\u2019Assembl\u00e9e Sous-R\u00e9gionale, Monsieur Philippe RICHARD, le Secr\u00e9taire G\u00e9n\u00e9ral, a entretenu les participants sur la vision et les activit\u00e9s de l\u2019OIEC. Pour lui, le changement de notre monde doit passer par l\u2019\u00c9cole Catholique\u00a0; d\u2019o\u00f9 l\u2019interpellation adress\u00e9e aux Directions Nationales de faire des \u00c9coles des ateliers d\u2019humanit\u00e9 et de re-cr\u00e9er le pacte \u00e9ducatif pr\u00f4n\u00e9 par le Saint P\u00e8re le Pape Fran\u00e7ois. En ce qui concerne la repr\u00e9sentation de l\u2019Enseignement Catholique aupr\u00e8s des instances internationales, il a sugg\u00e9r\u00e9 au Secr\u00e9taire G\u00e9n\u00e9ral de l\u2019OIEC Afrique de se rapprocher des autorit\u00e9s de l\u2019Union Africaine. Cl\u00f4turant son allocution, il a invit\u00e9 les responsables nationaux de l\u2019OIEC-AC \u00e0 participer au prochain Congr\u00e8s Mondial de l\u2019\u00c9ducation Catholique pr\u00e9vu \u00e0 New-York aux \u00c9tats-Unis les 5, 6, 7 et 8 juin 2019.<\/p>\n<p><strong>\u00a0<\/strong><strong>Raoul SIKA<\/strong><\/p>\n<p><strong>Correspondent OMAEC au Congo-Brazzaville.<\/strong><\/p>\n<p><strong>\u00a0<\/strong><\/p>\n","protected":false},"excerpt":{"rendered":"<p>R\u00c9SUM\u00c9 RELATIF A LA TENUE DE L\u2019ASSEMBL\u00c9E G\u00c9N\u00c9RALE DES RESPONSABLES NATIONAUX DE L\u2019ENSEIGNEMENT CATHOLIQUE DE LA SOUS-R\u00c9GION AFRIQUE CENTRALE A BRAZZAVILLE. Sous les auspices de son Excellence Monseigneur Anatole MILANDOU, Archev\u00eaque de Brazzaville, Pr\u00e9sident de la Commission \u00c9piscopale de l\u2019\u00c9ducation Catholique (CEEDUC), du 14 au 16 d\u00e9cembre 2017, Brazzaville (Capitale de la R\u00e9publique du Congo) <a href=\"https:\/\/www.omaec.org\/fr\/informations-correspondant-congo-brazaville\/\" rel=\"nofollow\">(more&#8230;)<\/a><\/p>\n","protected":false},"author":1,"featured_media":3703,"comment_status":"closed","ping_status":"open","sticky":false,"template":"","format":"standard","meta":{"footnotes":""},"categories":[48],"tags":[],"class_list":["post-3708","post","type-post","status-publish","format-standard","has-post-thumbnail","hentry","category-conferences"],"acf":[],"yoast_head":"<!-- This site is optimized with the Yoast SEO plugin v20.11 - https:\/\/yoast.com\/wordpress\/plugins\/seo\/ -->\n<title>Informations correspondant Congo Brazaville - Organizaci\u00f3n Mundial de Antiguos Alumnos de la Educaci\u00f3n Cat\u00f3lica<\/title>\n<meta name=\"robots\" content=\"index, follow, max-snippet:-1, max-image-preview:large, max-video-preview:-1\" \/>\n<link rel=\"canonical\" href=\"https:\/\/www.omaec.org\/fr\/informations-correspondant-congo-brazaville\/\" \/>\n<meta property=\"og:locale\" content=\"fr_FR\" \/>\n<meta property=\"og:type\" content=\"article\" \/>\n<meta property=\"og:title\" content=\"Informations correspondant Congo Brazaville - Organizaci\u00f3n Mundial de Antiguos Alumnos de la Educaci\u00f3n Cat\u00f3lica\" \/>\n<meta property=\"og:description\" content=\"R\u00c9SUM\u00c9 RELATIF A LA TENUE DE L\u2019ASSEMBL\u00c9E G\u00c9N\u00c9RALE DES RESPONSABLES NATIONAUX DE L\u2019ENSEIGNEMENT CATHOLIQUE DE LA SOUS-R\u00c9GION AFRIQUE CENTRALE A BRAZZAVILLE. Sous les auspices de son Excellence Monseigneur Anatole MILANDOU, Archev\u00eaque de Brazzaville, Pr\u00e9sident de la Commission \u00c9piscopale de l\u2019\u00c9ducation Catholique (CEEDUC), du 14 au 16 d\u00e9cembre 2017, Brazzaville (Capitale de la R\u00e9publique du Congo) (more...)\" \/>\n<meta property=\"og:url\" content=\"https:\/\/www.omaec.org\/fr\/informations-correspondant-congo-brazaville\/\" \/>\n<meta property=\"og:site_name\" content=\"Organizaci\u00f3n Mundial de Antiguos Alumnos de la Educaci\u00f3n Cat\u00f3lica\" \/>\n<meta property=\"article:published_time\" content=\"2018-02-22T17:07:53+00:00\" \/>\n<meta property=\"article:modified_time\" content=\"2018-02-22T17:08:14+00:00\" \/>\n<meta property=\"og:image\" content=\"https:\/\/www.omaec.org\/wp-content\/uploads\/2018\/02\/25289605_1980268985322528_2926094499562680591_n.jpg\" \/>\n\t<meta property=\"og:image:width\" content=\"960\" \/>\n\t<meta property=\"og:image:height\" content=\"722\" \/>\n\t<meta property=\"og:image:type\" content=\"image\/jpeg\" \/>\n<meta name=\"author\" content=\"Secretario General\" \/>\n<meta name=\"twitter:card\" content=\"summary_large_image\" \/>\n<meta name=\"twitter:label1\" content=\"\u00c9crit par\" \/>\n\t<meta name=\"twitter:data1\" content=\"Secretario General\" \/>\n\t<meta name=\"twitter:label2\" content=\"Dur\u00e9e de lecture estim\u00e9e\" \/>\n\t<meta name=\"twitter:data2\" content=\"2 minutes\" \/>\n<script type=\"application\/ld+json\" class=\"yoast-schema-graph\">{\"@context\":\"https:\/\/schema.org\",\"@graph\":[{\"@type\":\"Article\",\"@id\":\"https:\/\/www.omaec.org\/fr\/informations-correspondant-congo-brazaville\/#article\",\"isPartOf\":{\"@id\":\"https:\/\/www.omaec.org\/fr\/informations-correspondant-congo-brazaville\/\"},\"author\":{\"name\":\"Secretario General\",\"@id\":\"https:\/\/www.omaec.org\/#\/schema\/person\/b6995e5c4038e3cf602f2bb958068c35\"},\"headline\":\"Informations correspondant Congo Brazaville\",\"datePublished\":\"2018-02-22T17:07:53+00:00\",\"dateModified\":\"2018-02-22T17:08:14+00:00\",\"mainEntityOfPage\":{\"@id\":\"https:\/\/www.omaec.org\/fr\/informations-correspondant-congo-brazaville\/\"},\"wordCount\":499,\"publisher\":{\"@id\":\"https:\/\/www.omaec.org\/#organization\"},\"articleSection\":[\"Conf\u00e9rences\"],\"inLanguage\":\"fr-FR\"},{\"@type\":\"WebPage\",\"@id\":\"https:\/\/www.omaec.org\/fr\/informations-correspondant-congo-brazaville\/\",\"url\":\"https:\/\/www.omaec.org\/fr\/informations-correspondant-congo-brazaville\/\",\"name\":\"Informations correspondant Congo Brazaville - Organizaci\u00f3n Mundial de Antiguos Alumnos de la Educaci\u00f3n Cat\u00f3lica\",\"isPartOf\":{\"@id\":\"https:\/\/www.omaec.org\/#website\"},\"datePublished\":\"2018-02-22T17:07:53+00:00\",\"dateModified\":\"2018-02-22T17:08:14+00:00\",\"breadcrumb\":{\"@id\":\"https:\/\/www.omaec.org\/fr\/informations-correspondant-congo-brazaville\/#breadcrumb\"},\"inLanguage\":\"fr-FR\",\"potentialAction\":[{\"@type\":\"ReadAction\",\"target\":[\"https:\/\/www.omaec.org\/fr\/informations-correspondant-congo-brazaville\/\"]}]},{\"@type\":\"BreadcrumbList\",\"@id\":\"https:\/\/www.omaec.org\/fr\/informations-correspondant-congo-brazaville\/#breadcrumb\",\"itemListElement\":[{\"@type\":\"ListItem\",\"position\":1,\"name\":\"Portada\",\"item\":\"https:\/\/www.omaec.org\/fr\/\"},{\"@type\":\"ListItem\",\"position\":2,\"name\":\"Informations correspondant Congo Brazaville\"}]},{\"@type\":\"WebSite\",\"@id\":\"https:\/\/www.omaec.org\/#website\",\"url\":\"https:\/\/www.omaec.org\/\",\"name\":\"Organizaci\u00f3n Mundial de Antiguos Alumnos de la Educaci\u00f3n Cat\u00f3lica\",\"description\":\"OMAEC\",\"publisher\":{\"@id\":\"https:\/\/www.omaec.org\/#organization\"},\"potentialAction\":[{\"@type\":\"SearchAction\",\"target\":{\"@type\":\"EntryPoint\",\"urlTemplate\":\"https:\/\/www.omaec.org\/?s={search_term_string}\"},\"query-input\":\"required name=search_term_string\"}],\"inLanguage\":\"fr-FR\"},{\"@type\":\"Organization\",\"@id\":\"https:\/\/www.omaec.org\/#organization\",\"name\":\"Organizaci\u00f3n Mundial de Antiguos Alumnos de la Educaci\u00f3n Cat\u00f3lica\",\"url\":\"https:\/\/www.omaec.org\/\",\"logo\":{\"@type\":\"ImageObject\",\"inLanguage\":\"fr-FR\",\"@id\":\"https:\/\/www.omaec.org\/#\/schema\/logo\/image\/\",\"url\":\"https:\/\/www.omaec.org\/wp-content\/uploads\/2021\/06\/OMAEC-LOGO-OFICIAL.jpg\",\"contentUrl\":\"https:\/\/www.omaec.org\/wp-content\/uploads\/2021\/06\/OMAEC-LOGO-OFICIAL.jpg\",\"width\":525,\"height\":452,\"caption\":\"Organizaci\u00f3n Mundial de Antiguos  Alumnos de la Educaci\u00f3n Cat\u00f3lica\"},\"image\":{\"@id\":\"https:\/\/www.omaec.org\/#\/schema\/logo\/image\/\"}},{\"@type\":\"Person\",\"@id\":\"https:\/\/www.omaec.org\/#\/schema\/person\/b6995e5c4038e3cf602f2bb958068c35\",\"name\":\"Secretario General\",\"image\":{\"@type\":\"ImageObject\",\"inLanguage\":\"fr-FR\",\"@id\":\"https:\/\/www.omaec.org\/#\/schema\/person\/image\/\",\"url\":\"https:\/\/www.omaec.org\/wp-content\/uploads\/2025\/03\/FOTO-GUILLERMO-GUTIERREZ-PIRAQUIVE-OMAEC-96x96.jpg\",\"contentUrl\":\"https:\/\/www.omaec.org\/wp-content\/uploads\/2025\/03\/FOTO-GUILLERMO-GUTIERREZ-PIRAQUIVE-OMAEC-96x96.jpg\",\"caption\":\"Secretario General\"},\"description\":\"EXPERIENCIA LABORAL: SERVICIO NACIONAL DE APRENDIZAJE-SENA Regional Bogot\u00e1. Centro de Gesti\u00f3n de Mercados, Log\u00edstica y Tecnolog\u00edas de la Informaci\u00f3n. \u00b7Instructor de Mercadeo. SERVICIO NACIONAL DE APRENDIZAJE-SENA Regional Bogot\u00e1. Centro de Gesti\u00f3n Administrativa. \u00b7Instructor de Ventas. ARTESAN\u00cdAS DE COLOMBIA. \u00b7Administrador Centro Artesanal La Chamba (Tolima). PROGRAMADORA TELECULTURALES. \u00b7Asistente de Direcci\u00f3n AGENCIAS DE PUBLICIDAD: REP Y MASTER \u00b7Jefe de Medios SANCHO PUBLICIDAD \u00b7Jefe de Tr\u00e1fico. LEO BURNETT \u00b7Asistente de Medios. EDUCACION: \u00b7FUNDACI\u00d3N UNIVERSITARIA SALESIANA Diplomado en Salesianidad. \u00b7POLIT\u00c9CNICO GRANCOLOMBIANO Especializaci\u00f3n en Gerencia de Mercadeo. \u00b7UNIVERSIDAD NACIONAL ABIERTA Y A DISTANCIA Administraci\u00f3n de Empresas. \u00b7SERVICIO NACIONAL DE APRENDIZAJE-SENA Mercadotecnia. \u00b7UNIVERSIDAD CENTRAL Publicidad. \u00b7COLEGIO SALESIANO DE LE\u00d3N XIII Bachiller Acad\u00e9mico. EXPERIENCIA EXALUMNAL: ASOCIACI\u00d3N DE EXALUMNOS SDB-AEXSDBINSPECTOR\u00cdA SAN PEDRO CLAVER Presidente Sexenio 2021-2027. \u00b7ASOCIACI\u00d3N DE EXALUMNOS SDB-AEXSDBINSPECTOR\u00cdA SAN PEDRO CLAVER Vicepresidente Sexenio 2015-2021. \u00b7COLEGIO SALESIANO DE LE\u00d3N XIII. L\u00edder Promoci\u00f3n 1969. EXALUMNAL\",\"url\":\"https:\/\/www.omaec.org\/fr\/author\/omaec-admin\/\"}]}<\/script>\n<!-- \/ Yoast SEO plugin. -->","yoast_head_json":{"title":"Informations correspondant Congo Brazaville - Organizaci\u00f3n Mundial de Antiguos Alumnos de la Educaci\u00f3n Cat\u00f3lica","robots":{"index":"index","follow":"follow","max-snippet":"max-snippet:-1","max-image-preview":"max-image-preview:large","max-video-preview":"max-video-preview:-1"},"canonical":"https:\/\/www.omaec.org\/fr\/informations-correspondant-congo-brazaville\/","og_locale":"fr_FR","og_type":"article","og_title":"Informations correspondant Congo Brazaville - Organizaci\u00f3n Mundial de Antiguos Alumnos de la Educaci\u00f3n Cat\u00f3lica","og_description":"R\u00c9SUM\u00c9 RELATIF A LA TENUE DE L\u2019ASSEMBL\u00c9E G\u00c9N\u00c9RALE DES RESPONSABLES NATIONAUX DE L\u2019ENSEIGNEMENT CATHOLIQUE DE LA SOUS-R\u00c9GION AFRIQUE CENTRALE A BRAZZAVILLE. Sous les auspices de son Excellence Monseigneur Anatole MILANDOU, Archev\u00eaque de Brazzaville, Pr\u00e9sident de la Commission \u00c9piscopale de l\u2019\u00c9ducation Catholique (CEEDUC), du 14 au 16 d\u00e9cembre 2017, Brazzaville (Capitale de la R\u00e9publique du Congo) (more...)","og_url":"https:\/\/www.omaec.org\/fr\/informations-correspondant-congo-brazaville\/","og_site_name":"Organizaci\u00f3n Mundial de Antiguos Alumnos de la Educaci\u00f3n Cat\u00f3lica","article_published_time":"2018-02-22T17:07:53+00:00","article_modified_time":"2018-02-22T17:08:14+00:00","og_image":[{"width":960,"height":722,"url":"https:\/\/www.omaec.org\/wp-content\/uploads\/2018\/02\/25289605_1980268985322528_2926094499562680591_n.jpg","type":"image\/jpeg"}],"author":"Secretario General","twitter_card":"summary_large_image","twitter_misc":{"\u00c9crit par":"Secretario General","Dur\u00e9e de lecture estim\u00e9e":"2 minutes"},"schema":{"@context":"https:\/\/schema.org","@graph":[{"@type":"Article","@id":"https:\/\/www.omaec.org\/fr\/informations-correspondant-congo-brazaville\/#article","isPartOf":{"@id":"https:\/\/www.omaec.org\/fr\/informations-correspondant-congo-brazaville\/"},"author":{"name":"Secretario General","@id":"https:\/\/www.omaec.org\/#\/schema\/person\/b6995e5c4038e3cf602f2bb958068c35"},"headline":"Informations correspondant Congo Brazaville","datePublished":"2018-02-22T17:07:53+00:00","dateModified":"2018-02-22T17:08:14+00:00","mainEntityOfPage":{"@id":"https:\/\/www.omaec.org\/fr\/informations-correspondant-congo-brazaville\/"},"wordCount":499,"publisher":{"@id":"https:\/\/www.omaec.org\/#organization"},"articleSection":["Conf\u00e9rences"],"inLanguage":"fr-FR"},{"@type":"WebPage","@id":"https:\/\/www.omaec.org\/fr\/informations-correspondant-congo-brazaville\/","url":"https:\/\/www.omaec.org\/fr\/informations-correspondant-congo-brazaville\/","name":"Informations correspondant Congo Brazaville - Organizaci\u00f3n Mundial de Antiguos Alumnos de la Educaci\u00f3n Cat\u00f3lica","isPartOf":{"@id":"https:\/\/www.omaec.org\/#website"},"datePublished":"2018-02-22T17:07:53+00:00","dateModified":"2018-02-22T17:08:14+00:00","breadcrumb":{"@id":"https:\/\/www.omaec.org\/fr\/informations-correspondant-congo-brazaville\/#breadcrumb"},"inLanguage":"fr-FR","potentialAction":[{"@type":"ReadAction","target":["https:\/\/www.omaec.org\/fr\/informations-correspondant-congo-brazaville\/"]}]},{"@type":"BreadcrumbList","@id":"https:\/\/www.omaec.org\/fr\/informations-correspondant-congo-brazaville\/#breadcrumb","itemListElement":[{"@type":"ListItem","position":1,"name":"Portada","item":"https:\/\/www.omaec.org\/fr\/"},{"@type":"ListItem","position":2,"name":"Informations correspondant Congo Brazaville"}]},{"@type":"WebSite","@id":"https:\/\/www.omaec.org\/#website","url":"https:\/\/www.omaec.org\/","name":"Organizaci\u00f3n Mundial de Antiguos Alumnos de la Educaci\u00f3n Cat\u00f3lica","description":"OMAEC","publisher":{"@id":"https:\/\/www.omaec.org\/#organization"},"potentialAction":[{"@type":"SearchAction","target":{"@type":"EntryPoint","urlTemplate":"https:\/\/www.omaec.org\/?s={search_term_string}"},"query-input":"required name=search_term_string"}],"inLanguage":"fr-FR"},{"@type":"Organization","@id":"https:\/\/www.omaec.org\/#organization","name":"Organizaci\u00f3n Mundial de Antiguos Alumnos de la Educaci\u00f3n Cat\u00f3lica","url":"https:\/\/www.omaec.org\/","logo":{"@type":"ImageObject","inLanguage":"fr-FR","@id":"https:\/\/www.omaec.org\/#\/schema\/logo\/image\/","url":"https:\/\/www.omaec.org\/wp-content\/uploads\/2021\/06\/OMAEC-LOGO-OFICIAL.jpg","contentUrl":"https:\/\/www.omaec.org\/wp-content\/uploads\/2021\/06\/OMAEC-LOGO-OFICIAL.jpg","width":525,"height":452,"caption":"Organizaci\u00f3n Mundial de Antiguos  Alumnos de la Educaci\u00f3n Cat\u00f3lica"},"image":{"@id":"https:\/\/www.omaec.org\/#\/schema\/logo\/image\/"}},{"@type":"Person","@id":"https:\/\/www.omaec.org\/#\/schema\/person\/b6995e5c4038e3cf602f2bb958068c35","name":"Secretario General","image":{"@type":"ImageObject","inLanguage":"fr-FR","@id":"https:\/\/www.omaec.org\/#\/schema\/person\/image\/","url":"https:\/\/www.omaec.org\/wp-content\/uploads\/2025\/03\/FOTO-GUILLERMO-GUTIERREZ-PIRAQUIVE-OMAEC-96x96.jpg","contentUrl":"https:\/\/www.omaec.org\/wp-content\/uploads\/2025\/03\/FOTO-GUILLERMO-GUTIERREZ-PIRAQUIVE-OMAEC-96x96.jpg","caption":"Secretario General"},"description":"EXPERIENCIA LABORAL: SERVICIO NACIONAL DE APRENDIZAJE-SENA Regional Bogot\u00e1. Centro de Gesti\u00f3n de Mercados, Log\u00edstica y Tecnolog\u00edas de la Informaci\u00f3n. \u00b7Instructor de Mercadeo. SERVICIO NACIONAL DE APRENDIZAJE-SENA Regional Bogot\u00e1. Centro de Gesti\u00f3n Administrativa. \u00b7Instructor de Ventas. ARTESAN\u00cdAS DE COLOMBIA. \u00b7Administrador Centro Artesanal La Chamba (Tolima). PROGRAMADORA TELECULTURALES. \u00b7Asistente de Direcci\u00f3n AGENCIAS DE PUBLICIDAD: REP Y MASTER \u00b7Jefe de Medios SANCHO PUBLICIDAD \u00b7Jefe de Tr\u00e1fico. LEO BURNETT \u00b7Asistente de Medios. EDUCACION: \u00b7FUNDACI\u00d3N UNIVERSITARIA SALESIANA Diplomado en Salesianidad. \u00b7POLIT\u00c9CNICO GRANCOLOMBIANO Especializaci\u00f3n en Gerencia de Mercadeo. \u00b7UNIVERSIDAD NACIONAL ABIERTA Y A DISTANCIA Administraci\u00f3n de Empresas. \u00b7SERVICIO NACIONAL DE APRENDIZAJE-SENA Mercadotecnia. \u00b7UNIVERSIDAD CENTRAL Publicidad. \u00b7COLEGIO SALESIANO DE LE\u00d3N XIII Bachiller Acad\u00e9mico. EXPERIENCIA EXALUMNAL: ASOCIACI\u00d3N DE EXALUMNOS SDB-AEXSDBINSPECTOR\u00cdA SAN PEDRO CLAVER Presidente Sexenio 2021-2027. \u00b7ASOCIACI\u00d3N DE EXALUMNOS SDB-AEXSDBINSPECTOR\u00cdA SAN PEDRO CLAVER Vicepresidente Sexenio 2015-2021. \u00b7COLEGIO SALESIANO DE LE\u00d3N XIII. L\u00edder Promoci\u00f3n 1969. EXALUMNAL","url":"https:\/\/www.omaec.org\/fr\/author\/omaec-admin\/"}]}},"_links":{"self":[{"href":"https:\/\/www.omaec.org\/fr\/wp-json\/wp\/v2\/posts\/3708","targetHints":{"allow":["GET"]}}],"collection":[{"href":"https:\/\/www.omaec.org\/fr\/wp-json\/wp\/v2\/posts"}],"about":[{"href":"https:\/\/www.omaec.org\/fr\/wp-json\/wp\/v2\/types\/post"}],"author":[{"embeddable":true,"href":"https:\/\/www.omaec.org\/fr\/wp-json\/wp\/v2\/users\/1"}],"replies":[{"embeddable":true,"href":"https:\/\/www.omaec.org\/fr\/wp-json\/wp\/v2\/comments?post=3708"}],"version-history":[{"count":1,"href":"https:\/\/www.omaec.org\/fr\/wp-json\/wp\/v2\/posts\/3708\/revisions"}],"predecessor-version":[{"id":3709,"href":"https:\/\/www.omaec.org\/fr\/wp-json\/wp\/v2\/posts\/3708\/revisions\/3709"}],"wp:featuredmedia":[{"embeddable":true,"href":"https:\/\/www.omaec.org\/fr\/wp-json\/wp\/v2\/media\/3703"}],"wp:attachment":[{"href":"https:\/\/www.omaec.org\/fr\/wp-json\/wp\/v2\/media?parent=3708"}],"wp:term":[{"taxonomy":"category","embeddable":true,"href":"https:\/\/www.omaec.org\/fr\/wp-json\/wp\/v2\/categories?post=3708"},{"taxonomy":"post_tag","embeddable":true,"href":"https:\/\/www.omaec.org\/fr\/wp-json\/wp\/v2\/tags?post=3708"}],"curies":[{"name":"wp","href":"https:\/\/api.w.org\/{rel}","templated":true}]}}