{"id":3686,"date":"2018-02-17T21:13:05","date_gmt":"2018-02-17T20:13:05","guid":{"rendered":"http:\/\/omaec.org\/?p=3686"},"modified":"2018-02-18T18:42:02","modified_gmt":"2018-02-18T17:42:02","slug":"unesco-forum-international-des-ongs","status":"publish","type":"post","link":"https:\/\/www.omaec.org\/fr\/unesco-forum-international-des-ongs\/","title":{"rendered":"UNESCO- Forum international des ONGs"},"content":{"rendered":"<p>Inaugur\u00e9 par Madame Audrey Azoulay, nouvelle Directrice g\u00e9n\u00e9rale de l&rsquo;UNESCO, <span style=\"text-decoration: underline;\">l<a href=\"http:\/\/www.ngo-unesco.net\/fr\/\">e Forum international de Organisation non gouvernementales (ONG)<\/a> avait pour objectif de renforcer la collaboration des ONG avec l&rsquo;UNESCO dans le domaine de la lutte contre le changement climatique et la protection de l&rsquo;environnement.<\/span><br \/>\nIntitul\u00e9 \u00ab\u00a0<strong>Changeons les esprits, pas le climat !<\/strong>\u00ab\u00a0, le Forum s&rsquo;est d\u00e9roul\u00e9 en deux journ\u00e9es les 7 et 8 d\u00e9cembre 2017 \u00e0 l&rsquo;UNESCO (Paris). <em><strong><span style=\"text-decoration: underline;\">Le repr\u00e9sentant de l&rsquo;OMAEC au CCIC, Mr Paul Pied a assist\u00e9 \u00e0 ce forum.<\/span><\/strong><\/em><br \/>\nDurant la premi\u00e8re journ\u00e9e, les \u00e9changes ont port\u00e9 sur :<br \/>\n\u2013 les priorit\u00e9s donn\u00e9es par l\u2019UNESCO, ses secteurs et ses programmes, \u00e0 la question fondamentale du changement climatique,<br \/>\n\u2013 le r\u00f4le et les actions de la Soci\u00e9t\u00e9 Civile, notamment au travers des ONG partenaires de l\u2019UNESCO,<br \/>\n\u2013 la prise en compte fondamentale du r\u00f4le des oc\u00e9ans dans le changement climatique et les actions humaines qui doivent l\u2019accompagner.<a href=\"http:\/\/omaec.org\/wp-content\/uploads\/2018\/02\/ong-unesco.png\" rel=\"attachment wp-att-3690\"><img loading=\"lazy\" decoding=\"async\" class=\"size-medium wp-image-3690 alignright\" src=\"http:\/\/omaec.org\/wp-content\/uploads\/2018\/02\/ong-unesco-300x111.png\" alt=\"ong-unesco\" width=\"300\" height=\"111\" srcset=\"https:\/\/www.omaec.org\/wp-content\/uploads\/2018\/02\/ong-unesco-300x111.png 300w, https:\/\/www.omaec.org\/wp-content\/uploads\/2018\/02\/ong-unesco-768x283.png 768w, https:\/\/www.omaec.org\/wp-content\/uploads\/2018\/02\/ong-unesco-1024x378.png 1024w, https:\/\/www.omaec.org\/wp-content\/uploads\/2018\/02\/ong-unesco-600x221.png 600w, https:\/\/www.omaec.org\/wp-content\/uploads\/2018\/02\/ong-unesco-150x55.png 150w, https:\/\/www.omaec.org\/wp-content\/uploads\/2018\/02\/ong-unesco.png 1203w\" sizes=\"auto, (max-width: 300px) 100vw, 300px\" \/><\/a><br \/>\nLa deuxi\u00e8me journ\u00e9e a \u00e9t\u00e9 centr\u00e9e sur :<br \/>\n\u2013 le r\u00f4le des<strong> O.N.G. et de l\u2019UNESCO<\/strong> dans l\u2019\u00e9ducation aux changements climatiques dans le monde,<br \/>\n\u2013 l\u2019importance souvent m\u00e9connue du r\u00f4le et des acteurs des peuples autochtones en faveur de l\u2019accompagnement des changements climatiques,<br \/>\n\u2013 les conclusions de la journ\u00e9e en mati\u00e8re de priorit\u00e9s \u00e0 retenir pour les ann\u00e9es \u00e0 venir, afin d\u2019accompagner et d\u2019humaniser, voire de contr\u00f4ler, les changements climatiques.<\/p>\n<p>(la photo appartient \u00e0 l&rsquo;UNESCO)<\/p>\n","protected":false},"excerpt":{"rendered":"<p>Inaugur\u00e9 par Madame Audrey Azoulay, nouvelle Directrice g\u00e9n\u00e9rale de l&rsquo;UNESCO, le Forum international de Organisation non gouvernementales (ONG) avait pour objectif de renforcer la collaboration des ONG avec l&rsquo;UNESCO dans le domaine de la lutte contre le changement climatique et la protection de l&rsquo;environnement. Intitul\u00e9 \u00ab\u00a0Changeons les esprits, pas le climat !\u00ab\u00a0, le Forum s&rsquo;est <a href=\"https:\/\/www.omaec.org\/fr\/unesco-forum-international-des-ongs\/\" rel=\"nofollow\">(more&#8230;)<\/a><\/p>\n","protected":false},"author":1,"featured_media":3683,"comment_status":"closed","ping_status":"open","sticky":false,"template":"","format":"standard","meta":{"footnotes":""},"categories":[50],"tags":[],"class_list":["post-3686","post","type-post","status-publish","format-standard","has-post-thumbnail","hentry","category-messages-fr"],"acf":[],"yoast_head":"<!-- This site is optimized with the Yoast SEO plugin v20.11 - https:\/\/yoast.com\/wordpress\/plugins\/seo\/ -->\n<title>UNESCO- Forum international des ONGs - Organizaci\u00f3n Mundial de Antiguos Alumnos de la Educaci\u00f3n Cat\u00f3lica<\/title>\n<meta name=\"robots\" content=\"index, follow, max-snippet:-1, max-image-preview:large, max-video-preview:-1\" \/>\n<link rel=\"canonical\" href=\"https:\/\/www.omaec.org\/unesco-foro-internacional-de-ongs\/\" \/>\n<meta property=\"og:locale\" content=\"fr_FR\" \/>\n<meta property=\"og:type\" content=\"article\" \/>\n<meta property=\"og:title\" content=\"UNESCO- Forum international des ONGs - Organizaci\u00f3n Mundial de Antiguos Alumnos de la Educaci\u00f3n Cat\u00f3lica\" \/>\n<meta property=\"og:description\" content=\"Inaugur\u00e9 par Madame Audrey Azoulay, nouvelle Directrice g\u00e9n\u00e9rale de l&rsquo;UNESCO, le Forum international de Organisation non gouvernementales (ONG) avait pour objectif de renforcer la collaboration des ONG avec l&rsquo;UNESCO dans le domaine de la lutte contre le changement climatique et la protection de l&rsquo;environnement. Intitul\u00e9 \u00ab\u00a0Changeons les esprits, pas le climat !\u00ab\u00a0, le Forum s&rsquo;est (more...)\" \/>\n<meta property=\"og:url\" content=\"https:\/\/www.omaec.org\/unesco-foro-internacional-de-ongs\/\" \/>\n<meta property=\"og:site_name\" content=\"Organizaci\u00f3n Mundial de Antiguos Alumnos de la Educaci\u00f3n Cat\u00f3lica\" \/>\n<meta property=\"article:published_time\" content=\"2018-02-17T20:13:05+00:00\" \/>\n<meta property=\"article:modified_time\" content=\"2018-02-18T17:42:02+00:00\" \/>\n<meta property=\"og:image\" content=\"https:\/\/www.omaec.org\/wp-content\/uploads\/2018\/02\/dg-aa-forumngo2017.jpg\" \/>\n\t<meta property=\"og:image:width\" content=\"688\" \/>\n\t<meta property=\"og:image:height\" content=\"358\" \/>\n\t<meta property=\"og:image:type\" content=\"image\/jpeg\" \/>\n<meta name=\"author\" content=\"Secretario General\" \/>\n<meta name=\"twitter:card\" content=\"summary_large_image\" \/>\n<meta name=\"twitter:label1\" content=\"\u00c9crit par\" \/>\n\t<meta name=\"twitter:data1\" content=\"Secretario General\" \/>\n\t<meta name=\"twitter:label2\" content=\"Dur\u00e9e de lecture estim\u00e9e\" \/>\n\t<meta name=\"twitter:data2\" content=\"1 minute\" \/>\n<script type=\"application\/ld+json\" class=\"yoast-schema-graph\">{\"@context\":\"https:\/\/schema.org\",\"@graph\":[{\"@type\":\"Article\",\"@id\":\"https:\/\/www.omaec.org\/unesco-foro-internacional-de-ongs\/#article\",\"isPartOf\":{\"@id\":\"https:\/\/www.omaec.org\/unesco-foro-internacional-de-ongs\/\"},\"author\":{\"name\":\"Secretario General\",\"@id\":\"https:\/\/www.omaec.org\/#\/schema\/person\/b6995e5c4038e3cf602f2bb958068c35\"},\"headline\":\"UNESCO- Forum international des ONGs\",\"datePublished\":\"2018-02-17T20:13:05+00:00\",\"dateModified\":\"2018-02-18T17:42:02+00:00\",\"mainEntityOfPage\":{\"@id\":\"https:\/\/www.omaec.org\/unesco-foro-internacional-de-ongs\/\"},\"wordCount\":254,\"publisher\":{\"@id\":\"https:\/\/www.omaec.org\/#organization\"},\"articleSection\":[\"Messages\"],\"inLanguage\":\"fr-FR\"},{\"@type\":\"WebPage\",\"@id\":\"https:\/\/www.omaec.org\/unesco-foro-internacional-de-ongs\/\",\"url\":\"https:\/\/www.omaec.org\/unesco-foro-internacional-de-ongs\/\",\"name\":\"UNESCO- Forum international des ONGs - Organizaci\u00f3n Mundial de Antiguos Alumnos de la Educaci\u00f3n Cat\u00f3lica\",\"isPartOf\":{\"@id\":\"https:\/\/www.omaec.org\/#website\"},\"datePublished\":\"2018-02-17T20:13:05+00:00\",\"dateModified\":\"2018-02-18T17:42:02+00:00\",\"breadcrumb\":{\"@id\":\"https:\/\/www.omaec.org\/unesco-foro-internacional-de-ongs\/#breadcrumb\"},\"inLanguage\":\"fr-FR\",\"potentialAction\":[{\"@type\":\"ReadAction\",\"target\":[\"https:\/\/www.omaec.org\/unesco-foro-internacional-de-ongs\/\"]}]},{\"@type\":\"BreadcrumbList\",\"@id\":\"https:\/\/www.omaec.org\/unesco-foro-internacional-de-ongs\/#breadcrumb\",\"itemListElement\":[{\"@type\":\"ListItem\",\"position\":1,\"name\":\"Portada\",\"item\":\"https:\/\/www.omaec.org\/fr\/\"},{\"@type\":\"ListItem\",\"position\":2,\"name\":\"UNESCO- Forum international des ONGs\"}]},{\"@type\":\"WebSite\",\"@id\":\"https:\/\/www.omaec.org\/#website\",\"url\":\"https:\/\/www.omaec.org\/\",\"name\":\"Organizaci\u00f3n Mundial de Antiguos Alumnos de la Educaci\u00f3n Cat\u00f3lica\",\"description\":\"OMAEC\",\"publisher\":{\"@id\":\"https:\/\/www.omaec.org\/#organization\"},\"potentialAction\":[{\"@type\":\"SearchAction\",\"target\":{\"@type\":\"EntryPoint\",\"urlTemplate\":\"https:\/\/www.omaec.org\/?s={search_term_string}\"},\"query-input\":\"required name=search_term_string\"}],\"inLanguage\":\"fr-FR\"},{\"@type\":\"Organization\",\"@id\":\"https:\/\/www.omaec.org\/#organization\",\"name\":\"Organizaci\u00f3n Mundial de Antiguos Alumnos de la Educaci\u00f3n Cat\u00f3lica\",\"url\":\"https:\/\/www.omaec.org\/\",\"logo\":{\"@type\":\"ImageObject\",\"inLanguage\":\"fr-FR\",\"@id\":\"https:\/\/www.omaec.org\/#\/schema\/logo\/image\/\",\"url\":\"https:\/\/www.omaec.org\/wp-content\/uploads\/2021\/06\/OMAEC-LOGO-OFICIAL.jpg\",\"contentUrl\":\"https:\/\/www.omaec.org\/wp-content\/uploads\/2021\/06\/OMAEC-LOGO-OFICIAL.jpg\",\"width\":525,\"height\":452,\"caption\":\"Organizaci\u00f3n Mundial de Antiguos  Alumnos de la Educaci\u00f3n Cat\u00f3lica\"},\"image\":{\"@id\":\"https:\/\/www.omaec.org\/#\/schema\/logo\/image\/\"}},{\"@type\":\"Person\",\"@id\":\"https:\/\/www.omaec.org\/#\/schema\/person\/b6995e5c4038e3cf602f2bb958068c35\",\"name\":\"Secretario General\",\"image\":{\"@type\":\"ImageObject\",\"inLanguage\":\"fr-FR\",\"@id\":\"https:\/\/www.omaec.org\/#\/schema\/person\/image\/\",\"url\":\"https:\/\/www.omaec.org\/wp-content\/uploads\/2025\/03\/FOTO-GUILLERMO-GUTIERREZ-PIRAQUIVE-OMAEC-96x96.jpg\",\"contentUrl\":\"https:\/\/www.omaec.org\/wp-content\/uploads\/2025\/03\/FOTO-GUILLERMO-GUTIERREZ-PIRAQUIVE-OMAEC-96x96.jpg\",\"caption\":\"Secretario General\"},\"description\":\"EXPERIENCIA LABORAL: SERVICIO NACIONAL DE APRENDIZAJE-SENA Regional Bogot\u00e1. Centro de Gesti\u00f3n de Mercados, Log\u00edstica y Tecnolog\u00edas de la Informaci\u00f3n. \u00b7Instructor de Mercadeo. SERVICIO NACIONAL DE APRENDIZAJE-SENA Regional Bogot\u00e1. Centro de Gesti\u00f3n Administrativa. \u00b7Instructor de Ventas. ARTESAN\u00cdAS DE COLOMBIA. \u00b7Administrador Centro Artesanal La Chamba (Tolima). PROGRAMADORA TELECULTURALES. \u00b7Asistente de Direcci\u00f3n AGENCIAS DE PUBLICIDAD: REP Y MASTER \u00b7Jefe de Medios SANCHO PUBLICIDAD \u00b7Jefe de Tr\u00e1fico. LEO BURNETT \u00b7Asistente de Medios. EDUCACION: \u00b7FUNDACI\u00d3N UNIVERSITARIA SALESIANA Diplomado en Salesianidad. \u00b7POLIT\u00c9CNICO GRANCOLOMBIANO Especializaci\u00f3n en Gerencia de Mercadeo. \u00b7UNIVERSIDAD NACIONAL ABIERTA Y A DISTANCIA Administraci\u00f3n de Empresas. \u00b7SERVICIO NACIONAL DE APRENDIZAJE-SENA Mercadotecnia. \u00b7UNIVERSIDAD CENTRAL Publicidad. \u00b7COLEGIO SALESIANO DE LE\u00d3N XIII Bachiller Acad\u00e9mico. EXPERIENCIA EXALUMNAL: ASOCIACI\u00d3N DE EXALUMNOS SDB-AEXSDBINSPECTOR\u00cdA SAN PEDRO CLAVER Presidente Sexenio 2021-2027. \u00b7ASOCIACI\u00d3N DE EXALUMNOS SDB-AEXSDBINSPECTOR\u00cdA SAN PEDRO CLAVER Vicepresidente Sexenio 2015-2021. \u00b7COLEGIO SALESIANO DE LE\u00d3N XIII. L\u00edder Promoci\u00f3n 1969. EXALUMNAL\",\"url\":\"https:\/\/www.omaec.org\/fr\/author\/omaec-admin\/\"}]}<\/script>\n<!-- \/ Yoast SEO plugin. -->","yoast_head_json":{"title":"UNESCO- Forum international des ONGs - Organizaci\u00f3n Mundial de Antiguos Alumnos de la Educaci\u00f3n Cat\u00f3lica","robots":{"index":"index","follow":"follow","max-snippet":"max-snippet:-1","max-image-preview":"max-image-preview:large","max-video-preview":"max-video-preview:-1"},"canonical":"https:\/\/www.omaec.org\/unesco-foro-internacional-de-ongs\/","og_locale":"fr_FR","og_type":"article","og_title":"UNESCO- Forum international des ONGs - Organizaci\u00f3n Mundial de Antiguos Alumnos de la Educaci\u00f3n Cat\u00f3lica","og_description":"Inaugur\u00e9 par Madame Audrey Azoulay, nouvelle Directrice g\u00e9n\u00e9rale de l&rsquo;UNESCO, le Forum international de Organisation non gouvernementales (ONG) avait pour objectif de renforcer la collaboration des ONG avec l&rsquo;UNESCO dans le domaine de la lutte contre le changement climatique et la protection de l&rsquo;environnement. Intitul\u00e9 \u00ab\u00a0Changeons les esprits, pas le climat !\u00ab\u00a0, le Forum s&rsquo;est (more...)","og_url":"https:\/\/www.omaec.org\/unesco-foro-internacional-de-ongs\/","og_site_name":"Organizaci\u00f3n Mundial de Antiguos Alumnos de la Educaci\u00f3n Cat\u00f3lica","article_published_time":"2018-02-17T20:13:05+00:00","article_modified_time":"2018-02-18T17:42:02+00:00","og_image":[{"width":688,"height":358,"url":"https:\/\/www.omaec.org\/wp-content\/uploads\/2018\/02\/dg-aa-forumngo2017.jpg","type":"image\/jpeg"}],"author":"Secretario General","twitter_card":"summary_large_image","twitter_misc":{"\u00c9crit par":"Secretario General","Dur\u00e9e de lecture estim\u00e9e":"1 minute"},"schema":{"@context":"https:\/\/schema.org","@graph":[{"@type":"Article","@id":"https:\/\/www.omaec.org\/unesco-foro-internacional-de-ongs\/#article","isPartOf":{"@id":"https:\/\/www.omaec.org\/unesco-foro-internacional-de-ongs\/"},"author":{"name":"Secretario General","@id":"https:\/\/www.omaec.org\/#\/schema\/person\/b6995e5c4038e3cf602f2bb958068c35"},"headline":"UNESCO- Forum international des ONGs","datePublished":"2018-02-17T20:13:05+00:00","dateModified":"2018-02-18T17:42:02+00:00","mainEntityOfPage":{"@id":"https:\/\/www.omaec.org\/unesco-foro-internacional-de-ongs\/"},"wordCount":254,"publisher":{"@id":"https:\/\/www.omaec.org\/#organization"},"articleSection":["Messages"],"inLanguage":"fr-FR"},{"@type":"WebPage","@id":"https:\/\/www.omaec.org\/unesco-foro-internacional-de-ongs\/","url":"https:\/\/www.omaec.org\/unesco-foro-internacional-de-ongs\/","name":"UNESCO- Forum international des ONGs - Organizaci\u00f3n Mundial de Antiguos Alumnos de la Educaci\u00f3n Cat\u00f3lica","isPartOf":{"@id":"https:\/\/www.omaec.org\/#website"},"datePublished":"2018-02-17T20:13:05+00:00","dateModified":"2018-02-18T17:42:02+00:00","breadcrumb":{"@id":"https:\/\/www.omaec.org\/unesco-foro-internacional-de-ongs\/#breadcrumb"},"inLanguage":"fr-FR","potentialAction":[{"@type":"ReadAction","target":["https:\/\/www.omaec.org\/unesco-foro-internacional-de-ongs\/"]}]},{"@type":"BreadcrumbList","@id":"https:\/\/www.omaec.org\/unesco-foro-internacional-de-ongs\/#breadcrumb","itemListElement":[{"@type":"ListItem","position":1,"name":"Portada","item":"https:\/\/www.omaec.org\/fr\/"},{"@type":"ListItem","position":2,"name":"UNESCO- Forum international des ONGs"}]},{"@type":"WebSite","@id":"https:\/\/www.omaec.org\/#website","url":"https:\/\/www.omaec.org\/","name":"Organizaci\u00f3n Mundial de Antiguos Alumnos de la Educaci\u00f3n Cat\u00f3lica","description":"OMAEC","publisher":{"@id":"https:\/\/www.omaec.org\/#organization"},"potentialAction":[{"@type":"SearchAction","target":{"@type":"EntryPoint","urlTemplate":"https:\/\/www.omaec.org\/?s={search_term_string}"},"query-input":"required name=search_term_string"}],"inLanguage":"fr-FR"},{"@type":"Organization","@id":"https:\/\/www.omaec.org\/#organization","name":"Organizaci\u00f3n Mundial de Antiguos Alumnos de la Educaci\u00f3n Cat\u00f3lica","url":"https:\/\/www.omaec.org\/","logo":{"@type":"ImageObject","inLanguage":"fr-FR","@id":"https:\/\/www.omaec.org\/#\/schema\/logo\/image\/","url":"https:\/\/www.omaec.org\/wp-content\/uploads\/2021\/06\/OMAEC-LOGO-OFICIAL.jpg","contentUrl":"https:\/\/www.omaec.org\/wp-content\/uploads\/2021\/06\/OMAEC-LOGO-OFICIAL.jpg","width":525,"height":452,"caption":"Organizaci\u00f3n Mundial de Antiguos  Alumnos de la Educaci\u00f3n Cat\u00f3lica"},"image":{"@id":"https:\/\/www.omaec.org\/#\/schema\/logo\/image\/"}},{"@type":"Person","@id":"https:\/\/www.omaec.org\/#\/schema\/person\/b6995e5c4038e3cf602f2bb958068c35","name":"Secretario General","image":{"@type":"ImageObject","inLanguage":"fr-FR","@id":"https:\/\/www.omaec.org\/#\/schema\/person\/image\/","url":"https:\/\/www.omaec.org\/wp-content\/uploads\/2025\/03\/FOTO-GUILLERMO-GUTIERREZ-PIRAQUIVE-OMAEC-96x96.jpg","contentUrl":"https:\/\/www.omaec.org\/wp-content\/uploads\/2025\/03\/FOTO-GUILLERMO-GUTIERREZ-PIRAQUIVE-OMAEC-96x96.jpg","caption":"Secretario General"},"description":"EXPERIENCIA LABORAL: SERVICIO NACIONAL DE APRENDIZAJE-SENA Regional Bogot\u00e1. Centro de Gesti\u00f3n de Mercados, Log\u00edstica y Tecnolog\u00edas de la Informaci\u00f3n. \u00b7Instructor de Mercadeo. SERVICIO NACIONAL DE APRENDIZAJE-SENA Regional Bogot\u00e1. Centro de Gesti\u00f3n Administrativa. \u00b7Instructor de Ventas. ARTESAN\u00cdAS DE COLOMBIA. \u00b7Administrador Centro Artesanal La Chamba (Tolima). PROGRAMADORA TELECULTURALES. \u00b7Asistente de Direcci\u00f3n AGENCIAS DE PUBLICIDAD: REP Y MASTER \u00b7Jefe de Medios SANCHO PUBLICIDAD \u00b7Jefe de Tr\u00e1fico. LEO BURNETT \u00b7Asistente de Medios. EDUCACION: \u00b7FUNDACI\u00d3N UNIVERSITARIA SALESIANA Diplomado en Salesianidad. \u00b7POLIT\u00c9CNICO GRANCOLOMBIANO Especializaci\u00f3n en Gerencia de Mercadeo. \u00b7UNIVERSIDAD NACIONAL ABIERTA Y A DISTANCIA Administraci\u00f3n de Empresas. \u00b7SERVICIO NACIONAL DE APRENDIZAJE-SENA Mercadotecnia. \u00b7UNIVERSIDAD CENTRAL Publicidad. \u00b7COLEGIO SALESIANO DE LE\u00d3N XIII Bachiller Acad\u00e9mico. EXPERIENCIA EXALUMNAL: ASOCIACI\u00d3N DE EXALUMNOS SDB-AEXSDBINSPECTOR\u00cdA SAN PEDRO CLAVER Presidente Sexenio 2021-2027. \u00b7ASOCIACI\u00d3N DE EXALUMNOS SDB-AEXSDBINSPECTOR\u00cdA SAN PEDRO CLAVER Vicepresidente Sexenio 2015-2021. \u00b7COLEGIO SALESIANO DE LE\u00d3N XIII. L\u00edder Promoci\u00f3n 1969. EXALUMNAL","url":"https:\/\/www.omaec.org\/fr\/author\/omaec-admin\/"}]}},"_links":{"self":[{"href":"https:\/\/www.omaec.org\/fr\/wp-json\/wp\/v2\/posts\/3686","targetHints":{"allow":["GET"]}}],"collection":[{"href":"https:\/\/www.omaec.org\/fr\/wp-json\/wp\/v2\/posts"}],"about":[{"href":"https:\/\/www.omaec.org\/fr\/wp-json\/wp\/v2\/types\/post"}],"author":[{"embeddable":true,"href":"https:\/\/www.omaec.org\/fr\/wp-json\/wp\/v2\/users\/1"}],"replies":[{"embeddable":true,"href":"https:\/\/www.omaec.org\/fr\/wp-json\/wp\/v2\/comments?post=3686"}],"version-history":[{"count":3,"href":"https:\/\/www.omaec.org\/fr\/wp-json\/wp\/v2\/posts\/3686\/revisions"}],"predecessor-version":[{"id":3694,"href":"https:\/\/www.omaec.org\/fr\/wp-json\/wp\/v2\/posts\/3686\/revisions\/3694"}],"wp:featuredmedia":[{"embeddable":true,"href":"https:\/\/www.omaec.org\/fr\/wp-json\/wp\/v2\/media\/3683"}],"wp:attachment":[{"href":"https:\/\/www.omaec.org\/fr\/wp-json\/wp\/v2\/media?parent=3686"}],"wp:term":[{"taxonomy":"category","embeddable":true,"href":"https:\/\/www.omaec.org\/fr\/wp-json\/wp\/v2\/categories?post=3686"},{"taxonomy":"post_tag","embeddable":true,"href":"https:\/\/www.omaec.org\/fr\/wp-json\/wp\/v2\/tags?post=3686"}],"curies":[{"name":"wp","href":"https:\/\/api.w.org\/{rel}","templated":true}]}}