{"id":3484,"date":"2017-12-01T09:41:07","date_gmt":"2017-12-01T08:41:07","guid":{"rendered":"http:\/\/omaec.org\/?p=3484"},"modified":"2017-12-01T09:41:07","modified_gmt":"2017-12-01T08:41:07","slug":"sr-chiara-cazzuola-fma-xv-congres-omaec-rome","status":"publish","type":"post","link":"https:\/\/www.omaec.org\/fr\/sr-chiara-cazzuola-fma-xv-congres-omaec-rome\/","title":{"rendered":"Sr. Chiara Cazzuola FMA &#8211; XV Congr\u00e8s OMAEC-Rome"},"content":{"rendered":"<p><strong>XV Congr\u00e8s OMAEC &#8211; Rome<\/strong><\/p>\n<p><strong>Sr. Chiara Cazzuola FMA,<\/strong>\u00a0Vicaire g\u00e9n\u00e9rale<\/p>\n<p><strong><em>\u201cAPRES L\u2019ECOLE\u201d <\/em><\/strong><strong>: Les Anciens El\u00e8ves, lieu de mission.<\/strong><\/p>\n<p><strong><em>\u00ab\u00a0&#8230;Il y a des anciens et anciennes \u00e9l\u00e8ves qui s\u2019engagent dans les activit\u00e9s organis\u00e9es pour les jeunes \u00a0apr\u00e8s l\u2019\u00e9cole, dans les diff\u00e9rentes structures de rattrapage pour les enfants en difficult\u00e9 d\u2019apprentissage, dans les centres d\u2019\u00e9coute paroissiaux et dioc\u00e9sains, dans les diff\u00e9rentes activit\u00e9s cat\u00e9chistiques ou d\u2019animation paroissiale, dans les oratoires et centres de jeunes, dans des activit\u00e9s de r\u00e9cup\u00e9ration sociale, dans l\u2019enseignement et dans tout ce qui est volontariat mais qui en fait est plus\u00a0 qu\u2019un simple volontariat.<a href=\"http:\/\/omaec.org\/wp-content\/uploads\/2017\/12\/HHMMAA-Cazzuela.jpg\" rel=\"attachment wp-att-3481\"><img loading=\"lazy\" decoding=\"async\" class=\"size-medium wp-image-3481 alignleft\" src=\"http:\/\/omaec.org\/wp-content\/uploads\/2017\/12\/HHMMAA-Cazzuela-218x300.jpg\" alt=\"HHMMAA Cazzuela\" width=\"218\" height=\"300\" srcset=\"https:\/\/www.omaec.org\/wp-content\/uploads\/2017\/12\/HHMMAA-Cazzuela-218x300.jpg 218w, https:\/\/www.omaec.org\/wp-content\/uploads\/2017\/12\/HHMMAA-Cazzuela-768x1056.jpg 768w, https:\/\/www.omaec.org\/wp-content\/uploads\/2017\/12\/HHMMAA-Cazzuela-745x1024.jpg 745w, https:\/\/www.omaec.org\/wp-content\/uploads\/2017\/12\/HHMMAA-Cazzuela-600x825.jpg 600w, https:\/\/www.omaec.org\/wp-content\/uploads\/2017\/12\/HHMMAA-Cazzuela-109x150.jpg 109w\" sizes=\"auto, (max-width: 218px) 100vw, 218px\" \/><\/a><\/em><\/strong><\/p>\n<p><strong><em>La d\u00e9termination des anciens et anciennes \u00e9l\u00e8ves est de s\u2019unir \u00e0 la foule de tant d\u2019hommes et de femmes de bonne volont\u00e9 qui b\u00e2tissent l\u2019avenir, avec un regard particulier tourn\u00e9 vers les jeunes sp\u00e9cialement les plus pauvres, reconnaissant et renfor\u00e7ant le bien qu\u2019il y a, laissant r\u00e9sonner dans leur c\u0153ur l\u2019appel du Pape Fran\u00e7ois\u00a0: \u00ab\u00a0Ne vous laissez pas voler l\u2019esp\u00e9rance\u00a0!\u00a0\u00bb&#8230;.<\/em><\/strong><\/p>\n<h2 style=\"text-align: center;\"><a href=\"http:\/\/omaec.org\/wp-content\/uploads\/2017\/11\/Soeur-Chiara-Cazzuola-FR.pdf\">(Lire la conf\u00e9rence compl\u00e8te)<\/a><\/h2>\n<p>&nbsp;<\/p>\n","protected":false},"excerpt":{"rendered":"<p>XV Congr\u00e8s OMAEC &#8211; Rome Sr. Chiara Cazzuola FMA,\u00a0Vicaire g\u00e9n\u00e9rale \u201cAPRES L\u2019ECOLE\u201d : Les Anciens El\u00e8ves, lieu de mission. \u00ab\u00a0&#8230;Il y a des anciens et anciennes \u00e9l\u00e8ves qui s\u2019engagent dans les activit\u00e9s organis\u00e9es pour les jeunes \u00a0apr\u00e8s l\u2019\u00e9cole, dans les diff\u00e9rentes structures de rattrapage pour les enfants en difficult\u00e9 d\u2019apprentissage, dans les centres d\u2019\u00e9coute paroissiaux <a href=\"https:\/\/www.omaec.org\/fr\/sr-chiara-cazzuola-fma-xv-congres-omaec-rome\/\" rel=\"nofollow\">(more&#8230;)<\/a><\/p>\n","protected":false},"author":1,"featured_media":3480,"comment_status":"closed","ping_status":"open","sticky":false,"template":"","format":"standard","meta":{"footnotes":""},"categories":[48],"tags":[],"class_list":["post-3484","post","type-post","status-publish","format-standard","has-post-thumbnail","hentry","category-conferences"],"acf":[],"yoast_head":"<!-- This site is optimized with the Yoast SEO plugin v20.11 - https:\/\/yoast.com\/wordpress\/plugins\/seo\/ -->\n<title>Sr. Chiara Cazzuola FMA - XV Congr\u00e8s OMAEC-Rome - Organizaci\u00f3n Mundial de Antiguos Alumnos de la Educaci\u00f3n Cat\u00f3lica<\/title>\n<meta name=\"robots\" content=\"index, follow, max-snippet:-1, max-image-preview:large, max-video-preview:-1\" \/>\n<link rel=\"canonical\" href=\"https:\/\/www.omaec.org\/fr\/sr-chiara-cazzuola-fma-xv-congres-omaec-rome\/\" \/>\n<meta property=\"og:locale\" content=\"fr_FR\" \/>\n<meta property=\"og:type\" content=\"article\" \/>\n<meta property=\"og:title\" content=\"Sr. Chiara Cazzuola FMA - XV Congr\u00e8s OMAEC-Rome - Organizaci\u00f3n Mundial de Antiguos Alumnos de la Educaci\u00f3n Cat\u00f3lica\" \/>\n<meta property=\"og:description\" content=\"XV Congr\u00e8s OMAEC &#8211; Rome Sr. Chiara Cazzuola FMA,\u00a0Vicaire g\u00e9n\u00e9rale \u201cAPRES L\u2019ECOLE\u201d : Les Anciens El\u00e8ves, lieu de mission. \u00ab\u00a0&#8230;Il y a des anciens et anciennes \u00e9l\u00e8ves qui s\u2019engagent dans les activit\u00e9s organis\u00e9es pour les jeunes \u00a0apr\u00e8s l\u2019\u00e9cole, dans les diff\u00e9rentes structures de rattrapage pour les enfants en difficult\u00e9 d\u2019apprentissage, dans les centres d\u2019\u00e9coute paroissiaux (more...)\" \/>\n<meta property=\"og:url\" content=\"https:\/\/www.omaec.org\/fr\/sr-chiara-cazzuola-fma-xv-congres-omaec-rome\/\" \/>\n<meta property=\"og:site_name\" content=\"Organizaci\u00f3n Mundial de Antiguos Alumnos de la Educaci\u00f3n Cat\u00f3lica\" \/>\n<meta property=\"article:published_time\" content=\"2017-12-01T08:41:07+00:00\" \/>\n<meta property=\"og:image\" content=\"https:\/\/www.omaec.org\/wp-content\/uploads\/2017\/12\/grupo-salesianos.jpg\" \/>\n\t<meta property=\"og:image:width\" content=\"1024\" \/>\n\t<meta property=\"og:image:height\" content=\"768\" \/>\n\t<meta property=\"og:image:type\" content=\"image\/jpeg\" \/>\n<meta name=\"author\" content=\"Secretario General\" \/>\n<meta name=\"twitter:card\" content=\"summary_large_image\" \/>\n<meta name=\"twitter:label1\" content=\"\u00c9crit par\" \/>\n\t<meta name=\"twitter:data1\" content=\"Secretario General\" \/>\n\t<meta name=\"twitter:label2\" content=\"Dur\u00e9e de lecture estim\u00e9e\" \/>\n\t<meta name=\"twitter:data2\" content=\"1 minute\" \/>\n<script type=\"application\/ld+json\" class=\"yoast-schema-graph\">{\"@context\":\"https:\/\/schema.org\",\"@graph\":[{\"@type\":\"Article\",\"@id\":\"https:\/\/www.omaec.org\/fr\/sr-chiara-cazzuola-fma-xv-congres-omaec-rome\/#article\",\"isPartOf\":{\"@id\":\"https:\/\/www.omaec.org\/fr\/sr-chiara-cazzuola-fma-xv-congres-omaec-rome\/\"},\"author\":{\"name\":\"Secretario General\",\"@id\":\"https:\/\/www.omaec.org\/#\/schema\/person\/b6995e5c4038e3cf602f2bb958068c35\"},\"headline\":\"Sr. Chiara Cazzuola FMA &#8211; XV Congr\u00e8s OMAEC-Rome\",\"datePublished\":\"2017-12-01T08:41:07+00:00\",\"dateModified\":\"2017-12-01T08:41:07+00:00\",\"mainEntityOfPage\":{\"@id\":\"https:\/\/www.omaec.org\/fr\/sr-chiara-cazzuola-fma-xv-congres-omaec-rome\/\"},\"wordCount\":210,\"publisher\":{\"@id\":\"https:\/\/www.omaec.org\/#organization\"},\"articleSection\":[\"Conf\u00e9rences\"],\"inLanguage\":\"fr-FR\"},{\"@type\":\"WebPage\",\"@id\":\"https:\/\/www.omaec.org\/fr\/sr-chiara-cazzuola-fma-xv-congres-omaec-rome\/\",\"url\":\"https:\/\/www.omaec.org\/fr\/sr-chiara-cazzuola-fma-xv-congres-omaec-rome\/\",\"name\":\"Sr. Chiara Cazzuola FMA - XV Congr\u00e8s OMAEC-Rome - Organizaci\u00f3n Mundial de Antiguos Alumnos de la Educaci\u00f3n Cat\u00f3lica\",\"isPartOf\":{\"@id\":\"https:\/\/www.omaec.org\/#website\"},\"datePublished\":\"2017-12-01T08:41:07+00:00\",\"dateModified\":\"2017-12-01T08:41:07+00:00\",\"breadcrumb\":{\"@id\":\"https:\/\/www.omaec.org\/fr\/sr-chiara-cazzuola-fma-xv-congres-omaec-rome\/#breadcrumb\"},\"inLanguage\":\"fr-FR\",\"potentialAction\":[{\"@type\":\"ReadAction\",\"target\":[\"https:\/\/www.omaec.org\/fr\/sr-chiara-cazzuola-fma-xv-congres-omaec-rome\/\"]}]},{\"@type\":\"BreadcrumbList\",\"@id\":\"https:\/\/www.omaec.org\/fr\/sr-chiara-cazzuola-fma-xv-congres-omaec-rome\/#breadcrumb\",\"itemListElement\":[{\"@type\":\"ListItem\",\"position\":1,\"name\":\"Portada\",\"item\":\"https:\/\/www.omaec.org\/fr\/\"},{\"@type\":\"ListItem\",\"position\":2,\"name\":\"Sr. Chiara Cazzuola FMA &#8211; XV Congr\u00e8s OMAEC-Rome\"}]},{\"@type\":\"WebSite\",\"@id\":\"https:\/\/www.omaec.org\/#website\",\"url\":\"https:\/\/www.omaec.org\/\",\"name\":\"Organizaci\u00f3n Mundial de Antiguos Alumnos de la Educaci\u00f3n Cat\u00f3lica\",\"description\":\"OMAEC\",\"publisher\":{\"@id\":\"https:\/\/www.omaec.org\/#organization\"},\"potentialAction\":[{\"@type\":\"SearchAction\",\"target\":{\"@type\":\"EntryPoint\",\"urlTemplate\":\"https:\/\/www.omaec.org\/?s={search_term_string}\"},\"query-input\":\"required name=search_term_string\"}],\"inLanguage\":\"fr-FR\"},{\"@type\":\"Organization\",\"@id\":\"https:\/\/www.omaec.org\/#organization\",\"name\":\"Organizaci\u00f3n Mundial de Antiguos Alumnos de la Educaci\u00f3n Cat\u00f3lica\",\"url\":\"https:\/\/www.omaec.org\/\",\"logo\":{\"@type\":\"ImageObject\",\"inLanguage\":\"fr-FR\",\"@id\":\"https:\/\/www.omaec.org\/#\/schema\/logo\/image\/\",\"url\":\"https:\/\/www.omaec.org\/wp-content\/uploads\/2021\/06\/OMAEC-LOGO-OFICIAL.jpg\",\"contentUrl\":\"https:\/\/www.omaec.org\/wp-content\/uploads\/2021\/06\/OMAEC-LOGO-OFICIAL.jpg\",\"width\":525,\"height\":452,\"caption\":\"Organizaci\u00f3n Mundial de Antiguos  Alumnos de la Educaci\u00f3n Cat\u00f3lica\"},\"image\":{\"@id\":\"https:\/\/www.omaec.org\/#\/schema\/logo\/image\/\"}},{\"@type\":\"Person\",\"@id\":\"https:\/\/www.omaec.org\/#\/schema\/person\/b6995e5c4038e3cf602f2bb958068c35\",\"name\":\"Secretario General\",\"image\":{\"@type\":\"ImageObject\",\"inLanguage\":\"fr-FR\",\"@id\":\"https:\/\/www.omaec.org\/#\/schema\/person\/image\/\",\"url\":\"https:\/\/www.omaec.org\/wp-content\/uploads\/2025\/03\/FOTO-GUILLERMO-GUTIERREZ-PIRAQUIVE-OMAEC-96x96.jpg\",\"contentUrl\":\"https:\/\/www.omaec.org\/wp-content\/uploads\/2025\/03\/FOTO-GUILLERMO-GUTIERREZ-PIRAQUIVE-OMAEC-96x96.jpg\",\"caption\":\"Secretario General\"},\"description\":\"EXPERIENCIA LABORAL: SERVICIO NACIONAL DE APRENDIZAJE-SENA Regional Bogot\u00e1. Centro de Gesti\u00f3n de Mercados, Log\u00edstica y Tecnolog\u00edas de la Informaci\u00f3n. \u00b7Instructor de Mercadeo. SERVICIO NACIONAL DE APRENDIZAJE-SENA Regional Bogot\u00e1. Centro de Gesti\u00f3n Administrativa. \u00b7Instructor de Ventas. ARTESAN\u00cdAS DE COLOMBIA. \u00b7Administrador Centro Artesanal La Chamba (Tolima). PROGRAMADORA TELECULTURALES. \u00b7Asistente de Direcci\u00f3n AGENCIAS DE PUBLICIDAD: REP Y MASTER \u00b7Jefe de Medios SANCHO PUBLICIDAD \u00b7Jefe de Tr\u00e1fico. LEO BURNETT \u00b7Asistente de Medios. EDUCACION: \u00b7FUNDACI\u00d3N UNIVERSITARIA SALESIANA Diplomado en Salesianidad. \u00b7POLIT\u00c9CNICO GRANCOLOMBIANO Especializaci\u00f3n en Gerencia de Mercadeo. \u00b7UNIVERSIDAD NACIONAL ABIERTA Y A DISTANCIA Administraci\u00f3n de Empresas. \u00b7SERVICIO NACIONAL DE APRENDIZAJE-SENA Mercadotecnia. \u00b7UNIVERSIDAD CENTRAL Publicidad. \u00b7COLEGIO SALESIANO DE LE\u00d3N XIII Bachiller Acad\u00e9mico. EXPERIENCIA EXALUMNAL: ASOCIACI\u00d3N DE EXALUMNOS SDB-AEXSDBINSPECTOR\u00cdA SAN PEDRO CLAVER Presidente Sexenio 2021-2027. \u00b7ASOCIACI\u00d3N DE EXALUMNOS SDB-AEXSDBINSPECTOR\u00cdA SAN PEDRO CLAVER Vicepresidente Sexenio 2015-2021. \u00b7COLEGIO SALESIANO DE LE\u00d3N XIII. L\u00edder Promoci\u00f3n 1969. EXALUMNAL\",\"url\":\"https:\/\/www.omaec.org\/fr\/author\/omaec-admin\/\"}]}<\/script>\n<!-- \/ Yoast SEO plugin. -->","yoast_head_json":{"title":"Sr. Chiara Cazzuola FMA - XV Congr\u00e8s OMAEC-Rome - Organizaci\u00f3n Mundial de Antiguos Alumnos de la Educaci\u00f3n Cat\u00f3lica","robots":{"index":"index","follow":"follow","max-snippet":"max-snippet:-1","max-image-preview":"max-image-preview:large","max-video-preview":"max-video-preview:-1"},"canonical":"https:\/\/www.omaec.org\/fr\/sr-chiara-cazzuola-fma-xv-congres-omaec-rome\/","og_locale":"fr_FR","og_type":"article","og_title":"Sr. Chiara Cazzuola FMA - XV Congr\u00e8s OMAEC-Rome - Organizaci\u00f3n Mundial de Antiguos Alumnos de la Educaci\u00f3n Cat\u00f3lica","og_description":"XV Congr\u00e8s OMAEC &#8211; Rome Sr. Chiara Cazzuola FMA,\u00a0Vicaire g\u00e9n\u00e9rale \u201cAPRES L\u2019ECOLE\u201d : Les Anciens El\u00e8ves, lieu de mission. \u00ab\u00a0&#8230;Il y a des anciens et anciennes \u00e9l\u00e8ves qui s\u2019engagent dans les activit\u00e9s organis\u00e9es pour les jeunes \u00a0apr\u00e8s l\u2019\u00e9cole, dans les diff\u00e9rentes structures de rattrapage pour les enfants en difficult\u00e9 d\u2019apprentissage, dans les centres d\u2019\u00e9coute paroissiaux (more...)","og_url":"https:\/\/www.omaec.org\/fr\/sr-chiara-cazzuola-fma-xv-congres-omaec-rome\/","og_site_name":"Organizaci\u00f3n Mundial de Antiguos Alumnos de la Educaci\u00f3n Cat\u00f3lica","article_published_time":"2017-12-01T08:41:07+00:00","og_image":[{"width":1024,"height":768,"url":"https:\/\/www.omaec.org\/wp-content\/uploads\/2017\/12\/grupo-salesianos.jpg","type":"image\/jpeg"}],"author":"Secretario General","twitter_card":"summary_large_image","twitter_misc":{"\u00c9crit par":"Secretario General","Dur\u00e9e de lecture estim\u00e9e":"1 minute"},"schema":{"@context":"https:\/\/schema.org","@graph":[{"@type":"Article","@id":"https:\/\/www.omaec.org\/fr\/sr-chiara-cazzuola-fma-xv-congres-omaec-rome\/#article","isPartOf":{"@id":"https:\/\/www.omaec.org\/fr\/sr-chiara-cazzuola-fma-xv-congres-omaec-rome\/"},"author":{"name":"Secretario General","@id":"https:\/\/www.omaec.org\/#\/schema\/person\/b6995e5c4038e3cf602f2bb958068c35"},"headline":"Sr. Chiara Cazzuola FMA &#8211; XV Congr\u00e8s OMAEC-Rome","datePublished":"2017-12-01T08:41:07+00:00","dateModified":"2017-12-01T08:41:07+00:00","mainEntityOfPage":{"@id":"https:\/\/www.omaec.org\/fr\/sr-chiara-cazzuola-fma-xv-congres-omaec-rome\/"},"wordCount":210,"publisher":{"@id":"https:\/\/www.omaec.org\/#organization"},"articleSection":["Conf\u00e9rences"],"inLanguage":"fr-FR"},{"@type":"WebPage","@id":"https:\/\/www.omaec.org\/fr\/sr-chiara-cazzuola-fma-xv-congres-omaec-rome\/","url":"https:\/\/www.omaec.org\/fr\/sr-chiara-cazzuola-fma-xv-congres-omaec-rome\/","name":"Sr. Chiara Cazzuola FMA - XV Congr\u00e8s OMAEC-Rome - Organizaci\u00f3n Mundial de Antiguos Alumnos de la Educaci\u00f3n Cat\u00f3lica","isPartOf":{"@id":"https:\/\/www.omaec.org\/#website"},"datePublished":"2017-12-01T08:41:07+00:00","dateModified":"2017-12-01T08:41:07+00:00","breadcrumb":{"@id":"https:\/\/www.omaec.org\/fr\/sr-chiara-cazzuola-fma-xv-congres-omaec-rome\/#breadcrumb"},"inLanguage":"fr-FR","potentialAction":[{"@type":"ReadAction","target":["https:\/\/www.omaec.org\/fr\/sr-chiara-cazzuola-fma-xv-congres-omaec-rome\/"]}]},{"@type":"BreadcrumbList","@id":"https:\/\/www.omaec.org\/fr\/sr-chiara-cazzuola-fma-xv-congres-omaec-rome\/#breadcrumb","itemListElement":[{"@type":"ListItem","position":1,"name":"Portada","item":"https:\/\/www.omaec.org\/fr\/"},{"@type":"ListItem","position":2,"name":"Sr. Chiara Cazzuola FMA &#8211; XV Congr\u00e8s OMAEC-Rome"}]},{"@type":"WebSite","@id":"https:\/\/www.omaec.org\/#website","url":"https:\/\/www.omaec.org\/","name":"Organizaci\u00f3n Mundial de Antiguos Alumnos de la Educaci\u00f3n Cat\u00f3lica","description":"OMAEC","publisher":{"@id":"https:\/\/www.omaec.org\/#organization"},"potentialAction":[{"@type":"SearchAction","target":{"@type":"EntryPoint","urlTemplate":"https:\/\/www.omaec.org\/?s={search_term_string}"},"query-input":"required name=search_term_string"}],"inLanguage":"fr-FR"},{"@type":"Organization","@id":"https:\/\/www.omaec.org\/#organization","name":"Organizaci\u00f3n Mundial de Antiguos Alumnos de la Educaci\u00f3n Cat\u00f3lica","url":"https:\/\/www.omaec.org\/","logo":{"@type":"ImageObject","inLanguage":"fr-FR","@id":"https:\/\/www.omaec.org\/#\/schema\/logo\/image\/","url":"https:\/\/www.omaec.org\/wp-content\/uploads\/2021\/06\/OMAEC-LOGO-OFICIAL.jpg","contentUrl":"https:\/\/www.omaec.org\/wp-content\/uploads\/2021\/06\/OMAEC-LOGO-OFICIAL.jpg","width":525,"height":452,"caption":"Organizaci\u00f3n Mundial de Antiguos  Alumnos de la Educaci\u00f3n Cat\u00f3lica"},"image":{"@id":"https:\/\/www.omaec.org\/#\/schema\/logo\/image\/"}},{"@type":"Person","@id":"https:\/\/www.omaec.org\/#\/schema\/person\/b6995e5c4038e3cf602f2bb958068c35","name":"Secretario General","image":{"@type":"ImageObject","inLanguage":"fr-FR","@id":"https:\/\/www.omaec.org\/#\/schema\/person\/image\/","url":"https:\/\/www.omaec.org\/wp-content\/uploads\/2025\/03\/FOTO-GUILLERMO-GUTIERREZ-PIRAQUIVE-OMAEC-96x96.jpg","contentUrl":"https:\/\/www.omaec.org\/wp-content\/uploads\/2025\/03\/FOTO-GUILLERMO-GUTIERREZ-PIRAQUIVE-OMAEC-96x96.jpg","caption":"Secretario General"},"description":"EXPERIENCIA LABORAL: SERVICIO NACIONAL DE APRENDIZAJE-SENA Regional Bogot\u00e1. Centro de Gesti\u00f3n de Mercados, Log\u00edstica y Tecnolog\u00edas de la Informaci\u00f3n. \u00b7Instructor de Mercadeo. SERVICIO NACIONAL DE APRENDIZAJE-SENA Regional Bogot\u00e1. Centro de Gesti\u00f3n Administrativa. \u00b7Instructor de Ventas. ARTESAN\u00cdAS DE COLOMBIA. \u00b7Administrador Centro Artesanal La Chamba (Tolima). PROGRAMADORA TELECULTURALES. \u00b7Asistente de Direcci\u00f3n AGENCIAS DE PUBLICIDAD: REP Y MASTER \u00b7Jefe de Medios SANCHO PUBLICIDAD \u00b7Jefe de Tr\u00e1fico. LEO BURNETT \u00b7Asistente de Medios. EDUCACION: \u00b7FUNDACI\u00d3N UNIVERSITARIA SALESIANA Diplomado en Salesianidad. \u00b7POLIT\u00c9CNICO GRANCOLOMBIANO Especializaci\u00f3n en Gerencia de Mercadeo. \u00b7UNIVERSIDAD NACIONAL ABIERTA Y A DISTANCIA Administraci\u00f3n de Empresas. \u00b7SERVICIO NACIONAL DE APRENDIZAJE-SENA Mercadotecnia. \u00b7UNIVERSIDAD CENTRAL Publicidad. \u00b7COLEGIO SALESIANO DE LE\u00d3N XIII Bachiller Acad\u00e9mico. EXPERIENCIA EXALUMNAL: ASOCIACI\u00d3N DE EXALUMNOS SDB-AEXSDBINSPECTOR\u00cdA SAN PEDRO CLAVER Presidente Sexenio 2021-2027. \u00b7ASOCIACI\u00d3N DE EXALUMNOS SDB-AEXSDBINSPECTOR\u00cdA SAN PEDRO CLAVER Vicepresidente Sexenio 2015-2021. \u00b7COLEGIO SALESIANO DE LE\u00d3N XIII. L\u00edder Promoci\u00f3n 1969. EXALUMNAL","url":"https:\/\/www.omaec.org\/fr\/author\/omaec-admin\/"}]}},"_links":{"self":[{"href":"https:\/\/www.omaec.org\/fr\/wp-json\/wp\/v2\/posts\/3484","targetHints":{"allow":["GET"]}}],"collection":[{"href":"https:\/\/www.omaec.org\/fr\/wp-json\/wp\/v2\/posts"}],"about":[{"href":"https:\/\/www.omaec.org\/fr\/wp-json\/wp\/v2\/types\/post"}],"author":[{"embeddable":true,"href":"https:\/\/www.omaec.org\/fr\/wp-json\/wp\/v2\/users\/1"}],"replies":[{"embeddable":true,"href":"https:\/\/www.omaec.org\/fr\/wp-json\/wp\/v2\/comments?post=3484"}],"version-history":[{"count":1,"href":"https:\/\/www.omaec.org\/fr\/wp-json\/wp\/v2\/posts\/3484\/revisions"}],"predecessor-version":[{"id":3485,"href":"https:\/\/www.omaec.org\/fr\/wp-json\/wp\/v2\/posts\/3484\/revisions\/3485"}],"wp:featuredmedia":[{"embeddable":true,"href":"https:\/\/www.omaec.org\/fr\/wp-json\/wp\/v2\/media\/3480"}],"wp:attachment":[{"href":"https:\/\/www.omaec.org\/fr\/wp-json\/wp\/v2\/media?parent=3484"}],"wp:term":[{"taxonomy":"category","embeddable":true,"href":"https:\/\/www.omaec.org\/fr\/wp-json\/wp\/v2\/categories?post=3484"},{"taxonomy":"post_tag","embeddable":true,"href":"https:\/\/www.omaec.org\/fr\/wp-json\/wp\/v2\/tags?post=3484"}],"curies":[{"name":"wp","href":"https:\/\/api.w.org\/{rel}","templated":true}]}}