{"id":3321,"date":"2017-10-19T08:58:12","date_gmt":"2017-10-19T07:58:12","guid":{"rendered":"http:\/\/omaec.org\/?p=3321"},"modified":"2017-10-19T08:58:12","modified_gmt":"2017-10-19T07:58:12","slug":"2eme-rencontre-des-juntos-por-mexico-participation-de-fedecmex","status":"publish","type":"post","link":"https:\/\/www.omaec.org\/fr\/2eme-rencontre-des-juntos-por-mexico-participation-de-fedecmex\/","title":{"rendered":"2\u00e8me RENCONTRE DES \u201cJUNTOS POR M\u00c9XICO\u201d. PARTICIPATION DE FEDECMEX"},"content":{"rendered":"<p><u><\/u>Le week-end dernier, du 6 au 8 octobre a eu lieu la 2<sup>\u00e8me<\/sup> r\u00e9union des <strong>\u201cJUNTOS FOR MEXICO\u201d<\/strong>, o\u00f9 plus de 90 organisations la\u00efques se sont r\u00e9unies, cherchant \u00e0 cr\u00e9er une synergie et \u00e0 \u00eatre un acteur qui tienne compte \u00e0 la fois de l&rsquo;\u00c9glise, de la culture, de l&rsquo;\u00e9ducation, de la politique, etc, \u00e0 influencer les politiques publiques qui portent atteinte aux valeurs familiales ou promeuvent l&rsquo;avortement, d\u00e9noncer et traduire en justice \u00e0 la fois les hommes politiques corrompus.<a href=\"http:\/\/omaec.org\/wp-content\/uploads\/2017\/10\/IMG_9489.jpg\" rel=\"attachment wp-att-3317\"><img loading=\"lazy\" decoding=\"async\" class=\"size-medium wp-image-3317 alignright\" src=\"http:\/\/omaec.org\/wp-content\/uploads\/2017\/10\/IMG_9489-169x300.jpg\" alt=\"IMG_9489\" width=\"169\" height=\"300\" srcset=\"https:\/\/www.omaec.org\/wp-content\/uploads\/2017\/10\/IMG_9489-169x300.jpg 169w, https:\/\/www.omaec.org\/wp-content\/uploads\/2017\/10\/IMG_9489-575x1024.jpg 575w, https:\/\/www.omaec.org\/wp-content\/uploads\/2017\/10\/IMG_9489-600x1068.jpg 600w, https:\/\/www.omaec.org\/wp-content\/uploads\/2017\/10\/IMG_9489-84x150.jpg 84w, https:\/\/www.omaec.org\/wp-content\/uploads\/2017\/10\/IMG_9489.jpg 719w\" sizes=\"auto, (max-width: 169px) 100vw, 169px\" \/><\/a><\/p>\n<p>Le congr\u00e8s a r\u00e9uni plus de 7000 personnes \u00e0 l&rsquo;Auditorium du Centre des Congr\u00e8s de Quer\u00e9taro, o\u00f9 le Congr\u00e8s de l&rsquo;UNESCO a eu lieu, o\u00f9 j&rsquo;ai eu l&rsquo;honneur de repr\u00e9senter l&rsquo;OMAEC, et 20000 personnes via YOUTUBE.<\/p>\n<p>La devise du congr\u00e8s \u00e9tait et est : <strong>LES CATHOLIQUES LA\u00cfCS APPEL\u00c9S \u00c0 LA TRANSFORMATION DU PAYS.<a href=\"http:\/\/omaec.org\/wp-content\/uploads\/2017\/10\/IMG_8167.jpg\" rel=\"attachment wp-att-3318\"><img loading=\"lazy\" decoding=\"async\" class=\" wp-image-3318 alignleft\" src=\"http:\/\/omaec.org\/wp-content\/uploads\/2017\/10\/IMG_8167-300x225.jpg\" alt=\"IMG_8167\" width=\"278\" height=\"208\" srcset=\"https:\/\/www.omaec.org\/wp-content\/uploads\/2017\/10\/IMG_8167-300x225.jpg 300w, https:\/\/www.omaec.org\/wp-content\/uploads\/2017\/10\/IMG_8167-768x576.jpg 768w, https:\/\/www.omaec.org\/wp-content\/uploads\/2017\/10\/IMG_8167-1024x768.jpg 1024w, https:\/\/www.omaec.org\/wp-content\/uploads\/2017\/10\/IMG_8167-600x450.jpg 600w, https:\/\/www.omaec.org\/wp-content\/uploads\/2017\/10\/IMG_8167-150x113.jpg 150w, https:\/\/www.omaec.org\/wp-content\/uploads\/2017\/10\/IMG_8167.jpg 1280w\" sizes=\"auto, (max-width: 278px) 100vw, 278px\" \/><\/a><\/strong><\/p>\n<p>En tant que <strong>FAMILLE SAL\u00c9SIENNE et FEDECMEX<\/strong>, nous avons fait partie de l&rsquo;organisation centrale, responsables des aspects \u00e9cologiques, l\u00e0 o\u00f9 s&rsquo;est tenue une exposition de l&rsquo;Encyclique \u00abLAUDATO SI\u00bb. Plantation de 500 arbres avec le soutien de 5 \u00e9coles et la gestion des d\u00e9chets organiques et inorganiques g\u00e9n\u00e9r\u00e9s durant les trois jours du Congr\u00e8s.<a href=\"http:\/\/omaec.org\/wp-content\/uploads\/2017\/10\/IMG_9626.jpg\" rel=\"attachment wp-att-3319\"><img loading=\"lazy\" decoding=\"async\" class=\"size-medium wp-image-3319 alignleft\" src=\"http:\/\/omaec.org\/wp-content\/uploads\/2017\/10\/IMG_9626-225x300.jpg\" alt=\"IMG_9626\" width=\"225\" height=\"300\" srcset=\"https:\/\/www.omaec.org\/wp-content\/uploads\/2017\/10\/IMG_9626-225x300.jpg 225w, https:\/\/www.omaec.org\/wp-content\/uploads\/2017\/10\/IMG_9626-768x1024.jpg 768w, https:\/\/www.omaec.org\/wp-content\/uploads\/2017\/10\/IMG_9626-600x800.jpg 600w, https:\/\/www.omaec.org\/wp-content\/uploads\/2017\/10\/IMG_9626-113x150.jpg 113w, https:\/\/www.omaec.org\/wp-content\/uploads\/2017\/10\/IMG_9626.jpg 960w\" sizes=\"auto, (max-width: 225px) 100vw, 225px\" \/><\/a><\/p>\n<p>Ce congr\u00e8s avait une repr\u00e9sentation de gens de tout le pays, comptant avec le soutien de l&rsquo;\u00e9v\u00eaque de Quer\u00e9taro, Felipe Armend\u00e1riz et de nombreux catholiques de la ville qui ont ouvert leurs portes pour recevoir les participants au Congr\u00e8s dans leur maison, un t\u00e9moignage de fraternit\u00e9, g\u00e9n\u00e9rosit\u00e9, engagement.<\/p>\n<p><strong>Mateo Marquez &#8211; Mexique<\/strong><\/p>\n","protected":false},"excerpt":{"rendered":"<p>Le week-end dernier, du 6 au 8 octobre a eu lieu la 2\u00e8me r\u00e9union des \u201cJUNTOS FOR MEXICO\u201d, o\u00f9 plus de 90 organisations la\u00efques se sont r\u00e9unies, cherchant \u00e0 cr\u00e9er une synergie et \u00e0 \u00eatre un acteur qui tienne compte \u00e0 la fois de l&rsquo;\u00c9glise, de la culture, de l&rsquo;\u00e9ducation, de la politique, etc, \u00e0 <a href=\"https:\/\/www.omaec.org\/fr\/2eme-rencontre-des-juntos-por-mexico-participation-de-fedecmex\/\" rel=\"nofollow\">(more&#8230;)<\/a><\/p>\n","protected":false},"author":1,"featured_media":3316,"comment_status":"closed","ping_status":"open","sticky":false,"template":"","format":"standard","meta":{"footnotes":""},"categories":[48],"tags":[],"class_list":["post-3321","post","type-post","status-publish","format-standard","has-post-thumbnail","hentry","category-conferences"],"acf":[],"yoast_head":"<!-- This site is optimized with the Yoast SEO plugin v20.11 - https:\/\/yoast.com\/wordpress\/plugins\/seo\/ -->\n<title>2\u00e8me RENCONTRE DES \u201cJUNTOS POR M\u00c9XICO\u201d. PARTICIPATION DE FEDECMEX - Organizaci\u00f3n Mundial de Antiguos Alumnos de la Educaci\u00f3n Cat\u00f3lica<\/title>\n<meta name=\"robots\" content=\"index, follow, max-snippet:-1, max-image-preview:large, max-video-preview:-1\" \/>\n<link rel=\"canonical\" href=\"https:\/\/www.omaec.org\/fr\/2eme-rencontre-des-juntos-por-mexico-participation-de-fedecmex\/\" \/>\n<meta property=\"og:locale\" content=\"fr_FR\" \/>\n<meta property=\"og:type\" content=\"article\" \/>\n<meta property=\"og:title\" content=\"2\u00e8me RENCONTRE DES \u201cJUNTOS POR M\u00c9XICO\u201d. PARTICIPATION DE FEDECMEX - Organizaci\u00f3n Mundial de Antiguos Alumnos de la Educaci\u00f3n Cat\u00f3lica\" \/>\n<meta property=\"og:description\" content=\"Le week-end dernier, du 6 au 8 octobre a eu lieu la 2\u00e8me r\u00e9union des \u201cJUNTOS FOR MEXICO\u201d, o\u00f9 plus de 90 organisations la\u00efques se sont r\u00e9unies, cherchant \u00e0 cr\u00e9er une synergie et \u00e0 \u00eatre un acteur qui tienne compte \u00e0 la fois de l&rsquo;\u00c9glise, de la culture, de l&rsquo;\u00e9ducation, de la politique, etc, \u00e0 (more...)\" \/>\n<meta property=\"og:url\" content=\"https:\/\/www.omaec.org\/fr\/2eme-rencontre-des-juntos-por-mexico-participation-de-fedecmex\/\" \/>\n<meta property=\"og:site_name\" content=\"Organizaci\u00f3n Mundial de Antiguos Alumnos de la Educaci\u00f3n Cat\u00f3lica\" \/>\n<meta property=\"article:published_time\" content=\"2017-10-19T07:58:12+00:00\" \/>\n<meta property=\"og:image\" content=\"https:\/\/www.omaec.org\/wp-content\/uploads\/2017\/10\/37540634761_9c88cf885d_z.jpg\" \/>\n\t<meta property=\"og:image:width\" content=\"640\" \/>\n\t<meta property=\"og:image:height\" content=\"426\" \/>\n\t<meta property=\"og:image:type\" content=\"image\/jpeg\" \/>\n<meta name=\"author\" content=\"Secretario General\" \/>\n<meta name=\"twitter:card\" content=\"summary_large_image\" \/>\n<meta name=\"twitter:label1\" content=\"\u00c9crit par\" \/>\n\t<meta name=\"twitter:data1\" content=\"Secretario General\" \/>\n\t<meta name=\"twitter:label2\" content=\"Dur\u00e9e de lecture estim\u00e9e\" \/>\n\t<meta name=\"twitter:data2\" content=\"1 minute\" \/>\n<script type=\"application\/ld+json\" class=\"yoast-schema-graph\">{\"@context\":\"https:\/\/schema.org\",\"@graph\":[{\"@type\":\"Article\",\"@id\":\"https:\/\/www.omaec.org\/fr\/2eme-rencontre-des-juntos-por-mexico-participation-de-fedecmex\/#article\",\"isPartOf\":{\"@id\":\"https:\/\/www.omaec.org\/fr\/2eme-rencontre-des-juntos-por-mexico-participation-de-fedecmex\/\"},\"author\":{\"name\":\"Secretario General\",\"@id\":\"https:\/\/www.omaec.org\/#\/schema\/person\/b6995e5c4038e3cf602f2bb958068c35\"},\"headline\":\"2\u00e8me RENCONTRE DES \u201cJUNTOS POR M\u00c9XICO\u201d. PARTICIPATION DE FEDECMEX\",\"datePublished\":\"2017-10-19T07:58:12+00:00\",\"dateModified\":\"2017-10-19T07:58:12+00:00\",\"mainEntityOfPage\":{\"@id\":\"https:\/\/www.omaec.org\/fr\/2eme-rencontre-des-juntos-por-mexico-participation-de-fedecmex\/\"},\"wordCount\":274,\"publisher\":{\"@id\":\"https:\/\/www.omaec.org\/#organization\"},\"articleSection\":[\"Conf\u00e9rences\"],\"inLanguage\":\"fr-FR\"},{\"@type\":\"WebPage\",\"@id\":\"https:\/\/www.omaec.org\/fr\/2eme-rencontre-des-juntos-por-mexico-participation-de-fedecmex\/\",\"url\":\"https:\/\/www.omaec.org\/fr\/2eme-rencontre-des-juntos-por-mexico-participation-de-fedecmex\/\",\"name\":\"2\u00e8me RENCONTRE DES \u201cJUNTOS POR M\u00c9XICO\u201d. PARTICIPATION DE FEDECMEX - Organizaci\u00f3n Mundial de Antiguos Alumnos de la Educaci\u00f3n Cat\u00f3lica\",\"isPartOf\":{\"@id\":\"https:\/\/www.omaec.org\/#website\"},\"datePublished\":\"2017-10-19T07:58:12+00:00\",\"dateModified\":\"2017-10-19T07:58:12+00:00\",\"breadcrumb\":{\"@id\":\"https:\/\/www.omaec.org\/fr\/2eme-rencontre-des-juntos-por-mexico-participation-de-fedecmex\/#breadcrumb\"},\"inLanguage\":\"fr-FR\",\"potentialAction\":[{\"@type\":\"ReadAction\",\"target\":[\"https:\/\/www.omaec.org\/fr\/2eme-rencontre-des-juntos-por-mexico-participation-de-fedecmex\/\"]}]},{\"@type\":\"BreadcrumbList\",\"@id\":\"https:\/\/www.omaec.org\/fr\/2eme-rencontre-des-juntos-por-mexico-participation-de-fedecmex\/#breadcrumb\",\"itemListElement\":[{\"@type\":\"ListItem\",\"position\":1,\"name\":\"Portada\",\"item\":\"https:\/\/www.omaec.org\/fr\/\"},{\"@type\":\"ListItem\",\"position\":2,\"name\":\"2\u00e8me RENCONTRE DES \u201cJUNTOS POR M\u00c9XICO\u201d. PARTICIPATION DE FEDECMEX\"}]},{\"@type\":\"WebSite\",\"@id\":\"https:\/\/www.omaec.org\/#website\",\"url\":\"https:\/\/www.omaec.org\/\",\"name\":\"Organizaci\u00f3n Mundial de Antiguos Alumnos de la Educaci\u00f3n Cat\u00f3lica\",\"description\":\"OMAEC\",\"publisher\":{\"@id\":\"https:\/\/www.omaec.org\/#organization\"},\"potentialAction\":[{\"@type\":\"SearchAction\",\"target\":{\"@type\":\"EntryPoint\",\"urlTemplate\":\"https:\/\/www.omaec.org\/?s={search_term_string}\"},\"query-input\":\"required name=search_term_string\"}],\"inLanguage\":\"fr-FR\"},{\"@type\":\"Organization\",\"@id\":\"https:\/\/www.omaec.org\/#organization\",\"name\":\"Organizaci\u00f3n Mundial de Antiguos Alumnos de la Educaci\u00f3n Cat\u00f3lica\",\"url\":\"https:\/\/www.omaec.org\/\",\"logo\":{\"@type\":\"ImageObject\",\"inLanguage\":\"fr-FR\",\"@id\":\"https:\/\/www.omaec.org\/#\/schema\/logo\/image\/\",\"url\":\"https:\/\/www.omaec.org\/wp-content\/uploads\/2021\/06\/OMAEC-LOGO-OFICIAL.jpg\",\"contentUrl\":\"https:\/\/www.omaec.org\/wp-content\/uploads\/2021\/06\/OMAEC-LOGO-OFICIAL.jpg\",\"width\":525,\"height\":452,\"caption\":\"Organizaci\u00f3n Mundial de Antiguos  Alumnos de la Educaci\u00f3n Cat\u00f3lica\"},\"image\":{\"@id\":\"https:\/\/www.omaec.org\/#\/schema\/logo\/image\/\"}},{\"@type\":\"Person\",\"@id\":\"https:\/\/www.omaec.org\/#\/schema\/person\/b6995e5c4038e3cf602f2bb958068c35\",\"name\":\"Secretario General\",\"image\":{\"@type\":\"ImageObject\",\"inLanguage\":\"fr-FR\",\"@id\":\"https:\/\/www.omaec.org\/#\/schema\/person\/image\/\",\"url\":\"https:\/\/www.omaec.org\/wp-content\/uploads\/2025\/03\/FOTO-GUILLERMO-GUTIERREZ-PIRAQUIVE-OMAEC-96x96.jpg\",\"contentUrl\":\"https:\/\/www.omaec.org\/wp-content\/uploads\/2025\/03\/FOTO-GUILLERMO-GUTIERREZ-PIRAQUIVE-OMAEC-96x96.jpg\",\"caption\":\"Secretario General\"},\"description\":\"EXPERIENCIA LABORAL: SERVICIO NACIONAL DE APRENDIZAJE-SENA Regional Bogot\u00e1. Centro de Gesti\u00f3n de Mercados, Log\u00edstica y Tecnolog\u00edas de la Informaci\u00f3n. \u00b7Instructor de Mercadeo. SERVICIO NACIONAL DE APRENDIZAJE-SENA Regional Bogot\u00e1. Centro de Gesti\u00f3n Administrativa. \u00b7Instructor de Ventas. ARTESAN\u00cdAS DE COLOMBIA. \u00b7Administrador Centro Artesanal La Chamba (Tolima). PROGRAMADORA TELECULTURALES. \u00b7Asistente de Direcci\u00f3n AGENCIAS DE PUBLICIDAD: REP Y MASTER \u00b7Jefe de Medios SANCHO PUBLICIDAD \u00b7Jefe de Tr\u00e1fico. LEO BURNETT \u00b7Asistente de Medios. EDUCACION: \u00b7FUNDACI\u00d3N UNIVERSITARIA SALESIANA Diplomado en Salesianidad. \u00b7POLIT\u00c9CNICO GRANCOLOMBIANO Especializaci\u00f3n en Gerencia de Mercadeo. \u00b7UNIVERSIDAD NACIONAL ABIERTA Y A DISTANCIA Administraci\u00f3n de Empresas. \u00b7SERVICIO NACIONAL DE APRENDIZAJE-SENA Mercadotecnia. \u00b7UNIVERSIDAD CENTRAL Publicidad. \u00b7COLEGIO SALESIANO DE LE\u00d3N XIII Bachiller Acad\u00e9mico. EXPERIENCIA EXALUMNAL: ASOCIACI\u00d3N DE EXALUMNOS SDB-AEXSDBINSPECTOR\u00cdA SAN PEDRO CLAVER Presidente Sexenio 2021-2027. \u00b7ASOCIACI\u00d3N DE EXALUMNOS SDB-AEXSDBINSPECTOR\u00cdA SAN PEDRO CLAVER Vicepresidente Sexenio 2015-2021. \u00b7COLEGIO SALESIANO DE LE\u00d3N XIII. L\u00edder Promoci\u00f3n 1969. EXALUMNAL\",\"url\":\"https:\/\/www.omaec.org\/fr\/author\/omaec-admin\/\"}]}<\/script>\n<!-- \/ Yoast SEO plugin. -->","yoast_head_json":{"title":"2\u00e8me RENCONTRE DES \u201cJUNTOS POR M\u00c9XICO\u201d. PARTICIPATION DE FEDECMEX - Organizaci\u00f3n Mundial de Antiguos Alumnos de la Educaci\u00f3n Cat\u00f3lica","robots":{"index":"index","follow":"follow","max-snippet":"max-snippet:-1","max-image-preview":"max-image-preview:large","max-video-preview":"max-video-preview:-1"},"canonical":"https:\/\/www.omaec.org\/fr\/2eme-rencontre-des-juntos-por-mexico-participation-de-fedecmex\/","og_locale":"fr_FR","og_type":"article","og_title":"2\u00e8me RENCONTRE DES \u201cJUNTOS POR M\u00c9XICO\u201d. PARTICIPATION DE FEDECMEX - Organizaci\u00f3n Mundial de Antiguos Alumnos de la Educaci\u00f3n Cat\u00f3lica","og_description":"Le week-end dernier, du 6 au 8 octobre a eu lieu la 2\u00e8me r\u00e9union des \u201cJUNTOS FOR MEXICO\u201d, o\u00f9 plus de 90 organisations la\u00efques se sont r\u00e9unies, cherchant \u00e0 cr\u00e9er une synergie et \u00e0 \u00eatre un acteur qui tienne compte \u00e0 la fois de l&rsquo;\u00c9glise, de la culture, de l&rsquo;\u00e9ducation, de la politique, etc, \u00e0 (more...)","og_url":"https:\/\/www.omaec.org\/fr\/2eme-rencontre-des-juntos-por-mexico-participation-de-fedecmex\/","og_site_name":"Organizaci\u00f3n Mundial de Antiguos Alumnos de la Educaci\u00f3n Cat\u00f3lica","article_published_time":"2017-10-19T07:58:12+00:00","og_image":[{"width":640,"height":426,"url":"https:\/\/www.omaec.org\/wp-content\/uploads\/2017\/10\/37540634761_9c88cf885d_z.jpg","type":"image\/jpeg"}],"author":"Secretario General","twitter_card":"summary_large_image","twitter_misc":{"\u00c9crit par":"Secretario General","Dur\u00e9e de lecture estim\u00e9e":"1 minute"},"schema":{"@context":"https:\/\/schema.org","@graph":[{"@type":"Article","@id":"https:\/\/www.omaec.org\/fr\/2eme-rencontre-des-juntos-por-mexico-participation-de-fedecmex\/#article","isPartOf":{"@id":"https:\/\/www.omaec.org\/fr\/2eme-rencontre-des-juntos-por-mexico-participation-de-fedecmex\/"},"author":{"name":"Secretario General","@id":"https:\/\/www.omaec.org\/#\/schema\/person\/b6995e5c4038e3cf602f2bb958068c35"},"headline":"2\u00e8me RENCONTRE DES \u201cJUNTOS POR M\u00c9XICO\u201d. PARTICIPATION DE FEDECMEX","datePublished":"2017-10-19T07:58:12+00:00","dateModified":"2017-10-19T07:58:12+00:00","mainEntityOfPage":{"@id":"https:\/\/www.omaec.org\/fr\/2eme-rencontre-des-juntos-por-mexico-participation-de-fedecmex\/"},"wordCount":274,"publisher":{"@id":"https:\/\/www.omaec.org\/#organization"},"articleSection":["Conf\u00e9rences"],"inLanguage":"fr-FR"},{"@type":"WebPage","@id":"https:\/\/www.omaec.org\/fr\/2eme-rencontre-des-juntos-por-mexico-participation-de-fedecmex\/","url":"https:\/\/www.omaec.org\/fr\/2eme-rencontre-des-juntos-por-mexico-participation-de-fedecmex\/","name":"2\u00e8me RENCONTRE DES \u201cJUNTOS POR M\u00c9XICO\u201d. PARTICIPATION DE FEDECMEX - Organizaci\u00f3n Mundial de Antiguos Alumnos de la Educaci\u00f3n Cat\u00f3lica","isPartOf":{"@id":"https:\/\/www.omaec.org\/#website"},"datePublished":"2017-10-19T07:58:12+00:00","dateModified":"2017-10-19T07:58:12+00:00","breadcrumb":{"@id":"https:\/\/www.omaec.org\/fr\/2eme-rencontre-des-juntos-por-mexico-participation-de-fedecmex\/#breadcrumb"},"inLanguage":"fr-FR","potentialAction":[{"@type":"ReadAction","target":["https:\/\/www.omaec.org\/fr\/2eme-rencontre-des-juntos-por-mexico-participation-de-fedecmex\/"]}]},{"@type":"BreadcrumbList","@id":"https:\/\/www.omaec.org\/fr\/2eme-rencontre-des-juntos-por-mexico-participation-de-fedecmex\/#breadcrumb","itemListElement":[{"@type":"ListItem","position":1,"name":"Portada","item":"https:\/\/www.omaec.org\/fr\/"},{"@type":"ListItem","position":2,"name":"2\u00e8me RENCONTRE DES \u201cJUNTOS POR M\u00c9XICO\u201d. PARTICIPATION DE FEDECMEX"}]},{"@type":"WebSite","@id":"https:\/\/www.omaec.org\/#website","url":"https:\/\/www.omaec.org\/","name":"Organizaci\u00f3n Mundial de Antiguos Alumnos de la Educaci\u00f3n Cat\u00f3lica","description":"OMAEC","publisher":{"@id":"https:\/\/www.omaec.org\/#organization"},"potentialAction":[{"@type":"SearchAction","target":{"@type":"EntryPoint","urlTemplate":"https:\/\/www.omaec.org\/?s={search_term_string}"},"query-input":"required name=search_term_string"}],"inLanguage":"fr-FR"},{"@type":"Organization","@id":"https:\/\/www.omaec.org\/#organization","name":"Organizaci\u00f3n Mundial de Antiguos Alumnos de la Educaci\u00f3n Cat\u00f3lica","url":"https:\/\/www.omaec.org\/","logo":{"@type":"ImageObject","inLanguage":"fr-FR","@id":"https:\/\/www.omaec.org\/#\/schema\/logo\/image\/","url":"https:\/\/www.omaec.org\/wp-content\/uploads\/2021\/06\/OMAEC-LOGO-OFICIAL.jpg","contentUrl":"https:\/\/www.omaec.org\/wp-content\/uploads\/2021\/06\/OMAEC-LOGO-OFICIAL.jpg","width":525,"height":452,"caption":"Organizaci\u00f3n Mundial de Antiguos  Alumnos de la Educaci\u00f3n Cat\u00f3lica"},"image":{"@id":"https:\/\/www.omaec.org\/#\/schema\/logo\/image\/"}},{"@type":"Person","@id":"https:\/\/www.omaec.org\/#\/schema\/person\/b6995e5c4038e3cf602f2bb958068c35","name":"Secretario General","image":{"@type":"ImageObject","inLanguage":"fr-FR","@id":"https:\/\/www.omaec.org\/#\/schema\/person\/image\/","url":"https:\/\/www.omaec.org\/wp-content\/uploads\/2025\/03\/FOTO-GUILLERMO-GUTIERREZ-PIRAQUIVE-OMAEC-96x96.jpg","contentUrl":"https:\/\/www.omaec.org\/wp-content\/uploads\/2025\/03\/FOTO-GUILLERMO-GUTIERREZ-PIRAQUIVE-OMAEC-96x96.jpg","caption":"Secretario General"},"description":"EXPERIENCIA LABORAL: SERVICIO NACIONAL DE APRENDIZAJE-SENA Regional Bogot\u00e1. Centro de Gesti\u00f3n de Mercados, Log\u00edstica y Tecnolog\u00edas de la Informaci\u00f3n. \u00b7Instructor de Mercadeo. SERVICIO NACIONAL DE APRENDIZAJE-SENA Regional Bogot\u00e1. Centro de Gesti\u00f3n Administrativa. \u00b7Instructor de Ventas. ARTESAN\u00cdAS DE COLOMBIA. \u00b7Administrador Centro Artesanal La Chamba (Tolima). PROGRAMADORA TELECULTURALES. \u00b7Asistente de Direcci\u00f3n AGENCIAS DE PUBLICIDAD: REP Y MASTER \u00b7Jefe de Medios SANCHO PUBLICIDAD \u00b7Jefe de Tr\u00e1fico. LEO BURNETT \u00b7Asistente de Medios. EDUCACION: \u00b7FUNDACI\u00d3N UNIVERSITARIA SALESIANA Diplomado en Salesianidad. \u00b7POLIT\u00c9CNICO GRANCOLOMBIANO Especializaci\u00f3n en Gerencia de Mercadeo. \u00b7UNIVERSIDAD NACIONAL ABIERTA Y A DISTANCIA Administraci\u00f3n de Empresas. \u00b7SERVICIO NACIONAL DE APRENDIZAJE-SENA Mercadotecnia. \u00b7UNIVERSIDAD CENTRAL Publicidad. \u00b7COLEGIO SALESIANO DE LE\u00d3N XIII Bachiller Acad\u00e9mico. EXPERIENCIA EXALUMNAL: ASOCIACI\u00d3N DE EXALUMNOS SDB-AEXSDBINSPECTOR\u00cdA SAN PEDRO CLAVER Presidente Sexenio 2021-2027. \u00b7ASOCIACI\u00d3N DE EXALUMNOS SDB-AEXSDBINSPECTOR\u00cdA SAN PEDRO CLAVER Vicepresidente Sexenio 2015-2021. \u00b7COLEGIO SALESIANO DE LE\u00d3N XIII. L\u00edder Promoci\u00f3n 1969. EXALUMNAL","url":"https:\/\/www.omaec.org\/fr\/author\/omaec-admin\/"}]}},"_links":{"self":[{"href":"https:\/\/www.omaec.org\/fr\/wp-json\/wp\/v2\/posts\/3321","targetHints":{"allow":["GET"]}}],"collection":[{"href":"https:\/\/www.omaec.org\/fr\/wp-json\/wp\/v2\/posts"}],"about":[{"href":"https:\/\/www.omaec.org\/fr\/wp-json\/wp\/v2\/types\/post"}],"author":[{"embeddable":true,"href":"https:\/\/www.omaec.org\/fr\/wp-json\/wp\/v2\/users\/1"}],"replies":[{"embeddable":true,"href":"https:\/\/www.omaec.org\/fr\/wp-json\/wp\/v2\/comments?post=3321"}],"version-history":[{"count":1,"href":"https:\/\/www.omaec.org\/fr\/wp-json\/wp\/v2\/posts\/3321\/revisions"}],"predecessor-version":[{"id":3322,"href":"https:\/\/www.omaec.org\/fr\/wp-json\/wp\/v2\/posts\/3321\/revisions\/3322"}],"wp:featuredmedia":[{"embeddable":true,"href":"https:\/\/www.omaec.org\/fr\/wp-json\/wp\/v2\/media\/3316"}],"wp:attachment":[{"href":"https:\/\/www.omaec.org\/fr\/wp-json\/wp\/v2\/media?parent=3321"}],"wp:term":[{"taxonomy":"category","embeddable":true,"href":"https:\/\/www.omaec.org\/fr\/wp-json\/wp\/v2\/categories?post=3321"},{"taxonomy":"post_tag","embeddable":true,"href":"https:\/\/www.omaec.org\/fr\/wp-json\/wp\/v2\/tags?post=3321"}],"curies":[{"name":"wp","href":"https:\/\/api.w.org\/{rel}","templated":true}]}}