{"id":2628,"date":"2016-12-06T17:59:46","date_gmt":"2016-12-06T16:59:46","guid":{"rendered":"http:\/\/omaec.org\/?p=2628"},"modified":"2016-12-09T10:37:09","modified_gmt":"2016-12-09T09:37:09","slug":"fondation-bolivie-digna","status":"publish","type":"post","link":"https:\/\/www.omaec.org\/fr\/fondation-bolivie-digna\/","title":{"rendered":"FONDATION POUR LA BOLIVIE DIGNE"},"content":{"rendered":"<p><strong>QUI SOMMES NOUS?<\/strong><\/p>\n<p>La <strong>Fondation pour la Bolivie Digne<\/strong> est une ONG cr\u00e9\u00e9e en 2006 \u00e0 Cochabamba, en Bolivie par les anciens \u00e9l\u00e8ves de La Salle, dans le but de promouvoir et de d\u00e9fendre les droits des enfants, de l&rsquo;enfance, de l&rsquo;adolescence, des jeunes, des personnes \u00e2g\u00e9es et des secteurs sociaux vivant dans l&rsquo;exclusion et la pauvret\u00e9.<a href=\"http:\/\/omaec.org\/wp-content\/uploads\/2016\/12\/logo-bolivia-digna.jpg\" rel=\"attachment wp-att-2624\"><img loading=\"lazy\" decoding=\"async\" class=\"size-medium wp-image-2624 alignright\" src=\"http:\/\/omaec.org\/wp-content\/uploads\/2016\/12\/logo-bolivia-digna-190x300.jpg\" alt=\"logo bolivia digna\" width=\"190\" height=\"300\" srcset=\"https:\/\/www.omaec.org\/wp-content\/uploads\/2016\/12\/logo-bolivia-digna-190x300.jpg 190w, https:\/\/www.omaec.org\/wp-content\/uploads\/2016\/12\/logo-bolivia-digna-600x947.jpg 600w, https:\/\/www.omaec.org\/wp-content\/uploads\/2016\/12\/logo-bolivia-digna-95x150.jpg 95w, https:\/\/www.omaec.org\/wp-content\/uploads\/2016\/12\/logo-bolivia-digna.jpg 608w\" sizes=\"auto, (max-width: 190px) 100vw, 190px\" \/><\/a><\/p>\n<p><strong>NOTRE VISION<\/strong><\/p>\n<p>Les personnes vivant dans l&rsquo;exclusion et la pauvret\u00e9 (en particulier les enfants et les jeunes) qui ne b\u00e9n\u00e9ficient pas de conditions de vie ad\u00e9quates (spirituelle, sant\u00e9 mat\u00e9rielle, sociale) et ont pas la possibilit\u00e9 d&rsquo;exercer pleinement leurs droits.<\/p>\n<p><strong>NOTRE MISSION<\/strong><\/p>\n<p>Par la promotion de la foi, des valeurs chr\u00e9tiennes et des programmes \u00e9ducatifs, des petites entreprises et de l&rsquo;assistance sociale, promouvoir l&rsquo;am\u00e9lioration des conditions de vie et des opportunit\u00e9s pour les personnes vivant dans des situations vuln\u00e9rables, en particulier la petite enfance, l&rsquo;enfance et adolescence.<\/p>\n<p><strong>HISTORIQUE<\/strong><\/p>\n<p>Depuis 2007, nous d\u00e9veloppons des projets d&rsquo;Aide sociale, des Strat\u00e9gies de Pr\u00e9vention, de Protection et D\u00e9fense des enfants victimes de Violence, l&rsquo;\u00c9ducation aux Droits humains et aux responsabilit\u00e9s, le Leadership Organisation et les Valeurs.<\/p>\n<figure id=\"attachment_2623\" aria-describedby=\"caption-attachment-2623\" style=\"width: 300px\" class=\"wp-caption alignleft\"><a href=\"http:\/\/omaec.org\/wp-content\/uploads\/2016\/12\/DSC00887.jpg\" rel=\"attachment wp-att-2623\"><img loading=\"lazy\" decoding=\"async\" class=\"size-medium wp-image-2623\" src=\"http:\/\/omaec.org\/wp-content\/uploads\/2016\/12\/DSC00887-300x199.jpg\" alt=\"SONY DSC\" width=\"300\" height=\"199\" srcset=\"https:\/\/www.omaec.org\/wp-content\/uploads\/2016\/12\/DSC00887-300x199.jpg 300w, https:\/\/www.omaec.org\/wp-content\/uploads\/2016\/12\/DSC00887-768x510.jpg 768w, https:\/\/www.omaec.org\/wp-content\/uploads\/2016\/12\/DSC00887-1024x680.jpg 1024w, https:\/\/www.omaec.org\/wp-content\/uploads\/2016\/12\/DSC00887-600x399.jpg 600w, https:\/\/www.omaec.org\/wp-content\/uploads\/2016\/12\/DSC00887-150x100.jpg 150w, https:\/\/www.omaec.org\/wp-content\/uploads\/2016\/12\/DSC00887.jpg 1772w\" sizes=\"auto, (max-width: 300px) 100vw, 300px\" \/><\/a><figcaption id=\"caption-attachment-2623\" class=\"wp-caption-text\">SONY DSC<\/figcaption><\/figure>\n<p>Depuis janvier 2015, la Fondation Bolivie Digna met en \u0153uvre le Programme d&rsquo;action b\u00e9n\u00e9vole dans le but de consolider une culture du b\u00e9n\u00e9volat et de faire du service un mode de vie. A ce programme ont particip\u00e9 plus de 150 volontaires nationaux et pr\u00e8s de 100 volontaires internationaux de diff\u00e9rents pays: Angleterre, Irlande, Espagne, Allemagne, France, Su\u00e8de, Danemark, Norv\u00e8ge, Lituanie, Taiwan, Australie, \u00c9tats-Unis, Br\u00e9sil, Mexique. La dur\u00e9e d&rsquo;exp\u00e9rience de ces volontariats varie d&rsquo;un mois \u00e0 plus d&rsquo;un an.<\/p>\n<p><strong>PERSONNES AIDEES<\/strong><\/p>\n<p>Pour prendre en charge des enfants et des adolescents, en partenariat avec La Salle Bolivie, nous avons travaill\u00e9 dans quatre quartiers qui vivent dans la pauvret\u00e9.<\/p>\n<p>Dans ces zones, les enfants, dans leur grande majorit\u00e9 passent beaucoup de leur temps seuls \u00e0 la maison ou \u00e0 la garde d&rsquo;un grand fr\u00e8re ou sont eux-m\u00eames en charge de jeunes fr\u00e8res et s\u0153urs. Ils passent aussi plusieurs heures dans la rue. Cette situation met en danger leur sant\u00e9, leur int\u00e9grit\u00e9, leur d\u00e9veloppement et leur fait m\u00eame courir le risque d&rsquo;\u00eatre victimes de violence et de mal-traitements ou victimes de la traite et du trafic.<a href=\"http:\/\/omaec.org\/wp-content\/uploads\/2016\/12\/VOLUNTARIOS-Y-NI\u00d1OS-30.jpg\" rel=\"attachment wp-att-2626\"><img loading=\"lazy\" decoding=\"async\" class=\"size-medium wp-image-2626 alignright\" src=\"http:\/\/omaec.org\/wp-content\/uploads\/2016\/12\/VOLUNTARIOS-Y-NI\u00d1OS-30-300x201.jpg\" alt=\"VOLUNTARIOS Y NI\u00d1OS 30\" width=\"300\" height=\"201\" srcset=\"https:\/\/www.omaec.org\/wp-content\/uploads\/2016\/12\/VOLUNTARIOS-Y-NI\u00d1OS-30-300x201.jpg 300w, https:\/\/www.omaec.org\/wp-content\/uploads\/2016\/12\/VOLUNTARIOS-Y-NI\u00d1OS-30-768x514.jpg 768w, https:\/\/www.omaec.org\/wp-content\/uploads\/2016\/12\/VOLUNTARIOS-Y-NI\u00d1OS-30-600x401.jpg 600w, https:\/\/www.omaec.org\/wp-content\/uploads\/2016\/12\/VOLUNTARIOS-Y-NI\u00d1OS-30-150x100.jpg 150w, https:\/\/www.omaec.org\/wp-content\/uploads\/2016\/12\/VOLUNTARIOS-Y-NI\u00d1OS-30.jpg 960w\" sizes=\"auto, (max-width: 300px) 100vw, 300px\" \/><\/a><\/p>\n<p>Les projets b\u00e9n\u00e9ficiant directement \u00e0 plus de 250 nourrissons, enfants et\u00a0 adolescents et indirectement, \u00e0 une moyenne de 150 familles.<\/p>\n<p>Dans les quartiers Fondation Bolivie Digna a mis en \u0153uvre les projets suivants:<\/p>\n<p>\u00e9ducation pr\u00e9scolaire (salle de jeux), soutien scolaire, parler anglais (enseignement de l&rsquo;anglais), \u00e9cole de football, activit\u00e9s artistiques (musique, th\u00e9\u00e2tre, danse, etc), repas nutritifs, nettoyage et toilettage.<\/p>\n<p><strong>COMMENT sont financ\u00e9s les projets\u00a0?<\/strong><\/p>\n<p>Les projets sont financ\u00e9s et soutenus gr\u00e2ce \u00e0 l&rsquo;action des b\u00e9n\u00e9voles et seuls 20% du budget sont consacr\u00e9s aux salaires du personnel.<\/p>\n<p>Par cons\u00e9quent, votre contribution est essentielle pour assurer la durabilit\u00e9 des projets. Elle est destin\u00e9e \u00e0 l&rsquo;achat de mat\u00e9riaux et de projets d&rsquo;\u00e9quipement, aux b\u00e9n\u00e9ficiaires des approvisionnements et au transport des b\u00e9n\u00e9voles.<br \/>\n<strong>Plus d&rsquo;informations:<\/strong><\/p>\n<p><strong>Alvaro-Dante Gonz\u00e1lez Rodriguez &#8211;<span id=\"result_box\" class=\"short_text\" lang=\"fr\">Correspondant OMAEC en Bolivie<\/span><\/strong><\/p>\n<p><a href=\"mailto:dante@boliviadigna.org\">dante@boliviadigna.org<\/a><\/p>\n<p><a href=\"mailto:info@boliviadigna.org\">info@boliviadigna.org<\/a><\/p>\n<p><a href=\"http:\/\/www.boliviadigna.org\/\">www.boliviadigna.org<\/a><\/p>\n<p>&nbsp;<\/p>\n","protected":false},"excerpt":{"rendered":"<p>QUI SOMMES NOUS? La Fondation pour la Bolivie Digne est une ONG cr\u00e9\u00e9e en 2006 \u00e0 Cochabamba, en Bolivie par les anciens \u00e9l\u00e8ves de La Salle, dans le but de promouvoir et de d\u00e9fendre les droits des enfants, de l&rsquo;enfance, de l&rsquo;adolescence, des jeunes, des personnes \u00e2g\u00e9es et des secteurs sociaux vivant dans l&rsquo;exclusion et <a href=\"https:\/\/www.omaec.org\/fr\/fondation-bolivie-digna\/\" rel=\"nofollow\">(more&#8230;)<\/a><\/p>\n","protected":false},"author":1,"featured_media":2625,"comment_status":"open","ping_status":"open","sticky":false,"template":"","format":"standard","meta":{"footnotes":""},"categories":[46],"tags":[],"class_list":["post-2628","post","type-post","status-publish","format-standard","has-post-thumbnail","hentry","category-solidarite"],"acf":[],"yoast_head":"<!-- This site is optimized with the Yoast SEO plugin v20.11 - https:\/\/yoast.com\/wordpress\/plugins\/seo\/ -->\n<title>FONDATION POUR LA BOLIVIE DIGNE - Organizaci\u00f3n Mundial de Antiguos Alumnos de la Educaci\u00f3n Cat\u00f3lica<\/title>\n<meta name=\"robots\" content=\"index, follow, max-snippet:-1, max-image-preview:large, max-video-preview:-1\" \/>\n<link rel=\"canonical\" href=\"https:\/\/www.omaec.org\/bolivia-digna\/\" \/>\n<meta property=\"og:locale\" content=\"fr_FR\" \/>\n<meta property=\"og:type\" content=\"article\" \/>\n<meta property=\"og:title\" content=\"FONDATION POUR LA BOLIVIE DIGNE - Organizaci\u00f3n Mundial de Antiguos Alumnos de la Educaci\u00f3n Cat\u00f3lica\" \/>\n<meta property=\"og:description\" content=\"QUI SOMMES NOUS? La Fondation pour la Bolivie Digne est une ONG cr\u00e9\u00e9e en 2006 \u00e0 Cochabamba, en Bolivie par les anciens \u00e9l\u00e8ves de La Salle, dans le but de promouvoir et de d\u00e9fendre les droits des enfants, de l&rsquo;enfance, de l&rsquo;adolescence, des jeunes, des personnes \u00e2g\u00e9es et des secteurs sociaux vivant dans l&rsquo;exclusion et (more...)\" \/>\n<meta property=\"og:url\" content=\"https:\/\/www.omaec.org\/bolivia-digna\/\" \/>\n<meta property=\"og:site_name\" content=\"Organizaci\u00f3n Mundial de Antiguos Alumnos de la Educaci\u00f3n Cat\u00f3lica\" \/>\n<meta property=\"article:published_time\" content=\"2016-12-06T16:59:46+00:00\" \/>\n<meta property=\"article:modified_time\" content=\"2016-12-09T09:37:09+00:00\" \/>\n<meta property=\"og:image\" content=\"https:\/\/www.omaec.org\/wp-content\/uploads\/2016\/12\/NI\u00d1OS-32.jpg\" \/>\n\t<meta property=\"og:image:width\" content=\"2592\" \/>\n\t<meta property=\"og:image:height\" content=\"1944\" \/>\n\t<meta property=\"og:image:type\" content=\"image\/jpeg\" \/>\n<meta name=\"author\" content=\"Secretario General\" \/>\n<meta name=\"twitter:card\" content=\"summary_large_image\" \/>\n<meta name=\"twitter:label1\" content=\"\u00c9crit par\" \/>\n\t<meta name=\"twitter:data1\" content=\"Secretario General\" \/>\n\t<meta name=\"twitter:label2\" content=\"Dur\u00e9e de lecture estim\u00e9e\" \/>\n\t<meta name=\"twitter:data2\" content=\"3 minutes\" \/>\n<script type=\"application\/ld+json\" class=\"yoast-schema-graph\">{\"@context\":\"https:\/\/schema.org\",\"@graph\":[{\"@type\":\"Article\",\"@id\":\"https:\/\/www.omaec.org\/bolivia-digna\/#article\",\"isPartOf\":{\"@id\":\"https:\/\/www.omaec.org\/bolivia-digna\/\"},\"author\":{\"name\":\"Secretario General\",\"@id\":\"https:\/\/www.omaec.org\/#\/schema\/person\/b6995e5c4038e3cf602f2bb958068c35\"},\"headline\":\"FONDATION POUR LA BOLIVIE DIGNE\",\"datePublished\":\"2016-12-06T16:59:46+00:00\",\"dateModified\":\"2016-12-09T09:37:09+00:00\",\"mainEntityOfPage\":{\"@id\":\"https:\/\/www.omaec.org\/bolivia-digna\/\"},\"wordCount\":570,\"commentCount\":0,\"publisher\":{\"@id\":\"https:\/\/www.omaec.org\/#organization\"},\"articleSection\":[\"Solidarit\u00e9\"],\"inLanguage\":\"fr-FR\",\"potentialAction\":[{\"@type\":\"CommentAction\",\"name\":\"Comment\",\"target\":[\"https:\/\/www.omaec.org\/bolivia-digna\/#respond\"]}]},{\"@type\":\"WebPage\",\"@id\":\"https:\/\/www.omaec.org\/bolivia-digna\/\",\"url\":\"https:\/\/www.omaec.org\/bolivia-digna\/\",\"name\":\"FONDATION POUR LA BOLIVIE DIGNE - Organizaci\u00f3n Mundial de Antiguos Alumnos de la Educaci\u00f3n Cat\u00f3lica\",\"isPartOf\":{\"@id\":\"https:\/\/www.omaec.org\/#website\"},\"datePublished\":\"2016-12-06T16:59:46+00:00\",\"dateModified\":\"2016-12-09T09:37:09+00:00\",\"breadcrumb\":{\"@id\":\"https:\/\/www.omaec.org\/bolivia-digna\/#breadcrumb\"},\"inLanguage\":\"fr-FR\",\"potentialAction\":[{\"@type\":\"ReadAction\",\"target\":[\"https:\/\/www.omaec.org\/bolivia-digna\/\"]}]},{\"@type\":\"BreadcrumbList\",\"@id\":\"https:\/\/www.omaec.org\/bolivia-digna\/#breadcrumb\",\"itemListElement\":[{\"@type\":\"ListItem\",\"position\":1,\"name\":\"Portada\",\"item\":\"https:\/\/www.omaec.org\/fr\/\"},{\"@type\":\"ListItem\",\"position\":2,\"name\":\"FONDATION POUR LA BOLIVIE DIGNE\"}]},{\"@type\":\"WebSite\",\"@id\":\"https:\/\/www.omaec.org\/#website\",\"url\":\"https:\/\/www.omaec.org\/\",\"name\":\"Organizaci\u00f3n Mundial de Antiguos Alumnos de la Educaci\u00f3n Cat\u00f3lica\",\"description\":\"OMAEC\",\"publisher\":{\"@id\":\"https:\/\/www.omaec.org\/#organization\"},\"potentialAction\":[{\"@type\":\"SearchAction\",\"target\":{\"@type\":\"EntryPoint\",\"urlTemplate\":\"https:\/\/www.omaec.org\/?s={search_term_string}\"},\"query-input\":\"required name=search_term_string\"}],\"inLanguage\":\"fr-FR\"},{\"@type\":\"Organization\",\"@id\":\"https:\/\/www.omaec.org\/#organization\",\"name\":\"Organizaci\u00f3n Mundial de Antiguos Alumnos de la Educaci\u00f3n Cat\u00f3lica\",\"url\":\"https:\/\/www.omaec.org\/\",\"logo\":{\"@type\":\"ImageObject\",\"inLanguage\":\"fr-FR\",\"@id\":\"https:\/\/www.omaec.org\/#\/schema\/logo\/image\/\",\"url\":\"https:\/\/www.omaec.org\/wp-content\/uploads\/2021\/06\/OMAEC-LOGO-OFICIAL.jpg\",\"contentUrl\":\"https:\/\/www.omaec.org\/wp-content\/uploads\/2021\/06\/OMAEC-LOGO-OFICIAL.jpg\",\"width\":525,\"height\":452,\"caption\":\"Organizaci\u00f3n Mundial de Antiguos  Alumnos de la Educaci\u00f3n Cat\u00f3lica\"},\"image\":{\"@id\":\"https:\/\/www.omaec.org\/#\/schema\/logo\/image\/\"}},{\"@type\":\"Person\",\"@id\":\"https:\/\/www.omaec.org\/#\/schema\/person\/b6995e5c4038e3cf602f2bb958068c35\",\"name\":\"Secretario General\",\"image\":{\"@type\":\"ImageObject\",\"inLanguage\":\"fr-FR\",\"@id\":\"https:\/\/www.omaec.org\/#\/schema\/person\/image\/\",\"url\":\"https:\/\/www.omaec.org\/wp-content\/uploads\/2025\/03\/FOTO-GUILLERMO-GUTIERREZ-PIRAQUIVE-OMAEC-96x96.jpg\",\"contentUrl\":\"https:\/\/www.omaec.org\/wp-content\/uploads\/2025\/03\/FOTO-GUILLERMO-GUTIERREZ-PIRAQUIVE-OMAEC-96x96.jpg\",\"caption\":\"Secretario General\"},\"description\":\"EXPERIENCIA LABORAL: SERVICIO NACIONAL DE APRENDIZAJE-SENA Regional Bogot\u00e1. Centro de Gesti\u00f3n de Mercados, Log\u00edstica y Tecnolog\u00edas de la Informaci\u00f3n. \u00b7Instructor de Mercadeo. SERVICIO NACIONAL DE APRENDIZAJE-SENA Regional Bogot\u00e1. Centro de Gesti\u00f3n Administrativa. \u00b7Instructor de Ventas. ARTESAN\u00cdAS DE COLOMBIA. \u00b7Administrador Centro Artesanal La Chamba (Tolima). PROGRAMADORA TELECULTURALES. \u00b7Asistente de Direcci\u00f3n AGENCIAS DE PUBLICIDAD: REP Y MASTER \u00b7Jefe de Medios SANCHO PUBLICIDAD \u00b7Jefe de Tr\u00e1fico. LEO BURNETT \u00b7Asistente de Medios. EDUCACION: \u00b7FUNDACI\u00d3N UNIVERSITARIA SALESIANA Diplomado en Salesianidad. \u00b7POLIT\u00c9CNICO GRANCOLOMBIANO Especializaci\u00f3n en Gerencia de Mercadeo. \u00b7UNIVERSIDAD NACIONAL ABIERTA Y A DISTANCIA Administraci\u00f3n de Empresas. \u00b7SERVICIO NACIONAL DE APRENDIZAJE-SENA Mercadotecnia. \u00b7UNIVERSIDAD CENTRAL Publicidad. \u00b7COLEGIO SALESIANO DE LE\u00d3N XIII Bachiller Acad\u00e9mico. EXPERIENCIA EXALUMNAL: ASOCIACI\u00d3N DE EXALUMNOS SDB-AEXSDBINSPECTOR\u00cdA SAN PEDRO CLAVER Presidente Sexenio 2021-2027. \u00b7ASOCIACI\u00d3N DE EXALUMNOS SDB-AEXSDBINSPECTOR\u00cdA SAN PEDRO CLAVER Vicepresidente Sexenio 2015-2021. \u00b7COLEGIO SALESIANO DE LE\u00d3N XIII. L\u00edder Promoci\u00f3n 1969. EXALUMNAL\",\"url\":\"https:\/\/www.omaec.org\/fr\/author\/omaec-admin\/\"}]}<\/script>\n<!-- \/ Yoast SEO plugin. -->","yoast_head_json":{"title":"FONDATION POUR LA BOLIVIE DIGNE - Organizaci\u00f3n Mundial de Antiguos Alumnos de la Educaci\u00f3n Cat\u00f3lica","robots":{"index":"index","follow":"follow","max-snippet":"max-snippet:-1","max-image-preview":"max-image-preview:large","max-video-preview":"max-video-preview:-1"},"canonical":"https:\/\/www.omaec.org\/bolivia-digna\/","og_locale":"fr_FR","og_type":"article","og_title":"FONDATION POUR LA BOLIVIE DIGNE - Organizaci\u00f3n Mundial de Antiguos Alumnos de la Educaci\u00f3n Cat\u00f3lica","og_description":"QUI SOMMES NOUS? La Fondation pour la Bolivie Digne est une ONG cr\u00e9\u00e9e en 2006 \u00e0 Cochabamba, en Bolivie par les anciens \u00e9l\u00e8ves de La Salle, dans le but de promouvoir et de d\u00e9fendre les droits des enfants, de l&rsquo;enfance, de l&rsquo;adolescence, des jeunes, des personnes \u00e2g\u00e9es et des secteurs sociaux vivant dans l&rsquo;exclusion et (more...)","og_url":"https:\/\/www.omaec.org\/bolivia-digna\/","og_site_name":"Organizaci\u00f3n Mundial de Antiguos Alumnos de la Educaci\u00f3n Cat\u00f3lica","article_published_time":"2016-12-06T16:59:46+00:00","article_modified_time":"2016-12-09T09:37:09+00:00","og_image":[{"width":2592,"height":1944,"url":"https:\/\/www.omaec.org\/wp-content\/uploads\/2016\/12\/NI\u00d1OS-32.jpg","type":"image\/jpeg"}],"author":"Secretario General","twitter_card":"summary_large_image","twitter_misc":{"\u00c9crit par":"Secretario General","Dur\u00e9e de lecture estim\u00e9e":"3 minutes"},"schema":{"@context":"https:\/\/schema.org","@graph":[{"@type":"Article","@id":"https:\/\/www.omaec.org\/bolivia-digna\/#article","isPartOf":{"@id":"https:\/\/www.omaec.org\/bolivia-digna\/"},"author":{"name":"Secretario General","@id":"https:\/\/www.omaec.org\/#\/schema\/person\/b6995e5c4038e3cf602f2bb958068c35"},"headline":"FONDATION POUR LA BOLIVIE DIGNE","datePublished":"2016-12-06T16:59:46+00:00","dateModified":"2016-12-09T09:37:09+00:00","mainEntityOfPage":{"@id":"https:\/\/www.omaec.org\/bolivia-digna\/"},"wordCount":570,"commentCount":0,"publisher":{"@id":"https:\/\/www.omaec.org\/#organization"},"articleSection":["Solidarit\u00e9"],"inLanguage":"fr-FR","potentialAction":[{"@type":"CommentAction","name":"Comment","target":["https:\/\/www.omaec.org\/bolivia-digna\/#respond"]}]},{"@type":"WebPage","@id":"https:\/\/www.omaec.org\/bolivia-digna\/","url":"https:\/\/www.omaec.org\/bolivia-digna\/","name":"FONDATION POUR LA BOLIVIE DIGNE - Organizaci\u00f3n Mundial de Antiguos Alumnos de la Educaci\u00f3n Cat\u00f3lica","isPartOf":{"@id":"https:\/\/www.omaec.org\/#website"},"datePublished":"2016-12-06T16:59:46+00:00","dateModified":"2016-12-09T09:37:09+00:00","breadcrumb":{"@id":"https:\/\/www.omaec.org\/bolivia-digna\/#breadcrumb"},"inLanguage":"fr-FR","potentialAction":[{"@type":"ReadAction","target":["https:\/\/www.omaec.org\/bolivia-digna\/"]}]},{"@type":"BreadcrumbList","@id":"https:\/\/www.omaec.org\/bolivia-digna\/#breadcrumb","itemListElement":[{"@type":"ListItem","position":1,"name":"Portada","item":"https:\/\/www.omaec.org\/fr\/"},{"@type":"ListItem","position":2,"name":"FONDATION POUR LA BOLIVIE DIGNE"}]},{"@type":"WebSite","@id":"https:\/\/www.omaec.org\/#website","url":"https:\/\/www.omaec.org\/","name":"Organizaci\u00f3n Mundial de Antiguos Alumnos de la Educaci\u00f3n Cat\u00f3lica","description":"OMAEC","publisher":{"@id":"https:\/\/www.omaec.org\/#organization"},"potentialAction":[{"@type":"SearchAction","target":{"@type":"EntryPoint","urlTemplate":"https:\/\/www.omaec.org\/?s={search_term_string}"},"query-input":"required name=search_term_string"}],"inLanguage":"fr-FR"},{"@type":"Organization","@id":"https:\/\/www.omaec.org\/#organization","name":"Organizaci\u00f3n Mundial de Antiguos Alumnos de la Educaci\u00f3n Cat\u00f3lica","url":"https:\/\/www.omaec.org\/","logo":{"@type":"ImageObject","inLanguage":"fr-FR","@id":"https:\/\/www.omaec.org\/#\/schema\/logo\/image\/","url":"https:\/\/www.omaec.org\/wp-content\/uploads\/2021\/06\/OMAEC-LOGO-OFICIAL.jpg","contentUrl":"https:\/\/www.omaec.org\/wp-content\/uploads\/2021\/06\/OMAEC-LOGO-OFICIAL.jpg","width":525,"height":452,"caption":"Organizaci\u00f3n Mundial de Antiguos  Alumnos de la Educaci\u00f3n Cat\u00f3lica"},"image":{"@id":"https:\/\/www.omaec.org\/#\/schema\/logo\/image\/"}},{"@type":"Person","@id":"https:\/\/www.omaec.org\/#\/schema\/person\/b6995e5c4038e3cf602f2bb958068c35","name":"Secretario General","image":{"@type":"ImageObject","inLanguage":"fr-FR","@id":"https:\/\/www.omaec.org\/#\/schema\/person\/image\/","url":"https:\/\/www.omaec.org\/wp-content\/uploads\/2025\/03\/FOTO-GUILLERMO-GUTIERREZ-PIRAQUIVE-OMAEC-96x96.jpg","contentUrl":"https:\/\/www.omaec.org\/wp-content\/uploads\/2025\/03\/FOTO-GUILLERMO-GUTIERREZ-PIRAQUIVE-OMAEC-96x96.jpg","caption":"Secretario General"},"description":"EXPERIENCIA LABORAL: SERVICIO NACIONAL DE APRENDIZAJE-SENA Regional Bogot\u00e1. Centro de Gesti\u00f3n de Mercados, Log\u00edstica y Tecnolog\u00edas de la Informaci\u00f3n. \u00b7Instructor de Mercadeo. SERVICIO NACIONAL DE APRENDIZAJE-SENA Regional Bogot\u00e1. Centro de Gesti\u00f3n Administrativa. \u00b7Instructor de Ventas. ARTESAN\u00cdAS DE COLOMBIA. \u00b7Administrador Centro Artesanal La Chamba (Tolima). PROGRAMADORA TELECULTURALES. \u00b7Asistente de Direcci\u00f3n AGENCIAS DE PUBLICIDAD: REP Y MASTER \u00b7Jefe de Medios SANCHO PUBLICIDAD \u00b7Jefe de Tr\u00e1fico. LEO BURNETT \u00b7Asistente de Medios. EDUCACION: \u00b7FUNDACI\u00d3N UNIVERSITARIA SALESIANA Diplomado en Salesianidad. \u00b7POLIT\u00c9CNICO GRANCOLOMBIANO Especializaci\u00f3n en Gerencia de Mercadeo. \u00b7UNIVERSIDAD NACIONAL ABIERTA Y A DISTANCIA Administraci\u00f3n de Empresas. \u00b7SERVICIO NACIONAL DE APRENDIZAJE-SENA Mercadotecnia. \u00b7UNIVERSIDAD CENTRAL Publicidad. \u00b7COLEGIO SALESIANO DE LE\u00d3N XIII Bachiller Acad\u00e9mico. EXPERIENCIA EXALUMNAL: ASOCIACI\u00d3N DE EXALUMNOS SDB-AEXSDBINSPECTOR\u00cdA SAN PEDRO CLAVER Presidente Sexenio 2021-2027. \u00b7ASOCIACI\u00d3N DE EXALUMNOS SDB-AEXSDBINSPECTOR\u00cdA SAN PEDRO CLAVER Vicepresidente Sexenio 2015-2021. \u00b7COLEGIO SALESIANO DE LE\u00d3N XIII. L\u00edder Promoci\u00f3n 1969. EXALUMNAL","url":"https:\/\/www.omaec.org\/fr\/author\/omaec-admin\/"}]}},"_links":{"self":[{"href":"https:\/\/www.omaec.org\/fr\/wp-json\/wp\/v2\/posts\/2628","targetHints":{"allow":["GET"]}}],"collection":[{"href":"https:\/\/www.omaec.org\/fr\/wp-json\/wp\/v2\/posts"}],"about":[{"href":"https:\/\/www.omaec.org\/fr\/wp-json\/wp\/v2\/types\/post"}],"author":[{"embeddable":true,"href":"https:\/\/www.omaec.org\/fr\/wp-json\/wp\/v2\/users\/1"}],"replies":[{"embeddable":true,"href":"https:\/\/www.omaec.org\/fr\/wp-json\/wp\/v2\/comments?post=2628"}],"version-history":[{"count":2,"href":"https:\/\/www.omaec.org\/fr\/wp-json\/wp\/v2\/posts\/2628\/revisions"}],"predecessor-version":[{"id":2639,"href":"https:\/\/www.omaec.org\/fr\/wp-json\/wp\/v2\/posts\/2628\/revisions\/2639"}],"wp:featuredmedia":[{"embeddable":true,"href":"https:\/\/www.omaec.org\/fr\/wp-json\/wp\/v2\/media\/2625"}],"wp:attachment":[{"href":"https:\/\/www.omaec.org\/fr\/wp-json\/wp\/v2\/media?parent=2628"}],"wp:term":[{"taxonomy":"category","embeddable":true,"href":"https:\/\/www.omaec.org\/fr\/wp-json\/wp\/v2\/categories?post=2628"},{"taxonomy":"post_tag","embeddable":true,"href":"https:\/\/www.omaec.org\/fr\/wp-json\/wp\/v2\/tags?post=2628"}],"curies":[{"name":"wp","href":"https:\/\/api.w.org\/{rel}","templated":true}]}}