{"id":20975,"date":"2025-10-16T06:15:26","date_gmt":"2025-10-16T05:15:26","guid":{"rendered":"https:\/\/www.omaec.org\/?p=20975"},"modified":"2025-10-22T03:14:03","modified_gmt":"2025-10-22T02:14:03","slug":"remeciements-speciaux","status":"publish","type":"post","link":"https:\/\/www.omaec.org\/fr\/remeciements-speciaux\/","title":{"rendered":"REMECIEMENTS SP\u00c9CIAUX"},"content":{"rendered":"<p>Nous remercions l&rsquo;Universit\u00e9 catholique de Santa Fe et l&rsquo;OMAEC de nous avoir offert la merveilleuse opportunit\u00e9 de participer au Dipl\u00f4me de \u00abDoctrine sociale de l\u2019\u00c9glise\u00bb. Ce fut une exp\u00e9rience formidable, riche en connaissances et en apprentissages, qui nous engage encore davantage \u00e0 b\u00e2tir une soci\u00e9t\u00e9 d&rsquo;amour, afin que nous puissions atteindre le Royaume des Cieux ensemble et non seuls.<\/p>\n<p>Nous remercions particuli\u00e8rement notre professeur et mentor pour le Dipl\u00f4me, le Dr Fabi\u00e1n Jerkovich, directeur de l&rsquo;Institut de Doctrine sociale de l&rsquo;\u00c9glise de l&rsquo;Universit\u00e9 catholique de Santa Fe. Nous vous sommes tr\u00e8s reconnaissants. Plus qu&rsquo;un professeur, vous \u00eates devenu un ami; votre proximit\u00e9 a \u00e9t\u00e9 essentielle \u00e0 la r\u00e9alisation de nos objectifs.<\/p>\n<p>Ch\u00e8re Evangelina, quel d\u00e9vouement et quel engagement vous manifestez! Tout effort pour le bien porte des fruits vertueux. Nous saluons \u00e9galement les efforts et le travail remarquable du Dr Alfonso Giraldo pour la croissance de l&rsquo;OMAEC et de ses membres, dans le seul but de nous permettre de servir davantage et mieux. Nous tenons \u00e9galement \u00e0 remercier toute l&rsquo;\u00e9quipe de l&rsquo;universit\u00e9 et de l&rsquo;OMAEC. Sans une \u00e9quipe, de tels projets ne seraient pas possibles. Enfin, et surtout, merci aux nombreux professeurs de haut niveau pour leurs cours, pr\u00e9sentations, cours et exp\u00e9riences d&rsquo;apprentissage passionnants! Quel parcours!<\/p>\n<p>Merci \u00e0 tous pour tout.<\/p>\n<p>Edwin Ramones Quiroga, correspondant de l&rsquo;OMAEC au Venezuela<\/p>\n","protected":false},"excerpt":{"rendered":"<p>Nous remercions l&rsquo;Universit\u00e9 catholique de Santa Fe et l&rsquo;OMAEC de nous avoir offert la merveilleuse opportunit\u00e9 de participer au Dipl\u00f4me de \u00abDoctrine sociale de l\u2019\u00c9glise\u00bb. Ce fut une exp\u00e9rience formidable, riche en connaissances et en apprentissages, qui nous engage encore davantage \u00e0 b\u00e2tir une soci\u00e9t\u00e9 d&rsquo;amour, afin que nous puissions atteindre le Royaume des Cieux <a href=\"https:\/\/www.omaec.org\/fr\/remeciements-speciaux\/\" rel=\"nofollow\">(more&#8230;)<\/a><\/p>\n","protected":false},"author":9,"featured_media":20999,"comment_status":"closed","ping_status":"open","sticky":false,"template":"","format":"standard","meta":{"footnotes":""},"categories":[40],"tags":[],"class_list":["post-20975","post","type-post","status-publish","format-standard","has-post-thumbnail","hentry","category-sin-categoria-fr"],"acf":[],"yoast_head":"<!-- This site is optimized with the Yoast SEO plugin v20.11 - https:\/\/yoast.com\/wordpress\/plugins\/seo\/ -->\n<title>REMECIEMENTS SP\u00c9CIAUX - Organizaci\u00f3n Mundial de Antiguos Alumnos de la Educaci\u00f3n Cat\u00f3lica<\/title>\n<meta name=\"robots\" content=\"index, follow, max-snippet:-1, max-image-preview:large, max-video-preview:-1\" \/>\n<link rel=\"canonical\" href=\"https:\/\/www.omaec.org\/fr\/remeciements-speciaux\/\" \/>\n<meta property=\"og:locale\" content=\"fr_FR\" \/>\n<meta property=\"og:type\" content=\"article\" \/>\n<meta property=\"og:title\" content=\"REMECIEMENTS SP\u00c9CIAUX - Organizaci\u00f3n Mundial de Antiguos Alumnos de la Educaci\u00f3n Cat\u00f3lica\" \/>\n<meta property=\"og:description\" content=\"Nous remercions l&rsquo;Universit\u00e9 catholique de Santa Fe et l&rsquo;OMAEC de nous avoir offert la merveilleuse opportunit\u00e9 de participer au Dipl\u00f4me de \u00abDoctrine sociale de l\u2019\u00c9glise\u00bb. Ce fut une exp\u00e9rience formidable, riche en connaissances et en apprentissages, qui nous engage encore davantage \u00e0 b\u00e2tir une soci\u00e9t\u00e9 d&rsquo;amour, afin que nous puissions atteindre le Royaume des Cieux (more...)\" \/>\n<meta property=\"og:url\" content=\"https:\/\/www.omaec.org\/fr\/remeciements-speciaux\/\" \/>\n<meta property=\"og:site_name\" content=\"Organizaci\u00f3n Mundial de Antiguos Alumnos de la Educaci\u00f3n Cat\u00f3lica\" \/>\n<meta property=\"article:published_time\" content=\"2025-10-16T05:15:26+00:00\" \/>\n<meta property=\"article:modified_time\" content=\"2025-10-22T02:14:03+00:00\" \/>\n<meta property=\"og:image\" content=\"https:\/\/www.omaec.org\/wp-content\/uploads\/2025\/10\/logos-U-Sta-Fe-y-logo-OMAEC-1-e1761099210791.jpg\" \/>\n\t<meta property=\"og:image:width\" content=\"379\" \/>\n\t<meta property=\"og:image:height\" content=\"161\" \/>\n\t<meta property=\"og:image:type\" content=\"image\/jpeg\" \/>\n<meta name=\"author\" content=\"Virginia Gonz\u00e1lez\" \/>\n<meta name=\"twitter:card\" content=\"summary_large_image\" \/>\n<meta name=\"twitter:label1\" content=\"\u00c9crit par\" \/>\n\t<meta name=\"twitter:data1\" content=\"Virginia Gonz\u00e1lez\" \/>\n\t<meta name=\"twitter:label2\" content=\"Dur\u00e9e de lecture estim\u00e9e\" \/>\n\t<meta name=\"twitter:data2\" content=\"2 minutes\" \/>\n<script type=\"application\/ld+json\" class=\"yoast-schema-graph\">{\"@context\":\"https:\/\/schema.org\",\"@graph\":[{\"@type\":\"Article\",\"@id\":\"https:\/\/www.omaec.org\/fr\/remeciements-speciaux\/#article\",\"isPartOf\":{\"@id\":\"https:\/\/www.omaec.org\/fr\/remeciements-speciaux\/\"},\"author\":{\"name\":\"Virginia Gonz\u00e1lez\",\"@id\":\"https:\/\/www.omaec.org\/#\/schema\/person\/06cce3f97284b58f7c5365f117dfe895\"},\"headline\":\"REMECIEMENTS SP\u00c9CIAUX\",\"datePublished\":\"2025-10-16T05:15:26+00:00\",\"dateModified\":\"2025-10-22T02:14:03+00:00\",\"mainEntityOfPage\":{\"@id\":\"https:\/\/www.omaec.org\/fr\/remeciements-speciaux\/\"},\"wordCount\":245,\"publisher\":{\"@id\":\"https:\/\/www.omaec.org\/#organization\"},\"articleSection\":[\"Sans cat\u00e9gorie\"],\"inLanguage\":\"fr-FR\"},{\"@type\":\"WebPage\",\"@id\":\"https:\/\/www.omaec.org\/fr\/remeciements-speciaux\/\",\"url\":\"https:\/\/www.omaec.org\/fr\/remeciements-speciaux\/\",\"name\":\"REMECIEMENTS SP\u00c9CIAUX - Organizaci\u00f3n Mundial de Antiguos Alumnos de la Educaci\u00f3n Cat\u00f3lica\",\"isPartOf\":{\"@id\":\"https:\/\/www.omaec.org\/#website\"},\"datePublished\":\"2025-10-16T05:15:26+00:00\",\"dateModified\":\"2025-10-22T02:14:03+00:00\",\"breadcrumb\":{\"@id\":\"https:\/\/www.omaec.org\/fr\/remeciements-speciaux\/#breadcrumb\"},\"inLanguage\":\"fr-FR\",\"potentialAction\":[{\"@type\":\"ReadAction\",\"target\":[\"https:\/\/www.omaec.org\/fr\/remeciements-speciaux\/\"]}]},{\"@type\":\"BreadcrumbList\",\"@id\":\"https:\/\/www.omaec.org\/fr\/remeciements-speciaux\/#breadcrumb\",\"itemListElement\":[{\"@type\":\"ListItem\",\"position\":1,\"name\":\"Portada\",\"item\":\"https:\/\/www.omaec.org\/fr\/\"},{\"@type\":\"ListItem\",\"position\":2,\"name\":\"REMECIEMENTS SP\u00c9CIAUX\"}]},{\"@type\":\"WebSite\",\"@id\":\"https:\/\/www.omaec.org\/#website\",\"url\":\"https:\/\/www.omaec.org\/\",\"name\":\"Organizaci\u00f3n Mundial de Antiguos Alumnos de la Educaci\u00f3n Cat\u00f3lica\",\"description\":\"OMAEC\",\"publisher\":{\"@id\":\"https:\/\/www.omaec.org\/#organization\"},\"potentialAction\":[{\"@type\":\"SearchAction\",\"target\":{\"@type\":\"EntryPoint\",\"urlTemplate\":\"https:\/\/www.omaec.org\/?s={search_term_string}\"},\"query-input\":\"required name=search_term_string\"}],\"inLanguage\":\"fr-FR\"},{\"@type\":\"Organization\",\"@id\":\"https:\/\/www.omaec.org\/#organization\",\"name\":\"Organizaci\u00f3n Mundial de Antiguos Alumnos de la Educaci\u00f3n Cat\u00f3lica\",\"url\":\"https:\/\/www.omaec.org\/\",\"logo\":{\"@type\":\"ImageObject\",\"inLanguage\":\"fr-FR\",\"@id\":\"https:\/\/www.omaec.org\/#\/schema\/logo\/image\/\",\"url\":\"https:\/\/www.omaec.org\/wp-content\/uploads\/2021\/06\/OMAEC-LOGO-OFICIAL.jpg\",\"contentUrl\":\"https:\/\/www.omaec.org\/wp-content\/uploads\/2021\/06\/OMAEC-LOGO-OFICIAL.jpg\",\"width\":525,\"height\":452,\"caption\":\"Organizaci\u00f3n Mundial de Antiguos  Alumnos de la Educaci\u00f3n Cat\u00f3lica\"},\"image\":{\"@id\":\"https:\/\/www.omaec.org\/#\/schema\/logo\/image\/\"}},{\"@type\":\"Person\",\"@id\":\"https:\/\/www.omaec.org\/#\/schema\/person\/06cce3f97284b58f7c5365f117dfe895\",\"name\":\"Virginia Gonz\u00e1lez\",\"image\":{\"@type\":\"ImageObject\",\"inLanguage\":\"fr-FR\",\"@id\":\"https:\/\/www.omaec.org\/#\/schema\/person\/image\/\",\"url\":\"https:\/\/www.omaec.org\/wp-content\/uploads\/2023\/02\/FOTO-VIRGINIA-96x96.jpeg\",\"contentUrl\":\"https:\/\/www.omaec.org\/wp-content\/uploads\/2023\/02\/FOTO-VIRGINIA-96x96.jpeg\",\"caption\":\"Virginia Gonz\u00e1lez\"},\"url\":\"https:\/\/www.omaec.org\/fr\/author\/comunicaciones\/\"}]}<\/script>\n<!-- \/ Yoast SEO plugin. -->","yoast_head_json":{"title":"REMECIEMENTS SP\u00c9CIAUX - Organizaci\u00f3n Mundial de Antiguos Alumnos de la Educaci\u00f3n Cat\u00f3lica","robots":{"index":"index","follow":"follow","max-snippet":"max-snippet:-1","max-image-preview":"max-image-preview:large","max-video-preview":"max-video-preview:-1"},"canonical":"https:\/\/www.omaec.org\/fr\/remeciements-speciaux\/","og_locale":"fr_FR","og_type":"article","og_title":"REMECIEMENTS SP\u00c9CIAUX - Organizaci\u00f3n Mundial de Antiguos Alumnos de la Educaci\u00f3n Cat\u00f3lica","og_description":"Nous remercions l&rsquo;Universit\u00e9 catholique de Santa Fe et l&rsquo;OMAEC de nous avoir offert la merveilleuse opportunit\u00e9 de participer au Dipl\u00f4me de \u00abDoctrine sociale de l\u2019\u00c9glise\u00bb. Ce fut une exp\u00e9rience formidable, riche en connaissances et en apprentissages, qui nous engage encore davantage \u00e0 b\u00e2tir une soci\u00e9t\u00e9 d&rsquo;amour, afin que nous puissions atteindre le Royaume des Cieux (more...)","og_url":"https:\/\/www.omaec.org\/fr\/remeciements-speciaux\/","og_site_name":"Organizaci\u00f3n Mundial de Antiguos Alumnos de la Educaci\u00f3n Cat\u00f3lica","article_published_time":"2025-10-16T05:15:26+00:00","article_modified_time":"2025-10-22T02:14:03+00:00","og_image":[{"width":379,"height":161,"url":"https:\/\/www.omaec.org\/wp-content\/uploads\/2025\/10\/logos-U-Sta-Fe-y-logo-OMAEC-1-e1761099210791.jpg","type":"image\/jpeg"}],"author":"Virginia Gonz\u00e1lez","twitter_card":"summary_large_image","twitter_misc":{"\u00c9crit par":"Virginia Gonz\u00e1lez","Dur\u00e9e de lecture estim\u00e9e":"2 minutes"},"schema":{"@context":"https:\/\/schema.org","@graph":[{"@type":"Article","@id":"https:\/\/www.omaec.org\/fr\/remeciements-speciaux\/#article","isPartOf":{"@id":"https:\/\/www.omaec.org\/fr\/remeciements-speciaux\/"},"author":{"name":"Virginia Gonz\u00e1lez","@id":"https:\/\/www.omaec.org\/#\/schema\/person\/06cce3f97284b58f7c5365f117dfe895"},"headline":"REMECIEMENTS SP\u00c9CIAUX","datePublished":"2025-10-16T05:15:26+00:00","dateModified":"2025-10-22T02:14:03+00:00","mainEntityOfPage":{"@id":"https:\/\/www.omaec.org\/fr\/remeciements-speciaux\/"},"wordCount":245,"publisher":{"@id":"https:\/\/www.omaec.org\/#organization"},"articleSection":["Sans cat\u00e9gorie"],"inLanguage":"fr-FR"},{"@type":"WebPage","@id":"https:\/\/www.omaec.org\/fr\/remeciements-speciaux\/","url":"https:\/\/www.omaec.org\/fr\/remeciements-speciaux\/","name":"REMECIEMENTS SP\u00c9CIAUX - Organizaci\u00f3n Mundial de Antiguos Alumnos de la Educaci\u00f3n Cat\u00f3lica","isPartOf":{"@id":"https:\/\/www.omaec.org\/#website"},"datePublished":"2025-10-16T05:15:26+00:00","dateModified":"2025-10-22T02:14:03+00:00","breadcrumb":{"@id":"https:\/\/www.omaec.org\/fr\/remeciements-speciaux\/#breadcrumb"},"inLanguage":"fr-FR","potentialAction":[{"@type":"ReadAction","target":["https:\/\/www.omaec.org\/fr\/remeciements-speciaux\/"]}]},{"@type":"BreadcrumbList","@id":"https:\/\/www.omaec.org\/fr\/remeciements-speciaux\/#breadcrumb","itemListElement":[{"@type":"ListItem","position":1,"name":"Portada","item":"https:\/\/www.omaec.org\/fr\/"},{"@type":"ListItem","position":2,"name":"REMECIEMENTS SP\u00c9CIAUX"}]},{"@type":"WebSite","@id":"https:\/\/www.omaec.org\/#website","url":"https:\/\/www.omaec.org\/","name":"Organizaci\u00f3n Mundial de Antiguos Alumnos de la Educaci\u00f3n Cat\u00f3lica","description":"OMAEC","publisher":{"@id":"https:\/\/www.omaec.org\/#organization"},"potentialAction":[{"@type":"SearchAction","target":{"@type":"EntryPoint","urlTemplate":"https:\/\/www.omaec.org\/?s={search_term_string}"},"query-input":"required name=search_term_string"}],"inLanguage":"fr-FR"},{"@type":"Organization","@id":"https:\/\/www.omaec.org\/#organization","name":"Organizaci\u00f3n Mundial de Antiguos Alumnos de la Educaci\u00f3n Cat\u00f3lica","url":"https:\/\/www.omaec.org\/","logo":{"@type":"ImageObject","inLanguage":"fr-FR","@id":"https:\/\/www.omaec.org\/#\/schema\/logo\/image\/","url":"https:\/\/www.omaec.org\/wp-content\/uploads\/2021\/06\/OMAEC-LOGO-OFICIAL.jpg","contentUrl":"https:\/\/www.omaec.org\/wp-content\/uploads\/2021\/06\/OMAEC-LOGO-OFICIAL.jpg","width":525,"height":452,"caption":"Organizaci\u00f3n Mundial de Antiguos  Alumnos de la Educaci\u00f3n Cat\u00f3lica"},"image":{"@id":"https:\/\/www.omaec.org\/#\/schema\/logo\/image\/"}},{"@type":"Person","@id":"https:\/\/www.omaec.org\/#\/schema\/person\/06cce3f97284b58f7c5365f117dfe895","name":"Virginia Gonz\u00e1lez","image":{"@type":"ImageObject","inLanguage":"fr-FR","@id":"https:\/\/www.omaec.org\/#\/schema\/person\/image\/","url":"https:\/\/www.omaec.org\/wp-content\/uploads\/2023\/02\/FOTO-VIRGINIA-96x96.jpeg","contentUrl":"https:\/\/www.omaec.org\/wp-content\/uploads\/2023\/02\/FOTO-VIRGINIA-96x96.jpeg","caption":"Virginia Gonz\u00e1lez"},"url":"https:\/\/www.omaec.org\/fr\/author\/comunicaciones\/"}]}},"_links":{"self":[{"href":"https:\/\/www.omaec.org\/fr\/wp-json\/wp\/v2\/posts\/20975","targetHints":{"allow":["GET"]}}],"collection":[{"href":"https:\/\/www.omaec.org\/fr\/wp-json\/wp\/v2\/posts"}],"about":[{"href":"https:\/\/www.omaec.org\/fr\/wp-json\/wp\/v2\/types\/post"}],"author":[{"embeddable":true,"href":"https:\/\/www.omaec.org\/fr\/wp-json\/wp\/v2\/users\/9"}],"replies":[{"embeddable":true,"href":"https:\/\/www.omaec.org\/fr\/wp-json\/wp\/v2\/comments?post=20975"}],"version-history":[{"count":2,"href":"https:\/\/www.omaec.org\/fr\/wp-json\/wp\/v2\/posts\/20975\/revisions"}],"predecessor-version":[{"id":20997,"href":"https:\/\/www.omaec.org\/fr\/wp-json\/wp\/v2\/posts\/20975\/revisions\/20997"}],"wp:featuredmedia":[{"embeddable":true,"href":"https:\/\/www.omaec.org\/fr\/wp-json\/wp\/v2\/media\/20999"}],"wp:attachment":[{"href":"https:\/\/www.omaec.org\/fr\/wp-json\/wp\/v2\/media?parent=20975"}],"wp:term":[{"taxonomy":"category","embeddable":true,"href":"https:\/\/www.omaec.org\/fr\/wp-json\/wp\/v2\/categories?post=20975"},{"taxonomy":"post_tag","embeddable":true,"href":"https:\/\/www.omaec.org\/fr\/wp-json\/wp\/v2\/tags?post=20975"}],"curies":[{"name":"wp","href":"https:\/\/api.w.org\/{rel}","templated":true}]}}