{"id":20908,"date":"2025-08-30T19:31:08","date_gmt":"2025-08-30T18:31:08","guid":{"rendered":"https:\/\/www.omaec.org\/?p=20908"},"modified":"2025-08-30T20:55:15","modified_gmt":"2025-08-30T19:55:15","slug":"rencontre-du-president-de-lomaec-avec-lequipe-de-travail","status":"publish","type":"post","link":"https:\/\/www.omaec.org\/fr\/rencontre-du-president-de-lomaec-avec-lequipe-de-travail\/","title":{"rendered":"RENCONTRE DU PR\u00c9SIDENT DE L&rsquo;OMAEC AVEC L&rsquo;\u00c9QUIPE DE TRAVAIL"},"content":{"rendered":"<p>Le samedi 30 ao\u00fbt 2025, Alfonso Giraldo Saavedra, pr\u00e9sident de l&rsquo;Organisation mondiale des anciens \u00e9l\u00e8ves de l&rsquo;\u00e9ducation catholique (OMAEC), a rencontr\u00e9 virtuellement l&rsquo;\u00e9quipe de travail compos\u00e9e de\u00a0: Federica Rossi Germani, conseill\u00e8re aupr\u00e8s des congr\u00e9gations\u00a0; Marco Russo, d\u00e9l\u00e9gu\u00e9 aupr\u00e8s du Saint-Si\u00e8ge\u00a0; Geovanny Duffer, d\u00e9l\u00e9gu\u00e9 aupr\u00e8s des Nations Unies\u00a0; Virginia Gonz\u00e1lez, directrice du d\u00e9partement de la communication\u00a0; Alejandro Galv\u00e1n Illanes, conseiller juridique\u00a0; Alexander Silva Le\u00f3n, directeur du d\u00e9partement de la formation continue\u00a0; et Guillermo Igreda Quintana, directeur du d\u00e9partement de la solidarit\u00e9 et de la justice sociale. \u00c9taient \u00e9galement pr\u00e9sents Evangelina Garc\u00eda Richard, vice-pr\u00e9sidente (pr\u00e9sidente de l&rsquo;UNAEC-Am\u00e9rique), et Guillermo Guti\u00e9rrez Piraquive, secr\u00e9taire g\u00e9n\u00e9ral.<\/p>\n<p>Cette r\u00e9union s&rsquo;est d\u00e9roul\u00e9e de 9h00 (Colombie-Panama-P\u00e9rou) \u00e0 11h00 (Argentine), 8h00 (Mexique), 16h00 (Italie) et 17h00 (Gr\u00e8ce). Elle visait \u00e0 \u00e9valuer les activit\u00e9s de chaque d\u00e9l\u00e9gation ou direction, \u00e0 explorer les propositions dans chaque domaine et \u00e0 d\u00e9terminer les activit\u00e9s \u00e0 venir pour 2025-2026.<\/p>\n<p>Photo\u00a0: Avec l&rsquo;aimable autorisation de Geovanny Duffer<\/p>\n","protected":false},"excerpt":{"rendered":"<p>Le samedi 30 ao\u00fbt 2025, Alfonso Giraldo Saavedra, pr\u00e9sident de l&rsquo;Organisation mondiale des anciens \u00e9l\u00e8ves de l&rsquo;\u00e9ducation catholique (OMAEC), a rencontr\u00e9 virtuellement l&rsquo;\u00e9quipe de travail compos\u00e9e de\u00a0: Federica Rossi Germani, conseill\u00e8re aupr\u00e8s des congr\u00e9gations\u00a0; Marco Russo, d\u00e9l\u00e9gu\u00e9 aupr\u00e8s du Saint-Si\u00e8ge\u00a0; Geovanny Duffer, d\u00e9l\u00e9gu\u00e9 aupr\u00e8s des Nations Unies\u00a0; Virginia Gonz\u00e1lez, directrice du d\u00e9partement de la communication\u00a0; <a href=\"https:\/\/www.omaec.org\/fr\/rencontre-du-president-de-lomaec-avec-lequipe-de-travail\/\" rel=\"nofollow\">(more&#8230;)<\/a><\/p>\n","protected":false},"author":1,"featured_media":20906,"comment_status":"closed","ping_status":"open","sticky":false,"template":"","format":"standard","meta":{"footnotes":""},"categories":[40],"tags":[],"class_list":["post-20908","post","type-post","status-publish","format-standard","has-post-thumbnail","hentry","category-sin-categoria-fr"],"acf":[],"yoast_head":"<!-- This site is optimized with the Yoast SEO plugin v20.11 - https:\/\/yoast.com\/wordpress\/plugins\/seo\/ -->\n<title>RENCONTRE DU PR\u00c9SIDENT DE L&#039;OMAEC AVEC L&#039;\u00c9QUIPE DE TRAVAIL - Organizaci\u00f3n Mundial de Antiguos Alumnos de la Educaci\u00f3n Cat\u00f3lica<\/title>\n<meta name=\"robots\" content=\"index, follow, max-snippet:-1, max-image-preview:large, max-video-preview:-1\" \/>\n<link rel=\"canonical\" href=\"https:\/\/www.omaec.org\/fr\/rencontre-du-president-de-lomaec-avec-lequipe-de-travail\/\" \/>\n<meta property=\"og:locale\" content=\"fr_FR\" \/>\n<meta property=\"og:type\" content=\"article\" \/>\n<meta property=\"og:title\" content=\"RENCONTRE DU PR\u00c9SIDENT DE L&#039;OMAEC AVEC L&#039;\u00c9QUIPE DE TRAVAIL - Organizaci\u00f3n Mundial de Antiguos Alumnos de la Educaci\u00f3n Cat\u00f3lica\" \/>\n<meta property=\"og:description\" content=\"Le samedi 30 ao\u00fbt 2025, Alfonso Giraldo Saavedra, pr\u00e9sident de l&rsquo;Organisation mondiale des anciens \u00e9l\u00e8ves de l&rsquo;\u00e9ducation catholique (OMAEC), a rencontr\u00e9 virtuellement l&rsquo;\u00e9quipe de travail compos\u00e9e de\u00a0: Federica Rossi Germani, conseill\u00e8re aupr\u00e8s des congr\u00e9gations\u00a0; Marco Russo, d\u00e9l\u00e9gu\u00e9 aupr\u00e8s du Saint-Si\u00e8ge\u00a0; Geovanny Duffer, d\u00e9l\u00e9gu\u00e9 aupr\u00e8s des Nations Unies\u00a0; Virginia Gonz\u00e1lez, directrice du d\u00e9partement de la communication\u00a0; (more...)\" \/>\n<meta property=\"og:url\" content=\"https:\/\/www.omaec.org\/fr\/rencontre-du-president-de-lomaec-avec-lequipe-de-travail\/\" \/>\n<meta property=\"og:site_name\" content=\"Organizaci\u00f3n Mundial de Antiguos Alumnos de la Educaci\u00f3n Cat\u00f3lica\" \/>\n<meta property=\"article:published_time\" content=\"2025-08-30T18:31:08+00:00\" \/>\n<meta property=\"article:modified_time\" content=\"2025-08-30T19:55:15+00:00\" \/>\n<meta property=\"og:image\" content=\"https:\/\/www.omaec.org\/wp-content\/uploads\/2025\/08\/FOTO-EDITADA-REUNION-EQUIPO-DE-TRABAJO.jpg\" \/>\n\t<meta property=\"og:image:width\" content=\"697\" \/>\n\t<meta property=\"og:image:height\" content=\"357\" \/>\n\t<meta property=\"og:image:type\" content=\"image\/jpeg\" \/>\n<meta name=\"author\" content=\"Secretario General\" \/>\n<meta name=\"twitter:card\" content=\"summary_large_image\" \/>\n<meta name=\"twitter:label1\" content=\"\u00c9crit par\" \/>\n\t<meta name=\"twitter:data1\" content=\"Secretario General\" \/>\n\t<meta name=\"twitter:label2\" content=\"Dur\u00e9e de lecture estim\u00e9e\" \/>\n\t<meta name=\"twitter:data2\" content=\"1 minute\" \/>\n<script type=\"application\/ld+json\" class=\"yoast-schema-graph\">{\"@context\":\"https:\/\/schema.org\",\"@graph\":[{\"@type\":\"Article\",\"@id\":\"https:\/\/www.omaec.org\/fr\/rencontre-du-president-de-lomaec-avec-lequipe-de-travail\/#article\",\"isPartOf\":{\"@id\":\"https:\/\/www.omaec.org\/fr\/rencontre-du-president-de-lomaec-avec-lequipe-de-travail\/\"},\"author\":{\"name\":\"Secretario General\",\"@id\":\"https:\/\/www.omaec.org\/#\/schema\/person\/b6995e5c4038e3cf602f2bb958068c35\"},\"headline\":\"RENCONTRE DU PR\u00c9SIDENT DE L&rsquo;OMAEC AVEC L&rsquo;\u00c9QUIPE DE TRAVAIL\",\"datePublished\":\"2025-08-30T18:31:08+00:00\",\"dateModified\":\"2025-08-30T19:55:15+00:00\",\"mainEntityOfPage\":{\"@id\":\"https:\/\/www.omaec.org\/fr\/rencontre-du-president-de-lomaec-avec-lequipe-de-travail\/\"},\"wordCount\":202,\"publisher\":{\"@id\":\"https:\/\/www.omaec.org\/#organization\"},\"articleSection\":[\"Sans cat\u00e9gorie\"],\"inLanguage\":\"fr-FR\"},{\"@type\":\"WebPage\",\"@id\":\"https:\/\/www.omaec.org\/fr\/rencontre-du-president-de-lomaec-avec-lequipe-de-travail\/\",\"url\":\"https:\/\/www.omaec.org\/fr\/rencontre-du-president-de-lomaec-avec-lequipe-de-travail\/\",\"name\":\"RENCONTRE DU PR\u00c9SIDENT DE L'OMAEC AVEC L'\u00c9QUIPE DE TRAVAIL - Organizaci\u00f3n Mundial de Antiguos Alumnos de la Educaci\u00f3n Cat\u00f3lica\",\"isPartOf\":{\"@id\":\"https:\/\/www.omaec.org\/#website\"},\"datePublished\":\"2025-08-30T18:31:08+00:00\",\"dateModified\":\"2025-08-30T19:55:15+00:00\",\"breadcrumb\":{\"@id\":\"https:\/\/www.omaec.org\/fr\/rencontre-du-president-de-lomaec-avec-lequipe-de-travail\/#breadcrumb\"},\"inLanguage\":\"fr-FR\",\"potentialAction\":[{\"@type\":\"ReadAction\",\"target\":[\"https:\/\/www.omaec.org\/fr\/rencontre-du-president-de-lomaec-avec-lequipe-de-travail\/\"]}]},{\"@type\":\"BreadcrumbList\",\"@id\":\"https:\/\/www.omaec.org\/fr\/rencontre-du-president-de-lomaec-avec-lequipe-de-travail\/#breadcrumb\",\"itemListElement\":[{\"@type\":\"ListItem\",\"position\":1,\"name\":\"Portada\",\"item\":\"https:\/\/www.omaec.org\/fr\/\"},{\"@type\":\"ListItem\",\"position\":2,\"name\":\"RENCONTRE DU PR\u00c9SIDENT DE L&#8217;OMAEC AVEC L&#8217;\u00c9QUIPE DE TRAVAIL\"}]},{\"@type\":\"WebSite\",\"@id\":\"https:\/\/www.omaec.org\/#website\",\"url\":\"https:\/\/www.omaec.org\/\",\"name\":\"Organizaci\u00f3n Mundial de Antiguos Alumnos de la Educaci\u00f3n Cat\u00f3lica\",\"description\":\"OMAEC\",\"publisher\":{\"@id\":\"https:\/\/www.omaec.org\/#organization\"},\"potentialAction\":[{\"@type\":\"SearchAction\",\"target\":{\"@type\":\"EntryPoint\",\"urlTemplate\":\"https:\/\/www.omaec.org\/?s={search_term_string}\"},\"query-input\":\"required name=search_term_string\"}],\"inLanguage\":\"fr-FR\"},{\"@type\":\"Organization\",\"@id\":\"https:\/\/www.omaec.org\/#organization\",\"name\":\"Organizaci\u00f3n Mundial de Antiguos Alumnos de la Educaci\u00f3n Cat\u00f3lica\",\"url\":\"https:\/\/www.omaec.org\/\",\"logo\":{\"@type\":\"ImageObject\",\"inLanguage\":\"fr-FR\",\"@id\":\"https:\/\/www.omaec.org\/#\/schema\/logo\/image\/\",\"url\":\"https:\/\/www.omaec.org\/wp-content\/uploads\/2021\/06\/OMAEC-LOGO-OFICIAL.jpg\",\"contentUrl\":\"https:\/\/www.omaec.org\/wp-content\/uploads\/2021\/06\/OMAEC-LOGO-OFICIAL.jpg\",\"width\":525,\"height\":452,\"caption\":\"Organizaci\u00f3n Mundial de Antiguos  Alumnos de la Educaci\u00f3n Cat\u00f3lica\"},\"image\":{\"@id\":\"https:\/\/www.omaec.org\/#\/schema\/logo\/image\/\"}},{\"@type\":\"Person\",\"@id\":\"https:\/\/www.omaec.org\/#\/schema\/person\/b6995e5c4038e3cf602f2bb958068c35\",\"name\":\"Secretario General\",\"image\":{\"@type\":\"ImageObject\",\"inLanguage\":\"fr-FR\",\"@id\":\"https:\/\/www.omaec.org\/#\/schema\/person\/image\/\",\"url\":\"https:\/\/www.omaec.org\/wp-content\/uploads\/2025\/03\/FOTO-GUILLERMO-GUTIERREZ-PIRAQUIVE-OMAEC-96x96.jpg\",\"contentUrl\":\"https:\/\/www.omaec.org\/wp-content\/uploads\/2025\/03\/FOTO-GUILLERMO-GUTIERREZ-PIRAQUIVE-OMAEC-96x96.jpg\",\"caption\":\"Secretario General\"},\"description\":\"EXPERIENCIA LABORAL: SERVICIO NACIONAL DE APRENDIZAJE-SENA Regional Bogot\u00e1. Centro de Gesti\u00f3n de Mercados, Log\u00edstica y Tecnolog\u00edas de la Informaci\u00f3n. \u00b7Instructor de Mercadeo. SERVICIO NACIONAL DE APRENDIZAJE-SENA Regional Bogot\u00e1. Centro de Gesti\u00f3n Administrativa. \u00b7Instructor de Ventas. ARTESAN\u00cdAS DE COLOMBIA. \u00b7Administrador Centro Artesanal La Chamba (Tolima). PROGRAMADORA TELECULTURALES. \u00b7Asistente de Direcci\u00f3n AGENCIAS DE PUBLICIDAD: REP Y MASTER \u00b7Jefe de Medios SANCHO PUBLICIDAD \u00b7Jefe de Tr\u00e1fico. LEO BURNETT \u00b7Asistente de Medios. EDUCACION: \u00b7FUNDACI\u00d3N UNIVERSITARIA SALESIANA Diplomado en Salesianidad. \u00b7POLIT\u00c9CNICO GRANCOLOMBIANO Especializaci\u00f3n en Gerencia de Mercadeo. \u00b7UNIVERSIDAD NACIONAL ABIERTA Y A DISTANCIA Administraci\u00f3n de Empresas. \u00b7SERVICIO NACIONAL DE APRENDIZAJE-SENA Mercadotecnia. \u00b7UNIVERSIDAD CENTRAL Publicidad. \u00b7COLEGIO SALESIANO DE LE\u00d3N XIII Bachiller Acad\u00e9mico. EXPERIENCIA EXALUMNAL: ASOCIACI\u00d3N DE EXALUMNOS SDB-AEXSDBINSPECTOR\u00cdA SAN PEDRO CLAVER Presidente Sexenio 2021-2027. \u00b7ASOCIACI\u00d3N DE EXALUMNOS SDB-AEXSDBINSPECTOR\u00cdA SAN PEDRO CLAVER Vicepresidente Sexenio 2015-2021. \u00b7COLEGIO SALESIANO DE LE\u00d3N XIII. L\u00edder Promoci\u00f3n 1969. EXALUMNAL\",\"url\":\"https:\/\/www.omaec.org\/fr\/author\/omaec-admin\/\"}]}<\/script>\n<!-- \/ Yoast SEO plugin. -->","yoast_head_json":{"title":"RENCONTRE DU PR\u00c9SIDENT DE L'OMAEC AVEC L'\u00c9QUIPE DE TRAVAIL - Organizaci\u00f3n Mundial de Antiguos Alumnos de la Educaci\u00f3n Cat\u00f3lica","robots":{"index":"index","follow":"follow","max-snippet":"max-snippet:-1","max-image-preview":"max-image-preview:large","max-video-preview":"max-video-preview:-1"},"canonical":"https:\/\/www.omaec.org\/fr\/rencontre-du-president-de-lomaec-avec-lequipe-de-travail\/","og_locale":"fr_FR","og_type":"article","og_title":"RENCONTRE DU PR\u00c9SIDENT DE L'OMAEC AVEC L'\u00c9QUIPE DE TRAVAIL - Organizaci\u00f3n Mundial de Antiguos Alumnos de la Educaci\u00f3n Cat\u00f3lica","og_description":"Le samedi 30 ao\u00fbt 2025, Alfonso Giraldo Saavedra, pr\u00e9sident de l&rsquo;Organisation mondiale des anciens \u00e9l\u00e8ves de l&rsquo;\u00e9ducation catholique (OMAEC), a rencontr\u00e9 virtuellement l&rsquo;\u00e9quipe de travail compos\u00e9e de\u00a0: Federica Rossi Germani, conseill\u00e8re aupr\u00e8s des congr\u00e9gations\u00a0; Marco Russo, d\u00e9l\u00e9gu\u00e9 aupr\u00e8s du Saint-Si\u00e8ge\u00a0; Geovanny Duffer, d\u00e9l\u00e9gu\u00e9 aupr\u00e8s des Nations Unies\u00a0; Virginia Gonz\u00e1lez, directrice du d\u00e9partement de la communication\u00a0; (more...)","og_url":"https:\/\/www.omaec.org\/fr\/rencontre-du-president-de-lomaec-avec-lequipe-de-travail\/","og_site_name":"Organizaci\u00f3n Mundial de Antiguos Alumnos de la Educaci\u00f3n Cat\u00f3lica","article_published_time":"2025-08-30T18:31:08+00:00","article_modified_time":"2025-08-30T19:55:15+00:00","og_image":[{"width":697,"height":357,"url":"https:\/\/www.omaec.org\/wp-content\/uploads\/2025\/08\/FOTO-EDITADA-REUNION-EQUIPO-DE-TRABAJO.jpg","type":"image\/jpeg"}],"author":"Secretario General","twitter_card":"summary_large_image","twitter_misc":{"\u00c9crit par":"Secretario General","Dur\u00e9e de lecture estim\u00e9e":"1 minute"},"schema":{"@context":"https:\/\/schema.org","@graph":[{"@type":"Article","@id":"https:\/\/www.omaec.org\/fr\/rencontre-du-president-de-lomaec-avec-lequipe-de-travail\/#article","isPartOf":{"@id":"https:\/\/www.omaec.org\/fr\/rencontre-du-president-de-lomaec-avec-lequipe-de-travail\/"},"author":{"name":"Secretario General","@id":"https:\/\/www.omaec.org\/#\/schema\/person\/b6995e5c4038e3cf602f2bb958068c35"},"headline":"RENCONTRE DU PR\u00c9SIDENT DE L&rsquo;OMAEC AVEC L&rsquo;\u00c9QUIPE DE TRAVAIL","datePublished":"2025-08-30T18:31:08+00:00","dateModified":"2025-08-30T19:55:15+00:00","mainEntityOfPage":{"@id":"https:\/\/www.omaec.org\/fr\/rencontre-du-president-de-lomaec-avec-lequipe-de-travail\/"},"wordCount":202,"publisher":{"@id":"https:\/\/www.omaec.org\/#organization"},"articleSection":["Sans cat\u00e9gorie"],"inLanguage":"fr-FR"},{"@type":"WebPage","@id":"https:\/\/www.omaec.org\/fr\/rencontre-du-president-de-lomaec-avec-lequipe-de-travail\/","url":"https:\/\/www.omaec.org\/fr\/rencontre-du-president-de-lomaec-avec-lequipe-de-travail\/","name":"RENCONTRE DU PR\u00c9SIDENT DE L'OMAEC AVEC L'\u00c9QUIPE DE TRAVAIL - Organizaci\u00f3n Mundial de Antiguos Alumnos de la Educaci\u00f3n Cat\u00f3lica","isPartOf":{"@id":"https:\/\/www.omaec.org\/#website"},"datePublished":"2025-08-30T18:31:08+00:00","dateModified":"2025-08-30T19:55:15+00:00","breadcrumb":{"@id":"https:\/\/www.omaec.org\/fr\/rencontre-du-president-de-lomaec-avec-lequipe-de-travail\/#breadcrumb"},"inLanguage":"fr-FR","potentialAction":[{"@type":"ReadAction","target":["https:\/\/www.omaec.org\/fr\/rencontre-du-president-de-lomaec-avec-lequipe-de-travail\/"]}]},{"@type":"BreadcrumbList","@id":"https:\/\/www.omaec.org\/fr\/rencontre-du-president-de-lomaec-avec-lequipe-de-travail\/#breadcrumb","itemListElement":[{"@type":"ListItem","position":1,"name":"Portada","item":"https:\/\/www.omaec.org\/fr\/"},{"@type":"ListItem","position":2,"name":"RENCONTRE DU PR\u00c9SIDENT DE L&#8217;OMAEC AVEC L&#8217;\u00c9QUIPE DE TRAVAIL"}]},{"@type":"WebSite","@id":"https:\/\/www.omaec.org\/#website","url":"https:\/\/www.omaec.org\/","name":"Organizaci\u00f3n Mundial de Antiguos Alumnos de la Educaci\u00f3n Cat\u00f3lica","description":"OMAEC","publisher":{"@id":"https:\/\/www.omaec.org\/#organization"},"potentialAction":[{"@type":"SearchAction","target":{"@type":"EntryPoint","urlTemplate":"https:\/\/www.omaec.org\/?s={search_term_string}"},"query-input":"required name=search_term_string"}],"inLanguage":"fr-FR"},{"@type":"Organization","@id":"https:\/\/www.omaec.org\/#organization","name":"Organizaci\u00f3n Mundial de Antiguos Alumnos de la Educaci\u00f3n Cat\u00f3lica","url":"https:\/\/www.omaec.org\/","logo":{"@type":"ImageObject","inLanguage":"fr-FR","@id":"https:\/\/www.omaec.org\/#\/schema\/logo\/image\/","url":"https:\/\/www.omaec.org\/wp-content\/uploads\/2021\/06\/OMAEC-LOGO-OFICIAL.jpg","contentUrl":"https:\/\/www.omaec.org\/wp-content\/uploads\/2021\/06\/OMAEC-LOGO-OFICIAL.jpg","width":525,"height":452,"caption":"Organizaci\u00f3n Mundial de Antiguos  Alumnos de la Educaci\u00f3n Cat\u00f3lica"},"image":{"@id":"https:\/\/www.omaec.org\/#\/schema\/logo\/image\/"}},{"@type":"Person","@id":"https:\/\/www.omaec.org\/#\/schema\/person\/b6995e5c4038e3cf602f2bb958068c35","name":"Secretario General","image":{"@type":"ImageObject","inLanguage":"fr-FR","@id":"https:\/\/www.omaec.org\/#\/schema\/person\/image\/","url":"https:\/\/www.omaec.org\/wp-content\/uploads\/2025\/03\/FOTO-GUILLERMO-GUTIERREZ-PIRAQUIVE-OMAEC-96x96.jpg","contentUrl":"https:\/\/www.omaec.org\/wp-content\/uploads\/2025\/03\/FOTO-GUILLERMO-GUTIERREZ-PIRAQUIVE-OMAEC-96x96.jpg","caption":"Secretario General"},"description":"EXPERIENCIA LABORAL: SERVICIO NACIONAL DE APRENDIZAJE-SENA Regional Bogot\u00e1. Centro de Gesti\u00f3n de Mercados, Log\u00edstica y Tecnolog\u00edas de la Informaci\u00f3n. \u00b7Instructor de Mercadeo. SERVICIO NACIONAL DE APRENDIZAJE-SENA Regional Bogot\u00e1. Centro de Gesti\u00f3n Administrativa. \u00b7Instructor de Ventas. ARTESAN\u00cdAS DE COLOMBIA. \u00b7Administrador Centro Artesanal La Chamba (Tolima). PROGRAMADORA TELECULTURALES. \u00b7Asistente de Direcci\u00f3n AGENCIAS DE PUBLICIDAD: REP Y MASTER \u00b7Jefe de Medios SANCHO PUBLICIDAD \u00b7Jefe de Tr\u00e1fico. LEO BURNETT \u00b7Asistente de Medios. EDUCACION: \u00b7FUNDACI\u00d3N UNIVERSITARIA SALESIANA Diplomado en Salesianidad. \u00b7POLIT\u00c9CNICO GRANCOLOMBIANO Especializaci\u00f3n en Gerencia de Mercadeo. \u00b7UNIVERSIDAD NACIONAL ABIERTA Y A DISTANCIA Administraci\u00f3n de Empresas. \u00b7SERVICIO NACIONAL DE APRENDIZAJE-SENA Mercadotecnia. \u00b7UNIVERSIDAD CENTRAL Publicidad. \u00b7COLEGIO SALESIANO DE LE\u00d3N XIII Bachiller Acad\u00e9mico. EXPERIENCIA EXALUMNAL: ASOCIACI\u00d3N DE EXALUMNOS SDB-AEXSDBINSPECTOR\u00cdA SAN PEDRO CLAVER Presidente Sexenio 2021-2027. \u00b7ASOCIACI\u00d3N DE EXALUMNOS SDB-AEXSDBINSPECTOR\u00cdA SAN PEDRO CLAVER Vicepresidente Sexenio 2015-2021. \u00b7COLEGIO SALESIANO DE LE\u00d3N XIII. L\u00edder Promoci\u00f3n 1969. EXALUMNAL","url":"https:\/\/www.omaec.org\/fr\/author\/omaec-admin\/"}]}},"_links":{"self":[{"href":"https:\/\/www.omaec.org\/fr\/wp-json\/wp\/v2\/posts\/20908","targetHints":{"allow":["GET"]}}],"collection":[{"href":"https:\/\/www.omaec.org\/fr\/wp-json\/wp\/v2\/posts"}],"about":[{"href":"https:\/\/www.omaec.org\/fr\/wp-json\/wp\/v2\/types\/post"}],"author":[{"embeddable":true,"href":"https:\/\/www.omaec.org\/fr\/wp-json\/wp\/v2\/users\/1"}],"replies":[{"embeddable":true,"href":"https:\/\/www.omaec.org\/fr\/wp-json\/wp\/v2\/comments?post=20908"}],"version-history":[{"count":2,"href":"https:\/\/www.omaec.org\/fr\/wp-json\/wp\/v2\/posts\/20908\/revisions"}],"predecessor-version":[{"id":20914,"href":"https:\/\/www.omaec.org\/fr\/wp-json\/wp\/v2\/posts\/20908\/revisions\/20914"}],"wp:featuredmedia":[{"embeddable":true,"href":"https:\/\/www.omaec.org\/fr\/wp-json\/wp\/v2\/media\/20906"}],"wp:attachment":[{"href":"https:\/\/www.omaec.org\/fr\/wp-json\/wp\/v2\/media?parent=20908"}],"wp:term":[{"taxonomy":"category","embeddable":true,"href":"https:\/\/www.omaec.org\/fr\/wp-json\/wp\/v2\/categories?post=20908"},{"taxonomy":"post_tag","embeddable":true,"href":"https:\/\/www.omaec.org\/fr\/wp-json\/wp\/v2\/tags?post=20908"}],"curies":[{"name":"wp","href":"https:\/\/api.w.org\/{rel}","templated":true}]}}