{"id":20834,"date":"2025-08-22T22:53:58","date_gmt":"2025-08-22T21:53:58","guid":{"rendered":"https:\/\/www.omaec.org\/?p=20834"},"modified":"2025-08-22T23:03:57","modified_gmt":"2025-08-22T22:03:57","slug":"les-etudiants-en-medecine-visitent-hogar-san-jose-panama-juin-2025","status":"publish","type":"post","link":"https:\/\/www.omaec.org\/fr\/les-etudiants-en-medecine-visitent-hogar-san-jose-panama-juin-2025\/","title":{"rendered":"LES \u00c9TUDIANTS EN M\u00c9DECINE VISITENT HOGAR SAN JOSE                          \u2013 PANAMA \u2013 Juin 2025"},"content":{"rendered":"<p>Priscilla Acevedo, accompagner les jeunes dans la fourniture de soins m\u00e9dicaux aux patients de la Maison San Jos\u00e9 au Panama, g\u00e9r\u00e9e par les S\u0153urs Missionnaires de la Charit\u00e9 de Calcutta.<\/p>\n<p>Inspirer les autres est une belle chose qui se construit avec le temps et les efforts.<\/p>\n<p>Je me souviens que lorsque je suis entr\u00e9 \u00e0 la facult\u00e9 de m\u00e9decine et que j&rsquo;ai particip\u00e9 \u00e0 des visites m\u00e9dicales, j&rsquo;ai remarqu\u00e9 que peu de m\u00e9decins consacraient leur temps \u00e0 ce travail \u00e9ducatif, qui est vraiment l&rsquo;un des premiers contacts potentiels des \u00e9tudiants en m\u00e9decine avec un vrai patient.<\/p>\n<p>C&rsquo;est pour cette raison que je me donne pour r\u00e8gle de faire tout mon possible pour les accompagner.<\/p>\n<p>Nous faisons toujours des choses utiles (comme r\u00e9diger des ordonnances) avec l&rsquo;id\u00e9e de passer du temps avec les patients afin qu&rsquo;ils reviennent tout au long de leur vie.<\/p>\n<p>Merci au Hogar San Jos\u00e9, qui nous a permis de cr\u00e9er un environnement d&rsquo;apprentissage bas\u00e9 sur l&#8217;empathie et le respect de la vie. Le groupe \u00e9tait tr\u00e8s diversifi\u00e9, de toutes religions, et d\u00e9sireux d&rsquo;aider.<\/p>\n<p>Aujourd&rsquo;hui encore, trois \u00e9tudiants en dentisterie ont examin\u00e9 les patients et nous avons pr\u00e9par\u00e9 les r\u00e9f\u00e9rences.<\/p>\n<p>Soutenons ces initiatives visant \u00e0 cr\u00e9er des \u00e9quipes de soins de sant\u00e9 plus aimables et plus attentionn\u00e9es.<\/p>\n<p>&nbsp;<\/p>\n<p><a href=\"https:\/\/www.omaec.org\/wp-content\/uploads\/2025\/08\/foto-Priscilla-jovenes.2.jpg\"><img loading=\"lazy\" decoding=\"async\" class=\" wp-image-20734 aligncenter\" src=\"https:\/\/www.omaec.org\/wp-content\/uploads\/2025\/08\/foto-Priscilla-jovenes.2-300x169.jpg\" alt=\"\" width=\"483\" height=\"272\" srcset=\"https:\/\/www.omaec.org\/wp-content\/uploads\/2025\/08\/foto-Priscilla-jovenes.2-300x169.jpg 300w, https:\/\/www.omaec.org\/wp-content\/uploads\/2025\/08\/foto-Priscilla-jovenes.2-1024x576.jpg 1024w, https:\/\/www.omaec.org\/wp-content\/uploads\/2025\/08\/foto-Priscilla-jovenes.2-768x432.jpg 768w, https:\/\/www.omaec.org\/wp-content\/uploads\/2025\/08\/foto-Priscilla-jovenes.2-1536x864.jpg 1536w, https:\/\/www.omaec.org\/wp-content\/uploads\/2025\/08\/foto-Priscilla-jovenes.2-1170x658.jpg 1170w, https:\/\/www.omaec.org\/wp-content\/uploads\/2025\/08\/foto-Priscilla-jovenes.2.jpg 1600w\" sizes=\"auto, (max-width: 483px) 100vw, 483px\" \/><\/a><\/p>\n<p>&nbsp;<\/p>\n<p>&nbsp;<\/p>\n<p>&nbsp;<\/p>\n","protected":false},"excerpt":{"rendered":"<p>Priscilla Acevedo, accompagner les jeunes dans la fourniture de soins m\u00e9dicaux aux patients de la Maison San Jos\u00e9 au Panama, g\u00e9r\u00e9e par les S\u0153urs Missionnaires de la Charit\u00e9 de Calcutta. Inspirer les autres est une belle chose qui se construit avec le temps et les efforts. Je me souviens que lorsque je suis entr\u00e9 \u00e0 <a href=\"https:\/\/www.omaec.org\/fr\/les-etudiants-en-medecine-visitent-hogar-san-jose-panama-juin-2025\/\" rel=\"nofollow\">(more&#8230;)<\/a><\/p>\n","protected":false},"author":9,"featured_media":20731,"comment_status":"closed","ping_status":"open","sticky":false,"template":"","format":"standard","meta":{"footnotes":""},"categories":[227],"tags":[],"class_list":["post-20834","post","type-post","status-publish","format-standard","has-post-thumbnail","hentry","category-secretariat-forum-des-jeunes"],"acf":[],"yoast_head":"<!-- This site is optimized with the Yoast SEO plugin v20.11 - https:\/\/yoast.com\/wordpress\/plugins\/seo\/ -->\n<title>LES \u00c9TUDIANTS EN M\u00c9DECINE VISITENT HOGAR SAN JOSE             \u2013 PANAMA \u2013 Juin 2025 - Organizaci\u00f3n Mundial de Antiguos Alumnos de la Educaci\u00f3n Cat\u00f3lica<\/title>\n<meta name=\"robots\" content=\"index, follow, max-snippet:-1, max-image-preview:large, max-video-preview:-1\" \/>\n<link rel=\"canonical\" href=\"https:\/\/www.omaec.org\/fr\/les-etudiants-en-medecine-visitent-hogar-san-jose-panama-juin-2025\/\" \/>\n<meta property=\"og:locale\" content=\"fr_FR\" \/>\n<meta property=\"og:type\" content=\"article\" \/>\n<meta property=\"og:title\" content=\"LES \u00c9TUDIANTS EN M\u00c9DECINE VISITENT HOGAR SAN JOSE             \u2013 PANAMA \u2013 Juin 2025 - Organizaci\u00f3n Mundial de Antiguos Alumnos de la Educaci\u00f3n Cat\u00f3lica\" \/>\n<meta property=\"og:description\" content=\"Priscilla Acevedo, accompagner les jeunes dans la fourniture de soins m\u00e9dicaux aux patients de la Maison San Jos\u00e9 au Panama, g\u00e9r\u00e9e par les S\u0153urs Missionnaires de la Charit\u00e9 de Calcutta. Inspirer les autres est une belle chose qui se construit avec le temps et les efforts. Je me souviens que lorsque je suis entr\u00e9 \u00e0 (more...)\" \/>\n<meta property=\"og:url\" content=\"https:\/\/www.omaec.org\/fr\/les-etudiants-en-medecine-visitent-hogar-san-jose-panama-juin-2025\/\" \/>\n<meta property=\"og:site_name\" content=\"Organizaci\u00f3n Mundial de Antiguos Alumnos de la Educaci\u00f3n Cat\u00f3lica\" \/>\n<meta property=\"article:published_time\" content=\"2025-08-22T21:53:58+00:00\" \/>\n<meta property=\"article:modified_time\" content=\"2025-08-22T22:03:57+00:00\" \/>\n<meta property=\"og:image\" content=\"https:\/\/www.omaec.org\/wp-content\/uploads\/2025\/08\/foto-Priscilla-jovenes-1.jpg\" \/>\n\t<meta property=\"og:image:width\" content=\"1280\" \/>\n\t<meta property=\"og:image:height\" content=\"960\" \/>\n\t<meta property=\"og:image:type\" content=\"image\/jpeg\" \/>\n<meta name=\"author\" content=\"Virginia Gonz\u00e1lez\" \/>\n<meta name=\"twitter:card\" content=\"summary_large_image\" \/>\n<meta name=\"twitter:label1\" content=\"\u00c9crit par\" \/>\n\t<meta name=\"twitter:data1\" content=\"Virginia Gonz\u00e1lez\" \/>\n\t<meta name=\"twitter:label2\" content=\"Dur\u00e9e de lecture estim\u00e9e\" \/>\n\t<meta name=\"twitter:data2\" content=\"2 minutes\" \/>\n<script type=\"application\/ld+json\" class=\"yoast-schema-graph\">{\"@context\":\"https:\/\/schema.org\",\"@graph\":[{\"@type\":\"Article\",\"@id\":\"https:\/\/www.omaec.org\/fr\/les-etudiants-en-medecine-visitent-hogar-san-jose-panama-juin-2025\/#article\",\"isPartOf\":{\"@id\":\"https:\/\/www.omaec.org\/fr\/les-etudiants-en-medecine-visitent-hogar-san-jose-panama-juin-2025\/\"},\"author\":{\"name\":\"Virginia Gonz\u00e1lez\",\"@id\":\"https:\/\/www.omaec.org\/#\/schema\/person\/06cce3f97284b58f7c5365f117dfe895\"},\"headline\":\"LES \u00c9TUDIANTS EN M\u00c9DECINE VISITENT HOGAR SAN JOSE \u2013 PANAMA \u2013 Juin 2025\",\"datePublished\":\"2025-08-22T21:53:58+00:00\",\"dateModified\":\"2025-08-22T22:03:57+00:00\",\"mainEntityOfPage\":{\"@id\":\"https:\/\/www.omaec.org\/fr\/les-etudiants-en-medecine-visitent-hogar-san-jose-panama-juin-2025\/\"},\"wordCount\":249,\"publisher\":{\"@id\":\"https:\/\/www.omaec.org\/#organization\"},\"articleSection\":[\"Secretariat Forum des jeunes\"],\"inLanguage\":\"fr-FR\"},{\"@type\":\"WebPage\",\"@id\":\"https:\/\/www.omaec.org\/fr\/les-etudiants-en-medecine-visitent-hogar-san-jose-panama-juin-2025\/\",\"url\":\"https:\/\/www.omaec.org\/fr\/les-etudiants-en-medecine-visitent-hogar-san-jose-panama-juin-2025\/\",\"name\":\"LES \u00c9TUDIANTS EN M\u00c9DECINE VISITENT HOGAR SAN JOSE \u2013 PANAMA \u2013 Juin 2025 - Organizaci\u00f3n Mundial de Antiguos Alumnos de la Educaci\u00f3n Cat\u00f3lica\",\"isPartOf\":{\"@id\":\"https:\/\/www.omaec.org\/#website\"},\"datePublished\":\"2025-08-22T21:53:58+00:00\",\"dateModified\":\"2025-08-22T22:03:57+00:00\",\"breadcrumb\":{\"@id\":\"https:\/\/www.omaec.org\/fr\/les-etudiants-en-medecine-visitent-hogar-san-jose-panama-juin-2025\/#breadcrumb\"},\"inLanguage\":\"fr-FR\",\"potentialAction\":[{\"@type\":\"ReadAction\",\"target\":[\"https:\/\/www.omaec.org\/fr\/les-etudiants-en-medecine-visitent-hogar-san-jose-panama-juin-2025\/\"]}]},{\"@type\":\"BreadcrumbList\",\"@id\":\"https:\/\/www.omaec.org\/fr\/les-etudiants-en-medecine-visitent-hogar-san-jose-panama-juin-2025\/#breadcrumb\",\"itemListElement\":[{\"@type\":\"ListItem\",\"position\":1,\"name\":\"Portada\",\"item\":\"https:\/\/www.omaec.org\/fr\/\"},{\"@type\":\"ListItem\",\"position\":2,\"name\":\"LES \u00c9TUDIANTS EN M\u00c9DECINE VISITENT HOGAR SAN JOSE \u2013 PANAMA \u2013 Juin 2025\"}]},{\"@type\":\"WebSite\",\"@id\":\"https:\/\/www.omaec.org\/#website\",\"url\":\"https:\/\/www.omaec.org\/\",\"name\":\"Organizaci\u00f3n Mundial de Antiguos Alumnos de la Educaci\u00f3n Cat\u00f3lica\",\"description\":\"OMAEC\",\"publisher\":{\"@id\":\"https:\/\/www.omaec.org\/#organization\"},\"potentialAction\":[{\"@type\":\"SearchAction\",\"target\":{\"@type\":\"EntryPoint\",\"urlTemplate\":\"https:\/\/www.omaec.org\/?s={search_term_string}\"},\"query-input\":\"required name=search_term_string\"}],\"inLanguage\":\"fr-FR\"},{\"@type\":\"Organization\",\"@id\":\"https:\/\/www.omaec.org\/#organization\",\"name\":\"Organizaci\u00f3n Mundial de Antiguos Alumnos de la Educaci\u00f3n Cat\u00f3lica\",\"url\":\"https:\/\/www.omaec.org\/\",\"logo\":{\"@type\":\"ImageObject\",\"inLanguage\":\"fr-FR\",\"@id\":\"https:\/\/www.omaec.org\/#\/schema\/logo\/image\/\",\"url\":\"https:\/\/www.omaec.org\/wp-content\/uploads\/2021\/06\/OMAEC-LOGO-OFICIAL.jpg\",\"contentUrl\":\"https:\/\/www.omaec.org\/wp-content\/uploads\/2021\/06\/OMAEC-LOGO-OFICIAL.jpg\",\"width\":525,\"height\":452,\"caption\":\"Organizaci\u00f3n Mundial de Antiguos  Alumnos de la Educaci\u00f3n Cat\u00f3lica\"},\"image\":{\"@id\":\"https:\/\/www.omaec.org\/#\/schema\/logo\/image\/\"}},{\"@type\":\"Person\",\"@id\":\"https:\/\/www.omaec.org\/#\/schema\/person\/06cce3f97284b58f7c5365f117dfe895\",\"name\":\"Virginia Gonz\u00e1lez\",\"image\":{\"@type\":\"ImageObject\",\"inLanguage\":\"fr-FR\",\"@id\":\"https:\/\/www.omaec.org\/#\/schema\/person\/image\/\",\"url\":\"https:\/\/www.omaec.org\/wp-content\/uploads\/2023\/02\/FOTO-VIRGINIA-96x96.jpeg\",\"contentUrl\":\"https:\/\/www.omaec.org\/wp-content\/uploads\/2023\/02\/FOTO-VIRGINIA-96x96.jpeg\",\"caption\":\"Virginia Gonz\u00e1lez\"},\"url\":\"https:\/\/www.omaec.org\/fr\/author\/comunicaciones\/\"}]}<\/script>\n<!-- \/ Yoast SEO plugin. -->","yoast_head_json":{"title":"LES \u00c9TUDIANTS EN M\u00c9DECINE VISITENT HOGAR SAN JOSE             \u2013 PANAMA \u2013 Juin 2025 - Organizaci\u00f3n Mundial de Antiguos Alumnos de la Educaci\u00f3n Cat\u00f3lica","robots":{"index":"index","follow":"follow","max-snippet":"max-snippet:-1","max-image-preview":"max-image-preview:large","max-video-preview":"max-video-preview:-1"},"canonical":"https:\/\/www.omaec.org\/fr\/les-etudiants-en-medecine-visitent-hogar-san-jose-panama-juin-2025\/","og_locale":"fr_FR","og_type":"article","og_title":"LES \u00c9TUDIANTS EN M\u00c9DECINE VISITENT HOGAR SAN JOSE             \u2013 PANAMA \u2013 Juin 2025 - Organizaci\u00f3n Mundial de Antiguos Alumnos de la Educaci\u00f3n Cat\u00f3lica","og_description":"Priscilla Acevedo, accompagner les jeunes dans la fourniture de soins m\u00e9dicaux aux patients de la Maison San Jos\u00e9 au Panama, g\u00e9r\u00e9e par les S\u0153urs Missionnaires de la Charit\u00e9 de Calcutta. Inspirer les autres est une belle chose qui se construit avec le temps et les efforts. Je me souviens que lorsque je suis entr\u00e9 \u00e0 (more...)","og_url":"https:\/\/www.omaec.org\/fr\/les-etudiants-en-medecine-visitent-hogar-san-jose-panama-juin-2025\/","og_site_name":"Organizaci\u00f3n Mundial de Antiguos Alumnos de la Educaci\u00f3n Cat\u00f3lica","article_published_time":"2025-08-22T21:53:58+00:00","article_modified_time":"2025-08-22T22:03:57+00:00","og_image":[{"width":1280,"height":960,"url":"https:\/\/www.omaec.org\/wp-content\/uploads\/2025\/08\/foto-Priscilla-jovenes-1.jpg","type":"image\/jpeg"}],"author":"Virginia Gonz\u00e1lez","twitter_card":"summary_large_image","twitter_misc":{"\u00c9crit par":"Virginia Gonz\u00e1lez","Dur\u00e9e de lecture estim\u00e9e":"2 minutes"},"schema":{"@context":"https:\/\/schema.org","@graph":[{"@type":"Article","@id":"https:\/\/www.omaec.org\/fr\/les-etudiants-en-medecine-visitent-hogar-san-jose-panama-juin-2025\/#article","isPartOf":{"@id":"https:\/\/www.omaec.org\/fr\/les-etudiants-en-medecine-visitent-hogar-san-jose-panama-juin-2025\/"},"author":{"name":"Virginia Gonz\u00e1lez","@id":"https:\/\/www.omaec.org\/#\/schema\/person\/06cce3f97284b58f7c5365f117dfe895"},"headline":"LES \u00c9TUDIANTS EN M\u00c9DECINE VISITENT HOGAR SAN JOSE \u2013 PANAMA \u2013 Juin 2025","datePublished":"2025-08-22T21:53:58+00:00","dateModified":"2025-08-22T22:03:57+00:00","mainEntityOfPage":{"@id":"https:\/\/www.omaec.org\/fr\/les-etudiants-en-medecine-visitent-hogar-san-jose-panama-juin-2025\/"},"wordCount":249,"publisher":{"@id":"https:\/\/www.omaec.org\/#organization"},"articleSection":["Secretariat Forum des jeunes"],"inLanguage":"fr-FR"},{"@type":"WebPage","@id":"https:\/\/www.omaec.org\/fr\/les-etudiants-en-medecine-visitent-hogar-san-jose-panama-juin-2025\/","url":"https:\/\/www.omaec.org\/fr\/les-etudiants-en-medecine-visitent-hogar-san-jose-panama-juin-2025\/","name":"LES \u00c9TUDIANTS EN M\u00c9DECINE VISITENT HOGAR SAN JOSE \u2013 PANAMA \u2013 Juin 2025 - Organizaci\u00f3n Mundial de Antiguos Alumnos de la Educaci\u00f3n Cat\u00f3lica","isPartOf":{"@id":"https:\/\/www.omaec.org\/#website"},"datePublished":"2025-08-22T21:53:58+00:00","dateModified":"2025-08-22T22:03:57+00:00","breadcrumb":{"@id":"https:\/\/www.omaec.org\/fr\/les-etudiants-en-medecine-visitent-hogar-san-jose-panama-juin-2025\/#breadcrumb"},"inLanguage":"fr-FR","potentialAction":[{"@type":"ReadAction","target":["https:\/\/www.omaec.org\/fr\/les-etudiants-en-medecine-visitent-hogar-san-jose-panama-juin-2025\/"]}]},{"@type":"BreadcrumbList","@id":"https:\/\/www.omaec.org\/fr\/les-etudiants-en-medecine-visitent-hogar-san-jose-panama-juin-2025\/#breadcrumb","itemListElement":[{"@type":"ListItem","position":1,"name":"Portada","item":"https:\/\/www.omaec.org\/fr\/"},{"@type":"ListItem","position":2,"name":"LES \u00c9TUDIANTS EN M\u00c9DECINE VISITENT HOGAR SAN JOSE \u2013 PANAMA \u2013 Juin 2025"}]},{"@type":"WebSite","@id":"https:\/\/www.omaec.org\/#website","url":"https:\/\/www.omaec.org\/","name":"Organizaci\u00f3n Mundial de Antiguos Alumnos de la Educaci\u00f3n Cat\u00f3lica","description":"OMAEC","publisher":{"@id":"https:\/\/www.omaec.org\/#organization"},"potentialAction":[{"@type":"SearchAction","target":{"@type":"EntryPoint","urlTemplate":"https:\/\/www.omaec.org\/?s={search_term_string}"},"query-input":"required name=search_term_string"}],"inLanguage":"fr-FR"},{"@type":"Organization","@id":"https:\/\/www.omaec.org\/#organization","name":"Organizaci\u00f3n Mundial de Antiguos Alumnos de la Educaci\u00f3n Cat\u00f3lica","url":"https:\/\/www.omaec.org\/","logo":{"@type":"ImageObject","inLanguage":"fr-FR","@id":"https:\/\/www.omaec.org\/#\/schema\/logo\/image\/","url":"https:\/\/www.omaec.org\/wp-content\/uploads\/2021\/06\/OMAEC-LOGO-OFICIAL.jpg","contentUrl":"https:\/\/www.omaec.org\/wp-content\/uploads\/2021\/06\/OMAEC-LOGO-OFICIAL.jpg","width":525,"height":452,"caption":"Organizaci\u00f3n Mundial de Antiguos  Alumnos de la Educaci\u00f3n Cat\u00f3lica"},"image":{"@id":"https:\/\/www.omaec.org\/#\/schema\/logo\/image\/"}},{"@type":"Person","@id":"https:\/\/www.omaec.org\/#\/schema\/person\/06cce3f97284b58f7c5365f117dfe895","name":"Virginia Gonz\u00e1lez","image":{"@type":"ImageObject","inLanguage":"fr-FR","@id":"https:\/\/www.omaec.org\/#\/schema\/person\/image\/","url":"https:\/\/www.omaec.org\/wp-content\/uploads\/2023\/02\/FOTO-VIRGINIA-96x96.jpeg","contentUrl":"https:\/\/www.omaec.org\/wp-content\/uploads\/2023\/02\/FOTO-VIRGINIA-96x96.jpeg","caption":"Virginia Gonz\u00e1lez"},"url":"https:\/\/www.omaec.org\/fr\/author\/comunicaciones\/"}]}},"_links":{"self":[{"href":"https:\/\/www.omaec.org\/fr\/wp-json\/wp\/v2\/posts\/20834","targetHints":{"allow":["GET"]}}],"collection":[{"href":"https:\/\/www.omaec.org\/fr\/wp-json\/wp\/v2\/posts"}],"about":[{"href":"https:\/\/www.omaec.org\/fr\/wp-json\/wp\/v2\/types\/post"}],"author":[{"embeddable":true,"href":"https:\/\/www.omaec.org\/fr\/wp-json\/wp\/v2\/users\/9"}],"replies":[{"embeddable":true,"href":"https:\/\/www.omaec.org\/fr\/wp-json\/wp\/v2\/comments?post=20834"}],"version-history":[{"count":1,"href":"https:\/\/www.omaec.org\/fr\/wp-json\/wp\/v2\/posts\/20834\/revisions"}],"predecessor-version":[{"id":20835,"href":"https:\/\/www.omaec.org\/fr\/wp-json\/wp\/v2\/posts\/20834\/revisions\/20835"}],"wp:featuredmedia":[{"embeddable":true,"href":"https:\/\/www.omaec.org\/fr\/wp-json\/wp\/v2\/media\/20731"}],"wp:attachment":[{"href":"https:\/\/www.omaec.org\/fr\/wp-json\/wp\/v2\/media?parent=20834"}],"wp:term":[{"taxonomy":"category","embeddable":true,"href":"https:\/\/www.omaec.org\/fr\/wp-json\/wp\/v2\/categories?post=20834"},{"taxonomy":"post_tag","embeddable":true,"href":"https:\/\/www.omaec.org\/fr\/wp-json\/wp\/v2\/tags?post=20834"}],"curies":[{"name":"wp","href":"https:\/\/api.w.org\/{rel}","templated":true}]}}