{"id":20830,"date":"2025-08-22T07:20:47","date_gmt":"2025-08-22T06:20:47","guid":{"rendered":"https:\/\/www.omaec.org\/?p=20830"},"modified":"2025-08-22T07:20:47","modified_gmt":"2025-08-22T06:20:47","slug":"amelioration-de-la-sante-chapelle-saint-jean-baptiste-de-la-salle-panama","status":"publish","type":"post","link":"https:\/\/www.omaec.org\/fr\/amelioration-de-la-sante-chapelle-saint-jean-baptiste-de-la-salle-panama\/","title":{"rendered":"AM\u00c9LIORATION DE LA SANT\u00c9 CHAPELLE SAINT-JEAN-BAPTISTE DE LA SALLE &#8211; PANAMA"},"content":{"rendered":"<p>Mai 2025 &#8211; Le Forum des jeunes, avec la participation du Dr Priscilla Acevedo, est pr\u00e9sent dans la jungle du Darien (\u00e0 la fronti\u00e8re entre le Panama et la Colombie) pour restaurer et am\u00e9liorer la chapelle Saint-Jean-Baptiste de La Salle. Ce projet a \u00e9t\u00e9 r\u00e9alis\u00e9 gr\u00e2ce aux dons d&rsquo;anciens \u00e9l\u00e8ves lasalliens et \u00e0 la collaboration d&rsquo;enfants et de jeunes de la communaut\u00e9 d&rsquo;Ariza. Mgr Pedro Joaqu\u00edn Hern\u00e1ndez Cantarero, CMF, a pr\u00e9sid\u00e9 la messe, et les nouveaux chr\u00e9tiens ont \u00e9t\u00e9 accueillis par le sacrement du bapt\u00eame.<\/p>\n","protected":false},"excerpt":{"rendered":"<p>Mai 2025 &#8211; Le Forum des jeunes, avec la participation du Dr Priscilla Acevedo, est pr\u00e9sent dans la jungle du Darien (\u00e0 la fronti\u00e8re entre le Panama et la Colombie) pour restaurer et am\u00e9liorer la chapelle Saint-Jean-Baptiste de La Salle. Ce projet a \u00e9t\u00e9 r\u00e9alis\u00e9 gr\u00e2ce aux dons d&rsquo;anciens \u00e9l\u00e8ves lasalliens et \u00e0 la collaboration <a href=\"https:\/\/www.omaec.org\/fr\/amelioration-de-la-sante-chapelle-saint-jean-baptiste-de-la-salle-panama\/\" rel=\"nofollow\">(more&#8230;)<\/a><\/p>\n","protected":false},"author":9,"featured_media":20722,"comment_status":"closed","ping_status":"open","sticky":false,"template":"","format":"standard","meta":{"footnotes":""},"categories":[227],"tags":[],"class_list":["post-20830","post","type-post","status-publish","format-standard","has-post-thumbnail","hentry","category-secretariat-forum-des-jeunes"],"acf":[],"yoast_head":"<!-- This site is optimized with the Yoast SEO plugin v20.11 - https:\/\/yoast.com\/wordpress\/plugins\/seo\/ -->\n<title>AM\u00c9LIORATION DE LA SANT\u00c9 CHAPELLE SAINT-JEAN-BAPTISTE DE LA SALLE - PANAMA - Organizaci\u00f3n Mundial de Antiguos Alumnos de la Educaci\u00f3n Cat\u00f3lica<\/title>\n<meta name=\"robots\" content=\"index, follow, max-snippet:-1, max-image-preview:large, max-video-preview:-1\" \/>\n<link rel=\"canonical\" href=\"https:\/\/www.omaec.org\/fr\/amelioration-de-la-sante-chapelle-saint-jean-baptiste-de-la-salle-panama\/\" \/>\n<meta property=\"og:locale\" content=\"fr_FR\" \/>\n<meta property=\"og:type\" content=\"article\" \/>\n<meta property=\"og:title\" content=\"AM\u00c9LIORATION DE LA SANT\u00c9 CHAPELLE SAINT-JEAN-BAPTISTE DE LA SALLE - PANAMA - Organizaci\u00f3n Mundial de Antiguos Alumnos de la Educaci\u00f3n Cat\u00f3lica\" \/>\n<meta property=\"og:description\" content=\"Mai 2025 &#8211; Le Forum des jeunes, avec la participation du Dr Priscilla Acevedo, est pr\u00e9sent dans la jungle du Darien (\u00e0 la fronti\u00e8re entre le Panama et la Colombie) pour restaurer et am\u00e9liorer la chapelle Saint-Jean-Baptiste de La Salle. Ce projet a \u00e9t\u00e9 r\u00e9alis\u00e9 gr\u00e2ce aux dons d&rsquo;anciens \u00e9l\u00e8ves lasalliens et \u00e0 la collaboration (more...)\" \/>\n<meta property=\"og:url\" content=\"https:\/\/www.omaec.org\/fr\/amelioration-de-la-sante-chapelle-saint-jean-baptiste-de-la-salle-panama\/\" \/>\n<meta property=\"og:site_name\" content=\"Organizaci\u00f3n Mundial de Antiguos Alumnos de la Educaci\u00f3n Cat\u00f3lica\" \/>\n<meta property=\"article:published_time\" content=\"2025-08-22T06:20:47+00:00\" \/>\n<meta property=\"og:image\" content=\"https:\/\/www.omaec.org\/wp-content\/uploads\/2025\/08\/Foto-Remodelacion-Capilla-San-Juan-B.-de-La-Salle-Darien.Mayo-2025.jpg\" \/>\n\t<meta property=\"og:image:width\" content=\"1600\" \/>\n\t<meta property=\"og:image:height\" content=\"1200\" \/>\n\t<meta property=\"og:image:type\" content=\"image\/jpeg\" \/>\n<meta name=\"author\" content=\"Virginia Gonz\u00e1lez\" \/>\n<meta name=\"twitter:card\" content=\"summary_large_image\" \/>\n<meta name=\"twitter:label1\" content=\"\u00c9crit par\" \/>\n\t<meta name=\"twitter:data1\" content=\"Virginia Gonz\u00e1lez\" \/>\n\t<meta name=\"twitter:label2\" content=\"Dur\u00e9e de lecture estim\u00e9e\" \/>\n\t<meta name=\"twitter:data2\" content=\"1 minute\" \/>\n<script type=\"application\/ld+json\" class=\"yoast-schema-graph\">{\"@context\":\"https:\/\/schema.org\",\"@graph\":[{\"@type\":\"Article\",\"@id\":\"https:\/\/www.omaec.org\/fr\/amelioration-de-la-sante-chapelle-saint-jean-baptiste-de-la-salle-panama\/#article\",\"isPartOf\":{\"@id\":\"https:\/\/www.omaec.org\/fr\/amelioration-de-la-sante-chapelle-saint-jean-baptiste-de-la-salle-panama\/\"},\"author\":{\"name\":\"Virginia Gonz\u00e1lez\",\"@id\":\"https:\/\/www.omaec.org\/#\/schema\/person\/06cce3f97284b58f7c5365f117dfe895\"},\"headline\":\"AM\u00c9LIORATION DE LA SANT\u00c9 CHAPELLE SAINT-JEAN-BAPTISTE DE LA SALLE &#8211; PANAMA\",\"datePublished\":\"2025-08-22T06:20:47+00:00\",\"dateModified\":\"2025-08-22T06:20:47+00:00\",\"mainEntityOfPage\":{\"@id\":\"https:\/\/www.omaec.org\/fr\/amelioration-de-la-sante-chapelle-saint-jean-baptiste-de-la-salle-panama\/\"},\"wordCount\":108,\"publisher\":{\"@id\":\"https:\/\/www.omaec.org\/#organization\"},\"articleSection\":[\"Secretariat Forum des jeunes\"],\"inLanguage\":\"fr-FR\"},{\"@type\":\"WebPage\",\"@id\":\"https:\/\/www.omaec.org\/fr\/amelioration-de-la-sante-chapelle-saint-jean-baptiste-de-la-salle-panama\/\",\"url\":\"https:\/\/www.omaec.org\/fr\/amelioration-de-la-sante-chapelle-saint-jean-baptiste-de-la-salle-panama\/\",\"name\":\"AM\u00c9LIORATION DE LA SANT\u00c9 CHAPELLE SAINT-JEAN-BAPTISTE DE LA SALLE - PANAMA - Organizaci\u00f3n Mundial de Antiguos Alumnos de la Educaci\u00f3n Cat\u00f3lica\",\"isPartOf\":{\"@id\":\"https:\/\/www.omaec.org\/#website\"},\"datePublished\":\"2025-08-22T06:20:47+00:00\",\"dateModified\":\"2025-08-22T06:20:47+00:00\",\"breadcrumb\":{\"@id\":\"https:\/\/www.omaec.org\/fr\/amelioration-de-la-sante-chapelle-saint-jean-baptiste-de-la-salle-panama\/#breadcrumb\"},\"inLanguage\":\"fr-FR\",\"potentialAction\":[{\"@type\":\"ReadAction\",\"target\":[\"https:\/\/www.omaec.org\/fr\/amelioration-de-la-sante-chapelle-saint-jean-baptiste-de-la-salle-panama\/\"]}]},{\"@type\":\"BreadcrumbList\",\"@id\":\"https:\/\/www.omaec.org\/fr\/amelioration-de-la-sante-chapelle-saint-jean-baptiste-de-la-salle-panama\/#breadcrumb\",\"itemListElement\":[{\"@type\":\"ListItem\",\"position\":1,\"name\":\"Portada\",\"item\":\"https:\/\/www.omaec.org\/fr\/\"},{\"@type\":\"ListItem\",\"position\":2,\"name\":\"AM\u00c9LIORATION DE LA SANT\u00c9 CHAPELLE SAINT-JEAN-BAPTISTE DE LA SALLE &#8211; PANAMA\"}]},{\"@type\":\"WebSite\",\"@id\":\"https:\/\/www.omaec.org\/#website\",\"url\":\"https:\/\/www.omaec.org\/\",\"name\":\"Organizaci\u00f3n Mundial de Antiguos Alumnos de la Educaci\u00f3n Cat\u00f3lica\",\"description\":\"OMAEC\",\"publisher\":{\"@id\":\"https:\/\/www.omaec.org\/#organization\"},\"potentialAction\":[{\"@type\":\"SearchAction\",\"target\":{\"@type\":\"EntryPoint\",\"urlTemplate\":\"https:\/\/www.omaec.org\/?s={search_term_string}\"},\"query-input\":\"required name=search_term_string\"}],\"inLanguage\":\"fr-FR\"},{\"@type\":\"Organization\",\"@id\":\"https:\/\/www.omaec.org\/#organization\",\"name\":\"Organizaci\u00f3n Mundial de Antiguos Alumnos de la Educaci\u00f3n Cat\u00f3lica\",\"url\":\"https:\/\/www.omaec.org\/\",\"logo\":{\"@type\":\"ImageObject\",\"inLanguage\":\"fr-FR\",\"@id\":\"https:\/\/www.omaec.org\/#\/schema\/logo\/image\/\",\"url\":\"https:\/\/www.omaec.org\/wp-content\/uploads\/2021\/06\/OMAEC-LOGO-OFICIAL.jpg\",\"contentUrl\":\"https:\/\/www.omaec.org\/wp-content\/uploads\/2021\/06\/OMAEC-LOGO-OFICIAL.jpg\",\"width\":525,\"height\":452,\"caption\":\"Organizaci\u00f3n Mundial de Antiguos  Alumnos de la Educaci\u00f3n Cat\u00f3lica\"},\"image\":{\"@id\":\"https:\/\/www.omaec.org\/#\/schema\/logo\/image\/\"}},{\"@type\":\"Person\",\"@id\":\"https:\/\/www.omaec.org\/#\/schema\/person\/06cce3f97284b58f7c5365f117dfe895\",\"name\":\"Virginia Gonz\u00e1lez\",\"image\":{\"@type\":\"ImageObject\",\"inLanguage\":\"fr-FR\",\"@id\":\"https:\/\/www.omaec.org\/#\/schema\/person\/image\/\",\"url\":\"https:\/\/www.omaec.org\/wp-content\/uploads\/2023\/02\/FOTO-VIRGINIA-96x96.jpeg\",\"contentUrl\":\"https:\/\/www.omaec.org\/wp-content\/uploads\/2023\/02\/FOTO-VIRGINIA-96x96.jpeg\",\"caption\":\"Virginia Gonz\u00e1lez\"},\"url\":\"https:\/\/www.omaec.org\/fr\/author\/comunicaciones\/\"}]}<\/script>\n<!-- \/ Yoast SEO plugin. -->","yoast_head_json":{"title":"AM\u00c9LIORATION DE LA SANT\u00c9 CHAPELLE SAINT-JEAN-BAPTISTE DE LA SALLE - PANAMA - Organizaci\u00f3n Mundial de Antiguos Alumnos de la Educaci\u00f3n Cat\u00f3lica","robots":{"index":"index","follow":"follow","max-snippet":"max-snippet:-1","max-image-preview":"max-image-preview:large","max-video-preview":"max-video-preview:-1"},"canonical":"https:\/\/www.omaec.org\/fr\/amelioration-de-la-sante-chapelle-saint-jean-baptiste-de-la-salle-panama\/","og_locale":"fr_FR","og_type":"article","og_title":"AM\u00c9LIORATION DE LA SANT\u00c9 CHAPELLE SAINT-JEAN-BAPTISTE DE LA SALLE - PANAMA - Organizaci\u00f3n Mundial de Antiguos Alumnos de la Educaci\u00f3n Cat\u00f3lica","og_description":"Mai 2025 &#8211; Le Forum des jeunes, avec la participation du Dr Priscilla Acevedo, est pr\u00e9sent dans la jungle du Darien (\u00e0 la fronti\u00e8re entre le Panama et la Colombie) pour restaurer et am\u00e9liorer la chapelle Saint-Jean-Baptiste de La Salle. Ce projet a \u00e9t\u00e9 r\u00e9alis\u00e9 gr\u00e2ce aux dons d&rsquo;anciens \u00e9l\u00e8ves lasalliens et \u00e0 la collaboration (more...)","og_url":"https:\/\/www.omaec.org\/fr\/amelioration-de-la-sante-chapelle-saint-jean-baptiste-de-la-salle-panama\/","og_site_name":"Organizaci\u00f3n Mundial de Antiguos Alumnos de la Educaci\u00f3n Cat\u00f3lica","article_published_time":"2025-08-22T06:20:47+00:00","og_image":[{"width":1600,"height":1200,"url":"https:\/\/www.omaec.org\/wp-content\/uploads\/2025\/08\/Foto-Remodelacion-Capilla-San-Juan-B.-de-La-Salle-Darien.Mayo-2025.jpg","type":"image\/jpeg"}],"author":"Virginia Gonz\u00e1lez","twitter_card":"summary_large_image","twitter_misc":{"\u00c9crit par":"Virginia Gonz\u00e1lez","Dur\u00e9e de lecture estim\u00e9e":"1 minute"},"schema":{"@context":"https:\/\/schema.org","@graph":[{"@type":"Article","@id":"https:\/\/www.omaec.org\/fr\/amelioration-de-la-sante-chapelle-saint-jean-baptiste-de-la-salle-panama\/#article","isPartOf":{"@id":"https:\/\/www.omaec.org\/fr\/amelioration-de-la-sante-chapelle-saint-jean-baptiste-de-la-salle-panama\/"},"author":{"name":"Virginia Gonz\u00e1lez","@id":"https:\/\/www.omaec.org\/#\/schema\/person\/06cce3f97284b58f7c5365f117dfe895"},"headline":"AM\u00c9LIORATION DE LA SANT\u00c9 CHAPELLE SAINT-JEAN-BAPTISTE DE LA SALLE &#8211; PANAMA","datePublished":"2025-08-22T06:20:47+00:00","dateModified":"2025-08-22T06:20:47+00:00","mainEntityOfPage":{"@id":"https:\/\/www.omaec.org\/fr\/amelioration-de-la-sante-chapelle-saint-jean-baptiste-de-la-salle-panama\/"},"wordCount":108,"publisher":{"@id":"https:\/\/www.omaec.org\/#organization"},"articleSection":["Secretariat Forum des jeunes"],"inLanguage":"fr-FR"},{"@type":"WebPage","@id":"https:\/\/www.omaec.org\/fr\/amelioration-de-la-sante-chapelle-saint-jean-baptiste-de-la-salle-panama\/","url":"https:\/\/www.omaec.org\/fr\/amelioration-de-la-sante-chapelle-saint-jean-baptiste-de-la-salle-panama\/","name":"AM\u00c9LIORATION DE LA SANT\u00c9 CHAPELLE SAINT-JEAN-BAPTISTE DE LA SALLE - PANAMA - Organizaci\u00f3n Mundial de Antiguos Alumnos de la Educaci\u00f3n Cat\u00f3lica","isPartOf":{"@id":"https:\/\/www.omaec.org\/#website"},"datePublished":"2025-08-22T06:20:47+00:00","dateModified":"2025-08-22T06:20:47+00:00","breadcrumb":{"@id":"https:\/\/www.omaec.org\/fr\/amelioration-de-la-sante-chapelle-saint-jean-baptiste-de-la-salle-panama\/#breadcrumb"},"inLanguage":"fr-FR","potentialAction":[{"@type":"ReadAction","target":["https:\/\/www.omaec.org\/fr\/amelioration-de-la-sante-chapelle-saint-jean-baptiste-de-la-salle-panama\/"]}]},{"@type":"BreadcrumbList","@id":"https:\/\/www.omaec.org\/fr\/amelioration-de-la-sante-chapelle-saint-jean-baptiste-de-la-salle-panama\/#breadcrumb","itemListElement":[{"@type":"ListItem","position":1,"name":"Portada","item":"https:\/\/www.omaec.org\/fr\/"},{"@type":"ListItem","position":2,"name":"AM\u00c9LIORATION DE LA SANT\u00c9 CHAPELLE SAINT-JEAN-BAPTISTE DE LA SALLE &#8211; PANAMA"}]},{"@type":"WebSite","@id":"https:\/\/www.omaec.org\/#website","url":"https:\/\/www.omaec.org\/","name":"Organizaci\u00f3n Mundial de Antiguos Alumnos de la Educaci\u00f3n Cat\u00f3lica","description":"OMAEC","publisher":{"@id":"https:\/\/www.omaec.org\/#organization"},"potentialAction":[{"@type":"SearchAction","target":{"@type":"EntryPoint","urlTemplate":"https:\/\/www.omaec.org\/?s={search_term_string}"},"query-input":"required name=search_term_string"}],"inLanguage":"fr-FR"},{"@type":"Organization","@id":"https:\/\/www.omaec.org\/#organization","name":"Organizaci\u00f3n Mundial de Antiguos Alumnos de la Educaci\u00f3n Cat\u00f3lica","url":"https:\/\/www.omaec.org\/","logo":{"@type":"ImageObject","inLanguage":"fr-FR","@id":"https:\/\/www.omaec.org\/#\/schema\/logo\/image\/","url":"https:\/\/www.omaec.org\/wp-content\/uploads\/2021\/06\/OMAEC-LOGO-OFICIAL.jpg","contentUrl":"https:\/\/www.omaec.org\/wp-content\/uploads\/2021\/06\/OMAEC-LOGO-OFICIAL.jpg","width":525,"height":452,"caption":"Organizaci\u00f3n Mundial de Antiguos  Alumnos de la Educaci\u00f3n Cat\u00f3lica"},"image":{"@id":"https:\/\/www.omaec.org\/#\/schema\/logo\/image\/"}},{"@type":"Person","@id":"https:\/\/www.omaec.org\/#\/schema\/person\/06cce3f97284b58f7c5365f117dfe895","name":"Virginia Gonz\u00e1lez","image":{"@type":"ImageObject","inLanguage":"fr-FR","@id":"https:\/\/www.omaec.org\/#\/schema\/person\/image\/","url":"https:\/\/www.omaec.org\/wp-content\/uploads\/2023\/02\/FOTO-VIRGINIA-96x96.jpeg","contentUrl":"https:\/\/www.omaec.org\/wp-content\/uploads\/2023\/02\/FOTO-VIRGINIA-96x96.jpeg","caption":"Virginia Gonz\u00e1lez"},"url":"https:\/\/www.omaec.org\/fr\/author\/comunicaciones\/"}]}},"_links":{"self":[{"href":"https:\/\/www.omaec.org\/fr\/wp-json\/wp\/v2\/posts\/20830","targetHints":{"allow":["GET"]}}],"collection":[{"href":"https:\/\/www.omaec.org\/fr\/wp-json\/wp\/v2\/posts"}],"about":[{"href":"https:\/\/www.omaec.org\/fr\/wp-json\/wp\/v2\/types\/post"}],"author":[{"embeddable":true,"href":"https:\/\/www.omaec.org\/fr\/wp-json\/wp\/v2\/users\/9"}],"replies":[{"embeddable":true,"href":"https:\/\/www.omaec.org\/fr\/wp-json\/wp\/v2\/comments?post=20830"}],"version-history":[{"count":1,"href":"https:\/\/www.omaec.org\/fr\/wp-json\/wp\/v2\/posts\/20830\/revisions"}],"predecessor-version":[{"id":20831,"href":"https:\/\/www.omaec.org\/fr\/wp-json\/wp\/v2\/posts\/20830\/revisions\/20831"}],"wp:featuredmedia":[{"embeddable":true,"href":"https:\/\/www.omaec.org\/fr\/wp-json\/wp\/v2\/media\/20722"}],"wp:attachment":[{"href":"https:\/\/www.omaec.org\/fr\/wp-json\/wp\/v2\/media?parent=20830"}],"wp:term":[{"taxonomy":"category","embeddable":true,"href":"https:\/\/www.omaec.org\/fr\/wp-json\/wp\/v2\/categories?post=20830"},{"taxonomy":"post_tag","embeddable":true,"href":"https:\/\/www.omaec.org\/fr\/wp-json\/wp\/v2\/tags?post=20830"}],"curies":[{"name":"wp","href":"https:\/\/api.w.org\/{rel}","templated":true}]}}