{"id":20828,"date":"2025-08-22T07:18:58","date_gmt":"2025-08-22T06:18:58","guid":{"rendered":"https:\/\/www.omaec.org\/?p=20828"},"modified":"2025-08-22T07:18:58","modified_gmt":"2025-08-22T06:18:58","slug":"bienvenue-saint-pere-leon-xiv","status":"publish","type":"post","link":"https:\/\/www.omaec.org\/fr\/bienvenue-saint-pere-leon-xiv\/","title":{"rendered":"BIENVENUE SAINT P\u00c8RE L\u00c9ON XIV"},"content":{"rendered":"<p>Peut -2025<\/p>\n<p>Chers amis &#8211; OMAEC:<\/p>\n<p>L&rsquo;OMAEC, l&rsquo;Organisation mondiale des anciens \u00e9l\u00e8ves de l&rsquo;\u00e9ducation catholique, se r\u00e9jouit et se r\u00e9jouit de la nouvelle de l&rsquo;\u00e9lection du nouveau pape L\u00e9on XIV et exprime son d\u00e9sir de l&rsquo;accompagner sur le chemin de l&rsquo;\u00c9vangile.<\/p>\n<p>Il sera le deuxi\u00e8me \u00e9v\u00eaque de Rome d\u2019Am\u00e9rique avec un c\u0153ur latin et une \u00e2me augustinienne. Un Lion qui devra savoir lire les signes de ces nouveaux temps modernes avec des vues \u00e9quilibr\u00e9es et des paroles courageuses.<\/p>\n<p>L\u00e9on XIV \u0153uvrera certainement aussi dans le sens de Fran\u00e7ois en faveur des migrants, des faibles et des exclus, et pour que la doctrine sociale de l\u2019\u00c9glise r\u00e9ponde aux d\u00e9fis de \u00abl\u2019intelligence artificielle\u00bb pour la dignit\u00e9 humaine. Nous esp\u00e9rons qu\u2019il favorise la participation des la\u00efcs dans un cadre \u00ab synodal \u00bb.<\/p>\n<p>Depuis l&rsquo;OMAEC, nous accompagnons le Souverain Pontife L\u00e9on XIV dans son message de paix et d&rsquo;esp\u00e9rance.<\/p>\n<p>IN ILLO UNO UNUM DANS LE SEUL CHRIST NOUS SOMMES UN<\/p>\n<p>Evangelina Garc\u00eda Richard<\/p>\n<p>Pr\u00e9sident par int\u00e9rim<\/p>\n<p><strong>\u00a0<\/strong><\/p>\n","protected":false},"excerpt":{"rendered":"<p>Peut -2025 Chers amis &#8211; OMAEC: L&rsquo;OMAEC, l&rsquo;Organisation mondiale des anciens \u00e9l\u00e8ves de l&rsquo;\u00e9ducation catholique, se r\u00e9jouit et se r\u00e9jouit de la nouvelle de l&rsquo;\u00e9lection du nouveau pape L\u00e9on XIV et exprime son d\u00e9sir de l&rsquo;accompagner sur le chemin de l&rsquo;\u00c9vangile. Il sera le deuxi\u00e8me \u00e9v\u00eaque de Rome d\u2019Am\u00e9rique avec un c\u0153ur latin et une <a href=\"https:\/\/www.omaec.org\/fr\/bienvenue-saint-pere-leon-xiv\/\" rel=\"nofollow\">(more&#8230;)<\/a><\/p>\n","protected":false},"author":9,"featured_media":0,"comment_status":"closed","ping_status":"open","sticky":false,"template":"","format":"standard","meta":{"footnotes":""},"categories":[160],"tags":[],"class_list":["post-20828","post","type-post","status-publish","format-standard","hentry","category-eglise"],"acf":[],"yoast_head":"<!-- This site is optimized with the Yoast SEO plugin v20.11 - https:\/\/yoast.com\/wordpress\/plugins\/seo\/ -->\n<title>BIENVENUE SAINT P\u00c8RE L\u00c9ON XIV - Organizaci\u00f3n Mundial de Antiguos Alumnos de la Educaci\u00f3n Cat\u00f3lica<\/title>\n<meta name=\"robots\" content=\"index, follow, max-snippet:-1, max-image-preview:large, max-video-preview:-1\" \/>\n<link rel=\"canonical\" href=\"https:\/\/www.omaec.org\/fr\/bienvenue-saint-pere-leon-xiv\/\" \/>\n<meta property=\"og:locale\" content=\"fr_FR\" \/>\n<meta property=\"og:type\" content=\"article\" \/>\n<meta property=\"og:title\" content=\"BIENVENUE SAINT P\u00c8RE L\u00c9ON XIV - Organizaci\u00f3n Mundial de Antiguos Alumnos de la Educaci\u00f3n Cat\u00f3lica\" \/>\n<meta property=\"og:description\" content=\"Peut -2025 Chers amis &#8211; OMAEC: L&rsquo;OMAEC, l&rsquo;Organisation mondiale des anciens \u00e9l\u00e8ves de l&rsquo;\u00e9ducation catholique, se r\u00e9jouit et se r\u00e9jouit de la nouvelle de l&rsquo;\u00e9lection du nouveau pape L\u00e9on XIV et exprime son d\u00e9sir de l&rsquo;accompagner sur le chemin de l&rsquo;\u00c9vangile. Il sera le deuxi\u00e8me \u00e9v\u00eaque de Rome d\u2019Am\u00e9rique avec un c\u0153ur latin et une (more...)\" \/>\n<meta property=\"og:url\" content=\"https:\/\/www.omaec.org\/fr\/bienvenue-saint-pere-leon-xiv\/\" \/>\n<meta property=\"og:site_name\" content=\"Organizaci\u00f3n Mundial de Antiguos Alumnos de la Educaci\u00f3n Cat\u00f3lica\" \/>\n<meta property=\"article:published_time\" content=\"2025-08-22T06:18:58+00:00\" \/>\n<meta name=\"author\" content=\"Virginia Gonz\u00e1lez\" \/>\n<meta name=\"twitter:card\" content=\"summary_large_image\" \/>\n<meta name=\"twitter:label1\" content=\"\u00c9crit par\" \/>\n\t<meta name=\"twitter:data1\" content=\"Virginia Gonz\u00e1lez\" \/>\n\t<meta name=\"twitter:label2\" content=\"Dur\u00e9e de lecture estim\u00e9e\" \/>\n\t<meta name=\"twitter:data2\" content=\"1 minute\" \/>\n<script type=\"application\/ld+json\" class=\"yoast-schema-graph\">{\"@context\":\"https:\/\/schema.org\",\"@graph\":[{\"@type\":\"Article\",\"@id\":\"https:\/\/www.omaec.org\/fr\/bienvenue-saint-pere-leon-xiv\/#article\",\"isPartOf\":{\"@id\":\"https:\/\/www.omaec.org\/fr\/bienvenue-saint-pere-leon-xiv\/\"},\"author\":{\"name\":\"Virginia Gonz\u00e1lez\",\"@id\":\"https:\/\/www.omaec.org\/#\/schema\/person\/06cce3f97284b58f7c5365f117dfe895\"},\"headline\":\"BIENVENUE SAINT P\u00c8RE L\u00c9ON XIV\",\"datePublished\":\"2025-08-22T06:18:58+00:00\",\"dateModified\":\"2025-08-22T06:18:58+00:00\",\"mainEntityOfPage\":{\"@id\":\"https:\/\/www.omaec.org\/fr\/bienvenue-saint-pere-leon-xiv\/\"},\"wordCount\":200,\"publisher\":{\"@id\":\"https:\/\/www.omaec.org\/#organization\"},\"articleSection\":[\"\u00c9glise\"],\"inLanguage\":\"fr-FR\"},{\"@type\":\"WebPage\",\"@id\":\"https:\/\/www.omaec.org\/fr\/bienvenue-saint-pere-leon-xiv\/\",\"url\":\"https:\/\/www.omaec.org\/fr\/bienvenue-saint-pere-leon-xiv\/\",\"name\":\"BIENVENUE SAINT P\u00c8RE L\u00c9ON XIV - Organizaci\u00f3n Mundial de Antiguos Alumnos de la Educaci\u00f3n Cat\u00f3lica\",\"isPartOf\":{\"@id\":\"https:\/\/www.omaec.org\/#website\"},\"datePublished\":\"2025-08-22T06:18:58+00:00\",\"dateModified\":\"2025-08-22T06:18:58+00:00\",\"breadcrumb\":{\"@id\":\"https:\/\/www.omaec.org\/fr\/bienvenue-saint-pere-leon-xiv\/#breadcrumb\"},\"inLanguage\":\"fr-FR\",\"potentialAction\":[{\"@type\":\"ReadAction\",\"target\":[\"https:\/\/www.omaec.org\/fr\/bienvenue-saint-pere-leon-xiv\/\"]}]},{\"@type\":\"BreadcrumbList\",\"@id\":\"https:\/\/www.omaec.org\/fr\/bienvenue-saint-pere-leon-xiv\/#breadcrumb\",\"itemListElement\":[{\"@type\":\"ListItem\",\"position\":1,\"name\":\"Portada\",\"item\":\"https:\/\/www.omaec.org\/fr\/\"},{\"@type\":\"ListItem\",\"position\":2,\"name\":\"BIENVENUE SAINT P\u00c8RE L\u00c9ON XIV\"}]},{\"@type\":\"WebSite\",\"@id\":\"https:\/\/www.omaec.org\/#website\",\"url\":\"https:\/\/www.omaec.org\/\",\"name\":\"Organizaci\u00f3n Mundial de Antiguos Alumnos de la Educaci\u00f3n Cat\u00f3lica\",\"description\":\"OMAEC\",\"publisher\":{\"@id\":\"https:\/\/www.omaec.org\/#organization\"},\"potentialAction\":[{\"@type\":\"SearchAction\",\"target\":{\"@type\":\"EntryPoint\",\"urlTemplate\":\"https:\/\/www.omaec.org\/?s={search_term_string}\"},\"query-input\":\"required name=search_term_string\"}],\"inLanguage\":\"fr-FR\"},{\"@type\":\"Organization\",\"@id\":\"https:\/\/www.omaec.org\/#organization\",\"name\":\"Organizaci\u00f3n Mundial de Antiguos Alumnos de la Educaci\u00f3n Cat\u00f3lica\",\"url\":\"https:\/\/www.omaec.org\/\",\"logo\":{\"@type\":\"ImageObject\",\"inLanguage\":\"fr-FR\",\"@id\":\"https:\/\/www.omaec.org\/#\/schema\/logo\/image\/\",\"url\":\"https:\/\/www.omaec.org\/wp-content\/uploads\/2021\/06\/OMAEC-LOGO-OFICIAL.jpg\",\"contentUrl\":\"https:\/\/www.omaec.org\/wp-content\/uploads\/2021\/06\/OMAEC-LOGO-OFICIAL.jpg\",\"width\":525,\"height\":452,\"caption\":\"Organizaci\u00f3n Mundial de Antiguos  Alumnos de la Educaci\u00f3n Cat\u00f3lica\"},\"image\":{\"@id\":\"https:\/\/www.omaec.org\/#\/schema\/logo\/image\/\"}},{\"@type\":\"Person\",\"@id\":\"https:\/\/www.omaec.org\/#\/schema\/person\/06cce3f97284b58f7c5365f117dfe895\",\"name\":\"Virginia Gonz\u00e1lez\",\"image\":{\"@type\":\"ImageObject\",\"inLanguage\":\"fr-FR\",\"@id\":\"https:\/\/www.omaec.org\/#\/schema\/person\/image\/\",\"url\":\"https:\/\/www.omaec.org\/wp-content\/uploads\/2023\/02\/FOTO-VIRGINIA-96x96.jpeg\",\"contentUrl\":\"https:\/\/www.omaec.org\/wp-content\/uploads\/2023\/02\/FOTO-VIRGINIA-96x96.jpeg\",\"caption\":\"Virginia Gonz\u00e1lez\"},\"url\":\"https:\/\/www.omaec.org\/fr\/author\/comunicaciones\/\"}]}<\/script>\n<!-- \/ Yoast SEO plugin. -->","yoast_head_json":{"title":"BIENVENUE SAINT P\u00c8RE L\u00c9ON XIV - Organizaci\u00f3n Mundial de Antiguos Alumnos de la Educaci\u00f3n Cat\u00f3lica","robots":{"index":"index","follow":"follow","max-snippet":"max-snippet:-1","max-image-preview":"max-image-preview:large","max-video-preview":"max-video-preview:-1"},"canonical":"https:\/\/www.omaec.org\/fr\/bienvenue-saint-pere-leon-xiv\/","og_locale":"fr_FR","og_type":"article","og_title":"BIENVENUE SAINT P\u00c8RE L\u00c9ON XIV - Organizaci\u00f3n Mundial de Antiguos Alumnos de la Educaci\u00f3n Cat\u00f3lica","og_description":"Peut -2025 Chers amis &#8211; OMAEC: L&rsquo;OMAEC, l&rsquo;Organisation mondiale des anciens \u00e9l\u00e8ves de l&rsquo;\u00e9ducation catholique, se r\u00e9jouit et se r\u00e9jouit de la nouvelle de l&rsquo;\u00e9lection du nouveau pape L\u00e9on XIV et exprime son d\u00e9sir de l&rsquo;accompagner sur le chemin de l&rsquo;\u00c9vangile. Il sera le deuxi\u00e8me \u00e9v\u00eaque de Rome d\u2019Am\u00e9rique avec un c\u0153ur latin et une (more...)","og_url":"https:\/\/www.omaec.org\/fr\/bienvenue-saint-pere-leon-xiv\/","og_site_name":"Organizaci\u00f3n Mundial de Antiguos Alumnos de la Educaci\u00f3n Cat\u00f3lica","article_published_time":"2025-08-22T06:18:58+00:00","author":"Virginia Gonz\u00e1lez","twitter_card":"summary_large_image","twitter_misc":{"\u00c9crit par":"Virginia Gonz\u00e1lez","Dur\u00e9e de lecture estim\u00e9e":"1 minute"},"schema":{"@context":"https:\/\/schema.org","@graph":[{"@type":"Article","@id":"https:\/\/www.omaec.org\/fr\/bienvenue-saint-pere-leon-xiv\/#article","isPartOf":{"@id":"https:\/\/www.omaec.org\/fr\/bienvenue-saint-pere-leon-xiv\/"},"author":{"name":"Virginia Gonz\u00e1lez","@id":"https:\/\/www.omaec.org\/#\/schema\/person\/06cce3f97284b58f7c5365f117dfe895"},"headline":"BIENVENUE SAINT P\u00c8RE L\u00c9ON XIV","datePublished":"2025-08-22T06:18:58+00:00","dateModified":"2025-08-22T06:18:58+00:00","mainEntityOfPage":{"@id":"https:\/\/www.omaec.org\/fr\/bienvenue-saint-pere-leon-xiv\/"},"wordCount":200,"publisher":{"@id":"https:\/\/www.omaec.org\/#organization"},"articleSection":["\u00c9glise"],"inLanguage":"fr-FR"},{"@type":"WebPage","@id":"https:\/\/www.omaec.org\/fr\/bienvenue-saint-pere-leon-xiv\/","url":"https:\/\/www.omaec.org\/fr\/bienvenue-saint-pere-leon-xiv\/","name":"BIENVENUE SAINT P\u00c8RE L\u00c9ON XIV - Organizaci\u00f3n Mundial de Antiguos Alumnos de la Educaci\u00f3n Cat\u00f3lica","isPartOf":{"@id":"https:\/\/www.omaec.org\/#website"},"datePublished":"2025-08-22T06:18:58+00:00","dateModified":"2025-08-22T06:18:58+00:00","breadcrumb":{"@id":"https:\/\/www.omaec.org\/fr\/bienvenue-saint-pere-leon-xiv\/#breadcrumb"},"inLanguage":"fr-FR","potentialAction":[{"@type":"ReadAction","target":["https:\/\/www.omaec.org\/fr\/bienvenue-saint-pere-leon-xiv\/"]}]},{"@type":"BreadcrumbList","@id":"https:\/\/www.omaec.org\/fr\/bienvenue-saint-pere-leon-xiv\/#breadcrumb","itemListElement":[{"@type":"ListItem","position":1,"name":"Portada","item":"https:\/\/www.omaec.org\/fr\/"},{"@type":"ListItem","position":2,"name":"BIENVENUE SAINT P\u00c8RE L\u00c9ON XIV"}]},{"@type":"WebSite","@id":"https:\/\/www.omaec.org\/#website","url":"https:\/\/www.omaec.org\/","name":"Organizaci\u00f3n Mundial de Antiguos Alumnos de la Educaci\u00f3n Cat\u00f3lica","description":"OMAEC","publisher":{"@id":"https:\/\/www.omaec.org\/#organization"},"potentialAction":[{"@type":"SearchAction","target":{"@type":"EntryPoint","urlTemplate":"https:\/\/www.omaec.org\/?s={search_term_string}"},"query-input":"required name=search_term_string"}],"inLanguage":"fr-FR"},{"@type":"Organization","@id":"https:\/\/www.omaec.org\/#organization","name":"Organizaci\u00f3n Mundial de Antiguos Alumnos de la Educaci\u00f3n Cat\u00f3lica","url":"https:\/\/www.omaec.org\/","logo":{"@type":"ImageObject","inLanguage":"fr-FR","@id":"https:\/\/www.omaec.org\/#\/schema\/logo\/image\/","url":"https:\/\/www.omaec.org\/wp-content\/uploads\/2021\/06\/OMAEC-LOGO-OFICIAL.jpg","contentUrl":"https:\/\/www.omaec.org\/wp-content\/uploads\/2021\/06\/OMAEC-LOGO-OFICIAL.jpg","width":525,"height":452,"caption":"Organizaci\u00f3n Mundial de Antiguos  Alumnos de la Educaci\u00f3n Cat\u00f3lica"},"image":{"@id":"https:\/\/www.omaec.org\/#\/schema\/logo\/image\/"}},{"@type":"Person","@id":"https:\/\/www.omaec.org\/#\/schema\/person\/06cce3f97284b58f7c5365f117dfe895","name":"Virginia Gonz\u00e1lez","image":{"@type":"ImageObject","inLanguage":"fr-FR","@id":"https:\/\/www.omaec.org\/#\/schema\/person\/image\/","url":"https:\/\/www.omaec.org\/wp-content\/uploads\/2023\/02\/FOTO-VIRGINIA-96x96.jpeg","contentUrl":"https:\/\/www.omaec.org\/wp-content\/uploads\/2023\/02\/FOTO-VIRGINIA-96x96.jpeg","caption":"Virginia Gonz\u00e1lez"},"url":"https:\/\/www.omaec.org\/fr\/author\/comunicaciones\/"}]}},"_links":{"self":[{"href":"https:\/\/www.omaec.org\/fr\/wp-json\/wp\/v2\/posts\/20828","targetHints":{"allow":["GET"]}}],"collection":[{"href":"https:\/\/www.omaec.org\/fr\/wp-json\/wp\/v2\/posts"}],"about":[{"href":"https:\/\/www.omaec.org\/fr\/wp-json\/wp\/v2\/types\/post"}],"author":[{"embeddable":true,"href":"https:\/\/www.omaec.org\/fr\/wp-json\/wp\/v2\/users\/9"}],"replies":[{"embeddable":true,"href":"https:\/\/www.omaec.org\/fr\/wp-json\/wp\/v2\/comments?post=20828"}],"version-history":[{"count":1,"href":"https:\/\/www.omaec.org\/fr\/wp-json\/wp\/v2\/posts\/20828\/revisions"}],"predecessor-version":[{"id":20829,"href":"https:\/\/www.omaec.org\/fr\/wp-json\/wp\/v2\/posts\/20828\/revisions\/20829"}],"wp:attachment":[{"href":"https:\/\/www.omaec.org\/fr\/wp-json\/wp\/v2\/media?parent=20828"}],"wp:term":[{"taxonomy":"category","embeddable":true,"href":"https:\/\/www.omaec.org\/fr\/wp-json\/wp\/v2\/categories?post=20828"},{"taxonomy":"post_tag","embeddable":true,"href":"https:\/\/www.omaec.org\/fr\/wp-json\/wp\/v2\/tags?post=20828"}],"curies":[{"name":"wp","href":"https:\/\/api.w.org\/{rel}","templated":true}]}}