{"id":20819,"date":"2025-08-22T07:01:09","date_gmt":"2025-08-22T06:01:09","guid":{"rendered":"https:\/\/www.omaec.org\/?p=20819"},"modified":"2025-08-22T22:58:47","modified_gmt":"2025-08-22T21:58:47","slug":"nomination-du-delegue-au-conseil-economique-et-social%cb%97-ecosoc%cb%97-de-lorganisation-des-nations-unies","status":"publish","type":"post","link":"https:\/\/www.omaec.org\/fr\/nomination-du-delegue-au-conseil-economique-et-social%cb%97-ecosoc%cb%97-de-lorganisation-des-nations-unies\/","title":{"rendered":"NOMINATION DU D\u00c9L\u00c9GU\u00c9 AU CONSEIL  ECONOMIQUE ET SOCIAL\u02d7 ECOSOC\u02d7  DE L&rsquo;ORGANISATION DES NATIONS UNIES"},"content":{"rendered":"<p style=\"text-align: center;\"><strong>NOMINATION DU D\u00c9L\u00c9GU\u00c9 AU CONSEIL<\/strong><\/p>\n<p style=\"text-align: center;\"><strong>\u00a0ECONOMIQUE ET SOCIAL\u02d7 ECOSOC\u02d7 <\/strong><\/p>\n<p style=\"text-align: center;\"><strong>DE L&rsquo;ORGANISATION DES NATIONS UNIES<\/strong><\/p>\n<p style=\"text-align: center;\">Alfonso Giraldo Saavedra, Pr\u00e9sident de l&rsquo;Organisation Mondiale<\/p>\n<p style=\"text-align: center;\">des Anciens \u00e9l\u00e8ves de l&rsquo;\u00e9ducation catholique \u02d7 OMAEC \u02d7 Dans le strict<\/p>\n<p style=\"text-align: center;\">respect de ses statuts, proc\u00e8de \u00e0 la nomination de Monsieur<\/p>\n<p style=\"text-align: center;\">GEOVANNY DUFFER ORDO\u0147EZ, \u00c9quatorien et ancien \u00e9l\u00e8ve lasallien;<\/p>\n<p style=\"text-align: center;\">d\u00e9l\u00e9gu\u00e9 au Conseil Economique et Social\u02d7 ECOSOC \u02d7de l&rsquo;Organisation des<\/p>\n<p style=\"text-align: center;\">Nations Unies, avec si\u00e8ge \u00e0 New York.<\/p>\n<p style=\"text-align: center;\">Le dix(10) mars 2025<\/p>\n<p style=\"text-align: center;\"><strong>Alfonso Giraldo Saavedra<\/strong><\/p>\n<p style=\"text-align: center;\">Pr\u00e9sident<\/p>\n<p style=\"margin: 0cm; text-align: center;\" align=\"center\"><span style=\"font-size: 11.0pt; color: #002b82;\">CASA GENERALICIA LA SALLE Via Aurelia 476 ROME<\/span><\/p>\n<p style=\"margin: 0cm; text-align: center;\" align=\"center\"><span style=\"font-size: 10.0pt; color: #002b82;\">www.omaec.info \/ <\/span><a href=\"mailto:secretariogeneral@omaec.info\"><span style=\"font-size: 10.0pt;\">secretariogeneral@omaec.info<\/span><\/a><\/p>\n<p align=\"center\">\n<p align=\"center\"><a href=\"https:\/\/www.omaec.org\/wp-content\/uploads\/2025\/06\/OMAEC-IMAGEN-1.jpg\"><img loading=\"lazy\" decoding=\"async\" class=\"wp-image-20655 aligncenter\" src=\"https:\/\/www.omaec.org\/wp-content\/uploads\/2025\/06\/OMAEC-IMAGEN-1-300x77.jpg\" alt=\"\" width=\"513\" height=\"132\" srcset=\"https:\/\/www.omaec.org\/wp-content\/uploads\/2025\/06\/OMAEC-IMAGEN-1-300x77.jpg 300w, https:\/\/www.omaec.org\/wp-content\/uploads\/2025\/06\/OMAEC-IMAGEN-1-1024x262.jpg 1024w, https:\/\/www.omaec.org\/wp-content\/uploads\/2025\/06\/OMAEC-IMAGEN-1-768x196.jpg 768w, https:\/\/www.omaec.org\/wp-content\/uploads\/2025\/06\/OMAEC-IMAGEN-1.jpg 1080w\" sizes=\"auto, (max-width: 513px) 100vw, 513px\" \/><\/a><\/p>\n<p style=\"margin: 0cm; text-align: center;\" align=\"center\"><span style=\"font-size: 10.0pt; color: #002b82;\">\u00a0<\/span><\/p>\n","protected":false},"excerpt":{"rendered":"<p>NOMINATION DU D\u00c9L\u00c9GU\u00c9 AU CONSEIL \u00a0ECONOMIQUE ET SOCIAL\u02d7 ECOSOC\u02d7 DE L&rsquo;ORGANISATION DES NATIONS UNIES Alfonso Giraldo Saavedra, Pr\u00e9sident de l&rsquo;Organisation Mondiale des Anciens \u00e9l\u00e8ves de l&rsquo;\u00e9ducation catholique \u02d7 OMAEC \u02d7 Dans le strict respect de ses statuts, proc\u00e8de \u00e0 la nomination de Monsieur GEOVANNY DUFFER ORDO\u0147EZ, \u00c9quatorien et ancien \u00e9l\u00e8ve lasallien; d\u00e9l\u00e9gu\u00e9 au Conseil Economique <a href=\"https:\/\/www.omaec.org\/fr\/nomination-du-delegue-au-conseil-economique-et-social%cb%97-ecosoc%cb%97-de-lorganisation-des-nations-unies\/\" rel=\"nofollow\">(more&#8230;)<\/a><\/p>\n","protected":false},"author":9,"featured_media":0,"comment_status":"closed","ping_status":"open","sticky":false,"template":"","format":"standard","meta":{"footnotes":""},"categories":[298],"tags":[],"class_list":["post-20819","post","type-post","status-publish","format-standard","hentry","category-documents-de-lomaec"],"acf":[],"yoast_head":"<!-- This site is optimized with the Yoast SEO plugin v20.11 - https:\/\/yoast.com\/wordpress\/plugins\/seo\/ -->\n<title>NOMINATION DU D\u00c9L\u00c9GU\u00c9 AU CONSEIL ECONOMIQUE ET SOCIAL\u02d7 ECOSOC\u02d7 DE L&#039;ORGANISATION DES NATIONS UNIES - Organizaci\u00f3n Mundial de Antiguos Alumnos de la Educaci\u00f3n Cat\u00f3lica<\/title>\n<meta name=\"robots\" content=\"index, follow, max-snippet:-1, max-image-preview:large, max-video-preview:-1\" \/>\n<link rel=\"canonical\" href=\"https:\/\/www.omaec.org\/fr\/nomination-du-delegue-au-conseil-economique-et-social\u02d7-ecosoc\u02d7-de-lorganisation-des-nations-unies\/\" \/>\n<meta property=\"og:locale\" content=\"fr_FR\" \/>\n<meta property=\"og:type\" content=\"article\" \/>\n<meta property=\"og:title\" content=\"NOMINATION DU D\u00c9L\u00c9GU\u00c9 AU CONSEIL ECONOMIQUE ET SOCIAL\u02d7 ECOSOC\u02d7 DE L&#039;ORGANISATION DES NATIONS UNIES - Organizaci\u00f3n Mundial de Antiguos Alumnos de la Educaci\u00f3n Cat\u00f3lica\" \/>\n<meta property=\"og:description\" content=\"NOMINATION DU D\u00c9L\u00c9GU\u00c9 AU CONSEIL \u00a0ECONOMIQUE ET SOCIAL\u02d7 ECOSOC\u02d7 DE L&rsquo;ORGANISATION DES NATIONS UNIES Alfonso Giraldo Saavedra, Pr\u00e9sident de l&rsquo;Organisation Mondiale des Anciens \u00e9l\u00e8ves de l&rsquo;\u00e9ducation catholique \u02d7 OMAEC \u02d7 Dans le strict respect de ses statuts, proc\u00e8de \u00e0 la nomination de Monsieur GEOVANNY DUFFER ORDO\u0147EZ, \u00c9quatorien et ancien \u00e9l\u00e8ve lasallien; d\u00e9l\u00e9gu\u00e9 au Conseil Economique (more...)\" \/>\n<meta property=\"og:url\" content=\"https:\/\/www.omaec.org\/fr\/nomination-du-delegue-au-conseil-economique-et-social\u02d7-ecosoc\u02d7-de-lorganisation-des-nations-unies\/\" \/>\n<meta property=\"og:site_name\" content=\"Organizaci\u00f3n Mundial de Antiguos Alumnos de la Educaci\u00f3n Cat\u00f3lica\" \/>\n<meta property=\"article:published_time\" content=\"2025-08-22T06:01:09+00:00\" \/>\n<meta property=\"article:modified_time\" content=\"2025-08-22T21:58:47+00:00\" \/>\n<meta property=\"og:image\" content=\"https:\/\/www.omaec.org\/wp-content\/uploads\/2025\/06\/OMAEC-IMAGEN-1-300x77.jpg\" \/>\n<meta name=\"author\" content=\"Virginia Gonz\u00e1lez\" \/>\n<meta name=\"twitter:card\" content=\"summary_large_image\" \/>\n<meta name=\"twitter:label1\" content=\"\u00c9crit par\" \/>\n\t<meta name=\"twitter:data1\" content=\"Virginia Gonz\u00e1lez\" \/>\n\t<meta name=\"twitter:label2\" content=\"Dur\u00e9e de lecture estim\u00e9e\" \/>\n\t<meta name=\"twitter:data2\" content=\"1 minute\" \/>\n<script type=\"application\/ld+json\" class=\"yoast-schema-graph\">{\"@context\":\"https:\/\/schema.org\",\"@graph\":[{\"@type\":\"Article\",\"@id\":\"https:\/\/www.omaec.org\/fr\/nomination-du-delegue-au-conseil-economique-et-social%cb%97-ecosoc%cb%97-de-lorganisation-des-nations-unies\/#article\",\"isPartOf\":{\"@id\":\"https:\/\/www.omaec.org\/fr\/nomination-du-delegue-au-conseil-economique-et-social%cb%97-ecosoc%cb%97-de-lorganisation-des-nations-unies\/\"},\"author\":{\"name\":\"Virginia Gonz\u00e1lez\",\"@id\":\"https:\/\/www.omaec.org\/#\/schema\/person\/06cce3f97284b58f7c5365f117dfe895\"},\"headline\":\"NOMINATION DU D\u00c9L\u00c9GU\u00c9 AU CONSEIL ECONOMIQUE ET SOCIAL\u02d7 ECOSOC\u02d7 DE L&rsquo;ORGANISATION DES NATIONS UNIES\",\"datePublished\":\"2025-08-22T06:01:09+00:00\",\"dateModified\":\"2025-08-22T21:58:47+00:00\",\"mainEntityOfPage\":{\"@id\":\"https:\/\/www.omaec.org\/fr\/nomination-du-delegue-au-conseil-economique-et-social%cb%97-ecosoc%cb%97-de-lorganisation-des-nations-unies\/\"},\"wordCount\":116,\"publisher\":{\"@id\":\"https:\/\/www.omaec.org\/#organization\"},\"articleSection\":[\"Documents de l'OMAEC\"],\"inLanguage\":\"fr-FR\"},{\"@type\":\"WebPage\",\"@id\":\"https:\/\/www.omaec.org\/fr\/nomination-du-delegue-au-conseil-economique-et-social%cb%97-ecosoc%cb%97-de-lorganisation-des-nations-unies\/\",\"url\":\"https:\/\/www.omaec.org\/fr\/nomination-du-delegue-au-conseil-economique-et-social%cb%97-ecosoc%cb%97-de-lorganisation-des-nations-unies\/\",\"name\":\"NOMINATION DU D\u00c9L\u00c9GU\u00c9 AU CONSEIL ECONOMIQUE ET SOCIAL\u02d7 ECOSOC\u02d7 DE L'ORGANISATION DES NATIONS UNIES - Organizaci\u00f3n Mundial de Antiguos Alumnos de la Educaci\u00f3n Cat\u00f3lica\",\"isPartOf\":{\"@id\":\"https:\/\/www.omaec.org\/#website\"},\"datePublished\":\"2025-08-22T06:01:09+00:00\",\"dateModified\":\"2025-08-22T21:58:47+00:00\",\"breadcrumb\":{\"@id\":\"https:\/\/www.omaec.org\/fr\/nomination-du-delegue-au-conseil-economique-et-social%cb%97-ecosoc%cb%97-de-lorganisation-des-nations-unies\/#breadcrumb\"},\"inLanguage\":\"fr-FR\",\"potentialAction\":[{\"@type\":\"ReadAction\",\"target\":[\"https:\/\/www.omaec.org\/fr\/nomination-du-delegue-au-conseil-economique-et-social%cb%97-ecosoc%cb%97-de-lorganisation-des-nations-unies\/\"]}]},{\"@type\":\"BreadcrumbList\",\"@id\":\"https:\/\/www.omaec.org\/fr\/nomination-du-delegue-au-conseil-economique-et-social%cb%97-ecosoc%cb%97-de-lorganisation-des-nations-unies\/#breadcrumb\",\"itemListElement\":[{\"@type\":\"ListItem\",\"position\":1,\"name\":\"Portada\",\"item\":\"https:\/\/www.omaec.org\/fr\/\"},{\"@type\":\"ListItem\",\"position\":2,\"name\":\"NOMINATION DU D\u00c9L\u00c9GU\u00c9 AU CONSEIL ECONOMIQUE ET SOCIAL\u02d7 ECOSOC\u02d7 DE L&#8217;ORGANISATION DES NATIONS UNIES\"}]},{\"@type\":\"WebSite\",\"@id\":\"https:\/\/www.omaec.org\/#website\",\"url\":\"https:\/\/www.omaec.org\/\",\"name\":\"Organizaci\u00f3n Mundial de Antiguos Alumnos de la Educaci\u00f3n Cat\u00f3lica\",\"description\":\"OMAEC\",\"publisher\":{\"@id\":\"https:\/\/www.omaec.org\/#organization\"},\"potentialAction\":[{\"@type\":\"SearchAction\",\"target\":{\"@type\":\"EntryPoint\",\"urlTemplate\":\"https:\/\/www.omaec.org\/?s={search_term_string}\"},\"query-input\":\"required name=search_term_string\"}],\"inLanguage\":\"fr-FR\"},{\"@type\":\"Organization\",\"@id\":\"https:\/\/www.omaec.org\/#organization\",\"name\":\"Organizaci\u00f3n Mundial de Antiguos Alumnos de la Educaci\u00f3n Cat\u00f3lica\",\"url\":\"https:\/\/www.omaec.org\/\",\"logo\":{\"@type\":\"ImageObject\",\"inLanguage\":\"fr-FR\",\"@id\":\"https:\/\/www.omaec.org\/#\/schema\/logo\/image\/\",\"url\":\"https:\/\/www.omaec.org\/wp-content\/uploads\/2021\/06\/OMAEC-LOGO-OFICIAL.jpg\",\"contentUrl\":\"https:\/\/www.omaec.org\/wp-content\/uploads\/2021\/06\/OMAEC-LOGO-OFICIAL.jpg\",\"width\":525,\"height\":452,\"caption\":\"Organizaci\u00f3n Mundial de Antiguos  Alumnos de la Educaci\u00f3n Cat\u00f3lica\"},\"image\":{\"@id\":\"https:\/\/www.omaec.org\/#\/schema\/logo\/image\/\"}},{\"@type\":\"Person\",\"@id\":\"https:\/\/www.omaec.org\/#\/schema\/person\/06cce3f97284b58f7c5365f117dfe895\",\"name\":\"Virginia Gonz\u00e1lez\",\"image\":{\"@type\":\"ImageObject\",\"inLanguage\":\"fr-FR\",\"@id\":\"https:\/\/www.omaec.org\/#\/schema\/person\/image\/\",\"url\":\"https:\/\/www.omaec.org\/wp-content\/uploads\/2023\/02\/FOTO-VIRGINIA-96x96.jpeg\",\"contentUrl\":\"https:\/\/www.omaec.org\/wp-content\/uploads\/2023\/02\/FOTO-VIRGINIA-96x96.jpeg\",\"caption\":\"Virginia Gonz\u00e1lez\"},\"url\":\"https:\/\/www.omaec.org\/fr\/author\/comunicaciones\/\"}]}<\/script>\n<!-- \/ Yoast SEO plugin. -->","yoast_head_json":{"title":"NOMINATION DU D\u00c9L\u00c9GU\u00c9 AU CONSEIL ECONOMIQUE ET SOCIAL\u02d7 ECOSOC\u02d7 DE L'ORGANISATION DES NATIONS UNIES - Organizaci\u00f3n Mundial de Antiguos Alumnos de la Educaci\u00f3n Cat\u00f3lica","robots":{"index":"index","follow":"follow","max-snippet":"max-snippet:-1","max-image-preview":"max-image-preview:large","max-video-preview":"max-video-preview:-1"},"canonical":"https:\/\/www.omaec.org\/fr\/nomination-du-delegue-au-conseil-economique-et-social\u02d7-ecosoc\u02d7-de-lorganisation-des-nations-unies\/","og_locale":"fr_FR","og_type":"article","og_title":"NOMINATION DU D\u00c9L\u00c9GU\u00c9 AU CONSEIL ECONOMIQUE ET SOCIAL\u02d7 ECOSOC\u02d7 DE L'ORGANISATION DES NATIONS UNIES - Organizaci\u00f3n Mundial de Antiguos Alumnos de la Educaci\u00f3n Cat\u00f3lica","og_description":"NOMINATION DU D\u00c9L\u00c9GU\u00c9 AU CONSEIL \u00a0ECONOMIQUE ET SOCIAL\u02d7 ECOSOC\u02d7 DE L&rsquo;ORGANISATION DES NATIONS UNIES Alfonso Giraldo Saavedra, Pr\u00e9sident de l&rsquo;Organisation Mondiale des Anciens \u00e9l\u00e8ves de l&rsquo;\u00e9ducation catholique \u02d7 OMAEC \u02d7 Dans le strict respect de ses statuts, proc\u00e8de \u00e0 la nomination de Monsieur GEOVANNY DUFFER ORDO\u0147EZ, \u00c9quatorien et ancien \u00e9l\u00e8ve lasallien; d\u00e9l\u00e9gu\u00e9 au Conseil Economique (more...)","og_url":"https:\/\/www.omaec.org\/fr\/nomination-du-delegue-au-conseil-economique-et-social\u02d7-ecosoc\u02d7-de-lorganisation-des-nations-unies\/","og_site_name":"Organizaci\u00f3n Mundial de Antiguos Alumnos de la Educaci\u00f3n Cat\u00f3lica","article_published_time":"2025-08-22T06:01:09+00:00","article_modified_time":"2025-08-22T21:58:47+00:00","og_image":[{"url":"https:\/\/www.omaec.org\/wp-content\/uploads\/2025\/06\/OMAEC-IMAGEN-1-300x77.jpg"}],"author":"Virginia Gonz\u00e1lez","twitter_card":"summary_large_image","twitter_misc":{"\u00c9crit par":"Virginia Gonz\u00e1lez","Dur\u00e9e de lecture estim\u00e9e":"1 minute"},"schema":{"@context":"https:\/\/schema.org","@graph":[{"@type":"Article","@id":"https:\/\/www.omaec.org\/fr\/nomination-du-delegue-au-conseil-economique-et-social%cb%97-ecosoc%cb%97-de-lorganisation-des-nations-unies\/#article","isPartOf":{"@id":"https:\/\/www.omaec.org\/fr\/nomination-du-delegue-au-conseil-economique-et-social%cb%97-ecosoc%cb%97-de-lorganisation-des-nations-unies\/"},"author":{"name":"Virginia Gonz\u00e1lez","@id":"https:\/\/www.omaec.org\/#\/schema\/person\/06cce3f97284b58f7c5365f117dfe895"},"headline":"NOMINATION DU D\u00c9L\u00c9GU\u00c9 AU CONSEIL ECONOMIQUE ET SOCIAL\u02d7 ECOSOC\u02d7 DE L&rsquo;ORGANISATION DES NATIONS UNIES","datePublished":"2025-08-22T06:01:09+00:00","dateModified":"2025-08-22T21:58:47+00:00","mainEntityOfPage":{"@id":"https:\/\/www.omaec.org\/fr\/nomination-du-delegue-au-conseil-economique-et-social%cb%97-ecosoc%cb%97-de-lorganisation-des-nations-unies\/"},"wordCount":116,"publisher":{"@id":"https:\/\/www.omaec.org\/#organization"},"articleSection":["Documents de l'OMAEC"],"inLanguage":"fr-FR"},{"@type":"WebPage","@id":"https:\/\/www.omaec.org\/fr\/nomination-du-delegue-au-conseil-economique-et-social%cb%97-ecosoc%cb%97-de-lorganisation-des-nations-unies\/","url":"https:\/\/www.omaec.org\/fr\/nomination-du-delegue-au-conseil-economique-et-social%cb%97-ecosoc%cb%97-de-lorganisation-des-nations-unies\/","name":"NOMINATION DU D\u00c9L\u00c9GU\u00c9 AU CONSEIL ECONOMIQUE ET SOCIAL\u02d7 ECOSOC\u02d7 DE L'ORGANISATION DES NATIONS UNIES - Organizaci\u00f3n Mundial de Antiguos Alumnos de la Educaci\u00f3n Cat\u00f3lica","isPartOf":{"@id":"https:\/\/www.omaec.org\/#website"},"datePublished":"2025-08-22T06:01:09+00:00","dateModified":"2025-08-22T21:58:47+00:00","breadcrumb":{"@id":"https:\/\/www.omaec.org\/fr\/nomination-du-delegue-au-conseil-economique-et-social%cb%97-ecosoc%cb%97-de-lorganisation-des-nations-unies\/#breadcrumb"},"inLanguage":"fr-FR","potentialAction":[{"@type":"ReadAction","target":["https:\/\/www.omaec.org\/fr\/nomination-du-delegue-au-conseil-economique-et-social%cb%97-ecosoc%cb%97-de-lorganisation-des-nations-unies\/"]}]},{"@type":"BreadcrumbList","@id":"https:\/\/www.omaec.org\/fr\/nomination-du-delegue-au-conseil-economique-et-social%cb%97-ecosoc%cb%97-de-lorganisation-des-nations-unies\/#breadcrumb","itemListElement":[{"@type":"ListItem","position":1,"name":"Portada","item":"https:\/\/www.omaec.org\/fr\/"},{"@type":"ListItem","position":2,"name":"NOMINATION DU D\u00c9L\u00c9GU\u00c9 AU CONSEIL ECONOMIQUE ET SOCIAL\u02d7 ECOSOC\u02d7 DE L&#8217;ORGANISATION DES NATIONS UNIES"}]},{"@type":"WebSite","@id":"https:\/\/www.omaec.org\/#website","url":"https:\/\/www.omaec.org\/","name":"Organizaci\u00f3n Mundial de Antiguos Alumnos de la Educaci\u00f3n Cat\u00f3lica","description":"OMAEC","publisher":{"@id":"https:\/\/www.omaec.org\/#organization"},"potentialAction":[{"@type":"SearchAction","target":{"@type":"EntryPoint","urlTemplate":"https:\/\/www.omaec.org\/?s={search_term_string}"},"query-input":"required name=search_term_string"}],"inLanguage":"fr-FR"},{"@type":"Organization","@id":"https:\/\/www.omaec.org\/#organization","name":"Organizaci\u00f3n Mundial de Antiguos Alumnos de la Educaci\u00f3n Cat\u00f3lica","url":"https:\/\/www.omaec.org\/","logo":{"@type":"ImageObject","inLanguage":"fr-FR","@id":"https:\/\/www.omaec.org\/#\/schema\/logo\/image\/","url":"https:\/\/www.omaec.org\/wp-content\/uploads\/2021\/06\/OMAEC-LOGO-OFICIAL.jpg","contentUrl":"https:\/\/www.omaec.org\/wp-content\/uploads\/2021\/06\/OMAEC-LOGO-OFICIAL.jpg","width":525,"height":452,"caption":"Organizaci\u00f3n Mundial de Antiguos  Alumnos de la Educaci\u00f3n Cat\u00f3lica"},"image":{"@id":"https:\/\/www.omaec.org\/#\/schema\/logo\/image\/"}},{"@type":"Person","@id":"https:\/\/www.omaec.org\/#\/schema\/person\/06cce3f97284b58f7c5365f117dfe895","name":"Virginia Gonz\u00e1lez","image":{"@type":"ImageObject","inLanguage":"fr-FR","@id":"https:\/\/www.omaec.org\/#\/schema\/person\/image\/","url":"https:\/\/www.omaec.org\/wp-content\/uploads\/2023\/02\/FOTO-VIRGINIA-96x96.jpeg","contentUrl":"https:\/\/www.omaec.org\/wp-content\/uploads\/2023\/02\/FOTO-VIRGINIA-96x96.jpeg","caption":"Virginia Gonz\u00e1lez"},"url":"https:\/\/www.omaec.org\/fr\/author\/comunicaciones\/"}]}},"_links":{"self":[{"href":"https:\/\/www.omaec.org\/fr\/wp-json\/wp\/v2\/posts\/20819","targetHints":{"allow":["GET"]}}],"collection":[{"href":"https:\/\/www.omaec.org\/fr\/wp-json\/wp\/v2\/posts"}],"about":[{"href":"https:\/\/www.omaec.org\/fr\/wp-json\/wp\/v2\/types\/post"}],"author":[{"embeddable":true,"href":"https:\/\/www.omaec.org\/fr\/wp-json\/wp\/v2\/users\/9"}],"replies":[{"embeddable":true,"href":"https:\/\/www.omaec.org\/fr\/wp-json\/wp\/v2\/comments?post=20819"}],"version-history":[{"count":3,"href":"https:\/\/www.omaec.org\/fr\/wp-json\/wp\/v2\/posts\/20819\/revisions"}],"predecessor-version":[{"id":20837,"href":"https:\/\/www.omaec.org\/fr\/wp-json\/wp\/v2\/posts\/20819\/revisions\/20837"}],"wp:attachment":[{"href":"https:\/\/www.omaec.org\/fr\/wp-json\/wp\/v2\/media?parent=20819"}],"wp:term":[{"taxonomy":"category","embeddable":true,"href":"https:\/\/www.omaec.org\/fr\/wp-json\/wp\/v2\/categories?post=20819"},{"taxonomy":"post_tag","embeddable":true,"href":"https:\/\/www.omaec.org\/fr\/wp-json\/wp\/v2\/tags?post=20819"}],"curies":[{"name":"wp","href":"https:\/\/api.w.org\/{rel}","templated":true}]}}