{"id":2079,"date":"2016-05-21T12:46:13","date_gmt":"2016-05-21T11:46:13","guid":{"rendered":"http:\/\/omaec.org\/?p=2079"},"modified":"2016-10-10T22:27:08","modified_gmt":"2016-10-10T21:27:08","slug":"congregation-des-soeurs-de-la-consolation-omaec","status":"publish","type":"post","link":"https:\/\/www.omaec.org\/fr\/congregation-des-soeurs-de-la-consolation-omaec\/","title":{"rendered":"CONGR\u00c9GATION DES S\u0152URS DE LA CONSOLATION &#8211; OMAEC"},"content":{"rendered":"<p><strong><a href=\"http:\/\/www.consolacion.org\/\">La congr\u00e9gation des S\u0153urs de Notre-Dame de la Consolation<\/a><\/strong> et l\u2019OMAEC ont tenu une importante r\u00e9union pour partager sur des questions concernant les anciens \u00e9l\u00e8ves.<\/p>\n<p>Les S\u0153urs de la Consolation se consacrent \u00e0 l\u2019enseignement, avec plusieurs \u00e9coles dans le monde, et sont \u00e9galement actives dans le domaine des soins (maisons de retraite pour personnes \u00e2g\u00e9es, jeunes, personnes marginalis\u00e9es, etc.)<\/p>\n<p>Pour la Congr\u00e9gation, ont particip\u00e9 \u00e0 la r\u00e9union les s\u0153urs Emilia Sebasti\u00e1, Sup\u00e9rieure g\u00e9n\u00e9rale, et Carmen Mart\u00ednez, Secr\u00e9taire\u00a0; l\u2019OMAEC \u00e9tait repr\u00e9sent\u00e9e par Jos\u00e9 Ram\u00f3n Batiste, Secr\u00e9taire g\u00e9n\u00e9ral.<\/p>\n<p>L\u2019OMAEC conseille la Congr\u00e9gation pour la cr\u00e9ation d&rsquo;une structure internationale des anciens \u00e9l\u00e8ves partageant le charisme de la <a href=\"http:\/\/www.consolacion.org\/santidad\/m-rosa-molas\/\"><strong>fondatrice Maria Rosa Molas<\/strong><\/a>. <a href=\"http:\/\/omaec.org\/wp-content\/uploads\/2016\/05\/rosa-molas.jpg\" rel=\"attachment wp-att-2062\"><img loading=\"lazy\" decoding=\"async\" class=\"alignnone size-full wp-image-2062\" src=\"http:\/\/omaec.org\/wp-content\/uploads\/2016\/05\/rosa-molas.jpg\" alt=\"rosa molas\" width=\"225\" height=\"225\" srcset=\"https:\/\/www.omaec.org\/wp-content\/uploads\/2016\/05\/rosa-molas.jpg 225w, https:\/\/www.omaec.org\/wp-content\/uploads\/2016\/05\/rosa-molas-150x150.jpg 150w, https:\/\/www.omaec.org\/wp-content\/uploads\/2016\/05\/rosa-molas-75x75.jpg 75w, https:\/\/www.omaec.org\/wp-content\/uploads\/2016\/05\/rosa-molas-60x60.jpg 60w\" sizes=\"auto, (max-width: 225px) 100vw, 225px\" \/><\/a><\/p>\n","protected":false},"excerpt":{"rendered":"<p>La congr\u00e9gation des S\u0153urs de Notre-Dame de la Consolation et l\u2019OMAEC ont tenu une importante r\u00e9union pour partager sur des questions concernant les anciens \u00e9l\u00e8ves. Les S\u0153urs de la Consolation se consacrent \u00e0 l\u2019enseignement, avec plusieurs \u00e9coles dans le monde, et sont \u00e9galement actives dans le domaine des soins (maisons de retraite pour personnes \u00e2g\u00e9es, <a href=\"https:\/\/www.omaec.org\/fr\/congregation-des-soeurs-de-la-consolation-omaec\/\" rel=\"nofollow\">(more&#8230;)<\/a><\/p>\n","protected":false},"author":1,"featured_media":2061,"comment_status":"open","ping_status":"open","sticky":false,"template":"","format":"standard","meta":{"footnotes":""},"categories":[160],"tags":[],"class_list":["post-2079","post","type-post","status-publish","format-standard","has-post-thumbnail","hentry","category-eglise"],"acf":[],"yoast_head":"<!-- This site is optimized with the Yoast SEO plugin v20.11 - https:\/\/yoast.com\/wordpress\/plugins\/seo\/ -->\n<title>CONGR\u00c9GATION DES S\u0152URS DE LA CONSOLATION - OMAEC - Organizaci\u00f3n Mundial de Antiguos Alumnos de la Educaci\u00f3n Cat\u00f3lica<\/title>\n<meta name=\"robots\" content=\"index, follow, max-snippet:-1, max-image-preview:large, max-video-preview:-1\" \/>\n<link rel=\"canonical\" href=\"https:\/\/www.omaec.org\/fr\/congregation-des-soeurs-de-la-consolation-omaec\/\" \/>\n<meta property=\"og:locale\" content=\"fr_FR\" \/>\n<meta property=\"og:type\" content=\"article\" \/>\n<meta property=\"og:title\" content=\"CONGR\u00c9GATION DES S\u0152URS DE LA CONSOLATION - OMAEC - Organizaci\u00f3n Mundial de Antiguos Alumnos de la Educaci\u00f3n Cat\u00f3lica\" \/>\n<meta property=\"og:description\" content=\"La congr\u00e9gation des S\u0153urs de Notre-Dame de la Consolation et l\u2019OMAEC ont tenu une importante r\u00e9union pour partager sur des questions concernant les anciens \u00e9l\u00e8ves. Les S\u0153urs de la Consolation se consacrent \u00e0 l\u2019enseignement, avec plusieurs \u00e9coles dans le monde, et sont \u00e9galement actives dans le domaine des soins (maisons de retraite pour personnes \u00e2g\u00e9es, (more...)\" \/>\n<meta property=\"og:url\" content=\"https:\/\/www.omaec.org\/fr\/congregation-des-soeurs-de-la-consolation-omaec\/\" \/>\n<meta property=\"og:site_name\" content=\"Organizaci\u00f3n Mundial de Antiguos Alumnos de la Educaci\u00f3n Cat\u00f3lica\" \/>\n<meta property=\"article:published_time\" content=\"2016-05-21T11:46:13+00:00\" \/>\n<meta property=\"article:modified_time\" content=\"2016-10-10T21:27:08+00:00\" \/>\n<meta property=\"og:image\" content=\"https:\/\/www.omaec.org\/wp-content\/uploads\/2016\/05\/IMG-20160412-WA0012.jpg\" \/>\n\t<meta property=\"og:image:width\" content=\"1600\" \/>\n\t<meta property=\"og:image:height\" content=\"1200\" \/>\n\t<meta property=\"og:image:type\" content=\"image\/jpeg\" \/>\n<meta name=\"author\" content=\"Secretario General\" \/>\n<meta name=\"twitter:card\" content=\"summary_large_image\" \/>\n<meta name=\"twitter:label1\" content=\"\u00c9crit par\" \/>\n\t<meta name=\"twitter:data1\" content=\"Secretario General\" \/>\n\t<meta name=\"twitter:label2\" content=\"Dur\u00e9e de lecture estim\u00e9e\" \/>\n\t<meta name=\"twitter:data2\" content=\"1 minute\" \/>\n<script type=\"application\/ld+json\" class=\"yoast-schema-graph\">{\"@context\":\"https:\/\/schema.org\",\"@graph\":[{\"@type\":\"Article\",\"@id\":\"https:\/\/www.omaec.org\/fr\/congregation-des-soeurs-de-la-consolation-omaec\/#article\",\"isPartOf\":{\"@id\":\"https:\/\/www.omaec.org\/fr\/congregation-des-soeurs-de-la-consolation-omaec\/\"},\"author\":{\"name\":\"Secretario General\",\"@id\":\"https:\/\/www.omaec.org\/#\/schema\/person\/b6995e5c4038e3cf602f2bb958068c35\"},\"headline\":\"CONGR\u00c9GATION DES S\u0152URS DE LA CONSOLATION &#8211; OMAEC\",\"datePublished\":\"2016-05-21T11:46:13+00:00\",\"dateModified\":\"2016-10-10T21:27:08+00:00\",\"mainEntityOfPage\":{\"@id\":\"https:\/\/www.omaec.org\/fr\/congregation-des-soeurs-de-la-consolation-omaec\/\"},\"wordCount\":145,\"commentCount\":0,\"publisher\":{\"@id\":\"https:\/\/www.omaec.org\/#organization\"},\"articleSection\":[\"\u00c9glise\"],\"inLanguage\":\"fr-FR\",\"potentialAction\":[{\"@type\":\"CommentAction\",\"name\":\"Comment\",\"target\":[\"https:\/\/www.omaec.org\/fr\/congregation-des-soeurs-de-la-consolation-omaec\/#respond\"]}]},{\"@type\":\"WebPage\",\"@id\":\"https:\/\/www.omaec.org\/fr\/congregation-des-soeurs-de-la-consolation-omaec\/\",\"url\":\"https:\/\/www.omaec.org\/fr\/congregation-des-soeurs-de-la-consolation-omaec\/\",\"name\":\"CONGR\u00c9GATION DES S\u0152URS DE LA CONSOLATION - OMAEC - Organizaci\u00f3n Mundial de Antiguos Alumnos de la Educaci\u00f3n Cat\u00f3lica\",\"isPartOf\":{\"@id\":\"https:\/\/www.omaec.org\/#website\"},\"datePublished\":\"2016-05-21T11:46:13+00:00\",\"dateModified\":\"2016-10-10T21:27:08+00:00\",\"breadcrumb\":{\"@id\":\"https:\/\/www.omaec.org\/fr\/congregation-des-soeurs-de-la-consolation-omaec\/#breadcrumb\"},\"inLanguage\":\"fr-FR\",\"potentialAction\":[{\"@type\":\"ReadAction\",\"target\":[\"https:\/\/www.omaec.org\/fr\/congregation-des-soeurs-de-la-consolation-omaec\/\"]}]},{\"@type\":\"BreadcrumbList\",\"@id\":\"https:\/\/www.omaec.org\/fr\/congregation-des-soeurs-de-la-consolation-omaec\/#breadcrumb\",\"itemListElement\":[{\"@type\":\"ListItem\",\"position\":1,\"name\":\"Portada\",\"item\":\"https:\/\/www.omaec.org\/fr\/\"},{\"@type\":\"ListItem\",\"position\":2,\"name\":\"CONGR\u00c9GATION DES S\u0152URS DE LA CONSOLATION &#8211; OMAEC\"}]},{\"@type\":\"WebSite\",\"@id\":\"https:\/\/www.omaec.org\/#website\",\"url\":\"https:\/\/www.omaec.org\/\",\"name\":\"Organizaci\u00f3n Mundial de Antiguos Alumnos de la Educaci\u00f3n Cat\u00f3lica\",\"description\":\"OMAEC\",\"publisher\":{\"@id\":\"https:\/\/www.omaec.org\/#organization\"},\"potentialAction\":[{\"@type\":\"SearchAction\",\"target\":{\"@type\":\"EntryPoint\",\"urlTemplate\":\"https:\/\/www.omaec.org\/?s={search_term_string}\"},\"query-input\":\"required name=search_term_string\"}],\"inLanguage\":\"fr-FR\"},{\"@type\":\"Organization\",\"@id\":\"https:\/\/www.omaec.org\/#organization\",\"name\":\"Organizaci\u00f3n Mundial de Antiguos Alumnos de la Educaci\u00f3n Cat\u00f3lica\",\"url\":\"https:\/\/www.omaec.org\/\",\"logo\":{\"@type\":\"ImageObject\",\"inLanguage\":\"fr-FR\",\"@id\":\"https:\/\/www.omaec.org\/#\/schema\/logo\/image\/\",\"url\":\"https:\/\/www.omaec.org\/wp-content\/uploads\/2021\/06\/OMAEC-LOGO-OFICIAL.jpg\",\"contentUrl\":\"https:\/\/www.omaec.org\/wp-content\/uploads\/2021\/06\/OMAEC-LOGO-OFICIAL.jpg\",\"width\":525,\"height\":452,\"caption\":\"Organizaci\u00f3n Mundial de Antiguos  Alumnos de la Educaci\u00f3n Cat\u00f3lica\"},\"image\":{\"@id\":\"https:\/\/www.omaec.org\/#\/schema\/logo\/image\/\"}},{\"@type\":\"Person\",\"@id\":\"https:\/\/www.omaec.org\/#\/schema\/person\/b6995e5c4038e3cf602f2bb958068c35\",\"name\":\"Secretario General\",\"image\":{\"@type\":\"ImageObject\",\"inLanguage\":\"fr-FR\",\"@id\":\"https:\/\/www.omaec.org\/#\/schema\/person\/image\/\",\"url\":\"https:\/\/www.omaec.org\/wp-content\/uploads\/2025\/03\/FOTO-GUILLERMO-GUTIERREZ-PIRAQUIVE-OMAEC-96x96.jpg\",\"contentUrl\":\"https:\/\/www.omaec.org\/wp-content\/uploads\/2025\/03\/FOTO-GUILLERMO-GUTIERREZ-PIRAQUIVE-OMAEC-96x96.jpg\",\"caption\":\"Secretario General\"},\"description\":\"EXPERIENCIA LABORAL: SERVICIO NACIONAL DE APRENDIZAJE-SENA Regional Bogot\u00e1. Centro de Gesti\u00f3n de Mercados, Log\u00edstica y Tecnolog\u00edas de la Informaci\u00f3n. \u00b7Instructor de Mercadeo. SERVICIO NACIONAL DE APRENDIZAJE-SENA Regional Bogot\u00e1. Centro de Gesti\u00f3n Administrativa. \u00b7Instructor de Ventas. ARTESAN\u00cdAS DE COLOMBIA. \u00b7Administrador Centro Artesanal La Chamba (Tolima). PROGRAMADORA TELECULTURALES. \u00b7Asistente de Direcci\u00f3n AGENCIAS DE PUBLICIDAD: REP Y MASTER \u00b7Jefe de Medios SANCHO PUBLICIDAD \u00b7Jefe de Tr\u00e1fico. LEO BURNETT \u00b7Asistente de Medios. EDUCACION: \u00b7FUNDACI\u00d3N UNIVERSITARIA SALESIANA Diplomado en Salesianidad. \u00b7POLIT\u00c9CNICO GRANCOLOMBIANO Especializaci\u00f3n en Gerencia de Mercadeo. \u00b7UNIVERSIDAD NACIONAL ABIERTA Y A DISTANCIA Administraci\u00f3n de Empresas. \u00b7SERVICIO NACIONAL DE APRENDIZAJE-SENA Mercadotecnia. \u00b7UNIVERSIDAD CENTRAL Publicidad. \u00b7COLEGIO SALESIANO DE LE\u00d3N XIII Bachiller Acad\u00e9mico. EXPERIENCIA EXALUMNAL: ASOCIACI\u00d3N DE EXALUMNOS SDB-AEXSDBINSPECTOR\u00cdA SAN PEDRO CLAVER Presidente Sexenio 2021-2027. \u00b7ASOCIACI\u00d3N DE EXALUMNOS SDB-AEXSDBINSPECTOR\u00cdA SAN PEDRO CLAVER Vicepresidente Sexenio 2015-2021. \u00b7COLEGIO SALESIANO DE LE\u00d3N XIII. L\u00edder Promoci\u00f3n 1969. EXALUMNAL\",\"url\":\"https:\/\/www.omaec.org\/fr\/author\/omaec-admin\/\"}]}<\/script>\n<!-- \/ Yoast SEO plugin. -->","yoast_head_json":{"title":"CONGR\u00c9GATION DES S\u0152URS DE LA CONSOLATION - OMAEC - Organizaci\u00f3n Mundial de Antiguos Alumnos de la Educaci\u00f3n Cat\u00f3lica","robots":{"index":"index","follow":"follow","max-snippet":"max-snippet:-1","max-image-preview":"max-image-preview:large","max-video-preview":"max-video-preview:-1"},"canonical":"https:\/\/www.omaec.org\/fr\/congregation-des-soeurs-de-la-consolation-omaec\/","og_locale":"fr_FR","og_type":"article","og_title":"CONGR\u00c9GATION DES S\u0152URS DE LA CONSOLATION - OMAEC - Organizaci\u00f3n Mundial de Antiguos Alumnos de la Educaci\u00f3n Cat\u00f3lica","og_description":"La congr\u00e9gation des S\u0153urs de Notre-Dame de la Consolation et l\u2019OMAEC ont tenu une importante r\u00e9union pour partager sur des questions concernant les anciens \u00e9l\u00e8ves. Les S\u0153urs de la Consolation se consacrent \u00e0 l\u2019enseignement, avec plusieurs \u00e9coles dans le monde, et sont \u00e9galement actives dans le domaine des soins (maisons de retraite pour personnes \u00e2g\u00e9es, (more...)","og_url":"https:\/\/www.omaec.org\/fr\/congregation-des-soeurs-de-la-consolation-omaec\/","og_site_name":"Organizaci\u00f3n Mundial de Antiguos Alumnos de la Educaci\u00f3n Cat\u00f3lica","article_published_time":"2016-05-21T11:46:13+00:00","article_modified_time":"2016-10-10T21:27:08+00:00","og_image":[{"width":1600,"height":1200,"url":"https:\/\/www.omaec.org\/wp-content\/uploads\/2016\/05\/IMG-20160412-WA0012.jpg","type":"image\/jpeg"}],"author":"Secretario General","twitter_card":"summary_large_image","twitter_misc":{"\u00c9crit par":"Secretario General","Dur\u00e9e de lecture estim\u00e9e":"1 minute"},"schema":{"@context":"https:\/\/schema.org","@graph":[{"@type":"Article","@id":"https:\/\/www.omaec.org\/fr\/congregation-des-soeurs-de-la-consolation-omaec\/#article","isPartOf":{"@id":"https:\/\/www.omaec.org\/fr\/congregation-des-soeurs-de-la-consolation-omaec\/"},"author":{"name":"Secretario General","@id":"https:\/\/www.omaec.org\/#\/schema\/person\/b6995e5c4038e3cf602f2bb958068c35"},"headline":"CONGR\u00c9GATION DES S\u0152URS DE LA CONSOLATION &#8211; OMAEC","datePublished":"2016-05-21T11:46:13+00:00","dateModified":"2016-10-10T21:27:08+00:00","mainEntityOfPage":{"@id":"https:\/\/www.omaec.org\/fr\/congregation-des-soeurs-de-la-consolation-omaec\/"},"wordCount":145,"commentCount":0,"publisher":{"@id":"https:\/\/www.omaec.org\/#organization"},"articleSection":["\u00c9glise"],"inLanguage":"fr-FR","potentialAction":[{"@type":"CommentAction","name":"Comment","target":["https:\/\/www.omaec.org\/fr\/congregation-des-soeurs-de-la-consolation-omaec\/#respond"]}]},{"@type":"WebPage","@id":"https:\/\/www.omaec.org\/fr\/congregation-des-soeurs-de-la-consolation-omaec\/","url":"https:\/\/www.omaec.org\/fr\/congregation-des-soeurs-de-la-consolation-omaec\/","name":"CONGR\u00c9GATION DES S\u0152URS DE LA CONSOLATION - OMAEC - Organizaci\u00f3n Mundial de Antiguos Alumnos de la Educaci\u00f3n Cat\u00f3lica","isPartOf":{"@id":"https:\/\/www.omaec.org\/#website"},"datePublished":"2016-05-21T11:46:13+00:00","dateModified":"2016-10-10T21:27:08+00:00","breadcrumb":{"@id":"https:\/\/www.omaec.org\/fr\/congregation-des-soeurs-de-la-consolation-omaec\/#breadcrumb"},"inLanguage":"fr-FR","potentialAction":[{"@type":"ReadAction","target":["https:\/\/www.omaec.org\/fr\/congregation-des-soeurs-de-la-consolation-omaec\/"]}]},{"@type":"BreadcrumbList","@id":"https:\/\/www.omaec.org\/fr\/congregation-des-soeurs-de-la-consolation-omaec\/#breadcrumb","itemListElement":[{"@type":"ListItem","position":1,"name":"Portada","item":"https:\/\/www.omaec.org\/fr\/"},{"@type":"ListItem","position":2,"name":"CONGR\u00c9GATION DES S\u0152URS DE LA CONSOLATION &#8211; OMAEC"}]},{"@type":"WebSite","@id":"https:\/\/www.omaec.org\/#website","url":"https:\/\/www.omaec.org\/","name":"Organizaci\u00f3n Mundial de Antiguos Alumnos de la Educaci\u00f3n Cat\u00f3lica","description":"OMAEC","publisher":{"@id":"https:\/\/www.omaec.org\/#organization"},"potentialAction":[{"@type":"SearchAction","target":{"@type":"EntryPoint","urlTemplate":"https:\/\/www.omaec.org\/?s={search_term_string}"},"query-input":"required name=search_term_string"}],"inLanguage":"fr-FR"},{"@type":"Organization","@id":"https:\/\/www.omaec.org\/#organization","name":"Organizaci\u00f3n Mundial de Antiguos Alumnos de la Educaci\u00f3n Cat\u00f3lica","url":"https:\/\/www.omaec.org\/","logo":{"@type":"ImageObject","inLanguage":"fr-FR","@id":"https:\/\/www.omaec.org\/#\/schema\/logo\/image\/","url":"https:\/\/www.omaec.org\/wp-content\/uploads\/2021\/06\/OMAEC-LOGO-OFICIAL.jpg","contentUrl":"https:\/\/www.omaec.org\/wp-content\/uploads\/2021\/06\/OMAEC-LOGO-OFICIAL.jpg","width":525,"height":452,"caption":"Organizaci\u00f3n Mundial de Antiguos  Alumnos de la Educaci\u00f3n Cat\u00f3lica"},"image":{"@id":"https:\/\/www.omaec.org\/#\/schema\/logo\/image\/"}},{"@type":"Person","@id":"https:\/\/www.omaec.org\/#\/schema\/person\/b6995e5c4038e3cf602f2bb958068c35","name":"Secretario General","image":{"@type":"ImageObject","inLanguage":"fr-FR","@id":"https:\/\/www.omaec.org\/#\/schema\/person\/image\/","url":"https:\/\/www.omaec.org\/wp-content\/uploads\/2025\/03\/FOTO-GUILLERMO-GUTIERREZ-PIRAQUIVE-OMAEC-96x96.jpg","contentUrl":"https:\/\/www.omaec.org\/wp-content\/uploads\/2025\/03\/FOTO-GUILLERMO-GUTIERREZ-PIRAQUIVE-OMAEC-96x96.jpg","caption":"Secretario General"},"description":"EXPERIENCIA LABORAL: SERVICIO NACIONAL DE APRENDIZAJE-SENA Regional Bogot\u00e1. Centro de Gesti\u00f3n de Mercados, Log\u00edstica y Tecnolog\u00edas de la Informaci\u00f3n. \u00b7Instructor de Mercadeo. SERVICIO NACIONAL DE APRENDIZAJE-SENA Regional Bogot\u00e1. Centro de Gesti\u00f3n Administrativa. \u00b7Instructor de Ventas. ARTESAN\u00cdAS DE COLOMBIA. \u00b7Administrador Centro Artesanal La Chamba (Tolima). PROGRAMADORA TELECULTURALES. \u00b7Asistente de Direcci\u00f3n AGENCIAS DE PUBLICIDAD: REP Y MASTER \u00b7Jefe de Medios SANCHO PUBLICIDAD \u00b7Jefe de Tr\u00e1fico. LEO BURNETT \u00b7Asistente de Medios. EDUCACION: \u00b7FUNDACI\u00d3N UNIVERSITARIA SALESIANA Diplomado en Salesianidad. \u00b7POLIT\u00c9CNICO GRANCOLOMBIANO Especializaci\u00f3n en Gerencia de Mercadeo. \u00b7UNIVERSIDAD NACIONAL ABIERTA Y A DISTANCIA Administraci\u00f3n de Empresas. \u00b7SERVICIO NACIONAL DE APRENDIZAJE-SENA Mercadotecnia. \u00b7UNIVERSIDAD CENTRAL Publicidad. \u00b7COLEGIO SALESIANO DE LE\u00d3N XIII Bachiller Acad\u00e9mico. EXPERIENCIA EXALUMNAL: ASOCIACI\u00d3N DE EXALUMNOS SDB-AEXSDBINSPECTOR\u00cdA SAN PEDRO CLAVER Presidente Sexenio 2021-2027. \u00b7ASOCIACI\u00d3N DE EXALUMNOS SDB-AEXSDBINSPECTOR\u00cdA SAN PEDRO CLAVER Vicepresidente Sexenio 2015-2021. \u00b7COLEGIO SALESIANO DE LE\u00d3N XIII. L\u00edder Promoci\u00f3n 1969. EXALUMNAL","url":"https:\/\/www.omaec.org\/fr\/author\/omaec-admin\/"}]}},"_links":{"self":[{"href":"https:\/\/www.omaec.org\/fr\/wp-json\/wp\/v2\/posts\/2079","targetHints":{"allow":["GET"]}}],"collection":[{"href":"https:\/\/www.omaec.org\/fr\/wp-json\/wp\/v2\/posts"}],"about":[{"href":"https:\/\/www.omaec.org\/fr\/wp-json\/wp\/v2\/types\/post"}],"author":[{"embeddable":true,"href":"https:\/\/www.omaec.org\/fr\/wp-json\/wp\/v2\/users\/1"}],"replies":[{"embeddable":true,"href":"https:\/\/www.omaec.org\/fr\/wp-json\/wp\/v2\/comments?post=2079"}],"version-history":[{"count":1,"href":"https:\/\/www.omaec.org\/fr\/wp-json\/wp\/v2\/posts\/2079\/revisions"}],"predecessor-version":[{"id":2080,"href":"https:\/\/www.omaec.org\/fr\/wp-json\/wp\/v2\/posts\/2079\/revisions\/2080"}],"wp:featuredmedia":[{"embeddable":true,"href":"https:\/\/www.omaec.org\/fr\/wp-json\/wp\/v2\/media\/2061"}],"wp:attachment":[{"href":"https:\/\/www.omaec.org\/fr\/wp-json\/wp\/v2\/media?parent=2079"}],"wp:term":[{"taxonomy":"category","embeddable":true,"href":"https:\/\/www.omaec.org\/fr\/wp-json\/wp\/v2\/categories?post=2079"},{"taxonomy":"post_tag","embeddable":true,"href":"https:\/\/www.omaec.org\/fr\/wp-json\/wp\/v2\/tags?post=2079"}],"curies":[{"name":"wp","href":"https:\/\/api.w.org\/{rel}","templated":true}]}}