{"id":19573,"date":"2023-09-11T08:16:59","date_gmt":"2023-09-11T07:16:59","guid":{"rendered":"https:\/\/www.omaec.org\/?p=19573"},"modified":"2023-09-11T08:25:59","modified_gmt":"2023-09-11T07:25:59","slug":"processus-confecec-confederation-colombiana-danciens-de-leducation-catholique","status":"publish","type":"post","link":"https:\/\/www.omaec.org\/fr\/processus-confecec-confederation-colombiana-danciens-de-leducation-catholique\/","title":{"rendered":"PROCESSUS CONFECEC (CONFEDERATION COLOMBIANA D\u2019ANCIENS DE L\u2019\u00c9DUCATION CATHOLIQUE."},"content":{"rendered":"<p>PROCESSUS ORGANISATIONNEL CONFECEC (CONFEDERATION COLOMBIANA D\u2019ANCIENS DE L\u2019\u00c9DUCATION CATHOLIQUE.<\/p>\n<p>Le 30 ao\u00fbt, apr\u00e8s avoir envoy\u00e9 le document Flash Omaec 2023 et l&rsquo;invitation du<strong> correspondant de l&rsquo;Omaec en Colombie<\/strong>, Guillermo Guti\u00e9rrez Piraquive, une premi\u00e8re r\u00e9union virtuelle a eu lieu dans le but de reprendre les activit\u00e9s de l&rsquo;Omaec.<\/p>\n<p>Une premi\u00e8re r\u00e9union virtuelle a eu lieu dans le but de reprendre le processus d&rsquo;organisation de la<strong> Conf\u00e9d\u00e9ration colombienne des anciens \u00e9l\u00e8ves de l&rsquo;enseignement catholique.<\/strong><\/p>\n<p>Anciens \u00e9l\u00e8ves de l&rsquo;enseignement catholique. Alfonso Giraldo Saavedra, pr\u00e9sident mondial de l&rsquo;Omaec ; le Dr.\u00a0Giraldo Saavedra, les s\u0153urs d\u00e9l\u00e9gu\u00e9es et les pr\u00e9sidentes des f\u00e9d\u00e9rations d&rsquo;anciennes \u00e9l\u00e8ves des Filles de Marie Auxiliatrice.\u00a0Filles de Marie Auxiliatrice de Medell\u00edn (Mar\u00eda Auxiliadora) et de Bogot\u00e1 (Las Nieves et Nuestra Se\u00f1ora de Chiquinquir\u00e1).\u00a0Le pr\u00e9sident de l&rsquo;Association provinciale des anciens \u00e9l\u00e8ves SDB (San Pedro Claver &#8211; Bogot\u00e1) et le pr\u00e9sident de l&rsquo;Association provinciale des anciens \u00e9l\u00e8ves SDB (San Pedro Claver &#8211; Bogot\u00e1) sont \u00e9galement membres de l&rsquo;Association.\u00a0Bogota) et le Pr\u00e9sident de la F\u00e9d\u00e9ration des Anciens El\u00e8ves Sal\u00e9siens de Don Bosco (San Lu\u00eds Beltr\u00e1n &#8211; Medell\u00edn).<\/p>\n<p>L&rsquo;engagement a \u00e9t\u00e9 pris d&rsquo;\u00e9tablir des contacts avec les organisations d&rsquo;anciens \u00e9l\u00e8ves d&rsquo;autres communaut\u00e9s religieuses, afin de les convoquer \u00e0 la prochaine r\u00e9union qui aura lieu dans deux mois.<\/p>\n<p>&nbsp;<\/p>\n<p>&nbsp;<\/p>\n<p>&nbsp;<\/p>\n<p><em>\u00a0<\/em><\/p>\n<p>&nbsp;<\/p>\n<p>&nbsp;<\/p>\n<p>&nbsp;<\/p>\n","protected":false},"excerpt":{"rendered":"<p>PROCESSUS ORGANISATIONNEL CONFECEC (CONFEDERATION COLOMBIANA D\u2019ANCIENS DE L\u2019\u00c9DUCATION CATHOLIQUE. Le 30 ao\u00fbt, apr\u00e8s avoir envoy\u00e9 le document Flash Omaec 2023 et l&rsquo;invitation du correspondant de l&rsquo;Omaec en Colombie, Guillermo Guti\u00e9rrez Piraquive, une premi\u00e8re r\u00e9union virtuelle a eu lieu dans le but de reprendre les activit\u00e9s de l&rsquo;Omaec. Une premi\u00e8re r\u00e9union virtuelle a eu lieu dans <a href=\"https:\/\/www.omaec.org\/fr\/processus-confecec-confederation-colombiana-danciens-de-leducation-catholique\/\" rel=\"nofollow\">(more&#8230;)<\/a><\/p>\n","protected":false},"author":1,"featured_media":19569,"comment_status":"closed","ping_status":"open","sticky":false,"template":"","format":"standard","meta":{"footnotes":""},"categories":[236],"tags":[],"class_list":["post-19573","post","type-post","status-publish","format-standard","has-post-thumbnail","hentry","category-correspondants"],"acf":[],"yoast_head":"<!-- This site is optimized with the Yoast SEO plugin v20.11 - https:\/\/yoast.com\/wordpress\/plugins\/seo\/ -->\n<title>PROCESSUS CONFECEC (CONFEDERATION COLOMBIANA D\u2019ANCIENS DE L\u2019\u00c9DUCATION CATHOLIQUE. - Organizaci\u00f3n Mundial de Antiguos Alumnos de la Educaci\u00f3n Cat\u00f3lica<\/title>\n<meta name=\"robots\" content=\"index, follow, max-snippet:-1, max-image-preview:large, max-video-preview:-1\" \/>\n<link rel=\"canonical\" href=\"https:\/\/www.omaec.org\/fr\/processus-confecec-confederation-colombiana-danciens-de-leducation-catholique\/\" \/>\n<meta property=\"og:locale\" content=\"fr_FR\" \/>\n<meta property=\"og:type\" content=\"article\" \/>\n<meta property=\"og:title\" content=\"PROCESSUS CONFECEC (CONFEDERATION COLOMBIANA D\u2019ANCIENS DE L\u2019\u00c9DUCATION CATHOLIQUE. - Organizaci\u00f3n Mundial de Antiguos Alumnos de la Educaci\u00f3n Cat\u00f3lica\" \/>\n<meta property=\"og:description\" content=\"PROCESSUS ORGANISATIONNEL CONFECEC (CONFEDERATION COLOMBIANA D\u2019ANCIENS DE L\u2019\u00c9DUCATION CATHOLIQUE. Le 30 ao\u00fbt, apr\u00e8s avoir envoy\u00e9 le document Flash Omaec 2023 et l&rsquo;invitation du correspondant de l&rsquo;Omaec en Colombie, Guillermo Guti\u00e9rrez Piraquive, une premi\u00e8re r\u00e9union virtuelle a eu lieu dans le but de reprendre les activit\u00e9s de l&rsquo;Omaec. Une premi\u00e8re r\u00e9union virtuelle a eu lieu dans (more...)\" \/>\n<meta property=\"og:url\" content=\"https:\/\/www.omaec.org\/fr\/processus-confecec-confederation-colombiana-danciens-de-leducation-catholique\/\" \/>\n<meta property=\"og:site_name\" content=\"Organizaci\u00f3n Mundial de Antiguos Alumnos de la Educaci\u00f3n Cat\u00f3lica\" \/>\n<meta property=\"article:published_time\" content=\"2023-09-11T07:16:59+00:00\" \/>\n<meta property=\"article:modified_time\" content=\"2023-09-11T07:25:59+00:00\" \/>\n<meta property=\"og:image\" content=\"https:\/\/www.omaec.org\/wp-content\/uploads\/2023\/09\/encuentro-Confed.jpg\" \/>\n\t<meta property=\"og:image:width\" content=\"1024\" \/>\n\t<meta property=\"og:image:height\" content=\"768\" \/>\n\t<meta property=\"og:image:type\" content=\"image\/jpeg\" \/>\n<meta name=\"author\" content=\"Secretario General\" \/>\n<meta name=\"twitter:card\" content=\"summary_large_image\" \/>\n<meta name=\"twitter:label1\" content=\"\u00c9crit par\" \/>\n\t<meta name=\"twitter:data1\" content=\"Secretario General\" \/>\n\t<meta name=\"twitter:label2\" content=\"Dur\u00e9e de lecture estim\u00e9e\" \/>\n\t<meta name=\"twitter:data2\" content=\"1 minute\" \/>\n<script type=\"application\/ld+json\" class=\"yoast-schema-graph\">{\"@context\":\"https:\/\/schema.org\",\"@graph\":[{\"@type\":\"Article\",\"@id\":\"https:\/\/www.omaec.org\/fr\/processus-confecec-confederation-colombiana-danciens-de-leducation-catholique\/#article\",\"isPartOf\":{\"@id\":\"https:\/\/www.omaec.org\/fr\/processus-confecec-confederation-colombiana-danciens-de-leducation-catholique\/\"},\"author\":{\"name\":\"Secretario General\",\"@id\":\"https:\/\/www.omaec.org\/#\/schema\/person\/b6995e5c4038e3cf602f2bb958068c35\"},\"headline\":\"PROCESSUS CONFECEC (CONFEDERATION COLOMBIANA D\u2019ANCIENS DE L\u2019\u00c9DUCATION CATHOLIQUE.\",\"datePublished\":\"2023-09-11T07:16:59+00:00\",\"dateModified\":\"2023-09-11T07:25:59+00:00\",\"mainEntityOfPage\":{\"@id\":\"https:\/\/www.omaec.org\/fr\/processus-confecec-confederation-colombiana-danciens-de-leducation-catholique\/\"},\"wordCount\":272,\"publisher\":{\"@id\":\"https:\/\/www.omaec.org\/#organization\"},\"articleSection\":[\"Correspondants\"],\"inLanguage\":\"fr-FR\"},{\"@type\":\"WebPage\",\"@id\":\"https:\/\/www.omaec.org\/fr\/processus-confecec-confederation-colombiana-danciens-de-leducation-catholique\/\",\"url\":\"https:\/\/www.omaec.org\/fr\/processus-confecec-confederation-colombiana-danciens-de-leducation-catholique\/\",\"name\":\"PROCESSUS CONFECEC (CONFEDERATION COLOMBIANA D\u2019ANCIENS DE L\u2019\u00c9DUCATION CATHOLIQUE. - Organizaci\u00f3n Mundial de Antiguos Alumnos de la Educaci\u00f3n Cat\u00f3lica\",\"isPartOf\":{\"@id\":\"https:\/\/www.omaec.org\/#website\"},\"datePublished\":\"2023-09-11T07:16:59+00:00\",\"dateModified\":\"2023-09-11T07:25:59+00:00\",\"breadcrumb\":{\"@id\":\"https:\/\/www.omaec.org\/fr\/processus-confecec-confederation-colombiana-danciens-de-leducation-catholique\/#breadcrumb\"},\"inLanguage\":\"fr-FR\",\"potentialAction\":[{\"@type\":\"ReadAction\",\"target\":[\"https:\/\/www.omaec.org\/fr\/processus-confecec-confederation-colombiana-danciens-de-leducation-catholique\/\"]}]},{\"@type\":\"BreadcrumbList\",\"@id\":\"https:\/\/www.omaec.org\/fr\/processus-confecec-confederation-colombiana-danciens-de-leducation-catholique\/#breadcrumb\",\"itemListElement\":[{\"@type\":\"ListItem\",\"position\":1,\"name\":\"Portada\",\"item\":\"https:\/\/www.omaec.org\/fr\/\"},{\"@type\":\"ListItem\",\"position\":2,\"name\":\"PROCESSUS CONFECEC (CONFEDERATION COLOMBIANA D\u2019ANCIENS DE L\u2019\u00c9DUCATION CATHOLIQUE.\"}]},{\"@type\":\"WebSite\",\"@id\":\"https:\/\/www.omaec.org\/#website\",\"url\":\"https:\/\/www.omaec.org\/\",\"name\":\"Organizaci\u00f3n Mundial de Antiguos Alumnos de la Educaci\u00f3n Cat\u00f3lica\",\"description\":\"OMAEC\",\"publisher\":{\"@id\":\"https:\/\/www.omaec.org\/#organization\"},\"potentialAction\":[{\"@type\":\"SearchAction\",\"target\":{\"@type\":\"EntryPoint\",\"urlTemplate\":\"https:\/\/www.omaec.org\/?s={search_term_string}\"},\"query-input\":\"required name=search_term_string\"}],\"inLanguage\":\"fr-FR\"},{\"@type\":\"Organization\",\"@id\":\"https:\/\/www.omaec.org\/#organization\",\"name\":\"Organizaci\u00f3n Mundial de Antiguos Alumnos de la Educaci\u00f3n Cat\u00f3lica\",\"url\":\"https:\/\/www.omaec.org\/\",\"logo\":{\"@type\":\"ImageObject\",\"inLanguage\":\"fr-FR\",\"@id\":\"https:\/\/www.omaec.org\/#\/schema\/logo\/image\/\",\"url\":\"https:\/\/www.omaec.org\/wp-content\/uploads\/2021\/06\/OMAEC-LOGO-OFICIAL.jpg\",\"contentUrl\":\"https:\/\/www.omaec.org\/wp-content\/uploads\/2021\/06\/OMAEC-LOGO-OFICIAL.jpg\",\"width\":525,\"height\":452,\"caption\":\"Organizaci\u00f3n Mundial de Antiguos  Alumnos de la Educaci\u00f3n Cat\u00f3lica\"},\"image\":{\"@id\":\"https:\/\/www.omaec.org\/#\/schema\/logo\/image\/\"}},{\"@type\":\"Person\",\"@id\":\"https:\/\/www.omaec.org\/#\/schema\/person\/b6995e5c4038e3cf602f2bb958068c35\",\"name\":\"Secretario General\",\"image\":{\"@type\":\"ImageObject\",\"inLanguage\":\"fr-FR\",\"@id\":\"https:\/\/www.omaec.org\/#\/schema\/person\/image\/\",\"url\":\"https:\/\/www.omaec.org\/wp-content\/uploads\/2025\/03\/FOTO-GUILLERMO-GUTIERREZ-PIRAQUIVE-OMAEC-96x96.jpg\",\"contentUrl\":\"https:\/\/www.omaec.org\/wp-content\/uploads\/2025\/03\/FOTO-GUILLERMO-GUTIERREZ-PIRAQUIVE-OMAEC-96x96.jpg\",\"caption\":\"Secretario General\"},\"description\":\"EXPERIENCIA LABORAL: SERVICIO NACIONAL DE APRENDIZAJE-SENA Regional Bogot\u00e1. Centro de Gesti\u00f3n de Mercados, Log\u00edstica y Tecnolog\u00edas de la Informaci\u00f3n. \u00b7Instructor de Mercadeo. SERVICIO NACIONAL DE APRENDIZAJE-SENA Regional Bogot\u00e1. Centro de Gesti\u00f3n Administrativa. \u00b7Instructor de Ventas. ARTESAN\u00cdAS DE COLOMBIA. \u00b7Administrador Centro Artesanal La Chamba (Tolima). PROGRAMADORA TELECULTURALES. \u00b7Asistente de Direcci\u00f3n AGENCIAS DE PUBLICIDAD: REP Y MASTER \u00b7Jefe de Medios SANCHO PUBLICIDAD \u00b7Jefe de Tr\u00e1fico. LEO BURNETT \u00b7Asistente de Medios. EDUCACION: \u00b7FUNDACI\u00d3N UNIVERSITARIA SALESIANA Diplomado en Salesianidad. \u00b7POLIT\u00c9CNICO GRANCOLOMBIANO Especializaci\u00f3n en Gerencia de Mercadeo. \u00b7UNIVERSIDAD NACIONAL ABIERTA Y A DISTANCIA Administraci\u00f3n de Empresas. \u00b7SERVICIO NACIONAL DE APRENDIZAJE-SENA Mercadotecnia. \u00b7UNIVERSIDAD CENTRAL Publicidad. \u00b7COLEGIO SALESIANO DE LE\u00d3N XIII Bachiller Acad\u00e9mico. EXPERIENCIA EXALUMNAL: ASOCIACI\u00d3N DE EXALUMNOS SDB-AEXSDBINSPECTOR\u00cdA SAN PEDRO CLAVER Presidente Sexenio 2021-2027. \u00b7ASOCIACI\u00d3N DE EXALUMNOS SDB-AEXSDBINSPECTOR\u00cdA SAN PEDRO CLAVER Vicepresidente Sexenio 2015-2021. \u00b7COLEGIO SALESIANO DE LE\u00d3N XIII. L\u00edder Promoci\u00f3n 1969. EXALUMNAL\",\"url\":\"https:\/\/www.omaec.org\/fr\/author\/omaec-admin\/\"}]}<\/script>\n<!-- \/ Yoast SEO plugin. -->","yoast_head_json":{"title":"PROCESSUS CONFECEC (CONFEDERATION COLOMBIANA D\u2019ANCIENS DE L\u2019\u00c9DUCATION CATHOLIQUE. - Organizaci\u00f3n Mundial de Antiguos Alumnos de la Educaci\u00f3n Cat\u00f3lica","robots":{"index":"index","follow":"follow","max-snippet":"max-snippet:-1","max-image-preview":"max-image-preview:large","max-video-preview":"max-video-preview:-1"},"canonical":"https:\/\/www.omaec.org\/fr\/processus-confecec-confederation-colombiana-danciens-de-leducation-catholique\/","og_locale":"fr_FR","og_type":"article","og_title":"PROCESSUS CONFECEC (CONFEDERATION COLOMBIANA D\u2019ANCIENS DE L\u2019\u00c9DUCATION CATHOLIQUE. - Organizaci\u00f3n Mundial de Antiguos Alumnos de la Educaci\u00f3n Cat\u00f3lica","og_description":"PROCESSUS ORGANISATIONNEL CONFECEC (CONFEDERATION COLOMBIANA D\u2019ANCIENS DE L\u2019\u00c9DUCATION CATHOLIQUE. Le 30 ao\u00fbt, apr\u00e8s avoir envoy\u00e9 le document Flash Omaec 2023 et l&rsquo;invitation du correspondant de l&rsquo;Omaec en Colombie, Guillermo Guti\u00e9rrez Piraquive, une premi\u00e8re r\u00e9union virtuelle a eu lieu dans le but de reprendre les activit\u00e9s de l&rsquo;Omaec. Une premi\u00e8re r\u00e9union virtuelle a eu lieu dans (more...)","og_url":"https:\/\/www.omaec.org\/fr\/processus-confecec-confederation-colombiana-danciens-de-leducation-catholique\/","og_site_name":"Organizaci\u00f3n Mundial de Antiguos Alumnos de la Educaci\u00f3n Cat\u00f3lica","article_published_time":"2023-09-11T07:16:59+00:00","article_modified_time":"2023-09-11T07:25:59+00:00","og_image":[{"width":1024,"height":768,"url":"https:\/\/www.omaec.org\/wp-content\/uploads\/2023\/09\/encuentro-Confed.jpg","type":"image\/jpeg"}],"author":"Secretario General","twitter_card":"summary_large_image","twitter_misc":{"\u00c9crit par":"Secretario General","Dur\u00e9e de lecture estim\u00e9e":"1 minute"},"schema":{"@context":"https:\/\/schema.org","@graph":[{"@type":"Article","@id":"https:\/\/www.omaec.org\/fr\/processus-confecec-confederation-colombiana-danciens-de-leducation-catholique\/#article","isPartOf":{"@id":"https:\/\/www.omaec.org\/fr\/processus-confecec-confederation-colombiana-danciens-de-leducation-catholique\/"},"author":{"name":"Secretario General","@id":"https:\/\/www.omaec.org\/#\/schema\/person\/b6995e5c4038e3cf602f2bb958068c35"},"headline":"PROCESSUS CONFECEC (CONFEDERATION COLOMBIANA D\u2019ANCIENS DE L\u2019\u00c9DUCATION CATHOLIQUE.","datePublished":"2023-09-11T07:16:59+00:00","dateModified":"2023-09-11T07:25:59+00:00","mainEntityOfPage":{"@id":"https:\/\/www.omaec.org\/fr\/processus-confecec-confederation-colombiana-danciens-de-leducation-catholique\/"},"wordCount":272,"publisher":{"@id":"https:\/\/www.omaec.org\/#organization"},"articleSection":["Correspondants"],"inLanguage":"fr-FR"},{"@type":"WebPage","@id":"https:\/\/www.omaec.org\/fr\/processus-confecec-confederation-colombiana-danciens-de-leducation-catholique\/","url":"https:\/\/www.omaec.org\/fr\/processus-confecec-confederation-colombiana-danciens-de-leducation-catholique\/","name":"PROCESSUS CONFECEC (CONFEDERATION COLOMBIANA D\u2019ANCIENS DE L\u2019\u00c9DUCATION CATHOLIQUE. - Organizaci\u00f3n Mundial de Antiguos Alumnos de la Educaci\u00f3n Cat\u00f3lica","isPartOf":{"@id":"https:\/\/www.omaec.org\/#website"},"datePublished":"2023-09-11T07:16:59+00:00","dateModified":"2023-09-11T07:25:59+00:00","breadcrumb":{"@id":"https:\/\/www.omaec.org\/fr\/processus-confecec-confederation-colombiana-danciens-de-leducation-catholique\/#breadcrumb"},"inLanguage":"fr-FR","potentialAction":[{"@type":"ReadAction","target":["https:\/\/www.omaec.org\/fr\/processus-confecec-confederation-colombiana-danciens-de-leducation-catholique\/"]}]},{"@type":"BreadcrumbList","@id":"https:\/\/www.omaec.org\/fr\/processus-confecec-confederation-colombiana-danciens-de-leducation-catholique\/#breadcrumb","itemListElement":[{"@type":"ListItem","position":1,"name":"Portada","item":"https:\/\/www.omaec.org\/fr\/"},{"@type":"ListItem","position":2,"name":"PROCESSUS CONFECEC (CONFEDERATION COLOMBIANA D\u2019ANCIENS DE L\u2019\u00c9DUCATION CATHOLIQUE."}]},{"@type":"WebSite","@id":"https:\/\/www.omaec.org\/#website","url":"https:\/\/www.omaec.org\/","name":"Organizaci\u00f3n Mundial de Antiguos Alumnos de la Educaci\u00f3n Cat\u00f3lica","description":"OMAEC","publisher":{"@id":"https:\/\/www.omaec.org\/#organization"},"potentialAction":[{"@type":"SearchAction","target":{"@type":"EntryPoint","urlTemplate":"https:\/\/www.omaec.org\/?s={search_term_string}"},"query-input":"required name=search_term_string"}],"inLanguage":"fr-FR"},{"@type":"Organization","@id":"https:\/\/www.omaec.org\/#organization","name":"Organizaci\u00f3n Mundial de Antiguos Alumnos de la Educaci\u00f3n Cat\u00f3lica","url":"https:\/\/www.omaec.org\/","logo":{"@type":"ImageObject","inLanguage":"fr-FR","@id":"https:\/\/www.omaec.org\/#\/schema\/logo\/image\/","url":"https:\/\/www.omaec.org\/wp-content\/uploads\/2021\/06\/OMAEC-LOGO-OFICIAL.jpg","contentUrl":"https:\/\/www.omaec.org\/wp-content\/uploads\/2021\/06\/OMAEC-LOGO-OFICIAL.jpg","width":525,"height":452,"caption":"Organizaci\u00f3n Mundial de Antiguos  Alumnos de la Educaci\u00f3n Cat\u00f3lica"},"image":{"@id":"https:\/\/www.omaec.org\/#\/schema\/logo\/image\/"}},{"@type":"Person","@id":"https:\/\/www.omaec.org\/#\/schema\/person\/b6995e5c4038e3cf602f2bb958068c35","name":"Secretario General","image":{"@type":"ImageObject","inLanguage":"fr-FR","@id":"https:\/\/www.omaec.org\/#\/schema\/person\/image\/","url":"https:\/\/www.omaec.org\/wp-content\/uploads\/2025\/03\/FOTO-GUILLERMO-GUTIERREZ-PIRAQUIVE-OMAEC-96x96.jpg","contentUrl":"https:\/\/www.omaec.org\/wp-content\/uploads\/2025\/03\/FOTO-GUILLERMO-GUTIERREZ-PIRAQUIVE-OMAEC-96x96.jpg","caption":"Secretario General"},"description":"EXPERIENCIA LABORAL: SERVICIO NACIONAL DE APRENDIZAJE-SENA Regional Bogot\u00e1. Centro de Gesti\u00f3n de Mercados, Log\u00edstica y Tecnolog\u00edas de la Informaci\u00f3n. \u00b7Instructor de Mercadeo. SERVICIO NACIONAL DE APRENDIZAJE-SENA Regional Bogot\u00e1. Centro de Gesti\u00f3n Administrativa. \u00b7Instructor de Ventas. ARTESAN\u00cdAS DE COLOMBIA. \u00b7Administrador Centro Artesanal La Chamba (Tolima). PROGRAMADORA TELECULTURALES. \u00b7Asistente de Direcci\u00f3n AGENCIAS DE PUBLICIDAD: REP Y MASTER \u00b7Jefe de Medios SANCHO PUBLICIDAD \u00b7Jefe de Tr\u00e1fico. LEO BURNETT \u00b7Asistente de Medios. EDUCACION: \u00b7FUNDACI\u00d3N UNIVERSITARIA SALESIANA Diplomado en Salesianidad. \u00b7POLIT\u00c9CNICO GRANCOLOMBIANO Especializaci\u00f3n en Gerencia de Mercadeo. \u00b7UNIVERSIDAD NACIONAL ABIERTA Y A DISTANCIA Administraci\u00f3n de Empresas. \u00b7SERVICIO NACIONAL DE APRENDIZAJE-SENA Mercadotecnia. \u00b7UNIVERSIDAD CENTRAL Publicidad. \u00b7COLEGIO SALESIANO DE LE\u00d3N XIII Bachiller Acad\u00e9mico. EXPERIENCIA EXALUMNAL: ASOCIACI\u00d3N DE EXALUMNOS SDB-AEXSDBINSPECTOR\u00cdA SAN PEDRO CLAVER Presidente Sexenio 2021-2027. \u00b7ASOCIACI\u00d3N DE EXALUMNOS SDB-AEXSDBINSPECTOR\u00cdA SAN PEDRO CLAVER Vicepresidente Sexenio 2015-2021. \u00b7COLEGIO SALESIANO DE LE\u00d3N XIII. L\u00edder Promoci\u00f3n 1969. EXALUMNAL","url":"https:\/\/www.omaec.org\/fr\/author\/omaec-admin\/"}]}},"_links":{"self":[{"href":"https:\/\/www.omaec.org\/fr\/wp-json\/wp\/v2\/posts\/19573","targetHints":{"allow":["GET"]}}],"collection":[{"href":"https:\/\/www.omaec.org\/fr\/wp-json\/wp\/v2\/posts"}],"about":[{"href":"https:\/\/www.omaec.org\/fr\/wp-json\/wp\/v2\/types\/post"}],"author":[{"embeddable":true,"href":"https:\/\/www.omaec.org\/fr\/wp-json\/wp\/v2\/users\/1"}],"replies":[{"embeddable":true,"href":"https:\/\/www.omaec.org\/fr\/wp-json\/wp\/v2\/comments?post=19573"}],"version-history":[{"count":2,"href":"https:\/\/www.omaec.org\/fr\/wp-json\/wp\/v2\/posts\/19573\/revisions"}],"predecessor-version":[{"id":19575,"href":"https:\/\/www.omaec.org\/fr\/wp-json\/wp\/v2\/posts\/19573\/revisions\/19575"}],"wp:featuredmedia":[{"embeddable":true,"href":"https:\/\/www.omaec.org\/fr\/wp-json\/wp\/v2\/media\/19569"}],"wp:attachment":[{"href":"https:\/\/www.omaec.org\/fr\/wp-json\/wp\/v2\/media?parent=19573"}],"wp:term":[{"taxonomy":"category","embeddable":true,"href":"https:\/\/www.omaec.org\/fr\/wp-json\/wp\/v2\/categories?post=19573"},{"taxonomy":"post_tag","embeddable":true,"href":"https:\/\/www.omaec.org\/fr\/wp-json\/wp\/v2\/tags?post=19573"}],"curies":[{"name":"wp","href":"https:\/\/api.w.org\/{rel}","templated":true}]}}