{"id":18863,"date":"2023-08-01T08:11:00","date_gmt":"2023-08-01T07:11:00","guid":{"rendered":"https:\/\/www.omaec.org\/?p=18863"},"modified":"2023-08-01T08:11:00","modified_gmt":"2023-08-01T07:11:00","slug":"enregistrement-de-levenement-pour-le-rapport-mondial-de-suivi-de-leducation-sur-la-technologie-et-lien-vers-le-rapport","status":"publish","type":"post","link":"https:\/\/www.omaec.org\/fr\/enregistrement-de-levenement-pour-le-rapport-mondial-de-suivi-de-leducation-sur-la-technologie-et-lien-vers-le-rapport\/","title":{"rendered":"Enregistrement de l&rsquo;\u00e9v\u00e9nement pour le Rapport mondial de suivi de l&rsquo;\u00e9ducation sur la technologie et lien vers le rapport"},"content":{"rendered":"<p>Le <a class=\"TWoY9 itht3\" href=\"https:\/\/www.unesco.org\/gem-report\/en\/technology\" target=\"_blank\" rel=\"noopener noreferrer\" data-hook=\"linkViewer\"><u class=\"D-jZk\">nouveau Rapport mondial de suivi sur l&rsquo;\u00e9ducation<\/u><\/a>, qui cette ann\u00e9e se concentre sur la technologie, est d\u00e9sormais disponible. Il y a souvent des divisions am\u00e8res dans la fa\u00e7on dont le r\u00f4le de la technologie est per\u00e7u. Ces divisions s&rsquo;\u00e9largissent \u00e0 mesure que la technologie \u00e9volue \u00e0 une vitesse vertigineuse. Le rapport GEM 2023 explore ces d\u00e9bats, en examinant les d\u00e9fis \u00e9ducatifs auxquels une utilisation appropri\u00e9e de la technologie peut offrir des solutions (acc\u00e8s, \u00e9quit\u00e9 et inclusion ; qualit\u00e9 ; progr\u00e8s technologique ; gestion du syst\u00e8me), tout en reconnaissant que de nombreuses solutions propos\u00e9es peuvent \u00e9galement \u00eatre pr\u00e9judiciables. Le rapport explore \u00e9galement trois conditions \u00e0 l&rsquo;\u00e9chelle du syst\u00e8me (acc\u00e8s \u00e0 la technologie, r\u00e9glementation de la gouvernance et pr\u00e9paration des enseignants) qui doivent \u00eatre remplies pour que toute technologie dans l&rsquo;\u00e9ducation atteigne son plein potentiel. Le rapport a \u00e9t\u00e9 lanc\u00e9 le 26 juillet et un enregistrement de l&rsquo;\u00e9v\u00e9nement de lancement mondial peut \u00eatre visionn\u00e9 <a class=\"TWoY9 itht3\" href=\"https:\/\/www.youtube.com\/watch?v=DFx8g4aS_CI\" target=\"_blank\" rel=\"noopener noreferrer\" data-hook=\"linkViewer\"><u class=\"D-jZk\">ici<\/u><\/a>. En outre, un dialogue sud-sud entre les ministres de l&rsquo;\u00e9ducation en Am\u00e9rique latine et en Afrique est disponible <a class=\"TWoY9 itht3\" href=\"https:\/\/www.youtube.com\/watch?v=o2qFVGuO2IM\" target=\"_blank\" rel=\"noopener noreferrer\" data-hook=\"linkViewer\"><u class=\"D-jZk\">ici<\/u><\/a>.<\/p>\n","protected":false},"excerpt":{"rendered":"<p>Le nouveau Rapport mondial de suivi sur l&rsquo;\u00e9ducation, qui cette ann\u00e9e se concentre sur la technologie, est d\u00e9sormais disponible. Il y a souvent des divisions am\u00e8res dans la fa\u00e7on dont le r\u00f4le de la technologie est per\u00e7u. Ces divisions s&rsquo;\u00e9largissent \u00e0 mesure que la technologie \u00e9volue \u00e0 une vitesse vertigineuse. Le rapport GEM 2023 explore <a href=\"https:\/\/www.omaec.org\/fr\/enregistrement-de-levenement-pour-le-rapport-mondial-de-suivi-de-leducation-sur-la-technologie-et-lien-vers-le-rapport\/\" rel=\"nofollow\">(more&#8230;)<\/a><\/p>\n","protected":false},"author":1,"featured_media":18864,"comment_status":"closed","ping_status":"open","sticky":false,"template":"","format":"standard","meta":{"footnotes":""},"categories":[50],"tags":[],"class_list":["post-18863","post","type-post","status-publish","format-standard","has-post-thumbnail","hentry","category-messages-fr"],"acf":[],"yoast_head":"<!-- This site is optimized with the Yoast SEO plugin v20.11 - https:\/\/yoast.com\/wordpress\/plugins\/seo\/ -->\n<title>Enregistrement de l&#039;\u00e9v\u00e9nement pour le Rapport mondial de suivi de l&#039;\u00e9ducation sur la technologie et lien vers le rapport - Organizaci\u00f3n Mundial de Antiguos Alumnos de la Educaci\u00f3n Cat\u00f3lica<\/title>\n<meta name=\"robots\" content=\"index, follow, max-snippet:-1, max-image-preview:large, max-video-preview:-1\" \/>\n<link rel=\"canonical\" href=\"https:\/\/www.omaec.org\/fr\/enregistrement-de-levenement-pour-le-rapport-mondial-de-suivi-de-leducation-sur-la-technologie-et-lien-vers-le-rapport\/\" \/>\n<meta property=\"og:locale\" content=\"fr_FR\" \/>\n<meta property=\"og:type\" content=\"article\" \/>\n<meta property=\"og:title\" content=\"Enregistrement de l&#039;\u00e9v\u00e9nement pour le Rapport mondial de suivi de l&#039;\u00e9ducation sur la technologie et lien vers le rapport - Organizaci\u00f3n Mundial de Antiguos Alumnos de la Educaci\u00f3n Cat\u00f3lica\" \/>\n<meta property=\"og:description\" content=\"Le nouveau Rapport mondial de suivi sur l&rsquo;\u00e9ducation, qui cette ann\u00e9e se concentre sur la technologie, est d\u00e9sormais disponible. Il y a souvent des divisions am\u00e8res dans la fa\u00e7on dont le r\u00f4le de la technologie est per\u00e7u. Ces divisions s&rsquo;\u00e9largissent \u00e0 mesure que la technologie \u00e9volue \u00e0 une vitesse vertigineuse. Le rapport GEM 2023 explore (more...)\" \/>\n<meta property=\"og:url\" content=\"https:\/\/www.omaec.org\/fr\/enregistrement-de-levenement-pour-le-rapport-mondial-de-suivi-de-leducation-sur-la-technologie-et-lien-vers-le-rapport\/\" \/>\n<meta property=\"og:site_name\" content=\"Organizaci\u00f3n Mundial de Antiguos Alumnos de la Educaci\u00f3n Cat\u00f3lica\" \/>\n<meta property=\"article:published_time\" content=\"2023-08-01T07:11:00+00:00\" \/>\n<meta property=\"og:image\" content=\"https:\/\/www.omaec.org\/wp-content\/uploads\/2023\/08\/b9597a_827eaf947c1245dc87aea79c23ca6f83mv2-1.png\" \/>\n\t<meta property=\"og:image:width\" content=\"393\" \/>\n\t<meta property=\"og:image:height\" content=\"512\" \/>\n\t<meta property=\"og:image:type\" content=\"image\/png\" \/>\n<meta name=\"author\" content=\"Secretario General\" \/>\n<meta name=\"twitter:card\" content=\"summary_large_image\" \/>\n<meta name=\"twitter:label1\" content=\"\u00c9crit par\" \/>\n\t<meta name=\"twitter:data1\" content=\"Secretario General\" \/>\n\t<meta name=\"twitter:label2\" content=\"Dur\u00e9e de lecture estim\u00e9e\" \/>\n\t<meta name=\"twitter:data2\" content=\"1 minute\" \/>\n<script type=\"application\/ld+json\" class=\"yoast-schema-graph\">{\"@context\":\"https:\/\/schema.org\",\"@graph\":[{\"@type\":\"Article\",\"@id\":\"https:\/\/www.omaec.org\/fr\/enregistrement-de-levenement-pour-le-rapport-mondial-de-suivi-de-leducation-sur-la-technologie-et-lien-vers-le-rapport\/#article\",\"isPartOf\":{\"@id\":\"https:\/\/www.omaec.org\/fr\/enregistrement-de-levenement-pour-le-rapport-mondial-de-suivi-de-leducation-sur-la-technologie-et-lien-vers-le-rapport\/\"},\"author\":{\"name\":\"Secretario General\",\"@id\":\"https:\/\/www.omaec.org\/#\/schema\/person\/b6995e5c4038e3cf602f2bb958068c35\"},\"headline\":\"Enregistrement de l&rsquo;\u00e9v\u00e9nement pour le Rapport mondial de suivi de l&rsquo;\u00e9ducation sur la technologie et lien vers le rapport\",\"datePublished\":\"2023-08-01T07:11:00+00:00\",\"dateModified\":\"2023-08-01T07:11:00+00:00\",\"mainEntityOfPage\":{\"@id\":\"https:\/\/www.omaec.org\/fr\/enregistrement-de-levenement-pour-le-rapport-mondial-de-suivi-de-leducation-sur-la-technologie-et-lien-vers-le-rapport\/\"},\"wordCount\":212,\"publisher\":{\"@id\":\"https:\/\/www.omaec.org\/#organization\"},\"articleSection\":[\"Messages\"],\"inLanguage\":\"fr-FR\"},{\"@type\":\"WebPage\",\"@id\":\"https:\/\/www.omaec.org\/fr\/enregistrement-de-levenement-pour-le-rapport-mondial-de-suivi-de-leducation-sur-la-technologie-et-lien-vers-le-rapport\/\",\"url\":\"https:\/\/www.omaec.org\/fr\/enregistrement-de-levenement-pour-le-rapport-mondial-de-suivi-de-leducation-sur-la-technologie-et-lien-vers-le-rapport\/\",\"name\":\"Enregistrement de l'\u00e9v\u00e9nement pour le Rapport mondial de suivi de l'\u00e9ducation sur la technologie et lien vers le rapport - Organizaci\u00f3n Mundial de Antiguos Alumnos de la Educaci\u00f3n Cat\u00f3lica\",\"isPartOf\":{\"@id\":\"https:\/\/www.omaec.org\/#website\"},\"datePublished\":\"2023-08-01T07:11:00+00:00\",\"dateModified\":\"2023-08-01T07:11:00+00:00\",\"breadcrumb\":{\"@id\":\"https:\/\/www.omaec.org\/fr\/enregistrement-de-levenement-pour-le-rapport-mondial-de-suivi-de-leducation-sur-la-technologie-et-lien-vers-le-rapport\/#breadcrumb\"},\"inLanguage\":\"fr-FR\",\"potentialAction\":[{\"@type\":\"ReadAction\",\"target\":[\"https:\/\/www.omaec.org\/fr\/enregistrement-de-levenement-pour-le-rapport-mondial-de-suivi-de-leducation-sur-la-technologie-et-lien-vers-le-rapport\/\"]}]},{\"@type\":\"BreadcrumbList\",\"@id\":\"https:\/\/www.omaec.org\/fr\/enregistrement-de-levenement-pour-le-rapport-mondial-de-suivi-de-leducation-sur-la-technologie-et-lien-vers-le-rapport\/#breadcrumb\",\"itemListElement\":[{\"@type\":\"ListItem\",\"position\":1,\"name\":\"Portada\",\"item\":\"https:\/\/www.omaec.org\/fr\/\"},{\"@type\":\"ListItem\",\"position\":2,\"name\":\"Enregistrement de l&rsquo;\u00e9v\u00e9nement pour le Rapport mondial de suivi de l&rsquo;\u00e9ducation sur la technologie et lien vers le rapport\"}]},{\"@type\":\"WebSite\",\"@id\":\"https:\/\/www.omaec.org\/#website\",\"url\":\"https:\/\/www.omaec.org\/\",\"name\":\"Organizaci\u00f3n Mundial de Antiguos Alumnos de la Educaci\u00f3n Cat\u00f3lica\",\"description\":\"OMAEC\",\"publisher\":{\"@id\":\"https:\/\/www.omaec.org\/#organization\"},\"potentialAction\":[{\"@type\":\"SearchAction\",\"target\":{\"@type\":\"EntryPoint\",\"urlTemplate\":\"https:\/\/www.omaec.org\/?s={search_term_string}\"},\"query-input\":\"required name=search_term_string\"}],\"inLanguage\":\"fr-FR\"},{\"@type\":\"Organization\",\"@id\":\"https:\/\/www.omaec.org\/#organization\",\"name\":\"Organizaci\u00f3n Mundial de Antiguos Alumnos de la Educaci\u00f3n Cat\u00f3lica\",\"url\":\"https:\/\/www.omaec.org\/\",\"logo\":{\"@type\":\"ImageObject\",\"inLanguage\":\"fr-FR\",\"@id\":\"https:\/\/www.omaec.org\/#\/schema\/logo\/image\/\",\"url\":\"https:\/\/www.omaec.org\/wp-content\/uploads\/2021\/06\/OMAEC-LOGO-OFICIAL.jpg\",\"contentUrl\":\"https:\/\/www.omaec.org\/wp-content\/uploads\/2021\/06\/OMAEC-LOGO-OFICIAL.jpg\",\"width\":525,\"height\":452,\"caption\":\"Organizaci\u00f3n Mundial de Antiguos  Alumnos de la Educaci\u00f3n Cat\u00f3lica\"},\"image\":{\"@id\":\"https:\/\/www.omaec.org\/#\/schema\/logo\/image\/\"}},{\"@type\":\"Person\",\"@id\":\"https:\/\/www.omaec.org\/#\/schema\/person\/b6995e5c4038e3cf602f2bb958068c35\",\"name\":\"Secretario General\",\"image\":{\"@type\":\"ImageObject\",\"inLanguage\":\"fr-FR\",\"@id\":\"https:\/\/www.omaec.org\/#\/schema\/person\/image\/\",\"url\":\"https:\/\/www.omaec.org\/wp-content\/uploads\/2025\/03\/FOTO-GUILLERMO-GUTIERREZ-PIRAQUIVE-OMAEC-96x96.jpg\",\"contentUrl\":\"https:\/\/www.omaec.org\/wp-content\/uploads\/2025\/03\/FOTO-GUILLERMO-GUTIERREZ-PIRAQUIVE-OMAEC-96x96.jpg\",\"caption\":\"Secretario General\"},\"description\":\"EXPERIENCIA LABORAL: SERVICIO NACIONAL DE APRENDIZAJE-SENA Regional Bogot\u00e1. Centro de Gesti\u00f3n de Mercados, Log\u00edstica y Tecnolog\u00edas de la Informaci\u00f3n. \u00b7Instructor de Mercadeo. SERVICIO NACIONAL DE APRENDIZAJE-SENA Regional Bogot\u00e1. Centro de Gesti\u00f3n Administrativa. \u00b7Instructor de Ventas. ARTESAN\u00cdAS DE COLOMBIA. \u00b7Administrador Centro Artesanal La Chamba (Tolima). PROGRAMADORA TELECULTURALES. \u00b7Asistente de Direcci\u00f3n AGENCIAS DE PUBLICIDAD: REP Y MASTER \u00b7Jefe de Medios SANCHO PUBLICIDAD \u00b7Jefe de Tr\u00e1fico. LEO BURNETT \u00b7Asistente de Medios. EDUCACION: \u00b7FUNDACI\u00d3N UNIVERSITARIA SALESIANA Diplomado en Salesianidad. \u00b7POLIT\u00c9CNICO GRANCOLOMBIANO Especializaci\u00f3n en Gerencia de Mercadeo. \u00b7UNIVERSIDAD NACIONAL ABIERTA Y A DISTANCIA Administraci\u00f3n de Empresas. \u00b7SERVICIO NACIONAL DE APRENDIZAJE-SENA Mercadotecnia. \u00b7UNIVERSIDAD CENTRAL Publicidad. \u00b7COLEGIO SALESIANO DE LE\u00d3N XIII Bachiller Acad\u00e9mico. EXPERIENCIA EXALUMNAL: ASOCIACI\u00d3N DE EXALUMNOS SDB-AEXSDBINSPECTOR\u00cdA SAN PEDRO CLAVER Presidente Sexenio 2021-2027. \u00b7ASOCIACI\u00d3N DE EXALUMNOS SDB-AEXSDBINSPECTOR\u00cdA SAN PEDRO CLAVER Vicepresidente Sexenio 2015-2021. \u00b7COLEGIO SALESIANO DE LE\u00d3N XIII. L\u00edder Promoci\u00f3n 1969. EXALUMNAL\",\"url\":\"https:\/\/www.omaec.org\/fr\/author\/omaec-admin\/\"}]}<\/script>\n<!-- \/ Yoast SEO plugin. -->","yoast_head_json":{"title":"Enregistrement de l'\u00e9v\u00e9nement pour le Rapport mondial de suivi de l'\u00e9ducation sur la technologie et lien vers le rapport - Organizaci\u00f3n Mundial de Antiguos Alumnos de la Educaci\u00f3n Cat\u00f3lica","robots":{"index":"index","follow":"follow","max-snippet":"max-snippet:-1","max-image-preview":"max-image-preview:large","max-video-preview":"max-video-preview:-1"},"canonical":"https:\/\/www.omaec.org\/fr\/enregistrement-de-levenement-pour-le-rapport-mondial-de-suivi-de-leducation-sur-la-technologie-et-lien-vers-le-rapport\/","og_locale":"fr_FR","og_type":"article","og_title":"Enregistrement de l'\u00e9v\u00e9nement pour le Rapport mondial de suivi de l'\u00e9ducation sur la technologie et lien vers le rapport - Organizaci\u00f3n Mundial de Antiguos Alumnos de la Educaci\u00f3n Cat\u00f3lica","og_description":"Le nouveau Rapport mondial de suivi sur l&rsquo;\u00e9ducation, qui cette ann\u00e9e se concentre sur la technologie, est d\u00e9sormais disponible. Il y a souvent des divisions am\u00e8res dans la fa\u00e7on dont le r\u00f4le de la technologie est per\u00e7u. Ces divisions s&rsquo;\u00e9largissent \u00e0 mesure que la technologie \u00e9volue \u00e0 une vitesse vertigineuse. Le rapport GEM 2023 explore (more...)","og_url":"https:\/\/www.omaec.org\/fr\/enregistrement-de-levenement-pour-le-rapport-mondial-de-suivi-de-leducation-sur-la-technologie-et-lien-vers-le-rapport\/","og_site_name":"Organizaci\u00f3n Mundial de Antiguos Alumnos de la Educaci\u00f3n Cat\u00f3lica","article_published_time":"2023-08-01T07:11:00+00:00","og_image":[{"width":393,"height":512,"url":"https:\/\/www.omaec.org\/wp-content\/uploads\/2023\/08\/b9597a_827eaf947c1245dc87aea79c23ca6f83mv2-1.png","type":"image\/png"}],"author":"Secretario General","twitter_card":"summary_large_image","twitter_misc":{"\u00c9crit par":"Secretario General","Dur\u00e9e de lecture estim\u00e9e":"1 minute"},"schema":{"@context":"https:\/\/schema.org","@graph":[{"@type":"Article","@id":"https:\/\/www.omaec.org\/fr\/enregistrement-de-levenement-pour-le-rapport-mondial-de-suivi-de-leducation-sur-la-technologie-et-lien-vers-le-rapport\/#article","isPartOf":{"@id":"https:\/\/www.omaec.org\/fr\/enregistrement-de-levenement-pour-le-rapport-mondial-de-suivi-de-leducation-sur-la-technologie-et-lien-vers-le-rapport\/"},"author":{"name":"Secretario General","@id":"https:\/\/www.omaec.org\/#\/schema\/person\/b6995e5c4038e3cf602f2bb958068c35"},"headline":"Enregistrement de l&rsquo;\u00e9v\u00e9nement pour le Rapport mondial de suivi de l&rsquo;\u00e9ducation sur la technologie et lien vers le rapport","datePublished":"2023-08-01T07:11:00+00:00","dateModified":"2023-08-01T07:11:00+00:00","mainEntityOfPage":{"@id":"https:\/\/www.omaec.org\/fr\/enregistrement-de-levenement-pour-le-rapport-mondial-de-suivi-de-leducation-sur-la-technologie-et-lien-vers-le-rapport\/"},"wordCount":212,"publisher":{"@id":"https:\/\/www.omaec.org\/#organization"},"articleSection":["Messages"],"inLanguage":"fr-FR"},{"@type":"WebPage","@id":"https:\/\/www.omaec.org\/fr\/enregistrement-de-levenement-pour-le-rapport-mondial-de-suivi-de-leducation-sur-la-technologie-et-lien-vers-le-rapport\/","url":"https:\/\/www.omaec.org\/fr\/enregistrement-de-levenement-pour-le-rapport-mondial-de-suivi-de-leducation-sur-la-technologie-et-lien-vers-le-rapport\/","name":"Enregistrement de l'\u00e9v\u00e9nement pour le Rapport mondial de suivi de l'\u00e9ducation sur la technologie et lien vers le rapport - Organizaci\u00f3n Mundial de Antiguos Alumnos de la Educaci\u00f3n Cat\u00f3lica","isPartOf":{"@id":"https:\/\/www.omaec.org\/#website"},"datePublished":"2023-08-01T07:11:00+00:00","dateModified":"2023-08-01T07:11:00+00:00","breadcrumb":{"@id":"https:\/\/www.omaec.org\/fr\/enregistrement-de-levenement-pour-le-rapport-mondial-de-suivi-de-leducation-sur-la-technologie-et-lien-vers-le-rapport\/#breadcrumb"},"inLanguage":"fr-FR","potentialAction":[{"@type":"ReadAction","target":["https:\/\/www.omaec.org\/fr\/enregistrement-de-levenement-pour-le-rapport-mondial-de-suivi-de-leducation-sur-la-technologie-et-lien-vers-le-rapport\/"]}]},{"@type":"BreadcrumbList","@id":"https:\/\/www.omaec.org\/fr\/enregistrement-de-levenement-pour-le-rapport-mondial-de-suivi-de-leducation-sur-la-technologie-et-lien-vers-le-rapport\/#breadcrumb","itemListElement":[{"@type":"ListItem","position":1,"name":"Portada","item":"https:\/\/www.omaec.org\/fr\/"},{"@type":"ListItem","position":2,"name":"Enregistrement de l&rsquo;\u00e9v\u00e9nement pour le Rapport mondial de suivi de l&rsquo;\u00e9ducation sur la technologie et lien vers le rapport"}]},{"@type":"WebSite","@id":"https:\/\/www.omaec.org\/#website","url":"https:\/\/www.omaec.org\/","name":"Organizaci\u00f3n Mundial de Antiguos Alumnos de la Educaci\u00f3n Cat\u00f3lica","description":"OMAEC","publisher":{"@id":"https:\/\/www.omaec.org\/#organization"},"potentialAction":[{"@type":"SearchAction","target":{"@type":"EntryPoint","urlTemplate":"https:\/\/www.omaec.org\/?s={search_term_string}"},"query-input":"required name=search_term_string"}],"inLanguage":"fr-FR"},{"@type":"Organization","@id":"https:\/\/www.omaec.org\/#organization","name":"Organizaci\u00f3n Mundial de Antiguos Alumnos de la Educaci\u00f3n Cat\u00f3lica","url":"https:\/\/www.omaec.org\/","logo":{"@type":"ImageObject","inLanguage":"fr-FR","@id":"https:\/\/www.omaec.org\/#\/schema\/logo\/image\/","url":"https:\/\/www.omaec.org\/wp-content\/uploads\/2021\/06\/OMAEC-LOGO-OFICIAL.jpg","contentUrl":"https:\/\/www.omaec.org\/wp-content\/uploads\/2021\/06\/OMAEC-LOGO-OFICIAL.jpg","width":525,"height":452,"caption":"Organizaci\u00f3n Mundial de Antiguos  Alumnos de la Educaci\u00f3n Cat\u00f3lica"},"image":{"@id":"https:\/\/www.omaec.org\/#\/schema\/logo\/image\/"}},{"@type":"Person","@id":"https:\/\/www.omaec.org\/#\/schema\/person\/b6995e5c4038e3cf602f2bb958068c35","name":"Secretario General","image":{"@type":"ImageObject","inLanguage":"fr-FR","@id":"https:\/\/www.omaec.org\/#\/schema\/person\/image\/","url":"https:\/\/www.omaec.org\/wp-content\/uploads\/2025\/03\/FOTO-GUILLERMO-GUTIERREZ-PIRAQUIVE-OMAEC-96x96.jpg","contentUrl":"https:\/\/www.omaec.org\/wp-content\/uploads\/2025\/03\/FOTO-GUILLERMO-GUTIERREZ-PIRAQUIVE-OMAEC-96x96.jpg","caption":"Secretario General"},"description":"EXPERIENCIA LABORAL: SERVICIO NACIONAL DE APRENDIZAJE-SENA Regional Bogot\u00e1. Centro de Gesti\u00f3n de Mercados, Log\u00edstica y Tecnolog\u00edas de la Informaci\u00f3n. \u00b7Instructor de Mercadeo. SERVICIO NACIONAL DE APRENDIZAJE-SENA Regional Bogot\u00e1. Centro de Gesti\u00f3n Administrativa. \u00b7Instructor de Ventas. ARTESAN\u00cdAS DE COLOMBIA. \u00b7Administrador Centro Artesanal La Chamba (Tolima). PROGRAMADORA TELECULTURALES. \u00b7Asistente de Direcci\u00f3n AGENCIAS DE PUBLICIDAD: REP Y MASTER \u00b7Jefe de Medios SANCHO PUBLICIDAD \u00b7Jefe de Tr\u00e1fico. LEO BURNETT \u00b7Asistente de Medios. EDUCACION: \u00b7FUNDACI\u00d3N UNIVERSITARIA SALESIANA Diplomado en Salesianidad. \u00b7POLIT\u00c9CNICO GRANCOLOMBIANO Especializaci\u00f3n en Gerencia de Mercadeo. \u00b7UNIVERSIDAD NACIONAL ABIERTA Y A DISTANCIA Administraci\u00f3n de Empresas. \u00b7SERVICIO NACIONAL DE APRENDIZAJE-SENA Mercadotecnia. \u00b7UNIVERSIDAD CENTRAL Publicidad. \u00b7COLEGIO SALESIANO DE LE\u00d3N XIII Bachiller Acad\u00e9mico. EXPERIENCIA EXALUMNAL: ASOCIACI\u00d3N DE EXALUMNOS SDB-AEXSDBINSPECTOR\u00cdA SAN PEDRO CLAVER Presidente Sexenio 2021-2027. \u00b7ASOCIACI\u00d3N DE EXALUMNOS SDB-AEXSDBINSPECTOR\u00cdA SAN PEDRO CLAVER Vicepresidente Sexenio 2015-2021. \u00b7COLEGIO SALESIANO DE LE\u00d3N XIII. L\u00edder Promoci\u00f3n 1969. EXALUMNAL","url":"https:\/\/www.omaec.org\/fr\/author\/omaec-admin\/"}]}},"_links":{"self":[{"href":"https:\/\/www.omaec.org\/fr\/wp-json\/wp\/v2\/posts\/18863","targetHints":{"allow":["GET"]}}],"collection":[{"href":"https:\/\/www.omaec.org\/fr\/wp-json\/wp\/v2\/posts"}],"about":[{"href":"https:\/\/www.omaec.org\/fr\/wp-json\/wp\/v2\/types\/post"}],"author":[{"embeddable":true,"href":"https:\/\/www.omaec.org\/fr\/wp-json\/wp\/v2\/users\/1"}],"replies":[{"embeddable":true,"href":"https:\/\/www.omaec.org\/fr\/wp-json\/wp\/v2\/comments?post=18863"}],"version-history":[{"count":1,"href":"https:\/\/www.omaec.org\/fr\/wp-json\/wp\/v2\/posts\/18863\/revisions"}],"predecessor-version":[{"id":18867,"href":"https:\/\/www.omaec.org\/fr\/wp-json\/wp\/v2\/posts\/18863\/revisions\/18867"}],"wp:featuredmedia":[{"embeddable":true,"href":"https:\/\/www.omaec.org\/fr\/wp-json\/wp\/v2\/media\/18864"}],"wp:attachment":[{"href":"https:\/\/www.omaec.org\/fr\/wp-json\/wp\/v2\/media?parent=18863"}],"wp:term":[{"taxonomy":"category","embeddable":true,"href":"https:\/\/www.omaec.org\/fr\/wp-json\/wp\/v2\/categories?post=18863"},{"taxonomy":"post_tag","embeddable":true,"href":"https:\/\/www.omaec.org\/fr\/wp-json\/wp\/v2\/tags?post=18863"}],"curies":[{"name":"wp","href":"https:\/\/api.w.org\/{rel}","templated":true}]}}