{"id":1834,"date":"2016-03-30T21:32:43","date_gmt":"2016-03-30T20:32:43","guid":{"rendered":"http:\/\/omaec.org\/que-es-comercio-justo-2.html"},"modified":"2016-03-30T21:43:18","modified_gmt":"2016-03-30T20:43:18","slug":"que-es-comercio-justo","status":"publish","type":"post","link":"https:\/\/www.omaec.org\/fr\/que-es-comercio-justo\/","title":{"rendered":"Qu&rsquo;est-ce que le commerce \u00e9quitable ?"},"content":{"rendered":"<p><strong>Le commerce \u00e9quitable<\/strong> est un syst\u00e8me Commercial solidaire et une alternative au syst\u00e8me conventionnel, qui promeut le d\u00e9veloppement des peuples et la lutte contre la pauvret\u00e9 \u00ab\u00a0.<\/p>\n<p><strong>10 Conditions<\/strong> pour qu\u2019un produit soit du commerce \u00e9quitable :<br \/>\n  1-Les travailleurs re\u00e7oivent un salaire \u00e9quitable<br \/>\n  2-L&rsquo;\u00e9galit\u00e9 des sexes entre les hommes et les femmes<br \/>\n  3-Aucune exploitation des enfants<br \/>\n  4-Respectueux de l&rsquo;environnement<br \/>\n  5-Relation d&rsquo;affaires \u00e0 long terme<br \/>\n  6-Pr\u00e9financement d\u2019une partie de la production<br \/>\n  7-D\u00e9mocratiquement organis\u00e9<br \/>\n  8-Respectueux de l\u2019Identit\u00e9 culturelle<br \/>\n  9-Une partie des profits vont au d\u00e9veloppement de la communaut\u00e9<br \/>\n 10-Articles de haute qualit\u00e9.<\/p>\n<p><strong>Sur quel genre de produits porte le commerce \u00e9quitable ?<\/strong><br \/>\nNourriture et boissons<br \/>\nBijoux<br \/>\nSant\u00e9 et beaut\u00e9<br \/>\nMaison<br \/>\nCadeaux<br \/>\nV\u00eatements<br \/>\nJouets<br \/>\nEtc.<\/p>\n<p>L&rsquo;engagement des anciens \u00e9l\u00e8ves de l&rsquo;enseignement catholique<br \/>\n\u00ab\u00a0Les anciens \u00e9l\u00e8ves de l&rsquo;enseignement catholique doivent \u00eatre sensibilis\u00e9s et \u00eatre conscients que l&rsquo;\u00e9volution des habitudes de consommation, la promotion du commerce \u00e9quitable et la consommation responsable sont des moyens d&rsquo;am\u00e9liorer le monde pour les plus d\u00e9favoris\u00e9s\u00a0\u00bb.<\/p>\n<p><strong>Que pouvons-nous faire ?<\/strong><br \/>\nDans chacune de nos maisons, au moins un produit \u00e9quitable permanent.<br \/>\nParler autour de nous de l&rsquo;existence du commerce \u00e9quitable.<br \/>\n<a href=\"http:\/\/omaec.org\/wp-content\/uploads\/2016\/03\/PROYDE_OMAEC.jpg\" rel=\"attachment wp-att-1737\"><img loading=\"lazy\" decoding=\"async\" src=\"http:\/\/omaec.org\/wp-content\/uploads\/2016\/03\/PROYDE_OMAEC-300x79.jpg\" alt=\"PROYDE_OMAEC\" width=\"300\" height=\"79\" class=\"alignnone size-medium wp-image-1737\" srcset=\"https:\/\/www.omaec.org\/wp-content\/uploads\/2016\/03\/PROYDE_OMAEC-300x79.jpg 300w, https:\/\/www.omaec.org\/wp-content\/uploads\/2016\/03\/PROYDE_OMAEC-768x202.jpg 768w, https:\/\/www.omaec.org\/wp-content\/uploads\/2016\/03\/PROYDE_OMAEC-600x158.jpg 600w, https:\/\/www.omaec.org\/wp-content\/uploads\/2016\/03\/PROYDE_OMAEC-150x39.jpg 150w, https:\/\/www.omaec.org\/wp-content\/uploads\/2016\/03\/PROYDE_OMAEC.jpg 950w\" sizes=\"auto, (max-width: 300px) 100vw, 300px\" \/><\/a><\/p>\n","protected":false},"excerpt":{"rendered":"<p>Le commerce \u00e9quitable est un syst\u00e8me Commercial solidaire et une alternative au syst\u00e8me conventionnel, qui promeut le d\u00e9veloppement des peuples et la lutte contre la pauvret\u00e9 \u00ab\u00a0. 10 Conditions pour qu\u2019un produit soit du commerce \u00e9quitable : 1-Les travailleurs re\u00e7oivent un salaire \u00e9quitable 2-L&rsquo;\u00e9galit\u00e9 des sexes entre les hommes et les femmes 3-Aucune exploitation des <a href=\"https:\/\/www.omaec.org\/fr\/que-es-comercio-justo\/\" rel=\"nofollow\">(more&#8230;)<\/a><\/p>\n","protected":false},"author":1,"featured_media":1831,"comment_status":"open","ping_status":"open","sticky":false,"template":"","format":"standard","meta":{"footnotes":""},"categories":[46],"tags":[],"class_list":["post-1834","post","type-post","status-publish","format-standard","has-post-thumbnail","hentry","category-solidarite"],"acf":[],"yoast_head":"<!-- This site is optimized with the Yoast SEO plugin v20.11 - https:\/\/yoast.com\/wordpress\/plugins\/seo\/ -->\n<title>Qu&#039;est-ce que le commerce \u00e9quitable ? - Organizaci\u00f3n Mundial de Antiguos Alumnos de la Educaci\u00f3n Cat\u00f3lica<\/title>\n<meta name=\"robots\" content=\"index, follow, max-snippet:-1, max-image-preview:large, max-video-preview:-1\" \/>\n<link rel=\"canonical\" href=\"https:\/\/www.omaec.org\/que-es-comercio-justo\/\" \/>\n<meta property=\"og:locale\" content=\"fr_FR\" \/>\n<meta property=\"og:type\" content=\"article\" \/>\n<meta property=\"og:title\" content=\"Qu&#039;est-ce que le commerce \u00e9quitable ? - Organizaci\u00f3n Mundial de Antiguos Alumnos de la Educaci\u00f3n Cat\u00f3lica\" \/>\n<meta property=\"og:description\" content=\"Le commerce \u00e9quitable est un syst\u00e8me Commercial solidaire et une alternative au syst\u00e8me conventionnel, qui promeut le d\u00e9veloppement des peuples et la lutte contre la pauvret\u00e9 \u00ab\u00a0. 10 Conditions pour qu\u2019un produit soit du commerce \u00e9quitable : 1-Les travailleurs re\u00e7oivent un salaire \u00e9quitable 2-L&rsquo;\u00e9galit\u00e9 des sexes entre les hommes et les femmes 3-Aucune exploitation des (more...)\" \/>\n<meta property=\"og:url\" content=\"https:\/\/www.omaec.org\/que-es-comercio-justo\/\" \/>\n<meta property=\"og:site_name\" content=\"Organizaci\u00f3n Mundial de Antiguos Alumnos de la Educaci\u00f3n Cat\u00f3lica\" \/>\n<meta property=\"article:published_time\" content=\"2016-03-30T20:32:43+00:00\" \/>\n<meta property=\"article:modified_time\" content=\"2016-03-30T20:43:18+00:00\" \/>\n<meta property=\"og:image\" content=\"https:\/\/www.omaec.org\/wp-content\/uploads\/2016\/03\/CJOMAEC.jpg\" \/>\n\t<meta property=\"og:image:width\" content=\"1024\" \/>\n\t<meta property=\"og:image:height\" content=\"768\" \/>\n\t<meta property=\"og:image:type\" content=\"image\/jpeg\" \/>\n<meta name=\"author\" content=\"Secretario General\" \/>\n<meta name=\"twitter:card\" content=\"summary_large_image\" \/>\n<meta name=\"twitter:label1\" content=\"\u00c9crit par\" \/>\n\t<meta name=\"twitter:data1\" content=\"Secretario General\" \/>\n\t<meta name=\"twitter:label2\" content=\"Dur\u00e9e de lecture estim\u00e9e\" \/>\n\t<meta name=\"twitter:data2\" content=\"1 minute\" \/>\n<script type=\"application\/ld+json\" class=\"yoast-schema-graph\">{\"@context\":\"https:\/\/schema.org\",\"@graph\":[{\"@type\":\"Article\",\"@id\":\"https:\/\/www.omaec.org\/que-es-comercio-justo\/#article\",\"isPartOf\":{\"@id\":\"https:\/\/www.omaec.org\/que-es-comercio-justo\/\"},\"author\":{\"name\":\"Secretario General\",\"@id\":\"https:\/\/www.omaec.org\/#\/schema\/person\/b6995e5c4038e3cf602f2bb958068c35\"},\"headline\":\"Qu&rsquo;est-ce que le commerce \u00e9quitable ?\",\"datePublished\":\"2016-03-30T20:32:43+00:00\",\"dateModified\":\"2016-03-30T20:43:18+00:00\",\"mainEntityOfPage\":{\"@id\":\"https:\/\/www.omaec.org\/que-es-comercio-justo\/\"},\"wordCount\":206,\"commentCount\":0,\"publisher\":{\"@id\":\"https:\/\/www.omaec.org\/#organization\"},\"articleSection\":[\"Solidarit\u00e9\"],\"inLanguage\":\"fr-FR\",\"potentialAction\":[{\"@type\":\"CommentAction\",\"name\":\"Comment\",\"target\":[\"https:\/\/www.omaec.org\/que-es-comercio-justo\/#respond\"]}]},{\"@type\":\"WebPage\",\"@id\":\"https:\/\/www.omaec.org\/que-es-comercio-justo\/\",\"url\":\"https:\/\/www.omaec.org\/que-es-comercio-justo\/\",\"name\":\"Qu'est-ce que le commerce \u00e9quitable ? - Organizaci\u00f3n Mundial de Antiguos Alumnos de la Educaci\u00f3n Cat\u00f3lica\",\"isPartOf\":{\"@id\":\"https:\/\/www.omaec.org\/#website\"},\"datePublished\":\"2016-03-30T20:32:43+00:00\",\"dateModified\":\"2016-03-30T20:43:18+00:00\",\"breadcrumb\":{\"@id\":\"https:\/\/www.omaec.org\/que-es-comercio-justo\/#breadcrumb\"},\"inLanguage\":\"fr-FR\",\"potentialAction\":[{\"@type\":\"ReadAction\",\"target\":[\"https:\/\/www.omaec.org\/que-es-comercio-justo\/\"]}]},{\"@type\":\"BreadcrumbList\",\"@id\":\"https:\/\/www.omaec.org\/que-es-comercio-justo\/#breadcrumb\",\"itemListElement\":[{\"@type\":\"ListItem\",\"position\":1,\"name\":\"Portada\",\"item\":\"https:\/\/www.omaec.org\/fr\/\"},{\"@type\":\"ListItem\",\"position\":2,\"name\":\"Qu&#8217;est-ce que le commerce \u00e9quitable ?\"}]},{\"@type\":\"WebSite\",\"@id\":\"https:\/\/www.omaec.org\/#website\",\"url\":\"https:\/\/www.omaec.org\/\",\"name\":\"Organizaci\u00f3n Mundial de Antiguos Alumnos de la Educaci\u00f3n Cat\u00f3lica\",\"description\":\"OMAEC\",\"publisher\":{\"@id\":\"https:\/\/www.omaec.org\/#organization\"},\"potentialAction\":[{\"@type\":\"SearchAction\",\"target\":{\"@type\":\"EntryPoint\",\"urlTemplate\":\"https:\/\/www.omaec.org\/?s={search_term_string}\"},\"query-input\":\"required name=search_term_string\"}],\"inLanguage\":\"fr-FR\"},{\"@type\":\"Organization\",\"@id\":\"https:\/\/www.omaec.org\/#organization\",\"name\":\"Organizaci\u00f3n Mundial de Antiguos Alumnos de la Educaci\u00f3n Cat\u00f3lica\",\"url\":\"https:\/\/www.omaec.org\/\",\"logo\":{\"@type\":\"ImageObject\",\"inLanguage\":\"fr-FR\",\"@id\":\"https:\/\/www.omaec.org\/#\/schema\/logo\/image\/\",\"url\":\"https:\/\/www.omaec.org\/wp-content\/uploads\/2021\/06\/OMAEC-LOGO-OFICIAL.jpg\",\"contentUrl\":\"https:\/\/www.omaec.org\/wp-content\/uploads\/2021\/06\/OMAEC-LOGO-OFICIAL.jpg\",\"width\":525,\"height\":452,\"caption\":\"Organizaci\u00f3n Mundial de Antiguos  Alumnos de la Educaci\u00f3n Cat\u00f3lica\"},\"image\":{\"@id\":\"https:\/\/www.omaec.org\/#\/schema\/logo\/image\/\"}},{\"@type\":\"Person\",\"@id\":\"https:\/\/www.omaec.org\/#\/schema\/person\/b6995e5c4038e3cf602f2bb958068c35\",\"name\":\"Secretario General\",\"image\":{\"@type\":\"ImageObject\",\"inLanguage\":\"fr-FR\",\"@id\":\"https:\/\/www.omaec.org\/#\/schema\/person\/image\/\",\"url\":\"https:\/\/www.omaec.org\/wp-content\/uploads\/2025\/03\/FOTO-GUILLERMO-GUTIERREZ-PIRAQUIVE-OMAEC-96x96.jpg\",\"contentUrl\":\"https:\/\/www.omaec.org\/wp-content\/uploads\/2025\/03\/FOTO-GUILLERMO-GUTIERREZ-PIRAQUIVE-OMAEC-96x96.jpg\",\"caption\":\"Secretario General\"},\"description\":\"EXPERIENCIA LABORAL: SERVICIO NACIONAL DE APRENDIZAJE-SENA Regional Bogot\u00e1. Centro de Gesti\u00f3n de Mercados, Log\u00edstica y Tecnolog\u00edas de la Informaci\u00f3n. \u00b7Instructor de Mercadeo. SERVICIO NACIONAL DE APRENDIZAJE-SENA Regional Bogot\u00e1. Centro de Gesti\u00f3n Administrativa. \u00b7Instructor de Ventas. ARTESAN\u00cdAS DE COLOMBIA. \u00b7Administrador Centro Artesanal La Chamba (Tolima). PROGRAMADORA TELECULTURALES. \u00b7Asistente de Direcci\u00f3n AGENCIAS DE PUBLICIDAD: REP Y MASTER \u00b7Jefe de Medios SANCHO PUBLICIDAD \u00b7Jefe de Tr\u00e1fico. LEO BURNETT \u00b7Asistente de Medios. EDUCACION: \u00b7FUNDACI\u00d3N UNIVERSITARIA SALESIANA Diplomado en Salesianidad. \u00b7POLIT\u00c9CNICO GRANCOLOMBIANO Especializaci\u00f3n en Gerencia de Mercadeo. \u00b7UNIVERSIDAD NACIONAL ABIERTA Y A DISTANCIA Administraci\u00f3n de Empresas. \u00b7SERVICIO NACIONAL DE APRENDIZAJE-SENA Mercadotecnia. \u00b7UNIVERSIDAD CENTRAL Publicidad. \u00b7COLEGIO SALESIANO DE LE\u00d3N XIII Bachiller Acad\u00e9mico. EXPERIENCIA EXALUMNAL: ASOCIACI\u00d3N DE EXALUMNOS SDB-AEXSDBINSPECTOR\u00cdA SAN PEDRO CLAVER Presidente Sexenio 2021-2027. \u00b7ASOCIACI\u00d3N DE EXALUMNOS SDB-AEXSDBINSPECTOR\u00cdA SAN PEDRO CLAVER Vicepresidente Sexenio 2015-2021. \u00b7COLEGIO SALESIANO DE LE\u00d3N XIII. L\u00edder Promoci\u00f3n 1969. EXALUMNAL\",\"url\":\"https:\/\/www.omaec.org\/fr\/author\/omaec-admin\/\"}]}<\/script>\n<!-- \/ Yoast SEO plugin. -->","yoast_head_json":{"title":"Qu'est-ce que le commerce \u00e9quitable ? - Organizaci\u00f3n Mundial de Antiguos Alumnos de la Educaci\u00f3n Cat\u00f3lica","robots":{"index":"index","follow":"follow","max-snippet":"max-snippet:-1","max-image-preview":"max-image-preview:large","max-video-preview":"max-video-preview:-1"},"canonical":"https:\/\/www.omaec.org\/que-es-comercio-justo\/","og_locale":"fr_FR","og_type":"article","og_title":"Qu'est-ce que le commerce \u00e9quitable ? - Organizaci\u00f3n Mundial de Antiguos Alumnos de la Educaci\u00f3n Cat\u00f3lica","og_description":"Le commerce \u00e9quitable est un syst\u00e8me Commercial solidaire et une alternative au syst\u00e8me conventionnel, qui promeut le d\u00e9veloppement des peuples et la lutte contre la pauvret\u00e9 \u00ab\u00a0. 10 Conditions pour qu\u2019un produit soit du commerce \u00e9quitable : 1-Les travailleurs re\u00e7oivent un salaire \u00e9quitable 2-L&rsquo;\u00e9galit\u00e9 des sexes entre les hommes et les femmes 3-Aucune exploitation des (more...)","og_url":"https:\/\/www.omaec.org\/que-es-comercio-justo\/","og_site_name":"Organizaci\u00f3n Mundial de Antiguos Alumnos de la Educaci\u00f3n Cat\u00f3lica","article_published_time":"2016-03-30T20:32:43+00:00","article_modified_time":"2016-03-30T20:43:18+00:00","og_image":[{"width":1024,"height":768,"url":"https:\/\/www.omaec.org\/wp-content\/uploads\/2016\/03\/CJOMAEC.jpg","type":"image\/jpeg"}],"author":"Secretario General","twitter_card":"summary_large_image","twitter_misc":{"\u00c9crit par":"Secretario General","Dur\u00e9e de lecture estim\u00e9e":"1 minute"},"schema":{"@context":"https:\/\/schema.org","@graph":[{"@type":"Article","@id":"https:\/\/www.omaec.org\/que-es-comercio-justo\/#article","isPartOf":{"@id":"https:\/\/www.omaec.org\/que-es-comercio-justo\/"},"author":{"name":"Secretario General","@id":"https:\/\/www.omaec.org\/#\/schema\/person\/b6995e5c4038e3cf602f2bb958068c35"},"headline":"Qu&rsquo;est-ce que le commerce \u00e9quitable ?","datePublished":"2016-03-30T20:32:43+00:00","dateModified":"2016-03-30T20:43:18+00:00","mainEntityOfPage":{"@id":"https:\/\/www.omaec.org\/que-es-comercio-justo\/"},"wordCount":206,"commentCount":0,"publisher":{"@id":"https:\/\/www.omaec.org\/#organization"},"articleSection":["Solidarit\u00e9"],"inLanguage":"fr-FR","potentialAction":[{"@type":"CommentAction","name":"Comment","target":["https:\/\/www.omaec.org\/que-es-comercio-justo\/#respond"]}]},{"@type":"WebPage","@id":"https:\/\/www.omaec.org\/que-es-comercio-justo\/","url":"https:\/\/www.omaec.org\/que-es-comercio-justo\/","name":"Qu'est-ce que le commerce \u00e9quitable ? - Organizaci\u00f3n Mundial de Antiguos Alumnos de la Educaci\u00f3n Cat\u00f3lica","isPartOf":{"@id":"https:\/\/www.omaec.org\/#website"},"datePublished":"2016-03-30T20:32:43+00:00","dateModified":"2016-03-30T20:43:18+00:00","breadcrumb":{"@id":"https:\/\/www.omaec.org\/que-es-comercio-justo\/#breadcrumb"},"inLanguage":"fr-FR","potentialAction":[{"@type":"ReadAction","target":["https:\/\/www.omaec.org\/que-es-comercio-justo\/"]}]},{"@type":"BreadcrumbList","@id":"https:\/\/www.omaec.org\/que-es-comercio-justo\/#breadcrumb","itemListElement":[{"@type":"ListItem","position":1,"name":"Portada","item":"https:\/\/www.omaec.org\/fr\/"},{"@type":"ListItem","position":2,"name":"Qu&#8217;est-ce que le commerce \u00e9quitable ?"}]},{"@type":"WebSite","@id":"https:\/\/www.omaec.org\/#website","url":"https:\/\/www.omaec.org\/","name":"Organizaci\u00f3n Mundial de Antiguos Alumnos de la Educaci\u00f3n Cat\u00f3lica","description":"OMAEC","publisher":{"@id":"https:\/\/www.omaec.org\/#organization"},"potentialAction":[{"@type":"SearchAction","target":{"@type":"EntryPoint","urlTemplate":"https:\/\/www.omaec.org\/?s={search_term_string}"},"query-input":"required name=search_term_string"}],"inLanguage":"fr-FR"},{"@type":"Organization","@id":"https:\/\/www.omaec.org\/#organization","name":"Organizaci\u00f3n Mundial de Antiguos Alumnos de la Educaci\u00f3n Cat\u00f3lica","url":"https:\/\/www.omaec.org\/","logo":{"@type":"ImageObject","inLanguage":"fr-FR","@id":"https:\/\/www.omaec.org\/#\/schema\/logo\/image\/","url":"https:\/\/www.omaec.org\/wp-content\/uploads\/2021\/06\/OMAEC-LOGO-OFICIAL.jpg","contentUrl":"https:\/\/www.omaec.org\/wp-content\/uploads\/2021\/06\/OMAEC-LOGO-OFICIAL.jpg","width":525,"height":452,"caption":"Organizaci\u00f3n Mundial de Antiguos  Alumnos de la Educaci\u00f3n Cat\u00f3lica"},"image":{"@id":"https:\/\/www.omaec.org\/#\/schema\/logo\/image\/"}},{"@type":"Person","@id":"https:\/\/www.omaec.org\/#\/schema\/person\/b6995e5c4038e3cf602f2bb958068c35","name":"Secretario General","image":{"@type":"ImageObject","inLanguage":"fr-FR","@id":"https:\/\/www.omaec.org\/#\/schema\/person\/image\/","url":"https:\/\/www.omaec.org\/wp-content\/uploads\/2025\/03\/FOTO-GUILLERMO-GUTIERREZ-PIRAQUIVE-OMAEC-96x96.jpg","contentUrl":"https:\/\/www.omaec.org\/wp-content\/uploads\/2025\/03\/FOTO-GUILLERMO-GUTIERREZ-PIRAQUIVE-OMAEC-96x96.jpg","caption":"Secretario General"},"description":"EXPERIENCIA LABORAL: SERVICIO NACIONAL DE APRENDIZAJE-SENA Regional Bogot\u00e1. Centro de Gesti\u00f3n de Mercados, Log\u00edstica y Tecnolog\u00edas de la Informaci\u00f3n. \u00b7Instructor de Mercadeo. SERVICIO NACIONAL DE APRENDIZAJE-SENA Regional Bogot\u00e1. Centro de Gesti\u00f3n Administrativa. \u00b7Instructor de Ventas. ARTESAN\u00cdAS DE COLOMBIA. \u00b7Administrador Centro Artesanal La Chamba (Tolima). PROGRAMADORA TELECULTURALES. \u00b7Asistente de Direcci\u00f3n AGENCIAS DE PUBLICIDAD: REP Y MASTER \u00b7Jefe de Medios SANCHO PUBLICIDAD \u00b7Jefe de Tr\u00e1fico. LEO BURNETT \u00b7Asistente de Medios. EDUCACION: \u00b7FUNDACI\u00d3N UNIVERSITARIA SALESIANA Diplomado en Salesianidad. \u00b7POLIT\u00c9CNICO GRANCOLOMBIANO Especializaci\u00f3n en Gerencia de Mercadeo. \u00b7UNIVERSIDAD NACIONAL ABIERTA Y A DISTANCIA Administraci\u00f3n de Empresas. \u00b7SERVICIO NACIONAL DE APRENDIZAJE-SENA Mercadotecnia. \u00b7UNIVERSIDAD CENTRAL Publicidad. \u00b7COLEGIO SALESIANO DE LE\u00d3N XIII Bachiller Acad\u00e9mico. EXPERIENCIA EXALUMNAL: ASOCIACI\u00d3N DE EXALUMNOS SDB-AEXSDBINSPECTOR\u00cdA SAN PEDRO CLAVER Presidente Sexenio 2021-2027. \u00b7ASOCIACI\u00d3N DE EXALUMNOS SDB-AEXSDBINSPECTOR\u00cdA SAN PEDRO CLAVER Vicepresidente Sexenio 2015-2021. \u00b7COLEGIO SALESIANO DE LE\u00d3N XIII. L\u00edder Promoci\u00f3n 1969. EXALUMNAL","url":"https:\/\/www.omaec.org\/fr\/author\/omaec-admin\/"}]}},"_links":{"self":[{"href":"https:\/\/www.omaec.org\/fr\/wp-json\/wp\/v2\/posts\/1834","targetHints":{"allow":["GET"]}}],"collection":[{"href":"https:\/\/www.omaec.org\/fr\/wp-json\/wp\/v2\/posts"}],"about":[{"href":"https:\/\/www.omaec.org\/fr\/wp-json\/wp\/v2\/types\/post"}],"author":[{"embeddable":true,"href":"https:\/\/www.omaec.org\/fr\/wp-json\/wp\/v2\/users\/1"}],"replies":[{"embeddable":true,"href":"https:\/\/www.omaec.org\/fr\/wp-json\/wp\/v2\/comments?post=1834"}],"version-history":[{"count":3,"href":"https:\/\/www.omaec.org\/fr\/wp-json\/wp\/v2\/posts\/1834\/revisions"}],"predecessor-version":[{"id":1840,"href":"https:\/\/www.omaec.org\/fr\/wp-json\/wp\/v2\/posts\/1834\/revisions\/1840"}],"wp:featuredmedia":[{"embeddable":true,"href":"https:\/\/www.omaec.org\/fr\/wp-json\/wp\/v2\/media\/1831"}],"wp:attachment":[{"href":"https:\/\/www.omaec.org\/fr\/wp-json\/wp\/v2\/media?parent=1834"}],"wp:term":[{"taxonomy":"category","embeddable":true,"href":"https:\/\/www.omaec.org\/fr\/wp-json\/wp\/v2\/categories?post=1834"},{"taxonomy":"post_tag","embeddable":true,"href":"https:\/\/www.omaec.org\/fr\/wp-json\/wp\/v2\/tags?post=1834"}],"curies":[{"name":"wp","href":"https:\/\/api.w.org\/{rel}","templated":true}]}}