{"id":11226,"date":"2022-10-27T12:15:46","date_gmt":"2022-10-27T11:15:46","guid":{"rendered":"https:\/\/www.omaec.org\/?p=11226"},"modified":"2022-10-27T12:20:24","modified_gmt":"2022-10-27T11:20:24","slug":"lomaec-present-au-3e-congres-des-anciens-eleves-lasalliens","status":"publish","type":"post","link":"https:\/\/www.omaec.org\/fr\/lomaec-present-au-3e-congres-des-anciens-eleves-lasalliens\/","title":{"rendered":"L&rsquo;OMAEC pr\u00e9sent au 3e Congr\u00e8s des anciens \u00e9l\u00e8ves lasalliens"},"content":{"rendered":"<p>Dans la ville de Cochabamba, en Bolivie, entre le 6 et le 8 octobre de cette ann\u00e9e, le 3e Congr\u00e8s latino-am\u00e9ricain des anciens \u00e9l\u00e8ves lasalliens a \u00e9t\u00e9 organis\u00e9 sous le th\u00e8me<strong> \u00ab\u00a0Partager notre engagement au service\u00a0\u00bb.<\/strong><\/p>\n<p>L&rsquo;\u00e9v\u00e9nement a \u00e9t\u00e9 organis\u00e9 par l&rsquo;Association des anciens \u00e9l\u00e8ves du Colegio La Salle de Cochabamba et s&rsquo;est d\u00e9roul\u00e9 gr\u00e2ce au soutien de la Congr\u00e9gation des Fr\u00e8res des \u00c9coles chr\u00e9tiennes de La Salle et avec l&rsquo;encouragement engag\u00e9 du Secr\u00e9taire pour la mission, la gestion et l&rsquo;organisation de la R\u00e9gion lasallienne d&rsquo;Am\u00e9rique latine &#8211; RELAL (Fr. Vinicio Gonz\u00e1lez Gramajo) ; le Visiteur du District de Bolivie P\u00e9rou (Fr\u00e8re Jorge Aguilar Reina) ; le Pr\u00e9sident de l&rsquo;Union mondiale des anciens \u00e9l\u00e8ves lasalliens &#8211; UMAEL (Alejandro Galv\u00e1n Illanes) ; et SOMOS La Salle.<\/p>\n<p>L&rsquo;Association des anciens \u00e9l\u00e8ves de La Salle Cochabamba a relev\u00e9 le d\u00e9fi parce qu&rsquo;elle a consid\u00e9r\u00e9 qu&rsquo;il \u00e9tait essentiel de continuer \u00e0 travailler pour consolider l&rsquo;organisation des anciens \u00e9l\u00e8ves de la R\u00e9gion dans le but de partager tout ce qu&rsquo;ils avaient appris dans les salles de classe de La Salle et de contribuer ainsi \u00e0 am\u00e9liorer les conditions de vie de la soci\u00e9t\u00e9 bolivienne et latino-am\u00e9ricaine, guid\u00e9e par la Foi, la Fraternit\u00e9 et le Service.<\/p>\n<p>Dans ce cadre, une invitation a \u00e9t\u00e9 lanc\u00e9e aux repr\u00e9sentants des anciens \u00e9l\u00e8ves d&rsquo;autres \u0153uvres \u00e9ducatives de l&rsquo;\u00c9glise afin que le correspondant de l&rsquo;OMAEC pour la Bolivie (Carlos Arroyo) pr\u00e9sente l&rsquo;organisation et propose d&rsquo;entamer un travail de coordination en vue de la cr\u00e9ation d&rsquo;un organisme national des anciens \u00e9l\u00e8ves de l&rsquo;enseignement catholique en Bolivie.<a href=\"https:\/\/www.omaec.org\/wp-content\/uploads\/2022\/10\/cochabamba2-1.jpg\"><img loading=\"lazy\" decoding=\"async\" class=\"size-medium wp-image-11228 alignleft\" src=\"https:\/\/www.omaec.org\/wp-content\/uploads\/2022\/10\/cochabamba2-1-300x225.jpg\" alt=\"\" width=\"300\" height=\"225\" srcset=\"https:\/\/www.omaec.org\/wp-content\/uploads\/2022\/10\/cochabamba2-1-300x225.jpg 300w, https:\/\/www.omaec.org\/wp-content\/uploads\/2022\/10\/cochabamba2-1-1024x768.jpg 1024w, https:\/\/www.omaec.org\/wp-content\/uploads\/2022\/10\/cochabamba2-1-768x576.jpg 768w, https:\/\/www.omaec.org\/wp-content\/uploads\/2022\/10\/cochabamba2-1-1170x878.jpg 1170w, https:\/\/www.omaec.org\/wp-content\/uploads\/2022\/10\/cochabamba2-1.jpg 1280w\" sizes=\"auto, (max-width: 300px) 100vw, 300px\" \/><\/a><\/p>\n<p>Bien que, pour diverses raisons, seul le repr\u00e9sentant des anciens sal\u00e9siens (Oscar Amaya) ait particip\u00e9 \u00e0 la r\u00e9union, il a \u00e9t\u00e9 possible de partager des informations sur l&rsquo;OMAEC avec les 25 participants au congr\u00e8s qui venaient de pays tels que l&rsquo;\u00c9quateur, le Guatemala, le Honduras, le Costa Rica et la Bolivie (repr\u00e9sentants des associations de La Paz, Oruro, Trinidad, Pando et Cochabamba). De m\u00eame, les conditions ont \u00e9t\u00e9 cr\u00e9\u00e9es pour que, avec le repr\u00e9sentant des sal\u00e9siens et le repr\u00e9sentant de La Salle, une prochaine r\u00e9union puisse \u00eatre convoqu\u00e9e au mois de novembre.<\/p>\n<p><strong>Carlos Arroyo &#8211; Correspondante de l&rsquo;OMAEC en Bolivie<\/strong><\/p>\n<p>&nbsp;<\/p>\n","protected":false},"excerpt":{"rendered":"<p>Dans la ville de Cochabamba, en Bolivie, entre le 6 et le 8 octobre de cette ann\u00e9e, le 3e Congr\u00e8s latino-am\u00e9ricain des anciens \u00e9l\u00e8ves lasalliens a \u00e9t\u00e9 organis\u00e9 sous le th\u00e8me \u00ab\u00a0Partager notre engagement au service\u00a0\u00bb. L&rsquo;\u00e9v\u00e9nement a \u00e9t\u00e9 organis\u00e9 par l&rsquo;Association des anciens \u00e9l\u00e8ves du Colegio La Salle de Cochabamba et s&rsquo;est d\u00e9roul\u00e9 gr\u00e2ce <a href=\"https:\/\/www.omaec.org\/fr\/lomaec-present-au-3e-congres-des-anciens-eleves-lasalliens\/\" rel=\"nofollow\">(more&#8230;)<\/a><\/p>\n","protected":false},"author":1,"featured_media":11227,"comment_status":"closed","ping_status":"open","sticky":false,"template":"","format":"standard","meta":{"footnotes":""},"categories":[48,47,4],"tags":[],"class_list":["post-11226","post","type-post","status-publish","format-standard","has-post-thumbnail","hentry","category-conferences","category-conference-en","category-congresos"],"acf":[],"yoast_head":"<!-- This site is optimized with the Yoast SEO plugin v20.11 - https:\/\/yoast.com\/wordpress\/plugins\/seo\/ -->\n<title>L&#039;OMAEC pr\u00e9sent au 3e Congr\u00e8s des anciens \u00e9l\u00e8ves lasalliens - Organizaci\u00f3n Mundial de Antiguos Alumnos de la Educaci\u00f3n Cat\u00f3lica<\/title>\n<meta name=\"robots\" content=\"index, follow, max-snippet:-1, max-image-preview:large, max-video-preview:-1\" \/>\n<link rel=\"canonical\" href=\"https:\/\/www.omaec.org\/fr\/lomaec-present-au-3e-congres-des-anciens-eleves-lasalliens\/\" \/>\n<meta property=\"og:locale\" content=\"fr_FR\" \/>\n<meta property=\"og:type\" content=\"article\" \/>\n<meta property=\"og:title\" content=\"L&#039;OMAEC pr\u00e9sent au 3e Congr\u00e8s des anciens \u00e9l\u00e8ves lasalliens - Organizaci\u00f3n Mundial de Antiguos Alumnos de la Educaci\u00f3n Cat\u00f3lica\" \/>\n<meta property=\"og:description\" content=\"Dans la ville de Cochabamba, en Bolivie, entre le 6 et le 8 octobre de cette ann\u00e9e, le 3e Congr\u00e8s latino-am\u00e9ricain des anciens \u00e9l\u00e8ves lasalliens a \u00e9t\u00e9 organis\u00e9 sous le th\u00e8me \u00ab\u00a0Partager notre engagement au service\u00a0\u00bb. L&rsquo;\u00e9v\u00e9nement a \u00e9t\u00e9 organis\u00e9 par l&rsquo;Association des anciens \u00e9l\u00e8ves du Colegio La Salle de Cochabamba et s&rsquo;est d\u00e9roul\u00e9 gr\u00e2ce (more...)\" \/>\n<meta property=\"og:url\" content=\"https:\/\/www.omaec.org\/fr\/lomaec-present-au-3e-congres-des-anciens-eleves-lasalliens\/\" \/>\n<meta property=\"og:site_name\" content=\"Organizaci\u00f3n Mundial de Antiguos Alumnos de la Educaci\u00f3n Cat\u00f3lica\" \/>\n<meta property=\"article:published_time\" content=\"2022-10-27T11:15:46+00:00\" \/>\n<meta property=\"article:modified_time\" content=\"2022-10-27T11:20:24+00:00\" \/>\n<meta property=\"og:image\" content=\"https:\/\/www.omaec.org\/wp-content\/uploads\/2022\/10\/cochabamba-1-1.jpg\" \/>\n\t<meta property=\"og:image:width\" content=\"1280\" \/>\n\t<meta property=\"og:image:height\" content=\"960\" \/>\n\t<meta property=\"og:image:type\" content=\"image\/jpeg\" \/>\n<meta name=\"author\" content=\"Secretario General\" \/>\n<meta name=\"twitter:card\" content=\"summary_large_image\" \/>\n<meta name=\"twitter:label1\" content=\"\u00c9crit par\" \/>\n\t<meta name=\"twitter:data1\" content=\"Secretario General\" \/>\n\t<meta name=\"twitter:label2\" content=\"Dur\u00e9e de lecture estim\u00e9e\" \/>\n\t<meta name=\"twitter:data2\" content=\"2 minutes\" \/>\n<script type=\"application\/ld+json\" class=\"yoast-schema-graph\">{\"@context\":\"https:\/\/schema.org\",\"@graph\":[{\"@type\":\"Article\",\"@id\":\"https:\/\/www.omaec.org\/fr\/lomaec-present-au-3e-congres-des-anciens-eleves-lasalliens\/#article\",\"isPartOf\":{\"@id\":\"https:\/\/www.omaec.org\/fr\/lomaec-present-au-3e-congres-des-anciens-eleves-lasalliens\/\"},\"author\":{\"name\":\"Secretario General\",\"@id\":\"https:\/\/www.omaec.org\/#\/schema\/person\/b6995e5c4038e3cf602f2bb958068c35\"},\"headline\":\"L&rsquo;OMAEC pr\u00e9sent au 3e Congr\u00e8s des anciens \u00e9l\u00e8ves lasalliens\",\"datePublished\":\"2022-10-27T11:15:46+00:00\",\"dateModified\":\"2022-10-27T11:20:24+00:00\",\"mainEntityOfPage\":{\"@id\":\"https:\/\/www.omaec.org\/fr\/lomaec-present-au-3e-congres-des-anciens-eleves-lasalliens\/\"},\"wordCount\":429,\"publisher\":{\"@id\":\"https:\/\/www.omaec.org\/#organization\"},\"articleSection\":[\"Conf\u00e9rences\",\"Conferences\",\"Congresos\"],\"inLanguage\":\"fr-FR\"},{\"@type\":\"WebPage\",\"@id\":\"https:\/\/www.omaec.org\/fr\/lomaec-present-au-3e-congres-des-anciens-eleves-lasalliens\/\",\"url\":\"https:\/\/www.omaec.org\/fr\/lomaec-present-au-3e-congres-des-anciens-eleves-lasalliens\/\",\"name\":\"L'OMAEC pr\u00e9sent au 3e Congr\u00e8s des anciens \u00e9l\u00e8ves lasalliens - Organizaci\u00f3n Mundial de Antiguos Alumnos de la Educaci\u00f3n Cat\u00f3lica\",\"isPartOf\":{\"@id\":\"https:\/\/www.omaec.org\/#website\"},\"datePublished\":\"2022-10-27T11:15:46+00:00\",\"dateModified\":\"2022-10-27T11:20:24+00:00\",\"breadcrumb\":{\"@id\":\"https:\/\/www.omaec.org\/fr\/lomaec-present-au-3e-congres-des-anciens-eleves-lasalliens\/#breadcrumb\"},\"inLanguage\":\"fr-FR\",\"potentialAction\":[{\"@type\":\"ReadAction\",\"target\":[\"https:\/\/www.omaec.org\/fr\/lomaec-present-au-3e-congres-des-anciens-eleves-lasalliens\/\"]}]},{\"@type\":\"BreadcrumbList\",\"@id\":\"https:\/\/www.omaec.org\/fr\/lomaec-present-au-3e-congres-des-anciens-eleves-lasalliens\/#breadcrumb\",\"itemListElement\":[{\"@type\":\"ListItem\",\"position\":1,\"name\":\"Portada\",\"item\":\"https:\/\/www.omaec.org\/fr\/\"},{\"@type\":\"ListItem\",\"position\":2,\"name\":\"L&rsquo;OMAEC pr\u00e9sent au 3e Congr\u00e8s des anciens \u00e9l\u00e8ves lasalliens\"}]},{\"@type\":\"WebSite\",\"@id\":\"https:\/\/www.omaec.org\/#website\",\"url\":\"https:\/\/www.omaec.org\/\",\"name\":\"Organizaci\u00f3n Mundial de Antiguos Alumnos de la Educaci\u00f3n Cat\u00f3lica\",\"description\":\"OMAEC\",\"publisher\":{\"@id\":\"https:\/\/www.omaec.org\/#organization\"},\"potentialAction\":[{\"@type\":\"SearchAction\",\"target\":{\"@type\":\"EntryPoint\",\"urlTemplate\":\"https:\/\/www.omaec.org\/?s={search_term_string}\"},\"query-input\":\"required name=search_term_string\"}],\"inLanguage\":\"fr-FR\"},{\"@type\":\"Organization\",\"@id\":\"https:\/\/www.omaec.org\/#organization\",\"name\":\"Organizaci\u00f3n Mundial de Antiguos Alumnos de la Educaci\u00f3n Cat\u00f3lica\",\"url\":\"https:\/\/www.omaec.org\/\",\"logo\":{\"@type\":\"ImageObject\",\"inLanguage\":\"fr-FR\",\"@id\":\"https:\/\/www.omaec.org\/#\/schema\/logo\/image\/\",\"url\":\"https:\/\/www.omaec.org\/wp-content\/uploads\/2021\/06\/OMAEC-LOGO-OFICIAL.jpg\",\"contentUrl\":\"https:\/\/www.omaec.org\/wp-content\/uploads\/2021\/06\/OMAEC-LOGO-OFICIAL.jpg\",\"width\":525,\"height\":452,\"caption\":\"Organizaci\u00f3n Mundial de Antiguos  Alumnos de la Educaci\u00f3n Cat\u00f3lica\"},\"image\":{\"@id\":\"https:\/\/www.omaec.org\/#\/schema\/logo\/image\/\"}},{\"@type\":\"Person\",\"@id\":\"https:\/\/www.omaec.org\/#\/schema\/person\/b6995e5c4038e3cf602f2bb958068c35\",\"name\":\"Secretario General\",\"image\":{\"@type\":\"ImageObject\",\"inLanguage\":\"fr-FR\",\"@id\":\"https:\/\/www.omaec.org\/#\/schema\/person\/image\/\",\"url\":\"https:\/\/www.omaec.org\/wp-content\/uploads\/2025\/03\/FOTO-GUILLERMO-GUTIERREZ-PIRAQUIVE-OMAEC-96x96.jpg\",\"contentUrl\":\"https:\/\/www.omaec.org\/wp-content\/uploads\/2025\/03\/FOTO-GUILLERMO-GUTIERREZ-PIRAQUIVE-OMAEC-96x96.jpg\",\"caption\":\"Secretario General\"},\"description\":\"EXPERIENCIA LABORAL: SERVICIO NACIONAL DE APRENDIZAJE-SENA Regional Bogot\u00e1. Centro de Gesti\u00f3n de Mercados, Log\u00edstica y Tecnolog\u00edas de la Informaci\u00f3n. \u00b7Instructor de Mercadeo. SERVICIO NACIONAL DE APRENDIZAJE-SENA Regional Bogot\u00e1. Centro de Gesti\u00f3n Administrativa. \u00b7Instructor de Ventas. ARTESAN\u00cdAS DE COLOMBIA. \u00b7Administrador Centro Artesanal La Chamba (Tolima). PROGRAMADORA TELECULTURALES. \u00b7Asistente de Direcci\u00f3n AGENCIAS DE PUBLICIDAD: REP Y MASTER \u00b7Jefe de Medios SANCHO PUBLICIDAD \u00b7Jefe de Tr\u00e1fico. LEO BURNETT \u00b7Asistente de Medios. EDUCACION: \u00b7FUNDACI\u00d3N UNIVERSITARIA SALESIANA Diplomado en Salesianidad. \u00b7POLIT\u00c9CNICO GRANCOLOMBIANO Especializaci\u00f3n en Gerencia de Mercadeo. \u00b7UNIVERSIDAD NACIONAL ABIERTA Y A DISTANCIA Administraci\u00f3n de Empresas. \u00b7SERVICIO NACIONAL DE APRENDIZAJE-SENA Mercadotecnia. \u00b7UNIVERSIDAD CENTRAL Publicidad. \u00b7COLEGIO SALESIANO DE LE\u00d3N XIII Bachiller Acad\u00e9mico. EXPERIENCIA EXALUMNAL: ASOCIACI\u00d3N DE EXALUMNOS SDB-AEXSDBINSPECTOR\u00cdA SAN PEDRO CLAVER Presidente Sexenio 2021-2027. \u00b7ASOCIACI\u00d3N DE EXALUMNOS SDB-AEXSDBINSPECTOR\u00cdA SAN PEDRO CLAVER Vicepresidente Sexenio 2015-2021. \u00b7COLEGIO SALESIANO DE LE\u00d3N XIII. L\u00edder Promoci\u00f3n 1969. EXALUMNAL\",\"url\":\"https:\/\/www.omaec.org\/fr\/author\/omaec-admin\/\"}]}<\/script>\n<!-- \/ Yoast SEO plugin. -->","yoast_head_json":{"title":"L'OMAEC pr\u00e9sent au 3e Congr\u00e8s des anciens \u00e9l\u00e8ves lasalliens - Organizaci\u00f3n Mundial de Antiguos Alumnos de la Educaci\u00f3n Cat\u00f3lica","robots":{"index":"index","follow":"follow","max-snippet":"max-snippet:-1","max-image-preview":"max-image-preview:large","max-video-preview":"max-video-preview:-1"},"canonical":"https:\/\/www.omaec.org\/fr\/lomaec-present-au-3e-congres-des-anciens-eleves-lasalliens\/","og_locale":"fr_FR","og_type":"article","og_title":"L'OMAEC pr\u00e9sent au 3e Congr\u00e8s des anciens \u00e9l\u00e8ves lasalliens - Organizaci\u00f3n Mundial de Antiguos Alumnos de la Educaci\u00f3n Cat\u00f3lica","og_description":"Dans la ville de Cochabamba, en Bolivie, entre le 6 et le 8 octobre de cette ann\u00e9e, le 3e Congr\u00e8s latino-am\u00e9ricain des anciens \u00e9l\u00e8ves lasalliens a \u00e9t\u00e9 organis\u00e9 sous le th\u00e8me \u00ab\u00a0Partager notre engagement au service\u00a0\u00bb. L&rsquo;\u00e9v\u00e9nement a \u00e9t\u00e9 organis\u00e9 par l&rsquo;Association des anciens \u00e9l\u00e8ves du Colegio La Salle de Cochabamba et s&rsquo;est d\u00e9roul\u00e9 gr\u00e2ce (more...)","og_url":"https:\/\/www.omaec.org\/fr\/lomaec-present-au-3e-congres-des-anciens-eleves-lasalliens\/","og_site_name":"Organizaci\u00f3n Mundial de Antiguos Alumnos de la Educaci\u00f3n Cat\u00f3lica","article_published_time":"2022-10-27T11:15:46+00:00","article_modified_time":"2022-10-27T11:20:24+00:00","og_image":[{"width":1280,"height":960,"url":"https:\/\/www.omaec.org\/wp-content\/uploads\/2022\/10\/cochabamba-1-1.jpg","type":"image\/jpeg"}],"author":"Secretario General","twitter_card":"summary_large_image","twitter_misc":{"\u00c9crit par":"Secretario General","Dur\u00e9e de lecture estim\u00e9e":"2 minutes"},"schema":{"@context":"https:\/\/schema.org","@graph":[{"@type":"Article","@id":"https:\/\/www.omaec.org\/fr\/lomaec-present-au-3e-congres-des-anciens-eleves-lasalliens\/#article","isPartOf":{"@id":"https:\/\/www.omaec.org\/fr\/lomaec-present-au-3e-congres-des-anciens-eleves-lasalliens\/"},"author":{"name":"Secretario General","@id":"https:\/\/www.omaec.org\/#\/schema\/person\/b6995e5c4038e3cf602f2bb958068c35"},"headline":"L&rsquo;OMAEC pr\u00e9sent au 3e Congr\u00e8s des anciens \u00e9l\u00e8ves lasalliens","datePublished":"2022-10-27T11:15:46+00:00","dateModified":"2022-10-27T11:20:24+00:00","mainEntityOfPage":{"@id":"https:\/\/www.omaec.org\/fr\/lomaec-present-au-3e-congres-des-anciens-eleves-lasalliens\/"},"wordCount":429,"publisher":{"@id":"https:\/\/www.omaec.org\/#organization"},"articleSection":["Conf\u00e9rences","Conferences","Congresos"],"inLanguage":"fr-FR"},{"@type":"WebPage","@id":"https:\/\/www.omaec.org\/fr\/lomaec-present-au-3e-congres-des-anciens-eleves-lasalliens\/","url":"https:\/\/www.omaec.org\/fr\/lomaec-present-au-3e-congres-des-anciens-eleves-lasalliens\/","name":"L'OMAEC pr\u00e9sent au 3e Congr\u00e8s des anciens \u00e9l\u00e8ves lasalliens - Organizaci\u00f3n Mundial de Antiguos Alumnos de la Educaci\u00f3n Cat\u00f3lica","isPartOf":{"@id":"https:\/\/www.omaec.org\/#website"},"datePublished":"2022-10-27T11:15:46+00:00","dateModified":"2022-10-27T11:20:24+00:00","breadcrumb":{"@id":"https:\/\/www.omaec.org\/fr\/lomaec-present-au-3e-congres-des-anciens-eleves-lasalliens\/#breadcrumb"},"inLanguage":"fr-FR","potentialAction":[{"@type":"ReadAction","target":["https:\/\/www.omaec.org\/fr\/lomaec-present-au-3e-congres-des-anciens-eleves-lasalliens\/"]}]},{"@type":"BreadcrumbList","@id":"https:\/\/www.omaec.org\/fr\/lomaec-present-au-3e-congres-des-anciens-eleves-lasalliens\/#breadcrumb","itemListElement":[{"@type":"ListItem","position":1,"name":"Portada","item":"https:\/\/www.omaec.org\/fr\/"},{"@type":"ListItem","position":2,"name":"L&rsquo;OMAEC pr\u00e9sent au 3e Congr\u00e8s des anciens \u00e9l\u00e8ves lasalliens"}]},{"@type":"WebSite","@id":"https:\/\/www.omaec.org\/#website","url":"https:\/\/www.omaec.org\/","name":"Organizaci\u00f3n Mundial de Antiguos Alumnos de la Educaci\u00f3n Cat\u00f3lica","description":"OMAEC","publisher":{"@id":"https:\/\/www.omaec.org\/#organization"},"potentialAction":[{"@type":"SearchAction","target":{"@type":"EntryPoint","urlTemplate":"https:\/\/www.omaec.org\/?s={search_term_string}"},"query-input":"required name=search_term_string"}],"inLanguage":"fr-FR"},{"@type":"Organization","@id":"https:\/\/www.omaec.org\/#organization","name":"Organizaci\u00f3n Mundial de Antiguos Alumnos de la Educaci\u00f3n Cat\u00f3lica","url":"https:\/\/www.omaec.org\/","logo":{"@type":"ImageObject","inLanguage":"fr-FR","@id":"https:\/\/www.omaec.org\/#\/schema\/logo\/image\/","url":"https:\/\/www.omaec.org\/wp-content\/uploads\/2021\/06\/OMAEC-LOGO-OFICIAL.jpg","contentUrl":"https:\/\/www.omaec.org\/wp-content\/uploads\/2021\/06\/OMAEC-LOGO-OFICIAL.jpg","width":525,"height":452,"caption":"Organizaci\u00f3n Mundial de Antiguos  Alumnos de la Educaci\u00f3n Cat\u00f3lica"},"image":{"@id":"https:\/\/www.omaec.org\/#\/schema\/logo\/image\/"}},{"@type":"Person","@id":"https:\/\/www.omaec.org\/#\/schema\/person\/b6995e5c4038e3cf602f2bb958068c35","name":"Secretario General","image":{"@type":"ImageObject","inLanguage":"fr-FR","@id":"https:\/\/www.omaec.org\/#\/schema\/person\/image\/","url":"https:\/\/www.omaec.org\/wp-content\/uploads\/2025\/03\/FOTO-GUILLERMO-GUTIERREZ-PIRAQUIVE-OMAEC-96x96.jpg","contentUrl":"https:\/\/www.omaec.org\/wp-content\/uploads\/2025\/03\/FOTO-GUILLERMO-GUTIERREZ-PIRAQUIVE-OMAEC-96x96.jpg","caption":"Secretario General"},"description":"EXPERIENCIA LABORAL: SERVICIO NACIONAL DE APRENDIZAJE-SENA Regional Bogot\u00e1. Centro de Gesti\u00f3n de Mercados, Log\u00edstica y Tecnolog\u00edas de la Informaci\u00f3n. \u00b7Instructor de Mercadeo. SERVICIO NACIONAL DE APRENDIZAJE-SENA Regional Bogot\u00e1. Centro de Gesti\u00f3n Administrativa. \u00b7Instructor de Ventas. ARTESAN\u00cdAS DE COLOMBIA. \u00b7Administrador Centro Artesanal La Chamba (Tolima). PROGRAMADORA TELECULTURALES. \u00b7Asistente de Direcci\u00f3n AGENCIAS DE PUBLICIDAD: REP Y MASTER \u00b7Jefe de Medios SANCHO PUBLICIDAD \u00b7Jefe de Tr\u00e1fico. LEO BURNETT \u00b7Asistente de Medios. EDUCACION: \u00b7FUNDACI\u00d3N UNIVERSITARIA SALESIANA Diplomado en Salesianidad. \u00b7POLIT\u00c9CNICO GRANCOLOMBIANO Especializaci\u00f3n en Gerencia de Mercadeo. \u00b7UNIVERSIDAD NACIONAL ABIERTA Y A DISTANCIA Administraci\u00f3n de Empresas. \u00b7SERVICIO NACIONAL DE APRENDIZAJE-SENA Mercadotecnia. \u00b7UNIVERSIDAD CENTRAL Publicidad. \u00b7COLEGIO SALESIANO DE LE\u00d3N XIII Bachiller Acad\u00e9mico. EXPERIENCIA EXALUMNAL: ASOCIACI\u00d3N DE EXALUMNOS SDB-AEXSDBINSPECTOR\u00cdA SAN PEDRO CLAVER Presidente Sexenio 2021-2027. \u00b7ASOCIACI\u00d3N DE EXALUMNOS SDB-AEXSDBINSPECTOR\u00cdA SAN PEDRO CLAVER Vicepresidente Sexenio 2015-2021. \u00b7COLEGIO SALESIANO DE LE\u00d3N XIII. L\u00edder Promoci\u00f3n 1969. EXALUMNAL","url":"https:\/\/www.omaec.org\/fr\/author\/omaec-admin\/"}]}},"_links":{"self":[{"href":"https:\/\/www.omaec.org\/fr\/wp-json\/wp\/v2\/posts\/11226","targetHints":{"allow":["GET"]}}],"collection":[{"href":"https:\/\/www.omaec.org\/fr\/wp-json\/wp\/v2\/posts"}],"about":[{"href":"https:\/\/www.omaec.org\/fr\/wp-json\/wp\/v2\/types\/post"}],"author":[{"embeddable":true,"href":"https:\/\/www.omaec.org\/fr\/wp-json\/wp\/v2\/users\/1"}],"replies":[{"embeddable":true,"href":"https:\/\/www.omaec.org\/fr\/wp-json\/wp\/v2\/comments?post=11226"}],"version-history":[{"count":1,"href":"https:\/\/www.omaec.org\/fr\/wp-json\/wp\/v2\/posts\/11226\/revisions"}],"predecessor-version":[{"id":11229,"href":"https:\/\/www.omaec.org\/fr\/wp-json\/wp\/v2\/posts\/11226\/revisions\/11229"}],"wp:featuredmedia":[{"embeddable":true,"href":"https:\/\/www.omaec.org\/fr\/wp-json\/wp\/v2\/media\/11227"}],"wp:attachment":[{"href":"https:\/\/www.omaec.org\/fr\/wp-json\/wp\/v2\/media?parent=11226"}],"wp:term":[{"taxonomy":"category","embeddable":true,"href":"https:\/\/www.omaec.org\/fr\/wp-json\/wp\/v2\/categories?post=11226"},{"taxonomy":"post_tag","embeddable":true,"href":"https:\/\/www.omaec.org\/fr\/wp-json\/wp\/v2\/tags?post=11226"}],"curies":[{"name":"wp","href":"https:\/\/api.w.org\/{rel}","templated":true}]}}