{"id":4880,"date":"2021-01-25T09:45:19","date_gmt":"2021-01-25T08:45:19","guid":{"rendered":"http:\/\/omaec.org\/?p=4880"},"modified":"2021-01-25T09:45:33","modified_gmt":"2021-01-25T08:45:33","slug":"global-catholic-education-new-website","status":"publish","type":"post","link":"https:\/\/www.omaec.org\/en\/global-catholic-education-new-website\/","title":{"rendered":"Global Catholic Education &#8211; new website"},"content":{"rendered":"<p class=\"western\"><a href=\"http:\/\/omaec.org\/wp-content\/uploads\/2021\/01\/5-logos-3.jpg\" rel=\"attachment wp-att-4882\"><img loading=\"lazy\" decoding=\"async\" class=\"alignnone size-medium wp-image-4882\" src=\"http:\/\/omaec.org\/wp-content\/uploads\/2021\/01\/5-logos-3-300x47.jpg\" alt=\"5 logos\" width=\"300\" height=\"47\" srcset=\"https:\/\/www.omaec.org\/wp-content\/uploads\/2021\/01\/5-logos-3-300x47.jpg 300w, https:\/\/www.omaec.org\/wp-content\/uploads\/2021\/01\/5-logos-3-768x120.jpg 768w, https:\/\/www.omaec.org\/wp-content\/uploads\/2021\/01\/5-logos-3-1024x160.jpg 1024w, https:\/\/www.omaec.org\/wp-content\/uploads\/2021\/01\/5-logos-3-600x94.jpg 600w, https:\/\/www.omaec.org\/wp-content\/uploads\/2021\/01\/5-logos-3-150x23.jpg 150w, https:\/\/www.omaec.org\/wp-content\/uploads\/2021\/01\/5-logos-3.jpg 1328w\" sizes=\"auto, (max-width: 300px) 100vw, 300px\" \/><\/a><\/p>\n<p class=\"western\"><b>New website &#8220;Global Catholic Education&#8221;<\/b><\/p>\n<p class=\"western\">Dear OMAEC friends &#8211; we are pleased to let you know that a new website\u00a0<span style=\"color: #000080;\"><span lang=\"zxx\"><u><a href=\"http:\/\/www.globalcatholiceducation.org\/\" target=\"_blank\"><span style=\"color: #1155cc;\">www.GlobalCatholicEducation.org<\/span><\/a><\/u><\/span><\/span>\u00a0is now live with a range of resources for Catholic educators as well as alumni globally.<\/p>\n<p class=\"western\">The website is available in English, French, and Spanish and is managed by a volunteer team. The core partners for the website are <strong>OMAEC<\/strong> and <strong>OIEC<\/strong>, <strong>IFCU<\/strong> and <strong>WUCT<\/strong>, the other three key other organizations engaged in Catholic education at the global level.<\/p>\n<p class=\"western\">We encourage you to visit the website, and subscribe to its blog to receive short emails on a weekly basis alerting you of new resources of interest to our community. We also wanted to mention the opportunity to participate in various webinars &#8211; please check out the events page of the website for details. A key webinar (in English) will be on February 16 on the Global Catholic Education Report 2021. We hope you will find the website useful and feel free to share any comments you may have on how to improve it. The website can be a great tool for all of us to engage towards <strong>Pope Francis&#8217; Global Compact on Education<\/strong>.<\/p>\n<p class=\"western\">OIEC=\u00a0 \u00a0 INTERNATIONAL OFFICE CATHOLIC EDUCATION<\/p>\n<p class=\"western\">IFCU=\u00a0 \u00a0 INTERNATIONAL FEDERATION OF CATHOLIC UNIVERSITIES<\/p>\n<p class=\"western\">WUCT=\u00a0 WORLD UNION OF CATHOLIC TEACHERS<\/p>\n<p class=\"western\">\n","protected":false},"excerpt":{"rendered":"<p>New website &#8220;Global Catholic Education&#8221; Dear OMAEC friends &#8211; we are pleased to let you know that a new website\u00a0www.GlobalCatholicEducation.org\u00a0is now live with a range of resources for Catholic educators as well as alumni globally. The website is available in English, French, and Spanish and is managed by a volunteer team. The core partners for <a href=\"https:\/\/www.omaec.org\/en\/global-catholic-education-new-website\/\" rel=\"nofollow\">(more&#8230;)<\/a><\/p>\n","protected":false},"author":1,"featured_media":4881,"comment_status":"closed","ping_status":"open","sticky":false,"template":"","format":"standard","meta":{"footnotes":""},"categories":[49],"tags":[],"class_list":["post-4880","post","type-post","status-publish","format-standard","has-post-thumbnail","hentry","category-messages"],"acf":[],"yoast_head":"<!-- This site is optimized with the Yoast SEO plugin v20.11 - https:\/\/yoast.com\/wordpress\/plugins\/seo\/ -->\n<title>Global Catholic Education - new website - Organizaci\u00f3n Mundial de Antiguos Alumnos de la Educaci\u00f3n Cat\u00f3lica<\/title>\n<meta name=\"robots\" content=\"index, follow, max-snippet:-1, max-image-preview:large, max-video-preview:-1\" \/>\n<link rel=\"canonical\" href=\"https:\/\/www.omaec.org\/en\/global-catholic-education-new-website\/\" \/>\n<meta property=\"og:locale\" content=\"en_US\" \/>\n<meta property=\"og:type\" content=\"article\" \/>\n<meta property=\"og:title\" content=\"Global Catholic Education - new website - Organizaci\u00f3n Mundial de Antiguos Alumnos de la Educaci\u00f3n Cat\u00f3lica\" \/>\n<meta property=\"og:description\" content=\"New website &#8220;Global Catholic Education&#8221; Dear OMAEC friends &#8211; we are pleased to let you know that a new website\u00a0www.GlobalCatholicEducation.org\u00a0is now live with a range of resources for Catholic educators as well as alumni globally. The website is available in English, French, and Spanish and is managed by a volunteer team. The core partners for (more...)\" \/>\n<meta property=\"og:url\" content=\"https:\/\/www.omaec.org\/en\/global-catholic-education-new-website\/\" \/>\n<meta property=\"og:site_name\" content=\"Organizaci\u00f3n Mundial de Antiguos Alumnos de la Educaci\u00f3n Cat\u00f3lica\" \/>\n<meta property=\"article:published_time\" content=\"2021-01-25T08:45:19+00:00\" \/>\n<meta property=\"article:modified_time\" content=\"2021-01-25T08:45:33+00:00\" \/>\n<meta property=\"og:image\" content=\"https:\/\/www.omaec.org\/wp-content\/uploads\/2021\/01\/pantalla-web-2-2.jpg\" \/>\n\t<meta property=\"og:image:width\" content=\"1241\" \/>\n\t<meta property=\"og:image:height\" content=\"737\" \/>\n\t<meta property=\"og:image:type\" content=\"image\/jpeg\" \/>\n<meta name=\"author\" content=\"Secretario General\" \/>\n<meta name=\"twitter:card\" content=\"summary_large_image\" \/>\n<meta name=\"twitter:label1\" content=\"Written by\" \/>\n\t<meta name=\"twitter:data1\" content=\"Secretario General\" \/>\n\t<meta name=\"twitter:label2\" content=\"Est. reading time\" \/>\n\t<meta name=\"twitter:data2\" content=\"1 minute\" \/>\n<script type=\"application\/ld+json\" class=\"yoast-schema-graph\">{\"@context\":\"https:\/\/schema.org\",\"@graph\":[{\"@type\":\"Article\",\"@id\":\"https:\/\/www.omaec.org\/en\/global-catholic-education-new-website\/#article\",\"isPartOf\":{\"@id\":\"https:\/\/www.omaec.org\/en\/global-catholic-education-new-website\/\"},\"author\":{\"name\":\"Secretario General\",\"@id\":\"https:\/\/www.omaec.org\/#\/schema\/person\/b6995e5c4038e3cf602f2bb958068c35\"},\"headline\":\"Global Catholic Education &#8211; new website\",\"datePublished\":\"2021-01-25T08:45:19+00:00\",\"dateModified\":\"2021-01-25T08:45:33+00:00\",\"mainEntityOfPage\":{\"@id\":\"https:\/\/www.omaec.org\/en\/global-catholic-education-new-website\/\"},\"wordCount\":217,\"publisher\":{\"@id\":\"https:\/\/www.omaec.org\/#organization\"},\"articleSection\":[\"Messages\"],\"inLanguage\":\"en-US\"},{\"@type\":\"WebPage\",\"@id\":\"https:\/\/www.omaec.org\/en\/global-catholic-education-new-website\/\",\"url\":\"https:\/\/www.omaec.org\/en\/global-catholic-education-new-website\/\",\"name\":\"Global Catholic Education - new website - Organizaci\u00f3n Mundial de Antiguos Alumnos de la Educaci\u00f3n Cat\u00f3lica\",\"isPartOf\":{\"@id\":\"https:\/\/www.omaec.org\/#website\"},\"datePublished\":\"2021-01-25T08:45:19+00:00\",\"dateModified\":\"2021-01-25T08:45:33+00:00\",\"breadcrumb\":{\"@id\":\"https:\/\/www.omaec.org\/en\/global-catholic-education-new-website\/#breadcrumb\"},\"inLanguage\":\"en-US\",\"potentialAction\":[{\"@type\":\"ReadAction\",\"target\":[\"https:\/\/www.omaec.org\/en\/global-catholic-education-new-website\/\"]}]},{\"@type\":\"BreadcrumbList\",\"@id\":\"https:\/\/www.omaec.org\/en\/global-catholic-education-new-website\/#breadcrumb\",\"itemListElement\":[{\"@type\":\"ListItem\",\"position\":1,\"name\":\"Portada\",\"item\":\"https:\/\/www.omaec.org\/en\/\"},{\"@type\":\"ListItem\",\"position\":2,\"name\":\"Global Catholic Education &#8211; new website\"}]},{\"@type\":\"WebSite\",\"@id\":\"https:\/\/www.omaec.org\/#website\",\"url\":\"https:\/\/www.omaec.org\/\",\"name\":\"Organizaci\u00f3n Mundial de Antiguos Alumnos de la Educaci\u00f3n Cat\u00f3lica\",\"description\":\"OMAEC\",\"publisher\":{\"@id\":\"https:\/\/www.omaec.org\/#organization\"},\"potentialAction\":[{\"@type\":\"SearchAction\",\"target\":{\"@type\":\"EntryPoint\",\"urlTemplate\":\"https:\/\/www.omaec.org\/?s={search_term_string}\"},\"query-input\":\"required name=search_term_string\"}],\"inLanguage\":\"en-US\"},{\"@type\":\"Organization\",\"@id\":\"https:\/\/www.omaec.org\/#organization\",\"name\":\"Organizaci\u00f3n Mundial de Antiguos Alumnos de la Educaci\u00f3n Cat\u00f3lica\",\"url\":\"https:\/\/www.omaec.org\/\",\"logo\":{\"@type\":\"ImageObject\",\"inLanguage\":\"en-US\",\"@id\":\"https:\/\/www.omaec.org\/#\/schema\/logo\/image\/\",\"url\":\"https:\/\/www.omaec.org\/wp-content\/uploads\/2021\/06\/OMAEC-LOGO-OFICIAL.jpg\",\"contentUrl\":\"https:\/\/www.omaec.org\/wp-content\/uploads\/2021\/06\/OMAEC-LOGO-OFICIAL.jpg\",\"width\":525,\"height\":452,\"caption\":\"Organizaci\u00f3n Mundial de Antiguos  Alumnos de la Educaci\u00f3n Cat\u00f3lica\"},\"image\":{\"@id\":\"https:\/\/www.omaec.org\/#\/schema\/logo\/image\/\"}},{\"@type\":\"Person\",\"@id\":\"https:\/\/www.omaec.org\/#\/schema\/person\/b6995e5c4038e3cf602f2bb958068c35\",\"name\":\"Secretario General\",\"image\":{\"@type\":\"ImageObject\",\"inLanguage\":\"en-US\",\"@id\":\"https:\/\/www.omaec.org\/#\/schema\/person\/image\/\",\"url\":\"https:\/\/www.omaec.org\/wp-content\/uploads\/2025\/03\/FOTO-GUILLERMO-GUTIERREZ-PIRAQUIVE-OMAEC-96x96.jpg\",\"contentUrl\":\"https:\/\/www.omaec.org\/wp-content\/uploads\/2025\/03\/FOTO-GUILLERMO-GUTIERREZ-PIRAQUIVE-OMAEC-96x96.jpg\",\"caption\":\"Secretario General\"},\"description\":\"EXPERIENCIA LABORAL: SERVICIO NACIONAL DE APRENDIZAJE-SENA Regional Bogot\u00e1. Centro de Gesti\u00f3n de Mercados, Log\u00edstica y Tecnolog\u00edas de la Informaci\u00f3n. \u00b7Instructor de Mercadeo. SERVICIO NACIONAL DE APRENDIZAJE-SENA Regional Bogot\u00e1. Centro de Gesti\u00f3n Administrativa. \u00b7Instructor de Ventas. ARTESAN\u00cdAS DE COLOMBIA. \u00b7Administrador Centro Artesanal La Chamba (Tolima). PROGRAMADORA TELECULTURALES. \u00b7Asistente de Direcci\u00f3n AGENCIAS DE PUBLICIDAD: REP Y MASTER \u00b7Jefe de Medios SANCHO PUBLICIDAD \u00b7Jefe de Tr\u00e1fico. LEO BURNETT \u00b7Asistente de Medios. EDUCACION: \u00b7FUNDACI\u00d3N UNIVERSITARIA SALESIANA Diplomado en Salesianidad. \u00b7POLIT\u00c9CNICO GRANCOLOMBIANO Especializaci\u00f3n en Gerencia de Mercadeo. \u00b7UNIVERSIDAD NACIONAL ABIERTA Y A DISTANCIA Administraci\u00f3n de Empresas. \u00b7SERVICIO NACIONAL DE APRENDIZAJE-SENA Mercadotecnia. \u00b7UNIVERSIDAD CENTRAL Publicidad. \u00b7COLEGIO SALESIANO DE LE\u00d3N XIII Bachiller Acad\u00e9mico. EXPERIENCIA EXALUMNAL: ASOCIACI\u00d3N DE EXALUMNOS SDB-AEXSDBINSPECTOR\u00cdA SAN PEDRO CLAVER Presidente Sexenio 2021-2027. \u00b7ASOCIACI\u00d3N DE EXALUMNOS SDB-AEXSDBINSPECTOR\u00cdA SAN PEDRO CLAVER Vicepresidente Sexenio 2015-2021. \u00b7COLEGIO SALESIANO DE LE\u00d3N XIII. L\u00edder Promoci\u00f3n 1969. EXALUMNAL\",\"url\":\"https:\/\/www.omaec.org\/en\/author\/omaec-admin\/\"}]}<\/script>\n<!-- \/ Yoast SEO plugin. -->","yoast_head_json":{"title":"Global Catholic Education - new website - Organizaci\u00f3n Mundial de Antiguos Alumnos de la Educaci\u00f3n Cat\u00f3lica","robots":{"index":"index","follow":"follow","max-snippet":"max-snippet:-1","max-image-preview":"max-image-preview:large","max-video-preview":"max-video-preview:-1"},"canonical":"https:\/\/www.omaec.org\/en\/global-catholic-education-new-website\/","og_locale":"en_US","og_type":"article","og_title":"Global Catholic Education - new website - Organizaci\u00f3n Mundial de Antiguos Alumnos de la Educaci\u00f3n Cat\u00f3lica","og_description":"New website &#8220;Global Catholic Education&#8221; Dear OMAEC friends &#8211; we are pleased to let you know that a new website\u00a0www.GlobalCatholicEducation.org\u00a0is now live with a range of resources for Catholic educators as well as alumni globally. The website is available in English, French, and Spanish and is managed by a volunteer team. The core partners for (more...)","og_url":"https:\/\/www.omaec.org\/en\/global-catholic-education-new-website\/","og_site_name":"Organizaci\u00f3n Mundial de Antiguos Alumnos de la Educaci\u00f3n Cat\u00f3lica","article_published_time":"2021-01-25T08:45:19+00:00","article_modified_time":"2021-01-25T08:45:33+00:00","og_image":[{"width":1241,"height":737,"url":"https:\/\/www.omaec.org\/wp-content\/uploads\/2021\/01\/pantalla-web-2-2.jpg","type":"image\/jpeg"}],"author":"Secretario General","twitter_card":"summary_large_image","twitter_misc":{"Written by":"Secretario General","Est. reading time":"1 minute"},"schema":{"@context":"https:\/\/schema.org","@graph":[{"@type":"Article","@id":"https:\/\/www.omaec.org\/en\/global-catholic-education-new-website\/#article","isPartOf":{"@id":"https:\/\/www.omaec.org\/en\/global-catholic-education-new-website\/"},"author":{"name":"Secretario General","@id":"https:\/\/www.omaec.org\/#\/schema\/person\/b6995e5c4038e3cf602f2bb958068c35"},"headline":"Global Catholic Education &#8211; new website","datePublished":"2021-01-25T08:45:19+00:00","dateModified":"2021-01-25T08:45:33+00:00","mainEntityOfPage":{"@id":"https:\/\/www.omaec.org\/en\/global-catholic-education-new-website\/"},"wordCount":217,"publisher":{"@id":"https:\/\/www.omaec.org\/#organization"},"articleSection":["Messages"],"inLanguage":"en-US"},{"@type":"WebPage","@id":"https:\/\/www.omaec.org\/en\/global-catholic-education-new-website\/","url":"https:\/\/www.omaec.org\/en\/global-catholic-education-new-website\/","name":"Global Catholic Education - new website - Organizaci\u00f3n Mundial de Antiguos Alumnos de la Educaci\u00f3n Cat\u00f3lica","isPartOf":{"@id":"https:\/\/www.omaec.org\/#website"},"datePublished":"2021-01-25T08:45:19+00:00","dateModified":"2021-01-25T08:45:33+00:00","breadcrumb":{"@id":"https:\/\/www.omaec.org\/en\/global-catholic-education-new-website\/#breadcrumb"},"inLanguage":"en-US","potentialAction":[{"@type":"ReadAction","target":["https:\/\/www.omaec.org\/en\/global-catholic-education-new-website\/"]}]},{"@type":"BreadcrumbList","@id":"https:\/\/www.omaec.org\/en\/global-catholic-education-new-website\/#breadcrumb","itemListElement":[{"@type":"ListItem","position":1,"name":"Portada","item":"https:\/\/www.omaec.org\/en\/"},{"@type":"ListItem","position":2,"name":"Global Catholic Education &#8211; new website"}]},{"@type":"WebSite","@id":"https:\/\/www.omaec.org\/#website","url":"https:\/\/www.omaec.org\/","name":"Organizaci\u00f3n Mundial de Antiguos Alumnos de la Educaci\u00f3n Cat\u00f3lica","description":"OMAEC","publisher":{"@id":"https:\/\/www.omaec.org\/#organization"},"potentialAction":[{"@type":"SearchAction","target":{"@type":"EntryPoint","urlTemplate":"https:\/\/www.omaec.org\/?s={search_term_string}"},"query-input":"required name=search_term_string"}],"inLanguage":"en-US"},{"@type":"Organization","@id":"https:\/\/www.omaec.org\/#organization","name":"Organizaci\u00f3n Mundial de Antiguos Alumnos de la Educaci\u00f3n Cat\u00f3lica","url":"https:\/\/www.omaec.org\/","logo":{"@type":"ImageObject","inLanguage":"en-US","@id":"https:\/\/www.omaec.org\/#\/schema\/logo\/image\/","url":"https:\/\/www.omaec.org\/wp-content\/uploads\/2021\/06\/OMAEC-LOGO-OFICIAL.jpg","contentUrl":"https:\/\/www.omaec.org\/wp-content\/uploads\/2021\/06\/OMAEC-LOGO-OFICIAL.jpg","width":525,"height":452,"caption":"Organizaci\u00f3n Mundial de Antiguos  Alumnos de la Educaci\u00f3n Cat\u00f3lica"},"image":{"@id":"https:\/\/www.omaec.org\/#\/schema\/logo\/image\/"}},{"@type":"Person","@id":"https:\/\/www.omaec.org\/#\/schema\/person\/b6995e5c4038e3cf602f2bb958068c35","name":"Secretario General","image":{"@type":"ImageObject","inLanguage":"en-US","@id":"https:\/\/www.omaec.org\/#\/schema\/person\/image\/","url":"https:\/\/www.omaec.org\/wp-content\/uploads\/2025\/03\/FOTO-GUILLERMO-GUTIERREZ-PIRAQUIVE-OMAEC-96x96.jpg","contentUrl":"https:\/\/www.omaec.org\/wp-content\/uploads\/2025\/03\/FOTO-GUILLERMO-GUTIERREZ-PIRAQUIVE-OMAEC-96x96.jpg","caption":"Secretario General"},"description":"EXPERIENCIA LABORAL: SERVICIO NACIONAL DE APRENDIZAJE-SENA Regional Bogot\u00e1. Centro de Gesti\u00f3n de Mercados, Log\u00edstica y Tecnolog\u00edas de la Informaci\u00f3n. \u00b7Instructor de Mercadeo. SERVICIO NACIONAL DE APRENDIZAJE-SENA Regional Bogot\u00e1. Centro de Gesti\u00f3n Administrativa. \u00b7Instructor de Ventas. ARTESAN\u00cdAS DE COLOMBIA. \u00b7Administrador Centro Artesanal La Chamba (Tolima). PROGRAMADORA TELECULTURALES. \u00b7Asistente de Direcci\u00f3n AGENCIAS DE PUBLICIDAD: REP Y MASTER \u00b7Jefe de Medios SANCHO PUBLICIDAD \u00b7Jefe de Tr\u00e1fico. LEO BURNETT \u00b7Asistente de Medios. EDUCACION: \u00b7FUNDACI\u00d3N UNIVERSITARIA SALESIANA Diplomado en Salesianidad. \u00b7POLIT\u00c9CNICO GRANCOLOMBIANO Especializaci\u00f3n en Gerencia de Mercadeo. \u00b7UNIVERSIDAD NACIONAL ABIERTA Y A DISTANCIA Administraci\u00f3n de Empresas. \u00b7SERVICIO NACIONAL DE APRENDIZAJE-SENA Mercadotecnia. \u00b7UNIVERSIDAD CENTRAL Publicidad. \u00b7COLEGIO SALESIANO DE LE\u00d3N XIII Bachiller Acad\u00e9mico. EXPERIENCIA EXALUMNAL: ASOCIACI\u00d3N DE EXALUMNOS SDB-AEXSDBINSPECTOR\u00cdA SAN PEDRO CLAVER Presidente Sexenio 2021-2027. \u00b7ASOCIACI\u00d3N DE EXALUMNOS SDB-AEXSDBINSPECTOR\u00cdA SAN PEDRO CLAVER Vicepresidente Sexenio 2015-2021. \u00b7COLEGIO SALESIANO DE LE\u00d3N XIII. L\u00edder Promoci\u00f3n 1969. EXALUMNAL","url":"https:\/\/www.omaec.org\/en\/author\/omaec-admin\/"}]}},"_links":{"self":[{"href":"https:\/\/www.omaec.org\/en\/wp-json\/wp\/v2\/posts\/4880","targetHints":{"allow":["GET"]}}],"collection":[{"href":"https:\/\/www.omaec.org\/en\/wp-json\/wp\/v2\/posts"}],"about":[{"href":"https:\/\/www.omaec.org\/en\/wp-json\/wp\/v2\/types\/post"}],"author":[{"embeddable":true,"href":"https:\/\/www.omaec.org\/en\/wp-json\/wp\/v2\/users\/1"}],"replies":[{"embeddable":true,"href":"https:\/\/www.omaec.org\/en\/wp-json\/wp\/v2\/comments?post=4880"}],"version-history":[{"count":1,"href":"https:\/\/www.omaec.org\/en\/wp-json\/wp\/v2\/posts\/4880\/revisions"}],"predecessor-version":[{"id":4883,"href":"https:\/\/www.omaec.org\/en\/wp-json\/wp\/v2\/posts\/4880\/revisions\/4883"}],"wp:featuredmedia":[{"embeddable":true,"href":"https:\/\/www.omaec.org\/en\/wp-json\/wp\/v2\/media\/4881"}],"wp:attachment":[{"href":"https:\/\/www.omaec.org\/en\/wp-json\/wp\/v2\/media?parent=4880"}],"wp:term":[{"taxonomy":"category","embeddable":true,"href":"https:\/\/www.omaec.org\/en\/wp-json\/wp\/v2\/categories?post=4880"},{"taxonomy":"post_tag","embeddable":true,"href":"https:\/\/www.omaec.org\/en\/wp-json\/wp\/v2\/tags?post=4880"}],"curies":[{"name":"wp","href":"https:\/\/api.w.org\/{rel}","templated":true}]}}