{"id":4793,"date":"2020-12-03T10:37:43","date_gmt":"2020-12-03T09:37:43","guid":{"rendered":"http:\/\/omaec.org\/?p=4793"},"modified":"2020-12-03T10:37:43","modified_gmt":"2020-12-03T09:37:43","slug":"message-from-the-president-of-omaec","status":"publish","type":"post","link":"https:\/\/www.omaec.org\/en\/message-from-the-president-of-omaec\/","title":{"rendered":"MESSAGE FROM THE PRESIDENT OF OMAEC"},"content":{"rendered":"<p class=\"western\" align=\"center\"><span style=\"font-family: Arial, sans-serif;\"><b>MESSAGE FROM THE PRESIDENT OF OMAEC, ALFONSO GIRALDO SAAVEDRA<\/b><\/span><\/p>\n<p class=\"western\" align=\"justify\"><span style=\"font-family: Arial, sans-serif;\"><span lang=\"en-GB\">My first message of recognition and gratitude, as new president of OMAEC, is addressed to each and every one of you and to the different organizations you represent, your participation and dedication in this Assembly, was essential for its success.<a href=\"http:\/\/omaec.org\/wp-content\/uploads\/2020\/12\/cuadrado-IMG_7929.jpg\" rel=\"attachment wp-att-4789\"><img loading=\"lazy\" decoding=\"async\" class=\" wp-image-4789 alignleft\" src=\"http:\/\/omaec.org\/wp-content\/uploads\/2020\/12\/cuadrado-IMG_7929-300x300.jpg\" alt=\"cuadrado IMG_7929\" width=\"218\" height=\"218\" srcset=\"https:\/\/www.omaec.org\/wp-content\/uploads\/2020\/12\/cuadrado-IMG_7929-300x300.jpg 300w, https:\/\/www.omaec.org\/wp-content\/uploads\/2020\/12\/cuadrado-IMG_7929-150x150.jpg 150w, https:\/\/www.omaec.org\/wp-content\/uploads\/2020\/12\/cuadrado-IMG_7929-768x768.jpg 768w, https:\/\/www.omaec.org\/wp-content\/uploads\/2020\/12\/cuadrado-IMG_7929-1024x1024.jpg 1024w, https:\/\/www.omaec.org\/wp-content\/uploads\/2020\/12\/cuadrado-IMG_7929-600x600.jpg 600w, https:\/\/www.omaec.org\/wp-content\/uploads\/2020\/12\/cuadrado-IMG_7929-400x400.jpg 400w, https:\/\/www.omaec.org\/wp-content\/uploads\/2020\/12\/cuadrado-IMG_7929-75x75.jpg 75w, https:\/\/www.omaec.org\/wp-content\/uploads\/2020\/12\/cuadrado-IMG_7929-60x60.jpg 60w\" sizes=\"auto, (max-width: 218px) 100vw, 218px\" \/><\/a><\/span><\/span><\/p>\n<p class=\"western\" align=\"justify\"><span style=\"font-family: Arial, sans-serif;\"><span lang=\"en-GB\">Likewise, my greetings and gratitude to <strong>Jos\u00e9 Antonio Cecilia<\/strong> and <strong>Jos\u00e9 Ram<\/strong><\/span><strong><span lang=\"en-GB\">\u00f3<\/span><\/strong><span lang=\"en-GB\"><strong>n Batiste<\/strong>, their generous dedication have certainly made this Assembly an example of organization and efficiency, and <strong>Angel Gudi\u00f1a<\/strong>, who has done an excellent job of moderation and translation.<\/span><\/span><\/p>\n<p class=\"western\" align=\"justify\"><span style=\"font-family: Arial, sans-serif;\"><span lang=\"en-GB\">To <strong>Monsignor Luis Arguello<\/strong>, Ecclesiastical Assistant, all my consideration for his spiritual direction and his transparency in the control of the vote.<\/span><\/span><\/p>\n<p class=\"western\" align=\"justify\"><span style=\"font-family: Arial, sans-serif;\"><span lang=\"en-GB\">I am deeply grateful to you for this unwarranted vote of trust that you have offered me to lead, for the next three years, this institution so important for humanity, and I ask the Lord that, with its lights, the love of Mary Help of Christians and the unity of all, we carried the <strong>OMAEC<\/strong> to good port.<\/span><\/span><\/p>\n<p class=\"western\" align=\"justify\"><span style=\"font-family: Arial, sans-serif;\"><span lang=\"en-GB\">I am preparing to build a team of effective collaborators, capable of meeting the challenges we have posed (strengthening the participation of young people, encouraging the creation of new national confederations, using virtual means to connect us, among other things, to know the different charisms of our congregations, etc.). We will continue and strengthen what is going on and rectify what can stop us.<\/span><\/span><\/p>\n<p class=\"western\" align=\"justify\"><span style=\"font-family: Arial, sans-serif;\"><span lang=\"en-GB\">This pandemic has not stopped us and will not be able to! The great lesson is the need we have for one another and, as former pupils of Catholic education, we have an imperative: to bear witness to the faith that we profess through a living and active charity in generous devotion to the neediest, who need not only economic resources, but also affection and understanding. We will thus be able to create a more fraternal world.<\/span><\/span><\/p>\n<p class=\"western\" align=\"justify\"><span style=\"font-family: Arial, sans-serif;\"><span lang=\"en-GB\">I put myself at his service and I hope that in this time of waiting, when everything can be filled with goodness and generosity, our hearts will become the <strong>migrant and suffering Christ<\/strong> whom we see wandering in the streets of our cities.<\/span><\/span><\/p>\n<p class=\"western\" align=\"justify\"><span style=\"font-family: Arial, sans-serif;\"><span lang=\"en-GB\">With all my affection.<\/span><\/span><\/p>\n","protected":false},"excerpt":{"rendered":"<p>MESSAGE FROM THE PRESIDENT OF OMAEC, ALFONSO GIRALDO SAAVEDRA My first message of recognition and gratitude, as new president of OMAEC, is addressed to each and every one of you and to the different organizations you represent, your participation and dedication in this Assembly, was essential for its success. Likewise, my greetings and gratitude to <a href=\"https:\/\/www.omaec.org\/en\/message-from-the-president-of-omaec\/\" rel=\"nofollow\">(more&#8230;)<\/a><\/p>\n","protected":false},"author":1,"featured_media":4786,"comment_status":"closed","ping_status":"open","sticky":false,"template":"","format":"standard","meta":{"footnotes":""},"categories":[49],"tags":[],"class_list":["post-4793","post","type-post","status-publish","format-standard","has-post-thumbnail","hentry","category-messages"],"acf":[],"yoast_head":"<!-- This site is optimized with the Yoast SEO plugin v20.11 - https:\/\/yoast.com\/wordpress\/plugins\/seo\/ -->\n<title>MESSAGE FROM THE PRESIDENT OF OMAEC - Organizaci\u00f3n Mundial de Antiguos Alumnos de la Educaci\u00f3n Cat\u00f3lica<\/title>\n<meta name=\"robots\" content=\"index, follow, max-snippet:-1, max-image-preview:large, max-video-preview:-1\" \/>\n<link rel=\"canonical\" href=\"https:\/\/www.omaec.org\/mensaje-del-presidente\/\" \/>\n<meta property=\"og:locale\" content=\"en_US\" \/>\n<meta property=\"og:type\" content=\"article\" \/>\n<meta property=\"og:title\" content=\"MESSAGE FROM THE PRESIDENT OF OMAEC - Organizaci\u00f3n Mundial de Antiguos Alumnos de la Educaci\u00f3n Cat\u00f3lica\" \/>\n<meta property=\"og:description\" content=\"MESSAGE FROM THE PRESIDENT OF OMAEC, ALFONSO GIRALDO SAAVEDRA My first message of recognition and gratitude, as new president of OMAEC, is addressed to each and every one of you and to the different organizations you represent, your participation and dedication in this Assembly, was essential for its success. Likewise, my greetings and gratitude to (more...)\" \/>\n<meta property=\"og:url\" content=\"https:\/\/www.omaec.org\/mensaje-del-presidente\/\" \/>\n<meta property=\"og:site_name\" content=\"Organizaci\u00f3n Mundial de Antiguos Alumnos de la Educaci\u00f3n Cat\u00f3lica\" \/>\n<meta property=\"article:published_time\" content=\"2020-12-03T09:37:43+00:00\" \/>\n<meta property=\"og:image\" content=\"https:\/\/www.omaec.org\/wp-content\/uploads\/2020\/12\/Derecho-Internacional.jpg\" \/>\n\t<meta property=\"og:image:width\" content=\"737\" \/>\n\t<meta property=\"og:image:height\" content=\"365\" \/>\n\t<meta property=\"og:image:type\" content=\"image\/jpeg\" \/>\n<meta name=\"author\" content=\"Secretario General\" \/>\n<meta name=\"twitter:card\" content=\"summary_large_image\" \/>\n<meta name=\"twitter:label1\" content=\"Written by\" \/>\n\t<meta name=\"twitter:data1\" content=\"Secretario General\" \/>\n\t<meta name=\"twitter:label2\" content=\"Est. reading time\" \/>\n\t<meta name=\"twitter:data2\" content=\"2 minutes\" \/>\n<script type=\"application\/ld+json\" class=\"yoast-schema-graph\">{\"@context\":\"https:\/\/schema.org\",\"@graph\":[{\"@type\":\"Article\",\"@id\":\"https:\/\/www.omaec.org\/mensaje-del-presidente\/#article\",\"isPartOf\":{\"@id\":\"https:\/\/www.omaec.org\/mensaje-del-presidente\/\"},\"author\":{\"name\":\"Secretario General\",\"@id\":\"https:\/\/www.omaec.org\/#\/schema\/person\/b6995e5c4038e3cf602f2bb958068c35\"},\"headline\":\"MESSAGE FROM THE PRESIDENT OF OMAEC\",\"datePublished\":\"2020-12-03T09:37:43+00:00\",\"dateModified\":\"2020-12-03T09:37:43+00:00\",\"mainEntityOfPage\":{\"@id\":\"https:\/\/www.omaec.org\/mensaje-del-presidente\/\"},\"wordCount\":365,\"publisher\":{\"@id\":\"https:\/\/www.omaec.org\/#organization\"},\"articleSection\":[\"Messages\"],\"inLanguage\":\"en-US\"},{\"@type\":\"WebPage\",\"@id\":\"https:\/\/www.omaec.org\/mensaje-del-presidente\/\",\"url\":\"https:\/\/www.omaec.org\/mensaje-del-presidente\/\",\"name\":\"MESSAGE FROM THE PRESIDENT OF OMAEC - Organizaci\u00f3n Mundial de Antiguos Alumnos de la Educaci\u00f3n Cat\u00f3lica\",\"isPartOf\":{\"@id\":\"https:\/\/www.omaec.org\/#website\"},\"datePublished\":\"2020-12-03T09:37:43+00:00\",\"dateModified\":\"2020-12-03T09:37:43+00:00\",\"breadcrumb\":{\"@id\":\"https:\/\/www.omaec.org\/mensaje-del-presidente\/#breadcrumb\"},\"inLanguage\":\"en-US\",\"potentialAction\":[{\"@type\":\"ReadAction\",\"target\":[\"https:\/\/www.omaec.org\/mensaje-del-presidente\/\"]}]},{\"@type\":\"BreadcrumbList\",\"@id\":\"https:\/\/www.omaec.org\/mensaje-del-presidente\/#breadcrumb\",\"itemListElement\":[{\"@type\":\"ListItem\",\"position\":1,\"name\":\"Portada\",\"item\":\"https:\/\/www.omaec.org\/en\/\"},{\"@type\":\"ListItem\",\"position\":2,\"name\":\"MESSAGE FROM THE PRESIDENT OF OMAEC\"}]},{\"@type\":\"WebSite\",\"@id\":\"https:\/\/www.omaec.org\/#website\",\"url\":\"https:\/\/www.omaec.org\/\",\"name\":\"Organizaci\u00f3n Mundial de Antiguos Alumnos de la Educaci\u00f3n Cat\u00f3lica\",\"description\":\"OMAEC\",\"publisher\":{\"@id\":\"https:\/\/www.omaec.org\/#organization\"},\"potentialAction\":[{\"@type\":\"SearchAction\",\"target\":{\"@type\":\"EntryPoint\",\"urlTemplate\":\"https:\/\/www.omaec.org\/?s={search_term_string}\"},\"query-input\":\"required name=search_term_string\"}],\"inLanguage\":\"en-US\"},{\"@type\":\"Organization\",\"@id\":\"https:\/\/www.omaec.org\/#organization\",\"name\":\"Organizaci\u00f3n Mundial de Antiguos Alumnos de la Educaci\u00f3n Cat\u00f3lica\",\"url\":\"https:\/\/www.omaec.org\/\",\"logo\":{\"@type\":\"ImageObject\",\"inLanguage\":\"en-US\",\"@id\":\"https:\/\/www.omaec.org\/#\/schema\/logo\/image\/\",\"url\":\"https:\/\/www.omaec.org\/wp-content\/uploads\/2021\/06\/OMAEC-LOGO-OFICIAL.jpg\",\"contentUrl\":\"https:\/\/www.omaec.org\/wp-content\/uploads\/2021\/06\/OMAEC-LOGO-OFICIAL.jpg\",\"width\":525,\"height\":452,\"caption\":\"Organizaci\u00f3n Mundial de Antiguos  Alumnos de la Educaci\u00f3n Cat\u00f3lica\"},\"image\":{\"@id\":\"https:\/\/www.omaec.org\/#\/schema\/logo\/image\/\"}},{\"@type\":\"Person\",\"@id\":\"https:\/\/www.omaec.org\/#\/schema\/person\/b6995e5c4038e3cf602f2bb958068c35\",\"name\":\"Secretario General\",\"image\":{\"@type\":\"ImageObject\",\"inLanguage\":\"en-US\",\"@id\":\"https:\/\/www.omaec.org\/#\/schema\/person\/image\/\",\"url\":\"https:\/\/www.omaec.org\/wp-content\/uploads\/2025\/03\/FOTO-GUILLERMO-GUTIERREZ-PIRAQUIVE-OMAEC-96x96.jpg\",\"contentUrl\":\"https:\/\/www.omaec.org\/wp-content\/uploads\/2025\/03\/FOTO-GUILLERMO-GUTIERREZ-PIRAQUIVE-OMAEC-96x96.jpg\",\"caption\":\"Secretario General\"},\"description\":\"EXPERIENCIA LABORAL: SERVICIO NACIONAL DE APRENDIZAJE-SENA Regional Bogot\u00e1. Centro de Gesti\u00f3n de Mercados, Log\u00edstica y Tecnolog\u00edas de la Informaci\u00f3n. \u00b7Instructor de Mercadeo. SERVICIO NACIONAL DE APRENDIZAJE-SENA Regional Bogot\u00e1. Centro de Gesti\u00f3n Administrativa. \u00b7Instructor de Ventas. ARTESAN\u00cdAS DE COLOMBIA. \u00b7Administrador Centro Artesanal La Chamba (Tolima). PROGRAMADORA TELECULTURALES. \u00b7Asistente de Direcci\u00f3n AGENCIAS DE PUBLICIDAD: REP Y MASTER \u00b7Jefe de Medios SANCHO PUBLICIDAD \u00b7Jefe de Tr\u00e1fico. LEO BURNETT \u00b7Asistente de Medios. EDUCACION: \u00b7FUNDACI\u00d3N UNIVERSITARIA SALESIANA Diplomado en Salesianidad. \u00b7POLIT\u00c9CNICO GRANCOLOMBIANO Especializaci\u00f3n en Gerencia de Mercadeo. \u00b7UNIVERSIDAD NACIONAL ABIERTA Y A DISTANCIA Administraci\u00f3n de Empresas. \u00b7SERVICIO NACIONAL DE APRENDIZAJE-SENA Mercadotecnia. \u00b7UNIVERSIDAD CENTRAL Publicidad. \u00b7COLEGIO SALESIANO DE LE\u00d3N XIII Bachiller Acad\u00e9mico. EXPERIENCIA EXALUMNAL: ASOCIACI\u00d3N DE EXALUMNOS SDB-AEXSDBINSPECTOR\u00cdA SAN PEDRO CLAVER Presidente Sexenio 2021-2027. \u00b7ASOCIACI\u00d3N DE EXALUMNOS SDB-AEXSDBINSPECTOR\u00cdA SAN PEDRO CLAVER Vicepresidente Sexenio 2015-2021. \u00b7COLEGIO SALESIANO DE LE\u00d3N XIII. L\u00edder Promoci\u00f3n 1969. EXALUMNAL\",\"url\":\"https:\/\/www.omaec.org\/en\/author\/omaec-admin\/\"}]}<\/script>\n<!-- \/ Yoast SEO plugin. -->","yoast_head_json":{"title":"MESSAGE FROM THE PRESIDENT OF OMAEC - Organizaci\u00f3n Mundial de Antiguos Alumnos de la Educaci\u00f3n Cat\u00f3lica","robots":{"index":"index","follow":"follow","max-snippet":"max-snippet:-1","max-image-preview":"max-image-preview:large","max-video-preview":"max-video-preview:-1"},"canonical":"https:\/\/www.omaec.org\/mensaje-del-presidente\/","og_locale":"en_US","og_type":"article","og_title":"MESSAGE FROM THE PRESIDENT OF OMAEC - Organizaci\u00f3n Mundial de Antiguos Alumnos de la Educaci\u00f3n Cat\u00f3lica","og_description":"MESSAGE FROM THE PRESIDENT OF OMAEC, ALFONSO GIRALDO SAAVEDRA My first message of recognition and gratitude, as new president of OMAEC, is addressed to each and every one of you and to the different organizations you represent, your participation and dedication in this Assembly, was essential for its success. Likewise, my greetings and gratitude to (more...)","og_url":"https:\/\/www.omaec.org\/mensaje-del-presidente\/","og_site_name":"Organizaci\u00f3n Mundial de Antiguos Alumnos de la Educaci\u00f3n Cat\u00f3lica","article_published_time":"2020-12-03T09:37:43+00:00","og_image":[{"width":737,"height":365,"url":"https:\/\/www.omaec.org\/wp-content\/uploads\/2020\/12\/Derecho-Internacional.jpg","type":"image\/jpeg"}],"author":"Secretario General","twitter_card":"summary_large_image","twitter_misc":{"Written by":"Secretario General","Est. reading time":"2 minutes"},"schema":{"@context":"https:\/\/schema.org","@graph":[{"@type":"Article","@id":"https:\/\/www.omaec.org\/mensaje-del-presidente\/#article","isPartOf":{"@id":"https:\/\/www.omaec.org\/mensaje-del-presidente\/"},"author":{"name":"Secretario General","@id":"https:\/\/www.omaec.org\/#\/schema\/person\/b6995e5c4038e3cf602f2bb958068c35"},"headline":"MESSAGE FROM THE PRESIDENT OF OMAEC","datePublished":"2020-12-03T09:37:43+00:00","dateModified":"2020-12-03T09:37:43+00:00","mainEntityOfPage":{"@id":"https:\/\/www.omaec.org\/mensaje-del-presidente\/"},"wordCount":365,"publisher":{"@id":"https:\/\/www.omaec.org\/#organization"},"articleSection":["Messages"],"inLanguage":"en-US"},{"@type":"WebPage","@id":"https:\/\/www.omaec.org\/mensaje-del-presidente\/","url":"https:\/\/www.omaec.org\/mensaje-del-presidente\/","name":"MESSAGE FROM THE PRESIDENT OF OMAEC - Organizaci\u00f3n Mundial de Antiguos Alumnos de la Educaci\u00f3n Cat\u00f3lica","isPartOf":{"@id":"https:\/\/www.omaec.org\/#website"},"datePublished":"2020-12-03T09:37:43+00:00","dateModified":"2020-12-03T09:37:43+00:00","breadcrumb":{"@id":"https:\/\/www.omaec.org\/mensaje-del-presidente\/#breadcrumb"},"inLanguage":"en-US","potentialAction":[{"@type":"ReadAction","target":["https:\/\/www.omaec.org\/mensaje-del-presidente\/"]}]},{"@type":"BreadcrumbList","@id":"https:\/\/www.omaec.org\/mensaje-del-presidente\/#breadcrumb","itemListElement":[{"@type":"ListItem","position":1,"name":"Portada","item":"https:\/\/www.omaec.org\/en\/"},{"@type":"ListItem","position":2,"name":"MESSAGE FROM THE PRESIDENT OF OMAEC"}]},{"@type":"WebSite","@id":"https:\/\/www.omaec.org\/#website","url":"https:\/\/www.omaec.org\/","name":"Organizaci\u00f3n Mundial de Antiguos Alumnos de la Educaci\u00f3n Cat\u00f3lica","description":"OMAEC","publisher":{"@id":"https:\/\/www.omaec.org\/#organization"},"potentialAction":[{"@type":"SearchAction","target":{"@type":"EntryPoint","urlTemplate":"https:\/\/www.omaec.org\/?s={search_term_string}"},"query-input":"required name=search_term_string"}],"inLanguage":"en-US"},{"@type":"Organization","@id":"https:\/\/www.omaec.org\/#organization","name":"Organizaci\u00f3n Mundial de Antiguos Alumnos de la Educaci\u00f3n Cat\u00f3lica","url":"https:\/\/www.omaec.org\/","logo":{"@type":"ImageObject","inLanguage":"en-US","@id":"https:\/\/www.omaec.org\/#\/schema\/logo\/image\/","url":"https:\/\/www.omaec.org\/wp-content\/uploads\/2021\/06\/OMAEC-LOGO-OFICIAL.jpg","contentUrl":"https:\/\/www.omaec.org\/wp-content\/uploads\/2021\/06\/OMAEC-LOGO-OFICIAL.jpg","width":525,"height":452,"caption":"Organizaci\u00f3n Mundial de Antiguos  Alumnos de la Educaci\u00f3n Cat\u00f3lica"},"image":{"@id":"https:\/\/www.omaec.org\/#\/schema\/logo\/image\/"}},{"@type":"Person","@id":"https:\/\/www.omaec.org\/#\/schema\/person\/b6995e5c4038e3cf602f2bb958068c35","name":"Secretario General","image":{"@type":"ImageObject","inLanguage":"en-US","@id":"https:\/\/www.omaec.org\/#\/schema\/person\/image\/","url":"https:\/\/www.omaec.org\/wp-content\/uploads\/2025\/03\/FOTO-GUILLERMO-GUTIERREZ-PIRAQUIVE-OMAEC-96x96.jpg","contentUrl":"https:\/\/www.omaec.org\/wp-content\/uploads\/2025\/03\/FOTO-GUILLERMO-GUTIERREZ-PIRAQUIVE-OMAEC-96x96.jpg","caption":"Secretario General"},"description":"EXPERIENCIA LABORAL: SERVICIO NACIONAL DE APRENDIZAJE-SENA Regional Bogot\u00e1. Centro de Gesti\u00f3n de Mercados, Log\u00edstica y Tecnolog\u00edas de la Informaci\u00f3n. \u00b7Instructor de Mercadeo. SERVICIO NACIONAL DE APRENDIZAJE-SENA Regional Bogot\u00e1. Centro de Gesti\u00f3n Administrativa. \u00b7Instructor de Ventas. ARTESAN\u00cdAS DE COLOMBIA. \u00b7Administrador Centro Artesanal La Chamba (Tolima). PROGRAMADORA TELECULTURALES. \u00b7Asistente de Direcci\u00f3n AGENCIAS DE PUBLICIDAD: REP Y MASTER \u00b7Jefe de Medios SANCHO PUBLICIDAD \u00b7Jefe de Tr\u00e1fico. LEO BURNETT \u00b7Asistente de Medios. EDUCACION: \u00b7FUNDACI\u00d3N UNIVERSITARIA SALESIANA Diplomado en Salesianidad. \u00b7POLIT\u00c9CNICO GRANCOLOMBIANO Especializaci\u00f3n en Gerencia de Mercadeo. \u00b7UNIVERSIDAD NACIONAL ABIERTA Y A DISTANCIA Administraci\u00f3n de Empresas. \u00b7SERVICIO NACIONAL DE APRENDIZAJE-SENA Mercadotecnia. \u00b7UNIVERSIDAD CENTRAL Publicidad. \u00b7COLEGIO SALESIANO DE LE\u00d3N XIII Bachiller Acad\u00e9mico. EXPERIENCIA EXALUMNAL: ASOCIACI\u00d3N DE EXALUMNOS SDB-AEXSDBINSPECTOR\u00cdA SAN PEDRO CLAVER Presidente Sexenio 2021-2027. \u00b7ASOCIACI\u00d3N DE EXALUMNOS SDB-AEXSDBINSPECTOR\u00cdA SAN PEDRO CLAVER Vicepresidente Sexenio 2015-2021. \u00b7COLEGIO SALESIANO DE LE\u00d3N XIII. L\u00edder Promoci\u00f3n 1969. EXALUMNAL","url":"https:\/\/www.omaec.org\/en\/author\/omaec-admin\/"}]}},"_links":{"self":[{"href":"https:\/\/www.omaec.org\/en\/wp-json\/wp\/v2\/posts\/4793","targetHints":{"allow":["GET"]}}],"collection":[{"href":"https:\/\/www.omaec.org\/en\/wp-json\/wp\/v2\/posts"}],"about":[{"href":"https:\/\/www.omaec.org\/en\/wp-json\/wp\/v2\/types\/post"}],"author":[{"embeddable":true,"href":"https:\/\/www.omaec.org\/en\/wp-json\/wp\/v2\/users\/1"}],"replies":[{"embeddable":true,"href":"https:\/\/www.omaec.org\/en\/wp-json\/wp\/v2\/comments?post=4793"}],"version-history":[{"count":1,"href":"https:\/\/www.omaec.org\/en\/wp-json\/wp\/v2\/posts\/4793\/revisions"}],"predecessor-version":[{"id":4795,"href":"https:\/\/www.omaec.org\/en\/wp-json\/wp\/v2\/posts\/4793\/revisions\/4795"}],"wp:featuredmedia":[{"embeddable":true,"href":"https:\/\/www.omaec.org\/en\/wp-json\/wp\/v2\/media\/4786"}],"wp:attachment":[{"href":"https:\/\/www.omaec.org\/en\/wp-json\/wp\/v2\/media?parent=4793"}],"wp:term":[{"taxonomy":"category","embeddable":true,"href":"https:\/\/www.omaec.org\/en\/wp-json\/wp\/v2\/categories?post=4793"},{"taxonomy":"post_tag","embeddable":true,"href":"https:\/\/www.omaec.org\/en\/wp-json\/wp\/v2\/tags?post=4793"}],"curies":[{"name":"wp","href":"https:\/\/api.w.org\/{rel}","templated":true}]}}