{"id":4566,"date":"2020-07-22T12:11:24","date_gmt":"2020-07-22T11:11:24","guid":{"rendered":"http:\/\/omaec.org\/?p=4566"},"modified":"2020-07-23T15:10:55","modified_gmt":"2020-07-23T14:10:55","slug":"message-from-confaec-argentina","status":"publish","type":"post","link":"https:\/\/www.omaec.org\/en\/message-from-confaec-argentina\/","title":{"rendered":"message from CONFAEEC Argentina"},"content":{"rendered":"<p class=\"western\" align=\"justify\"><a href=\"http:\/\/omaec.org\/wp-content\/uploads\/2020\/07\/logo-aborto.jpg\" rel=\"attachment wp-att-4559\"><img loading=\"lazy\" decoding=\"async\" class=\"alignnone size-medium wp-image-4559\" src=\"http:\/\/omaec.org\/wp-content\/uploads\/2020\/07\/logo-aborto-300x67.jpg\" alt=\"logo aborto\" width=\"300\" height=\"67\" srcset=\"https:\/\/www.omaec.org\/wp-content\/uploads\/2020\/07\/logo-aborto-300x67.jpg 300w, https:\/\/www.omaec.org\/wp-content\/uploads\/2020\/07\/logo-aborto-600x134.jpg 600w, https:\/\/www.omaec.org\/wp-content\/uploads\/2020\/07\/logo-aborto-150x34.jpg 150w, https:\/\/www.omaec.org\/wp-content\/uploads\/2020\/07\/logo-aborto.jpg 680w\" sizes=\"auto, (max-width: 300px) 100vw, 300px\" \/><\/a><\/p>\n<p class=\"western\" align=\"justify\"><span style=\"font-size: medium;\"><span lang=\"en-US\">The board of directors of <strong>CONFAEEC &#8211; Argentinean Confederation of Former Students of Catholic Education<\/strong> &#8211; repudiate the attitude of the members of the Buenos Aires legislature, whom in the midst of the going trough pandemic in the country, and having issues of crucial importance, where many essential workers risk their lives to save others, we regret that they have devoted their time to approve the protocol of the ILE which contradicts the constitutional guarantees of the unborn human being.<\/span><\/span><\/p>\n<p align=\"justify\"><span style=\"font-family: serif;\"><span style=\"font-size: small;\"><span style=\"font-size: medium;\"><span lang=\"en-US\">We consider that project as immoral, illegitimate and unconstitutional that would put a veneer of law on thousands of murders.<\/span><\/span><\/span><\/span><\/p>\n<p align=\"justify\"><a name=\"_GoBack\"><\/a> <span style=\"font-family: serif;\"><span style=\"font-size: small;\"><span style=\"font-size: medium;\"><span lang=\"en-US\">Those who fought to get that protocol sanctioned never thought, if their mothers had aborted them, they wouldn&#8217;t be sitting in those chairs that were given to them by the people.<\/span><\/span><\/span><\/span><\/p>\n<p align=\"justify\"><span style=\"font-family: serif;\"><span style=\"font-size: small;\"><span style=\"font-size: medium;\"><span lang=\"en-US\">We accompany with our prayers those legislators who had the courage to vote against and those who abstained from participating in such a protocol.<\/span><\/span><\/span><\/span><\/p>\n<p align=\"justify\"><span style=\"font-family: serif;\"><span style=\"font-size: small;\"><span style=\"font-size: medium;\"><span lang=\"en-US\"> May God and country demand, it!<\/span><\/span><\/span><\/span><\/p>\n<p align=\"justify\"><span style=\"font-family: serif;\"><span style=\"font-size: small;\"><span style=\"font-size: medium;\"><span lang=\"en-US\">We ask Jesus Christ, the source of all reason and justice, to enlighten their minds and inflame their hearts with a true love of life.<\/span><\/span><\/span><\/span><\/p>\n<p align=\"justify\"><span style=\"font-family: serif;\"><span style=\"font-size: small;\"><span style=\"font-size: medium;\">\u00a0Mar\u00eda Teresa Acro\u00a0 \u00a0 \u00a0 \u00a0 \u00a0 \u00a0 \u00a0 \u00a0 \u00a0 \u00a0 \u00a0 \u00a0 \u00a0 \u00a0 \u00a0 \u00a0 \u00a0 \u00a0 \u00a0 \u00a0 \u00a0 \u00a0 \u00a0 \u00a0 \u00a0 \u00a0 \u00a0 \u00a0 \u00a0 \u00a0 \u00a0 \u00a0Mar\u00eda Mercedes Tombacco<\/span><\/span><\/span><\/p>\n<p align=\"justify\"><span style=\"font-family: serif;\"><span style=\"font-size: small;\"><span style=\"font-size: medium;\">\u00a0President\u00a0 \u00a0 \u00a0 \u00a0 \u00a0 \u00a0 \u00a0 \u00a0 \u00a0 \u00a0 \u00a0 \u00a0 \u00a0 \u00a0 \u00a0 \u00a0 \u00a0 \u00a0 \u00a0 \u00a0 \u00a0 \u00a0 \u00a0 \u00a0 \u00a0 \u00a0 \u00a0 \u00a0 \u00a0 \u00a0 \u00a0 \u00a0 \u00a0 \u00a0 \u00a0 \u00a0 \u00a0 \u00a0 \u00a0 \u00a0General Secretary<\/span><\/span><\/span><\/p>\n<p align=\"justify\"><span style=\"font-family: serif;\"><span style=\"font-size: small;\"><span style=\"font-size: medium;\">(Mercedar\u00edan Sisters Alumnae)\u00a0 \u00a0 \u00a0 \u00a0 \u00a0 \u00a0 \u00a0 \u00a0 \u00a0 \u00a0 \u00a0 \u00a0 \u00a0 \u00a0 \u00a0 \u00a0 (Argentinean Ezclavian Sisters Alumnae)<\/span><\/span><\/span><\/p>\n<p align=\"justify\"><span style=\"font-family: serif;\"><span style=\"font-size: small;\"><span style=\"font-size: medium;\">Management Commission:<\/span><\/span><\/span><\/p>\n<p align=\"justify\"><span style=\"font-family: serif;\"><span style=\"font-size: small;\"><span style=\"font-size: medium;\"><span lang=\"en-US\">Al\u00fa, Eduardo (Marist Brothers Alumni)<\/span><\/span><\/span><\/span><\/p>\n<p align=\"justify\"><span style=\"font-family: serif;\"><span style=\"font-size: small;\"><span style=\"font-size: medium;\"><span lang=\"en-US\">Vivares, Stella Maris (Mary Help of Christians Alumnae)<\/span><\/span><\/span><\/span><\/p>\n<p align=\"justify\"><span style=\"font-family: serif;\"><span style=\"font-size: small;\"><span style=\"font-size: medium;\"><span lang=\"en-US\">Garc\u00eda Richard, Evangelina (Sisters of Our Lady of Calvary Alumnae)<\/span><\/span><\/span><\/span><\/p>\n<p align=\"justify\"><span style=\"font-family: serif;\"><span style=\"font-size: small;\"><span style=\"font-size: medium;\"><span lang=\"en-US\">Marinoni, Hugo (Salesian Fathers Alumni)<\/span><\/span><\/span><\/span><\/p>\n<p align=\"justify\"><span style=\"font-family: serif;\"><span style=\"font-size: small;\"><span style=\"font-size: medium;\">Reginatto, Susana (Mercedarian Sisters Alumnae)<\/span><\/span><\/span><\/p>\n<p align=\"justify\"><span style=\"font-family: serif;\"><span style=\"font-size: small;\"><span style=\"font-size: medium;\">Mariani, N\u00e9lida (Mercedarian Sisters Alumnae)<\/span><\/span><\/span><\/p>\n<p align=\"justify\"><span style=\"font-family: serif;\"><span style=\"font-size: small;\"><span style=\"font-size: medium;\">Durini, Santiago ( Lourdes Alumni)<\/span><\/span><\/span><\/p>\n","protected":false},"excerpt":{"rendered":"<p>The board of directors of CONFAEEC &#8211; Argentinean Confederation of Former Students of Catholic Education &#8211; repudiate the attitude of the members of the Buenos Aires legislature, whom in the midst of the going trough pandemic in the country, and having issues of crucial importance, where many essential workers risk their lives to save others, <a href=\"https:\/\/www.omaec.org\/en\/message-from-confaec-argentina\/\" rel=\"nofollow\">(more&#8230;)<\/a><\/p>\n","protected":false},"author":1,"featured_media":4561,"comment_status":"closed","ping_status":"open","sticky":false,"template":"","format":"standard","meta":{"footnotes":""},"categories":[49],"tags":[],"class_list":["post-4566","post","type-post","status-publish","format-standard","has-post-thumbnail","hentry","category-messages"],"acf":[],"yoast_head":"<!-- This site is optimized with the Yoast SEO plugin v20.11 - https:\/\/yoast.com\/wordpress\/plugins\/seo\/ -->\n<title>message from CONFAEEC Argentina - Organizaci\u00f3n Mundial de Antiguos Alumnos de la Educaci\u00f3n Cat\u00f3lica<\/title>\n<meta name=\"robots\" content=\"index, follow, max-snippet:-1, max-image-preview:large, max-video-preview:-1\" \/>\n<link rel=\"canonical\" href=\"https:\/\/www.omaec.org\/mensaje-cofaec-argentina\/\" \/>\n<meta property=\"og:locale\" content=\"en_US\" \/>\n<meta property=\"og:type\" content=\"article\" \/>\n<meta property=\"og:title\" content=\"message from CONFAEEC Argentina - Organizaci\u00f3n Mundial de Antiguos Alumnos de la Educaci\u00f3n Cat\u00f3lica\" \/>\n<meta property=\"og:description\" content=\"The board of directors of CONFAEEC &#8211; Argentinean Confederation of Former Students of Catholic Education &#8211; repudiate the attitude of the members of the Buenos Aires legislature, whom in the midst of the going trough pandemic in the country, and having issues of crucial importance, where many essential workers risk their lives to save others, (more...)\" \/>\n<meta property=\"og:url\" content=\"https:\/\/www.omaec.org\/mensaje-cofaec-argentina\/\" \/>\n<meta property=\"og:site_name\" content=\"Organizaci\u00f3n Mundial de Antiguos Alumnos de la Educaci\u00f3n Cat\u00f3lica\" \/>\n<meta property=\"article:published_time\" content=\"2020-07-22T11:11:24+00:00\" \/>\n<meta property=\"article:modified_time\" content=\"2020-07-23T14:10:55+00:00\" \/>\n<meta property=\"og:image\" content=\"https:\/\/www.omaec.org\/wp-content\/uploads\/2020\/07\/938017_don-vida.jpg\" \/>\n\t<meta property=\"og:image:width\" content=\"200\" \/>\n\t<meta property=\"og:image:height\" content=\"200\" \/>\n\t<meta property=\"og:image:type\" content=\"image\/jpeg\" \/>\n<meta name=\"author\" content=\"Secretario General\" \/>\n<meta name=\"twitter:card\" content=\"summary_large_image\" \/>\n<meta name=\"twitter:label1\" content=\"Written by\" \/>\n\t<meta name=\"twitter:data1\" content=\"Secretario General\" \/>\n\t<meta name=\"twitter:label2\" content=\"Est. reading time\" \/>\n\t<meta name=\"twitter:data2\" content=\"1 minute\" \/>\n<script type=\"application\/ld+json\" class=\"yoast-schema-graph\">{\"@context\":\"https:\/\/schema.org\",\"@graph\":[{\"@type\":\"Article\",\"@id\":\"https:\/\/www.omaec.org\/mensaje-cofaec-argentina\/#article\",\"isPartOf\":{\"@id\":\"https:\/\/www.omaec.org\/mensaje-cofaec-argentina\/\"},\"author\":{\"name\":\"Secretario General\",\"@id\":\"https:\/\/www.omaec.org\/#\/schema\/person\/b6995e5c4038e3cf602f2bb958068c35\"},\"headline\":\"message from CONFAEEC Argentina\",\"datePublished\":\"2020-07-22T11:11:24+00:00\",\"dateModified\":\"2020-07-23T14:10:55+00:00\",\"mainEntityOfPage\":{\"@id\":\"https:\/\/www.omaec.org\/mensaje-cofaec-argentina\/\"},\"wordCount\":256,\"publisher\":{\"@id\":\"https:\/\/www.omaec.org\/#organization\"},\"articleSection\":[\"Messages\"],\"inLanguage\":\"en-US\"},{\"@type\":\"WebPage\",\"@id\":\"https:\/\/www.omaec.org\/mensaje-cofaec-argentina\/\",\"url\":\"https:\/\/www.omaec.org\/mensaje-cofaec-argentina\/\",\"name\":\"message from CONFAEEC Argentina - Organizaci\u00f3n Mundial de Antiguos Alumnos de la Educaci\u00f3n Cat\u00f3lica\",\"isPartOf\":{\"@id\":\"https:\/\/www.omaec.org\/#website\"},\"datePublished\":\"2020-07-22T11:11:24+00:00\",\"dateModified\":\"2020-07-23T14:10:55+00:00\",\"breadcrumb\":{\"@id\":\"https:\/\/www.omaec.org\/mensaje-cofaec-argentina\/#breadcrumb\"},\"inLanguage\":\"en-US\",\"potentialAction\":[{\"@type\":\"ReadAction\",\"target\":[\"https:\/\/www.omaec.org\/mensaje-cofaec-argentina\/\"]}]},{\"@type\":\"BreadcrumbList\",\"@id\":\"https:\/\/www.omaec.org\/mensaje-cofaec-argentina\/#breadcrumb\",\"itemListElement\":[{\"@type\":\"ListItem\",\"position\":1,\"name\":\"Portada\",\"item\":\"https:\/\/www.omaec.org\/en\/\"},{\"@type\":\"ListItem\",\"position\":2,\"name\":\"message from CONFAEEC Argentina\"}]},{\"@type\":\"WebSite\",\"@id\":\"https:\/\/www.omaec.org\/#website\",\"url\":\"https:\/\/www.omaec.org\/\",\"name\":\"Organizaci\u00f3n Mundial de Antiguos Alumnos de la Educaci\u00f3n Cat\u00f3lica\",\"description\":\"OMAEC\",\"publisher\":{\"@id\":\"https:\/\/www.omaec.org\/#organization\"},\"potentialAction\":[{\"@type\":\"SearchAction\",\"target\":{\"@type\":\"EntryPoint\",\"urlTemplate\":\"https:\/\/www.omaec.org\/?s={search_term_string}\"},\"query-input\":\"required name=search_term_string\"}],\"inLanguage\":\"en-US\"},{\"@type\":\"Organization\",\"@id\":\"https:\/\/www.omaec.org\/#organization\",\"name\":\"Organizaci\u00f3n Mundial de Antiguos Alumnos de la Educaci\u00f3n Cat\u00f3lica\",\"url\":\"https:\/\/www.omaec.org\/\",\"logo\":{\"@type\":\"ImageObject\",\"inLanguage\":\"en-US\",\"@id\":\"https:\/\/www.omaec.org\/#\/schema\/logo\/image\/\",\"url\":\"https:\/\/www.omaec.org\/wp-content\/uploads\/2021\/06\/OMAEC-LOGO-OFICIAL.jpg\",\"contentUrl\":\"https:\/\/www.omaec.org\/wp-content\/uploads\/2021\/06\/OMAEC-LOGO-OFICIAL.jpg\",\"width\":525,\"height\":452,\"caption\":\"Organizaci\u00f3n Mundial de Antiguos  Alumnos de la Educaci\u00f3n Cat\u00f3lica\"},\"image\":{\"@id\":\"https:\/\/www.omaec.org\/#\/schema\/logo\/image\/\"}},{\"@type\":\"Person\",\"@id\":\"https:\/\/www.omaec.org\/#\/schema\/person\/b6995e5c4038e3cf602f2bb958068c35\",\"name\":\"Secretario General\",\"image\":{\"@type\":\"ImageObject\",\"inLanguage\":\"en-US\",\"@id\":\"https:\/\/www.omaec.org\/#\/schema\/person\/image\/\",\"url\":\"https:\/\/www.omaec.org\/wp-content\/uploads\/2025\/03\/FOTO-GUILLERMO-GUTIERREZ-PIRAQUIVE-OMAEC-96x96.jpg\",\"contentUrl\":\"https:\/\/www.omaec.org\/wp-content\/uploads\/2025\/03\/FOTO-GUILLERMO-GUTIERREZ-PIRAQUIVE-OMAEC-96x96.jpg\",\"caption\":\"Secretario General\"},\"description\":\"EXPERIENCIA LABORAL: SERVICIO NACIONAL DE APRENDIZAJE-SENA Regional Bogot\u00e1. Centro de Gesti\u00f3n de Mercados, Log\u00edstica y Tecnolog\u00edas de la Informaci\u00f3n. \u00b7Instructor de Mercadeo. SERVICIO NACIONAL DE APRENDIZAJE-SENA Regional Bogot\u00e1. Centro de Gesti\u00f3n Administrativa. \u00b7Instructor de Ventas. ARTESAN\u00cdAS DE COLOMBIA. \u00b7Administrador Centro Artesanal La Chamba (Tolima). PROGRAMADORA TELECULTURALES. \u00b7Asistente de Direcci\u00f3n AGENCIAS DE PUBLICIDAD: REP Y MASTER \u00b7Jefe de Medios SANCHO PUBLICIDAD \u00b7Jefe de Tr\u00e1fico. LEO BURNETT \u00b7Asistente de Medios. EDUCACION: \u00b7FUNDACI\u00d3N UNIVERSITARIA SALESIANA Diplomado en Salesianidad. \u00b7POLIT\u00c9CNICO GRANCOLOMBIANO Especializaci\u00f3n en Gerencia de Mercadeo. \u00b7UNIVERSIDAD NACIONAL ABIERTA Y A DISTANCIA Administraci\u00f3n de Empresas. \u00b7SERVICIO NACIONAL DE APRENDIZAJE-SENA Mercadotecnia. \u00b7UNIVERSIDAD CENTRAL Publicidad. \u00b7COLEGIO SALESIANO DE LE\u00d3N XIII Bachiller Acad\u00e9mico. EXPERIENCIA EXALUMNAL: ASOCIACI\u00d3N DE EXALUMNOS SDB-AEXSDBINSPECTOR\u00cdA SAN PEDRO CLAVER Presidente Sexenio 2021-2027. \u00b7ASOCIACI\u00d3N DE EXALUMNOS SDB-AEXSDBINSPECTOR\u00cdA SAN PEDRO CLAVER Vicepresidente Sexenio 2015-2021. \u00b7COLEGIO SALESIANO DE LE\u00d3N XIII. L\u00edder Promoci\u00f3n 1969. EXALUMNAL\",\"url\":\"https:\/\/www.omaec.org\/en\/author\/omaec-admin\/\"}]}<\/script>\n<!-- \/ Yoast SEO plugin. -->","yoast_head_json":{"title":"message from CONFAEEC Argentina - Organizaci\u00f3n Mundial de Antiguos Alumnos de la Educaci\u00f3n Cat\u00f3lica","robots":{"index":"index","follow":"follow","max-snippet":"max-snippet:-1","max-image-preview":"max-image-preview:large","max-video-preview":"max-video-preview:-1"},"canonical":"https:\/\/www.omaec.org\/mensaje-cofaec-argentina\/","og_locale":"en_US","og_type":"article","og_title":"message from CONFAEEC Argentina - Organizaci\u00f3n Mundial de Antiguos Alumnos de la Educaci\u00f3n Cat\u00f3lica","og_description":"The board of directors of CONFAEEC &#8211; Argentinean Confederation of Former Students of Catholic Education &#8211; repudiate the attitude of the members of the Buenos Aires legislature, whom in the midst of the going trough pandemic in the country, and having issues of crucial importance, where many essential workers risk their lives to save others, (more...)","og_url":"https:\/\/www.omaec.org\/mensaje-cofaec-argentina\/","og_site_name":"Organizaci\u00f3n Mundial de Antiguos Alumnos de la Educaci\u00f3n Cat\u00f3lica","article_published_time":"2020-07-22T11:11:24+00:00","article_modified_time":"2020-07-23T14:10:55+00:00","og_image":[{"width":200,"height":200,"url":"https:\/\/www.omaec.org\/wp-content\/uploads\/2020\/07\/938017_don-vida.jpg","type":"image\/jpeg"}],"author":"Secretario General","twitter_card":"summary_large_image","twitter_misc":{"Written by":"Secretario General","Est. reading time":"1 minute"},"schema":{"@context":"https:\/\/schema.org","@graph":[{"@type":"Article","@id":"https:\/\/www.omaec.org\/mensaje-cofaec-argentina\/#article","isPartOf":{"@id":"https:\/\/www.omaec.org\/mensaje-cofaec-argentina\/"},"author":{"name":"Secretario General","@id":"https:\/\/www.omaec.org\/#\/schema\/person\/b6995e5c4038e3cf602f2bb958068c35"},"headline":"message from CONFAEEC Argentina","datePublished":"2020-07-22T11:11:24+00:00","dateModified":"2020-07-23T14:10:55+00:00","mainEntityOfPage":{"@id":"https:\/\/www.omaec.org\/mensaje-cofaec-argentina\/"},"wordCount":256,"publisher":{"@id":"https:\/\/www.omaec.org\/#organization"},"articleSection":["Messages"],"inLanguage":"en-US"},{"@type":"WebPage","@id":"https:\/\/www.omaec.org\/mensaje-cofaec-argentina\/","url":"https:\/\/www.omaec.org\/mensaje-cofaec-argentina\/","name":"message from CONFAEEC Argentina - Organizaci\u00f3n Mundial de Antiguos Alumnos de la Educaci\u00f3n Cat\u00f3lica","isPartOf":{"@id":"https:\/\/www.omaec.org\/#website"},"datePublished":"2020-07-22T11:11:24+00:00","dateModified":"2020-07-23T14:10:55+00:00","breadcrumb":{"@id":"https:\/\/www.omaec.org\/mensaje-cofaec-argentina\/#breadcrumb"},"inLanguage":"en-US","potentialAction":[{"@type":"ReadAction","target":["https:\/\/www.omaec.org\/mensaje-cofaec-argentina\/"]}]},{"@type":"BreadcrumbList","@id":"https:\/\/www.omaec.org\/mensaje-cofaec-argentina\/#breadcrumb","itemListElement":[{"@type":"ListItem","position":1,"name":"Portada","item":"https:\/\/www.omaec.org\/en\/"},{"@type":"ListItem","position":2,"name":"message from CONFAEEC Argentina"}]},{"@type":"WebSite","@id":"https:\/\/www.omaec.org\/#website","url":"https:\/\/www.omaec.org\/","name":"Organizaci\u00f3n Mundial de Antiguos Alumnos de la Educaci\u00f3n Cat\u00f3lica","description":"OMAEC","publisher":{"@id":"https:\/\/www.omaec.org\/#organization"},"potentialAction":[{"@type":"SearchAction","target":{"@type":"EntryPoint","urlTemplate":"https:\/\/www.omaec.org\/?s={search_term_string}"},"query-input":"required name=search_term_string"}],"inLanguage":"en-US"},{"@type":"Organization","@id":"https:\/\/www.omaec.org\/#organization","name":"Organizaci\u00f3n Mundial de Antiguos Alumnos de la Educaci\u00f3n Cat\u00f3lica","url":"https:\/\/www.omaec.org\/","logo":{"@type":"ImageObject","inLanguage":"en-US","@id":"https:\/\/www.omaec.org\/#\/schema\/logo\/image\/","url":"https:\/\/www.omaec.org\/wp-content\/uploads\/2021\/06\/OMAEC-LOGO-OFICIAL.jpg","contentUrl":"https:\/\/www.omaec.org\/wp-content\/uploads\/2021\/06\/OMAEC-LOGO-OFICIAL.jpg","width":525,"height":452,"caption":"Organizaci\u00f3n Mundial de Antiguos  Alumnos de la Educaci\u00f3n Cat\u00f3lica"},"image":{"@id":"https:\/\/www.omaec.org\/#\/schema\/logo\/image\/"}},{"@type":"Person","@id":"https:\/\/www.omaec.org\/#\/schema\/person\/b6995e5c4038e3cf602f2bb958068c35","name":"Secretario General","image":{"@type":"ImageObject","inLanguage":"en-US","@id":"https:\/\/www.omaec.org\/#\/schema\/person\/image\/","url":"https:\/\/www.omaec.org\/wp-content\/uploads\/2025\/03\/FOTO-GUILLERMO-GUTIERREZ-PIRAQUIVE-OMAEC-96x96.jpg","contentUrl":"https:\/\/www.omaec.org\/wp-content\/uploads\/2025\/03\/FOTO-GUILLERMO-GUTIERREZ-PIRAQUIVE-OMAEC-96x96.jpg","caption":"Secretario General"},"description":"EXPERIENCIA LABORAL: SERVICIO NACIONAL DE APRENDIZAJE-SENA Regional Bogot\u00e1. Centro de Gesti\u00f3n de Mercados, Log\u00edstica y Tecnolog\u00edas de la Informaci\u00f3n. \u00b7Instructor de Mercadeo. SERVICIO NACIONAL DE APRENDIZAJE-SENA Regional Bogot\u00e1. Centro de Gesti\u00f3n Administrativa. \u00b7Instructor de Ventas. ARTESAN\u00cdAS DE COLOMBIA. \u00b7Administrador Centro Artesanal La Chamba (Tolima). PROGRAMADORA TELECULTURALES. \u00b7Asistente de Direcci\u00f3n AGENCIAS DE PUBLICIDAD: REP Y MASTER \u00b7Jefe de Medios SANCHO PUBLICIDAD \u00b7Jefe de Tr\u00e1fico. LEO BURNETT \u00b7Asistente de Medios. EDUCACION: \u00b7FUNDACI\u00d3N UNIVERSITARIA SALESIANA Diplomado en Salesianidad. \u00b7POLIT\u00c9CNICO GRANCOLOMBIANO Especializaci\u00f3n en Gerencia de Mercadeo. \u00b7UNIVERSIDAD NACIONAL ABIERTA Y A DISTANCIA Administraci\u00f3n de Empresas. \u00b7SERVICIO NACIONAL DE APRENDIZAJE-SENA Mercadotecnia. \u00b7UNIVERSIDAD CENTRAL Publicidad. \u00b7COLEGIO SALESIANO DE LE\u00d3N XIII Bachiller Acad\u00e9mico. EXPERIENCIA EXALUMNAL: ASOCIACI\u00d3N DE EXALUMNOS SDB-AEXSDBINSPECTOR\u00cdA SAN PEDRO CLAVER Presidente Sexenio 2021-2027. \u00b7ASOCIACI\u00d3N DE EXALUMNOS SDB-AEXSDBINSPECTOR\u00cdA SAN PEDRO CLAVER Vicepresidente Sexenio 2015-2021. \u00b7COLEGIO SALESIANO DE LE\u00d3N XIII. L\u00edder Promoci\u00f3n 1969. EXALUMNAL","url":"https:\/\/www.omaec.org\/en\/author\/omaec-admin\/"}]}},"_links":{"self":[{"href":"https:\/\/www.omaec.org\/en\/wp-json\/wp\/v2\/posts\/4566","targetHints":{"allow":["GET"]}}],"collection":[{"href":"https:\/\/www.omaec.org\/en\/wp-json\/wp\/v2\/posts"}],"about":[{"href":"https:\/\/www.omaec.org\/en\/wp-json\/wp\/v2\/types\/post"}],"author":[{"embeddable":true,"href":"https:\/\/www.omaec.org\/en\/wp-json\/wp\/v2\/users\/1"}],"replies":[{"embeddable":true,"href":"https:\/\/www.omaec.org\/en\/wp-json\/wp\/v2\/comments?post=4566"}],"version-history":[{"count":1,"href":"https:\/\/www.omaec.org\/en\/wp-json\/wp\/v2\/posts\/4566\/revisions"}],"predecessor-version":[{"id":4567,"href":"https:\/\/www.omaec.org\/en\/wp-json\/wp\/v2\/posts\/4566\/revisions\/4567"}],"wp:featuredmedia":[{"embeddable":true,"href":"https:\/\/www.omaec.org\/en\/wp-json\/wp\/v2\/media\/4561"}],"wp:attachment":[{"href":"https:\/\/www.omaec.org\/en\/wp-json\/wp\/v2\/media?parent=4566"}],"wp:term":[{"taxonomy":"category","embeddable":true,"href":"https:\/\/www.omaec.org\/en\/wp-json\/wp\/v2\/categories?post=4566"},{"taxonomy":"post_tag","embeddable":true,"href":"https:\/\/www.omaec.org\/en\/wp-json\/wp\/v2\/tags?post=4566"}],"curies":[{"name":"wp","href":"https:\/\/api.w.org\/{rel}","templated":true}]}}