{"id":443,"date":"2015-01-04T16:28:50","date_gmt":"2015-01-04T15:28:50","guid":{"rendered":"http:\/\/omaec.org\/2015\/01\/04\/la-confederacion-don-bosco-visita-los-campamentos-saharauis-2\/"},"modified":"2016-01-31T21:01:25","modified_gmt":"2016-01-31T20:01:25","slug":"la-confederacion-don-bosco-visita-los-campamentos-saharauis","status":"publish","type":"post","link":"https:\/\/www.omaec.org\/en\/la-confederacion-don-bosco-visita-los-campamentos-saharauis\/","title":{"rendered":"Don  Bosco Confederation visit Sahrawi camps"},"content":{"rendered":"<p>Tindouf, January 4.<\/p>\n<p>The Confederation Don Bosco, represented by its president Angel Gudi\u00f1a has been part of the young Delegation organized by the CJE and CEAS-Sahara (State Coordinator of Friends Associations of the Saharawi people) that took place from December 29 to 3 January in Auserd, coinciding with the VIII Congress of the UJSARIO (Council of Youth of the Saharawi people), which elected the new Secretary General.<\/p>\n<p>On December 29th we attended the inauguration of the VIII Congress in which a large number of authorities including the President of the Republic were present. Sahrawi Arab Democratic Republic (SADR) M. Abdelaziz and where the UJSARIO recognized work of some institutions, including the ECJ, with an honorary award. On December 30 foreign delegates participated in the Conference of Solidarity with the Saharawi people through workshops on the situation of the Saharawi people: violation of human rights in areas occupied by Morocco (explained by AFAPREDESA, Association of Relatives of Disappeared and Torture), the Wall of Shame (which divides the country from end to end) and the plundering of natural resources.<\/p>\n<p>On 31 attended a festive parade and evening listening to some of the candidates for Secretary General of the UJSARIO and we had a discussion with Mr. Khadad the Saharawi Representative to the MINURSO (UN Mission for the Referendum in Western Sahara, which curiously does not ensure compliance with human rights in the region, despite the constant violation thereof) where we could see first hand the difficulties of this UN mission aimed referendum determination (right of any decolonized territory) hampered by countries like France and Spain.<\/p>\n<p>After a very different year-end celebration, each with their host family Saharawi, Day 1 we drove up &amp; ldquo; &amp; rdquo liberated territory; Western Sahara to join the protests of &amp; ldquo; Cries Against the Wall &amp; rdquo; and know first hand that abomination, while holding a peaceful protest march against the minefield that guards the 2700 km of this wall, plus thousands of families separated, allowing the plundering of natural resources by Morocco.<\/p>\n<p>On January 2nd we walked part of the camps, knowing Rabuni where the seat of government of the Polisario Front is, and where we visited the Museum of the Resistance and the headquarters of AFAPREDESA, or Camp February 27, where we met with the Governor thereof talked about the experience in politics in a Sahrawi woman,<\/p>\n<p><a href=\"http:\/\/omaec.org\/wp-content\/uploads\/2015\/01\/02.jpg\" rel=\"attachment wp-att-319\"><img decoding=\"async\" class=\"alignnone size-thumbnail wp-image-319\" src=\"http:\/\/omaec.org\/wp-content\/uploads\/2015\/01\/02.jpg\" alt=\"02\" width=\"100%\" height=\"auto\" srcset=\"https:\/\/www.omaec.org\/wp-content\/uploads\/2015\/01\/02.jpg 1952w, https:\/\/www.omaec.org\/wp-content\/uploads\/2015\/01\/02-300x286.jpg 300w, https:\/\/www.omaec.org\/wp-content\/uploads\/2015\/01\/02-768x733.jpg 768w, https:\/\/www.omaec.org\/wp-content\/uploads\/2015\/01\/02-1024x978.jpg 1024w, https:\/\/www.omaec.org\/wp-content\/uploads\/2015\/01\/02-600x573.jpg 600w, https:\/\/www.omaec.org\/wp-content\/uploads\/2015\/01\/02-150x143.jpg 150w\" sizes=\"(max-width: 1952px) 100vw, 1952px\" \/><\/a><\/p>\n","protected":false},"excerpt":{"rendered":"<p>Tindouf, January 4. The Confederation Don Bosco, represented by its president Angel Gudi\u00f1a has been part of the young Delegation organized by the CJE and CEAS-Sahara (State Coordinator of Friends Associations of the Saharawi people) that took place from December 29 to 3 January in Auserd, coinciding with the VIII Congress of the UJSARIO (Council <a href=\"https:\/\/www.omaec.org\/en\/la-confederacion-don-bosco-visita-los-campamentos-saharauis\/\" rel=\"nofollow\">(more&#8230;)<\/a><\/p>\n","protected":false},"author":1,"featured_media":318,"comment_status":"open","ping_status":"open","sticky":false,"template":"","format":"standard","meta":{"footnotes":""},"categories":[45],"tags":[],"class_list":["post-443","post","type-post","status-publish","format-standard","has-post-thumbnail","hentry","category-solidarity"],"acf":[],"yoast_head":"<!-- This site is optimized with the Yoast SEO plugin v20.11 - https:\/\/yoast.com\/wordpress\/plugins\/seo\/ -->\n<title>Don Bosco Confederation visit Sahrawi camps - Organizaci\u00f3n Mundial de Antiguos Alumnos de la Educaci\u00f3n Cat\u00f3lica<\/title>\n<meta name=\"robots\" content=\"index, follow, max-snippet:-1, max-image-preview:large, max-video-preview:-1\" \/>\n<link rel=\"canonical\" href=\"https:\/\/www.omaec.org\/la-confederacion-don-bosco-visita-los-campamentos-saharauis\/\" \/>\n<meta property=\"og:locale\" content=\"en_US\" \/>\n<meta property=\"og:type\" content=\"article\" \/>\n<meta property=\"og:title\" content=\"Don Bosco Confederation visit Sahrawi camps - Organizaci\u00f3n Mundial de Antiguos Alumnos de la Educaci\u00f3n Cat\u00f3lica\" \/>\n<meta property=\"og:description\" content=\"Tindouf, January 4. The Confederation Don Bosco, represented by its president Angel Gudi\u00f1a has been part of the young Delegation organized by the CJE and CEAS-Sahara (State Coordinator of Friends Associations of the Saharawi people) that took place from December 29 to 3 January in Auserd, coinciding with the VIII Congress of the UJSARIO (Council (more...)\" \/>\n<meta property=\"og:url\" content=\"https:\/\/www.omaec.org\/la-confederacion-don-bosco-visita-los-campamentos-saharauis\/\" \/>\n<meta property=\"og:site_name\" content=\"Organizaci\u00f3n Mundial de Antiguos Alumnos de la Educaci\u00f3n Cat\u00f3lica\" \/>\n<meta property=\"article:published_time\" content=\"2015-01-04T15:28:50+00:00\" \/>\n<meta property=\"article:modified_time\" content=\"2016-01-31T20:01:25+00:00\" \/>\n<meta property=\"og:image\" content=\"https:\/\/www.omaec.org\/wp-content\/uploads\/2015\/01\/01.jpg\" \/>\n\t<meta property=\"og:image:width\" content=\"960\" \/>\n\t<meta property=\"og:image:height\" content=\"637\" \/>\n\t<meta property=\"og:image:type\" content=\"image\/jpeg\" \/>\n<meta name=\"author\" content=\"Secretario General\" \/>\n<meta name=\"twitter:card\" content=\"summary_large_image\" \/>\n<meta name=\"twitter:label1\" content=\"Written by\" \/>\n\t<meta name=\"twitter:data1\" content=\"Secretario General\" \/>\n\t<meta name=\"twitter:label2\" content=\"Est. reading time\" \/>\n\t<meta name=\"twitter:data2\" content=\"2 minutes\" \/>\n<script type=\"application\/ld+json\" class=\"yoast-schema-graph\">{\"@context\":\"https:\/\/schema.org\",\"@graph\":[{\"@type\":\"Article\",\"@id\":\"https:\/\/www.omaec.org\/la-confederacion-don-bosco-visita-los-campamentos-saharauis\/#article\",\"isPartOf\":{\"@id\":\"https:\/\/www.omaec.org\/la-confederacion-don-bosco-visita-los-campamentos-saharauis\/\"},\"author\":{\"name\":\"Secretario General\",\"@id\":\"https:\/\/www.omaec.org\/#\/schema\/person\/b6995e5c4038e3cf602f2bb958068c35\"},\"headline\":\"Don Bosco Confederation visit Sahrawi camps\",\"datePublished\":\"2015-01-04T15:28:50+00:00\",\"dateModified\":\"2016-01-31T20:01:25+00:00\",\"mainEntityOfPage\":{\"@id\":\"https:\/\/www.omaec.org\/la-confederacion-don-bosco-visita-los-campamentos-saharauis\/\"},\"wordCount\":392,\"commentCount\":0,\"publisher\":{\"@id\":\"https:\/\/www.omaec.org\/#organization\"},\"articleSection\":[\"Solidarity\"],\"inLanguage\":\"en-US\",\"potentialAction\":[{\"@type\":\"CommentAction\",\"name\":\"Comment\",\"target\":[\"https:\/\/www.omaec.org\/la-confederacion-don-bosco-visita-los-campamentos-saharauis\/#respond\"]}]},{\"@type\":\"WebPage\",\"@id\":\"https:\/\/www.omaec.org\/la-confederacion-don-bosco-visita-los-campamentos-saharauis\/\",\"url\":\"https:\/\/www.omaec.org\/la-confederacion-don-bosco-visita-los-campamentos-saharauis\/\",\"name\":\"Don Bosco Confederation visit Sahrawi camps - Organizaci\u00f3n Mundial de Antiguos Alumnos de la Educaci\u00f3n Cat\u00f3lica\",\"isPartOf\":{\"@id\":\"https:\/\/www.omaec.org\/#website\"},\"datePublished\":\"2015-01-04T15:28:50+00:00\",\"dateModified\":\"2016-01-31T20:01:25+00:00\",\"breadcrumb\":{\"@id\":\"https:\/\/www.omaec.org\/la-confederacion-don-bosco-visita-los-campamentos-saharauis\/#breadcrumb\"},\"inLanguage\":\"en-US\",\"potentialAction\":[{\"@type\":\"ReadAction\",\"target\":[\"https:\/\/www.omaec.org\/la-confederacion-don-bosco-visita-los-campamentos-saharauis\/\"]}]},{\"@type\":\"BreadcrumbList\",\"@id\":\"https:\/\/www.omaec.org\/la-confederacion-don-bosco-visita-los-campamentos-saharauis\/#breadcrumb\",\"itemListElement\":[{\"@type\":\"ListItem\",\"position\":1,\"name\":\"Portada\",\"item\":\"https:\/\/www.omaec.org\/en\/\"},{\"@type\":\"ListItem\",\"position\":2,\"name\":\"Don Bosco Confederation visit Sahrawi camps\"}]},{\"@type\":\"WebSite\",\"@id\":\"https:\/\/www.omaec.org\/#website\",\"url\":\"https:\/\/www.omaec.org\/\",\"name\":\"Organizaci\u00f3n Mundial de Antiguos Alumnos de la Educaci\u00f3n Cat\u00f3lica\",\"description\":\"OMAEC\",\"publisher\":{\"@id\":\"https:\/\/www.omaec.org\/#organization\"},\"potentialAction\":[{\"@type\":\"SearchAction\",\"target\":{\"@type\":\"EntryPoint\",\"urlTemplate\":\"https:\/\/www.omaec.org\/?s={search_term_string}\"},\"query-input\":\"required name=search_term_string\"}],\"inLanguage\":\"en-US\"},{\"@type\":\"Organization\",\"@id\":\"https:\/\/www.omaec.org\/#organization\",\"name\":\"Organizaci\u00f3n Mundial de Antiguos Alumnos de la Educaci\u00f3n Cat\u00f3lica\",\"url\":\"https:\/\/www.omaec.org\/\",\"logo\":{\"@type\":\"ImageObject\",\"inLanguage\":\"en-US\",\"@id\":\"https:\/\/www.omaec.org\/#\/schema\/logo\/image\/\",\"url\":\"https:\/\/www.omaec.org\/wp-content\/uploads\/2021\/06\/OMAEC-LOGO-OFICIAL.jpg\",\"contentUrl\":\"https:\/\/www.omaec.org\/wp-content\/uploads\/2021\/06\/OMAEC-LOGO-OFICIAL.jpg\",\"width\":525,\"height\":452,\"caption\":\"Organizaci\u00f3n Mundial de Antiguos  Alumnos de la Educaci\u00f3n Cat\u00f3lica\"},\"image\":{\"@id\":\"https:\/\/www.omaec.org\/#\/schema\/logo\/image\/\"}},{\"@type\":\"Person\",\"@id\":\"https:\/\/www.omaec.org\/#\/schema\/person\/b6995e5c4038e3cf602f2bb958068c35\",\"name\":\"Secretario General\",\"image\":{\"@type\":\"ImageObject\",\"inLanguage\":\"en-US\",\"@id\":\"https:\/\/www.omaec.org\/#\/schema\/person\/image\/\",\"url\":\"https:\/\/www.omaec.org\/wp-content\/uploads\/2025\/03\/FOTO-GUILLERMO-GUTIERREZ-PIRAQUIVE-OMAEC-96x96.jpg\",\"contentUrl\":\"https:\/\/www.omaec.org\/wp-content\/uploads\/2025\/03\/FOTO-GUILLERMO-GUTIERREZ-PIRAQUIVE-OMAEC-96x96.jpg\",\"caption\":\"Secretario General\"},\"description\":\"EXPERIENCIA LABORAL: SERVICIO NACIONAL DE APRENDIZAJE-SENA Regional Bogot\u00e1. Centro de Gesti\u00f3n de Mercados, Log\u00edstica y Tecnolog\u00edas de la Informaci\u00f3n. \u00b7Instructor de Mercadeo. SERVICIO NACIONAL DE APRENDIZAJE-SENA Regional Bogot\u00e1. Centro de Gesti\u00f3n Administrativa. \u00b7Instructor de Ventas. ARTESAN\u00cdAS DE COLOMBIA. \u00b7Administrador Centro Artesanal La Chamba (Tolima). PROGRAMADORA TELECULTURALES. \u00b7Asistente de Direcci\u00f3n AGENCIAS DE PUBLICIDAD: REP Y MASTER \u00b7Jefe de Medios SANCHO PUBLICIDAD \u00b7Jefe de Tr\u00e1fico. LEO BURNETT \u00b7Asistente de Medios. EDUCACION: \u00b7FUNDACI\u00d3N UNIVERSITARIA SALESIANA Diplomado en Salesianidad. \u00b7POLIT\u00c9CNICO GRANCOLOMBIANO Especializaci\u00f3n en Gerencia de Mercadeo. \u00b7UNIVERSIDAD NACIONAL ABIERTA Y A DISTANCIA Administraci\u00f3n de Empresas. \u00b7SERVICIO NACIONAL DE APRENDIZAJE-SENA Mercadotecnia. \u00b7UNIVERSIDAD CENTRAL Publicidad. \u00b7COLEGIO SALESIANO DE LE\u00d3N XIII Bachiller Acad\u00e9mico. EXPERIENCIA EXALUMNAL: ASOCIACI\u00d3N DE EXALUMNOS SDB-AEXSDBINSPECTOR\u00cdA SAN PEDRO CLAVER Presidente Sexenio 2021-2027. \u00b7ASOCIACI\u00d3N DE EXALUMNOS SDB-AEXSDBINSPECTOR\u00cdA SAN PEDRO CLAVER Vicepresidente Sexenio 2015-2021. \u00b7COLEGIO SALESIANO DE LE\u00d3N XIII. L\u00edder Promoci\u00f3n 1969. EXALUMNAL\",\"url\":\"https:\/\/www.omaec.org\/en\/author\/omaec-admin\/\"}]}<\/script>\n<!-- \/ Yoast SEO plugin. -->","yoast_head_json":{"title":"Don Bosco Confederation visit Sahrawi camps - Organizaci\u00f3n Mundial de Antiguos Alumnos de la Educaci\u00f3n Cat\u00f3lica","robots":{"index":"index","follow":"follow","max-snippet":"max-snippet:-1","max-image-preview":"max-image-preview:large","max-video-preview":"max-video-preview:-1"},"canonical":"https:\/\/www.omaec.org\/la-confederacion-don-bosco-visita-los-campamentos-saharauis\/","og_locale":"en_US","og_type":"article","og_title":"Don Bosco Confederation visit Sahrawi camps - Organizaci\u00f3n Mundial de Antiguos Alumnos de la Educaci\u00f3n Cat\u00f3lica","og_description":"Tindouf, January 4. The Confederation Don Bosco, represented by its president Angel Gudi\u00f1a has been part of the young Delegation organized by the CJE and CEAS-Sahara (State Coordinator of Friends Associations of the Saharawi people) that took place from December 29 to 3 January in Auserd, coinciding with the VIII Congress of the UJSARIO (Council (more...)","og_url":"https:\/\/www.omaec.org\/la-confederacion-don-bosco-visita-los-campamentos-saharauis\/","og_site_name":"Organizaci\u00f3n Mundial de Antiguos Alumnos de la Educaci\u00f3n Cat\u00f3lica","article_published_time":"2015-01-04T15:28:50+00:00","article_modified_time":"2016-01-31T20:01:25+00:00","og_image":[{"width":960,"height":637,"url":"https:\/\/www.omaec.org\/wp-content\/uploads\/2015\/01\/01.jpg","type":"image\/jpeg"}],"author":"Secretario General","twitter_card":"summary_large_image","twitter_misc":{"Written by":"Secretario General","Est. reading time":"2 minutes"},"schema":{"@context":"https:\/\/schema.org","@graph":[{"@type":"Article","@id":"https:\/\/www.omaec.org\/la-confederacion-don-bosco-visita-los-campamentos-saharauis\/#article","isPartOf":{"@id":"https:\/\/www.omaec.org\/la-confederacion-don-bosco-visita-los-campamentos-saharauis\/"},"author":{"name":"Secretario General","@id":"https:\/\/www.omaec.org\/#\/schema\/person\/b6995e5c4038e3cf602f2bb958068c35"},"headline":"Don Bosco Confederation visit Sahrawi camps","datePublished":"2015-01-04T15:28:50+00:00","dateModified":"2016-01-31T20:01:25+00:00","mainEntityOfPage":{"@id":"https:\/\/www.omaec.org\/la-confederacion-don-bosco-visita-los-campamentos-saharauis\/"},"wordCount":392,"commentCount":0,"publisher":{"@id":"https:\/\/www.omaec.org\/#organization"},"articleSection":["Solidarity"],"inLanguage":"en-US","potentialAction":[{"@type":"CommentAction","name":"Comment","target":["https:\/\/www.omaec.org\/la-confederacion-don-bosco-visita-los-campamentos-saharauis\/#respond"]}]},{"@type":"WebPage","@id":"https:\/\/www.omaec.org\/la-confederacion-don-bosco-visita-los-campamentos-saharauis\/","url":"https:\/\/www.omaec.org\/la-confederacion-don-bosco-visita-los-campamentos-saharauis\/","name":"Don Bosco Confederation visit Sahrawi camps - Organizaci\u00f3n Mundial de Antiguos Alumnos de la Educaci\u00f3n Cat\u00f3lica","isPartOf":{"@id":"https:\/\/www.omaec.org\/#website"},"datePublished":"2015-01-04T15:28:50+00:00","dateModified":"2016-01-31T20:01:25+00:00","breadcrumb":{"@id":"https:\/\/www.omaec.org\/la-confederacion-don-bosco-visita-los-campamentos-saharauis\/#breadcrumb"},"inLanguage":"en-US","potentialAction":[{"@type":"ReadAction","target":["https:\/\/www.omaec.org\/la-confederacion-don-bosco-visita-los-campamentos-saharauis\/"]}]},{"@type":"BreadcrumbList","@id":"https:\/\/www.omaec.org\/la-confederacion-don-bosco-visita-los-campamentos-saharauis\/#breadcrumb","itemListElement":[{"@type":"ListItem","position":1,"name":"Portada","item":"https:\/\/www.omaec.org\/en\/"},{"@type":"ListItem","position":2,"name":"Don Bosco Confederation visit Sahrawi camps"}]},{"@type":"WebSite","@id":"https:\/\/www.omaec.org\/#website","url":"https:\/\/www.omaec.org\/","name":"Organizaci\u00f3n Mundial de Antiguos Alumnos de la Educaci\u00f3n Cat\u00f3lica","description":"OMAEC","publisher":{"@id":"https:\/\/www.omaec.org\/#organization"},"potentialAction":[{"@type":"SearchAction","target":{"@type":"EntryPoint","urlTemplate":"https:\/\/www.omaec.org\/?s={search_term_string}"},"query-input":"required name=search_term_string"}],"inLanguage":"en-US"},{"@type":"Organization","@id":"https:\/\/www.omaec.org\/#organization","name":"Organizaci\u00f3n Mundial de Antiguos Alumnos de la Educaci\u00f3n Cat\u00f3lica","url":"https:\/\/www.omaec.org\/","logo":{"@type":"ImageObject","inLanguage":"en-US","@id":"https:\/\/www.omaec.org\/#\/schema\/logo\/image\/","url":"https:\/\/www.omaec.org\/wp-content\/uploads\/2021\/06\/OMAEC-LOGO-OFICIAL.jpg","contentUrl":"https:\/\/www.omaec.org\/wp-content\/uploads\/2021\/06\/OMAEC-LOGO-OFICIAL.jpg","width":525,"height":452,"caption":"Organizaci\u00f3n Mundial de Antiguos  Alumnos de la Educaci\u00f3n Cat\u00f3lica"},"image":{"@id":"https:\/\/www.omaec.org\/#\/schema\/logo\/image\/"}},{"@type":"Person","@id":"https:\/\/www.omaec.org\/#\/schema\/person\/b6995e5c4038e3cf602f2bb958068c35","name":"Secretario General","image":{"@type":"ImageObject","inLanguage":"en-US","@id":"https:\/\/www.omaec.org\/#\/schema\/person\/image\/","url":"https:\/\/www.omaec.org\/wp-content\/uploads\/2025\/03\/FOTO-GUILLERMO-GUTIERREZ-PIRAQUIVE-OMAEC-96x96.jpg","contentUrl":"https:\/\/www.omaec.org\/wp-content\/uploads\/2025\/03\/FOTO-GUILLERMO-GUTIERREZ-PIRAQUIVE-OMAEC-96x96.jpg","caption":"Secretario General"},"description":"EXPERIENCIA LABORAL: SERVICIO NACIONAL DE APRENDIZAJE-SENA Regional Bogot\u00e1. Centro de Gesti\u00f3n de Mercados, Log\u00edstica y Tecnolog\u00edas de la Informaci\u00f3n. \u00b7Instructor de Mercadeo. SERVICIO NACIONAL DE APRENDIZAJE-SENA Regional Bogot\u00e1. Centro de Gesti\u00f3n Administrativa. \u00b7Instructor de Ventas. ARTESAN\u00cdAS DE COLOMBIA. \u00b7Administrador Centro Artesanal La Chamba (Tolima). PROGRAMADORA TELECULTURALES. \u00b7Asistente de Direcci\u00f3n AGENCIAS DE PUBLICIDAD: REP Y MASTER \u00b7Jefe de Medios SANCHO PUBLICIDAD \u00b7Jefe de Tr\u00e1fico. LEO BURNETT \u00b7Asistente de Medios. EDUCACION: \u00b7FUNDACI\u00d3N UNIVERSITARIA SALESIANA Diplomado en Salesianidad. \u00b7POLIT\u00c9CNICO GRANCOLOMBIANO Especializaci\u00f3n en Gerencia de Mercadeo. \u00b7UNIVERSIDAD NACIONAL ABIERTA Y A DISTANCIA Administraci\u00f3n de Empresas. \u00b7SERVICIO NACIONAL DE APRENDIZAJE-SENA Mercadotecnia. \u00b7UNIVERSIDAD CENTRAL Publicidad. \u00b7COLEGIO SALESIANO DE LE\u00d3N XIII Bachiller Acad\u00e9mico. EXPERIENCIA EXALUMNAL: ASOCIACI\u00d3N DE EXALUMNOS SDB-AEXSDBINSPECTOR\u00cdA SAN PEDRO CLAVER Presidente Sexenio 2021-2027. \u00b7ASOCIACI\u00d3N DE EXALUMNOS SDB-AEXSDBINSPECTOR\u00cdA SAN PEDRO CLAVER Vicepresidente Sexenio 2015-2021. \u00b7COLEGIO SALESIANO DE LE\u00d3N XIII. L\u00edder Promoci\u00f3n 1969. EXALUMNAL","url":"https:\/\/www.omaec.org\/en\/author\/omaec-admin\/"}]}},"_links":{"self":[{"href":"https:\/\/www.omaec.org\/en\/wp-json\/wp\/v2\/posts\/443","targetHints":{"allow":["GET"]}}],"collection":[{"href":"https:\/\/www.omaec.org\/en\/wp-json\/wp\/v2\/posts"}],"about":[{"href":"https:\/\/www.omaec.org\/en\/wp-json\/wp\/v2\/types\/post"}],"author":[{"embeddable":true,"href":"https:\/\/www.omaec.org\/en\/wp-json\/wp\/v2\/users\/1"}],"replies":[{"embeddable":true,"href":"https:\/\/www.omaec.org\/en\/wp-json\/wp\/v2\/comments?post=443"}],"version-history":[{"count":2,"href":"https:\/\/www.omaec.org\/en\/wp-json\/wp\/v2\/posts\/443\/revisions"}],"predecessor-version":[{"id":1285,"href":"https:\/\/www.omaec.org\/en\/wp-json\/wp\/v2\/posts\/443\/revisions\/1285"}],"wp:featuredmedia":[{"embeddable":true,"href":"https:\/\/www.omaec.org\/en\/wp-json\/wp\/v2\/media\/318"}],"wp:attachment":[{"href":"https:\/\/www.omaec.org\/en\/wp-json\/wp\/v2\/media?parent=443"}],"wp:term":[{"taxonomy":"category","embeddable":true,"href":"https:\/\/www.omaec.org\/en\/wp-json\/wp\/v2\/categories?post=443"},{"taxonomy":"post_tag","embeddable":true,"href":"https:\/\/www.omaec.org\/en\/wp-json\/wp\/v2\/tags?post=443"}],"curies":[{"name":"wp","href":"https:\/\/api.w.org\/{rel}","templated":true}]}}