{"id":4371,"date":"2019-10-08T17:59:22","date_gmt":"2019-10-08T16:59:22","guid":{"rendered":"http:\/\/omaec.org\/?p=4371"},"modified":"2019-10-08T17:59:22","modified_gmt":"2019-10-08T16:59:22","slug":"international-federation-of-catholic-universities-ifcu","status":"publish","type":"post","link":"https:\/\/www.omaec.org\/en\/international-federation-of-catholic-universities-ifcu\/","title":{"rendered":"International Federation of Catholic Universities (IFCU)"},"content":{"rendered":"<p align=\"left\"><span style=\"color: #202020;\"><span style=\"font-family: Calibri, Arial, Helvetica, sans-serif;\"><span style=\"font-size: medium;\">Dear\u00a0friends of the\u00a0<span style=\"font-family: calibri, arial, helvetica, sans-serif;\">International Federation of Catholic Universities (IFCU)<\/span><\/span><\/span><\/span><\/p>\n<p align=\"left\"><span style=\"color: #202020;\"><span style=\"font-family: Calibri, Arial, Helvetica, sans-serif;\"><span style=\"font-size: medium;\">&#8220;<\/span><\/span><\/span><em><span style=\"color: #202020;\"><span style=\"font-family: Calibri, Arial, Helvetica, sans-serif;\"><span style=\"font-size: medium;\">In all countries,\u00a0<\/span><\/span><\/span><\/em><strong><span style=\"color: #202020;\"><span style=\"font-family: Calibri, Arial, Helvetica, sans-serif;\"><span style=\"font-size: medium;\">universities<\/span><\/span><\/span><\/strong><em><span style=\"color: #202020;\"><span style=\"font-family: Calibri, Arial, Helvetica, sans-serif;\"><span style=\"font-size: medium;\">\u00a0constitute the main centres of scientific research for the advancement of knowledge and of society; they play a decisive role in economic social and cultural development, especially in a time like our own, marked as it is by rapid,\u00a0<\/span><\/span><\/span><\/em><strong><span style=\"color: #202020;\"><span style=\"font-family: Calibri, Arial, Helvetica, sans-serif;\"><span style=\"font-size: medium;\">constant and far-reaching changes<\/span><\/span><\/span><\/strong><em><span style=\"color: #202020;\"><span style=\"font-family: Calibri, Arial, Helvetica, sans-serif;\"><span style=\"font-size: medium;\">\u00a0in the fields of\u00a0<\/span><\/span><\/span><\/em><strong><span style=\"color: #202020;\"><span style=\"font-family: Calibri, Arial, Helvetica, sans-serif;\"><span style=\"font-size: medium;\">science<\/span><\/span><\/span><\/strong><em><span style=\"color: #202020;\"><span style=\"font-family: Calibri, Arial, Helvetica, sans-serif;\"><span style=\"font-size: medium;\">\u00a0and\u00a0<\/span><\/span><\/span><\/em><strong><span style=\"color: #202020;\"><span style=\"font-family: Calibri, Arial, Helvetica, sans-serif;\"><span style=\"font-size: medium;\">technology<\/span><\/span><\/span><\/strong><span style=\"color: #202020;\"><span style=\"font-family: Calibri, Arial, Helvetica, sans-serif;\"><span style=\"font-size: medium;\">.&#8221;<\/span><\/span><\/span><\/p>\n<p align=\"left\"><span style=\"color: #202020;\"><span style=\"font-family: Calibri, Arial, Helvetica, sans-serif;\"><span style=\"font-size: medium;\">Pope Francis,\u00a0<u>Veritatis Gaudium,<\/u>\u00a0\u00a75, 2018<\/span><\/span><\/span><\/p>\n<p align=\"left\"><a href=\"http:\/\/omaec.org\/wp-content\/uploads\/2019\/10\/logo_cabecera_en.jpg\" rel=\"attachment wp-att-4367\"><img loading=\"lazy\" decoding=\"async\" class=\"size-medium wp-image-4367 alignleft\" src=\"http:\/\/omaec.org\/wp-content\/uploads\/2019\/10\/logo_cabecera_en-300x133.jpg\" alt=\"logo_cabecera_en\" width=\"300\" height=\"133\" srcset=\"https:\/\/www.omaec.org\/wp-content\/uploads\/2019\/10\/logo_cabecera_en-300x133.jpg 300w, https:\/\/www.omaec.org\/wp-content\/uploads\/2019\/10\/logo_cabecera_en-150x66.jpg 150w, https:\/\/www.omaec.org\/wp-content\/uploads\/2019\/10\/logo_cabecera_en.jpg 369w\" sizes=\"auto, (max-width: 300px) 100vw, 300px\" \/><\/a><\/p>\n<p align=\"left\"><span style=\"color: #202020;\">\u00a0\u00a0\u00a0\u00a0\u200b<\/span><span style=\"color: #202020;\"><span style=\"font-family: Calibri, Arial, Helvetica, sans-serif;\"><span style=\"font-size: medium;\">To exchange and compare views and good practices of universities worldwide in the evolutive\u00a0context of the\u00a0academic\u00a0and the medical research\u00a0<\/span><\/span><\/span><span style=\"color: #202020;\"><span style=\"font-family: calibri, arial, helvetica, sans-serif;\"><span style=\"font-size: medium;\">world<\/span><\/span><\/span><span style=\"color: #202020;\"><span style=\"font-family: Calibri, Arial, Helvetica, sans-serif;\"><span style=\"font-size: medium;\">\u200b. So is the objective of your invitation to our new Annual Forum\u00a0<\/span><\/span><\/span><strong><span style=\"color: #202020;\"><span style=\"font-family: Calibri, Arial, Helvetica, sans-serif;\"><span style=\"font-size: medium;\">&#8220;New Frontiers for University Leaders: the Future of Health and the University Ecosystem&#8221;<\/span><\/span><\/span><\/strong><span style=\"color: #202020;\"><span style=\"font-family: Calibri, Arial, Helvetica, sans-serif;\"><span style=\"font-size: medium;\">\u00a0to be held in Rome, at the\u00a0Centro Congressi Augustinianum\u00a0on November 4 and 5.<\/span><\/span><\/span><\/p>\n<p align=\"left\"><span style=\"color: #202020;\">\u00a0\u00a0\u00a0<\/span><em><span style=\"color: #202020;\"><u>\u00a0<\/u><\/span><\/em><strong><span style=\"color: #202020;\"><span style=\"font-family: Calibri, Arial, Helvetica, sans-serif;\"><span style=\"font-size: medium;\"><u>His Holiness Pope Francis<\/u><\/span><\/span><\/span><\/strong><span style=\"color: #202020;\"><span style=\"font-family: Calibri, Arial, Helvetica, sans-serif;\"><span style=\"font-size: medium;\">\u00a0will also\u00a0receive us in a\u00a0<\/span><\/span><\/span><em><span style=\"color: #202020;\"><span style=\"font-family: Calibri, Arial, Helvetica, sans-serif;\"><span style=\"font-size: medium;\"><u>private audience<\/u><\/span><\/span><\/span><\/em><span style=\"color: #202020;\"><span style=\"font-family: Calibri, Arial, Helvetica, sans-serif;\"><span style=\"font-size: medium;\">\u00a0to share in our reflexion on the morning of Monday, 4th of November.<\/span><\/span><\/span><\/p>\n<p align=\"left\"><span style=\"color: #202020;\">\u00a0 \u00a0 <\/span><span style=\"color: #202020;\"><span style=\"font-family: Calibri, Arial, Helvetica, sans-serif;\"><span style=\"font-size: medium;\">If these themes are of your interest, you can still subscribe on our\u00a0<\/span><\/span><\/span><a href=\"https:\/\/fiuc.us4.list-manage.com\/track\/click?u=dc86d0df5434daa85dde74c4c&amp;id=a1d8ddfd79&amp;e=c042ebdbca\" target=\"_blank\"><span style=\"color: #007c89;\"><span style=\"font-family: Calibri, Arial, Helvetica, sans-serif;\"><span style=\"font-size: medium;\"><u>website<\/u><\/span><\/span><\/span><\/a><span style=\"color: #202020;\"><span style=\"font-family: Calibri, Arial, Helvetica, sans-serif;\"><span style=\"font-size: medium;\">.<\/span><\/span><\/span><\/p>\n<p align=\"left\"><span style=\"color: #006fc9;\"><span style=\"font-family: Calibri, Arial, Helvetica, sans-serif;\"><span style=\"font-size: medium;\">For more information,\u00a0<\/span><\/span><\/span><strong><a href=\"https:\/\/fiuc.us4.list-manage.com\/track\/click?u=dc86d0df5434daa85dde74c4c&amp;id=ad18468e2f&amp;e=c042ebdbca\" target=\"_blank\"><span style=\"color: #007c89;\"><span style=\"font-family: Calibri, Arial, Helvetica, sans-serif;\"><span style=\"font-size: medium;\"><u>click here<\/u><\/span><\/span><\/span><\/a><\/strong><span style=\"color: #202020;\"><span style=\"font-family: Calibri, Arial, Helvetica, sans-serif;\"><span style=\"font-size: medium;\">.<\/span><\/span><\/span><\/p>\n","protected":false},"excerpt":{"rendered":"<p>Dear\u00a0friends of the\u00a0International Federation of Catholic Universities (IFCU) &#8220;In all countries,\u00a0universities\u00a0constitute the main centres of scientific research for the advancement of knowledge and of society; they play a decisive role in economic social and cultural development, especially in a time like our own, marked as it is by rapid,\u00a0constant and far-reaching changes\u00a0in the fields of\u00a0science\u00a0and\u00a0technology.&#8221; <a href=\"https:\/\/www.omaec.org\/en\/international-federation-of-catholic-universities-ifcu\/\" rel=\"nofollow\">(more&#8230;)<\/a><\/p>\n","protected":false},"author":1,"featured_media":4366,"comment_status":"closed","ping_status":"open","sticky":false,"template":"","format":"standard","meta":{"footnotes":""},"categories":[47],"tags":[],"class_list":["post-4371","post","type-post","status-publish","format-standard","has-post-thumbnail","hentry","category-conference-en"],"acf":[],"yoast_head":"<!-- This site is optimized with the Yoast SEO plugin v20.11 - https:\/\/yoast.com\/wordpress\/plugins\/seo\/ -->\n<title>International Federation of Catholic Universities (IFCU) - Organizaci\u00f3n Mundial de Antiguos Alumnos de la Educaci\u00f3n Cat\u00f3lica<\/title>\n<meta name=\"robots\" content=\"index, follow, max-snippet:-1, max-image-preview:large, max-video-preview:-1\" \/>\n<link rel=\"canonical\" href=\"https:\/\/www.omaec.org\/en\/international-federation-of-catholic-universities-ifcu\/\" \/>\n<meta property=\"og:locale\" content=\"en_US\" \/>\n<meta property=\"og:type\" content=\"article\" \/>\n<meta property=\"og:title\" content=\"International Federation of Catholic Universities (IFCU) - Organizaci\u00f3n Mundial de Antiguos Alumnos de la Educaci\u00f3n Cat\u00f3lica\" \/>\n<meta property=\"og:description\" content=\"Dear\u00a0friends of the\u00a0International Federation of Catholic Universities (IFCU) &#8220;In all countries,\u00a0universities\u00a0constitute the main centres of scientific research for the advancement of knowledge and of society; they play a decisive role in economic social and cultural development, especially in a time like our own, marked as it is by rapid,\u00a0constant and far-reaching changes\u00a0in the fields of\u00a0science\u00a0and\u00a0technology.&#8221; (more...)\" \/>\n<meta property=\"og:url\" content=\"https:\/\/www.omaec.org\/en\/international-federation-of-catholic-universities-ifcu\/\" \/>\n<meta property=\"og:site_name\" content=\"Organizaci\u00f3n Mundial de Antiguos Alumnos de la Educaci\u00f3n Cat\u00f3lica\" \/>\n<meta property=\"article:published_time\" content=\"2019-10-08T16:59:22+00:00\" \/>\n<meta property=\"og:image\" content=\"https:\/\/www.omaec.org\/wp-content\/uploads\/2019\/10\/papa-francisco-universidades.jpg\" \/>\n\t<meta property=\"og:image:width\" content=\"2000\" \/>\n\t<meta property=\"og:image:height\" content=\"1000\" \/>\n\t<meta property=\"og:image:type\" content=\"image\/jpeg\" \/>\n<meta name=\"author\" content=\"Secretario General\" \/>\n<meta name=\"twitter:card\" content=\"summary_large_image\" \/>\n<meta name=\"twitter:label1\" content=\"Written by\" \/>\n\t<meta name=\"twitter:data1\" content=\"Secretario General\" \/>\n\t<meta name=\"twitter:label2\" content=\"Est. reading time\" \/>\n\t<meta name=\"twitter:data2\" content=\"1 minute\" \/>\n<script type=\"application\/ld+json\" class=\"yoast-schema-graph\">{\"@context\":\"https:\/\/schema.org\",\"@graph\":[{\"@type\":\"Article\",\"@id\":\"https:\/\/www.omaec.org\/en\/international-federation-of-catholic-universities-ifcu\/#article\",\"isPartOf\":{\"@id\":\"https:\/\/www.omaec.org\/en\/international-federation-of-catholic-universities-ifcu\/\"},\"author\":{\"name\":\"Secretario General\",\"@id\":\"https:\/\/www.omaec.org\/#\/schema\/person\/b6995e5c4038e3cf602f2bb958068c35\"},\"headline\":\"International Federation of Catholic Universities (IFCU)\",\"datePublished\":\"2019-10-08T16:59:22+00:00\",\"dateModified\":\"2019-10-08T16:59:22+00:00\",\"mainEntityOfPage\":{\"@id\":\"https:\/\/www.omaec.org\/en\/international-federation-of-catholic-universities-ifcu\/\"},\"wordCount\":179,\"publisher\":{\"@id\":\"https:\/\/www.omaec.org\/#organization\"},\"articleSection\":[\"Conferences\"],\"inLanguage\":\"en-US\"},{\"@type\":\"WebPage\",\"@id\":\"https:\/\/www.omaec.org\/en\/international-federation-of-catholic-universities-ifcu\/\",\"url\":\"https:\/\/www.omaec.org\/en\/international-federation-of-catholic-universities-ifcu\/\",\"name\":\"International Federation of Catholic Universities (IFCU) - Organizaci\u00f3n Mundial de Antiguos Alumnos de la Educaci\u00f3n Cat\u00f3lica\",\"isPartOf\":{\"@id\":\"https:\/\/www.omaec.org\/#website\"},\"datePublished\":\"2019-10-08T16:59:22+00:00\",\"dateModified\":\"2019-10-08T16:59:22+00:00\",\"breadcrumb\":{\"@id\":\"https:\/\/www.omaec.org\/en\/international-federation-of-catholic-universities-ifcu\/#breadcrumb\"},\"inLanguage\":\"en-US\",\"potentialAction\":[{\"@type\":\"ReadAction\",\"target\":[\"https:\/\/www.omaec.org\/en\/international-federation-of-catholic-universities-ifcu\/\"]}]},{\"@type\":\"BreadcrumbList\",\"@id\":\"https:\/\/www.omaec.org\/en\/international-federation-of-catholic-universities-ifcu\/#breadcrumb\",\"itemListElement\":[{\"@type\":\"ListItem\",\"position\":1,\"name\":\"Portada\",\"item\":\"https:\/\/www.omaec.org\/en\/\"},{\"@type\":\"ListItem\",\"position\":2,\"name\":\"International Federation of Catholic Universities (IFCU)\"}]},{\"@type\":\"WebSite\",\"@id\":\"https:\/\/www.omaec.org\/#website\",\"url\":\"https:\/\/www.omaec.org\/\",\"name\":\"Organizaci\u00f3n Mundial de Antiguos Alumnos de la Educaci\u00f3n Cat\u00f3lica\",\"description\":\"OMAEC\",\"publisher\":{\"@id\":\"https:\/\/www.omaec.org\/#organization\"},\"potentialAction\":[{\"@type\":\"SearchAction\",\"target\":{\"@type\":\"EntryPoint\",\"urlTemplate\":\"https:\/\/www.omaec.org\/?s={search_term_string}\"},\"query-input\":\"required name=search_term_string\"}],\"inLanguage\":\"en-US\"},{\"@type\":\"Organization\",\"@id\":\"https:\/\/www.omaec.org\/#organization\",\"name\":\"Organizaci\u00f3n Mundial de Antiguos Alumnos de la Educaci\u00f3n Cat\u00f3lica\",\"url\":\"https:\/\/www.omaec.org\/\",\"logo\":{\"@type\":\"ImageObject\",\"inLanguage\":\"en-US\",\"@id\":\"https:\/\/www.omaec.org\/#\/schema\/logo\/image\/\",\"url\":\"https:\/\/www.omaec.org\/wp-content\/uploads\/2021\/06\/OMAEC-LOGO-OFICIAL.jpg\",\"contentUrl\":\"https:\/\/www.omaec.org\/wp-content\/uploads\/2021\/06\/OMAEC-LOGO-OFICIAL.jpg\",\"width\":525,\"height\":452,\"caption\":\"Organizaci\u00f3n Mundial de Antiguos  Alumnos de la Educaci\u00f3n Cat\u00f3lica\"},\"image\":{\"@id\":\"https:\/\/www.omaec.org\/#\/schema\/logo\/image\/\"}},{\"@type\":\"Person\",\"@id\":\"https:\/\/www.omaec.org\/#\/schema\/person\/b6995e5c4038e3cf602f2bb958068c35\",\"name\":\"Secretario General\",\"image\":{\"@type\":\"ImageObject\",\"inLanguage\":\"en-US\",\"@id\":\"https:\/\/www.omaec.org\/#\/schema\/person\/image\/\",\"url\":\"https:\/\/www.omaec.org\/wp-content\/uploads\/2025\/03\/FOTO-GUILLERMO-GUTIERREZ-PIRAQUIVE-OMAEC-96x96.jpg\",\"contentUrl\":\"https:\/\/www.omaec.org\/wp-content\/uploads\/2025\/03\/FOTO-GUILLERMO-GUTIERREZ-PIRAQUIVE-OMAEC-96x96.jpg\",\"caption\":\"Secretario General\"},\"description\":\"EXPERIENCIA LABORAL: SERVICIO NACIONAL DE APRENDIZAJE-SENA Regional Bogot\u00e1. Centro de Gesti\u00f3n de Mercados, Log\u00edstica y Tecnolog\u00edas de la Informaci\u00f3n. \u00b7Instructor de Mercadeo. SERVICIO NACIONAL DE APRENDIZAJE-SENA Regional Bogot\u00e1. Centro de Gesti\u00f3n Administrativa. \u00b7Instructor de Ventas. ARTESAN\u00cdAS DE COLOMBIA. \u00b7Administrador Centro Artesanal La Chamba (Tolima). PROGRAMADORA TELECULTURALES. \u00b7Asistente de Direcci\u00f3n AGENCIAS DE PUBLICIDAD: REP Y MASTER \u00b7Jefe de Medios SANCHO PUBLICIDAD \u00b7Jefe de Tr\u00e1fico. LEO BURNETT \u00b7Asistente de Medios. EDUCACION: \u00b7FUNDACI\u00d3N UNIVERSITARIA SALESIANA Diplomado en Salesianidad. \u00b7POLIT\u00c9CNICO GRANCOLOMBIANO Especializaci\u00f3n en Gerencia de Mercadeo. \u00b7UNIVERSIDAD NACIONAL ABIERTA Y A DISTANCIA Administraci\u00f3n de Empresas. \u00b7SERVICIO NACIONAL DE APRENDIZAJE-SENA Mercadotecnia. \u00b7UNIVERSIDAD CENTRAL Publicidad. \u00b7COLEGIO SALESIANO DE LE\u00d3N XIII Bachiller Acad\u00e9mico. EXPERIENCIA EXALUMNAL: ASOCIACI\u00d3N DE EXALUMNOS SDB-AEXSDBINSPECTOR\u00cdA SAN PEDRO CLAVER Presidente Sexenio 2021-2027. \u00b7ASOCIACI\u00d3N DE EXALUMNOS SDB-AEXSDBINSPECTOR\u00cdA SAN PEDRO CLAVER Vicepresidente Sexenio 2015-2021. \u00b7COLEGIO SALESIANO DE LE\u00d3N XIII. L\u00edder Promoci\u00f3n 1969. EXALUMNAL\",\"url\":\"https:\/\/www.omaec.org\/en\/author\/omaec-admin\/\"}]}<\/script>\n<!-- \/ Yoast SEO plugin. -->","yoast_head_json":{"title":"International Federation of Catholic Universities (IFCU) - Organizaci\u00f3n Mundial de Antiguos Alumnos de la Educaci\u00f3n Cat\u00f3lica","robots":{"index":"index","follow":"follow","max-snippet":"max-snippet:-1","max-image-preview":"max-image-preview:large","max-video-preview":"max-video-preview:-1"},"canonical":"https:\/\/www.omaec.org\/en\/international-federation-of-catholic-universities-ifcu\/","og_locale":"en_US","og_type":"article","og_title":"International Federation of Catholic Universities (IFCU) - Organizaci\u00f3n Mundial de Antiguos Alumnos de la Educaci\u00f3n Cat\u00f3lica","og_description":"Dear\u00a0friends of the\u00a0International Federation of Catholic Universities (IFCU) &#8220;In all countries,\u00a0universities\u00a0constitute the main centres of scientific research for the advancement of knowledge and of society; they play a decisive role in economic social and cultural development, especially in a time like our own, marked as it is by rapid,\u00a0constant and far-reaching changes\u00a0in the fields of\u00a0science\u00a0and\u00a0technology.&#8221; (more...)","og_url":"https:\/\/www.omaec.org\/en\/international-federation-of-catholic-universities-ifcu\/","og_site_name":"Organizaci\u00f3n Mundial de Antiguos Alumnos de la Educaci\u00f3n Cat\u00f3lica","article_published_time":"2019-10-08T16:59:22+00:00","og_image":[{"width":2000,"height":1000,"url":"https:\/\/www.omaec.org\/wp-content\/uploads\/2019\/10\/papa-francisco-universidades.jpg","type":"image\/jpeg"}],"author":"Secretario General","twitter_card":"summary_large_image","twitter_misc":{"Written by":"Secretario General","Est. reading time":"1 minute"},"schema":{"@context":"https:\/\/schema.org","@graph":[{"@type":"Article","@id":"https:\/\/www.omaec.org\/en\/international-federation-of-catholic-universities-ifcu\/#article","isPartOf":{"@id":"https:\/\/www.omaec.org\/en\/international-federation-of-catholic-universities-ifcu\/"},"author":{"name":"Secretario General","@id":"https:\/\/www.omaec.org\/#\/schema\/person\/b6995e5c4038e3cf602f2bb958068c35"},"headline":"International Federation of Catholic Universities (IFCU)","datePublished":"2019-10-08T16:59:22+00:00","dateModified":"2019-10-08T16:59:22+00:00","mainEntityOfPage":{"@id":"https:\/\/www.omaec.org\/en\/international-federation-of-catholic-universities-ifcu\/"},"wordCount":179,"publisher":{"@id":"https:\/\/www.omaec.org\/#organization"},"articleSection":["Conferences"],"inLanguage":"en-US"},{"@type":"WebPage","@id":"https:\/\/www.omaec.org\/en\/international-federation-of-catholic-universities-ifcu\/","url":"https:\/\/www.omaec.org\/en\/international-federation-of-catholic-universities-ifcu\/","name":"International Federation of Catholic Universities (IFCU) - Organizaci\u00f3n Mundial de Antiguos Alumnos de la Educaci\u00f3n Cat\u00f3lica","isPartOf":{"@id":"https:\/\/www.omaec.org\/#website"},"datePublished":"2019-10-08T16:59:22+00:00","dateModified":"2019-10-08T16:59:22+00:00","breadcrumb":{"@id":"https:\/\/www.omaec.org\/en\/international-federation-of-catholic-universities-ifcu\/#breadcrumb"},"inLanguage":"en-US","potentialAction":[{"@type":"ReadAction","target":["https:\/\/www.omaec.org\/en\/international-federation-of-catholic-universities-ifcu\/"]}]},{"@type":"BreadcrumbList","@id":"https:\/\/www.omaec.org\/en\/international-federation-of-catholic-universities-ifcu\/#breadcrumb","itemListElement":[{"@type":"ListItem","position":1,"name":"Portada","item":"https:\/\/www.omaec.org\/en\/"},{"@type":"ListItem","position":2,"name":"International Federation of Catholic Universities (IFCU)"}]},{"@type":"WebSite","@id":"https:\/\/www.omaec.org\/#website","url":"https:\/\/www.omaec.org\/","name":"Organizaci\u00f3n Mundial de Antiguos Alumnos de la Educaci\u00f3n Cat\u00f3lica","description":"OMAEC","publisher":{"@id":"https:\/\/www.omaec.org\/#organization"},"potentialAction":[{"@type":"SearchAction","target":{"@type":"EntryPoint","urlTemplate":"https:\/\/www.omaec.org\/?s={search_term_string}"},"query-input":"required name=search_term_string"}],"inLanguage":"en-US"},{"@type":"Organization","@id":"https:\/\/www.omaec.org\/#organization","name":"Organizaci\u00f3n Mundial de Antiguos Alumnos de la Educaci\u00f3n Cat\u00f3lica","url":"https:\/\/www.omaec.org\/","logo":{"@type":"ImageObject","inLanguage":"en-US","@id":"https:\/\/www.omaec.org\/#\/schema\/logo\/image\/","url":"https:\/\/www.omaec.org\/wp-content\/uploads\/2021\/06\/OMAEC-LOGO-OFICIAL.jpg","contentUrl":"https:\/\/www.omaec.org\/wp-content\/uploads\/2021\/06\/OMAEC-LOGO-OFICIAL.jpg","width":525,"height":452,"caption":"Organizaci\u00f3n Mundial de Antiguos  Alumnos de la Educaci\u00f3n Cat\u00f3lica"},"image":{"@id":"https:\/\/www.omaec.org\/#\/schema\/logo\/image\/"}},{"@type":"Person","@id":"https:\/\/www.omaec.org\/#\/schema\/person\/b6995e5c4038e3cf602f2bb958068c35","name":"Secretario General","image":{"@type":"ImageObject","inLanguage":"en-US","@id":"https:\/\/www.omaec.org\/#\/schema\/person\/image\/","url":"https:\/\/www.omaec.org\/wp-content\/uploads\/2025\/03\/FOTO-GUILLERMO-GUTIERREZ-PIRAQUIVE-OMAEC-96x96.jpg","contentUrl":"https:\/\/www.omaec.org\/wp-content\/uploads\/2025\/03\/FOTO-GUILLERMO-GUTIERREZ-PIRAQUIVE-OMAEC-96x96.jpg","caption":"Secretario General"},"description":"EXPERIENCIA LABORAL: SERVICIO NACIONAL DE APRENDIZAJE-SENA Regional Bogot\u00e1. Centro de Gesti\u00f3n de Mercados, Log\u00edstica y Tecnolog\u00edas de la Informaci\u00f3n. \u00b7Instructor de Mercadeo. SERVICIO NACIONAL DE APRENDIZAJE-SENA Regional Bogot\u00e1. Centro de Gesti\u00f3n Administrativa. \u00b7Instructor de Ventas. ARTESAN\u00cdAS DE COLOMBIA. \u00b7Administrador Centro Artesanal La Chamba (Tolima). PROGRAMADORA TELECULTURALES. \u00b7Asistente de Direcci\u00f3n AGENCIAS DE PUBLICIDAD: REP Y MASTER \u00b7Jefe de Medios SANCHO PUBLICIDAD \u00b7Jefe de Tr\u00e1fico. LEO BURNETT \u00b7Asistente de Medios. EDUCACION: \u00b7FUNDACI\u00d3N UNIVERSITARIA SALESIANA Diplomado en Salesianidad. \u00b7POLIT\u00c9CNICO GRANCOLOMBIANO Especializaci\u00f3n en Gerencia de Mercadeo. \u00b7UNIVERSIDAD NACIONAL ABIERTA Y A DISTANCIA Administraci\u00f3n de Empresas. \u00b7SERVICIO NACIONAL DE APRENDIZAJE-SENA Mercadotecnia. \u00b7UNIVERSIDAD CENTRAL Publicidad. \u00b7COLEGIO SALESIANO DE LE\u00d3N XIII Bachiller Acad\u00e9mico. EXPERIENCIA EXALUMNAL: ASOCIACI\u00d3N DE EXALUMNOS SDB-AEXSDBINSPECTOR\u00cdA SAN PEDRO CLAVER Presidente Sexenio 2021-2027. \u00b7ASOCIACI\u00d3N DE EXALUMNOS SDB-AEXSDBINSPECTOR\u00cdA SAN PEDRO CLAVER Vicepresidente Sexenio 2015-2021. \u00b7COLEGIO SALESIANO DE LE\u00d3N XIII. L\u00edder Promoci\u00f3n 1969. EXALUMNAL","url":"https:\/\/www.omaec.org\/en\/author\/omaec-admin\/"}]}},"_links":{"self":[{"href":"https:\/\/www.omaec.org\/en\/wp-json\/wp\/v2\/posts\/4371","targetHints":{"allow":["GET"]}}],"collection":[{"href":"https:\/\/www.omaec.org\/en\/wp-json\/wp\/v2\/posts"}],"about":[{"href":"https:\/\/www.omaec.org\/en\/wp-json\/wp\/v2\/types\/post"}],"author":[{"embeddable":true,"href":"https:\/\/www.omaec.org\/en\/wp-json\/wp\/v2\/users\/1"}],"replies":[{"embeddable":true,"href":"https:\/\/www.omaec.org\/en\/wp-json\/wp\/v2\/comments?post=4371"}],"version-history":[{"count":1,"href":"https:\/\/www.omaec.org\/en\/wp-json\/wp\/v2\/posts\/4371\/revisions"}],"predecessor-version":[{"id":4372,"href":"https:\/\/www.omaec.org\/en\/wp-json\/wp\/v2\/posts\/4371\/revisions\/4372"}],"wp:featuredmedia":[{"embeddable":true,"href":"https:\/\/www.omaec.org\/en\/wp-json\/wp\/v2\/media\/4366"}],"wp:attachment":[{"href":"https:\/\/www.omaec.org\/en\/wp-json\/wp\/v2\/media?parent=4371"}],"wp:term":[{"taxonomy":"category","embeddable":true,"href":"https:\/\/www.omaec.org\/en\/wp-json\/wp\/v2\/categories?post=4371"},{"taxonomy":"post_tag","embeddable":true,"href":"https:\/\/www.omaec.org\/en\/wp-json\/wp\/v2\/tags?post=4371"}],"curies":[{"name":"wp","href":"https:\/\/api.w.org\/{rel}","templated":true}]}}