{"id":4113,"date":"2019-01-03T19:27:45","date_gmt":"2019-01-03T18:27:45","guid":{"rendered":"http:\/\/omaec.org\/?p=4113"},"modified":"2019-01-03T19:27:45","modified_gmt":"2019-01-03T18:27:45","slug":"malta-projects-erasmus-and-mentorpower-of-national-federation-of-past-pupils-and-friends-of-don-bosco","status":"publish","type":"post","link":"https:\/\/www.omaec.org\/en\/malta-projects-erasmus-and-mentorpower-of-national-federation-of-past-pupils-and-friends-of-don-bosco\/","title":{"rendered":"Malta \u2013 Projects Erasmus+ and Mentorpower of National Federation of Past Pupils and Friends of Don Bosco"},"content":{"rendered":"<p>Malta &#8211; November 2018 &#8211; <strong>The National Federation of Past Pupils and Friends of Don Bosco of Malta<\/strong> held their first international meeting of the &#8220;Mentorpower Project&#8221; supported by the Erasmus+ program financed by the European Union. This project aims to develop a handbook on how Past Pupils and members of the Salesian Family can offer a <em><strong>service of tutoring and accompaniment to young homeless people or who however lack the support of their family<\/strong><\/em>. The project will also formulate a training program with the first group of tutors to be formed in Malta in March 2019. The project&#8217;s partners come from 5 countries, thanks to the collaboration of Don Bosco&#8217;s National Past Pupils of Italy, Spain and of Slovakia; the &#8220;Osanna Pia Hostel&#8221; of Malta and the &#8220;Don Bosco Cares&#8221; of Ireland. During the meeting the participants shared their experiences and started to explore the structure of the manual and to identify the needs of the volunteers to be formed as tutors.<\/p>\n","protected":false},"excerpt":{"rendered":"<p>Malta &#8211; November 2018 &#8211; The National Federation of Past Pupils and Friends of Don Bosco of Malta held their first international meeting of the &#8220;Mentorpower Project&#8221; supported by the Erasmus+ program financed by the European Union. This project aims to develop a handbook on how Past Pupils and members of the Salesian Family can <a href=\"https:\/\/www.omaec.org\/en\/malta-projects-erasmus-and-mentorpower-of-national-federation-of-past-pupils-and-friends-of-don-bosco\/\" rel=\"nofollow\">(more&#8230;)<\/a><\/p>\n","protected":false},"author":1,"featured_media":4109,"comment_status":"closed","ping_status":"open","sticky":false,"template":"","format":"standard","meta":{"footnotes":""},"categories":[45],"tags":[],"class_list":["post-4113","post","type-post","status-publish","format-standard","has-post-thumbnail","hentry","category-solidarity"],"acf":[],"yoast_head":"<!-- This site is optimized with the Yoast SEO plugin v20.11 - https:\/\/yoast.com\/wordpress\/plugins\/seo\/ -->\n<title>Malta \u2013 Projects Erasmus+ and Mentorpower of National Federation of Past Pupils and Friends of Don Bosco - Organizaci\u00f3n Mundial de Antiguos Alumnos de la Educaci\u00f3n Cat\u00f3lica<\/title>\n<meta name=\"robots\" content=\"index, follow, max-snippet:-1, max-image-preview:large, max-video-preview:-1\" \/>\n<link rel=\"canonical\" href=\"https:\/\/www.omaec.org\/malta-proyecto-erasmus-y-proyecto-mentorpower-de-la-federacion-nacional-de-exalumnos-y-amigos-de-don-bosco\/\" \/>\n<meta property=\"og:locale\" content=\"en_US\" \/>\n<meta property=\"og:type\" content=\"article\" \/>\n<meta property=\"og:title\" content=\"Malta \u2013 Projects Erasmus+ and Mentorpower of National Federation of Past Pupils and Friends of Don Bosco - Organizaci\u00f3n Mundial de Antiguos Alumnos de la Educaci\u00f3n Cat\u00f3lica\" \/>\n<meta property=\"og:description\" content=\"Malta &#8211; November 2018 &#8211; The National Federation of Past Pupils and Friends of Don Bosco of Malta held their first international meeting of the &#8220;Mentorpower Project&#8221; supported by the Erasmus+ program financed by the European Union. This project aims to develop a handbook on how Past Pupils and members of the Salesian Family can (more...)\" \/>\n<meta property=\"og:url\" content=\"https:\/\/www.omaec.org\/malta-proyecto-erasmus-y-proyecto-mentorpower-de-la-federacion-nacional-de-exalumnos-y-amigos-de-don-bosco\/\" \/>\n<meta property=\"og:site_name\" content=\"Organizaci\u00f3n Mundial de Antiguos Alumnos de la Educaci\u00f3n Cat\u00f3lica\" \/>\n<meta property=\"article:published_time\" content=\"2019-01-03T18:27:45+00:00\" \/>\n<meta property=\"og:image\" content=\"https:\/\/www.omaec.org\/wp-content\/uploads\/2019\/01\/malta-2018-solidaria.jpg\" \/>\n\t<meta property=\"og:image:width\" content=\"1024\" \/>\n\t<meta property=\"og:image:height\" content=\"683\" \/>\n\t<meta property=\"og:image:type\" content=\"image\/jpeg\" \/>\n<meta name=\"author\" content=\"Secretario General\" \/>\n<meta name=\"twitter:card\" content=\"summary_large_image\" \/>\n<meta name=\"twitter:label1\" content=\"Written by\" \/>\n\t<meta name=\"twitter:data1\" content=\"Secretario General\" \/>\n\t<meta name=\"twitter:label2\" content=\"Est. reading time\" \/>\n\t<meta name=\"twitter:data2\" content=\"1 minute\" \/>\n<script type=\"application\/ld+json\" class=\"yoast-schema-graph\">{\"@context\":\"https:\/\/schema.org\",\"@graph\":[{\"@type\":\"Article\",\"@id\":\"https:\/\/www.omaec.org\/malta-proyecto-erasmus-y-proyecto-mentorpower-de-la-federacion-nacional-de-exalumnos-y-amigos-de-don-bosco\/#article\",\"isPartOf\":{\"@id\":\"https:\/\/www.omaec.org\/malta-proyecto-erasmus-y-proyecto-mentorpower-de-la-federacion-nacional-de-exalumnos-y-amigos-de-don-bosco\/\"},\"author\":{\"name\":\"Secretario General\",\"@id\":\"https:\/\/www.omaec.org\/#\/schema\/person\/b6995e5c4038e3cf602f2bb958068c35\"},\"headline\":\"Malta \u2013 Projects Erasmus+ and Mentorpower of National Federation of Past Pupils and Friends of Don Bosco\",\"datePublished\":\"2019-01-03T18:27:45+00:00\",\"dateModified\":\"2019-01-03T18:27:45+00:00\",\"mainEntityOfPage\":{\"@id\":\"https:\/\/www.omaec.org\/malta-proyecto-erasmus-y-proyecto-mentorpower-de-la-federacion-nacional-de-exalumnos-y-amigos-de-don-bosco\/\"},\"wordCount\":178,\"publisher\":{\"@id\":\"https:\/\/www.omaec.org\/#organization\"},\"articleSection\":[\"Solidarity\"],\"inLanguage\":\"en-US\"},{\"@type\":\"WebPage\",\"@id\":\"https:\/\/www.omaec.org\/malta-proyecto-erasmus-y-proyecto-mentorpower-de-la-federacion-nacional-de-exalumnos-y-amigos-de-don-bosco\/\",\"url\":\"https:\/\/www.omaec.org\/malta-proyecto-erasmus-y-proyecto-mentorpower-de-la-federacion-nacional-de-exalumnos-y-amigos-de-don-bosco\/\",\"name\":\"Malta \u2013 Projects Erasmus+ and Mentorpower of National Federation of Past Pupils and Friends of Don Bosco - Organizaci\u00f3n Mundial de Antiguos Alumnos de la Educaci\u00f3n Cat\u00f3lica\",\"isPartOf\":{\"@id\":\"https:\/\/www.omaec.org\/#website\"},\"datePublished\":\"2019-01-03T18:27:45+00:00\",\"dateModified\":\"2019-01-03T18:27:45+00:00\",\"breadcrumb\":{\"@id\":\"https:\/\/www.omaec.org\/malta-proyecto-erasmus-y-proyecto-mentorpower-de-la-federacion-nacional-de-exalumnos-y-amigos-de-don-bosco\/#breadcrumb\"},\"inLanguage\":\"en-US\",\"potentialAction\":[{\"@type\":\"ReadAction\",\"target\":[\"https:\/\/www.omaec.org\/malta-proyecto-erasmus-y-proyecto-mentorpower-de-la-federacion-nacional-de-exalumnos-y-amigos-de-don-bosco\/\"]}]},{\"@type\":\"BreadcrumbList\",\"@id\":\"https:\/\/www.omaec.org\/malta-proyecto-erasmus-y-proyecto-mentorpower-de-la-federacion-nacional-de-exalumnos-y-amigos-de-don-bosco\/#breadcrumb\",\"itemListElement\":[{\"@type\":\"ListItem\",\"position\":1,\"name\":\"Portada\",\"item\":\"https:\/\/www.omaec.org\/en\/\"},{\"@type\":\"ListItem\",\"position\":2,\"name\":\"Malta \u2013 Projects Erasmus+ and Mentorpower of National Federation of Past Pupils and Friends of Don Bosco\"}]},{\"@type\":\"WebSite\",\"@id\":\"https:\/\/www.omaec.org\/#website\",\"url\":\"https:\/\/www.omaec.org\/\",\"name\":\"Organizaci\u00f3n Mundial de Antiguos Alumnos de la Educaci\u00f3n Cat\u00f3lica\",\"description\":\"OMAEC\",\"publisher\":{\"@id\":\"https:\/\/www.omaec.org\/#organization\"},\"potentialAction\":[{\"@type\":\"SearchAction\",\"target\":{\"@type\":\"EntryPoint\",\"urlTemplate\":\"https:\/\/www.omaec.org\/?s={search_term_string}\"},\"query-input\":\"required name=search_term_string\"}],\"inLanguage\":\"en-US\"},{\"@type\":\"Organization\",\"@id\":\"https:\/\/www.omaec.org\/#organization\",\"name\":\"Organizaci\u00f3n Mundial de Antiguos Alumnos de la Educaci\u00f3n Cat\u00f3lica\",\"url\":\"https:\/\/www.omaec.org\/\",\"logo\":{\"@type\":\"ImageObject\",\"inLanguage\":\"en-US\",\"@id\":\"https:\/\/www.omaec.org\/#\/schema\/logo\/image\/\",\"url\":\"https:\/\/www.omaec.org\/wp-content\/uploads\/2021\/06\/OMAEC-LOGO-OFICIAL.jpg\",\"contentUrl\":\"https:\/\/www.omaec.org\/wp-content\/uploads\/2021\/06\/OMAEC-LOGO-OFICIAL.jpg\",\"width\":525,\"height\":452,\"caption\":\"Organizaci\u00f3n Mundial de Antiguos  Alumnos de la Educaci\u00f3n Cat\u00f3lica\"},\"image\":{\"@id\":\"https:\/\/www.omaec.org\/#\/schema\/logo\/image\/\"}},{\"@type\":\"Person\",\"@id\":\"https:\/\/www.omaec.org\/#\/schema\/person\/b6995e5c4038e3cf602f2bb958068c35\",\"name\":\"Secretario General\",\"image\":{\"@type\":\"ImageObject\",\"inLanguage\":\"en-US\",\"@id\":\"https:\/\/www.omaec.org\/#\/schema\/person\/image\/\",\"url\":\"https:\/\/www.omaec.org\/wp-content\/uploads\/2025\/03\/FOTO-GUILLERMO-GUTIERREZ-PIRAQUIVE-OMAEC-96x96.jpg\",\"contentUrl\":\"https:\/\/www.omaec.org\/wp-content\/uploads\/2025\/03\/FOTO-GUILLERMO-GUTIERREZ-PIRAQUIVE-OMAEC-96x96.jpg\",\"caption\":\"Secretario General\"},\"description\":\"EXPERIENCIA LABORAL: SERVICIO NACIONAL DE APRENDIZAJE-SENA Regional Bogot\u00e1. Centro de Gesti\u00f3n de Mercados, Log\u00edstica y Tecnolog\u00edas de la Informaci\u00f3n. \u00b7Instructor de Mercadeo. SERVICIO NACIONAL DE APRENDIZAJE-SENA Regional Bogot\u00e1. Centro de Gesti\u00f3n Administrativa. \u00b7Instructor de Ventas. ARTESAN\u00cdAS DE COLOMBIA. \u00b7Administrador Centro Artesanal La Chamba (Tolima). PROGRAMADORA TELECULTURALES. \u00b7Asistente de Direcci\u00f3n AGENCIAS DE PUBLICIDAD: REP Y MASTER \u00b7Jefe de Medios SANCHO PUBLICIDAD \u00b7Jefe de Tr\u00e1fico. LEO BURNETT \u00b7Asistente de Medios. EDUCACION: \u00b7FUNDACI\u00d3N UNIVERSITARIA SALESIANA Diplomado en Salesianidad. \u00b7POLIT\u00c9CNICO GRANCOLOMBIANO Especializaci\u00f3n en Gerencia de Mercadeo. \u00b7UNIVERSIDAD NACIONAL ABIERTA Y A DISTANCIA Administraci\u00f3n de Empresas. \u00b7SERVICIO NACIONAL DE APRENDIZAJE-SENA Mercadotecnia. \u00b7UNIVERSIDAD CENTRAL Publicidad. \u00b7COLEGIO SALESIANO DE LE\u00d3N XIII Bachiller Acad\u00e9mico. EXPERIENCIA EXALUMNAL: ASOCIACI\u00d3N DE EXALUMNOS SDB-AEXSDBINSPECTOR\u00cdA SAN PEDRO CLAVER Presidente Sexenio 2021-2027. \u00b7ASOCIACI\u00d3N DE EXALUMNOS SDB-AEXSDBINSPECTOR\u00cdA SAN PEDRO CLAVER Vicepresidente Sexenio 2015-2021. \u00b7COLEGIO SALESIANO DE LE\u00d3N XIII. L\u00edder Promoci\u00f3n 1969. EXALUMNAL\",\"url\":\"https:\/\/www.omaec.org\/en\/author\/omaec-admin\/\"}]}<\/script>\n<!-- \/ Yoast SEO plugin. -->","yoast_head_json":{"title":"Malta \u2013 Projects Erasmus+ and Mentorpower of National Federation of Past Pupils and Friends of Don Bosco - Organizaci\u00f3n Mundial de Antiguos Alumnos de la Educaci\u00f3n Cat\u00f3lica","robots":{"index":"index","follow":"follow","max-snippet":"max-snippet:-1","max-image-preview":"max-image-preview:large","max-video-preview":"max-video-preview:-1"},"canonical":"https:\/\/www.omaec.org\/malta-proyecto-erasmus-y-proyecto-mentorpower-de-la-federacion-nacional-de-exalumnos-y-amigos-de-don-bosco\/","og_locale":"en_US","og_type":"article","og_title":"Malta \u2013 Projects Erasmus+ and Mentorpower of National Federation of Past Pupils and Friends of Don Bosco - Organizaci\u00f3n Mundial de Antiguos Alumnos de la Educaci\u00f3n Cat\u00f3lica","og_description":"Malta &#8211; November 2018 &#8211; The National Federation of Past Pupils and Friends of Don Bosco of Malta held their first international meeting of the &#8220;Mentorpower Project&#8221; supported by the Erasmus+ program financed by the European Union. This project aims to develop a handbook on how Past Pupils and members of the Salesian Family can (more...)","og_url":"https:\/\/www.omaec.org\/malta-proyecto-erasmus-y-proyecto-mentorpower-de-la-federacion-nacional-de-exalumnos-y-amigos-de-don-bosco\/","og_site_name":"Organizaci\u00f3n Mundial de Antiguos Alumnos de la Educaci\u00f3n Cat\u00f3lica","article_published_time":"2019-01-03T18:27:45+00:00","og_image":[{"width":1024,"height":683,"url":"https:\/\/www.omaec.org\/wp-content\/uploads\/2019\/01\/malta-2018-solidaria.jpg","type":"image\/jpeg"}],"author":"Secretario General","twitter_card":"summary_large_image","twitter_misc":{"Written by":"Secretario General","Est. reading time":"1 minute"},"schema":{"@context":"https:\/\/schema.org","@graph":[{"@type":"Article","@id":"https:\/\/www.omaec.org\/malta-proyecto-erasmus-y-proyecto-mentorpower-de-la-federacion-nacional-de-exalumnos-y-amigos-de-don-bosco\/#article","isPartOf":{"@id":"https:\/\/www.omaec.org\/malta-proyecto-erasmus-y-proyecto-mentorpower-de-la-federacion-nacional-de-exalumnos-y-amigos-de-don-bosco\/"},"author":{"name":"Secretario General","@id":"https:\/\/www.omaec.org\/#\/schema\/person\/b6995e5c4038e3cf602f2bb958068c35"},"headline":"Malta \u2013 Projects Erasmus+ and Mentorpower of National Federation of Past Pupils and Friends of Don Bosco","datePublished":"2019-01-03T18:27:45+00:00","dateModified":"2019-01-03T18:27:45+00:00","mainEntityOfPage":{"@id":"https:\/\/www.omaec.org\/malta-proyecto-erasmus-y-proyecto-mentorpower-de-la-federacion-nacional-de-exalumnos-y-amigos-de-don-bosco\/"},"wordCount":178,"publisher":{"@id":"https:\/\/www.omaec.org\/#organization"},"articleSection":["Solidarity"],"inLanguage":"en-US"},{"@type":"WebPage","@id":"https:\/\/www.omaec.org\/malta-proyecto-erasmus-y-proyecto-mentorpower-de-la-federacion-nacional-de-exalumnos-y-amigos-de-don-bosco\/","url":"https:\/\/www.omaec.org\/malta-proyecto-erasmus-y-proyecto-mentorpower-de-la-federacion-nacional-de-exalumnos-y-amigos-de-don-bosco\/","name":"Malta \u2013 Projects Erasmus+ and Mentorpower of National Federation of Past Pupils and Friends of Don Bosco - Organizaci\u00f3n Mundial de Antiguos Alumnos de la Educaci\u00f3n Cat\u00f3lica","isPartOf":{"@id":"https:\/\/www.omaec.org\/#website"},"datePublished":"2019-01-03T18:27:45+00:00","dateModified":"2019-01-03T18:27:45+00:00","breadcrumb":{"@id":"https:\/\/www.omaec.org\/malta-proyecto-erasmus-y-proyecto-mentorpower-de-la-federacion-nacional-de-exalumnos-y-amigos-de-don-bosco\/#breadcrumb"},"inLanguage":"en-US","potentialAction":[{"@type":"ReadAction","target":["https:\/\/www.omaec.org\/malta-proyecto-erasmus-y-proyecto-mentorpower-de-la-federacion-nacional-de-exalumnos-y-amigos-de-don-bosco\/"]}]},{"@type":"BreadcrumbList","@id":"https:\/\/www.omaec.org\/malta-proyecto-erasmus-y-proyecto-mentorpower-de-la-federacion-nacional-de-exalumnos-y-amigos-de-don-bosco\/#breadcrumb","itemListElement":[{"@type":"ListItem","position":1,"name":"Portada","item":"https:\/\/www.omaec.org\/en\/"},{"@type":"ListItem","position":2,"name":"Malta \u2013 Projects Erasmus+ and Mentorpower of National Federation of Past Pupils and Friends of Don Bosco"}]},{"@type":"WebSite","@id":"https:\/\/www.omaec.org\/#website","url":"https:\/\/www.omaec.org\/","name":"Organizaci\u00f3n Mundial de Antiguos Alumnos de la Educaci\u00f3n Cat\u00f3lica","description":"OMAEC","publisher":{"@id":"https:\/\/www.omaec.org\/#organization"},"potentialAction":[{"@type":"SearchAction","target":{"@type":"EntryPoint","urlTemplate":"https:\/\/www.omaec.org\/?s={search_term_string}"},"query-input":"required name=search_term_string"}],"inLanguage":"en-US"},{"@type":"Organization","@id":"https:\/\/www.omaec.org\/#organization","name":"Organizaci\u00f3n Mundial de Antiguos Alumnos de la Educaci\u00f3n Cat\u00f3lica","url":"https:\/\/www.omaec.org\/","logo":{"@type":"ImageObject","inLanguage":"en-US","@id":"https:\/\/www.omaec.org\/#\/schema\/logo\/image\/","url":"https:\/\/www.omaec.org\/wp-content\/uploads\/2021\/06\/OMAEC-LOGO-OFICIAL.jpg","contentUrl":"https:\/\/www.omaec.org\/wp-content\/uploads\/2021\/06\/OMAEC-LOGO-OFICIAL.jpg","width":525,"height":452,"caption":"Organizaci\u00f3n Mundial de Antiguos  Alumnos de la Educaci\u00f3n Cat\u00f3lica"},"image":{"@id":"https:\/\/www.omaec.org\/#\/schema\/logo\/image\/"}},{"@type":"Person","@id":"https:\/\/www.omaec.org\/#\/schema\/person\/b6995e5c4038e3cf602f2bb958068c35","name":"Secretario General","image":{"@type":"ImageObject","inLanguage":"en-US","@id":"https:\/\/www.omaec.org\/#\/schema\/person\/image\/","url":"https:\/\/www.omaec.org\/wp-content\/uploads\/2025\/03\/FOTO-GUILLERMO-GUTIERREZ-PIRAQUIVE-OMAEC-96x96.jpg","contentUrl":"https:\/\/www.omaec.org\/wp-content\/uploads\/2025\/03\/FOTO-GUILLERMO-GUTIERREZ-PIRAQUIVE-OMAEC-96x96.jpg","caption":"Secretario General"},"description":"EXPERIENCIA LABORAL: SERVICIO NACIONAL DE APRENDIZAJE-SENA Regional Bogot\u00e1. Centro de Gesti\u00f3n de Mercados, Log\u00edstica y Tecnolog\u00edas de la Informaci\u00f3n. \u00b7Instructor de Mercadeo. SERVICIO NACIONAL DE APRENDIZAJE-SENA Regional Bogot\u00e1. Centro de Gesti\u00f3n Administrativa. \u00b7Instructor de Ventas. ARTESAN\u00cdAS DE COLOMBIA. \u00b7Administrador Centro Artesanal La Chamba (Tolima). PROGRAMADORA TELECULTURALES. \u00b7Asistente de Direcci\u00f3n AGENCIAS DE PUBLICIDAD: REP Y MASTER \u00b7Jefe de Medios SANCHO PUBLICIDAD \u00b7Jefe de Tr\u00e1fico. LEO BURNETT \u00b7Asistente de Medios. EDUCACION: \u00b7FUNDACI\u00d3N UNIVERSITARIA SALESIANA Diplomado en Salesianidad. \u00b7POLIT\u00c9CNICO GRANCOLOMBIANO Especializaci\u00f3n en Gerencia de Mercadeo. \u00b7UNIVERSIDAD NACIONAL ABIERTA Y A DISTANCIA Administraci\u00f3n de Empresas. \u00b7SERVICIO NACIONAL DE APRENDIZAJE-SENA Mercadotecnia. \u00b7UNIVERSIDAD CENTRAL Publicidad. \u00b7COLEGIO SALESIANO DE LE\u00d3N XIII Bachiller Acad\u00e9mico. EXPERIENCIA EXALUMNAL: ASOCIACI\u00d3N DE EXALUMNOS SDB-AEXSDBINSPECTOR\u00cdA SAN PEDRO CLAVER Presidente Sexenio 2021-2027. \u00b7ASOCIACI\u00d3N DE EXALUMNOS SDB-AEXSDBINSPECTOR\u00cdA SAN PEDRO CLAVER Vicepresidente Sexenio 2015-2021. \u00b7COLEGIO SALESIANO DE LE\u00d3N XIII. L\u00edder Promoci\u00f3n 1969. EXALUMNAL","url":"https:\/\/www.omaec.org\/en\/author\/omaec-admin\/"}]}},"_links":{"self":[{"href":"https:\/\/www.omaec.org\/en\/wp-json\/wp\/v2\/posts\/4113","targetHints":{"allow":["GET"]}}],"collection":[{"href":"https:\/\/www.omaec.org\/en\/wp-json\/wp\/v2\/posts"}],"about":[{"href":"https:\/\/www.omaec.org\/en\/wp-json\/wp\/v2\/types\/post"}],"author":[{"embeddable":true,"href":"https:\/\/www.omaec.org\/en\/wp-json\/wp\/v2\/users\/1"}],"replies":[{"embeddable":true,"href":"https:\/\/www.omaec.org\/en\/wp-json\/wp\/v2\/comments?post=4113"}],"version-history":[{"count":1,"href":"https:\/\/www.omaec.org\/en\/wp-json\/wp\/v2\/posts\/4113\/revisions"}],"predecessor-version":[{"id":4114,"href":"https:\/\/www.omaec.org\/en\/wp-json\/wp\/v2\/posts\/4113\/revisions\/4114"}],"wp:featuredmedia":[{"embeddable":true,"href":"https:\/\/www.omaec.org\/en\/wp-json\/wp\/v2\/media\/4109"}],"wp:attachment":[{"href":"https:\/\/www.omaec.org\/en\/wp-json\/wp\/v2\/media?parent=4113"}],"wp:term":[{"taxonomy":"category","embeddable":true,"href":"https:\/\/www.omaec.org\/en\/wp-json\/wp\/v2\/categories?post=4113"},{"taxonomy":"post_tag","embeddable":true,"href":"https:\/\/www.omaec.org\/en\/wp-json\/wp\/v2\/tags?post=4113"}],"curies":[{"name":"wp","href":"https:\/\/api.w.org\/{rel}","templated":true}]}}