{"id":3846,"date":"2018-05-09T20:05:48","date_gmt":"2018-05-09T19:05:48","guid":{"rendered":"http:\/\/omaec.org\/?p=3846"},"modified":"2018-05-09T20:05:48","modified_gmt":"2018-05-09T19:05:48","slug":"3846","status":"publish","type":"post","link":"https:\/\/www.omaec.org\/en\/3846\/","title":{"rendered":"Convergence Workshop&#8221; at CCIC headquarters in Paris"},"content":{"rendered":"<p><strong>April 11, 2018 &#8220;Convergence Workshop&#8221; at CCIC headquarters in Paris<\/strong><\/p>\n<p>A meeting of delegates of Catholic-inspired NGOs forming the platform of UNESCO&#8217;spartner CCIC (International Catholic Centre for Cooperation with UNESCO) washeld on 11 April at CCIC headquarters in Paris.<\/p>\n<p>The aimwas to highlight the themesthatbring NGOs together.<\/p>\n<p>40 NGO representatives met for a working meeting . Theynotedthat a deep agreement existed between them on the values that motivate them and on the other hand, that the specificities of each NGO on geographical representativeness, target audiences, means of action that remain different. The functions in the Church are varied but itisalways the same Lord&#8221; (Cor 12), says Saint Paul.<a href=\"http:\/\/omaec.org\/wp-content\/uploads\/2018\/05\/20180411_144305.jpg\" rel=\"attachment wp-att-3842\"><img loading=\"lazy\" decoding=\"async\" class=\"size-medium wp-image-3842 alignleft\" src=\"http:\/\/omaec.org\/wp-content\/uploads\/2018\/05\/20180411_144305-300x180.jpg\" alt=\"20180411_144305\" width=\"300\" height=\"180\" srcset=\"https:\/\/www.omaec.org\/wp-content\/uploads\/2018\/05\/20180411_144305-300x180.jpg 300w, https:\/\/www.omaec.org\/wp-content\/uploads\/2018\/05\/20180411_144305-768x461.jpg 768w, https:\/\/www.omaec.org\/wp-content\/uploads\/2018\/05\/20180411_144305-1024x614.jpg 1024w, https:\/\/www.omaec.org\/wp-content\/uploads\/2018\/05\/20180411_144305-600x360.jpg 600w, https:\/\/www.omaec.org\/wp-content\/uploads\/2018\/05\/20180411_144305-150x90.jpg 150w\" sizes=\"auto, (max-width: 300px) 100vw, 300px\" \/><\/a><\/p>\n<p>Carefully prepared, the exercise of this meeting consisted in condensing every one&#8217;s reflectioninto very short sentences written on a &#8220;post&#8217;it&#8221;. These &#8220;post&#8217;it&#8221; have been aggregated to other saccording to close thoughts, reflections or proposals. Clouds of ideas have thusemerged.<\/p>\n<p>Each participant having been able to express him selffreely, we observe a real unity of opinion on subjectssuch as education, young people, women and girls, Africa, poverty, migrants&#8230; which constitute the common foundation of the Catholic NGO platformaround the CCIC allowing relevant and effective advocacy with UNESCO.<\/p>\n<h2 class=\"default-style\"><\/h2>\n<p>&nbsp;<\/p>\n<p>&nbsp;<\/p>\n","protected":false},"excerpt":{"rendered":"<p>April 11, 2018 &#8220;Convergence Workshop&#8221; at CCIC headquarters in Paris A meeting of delegates of Catholic-inspired NGOs forming the platform of UNESCO&#8217;spartner CCIC (International Catholic Centre for Cooperation with UNESCO) washeld on 11 April at CCIC headquarters in Paris. The aimwas to highlight the themesthatbring NGOs together. 40 NGO representatives met for a working meeting <a href=\"https:\/\/www.omaec.org\/en\/3846\/\" rel=\"nofollow\">(more&#8230;)<\/a><\/p>\n","protected":false},"author":1,"featured_media":3841,"comment_status":"closed","ping_status":"open","sticky":false,"template":"","format":"standard","meta":{"footnotes":""},"categories":[47],"tags":[],"class_list":["post-3846","post","type-post","status-publish","format-standard","has-post-thumbnail","hentry","category-conference-en"],"acf":[],"yoast_head":"<!-- This site is optimized with the Yoast SEO plugin v20.11 - https:\/\/yoast.com\/wordpress\/plugins\/seo\/ -->\n<title>Convergence Workshop&quot; at CCIC headquarters in Paris - Organizaci\u00f3n Mundial de Antiguos Alumnos de la Educaci\u00f3n Cat\u00f3lica<\/title>\n<meta name=\"robots\" content=\"index, follow, max-snippet:-1, max-image-preview:large, max-video-preview:-1\" \/>\n<link rel=\"canonical\" href=\"https:\/\/www.omaec.org\/taller-de-convergencia-en-la-sede-del-ccic-en-paris\/\" \/>\n<meta property=\"og:locale\" content=\"en_US\" \/>\n<meta property=\"og:type\" content=\"article\" \/>\n<meta property=\"og:title\" content=\"Convergence Workshop&quot; at CCIC headquarters in Paris - Organizaci\u00f3n Mundial de Antiguos Alumnos de la Educaci\u00f3n Cat\u00f3lica\" \/>\n<meta property=\"og:description\" content=\"April 11, 2018 &#8220;Convergence Workshop&#8221; at CCIC headquarters in Paris A meeting of delegates of Catholic-inspired NGOs forming the platform of UNESCO&#8217;spartner CCIC (International Catholic Centre for Cooperation with UNESCO) washeld on 11 April at CCIC headquarters in Paris. The aimwas to highlight the themesthatbring NGOs together. 40 NGO representatives met for a working meeting (more...)\" \/>\n<meta property=\"og:url\" content=\"https:\/\/www.omaec.org\/taller-de-convergencia-en-la-sede-del-ccic-en-paris\/\" \/>\n<meta property=\"og:site_name\" content=\"Organizaci\u00f3n Mundial de Antiguos Alumnos de la Educaci\u00f3n Cat\u00f3lica\" \/>\n<meta property=\"article:published_time\" content=\"2018-05-09T19:05:48+00:00\" \/>\n<meta property=\"og:image\" content=\"https:\/\/www.omaec.org\/wp-content\/uploads\/2018\/05\/20180411_155238-1.jpg\" \/>\n\t<meta property=\"og:image:width\" content=\"2560\" \/>\n\t<meta property=\"og:image:height\" content=\"1536\" \/>\n\t<meta property=\"og:image:type\" content=\"image\/jpeg\" \/>\n<meta name=\"author\" content=\"Secretario General\" \/>\n<meta name=\"twitter:card\" content=\"summary_large_image\" \/>\n<meta name=\"twitter:label1\" content=\"Written by\" \/>\n\t<meta name=\"twitter:data1\" content=\"Secretario General\" \/>\n\t<meta name=\"twitter:label2\" content=\"Est. reading time\" \/>\n\t<meta name=\"twitter:data2\" content=\"1 minute\" \/>\n<script type=\"application\/ld+json\" class=\"yoast-schema-graph\">{\"@context\":\"https:\/\/schema.org\",\"@graph\":[{\"@type\":\"Article\",\"@id\":\"https:\/\/www.omaec.org\/taller-de-convergencia-en-la-sede-del-ccic-en-paris\/#article\",\"isPartOf\":{\"@id\":\"https:\/\/www.omaec.org\/taller-de-convergencia-en-la-sede-del-ccic-en-paris\/\"},\"author\":{\"name\":\"Secretario General\",\"@id\":\"https:\/\/www.omaec.org\/#\/schema\/person\/b6995e5c4038e3cf602f2bb958068c35\"},\"headline\":\"Convergence Workshop&#8221; at CCIC headquarters in Paris\",\"datePublished\":\"2018-05-09T19:05:48+00:00\",\"dateModified\":\"2018-05-09T19:05:48+00:00\",\"mainEntityOfPage\":{\"@id\":\"https:\/\/www.omaec.org\/taller-de-convergencia-en-la-sede-del-ccic-en-paris\/\"},\"wordCount\":201,\"publisher\":{\"@id\":\"https:\/\/www.omaec.org\/#organization\"},\"articleSection\":[\"Conferences\"],\"inLanguage\":\"en-US\"},{\"@type\":\"WebPage\",\"@id\":\"https:\/\/www.omaec.org\/taller-de-convergencia-en-la-sede-del-ccic-en-paris\/\",\"url\":\"https:\/\/www.omaec.org\/taller-de-convergencia-en-la-sede-del-ccic-en-paris\/\",\"name\":\"Convergence Workshop\\\" at CCIC headquarters in Paris - Organizaci\u00f3n Mundial de Antiguos Alumnos de la Educaci\u00f3n Cat\u00f3lica\",\"isPartOf\":{\"@id\":\"https:\/\/www.omaec.org\/#website\"},\"datePublished\":\"2018-05-09T19:05:48+00:00\",\"dateModified\":\"2018-05-09T19:05:48+00:00\",\"breadcrumb\":{\"@id\":\"https:\/\/www.omaec.org\/taller-de-convergencia-en-la-sede-del-ccic-en-paris\/#breadcrumb\"},\"inLanguage\":\"en-US\",\"potentialAction\":[{\"@type\":\"ReadAction\",\"target\":[\"https:\/\/www.omaec.org\/taller-de-convergencia-en-la-sede-del-ccic-en-paris\/\"]}]},{\"@type\":\"BreadcrumbList\",\"@id\":\"https:\/\/www.omaec.org\/taller-de-convergencia-en-la-sede-del-ccic-en-paris\/#breadcrumb\",\"itemListElement\":[{\"@type\":\"ListItem\",\"position\":1,\"name\":\"Portada\",\"item\":\"https:\/\/www.omaec.org\/en\/\"},{\"@type\":\"ListItem\",\"position\":2,\"name\":\"Convergence Workshop\u00bb at CCIC headquarters in Paris\"}]},{\"@type\":\"WebSite\",\"@id\":\"https:\/\/www.omaec.org\/#website\",\"url\":\"https:\/\/www.omaec.org\/\",\"name\":\"Organizaci\u00f3n Mundial de Antiguos Alumnos de la Educaci\u00f3n Cat\u00f3lica\",\"description\":\"OMAEC\",\"publisher\":{\"@id\":\"https:\/\/www.omaec.org\/#organization\"},\"potentialAction\":[{\"@type\":\"SearchAction\",\"target\":{\"@type\":\"EntryPoint\",\"urlTemplate\":\"https:\/\/www.omaec.org\/?s={search_term_string}\"},\"query-input\":\"required name=search_term_string\"}],\"inLanguage\":\"en-US\"},{\"@type\":\"Organization\",\"@id\":\"https:\/\/www.omaec.org\/#organization\",\"name\":\"Organizaci\u00f3n Mundial de Antiguos Alumnos de la Educaci\u00f3n Cat\u00f3lica\",\"url\":\"https:\/\/www.omaec.org\/\",\"logo\":{\"@type\":\"ImageObject\",\"inLanguage\":\"en-US\",\"@id\":\"https:\/\/www.omaec.org\/#\/schema\/logo\/image\/\",\"url\":\"https:\/\/www.omaec.org\/wp-content\/uploads\/2021\/06\/OMAEC-LOGO-OFICIAL.jpg\",\"contentUrl\":\"https:\/\/www.omaec.org\/wp-content\/uploads\/2021\/06\/OMAEC-LOGO-OFICIAL.jpg\",\"width\":525,\"height\":452,\"caption\":\"Organizaci\u00f3n Mundial de Antiguos  Alumnos de la Educaci\u00f3n Cat\u00f3lica\"},\"image\":{\"@id\":\"https:\/\/www.omaec.org\/#\/schema\/logo\/image\/\"}},{\"@type\":\"Person\",\"@id\":\"https:\/\/www.omaec.org\/#\/schema\/person\/b6995e5c4038e3cf602f2bb958068c35\",\"name\":\"Secretario General\",\"image\":{\"@type\":\"ImageObject\",\"inLanguage\":\"en-US\",\"@id\":\"https:\/\/www.omaec.org\/#\/schema\/person\/image\/\",\"url\":\"https:\/\/www.omaec.org\/wp-content\/uploads\/2025\/03\/FOTO-GUILLERMO-GUTIERREZ-PIRAQUIVE-OMAEC-96x96.jpg\",\"contentUrl\":\"https:\/\/www.omaec.org\/wp-content\/uploads\/2025\/03\/FOTO-GUILLERMO-GUTIERREZ-PIRAQUIVE-OMAEC-96x96.jpg\",\"caption\":\"Secretario General\"},\"description\":\"EXPERIENCIA LABORAL: SERVICIO NACIONAL DE APRENDIZAJE-SENA Regional Bogot\u00e1. Centro de Gesti\u00f3n de Mercados, Log\u00edstica y Tecnolog\u00edas de la Informaci\u00f3n. \u00b7Instructor de Mercadeo. SERVICIO NACIONAL DE APRENDIZAJE-SENA Regional Bogot\u00e1. Centro de Gesti\u00f3n Administrativa. \u00b7Instructor de Ventas. ARTESAN\u00cdAS DE COLOMBIA. \u00b7Administrador Centro Artesanal La Chamba (Tolima). PROGRAMADORA TELECULTURALES. \u00b7Asistente de Direcci\u00f3n AGENCIAS DE PUBLICIDAD: REP Y MASTER \u00b7Jefe de Medios SANCHO PUBLICIDAD \u00b7Jefe de Tr\u00e1fico. LEO BURNETT \u00b7Asistente de Medios. EDUCACION: \u00b7FUNDACI\u00d3N UNIVERSITARIA SALESIANA Diplomado en Salesianidad. \u00b7POLIT\u00c9CNICO GRANCOLOMBIANO Especializaci\u00f3n en Gerencia de Mercadeo. \u00b7UNIVERSIDAD NACIONAL ABIERTA Y A DISTANCIA Administraci\u00f3n de Empresas. \u00b7SERVICIO NACIONAL DE APRENDIZAJE-SENA Mercadotecnia. \u00b7UNIVERSIDAD CENTRAL Publicidad. \u00b7COLEGIO SALESIANO DE LE\u00d3N XIII Bachiller Acad\u00e9mico. EXPERIENCIA EXALUMNAL: ASOCIACI\u00d3N DE EXALUMNOS SDB-AEXSDBINSPECTOR\u00cdA SAN PEDRO CLAVER Presidente Sexenio 2021-2027. \u00b7ASOCIACI\u00d3N DE EXALUMNOS SDB-AEXSDBINSPECTOR\u00cdA SAN PEDRO CLAVER Vicepresidente Sexenio 2015-2021. \u00b7COLEGIO SALESIANO DE LE\u00d3N XIII. L\u00edder Promoci\u00f3n 1969. EXALUMNAL\",\"url\":\"https:\/\/www.omaec.org\/en\/author\/omaec-admin\/\"}]}<\/script>\n<!-- \/ Yoast SEO plugin. -->","yoast_head_json":{"title":"Convergence Workshop\" at CCIC headquarters in Paris - Organizaci\u00f3n Mundial de Antiguos Alumnos de la Educaci\u00f3n Cat\u00f3lica","robots":{"index":"index","follow":"follow","max-snippet":"max-snippet:-1","max-image-preview":"max-image-preview:large","max-video-preview":"max-video-preview:-1"},"canonical":"https:\/\/www.omaec.org\/taller-de-convergencia-en-la-sede-del-ccic-en-paris\/","og_locale":"en_US","og_type":"article","og_title":"Convergence Workshop\" at CCIC headquarters in Paris - Organizaci\u00f3n Mundial de Antiguos Alumnos de la Educaci\u00f3n Cat\u00f3lica","og_description":"April 11, 2018 &#8220;Convergence Workshop&#8221; at CCIC headquarters in Paris A meeting of delegates of Catholic-inspired NGOs forming the platform of UNESCO&#8217;spartner CCIC (International Catholic Centre for Cooperation with UNESCO) washeld on 11 April at CCIC headquarters in Paris. The aimwas to highlight the themesthatbring NGOs together. 40 NGO representatives met for a working meeting (more...)","og_url":"https:\/\/www.omaec.org\/taller-de-convergencia-en-la-sede-del-ccic-en-paris\/","og_site_name":"Organizaci\u00f3n Mundial de Antiguos Alumnos de la Educaci\u00f3n Cat\u00f3lica","article_published_time":"2018-05-09T19:05:48+00:00","og_image":[{"width":2560,"height":1536,"url":"https:\/\/www.omaec.org\/wp-content\/uploads\/2018\/05\/20180411_155238-1.jpg","type":"image\/jpeg"}],"author":"Secretario General","twitter_card":"summary_large_image","twitter_misc":{"Written by":"Secretario General","Est. reading time":"1 minute"},"schema":{"@context":"https:\/\/schema.org","@graph":[{"@type":"Article","@id":"https:\/\/www.omaec.org\/taller-de-convergencia-en-la-sede-del-ccic-en-paris\/#article","isPartOf":{"@id":"https:\/\/www.omaec.org\/taller-de-convergencia-en-la-sede-del-ccic-en-paris\/"},"author":{"name":"Secretario General","@id":"https:\/\/www.omaec.org\/#\/schema\/person\/b6995e5c4038e3cf602f2bb958068c35"},"headline":"Convergence Workshop&#8221; at CCIC headquarters in Paris","datePublished":"2018-05-09T19:05:48+00:00","dateModified":"2018-05-09T19:05:48+00:00","mainEntityOfPage":{"@id":"https:\/\/www.omaec.org\/taller-de-convergencia-en-la-sede-del-ccic-en-paris\/"},"wordCount":201,"publisher":{"@id":"https:\/\/www.omaec.org\/#organization"},"articleSection":["Conferences"],"inLanguage":"en-US"},{"@type":"WebPage","@id":"https:\/\/www.omaec.org\/taller-de-convergencia-en-la-sede-del-ccic-en-paris\/","url":"https:\/\/www.omaec.org\/taller-de-convergencia-en-la-sede-del-ccic-en-paris\/","name":"Convergence Workshop\" at CCIC headquarters in Paris - Organizaci\u00f3n Mundial de Antiguos Alumnos de la Educaci\u00f3n Cat\u00f3lica","isPartOf":{"@id":"https:\/\/www.omaec.org\/#website"},"datePublished":"2018-05-09T19:05:48+00:00","dateModified":"2018-05-09T19:05:48+00:00","breadcrumb":{"@id":"https:\/\/www.omaec.org\/taller-de-convergencia-en-la-sede-del-ccic-en-paris\/#breadcrumb"},"inLanguage":"en-US","potentialAction":[{"@type":"ReadAction","target":["https:\/\/www.omaec.org\/taller-de-convergencia-en-la-sede-del-ccic-en-paris\/"]}]},{"@type":"BreadcrumbList","@id":"https:\/\/www.omaec.org\/taller-de-convergencia-en-la-sede-del-ccic-en-paris\/#breadcrumb","itemListElement":[{"@type":"ListItem","position":1,"name":"Portada","item":"https:\/\/www.omaec.org\/en\/"},{"@type":"ListItem","position":2,"name":"Convergence Workshop\u00bb at CCIC headquarters in Paris"}]},{"@type":"WebSite","@id":"https:\/\/www.omaec.org\/#website","url":"https:\/\/www.omaec.org\/","name":"Organizaci\u00f3n Mundial de Antiguos Alumnos de la Educaci\u00f3n Cat\u00f3lica","description":"OMAEC","publisher":{"@id":"https:\/\/www.omaec.org\/#organization"},"potentialAction":[{"@type":"SearchAction","target":{"@type":"EntryPoint","urlTemplate":"https:\/\/www.omaec.org\/?s={search_term_string}"},"query-input":"required name=search_term_string"}],"inLanguage":"en-US"},{"@type":"Organization","@id":"https:\/\/www.omaec.org\/#organization","name":"Organizaci\u00f3n Mundial de Antiguos Alumnos de la Educaci\u00f3n Cat\u00f3lica","url":"https:\/\/www.omaec.org\/","logo":{"@type":"ImageObject","inLanguage":"en-US","@id":"https:\/\/www.omaec.org\/#\/schema\/logo\/image\/","url":"https:\/\/www.omaec.org\/wp-content\/uploads\/2021\/06\/OMAEC-LOGO-OFICIAL.jpg","contentUrl":"https:\/\/www.omaec.org\/wp-content\/uploads\/2021\/06\/OMAEC-LOGO-OFICIAL.jpg","width":525,"height":452,"caption":"Organizaci\u00f3n Mundial de Antiguos  Alumnos de la Educaci\u00f3n Cat\u00f3lica"},"image":{"@id":"https:\/\/www.omaec.org\/#\/schema\/logo\/image\/"}},{"@type":"Person","@id":"https:\/\/www.omaec.org\/#\/schema\/person\/b6995e5c4038e3cf602f2bb958068c35","name":"Secretario General","image":{"@type":"ImageObject","inLanguage":"en-US","@id":"https:\/\/www.omaec.org\/#\/schema\/person\/image\/","url":"https:\/\/www.omaec.org\/wp-content\/uploads\/2025\/03\/FOTO-GUILLERMO-GUTIERREZ-PIRAQUIVE-OMAEC-96x96.jpg","contentUrl":"https:\/\/www.omaec.org\/wp-content\/uploads\/2025\/03\/FOTO-GUILLERMO-GUTIERREZ-PIRAQUIVE-OMAEC-96x96.jpg","caption":"Secretario General"},"description":"EXPERIENCIA LABORAL: SERVICIO NACIONAL DE APRENDIZAJE-SENA Regional Bogot\u00e1. Centro de Gesti\u00f3n de Mercados, Log\u00edstica y Tecnolog\u00edas de la Informaci\u00f3n. \u00b7Instructor de Mercadeo. SERVICIO NACIONAL DE APRENDIZAJE-SENA Regional Bogot\u00e1. Centro de Gesti\u00f3n Administrativa. \u00b7Instructor de Ventas. ARTESAN\u00cdAS DE COLOMBIA. \u00b7Administrador Centro Artesanal La Chamba (Tolima). PROGRAMADORA TELECULTURALES. \u00b7Asistente de Direcci\u00f3n AGENCIAS DE PUBLICIDAD: REP Y MASTER \u00b7Jefe de Medios SANCHO PUBLICIDAD \u00b7Jefe de Tr\u00e1fico. LEO BURNETT \u00b7Asistente de Medios. EDUCACION: \u00b7FUNDACI\u00d3N UNIVERSITARIA SALESIANA Diplomado en Salesianidad. \u00b7POLIT\u00c9CNICO GRANCOLOMBIANO Especializaci\u00f3n en Gerencia de Mercadeo. \u00b7UNIVERSIDAD NACIONAL ABIERTA Y A DISTANCIA Administraci\u00f3n de Empresas. \u00b7SERVICIO NACIONAL DE APRENDIZAJE-SENA Mercadotecnia. \u00b7UNIVERSIDAD CENTRAL Publicidad. \u00b7COLEGIO SALESIANO DE LE\u00d3N XIII Bachiller Acad\u00e9mico. EXPERIENCIA EXALUMNAL: ASOCIACI\u00d3N DE EXALUMNOS SDB-AEXSDBINSPECTOR\u00cdA SAN PEDRO CLAVER Presidente Sexenio 2021-2027. \u00b7ASOCIACI\u00d3N DE EXALUMNOS SDB-AEXSDBINSPECTOR\u00cdA SAN PEDRO CLAVER Vicepresidente Sexenio 2015-2021. \u00b7COLEGIO SALESIANO DE LE\u00d3N XIII. L\u00edder Promoci\u00f3n 1969. EXALUMNAL","url":"https:\/\/www.omaec.org\/en\/author\/omaec-admin\/"}]}},"_links":{"self":[{"href":"https:\/\/www.omaec.org\/en\/wp-json\/wp\/v2\/posts\/3846","targetHints":{"allow":["GET"]}}],"collection":[{"href":"https:\/\/www.omaec.org\/en\/wp-json\/wp\/v2\/posts"}],"about":[{"href":"https:\/\/www.omaec.org\/en\/wp-json\/wp\/v2\/types\/post"}],"author":[{"embeddable":true,"href":"https:\/\/www.omaec.org\/en\/wp-json\/wp\/v2\/users\/1"}],"replies":[{"embeddable":true,"href":"https:\/\/www.omaec.org\/en\/wp-json\/wp\/v2\/comments?post=3846"}],"version-history":[{"count":1,"href":"https:\/\/www.omaec.org\/en\/wp-json\/wp\/v2\/posts\/3846\/revisions"}],"predecessor-version":[{"id":3847,"href":"https:\/\/www.omaec.org\/en\/wp-json\/wp\/v2\/posts\/3846\/revisions\/3847"}],"wp:featuredmedia":[{"embeddable":true,"href":"https:\/\/www.omaec.org\/en\/wp-json\/wp\/v2\/media\/3841"}],"wp:attachment":[{"href":"https:\/\/www.omaec.org\/en\/wp-json\/wp\/v2\/media?parent=3846"}],"wp:term":[{"taxonomy":"category","embeddable":true,"href":"https:\/\/www.omaec.org\/en\/wp-json\/wp\/v2\/categories?post=3846"},{"taxonomy":"post_tag","embeddable":true,"href":"https:\/\/www.omaec.org\/en\/wp-json\/wp\/v2\/tags?post=3846"}],"curies":[{"name":"wp","href":"https:\/\/api.w.org\/{rel}","templated":true}]}}