{"id":3767,"date":"2018-03-26T09:36:47","date_gmt":"2018-03-26T08:36:47","guid":{"rendered":"http:\/\/omaec.org\/?p=3767"},"modified":"2018-03-26T09:46:47","modified_gmt":"2018-03-26T08:46:47","slug":"3767","status":"publish","type":"post","link":"https:\/\/www.omaec.org\/en\/3767\/","title":{"rendered":"I CAN &#8211; Laudato Si&#8217;"},"content":{"rendered":"<p>Dear friend:<\/p>\n<p><strong>We want to invite you to participate and share the Project \u201c\u00a1I CAN!\u201d<\/strong>. Some institutions have designed it with hope and joy. We want to give answer to the challenge proposed by <strong>Encyclical LAUDATO SI\u2019 from the point of view of children and young people. <\/strong>They are the hope of a new humanity. Pope Francisco is looking forward to seeing the answers and actions of children and young people, catholic or non-catholic.<a href=\"http:\/\/omaec.org\/wp-content\/uploads\/2018\/03\/laudato-si-marko-vombergar-1440x6001.jpg\" rel=\"attachment wp-att-3770\"><img loading=\"lazy\" decoding=\"async\" class=\"size-medium wp-image-3770 alignright\" src=\"http:\/\/omaec.org\/wp-content\/uploads\/2018\/03\/laudato-si-marko-vombergar-1440x6001-300x150.jpg\" alt=\"laudato-si-marko-vombergar-1440x6001\" width=\"300\" height=\"150\" srcset=\"https:\/\/www.omaec.org\/wp-content\/uploads\/2018\/03\/laudato-si-marko-vombergar-1440x6001-300x150.jpg 300w, https:\/\/www.omaec.org\/wp-content\/uploads\/2018\/03\/laudato-si-marko-vombergar-1440x6001-600x300.jpg 600w, https:\/\/www.omaec.org\/wp-content\/uploads\/2018\/03\/laudato-si-marko-vombergar-1440x6001-150x75.jpg 150w, https:\/\/www.omaec.org\/wp-content\/uploads\/2018\/03\/laudato-si-marko-vombergar-1440x6001.jpg 620w\" sizes=\"auto, (max-width: 300px) 100vw, 300px\" \/><\/a><\/p>\n<p>Lately, we have been invited by multiple instances to give a good education focused on the learning process and with the children as the center of their educative process. This way and, observing the world through their eyes, they have to be the ones who identify, know and take into account what happens to them and to their concrete realities; they should be the ones, who in a critical, creative and collaborative way, propose changes that make their lives, their society and their environment better, co-creating together changing projects and putting them into practice.<\/p>\n<ul>\n<li><span style=\"color: #ff0000;\"><strong><a style=\"color: #ff0000;\" href=\"http:\/\/omaec.org\/wp-content\/uploads\/2018\/03\/I-CAN-english.pdf\">WE ATTACH THE TEACHING GUIDE. LET\u2019S WORK TOGETHER WINT A SINGLE METHODOLOGY<\/a><\/strong><\/span><\/li>\n<\/ul>\n<p><strong>We offer you this teaching guide, entitled <em>\u201c\u00a1I CAN! Children and young people face the challenge LAUDATO SI\u2019: the care of the common house<\/em>\u201d<\/strong>. In this guide, in a brief and simple way, we describe and point out the steps to follow to generate among all\u2026thousands, millions of projects of change carried out by children and young people in their classrooms, in their catechesis sessions and in their formal or informal meetings. This is an invitation not only for believers or catholic schools; on the opposite, it is directed to everybody, no matter their beliefs, race, territory, age, sex\u2026We can and we must work together, completing each other\u2019s, to fulfill the challenges of <strong>LAUDATO SI\u2019 <\/strong>and the challenges of the objectives of sustainable development, approved by the UN in 2015.<a href=\"http:\/\/omaec.org\/wp-content\/uploads\/2018\/03\/I-CAN_english.jpg\" rel=\"attachment wp-att-3768\"><img loading=\"lazy\" decoding=\"async\" class=\"size-medium wp-image-3768 alignleft\" src=\"http:\/\/omaec.org\/wp-content\/uploads\/2018\/03\/I-CAN_english-220x300.jpg\" alt=\"I-CAN_english\" width=\"220\" height=\"300\" srcset=\"https:\/\/www.omaec.org\/wp-content\/uploads\/2018\/03\/I-CAN_english-220x300.jpg 220w, https:\/\/www.omaec.org\/wp-content\/uploads\/2018\/03\/I-CAN_english-768x1045.jpg 768w, https:\/\/www.omaec.org\/wp-content\/uploads\/2018\/03\/I-CAN_english-752x1024.jpg 752w, https:\/\/www.omaec.org\/wp-content\/uploads\/2018\/03\/I-CAN_english-600x817.jpg 600w, https:\/\/www.omaec.org\/wp-content\/uploads\/2018\/03\/I-CAN_english-110x150.jpg 110w, https:\/\/www.omaec.org\/wp-content\/uploads\/2018\/03\/I-CAN_english.jpg 1078w\" sizes=\"auto, (max-width: 220px) 100vw, 220px\" \/><\/a><\/p>\n<p>One way or another, the important thing is working together, with a tool that guarantees the protagonist of young people and children. In a critical and autonomous way, they must feel,\u00a0take care and become conscious of the fact that they can change their own realities; they have to imagine a possible solution and accomplish it; they must act with decision and compromise and share it with others. The methodology of <strong><em>Design for Change<\/em> helps us in this process and allows us to share the projects<\/strong>, inspiring each other and generating a network of little changes that will transform the world and the society, making it more human, supportive and sustainable.<\/p>\n<p>Children and young people, with their originality, free of corruption and of selfish and mercantilist interests, will guide us to create a more human and fairer world, respectful with diversity and with social and environmental contexts. They will take care of the common house and eliminate poverty building an encounter culture, a culture of justice and peace.<\/p>\n<ul>\n<li><strong>LET\u2019S ADD SUPPORTERS AND COLLABORATORS TO THE PROJECT. WE COUNT ON YOU! LET\u2019S COUNT ON EACH OTHER!<\/strong><\/li>\n<\/ul>\n<p>We would like nobody to feel excluded or out of place. We humbly present you an open, receptive and collaborative project, so that you all feel an author and part of it. The <strong>OIEC<\/strong> (Catholic International Education Office); the <strong>Educational Commission of USG-UISG<\/strong> (International Union Superiors General); the <strong>S<em>cholas Occurrentes<\/em><\/strong>; the <strong>OMAEC<\/strong> (World Organization of Former Students of Catholic Education) and the International Movement of the Methodology <strong><em>Design for Change<\/em><\/strong>: together they join forces for a great success of the initiative.<\/p>\n<p>Undoubtedly, more and more institutions and entities will join us\u2026 you are all invited to give these children and young people power and co-create with them. You are all welcome, all of you have a lot to give to this Project. Let\u2019s be one, let\u2019s work together, let\u2019s complete each other with respect and admiration for everybody\u2026 let\u2019s give voice and decision to children and young people, let\u2019s trust them and let\u2019s be surprised by them.<\/p>\n<p>We hope this initial list to grow and grow, with the certainty that nobody feels superior in this Project, with the idea that we all fit in\u2026the challenges are so big and noble that we need as many people as possible.<\/p>\n<ul>\n<li><strong>COMMUNICATE AND LET PEOPLE KNOW THE TEACHING GUIDE USING THE CHANNELS AT YOUR DISPOSAL. <\/strong><strong>ACHIEVE THE HIGHEST PARTICIPATION.<\/strong><\/li>\n<\/ul>\n<p>We invite all of you to expand this initiative, to use it as your own, sending this teaching guide to all the educative entities and forums, to the teachers, to all the principals of the different educative entities that you know of\u2026 Encourage them to participate, take them by their hands,\u00a0give them support\u2026use the multiple channels of communication that you have. Post it on your web page, send them by email, social networks\u2026 It is important and urgent to get the highest participation of young people and children from the whole world.<\/p>\n<ul>\n<li><strong>A <em>NEWSLETTER<\/em> OF THE PROJECT \u201c\u00a1I CAN!\u201d WILL ACCOMPANY US IN THIS PROCESS.<a href=\"http:\/\/omaec.org\/wp-content\/uploads\/2018\/03\/laudata-si-logo.jpg\" rel=\"attachment wp-att-3772\"><img loading=\"lazy\" decoding=\"async\" class=\"size-medium wp-image-3772 alignleft\" src=\"http:\/\/omaec.org\/wp-content\/uploads\/2018\/03\/laudata-si-logo-300x263.jpg\" alt=\"CNS_Laudato_Si_final\" width=\"300\" height=\"263\" srcset=\"https:\/\/www.omaec.org\/wp-content\/uploads\/2018\/03\/laudata-si-logo-300x263.jpg 300w, https:\/\/www.omaec.org\/wp-content\/uploads\/2018\/03\/laudata-si-logo-150x132.jpg 150w, https:\/\/www.omaec.org\/wp-content\/uploads\/2018\/03\/laudata-si-logo.jpg 361w\" sizes=\"auto, (max-width: 300px) 100vw, 300px\" \/><\/a><\/strong><\/li>\n<\/ul>\n<p>Every two months, we will send you a newsletter; it will be our way of informing you of how the project is developing. We will tell you in it the projects we are carrying out and in which countries; the new collaborators we have; we will offer you guidance and we will solve questions and possible difficulties; we will also interview personalities and entities that will encourage us to participate.<\/p>\n<p>Jos\u00e9 Ram\u00f3n Batiste, OMAEC General Secretary<\/p>\n<p>&nbsp;<\/p>\n","protected":false},"excerpt":{"rendered":"<p>Dear friend: We want to invite you to participate and share the Project \u201c\u00a1I CAN!\u201d. Some institutions have designed it with hope and joy. We want to give answer to the challenge proposed by Encyclical LAUDATO SI\u2019 from the point of view of children and young people. They are the hope of a new humanity. <a href=\"https:\/\/www.omaec.org\/en\/3767\/\" rel=\"nofollow\">(more&#8230;)<\/a><\/p>\n","protected":false},"author":1,"featured_media":3768,"comment_status":"closed","ping_status":"open","sticky":false,"template":"","format":"standard","meta":{"footnotes":""},"categories":[45],"tags":[],"class_list":["post-3767","post","type-post","status-publish","format-standard","has-post-thumbnail","hentry","category-solidarity"],"acf":[],"yoast_head":"<!-- This site is optimized with the Yoast SEO plugin v20.11 - https:\/\/yoast.com\/wordpress\/plugins\/seo\/ -->\n<title>I CAN - Laudato Si&#039; - Organizaci\u00f3n Mundial de Antiguos Alumnos de la Educaci\u00f3n Cat\u00f3lica<\/title>\n<meta name=\"robots\" content=\"index, follow, max-snippet:-1, max-image-preview:large, max-video-preview:-1\" \/>\n<link rel=\"canonical\" href=\"https:\/\/www.omaec.org\/tu-puedes-laudato-si\/\" \/>\n<meta property=\"og:locale\" content=\"en_US\" \/>\n<meta property=\"og:type\" content=\"article\" \/>\n<meta property=\"og:title\" content=\"I CAN - Laudato Si&#039; - Organizaci\u00f3n Mundial de Antiguos Alumnos de la Educaci\u00f3n Cat\u00f3lica\" \/>\n<meta property=\"og:description\" content=\"Dear friend: We want to invite you to participate and share the Project \u201c\u00a1I CAN!\u201d. Some institutions have designed it with hope and joy. We want to give answer to the challenge proposed by Encyclical LAUDATO SI\u2019 from the point of view of children and young people. They are the hope of a new humanity. (more...)\" \/>\n<meta property=\"og:url\" content=\"https:\/\/www.omaec.org\/tu-puedes-laudato-si\/\" \/>\n<meta property=\"og:site_name\" content=\"Organizaci\u00f3n Mundial de Antiguos Alumnos de la Educaci\u00f3n Cat\u00f3lica\" \/>\n<meta property=\"article:published_time\" content=\"2018-03-26T08:36:47+00:00\" \/>\n<meta property=\"article:modified_time\" content=\"2018-03-26T08:46:47+00:00\" \/>\n<meta property=\"og:image\" content=\"https:\/\/www.omaec.org\/wp-content\/uploads\/2018\/03\/I-CAN_english.jpg\" \/>\n\t<meta property=\"og:image:width\" content=\"1078\" \/>\n\t<meta property=\"og:image:height\" content=\"1467\" \/>\n\t<meta property=\"og:image:type\" content=\"image\/jpeg\" \/>\n<meta name=\"author\" content=\"Secretario General\" \/>\n<meta name=\"twitter:card\" content=\"summary_large_image\" \/>\n<meta name=\"twitter:label1\" content=\"Written by\" \/>\n\t<meta name=\"twitter:data1\" content=\"Secretario General\" \/>\n\t<meta name=\"twitter:label2\" content=\"Est. reading time\" \/>\n\t<meta name=\"twitter:data2\" content=\"5 minutes\" \/>\n<script type=\"application\/ld+json\" class=\"yoast-schema-graph\">{\"@context\":\"https:\/\/schema.org\",\"@graph\":[{\"@type\":\"Article\",\"@id\":\"https:\/\/www.omaec.org\/tu-puedes-laudato-si\/#article\",\"isPartOf\":{\"@id\":\"https:\/\/www.omaec.org\/tu-puedes-laudato-si\/\"},\"author\":{\"name\":\"Secretario General\",\"@id\":\"https:\/\/www.omaec.org\/#\/schema\/person\/b6995e5c4038e3cf602f2bb958068c35\"},\"headline\":\"I CAN &#8211; Laudato Si&#8217;\",\"datePublished\":\"2018-03-26T08:36:47+00:00\",\"dateModified\":\"2018-03-26T08:46:47+00:00\",\"mainEntityOfPage\":{\"@id\":\"https:\/\/www.omaec.org\/tu-puedes-laudato-si\/\"},\"wordCount\":913,\"publisher\":{\"@id\":\"https:\/\/www.omaec.org\/#organization\"},\"articleSection\":[\"Solidarity\"],\"inLanguage\":\"en-US\"},{\"@type\":\"WebPage\",\"@id\":\"https:\/\/www.omaec.org\/tu-puedes-laudato-si\/\",\"url\":\"https:\/\/www.omaec.org\/tu-puedes-laudato-si\/\",\"name\":\"I CAN - Laudato Si' - Organizaci\u00f3n Mundial de Antiguos Alumnos de la Educaci\u00f3n Cat\u00f3lica\",\"isPartOf\":{\"@id\":\"https:\/\/www.omaec.org\/#website\"},\"datePublished\":\"2018-03-26T08:36:47+00:00\",\"dateModified\":\"2018-03-26T08:46:47+00:00\",\"breadcrumb\":{\"@id\":\"https:\/\/www.omaec.org\/tu-puedes-laudato-si\/#breadcrumb\"},\"inLanguage\":\"en-US\",\"potentialAction\":[{\"@type\":\"ReadAction\",\"target\":[\"https:\/\/www.omaec.org\/tu-puedes-laudato-si\/\"]}]},{\"@type\":\"BreadcrumbList\",\"@id\":\"https:\/\/www.omaec.org\/tu-puedes-laudato-si\/#breadcrumb\",\"itemListElement\":[{\"@type\":\"ListItem\",\"position\":1,\"name\":\"Portada\",\"item\":\"https:\/\/www.omaec.org\/en\/\"},{\"@type\":\"ListItem\",\"position\":2,\"name\":\"I CAN &#8211; Laudato Si&#8217;\"}]},{\"@type\":\"WebSite\",\"@id\":\"https:\/\/www.omaec.org\/#website\",\"url\":\"https:\/\/www.omaec.org\/\",\"name\":\"Organizaci\u00f3n Mundial de Antiguos Alumnos de la Educaci\u00f3n Cat\u00f3lica\",\"description\":\"OMAEC\",\"publisher\":{\"@id\":\"https:\/\/www.omaec.org\/#organization\"},\"potentialAction\":[{\"@type\":\"SearchAction\",\"target\":{\"@type\":\"EntryPoint\",\"urlTemplate\":\"https:\/\/www.omaec.org\/?s={search_term_string}\"},\"query-input\":\"required name=search_term_string\"}],\"inLanguage\":\"en-US\"},{\"@type\":\"Organization\",\"@id\":\"https:\/\/www.omaec.org\/#organization\",\"name\":\"Organizaci\u00f3n Mundial de Antiguos Alumnos de la Educaci\u00f3n Cat\u00f3lica\",\"url\":\"https:\/\/www.omaec.org\/\",\"logo\":{\"@type\":\"ImageObject\",\"inLanguage\":\"en-US\",\"@id\":\"https:\/\/www.omaec.org\/#\/schema\/logo\/image\/\",\"url\":\"https:\/\/www.omaec.org\/wp-content\/uploads\/2021\/06\/OMAEC-LOGO-OFICIAL.jpg\",\"contentUrl\":\"https:\/\/www.omaec.org\/wp-content\/uploads\/2021\/06\/OMAEC-LOGO-OFICIAL.jpg\",\"width\":525,\"height\":452,\"caption\":\"Organizaci\u00f3n Mundial de Antiguos  Alumnos de la Educaci\u00f3n Cat\u00f3lica\"},\"image\":{\"@id\":\"https:\/\/www.omaec.org\/#\/schema\/logo\/image\/\"}},{\"@type\":\"Person\",\"@id\":\"https:\/\/www.omaec.org\/#\/schema\/person\/b6995e5c4038e3cf602f2bb958068c35\",\"name\":\"Secretario General\",\"image\":{\"@type\":\"ImageObject\",\"inLanguage\":\"en-US\",\"@id\":\"https:\/\/www.omaec.org\/#\/schema\/person\/image\/\",\"url\":\"https:\/\/www.omaec.org\/wp-content\/uploads\/2025\/03\/FOTO-GUILLERMO-GUTIERREZ-PIRAQUIVE-OMAEC-96x96.jpg\",\"contentUrl\":\"https:\/\/www.omaec.org\/wp-content\/uploads\/2025\/03\/FOTO-GUILLERMO-GUTIERREZ-PIRAQUIVE-OMAEC-96x96.jpg\",\"caption\":\"Secretario General\"},\"description\":\"EXPERIENCIA LABORAL: SERVICIO NACIONAL DE APRENDIZAJE-SENA Regional Bogot\u00e1. Centro de Gesti\u00f3n de Mercados, Log\u00edstica y Tecnolog\u00edas de la Informaci\u00f3n. \u00b7Instructor de Mercadeo. SERVICIO NACIONAL DE APRENDIZAJE-SENA Regional Bogot\u00e1. Centro de Gesti\u00f3n Administrativa. \u00b7Instructor de Ventas. ARTESAN\u00cdAS DE COLOMBIA. \u00b7Administrador Centro Artesanal La Chamba (Tolima). PROGRAMADORA TELECULTURALES. \u00b7Asistente de Direcci\u00f3n AGENCIAS DE PUBLICIDAD: REP Y MASTER \u00b7Jefe de Medios SANCHO PUBLICIDAD \u00b7Jefe de Tr\u00e1fico. LEO BURNETT \u00b7Asistente de Medios. EDUCACION: \u00b7FUNDACI\u00d3N UNIVERSITARIA SALESIANA Diplomado en Salesianidad. \u00b7POLIT\u00c9CNICO GRANCOLOMBIANO Especializaci\u00f3n en Gerencia de Mercadeo. \u00b7UNIVERSIDAD NACIONAL ABIERTA Y A DISTANCIA Administraci\u00f3n de Empresas. \u00b7SERVICIO NACIONAL DE APRENDIZAJE-SENA Mercadotecnia. \u00b7UNIVERSIDAD CENTRAL Publicidad. \u00b7COLEGIO SALESIANO DE LE\u00d3N XIII Bachiller Acad\u00e9mico. EXPERIENCIA EXALUMNAL: ASOCIACI\u00d3N DE EXALUMNOS SDB-AEXSDBINSPECTOR\u00cdA SAN PEDRO CLAVER Presidente Sexenio 2021-2027. \u00b7ASOCIACI\u00d3N DE EXALUMNOS SDB-AEXSDBINSPECTOR\u00cdA SAN PEDRO CLAVER Vicepresidente Sexenio 2015-2021. \u00b7COLEGIO SALESIANO DE LE\u00d3N XIII. L\u00edder Promoci\u00f3n 1969. EXALUMNAL\",\"url\":\"https:\/\/www.omaec.org\/en\/author\/omaec-admin\/\"}]}<\/script>\n<!-- \/ Yoast SEO plugin. -->","yoast_head_json":{"title":"I CAN - Laudato Si' - Organizaci\u00f3n Mundial de Antiguos Alumnos de la Educaci\u00f3n Cat\u00f3lica","robots":{"index":"index","follow":"follow","max-snippet":"max-snippet:-1","max-image-preview":"max-image-preview:large","max-video-preview":"max-video-preview:-1"},"canonical":"https:\/\/www.omaec.org\/tu-puedes-laudato-si\/","og_locale":"en_US","og_type":"article","og_title":"I CAN - Laudato Si' - Organizaci\u00f3n Mundial de Antiguos Alumnos de la Educaci\u00f3n Cat\u00f3lica","og_description":"Dear friend: We want to invite you to participate and share the Project \u201c\u00a1I CAN!\u201d. Some institutions have designed it with hope and joy. We want to give answer to the challenge proposed by Encyclical LAUDATO SI\u2019 from the point of view of children and young people. They are the hope of a new humanity. (more...)","og_url":"https:\/\/www.omaec.org\/tu-puedes-laudato-si\/","og_site_name":"Organizaci\u00f3n Mundial de Antiguos Alumnos de la Educaci\u00f3n Cat\u00f3lica","article_published_time":"2018-03-26T08:36:47+00:00","article_modified_time":"2018-03-26T08:46:47+00:00","og_image":[{"width":1078,"height":1467,"url":"https:\/\/www.omaec.org\/wp-content\/uploads\/2018\/03\/I-CAN_english.jpg","type":"image\/jpeg"}],"author":"Secretario General","twitter_card":"summary_large_image","twitter_misc":{"Written by":"Secretario General","Est. reading time":"5 minutes"},"schema":{"@context":"https:\/\/schema.org","@graph":[{"@type":"Article","@id":"https:\/\/www.omaec.org\/tu-puedes-laudato-si\/#article","isPartOf":{"@id":"https:\/\/www.omaec.org\/tu-puedes-laudato-si\/"},"author":{"name":"Secretario General","@id":"https:\/\/www.omaec.org\/#\/schema\/person\/b6995e5c4038e3cf602f2bb958068c35"},"headline":"I CAN &#8211; Laudato Si&#8217;","datePublished":"2018-03-26T08:36:47+00:00","dateModified":"2018-03-26T08:46:47+00:00","mainEntityOfPage":{"@id":"https:\/\/www.omaec.org\/tu-puedes-laudato-si\/"},"wordCount":913,"publisher":{"@id":"https:\/\/www.omaec.org\/#organization"},"articleSection":["Solidarity"],"inLanguage":"en-US"},{"@type":"WebPage","@id":"https:\/\/www.omaec.org\/tu-puedes-laudato-si\/","url":"https:\/\/www.omaec.org\/tu-puedes-laudato-si\/","name":"I CAN - Laudato Si' - Organizaci\u00f3n Mundial de Antiguos Alumnos de la Educaci\u00f3n Cat\u00f3lica","isPartOf":{"@id":"https:\/\/www.omaec.org\/#website"},"datePublished":"2018-03-26T08:36:47+00:00","dateModified":"2018-03-26T08:46:47+00:00","breadcrumb":{"@id":"https:\/\/www.omaec.org\/tu-puedes-laudato-si\/#breadcrumb"},"inLanguage":"en-US","potentialAction":[{"@type":"ReadAction","target":["https:\/\/www.omaec.org\/tu-puedes-laudato-si\/"]}]},{"@type":"BreadcrumbList","@id":"https:\/\/www.omaec.org\/tu-puedes-laudato-si\/#breadcrumb","itemListElement":[{"@type":"ListItem","position":1,"name":"Portada","item":"https:\/\/www.omaec.org\/en\/"},{"@type":"ListItem","position":2,"name":"I CAN &#8211; Laudato Si&#8217;"}]},{"@type":"WebSite","@id":"https:\/\/www.omaec.org\/#website","url":"https:\/\/www.omaec.org\/","name":"Organizaci\u00f3n Mundial de Antiguos Alumnos de la Educaci\u00f3n Cat\u00f3lica","description":"OMAEC","publisher":{"@id":"https:\/\/www.omaec.org\/#organization"},"potentialAction":[{"@type":"SearchAction","target":{"@type":"EntryPoint","urlTemplate":"https:\/\/www.omaec.org\/?s={search_term_string}"},"query-input":"required name=search_term_string"}],"inLanguage":"en-US"},{"@type":"Organization","@id":"https:\/\/www.omaec.org\/#organization","name":"Organizaci\u00f3n Mundial de Antiguos Alumnos de la Educaci\u00f3n Cat\u00f3lica","url":"https:\/\/www.omaec.org\/","logo":{"@type":"ImageObject","inLanguage":"en-US","@id":"https:\/\/www.omaec.org\/#\/schema\/logo\/image\/","url":"https:\/\/www.omaec.org\/wp-content\/uploads\/2021\/06\/OMAEC-LOGO-OFICIAL.jpg","contentUrl":"https:\/\/www.omaec.org\/wp-content\/uploads\/2021\/06\/OMAEC-LOGO-OFICIAL.jpg","width":525,"height":452,"caption":"Organizaci\u00f3n Mundial de Antiguos  Alumnos de la Educaci\u00f3n Cat\u00f3lica"},"image":{"@id":"https:\/\/www.omaec.org\/#\/schema\/logo\/image\/"}},{"@type":"Person","@id":"https:\/\/www.omaec.org\/#\/schema\/person\/b6995e5c4038e3cf602f2bb958068c35","name":"Secretario General","image":{"@type":"ImageObject","inLanguage":"en-US","@id":"https:\/\/www.omaec.org\/#\/schema\/person\/image\/","url":"https:\/\/www.omaec.org\/wp-content\/uploads\/2025\/03\/FOTO-GUILLERMO-GUTIERREZ-PIRAQUIVE-OMAEC-96x96.jpg","contentUrl":"https:\/\/www.omaec.org\/wp-content\/uploads\/2025\/03\/FOTO-GUILLERMO-GUTIERREZ-PIRAQUIVE-OMAEC-96x96.jpg","caption":"Secretario General"},"description":"EXPERIENCIA LABORAL: SERVICIO NACIONAL DE APRENDIZAJE-SENA Regional Bogot\u00e1. Centro de Gesti\u00f3n de Mercados, Log\u00edstica y Tecnolog\u00edas de la Informaci\u00f3n. \u00b7Instructor de Mercadeo. SERVICIO NACIONAL DE APRENDIZAJE-SENA Regional Bogot\u00e1. Centro de Gesti\u00f3n Administrativa. \u00b7Instructor de Ventas. ARTESAN\u00cdAS DE COLOMBIA. \u00b7Administrador Centro Artesanal La Chamba (Tolima). PROGRAMADORA TELECULTURALES. \u00b7Asistente de Direcci\u00f3n AGENCIAS DE PUBLICIDAD: REP Y MASTER \u00b7Jefe de Medios SANCHO PUBLICIDAD \u00b7Jefe de Tr\u00e1fico. LEO BURNETT \u00b7Asistente de Medios. EDUCACION: \u00b7FUNDACI\u00d3N UNIVERSITARIA SALESIANA Diplomado en Salesianidad. \u00b7POLIT\u00c9CNICO GRANCOLOMBIANO Especializaci\u00f3n en Gerencia de Mercadeo. \u00b7UNIVERSIDAD NACIONAL ABIERTA Y A DISTANCIA Administraci\u00f3n de Empresas. \u00b7SERVICIO NACIONAL DE APRENDIZAJE-SENA Mercadotecnia. \u00b7UNIVERSIDAD CENTRAL Publicidad. \u00b7COLEGIO SALESIANO DE LE\u00d3N XIII Bachiller Acad\u00e9mico. EXPERIENCIA EXALUMNAL: ASOCIACI\u00d3N DE EXALUMNOS SDB-AEXSDBINSPECTOR\u00cdA SAN PEDRO CLAVER Presidente Sexenio 2021-2027. \u00b7ASOCIACI\u00d3N DE EXALUMNOS SDB-AEXSDBINSPECTOR\u00cdA SAN PEDRO CLAVER Vicepresidente Sexenio 2015-2021. \u00b7COLEGIO SALESIANO DE LE\u00d3N XIII. L\u00edder Promoci\u00f3n 1969. EXALUMNAL","url":"https:\/\/www.omaec.org\/en\/author\/omaec-admin\/"}]}},"_links":{"self":[{"href":"https:\/\/www.omaec.org\/en\/wp-json\/wp\/v2\/posts\/3767","targetHints":{"allow":["GET"]}}],"collection":[{"href":"https:\/\/www.omaec.org\/en\/wp-json\/wp\/v2\/posts"}],"about":[{"href":"https:\/\/www.omaec.org\/en\/wp-json\/wp\/v2\/types\/post"}],"author":[{"embeddable":true,"href":"https:\/\/www.omaec.org\/en\/wp-json\/wp\/v2\/users\/1"}],"replies":[{"embeddable":true,"href":"https:\/\/www.omaec.org\/en\/wp-json\/wp\/v2\/comments?post=3767"}],"version-history":[{"count":3,"href":"https:\/\/www.omaec.org\/en\/wp-json\/wp\/v2\/posts\/3767\/revisions"}],"predecessor-version":[{"id":3776,"href":"https:\/\/www.omaec.org\/en\/wp-json\/wp\/v2\/posts\/3767\/revisions\/3776"}],"wp:featuredmedia":[{"embeddable":true,"href":"https:\/\/www.omaec.org\/en\/wp-json\/wp\/v2\/media\/3768"}],"wp:attachment":[{"href":"https:\/\/www.omaec.org\/en\/wp-json\/wp\/v2\/media?parent=3767"}],"wp:term":[{"taxonomy":"category","embeddable":true,"href":"https:\/\/www.omaec.org\/en\/wp-json\/wp\/v2\/categories?post=3767"},{"taxonomy":"post_tag","embeddable":true,"href":"https:\/\/www.omaec.org\/en\/wp-json\/wp\/v2\/tags?post=3767"}],"curies":[{"name":"wp","href":"https:\/\/api.w.org\/{rel}","templated":true}]}}