{"id":3751,"date":"2018-03-20T18:32:38","date_gmt":"2018-03-20T17:32:38","guid":{"rendered":"http:\/\/omaec.org\/?p=3751"},"modified":"2018-03-20T18:32:38","modified_gmt":"2018-03-20T17:32:38","slug":"lebanon-feast-of-the-annunciation-2","status":"publish","type":"post","link":"https:\/\/www.omaec.org\/en\/lebanon-feast-of-the-annunciation-2\/","title":{"rendered":"Lebanon, feast of the Annunciation"},"content":{"rendered":"<p><strong>Lebanon National Holiday<\/strong><\/p>\n<p>The Amicale Association of Former Students of the College of Saint Joseph University and the College Notre-Dame of Jamhour is one of the most prestigious and active alumni associations in the world. Its members include several Presidents of the Republic, Presidents of the Council of Ministers, Ministers, Deputies, Patriarchs, Prelates, Directors General, Ambassadors, Presidents of Associations, Presidents of Boards of Directors, Artists, Finance, science, literature and thought that have marked the history of Lebanon.<\/p>\n<p>Living in a mixed country where Christians and Muslims coexist, the Association has always worked for a frank and sincere dialogue between the various components of our nation, as well as for a rapprochement of hearts and minds. His Holiness the late Pope John Paul II understood very well the importance of our country in this Muslim-majority Orient, calling it a &#8220;Message Country&#8221; and dedicating an apostolic exhortation to it, published on May 10, 1997.<\/p>\n<p><strong>In this context, since 2007, the Spiritual Commission of the Association has organized, since March 25, Annunciation Day, Islamic-Christian spiritual meetings in the Church of Our Lady of Jamhour, Jesuit fathers, Around the Blessed Virgin, knowing that Mary also holds a place of choice in Islam.<a href=\"http:\/\/omaec.org\/wp-content\/uploads\/2017\/04\/LOGO-ANUNCIACION-DE-LA-VIRGEN.jpg\" rel=\"attachment wp-att-2951\"><img loading=\"lazy\" decoding=\"async\" class=\"size-medium wp-image-2951 alignleft\" src=\"http:\/\/omaec.org\/wp-content\/uploads\/2017\/04\/LOGO-ANUNCIACION-DE-LA-VIRGEN-294x300.jpg\" alt=\"LOGO ANUNCIACION DE LA VIRGEN\" width=\"294\" height=\"300\" srcset=\"https:\/\/www.omaec.org\/wp-content\/uploads\/2017\/04\/LOGO-ANUNCIACION-DE-LA-VIRGEN-294x300.jpg 294w, https:\/\/www.omaec.org\/wp-content\/uploads\/2017\/04\/LOGO-ANUNCIACION-DE-LA-VIRGEN-147x150.jpg 147w, https:\/\/www.omaec.org\/wp-content\/uploads\/2017\/04\/LOGO-ANUNCIACION-DE-LA-VIRGEN-60x60.jpg 60w, https:\/\/www.omaec.org\/wp-content\/uploads\/2017\/04\/LOGO-ANUNCIACION-DE-LA-VIRGEN.jpg 339w\" sizes=\"auto, (max-width: 294px) 100vw, 294px\" \/><\/a><\/strong><\/p>\n<p>The two main initiators of these meetings are:<\/p>\n<p>&#8211; <em><strong>Mr. Nagy el-Khoury<\/strong><\/em>, Secretary General of the Amicale des Anciens Pupils de Jamhour and President of the Lebanese Federation of Former Students of the Catholic Schools, who has always worked for Islamic-Christian dialogue and dreamed that one day Muslims and Christians Of the different communities can pray together. He is the organizer of the central ceremony in Jamhour and the coordinator of the peripheral events.<\/p>\n<p>&#8211; <em><strong>Sheikh Mohamed Nokkari<\/strong><\/em>, a judge of the Beirut Tribunal Charei and former director general of Dar el-Fatwa for Sunni Muslims, who has always believed that Mary could play a common denominator role between Muslims and Christians.<\/p>\n<p>Each year, testimonies, prayers and songs make this meeting a national event broadcast live by several televisions and followed by hundreds and hundreds of thousands of viewers in Lebanon and around the world.<\/p>\n<p>Given the great success of these meetings, which have grown in importance, the organizers have been encouraged to ask the government to dedicate <strong>the 25th of March, Annunciation Day, National Day<\/strong>. The courageous decision was taken on 18 February 2010 by the Council of Ministers, chaired by SEM. Saad el-Hariri, who made it a day unfaithful to have more impact on all citizens.<a href=\"http:\/\/omaec.org\/wp-content\/uploads\/2017\/04\/Le-rang-des-officiels-religieux-REPRESENTANTES-RELIGIOSOS-RELIGIOUS-REPRESENTATIVES.jpg\" rel=\"attachment wp-att-2948\"><img loading=\"lazy\" decoding=\"async\" class=\"size-medium wp-image-2948 alignright\" src=\"http:\/\/omaec.org\/wp-content\/uploads\/2017\/04\/Le-rang-des-officiels-religieux-REPRESENTANTES-RELIGIOSOS-RELIGIOUS-REPRESENTATIVES-300x200.jpg\" alt=\"Le rang des officiels religieux - REPRESENTANTES RELIGIOSOS- RELIGIOUS REPRESENTATIVES\" width=\"300\" height=\"200\" srcset=\"https:\/\/www.omaec.org\/wp-content\/uploads\/2017\/04\/Le-rang-des-officiels-religieux-REPRESENTANTES-RELIGIOSOS-RELIGIOUS-REPRESENTATIVES-300x200.jpg 300w, https:\/\/www.omaec.org\/wp-content\/uploads\/2017\/04\/Le-rang-des-officiels-religieux-REPRESENTANTES-RELIGIOSOS-RELIGIOUS-REPRESENTATIVES-768x512.jpg 768w, https:\/\/www.omaec.org\/wp-content\/uploads\/2017\/04\/Le-rang-des-officiels-religieux-REPRESENTANTES-RELIGIOSOS-RELIGIOUS-REPRESENTATIVES-600x400.jpg 600w, https:\/\/www.omaec.org\/wp-content\/uploads\/2017\/04\/Le-rang-des-officiels-religieux-REPRESENTANTES-RELIGIOSOS-RELIGIOUS-REPRESENTATIVES-150x100.jpg 150w, https:\/\/www.omaec.org\/wp-content\/uploads\/2017\/04\/Le-rang-des-officiels-religieux-REPRESENTANTES-RELIGIOSOS-RELIGIOUS-REPRESENTATIVES.jpg 960w\" sizes=\"auto, (max-width: 300px) 100vw, 300px\" \/><\/a><\/p>\n<p><strong>Thus, Lebanon will have paved the way for living together in search of what unites, not what divides. And the Blessed Virgin, honored by both Christians and Muslims, is a figure that unites her children in love and respect.<\/strong><\/p>\n","protected":false},"excerpt":{"rendered":"<p>Lebanon National Holiday The Amicale Association of Former Students of the College of Saint Joseph University and the College Notre-Dame of Jamhour is one of the most prestigious and active alumni associations in the world. Its members include several Presidents of the Republic, Presidents of the Council of Ministers, Ministers, Deputies, Patriarchs, Prelates, Directors General, <a href=\"https:\/\/www.omaec.org\/en\/lebanon-feast-of-the-annunciation-2\/\" rel=\"nofollow\">(more&#8230;)<\/a><\/p>\n","protected":false},"author":1,"featured_media":3747,"comment_status":"closed","ping_status":"open","sticky":false,"template":"","format":"standard","meta":{"footnotes":""},"categories":[159],"tags":[],"class_list":["post-3751","post","type-post","status-publish","format-standard","has-post-thumbnail","hentry","category-church"],"acf":[],"yoast_head":"<!-- This site is optimized with the Yoast SEO plugin v20.11 - https:\/\/yoast.com\/wordpress\/plugins\/seo\/ -->\n<title>Lebanon, feast of the Annunciation - Organizaci\u00f3n Mundial de Antiguos Alumnos de la Educaci\u00f3n Cat\u00f3lica<\/title>\n<meta name=\"robots\" content=\"index, follow, max-snippet:-1, max-image-preview:large, max-video-preview:-1\" \/>\n<link rel=\"canonical\" href=\"https:\/\/www.omaec.org\/libano-fiesta-de-la-anunciacion-2\/\" \/>\n<meta property=\"og:locale\" content=\"en_US\" \/>\n<meta property=\"og:type\" content=\"article\" \/>\n<meta property=\"og:title\" content=\"Lebanon, feast of the Annunciation - Organizaci\u00f3n Mundial de Antiguos Alumnos de la Educaci\u00f3n Cat\u00f3lica\" \/>\n<meta property=\"og:description\" content=\"Lebanon National Holiday The Amicale Association of Former Students of the College of Saint Joseph University and the College Notre-Dame of Jamhour is one of the most prestigious and active alumni associations in the world. Its members include several Presidents of the Republic, Presidents of the Council of Ministers, Ministers, Deputies, Patriarchs, Prelates, Directors General, (more...)\" \/>\n<meta property=\"og:url\" content=\"https:\/\/www.omaec.org\/libano-fiesta-de-la-anunciacion-2\/\" \/>\n<meta property=\"og:site_name\" content=\"Organizaci\u00f3n Mundial de Antiguos Alumnos de la Educaci\u00f3n Cat\u00f3lica\" \/>\n<meta property=\"article:published_time\" content=\"2018-03-20T17:32:38+00:00\" \/>\n<meta property=\"og:image\" content=\"https:\/\/www.omaec.org\/wp-content\/uploads\/2018\/03\/fiesta-anunciacion-2018.png\" \/>\n\t<meta property=\"og:image:width\" content=\"900\" \/>\n\t<meta property=\"og:image:height\" content=\"900\" \/>\n\t<meta property=\"og:image:type\" content=\"image\/png\" \/>\n<meta name=\"author\" content=\"Secretario General\" \/>\n<meta name=\"twitter:card\" content=\"summary_large_image\" \/>\n<meta name=\"twitter:label1\" content=\"Written by\" \/>\n\t<meta name=\"twitter:data1\" content=\"Secretario General\" \/>\n\t<meta name=\"twitter:label2\" content=\"Est. reading time\" \/>\n\t<meta name=\"twitter:data2\" content=\"2 minutes\" \/>\n<script type=\"application\/ld+json\" class=\"yoast-schema-graph\">{\"@context\":\"https:\/\/schema.org\",\"@graph\":[{\"@type\":\"Article\",\"@id\":\"https:\/\/www.omaec.org\/libano-fiesta-de-la-anunciacion-2\/#article\",\"isPartOf\":{\"@id\":\"https:\/\/www.omaec.org\/libano-fiesta-de-la-anunciacion-2\/\"},\"author\":{\"name\":\"Secretario General\",\"@id\":\"https:\/\/www.omaec.org\/#\/schema\/person\/b6995e5c4038e3cf602f2bb958068c35\"},\"headline\":\"Lebanon, feast of the Annunciation\",\"datePublished\":\"2018-03-20T17:32:38+00:00\",\"dateModified\":\"2018-03-20T17:32:38+00:00\",\"mainEntityOfPage\":{\"@id\":\"https:\/\/www.omaec.org\/libano-fiesta-de-la-anunciacion-2\/\"},\"wordCount\":443,\"publisher\":{\"@id\":\"https:\/\/www.omaec.org\/#organization\"},\"articleSection\":[\"Church\"],\"inLanguage\":\"en-US\"},{\"@type\":\"WebPage\",\"@id\":\"https:\/\/www.omaec.org\/libano-fiesta-de-la-anunciacion-2\/\",\"url\":\"https:\/\/www.omaec.org\/libano-fiesta-de-la-anunciacion-2\/\",\"name\":\"Lebanon, feast of the Annunciation - Organizaci\u00f3n Mundial de Antiguos Alumnos de la Educaci\u00f3n Cat\u00f3lica\",\"isPartOf\":{\"@id\":\"https:\/\/www.omaec.org\/#website\"},\"datePublished\":\"2018-03-20T17:32:38+00:00\",\"dateModified\":\"2018-03-20T17:32:38+00:00\",\"breadcrumb\":{\"@id\":\"https:\/\/www.omaec.org\/libano-fiesta-de-la-anunciacion-2\/#breadcrumb\"},\"inLanguage\":\"en-US\",\"potentialAction\":[{\"@type\":\"ReadAction\",\"target\":[\"https:\/\/www.omaec.org\/libano-fiesta-de-la-anunciacion-2\/\"]}]},{\"@type\":\"BreadcrumbList\",\"@id\":\"https:\/\/www.omaec.org\/libano-fiesta-de-la-anunciacion-2\/#breadcrumb\",\"itemListElement\":[{\"@type\":\"ListItem\",\"position\":1,\"name\":\"Portada\",\"item\":\"https:\/\/www.omaec.org\/en\/\"},{\"@type\":\"ListItem\",\"position\":2,\"name\":\"Lebanon, feast of the Annunciation\"}]},{\"@type\":\"WebSite\",\"@id\":\"https:\/\/www.omaec.org\/#website\",\"url\":\"https:\/\/www.omaec.org\/\",\"name\":\"Organizaci\u00f3n Mundial de Antiguos Alumnos de la Educaci\u00f3n Cat\u00f3lica\",\"description\":\"OMAEC\",\"publisher\":{\"@id\":\"https:\/\/www.omaec.org\/#organization\"},\"potentialAction\":[{\"@type\":\"SearchAction\",\"target\":{\"@type\":\"EntryPoint\",\"urlTemplate\":\"https:\/\/www.omaec.org\/?s={search_term_string}\"},\"query-input\":\"required name=search_term_string\"}],\"inLanguage\":\"en-US\"},{\"@type\":\"Organization\",\"@id\":\"https:\/\/www.omaec.org\/#organization\",\"name\":\"Organizaci\u00f3n Mundial de Antiguos Alumnos de la Educaci\u00f3n Cat\u00f3lica\",\"url\":\"https:\/\/www.omaec.org\/\",\"logo\":{\"@type\":\"ImageObject\",\"inLanguage\":\"en-US\",\"@id\":\"https:\/\/www.omaec.org\/#\/schema\/logo\/image\/\",\"url\":\"https:\/\/www.omaec.org\/wp-content\/uploads\/2021\/06\/OMAEC-LOGO-OFICIAL.jpg\",\"contentUrl\":\"https:\/\/www.omaec.org\/wp-content\/uploads\/2021\/06\/OMAEC-LOGO-OFICIAL.jpg\",\"width\":525,\"height\":452,\"caption\":\"Organizaci\u00f3n Mundial de Antiguos  Alumnos de la Educaci\u00f3n Cat\u00f3lica\"},\"image\":{\"@id\":\"https:\/\/www.omaec.org\/#\/schema\/logo\/image\/\"}},{\"@type\":\"Person\",\"@id\":\"https:\/\/www.omaec.org\/#\/schema\/person\/b6995e5c4038e3cf602f2bb958068c35\",\"name\":\"Secretario General\",\"image\":{\"@type\":\"ImageObject\",\"inLanguage\":\"en-US\",\"@id\":\"https:\/\/www.omaec.org\/#\/schema\/person\/image\/\",\"url\":\"https:\/\/www.omaec.org\/wp-content\/uploads\/2025\/03\/FOTO-GUILLERMO-GUTIERREZ-PIRAQUIVE-OMAEC-96x96.jpg\",\"contentUrl\":\"https:\/\/www.omaec.org\/wp-content\/uploads\/2025\/03\/FOTO-GUILLERMO-GUTIERREZ-PIRAQUIVE-OMAEC-96x96.jpg\",\"caption\":\"Secretario General\"},\"description\":\"EXPERIENCIA LABORAL: SERVICIO NACIONAL DE APRENDIZAJE-SENA Regional Bogot\u00e1. Centro de Gesti\u00f3n de Mercados, Log\u00edstica y Tecnolog\u00edas de la Informaci\u00f3n. \u00b7Instructor de Mercadeo. SERVICIO NACIONAL DE APRENDIZAJE-SENA Regional Bogot\u00e1. Centro de Gesti\u00f3n Administrativa. \u00b7Instructor de Ventas. ARTESAN\u00cdAS DE COLOMBIA. \u00b7Administrador Centro Artesanal La Chamba (Tolima). PROGRAMADORA TELECULTURALES. \u00b7Asistente de Direcci\u00f3n AGENCIAS DE PUBLICIDAD: REP Y MASTER \u00b7Jefe de Medios SANCHO PUBLICIDAD \u00b7Jefe de Tr\u00e1fico. LEO BURNETT \u00b7Asistente de Medios. EDUCACION: \u00b7FUNDACI\u00d3N UNIVERSITARIA SALESIANA Diplomado en Salesianidad. \u00b7POLIT\u00c9CNICO GRANCOLOMBIANO Especializaci\u00f3n en Gerencia de Mercadeo. \u00b7UNIVERSIDAD NACIONAL ABIERTA Y A DISTANCIA Administraci\u00f3n de Empresas. \u00b7SERVICIO NACIONAL DE APRENDIZAJE-SENA Mercadotecnia. \u00b7UNIVERSIDAD CENTRAL Publicidad. \u00b7COLEGIO SALESIANO DE LE\u00d3N XIII Bachiller Acad\u00e9mico. EXPERIENCIA EXALUMNAL: ASOCIACI\u00d3N DE EXALUMNOS SDB-AEXSDBINSPECTOR\u00cdA SAN PEDRO CLAVER Presidente Sexenio 2021-2027. \u00b7ASOCIACI\u00d3N DE EXALUMNOS SDB-AEXSDBINSPECTOR\u00cdA SAN PEDRO CLAVER Vicepresidente Sexenio 2015-2021. \u00b7COLEGIO SALESIANO DE LE\u00d3N XIII. L\u00edder Promoci\u00f3n 1969. EXALUMNAL\",\"url\":\"https:\/\/www.omaec.org\/en\/author\/omaec-admin\/\"}]}<\/script>\n<!-- \/ Yoast SEO plugin. -->","yoast_head_json":{"title":"Lebanon, feast of the Annunciation - Organizaci\u00f3n Mundial de Antiguos Alumnos de la Educaci\u00f3n Cat\u00f3lica","robots":{"index":"index","follow":"follow","max-snippet":"max-snippet:-1","max-image-preview":"max-image-preview:large","max-video-preview":"max-video-preview:-1"},"canonical":"https:\/\/www.omaec.org\/libano-fiesta-de-la-anunciacion-2\/","og_locale":"en_US","og_type":"article","og_title":"Lebanon, feast of the Annunciation - Organizaci\u00f3n Mundial de Antiguos Alumnos de la Educaci\u00f3n Cat\u00f3lica","og_description":"Lebanon National Holiday The Amicale Association of Former Students of the College of Saint Joseph University and the College Notre-Dame of Jamhour is one of the most prestigious and active alumni associations in the world. Its members include several Presidents of the Republic, Presidents of the Council of Ministers, Ministers, Deputies, Patriarchs, Prelates, Directors General, (more...)","og_url":"https:\/\/www.omaec.org\/libano-fiesta-de-la-anunciacion-2\/","og_site_name":"Organizaci\u00f3n Mundial de Antiguos Alumnos de la Educaci\u00f3n Cat\u00f3lica","article_published_time":"2018-03-20T17:32:38+00:00","og_image":[{"width":900,"height":900,"url":"https:\/\/www.omaec.org\/wp-content\/uploads\/2018\/03\/fiesta-anunciacion-2018.png","type":"image\/png"}],"author":"Secretario General","twitter_card":"summary_large_image","twitter_misc":{"Written by":"Secretario General","Est. reading time":"2 minutes"},"schema":{"@context":"https:\/\/schema.org","@graph":[{"@type":"Article","@id":"https:\/\/www.omaec.org\/libano-fiesta-de-la-anunciacion-2\/#article","isPartOf":{"@id":"https:\/\/www.omaec.org\/libano-fiesta-de-la-anunciacion-2\/"},"author":{"name":"Secretario General","@id":"https:\/\/www.omaec.org\/#\/schema\/person\/b6995e5c4038e3cf602f2bb958068c35"},"headline":"Lebanon, feast of the Annunciation","datePublished":"2018-03-20T17:32:38+00:00","dateModified":"2018-03-20T17:32:38+00:00","mainEntityOfPage":{"@id":"https:\/\/www.omaec.org\/libano-fiesta-de-la-anunciacion-2\/"},"wordCount":443,"publisher":{"@id":"https:\/\/www.omaec.org\/#organization"},"articleSection":["Church"],"inLanguage":"en-US"},{"@type":"WebPage","@id":"https:\/\/www.omaec.org\/libano-fiesta-de-la-anunciacion-2\/","url":"https:\/\/www.omaec.org\/libano-fiesta-de-la-anunciacion-2\/","name":"Lebanon, feast of the Annunciation - Organizaci\u00f3n Mundial de Antiguos Alumnos de la Educaci\u00f3n Cat\u00f3lica","isPartOf":{"@id":"https:\/\/www.omaec.org\/#website"},"datePublished":"2018-03-20T17:32:38+00:00","dateModified":"2018-03-20T17:32:38+00:00","breadcrumb":{"@id":"https:\/\/www.omaec.org\/libano-fiesta-de-la-anunciacion-2\/#breadcrumb"},"inLanguage":"en-US","potentialAction":[{"@type":"ReadAction","target":["https:\/\/www.omaec.org\/libano-fiesta-de-la-anunciacion-2\/"]}]},{"@type":"BreadcrumbList","@id":"https:\/\/www.omaec.org\/libano-fiesta-de-la-anunciacion-2\/#breadcrumb","itemListElement":[{"@type":"ListItem","position":1,"name":"Portada","item":"https:\/\/www.omaec.org\/en\/"},{"@type":"ListItem","position":2,"name":"Lebanon, feast of the Annunciation"}]},{"@type":"WebSite","@id":"https:\/\/www.omaec.org\/#website","url":"https:\/\/www.omaec.org\/","name":"Organizaci\u00f3n Mundial de Antiguos Alumnos de la Educaci\u00f3n Cat\u00f3lica","description":"OMAEC","publisher":{"@id":"https:\/\/www.omaec.org\/#organization"},"potentialAction":[{"@type":"SearchAction","target":{"@type":"EntryPoint","urlTemplate":"https:\/\/www.omaec.org\/?s={search_term_string}"},"query-input":"required name=search_term_string"}],"inLanguage":"en-US"},{"@type":"Organization","@id":"https:\/\/www.omaec.org\/#organization","name":"Organizaci\u00f3n Mundial de Antiguos Alumnos de la Educaci\u00f3n Cat\u00f3lica","url":"https:\/\/www.omaec.org\/","logo":{"@type":"ImageObject","inLanguage":"en-US","@id":"https:\/\/www.omaec.org\/#\/schema\/logo\/image\/","url":"https:\/\/www.omaec.org\/wp-content\/uploads\/2021\/06\/OMAEC-LOGO-OFICIAL.jpg","contentUrl":"https:\/\/www.omaec.org\/wp-content\/uploads\/2021\/06\/OMAEC-LOGO-OFICIAL.jpg","width":525,"height":452,"caption":"Organizaci\u00f3n Mundial de Antiguos  Alumnos de la Educaci\u00f3n Cat\u00f3lica"},"image":{"@id":"https:\/\/www.omaec.org\/#\/schema\/logo\/image\/"}},{"@type":"Person","@id":"https:\/\/www.omaec.org\/#\/schema\/person\/b6995e5c4038e3cf602f2bb958068c35","name":"Secretario General","image":{"@type":"ImageObject","inLanguage":"en-US","@id":"https:\/\/www.omaec.org\/#\/schema\/person\/image\/","url":"https:\/\/www.omaec.org\/wp-content\/uploads\/2025\/03\/FOTO-GUILLERMO-GUTIERREZ-PIRAQUIVE-OMAEC-96x96.jpg","contentUrl":"https:\/\/www.omaec.org\/wp-content\/uploads\/2025\/03\/FOTO-GUILLERMO-GUTIERREZ-PIRAQUIVE-OMAEC-96x96.jpg","caption":"Secretario General"},"description":"EXPERIENCIA LABORAL: SERVICIO NACIONAL DE APRENDIZAJE-SENA Regional Bogot\u00e1. Centro de Gesti\u00f3n de Mercados, Log\u00edstica y Tecnolog\u00edas de la Informaci\u00f3n. \u00b7Instructor de Mercadeo. SERVICIO NACIONAL DE APRENDIZAJE-SENA Regional Bogot\u00e1. Centro de Gesti\u00f3n Administrativa. \u00b7Instructor de Ventas. ARTESAN\u00cdAS DE COLOMBIA. \u00b7Administrador Centro Artesanal La Chamba (Tolima). PROGRAMADORA TELECULTURALES. \u00b7Asistente de Direcci\u00f3n AGENCIAS DE PUBLICIDAD: REP Y MASTER \u00b7Jefe de Medios SANCHO PUBLICIDAD \u00b7Jefe de Tr\u00e1fico. LEO BURNETT \u00b7Asistente de Medios. EDUCACION: \u00b7FUNDACI\u00d3N UNIVERSITARIA SALESIANA Diplomado en Salesianidad. \u00b7POLIT\u00c9CNICO GRANCOLOMBIANO Especializaci\u00f3n en Gerencia de Mercadeo. \u00b7UNIVERSIDAD NACIONAL ABIERTA Y A DISTANCIA Administraci\u00f3n de Empresas. \u00b7SERVICIO NACIONAL DE APRENDIZAJE-SENA Mercadotecnia. \u00b7UNIVERSIDAD CENTRAL Publicidad. \u00b7COLEGIO SALESIANO DE LE\u00d3N XIII Bachiller Acad\u00e9mico. EXPERIENCIA EXALUMNAL: ASOCIACI\u00d3N DE EXALUMNOS SDB-AEXSDBINSPECTOR\u00cdA SAN PEDRO CLAVER Presidente Sexenio 2021-2027. \u00b7ASOCIACI\u00d3N DE EXALUMNOS SDB-AEXSDBINSPECTOR\u00cdA SAN PEDRO CLAVER Vicepresidente Sexenio 2015-2021. \u00b7COLEGIO SALESIANO DE LE\u00d3N XIII. L\u00edder Promoci\u00f3n 1969. EXALUMNAL","url":"https:\/\/www.omaec.org\/en\/author\/omaec-admin\/"}]}},"_links":{"self":[{"href":"https:\/\/www.omaec.org\/en\/wp-json\/wp\/v2\/posts\/3751","targetHints":{"allow":["GET"]}}],"collection":[{"href":"https:\/\/www.omaec.org\/en\/wp-json\/wp\/v2\/posts"}],"about":[{"href":"https:\/\/www.omaec.org\/en\/wp-json\/wp\/v2\/types\/post"}],"author":[{"embeddable":true,"href":"https:\/\/www.omaec.org\/en\/wp-json\/wp\/v2\/users\/1"}],"replies":[{"embeddable":true,"href":"https:\/\/www.omaec.org\/en\/wp-json\/wp\/v2\/comments?post=3751"}],"version-history":[{"count":1,"href":"https:\/\/www.omaec.org\/en\/wp-json\/wp\/v2\/posts\/3751\/revisions"}],"predecessor-version":[{"id":3752,"href":"https:\/\/www.omaec.org\/en\/wp-json\/wp\/v2\/posts\/3751\/revisions\/3752"}],"wp:featuredmedia":[{"embeddable":true,"href":"https:\/\/www.omaec.org\/en\/wp-json\/wp\/v2\/media\/3747"}],"wp:attachment":[{"href":"https:\/\/www.omaec.org\/en\/wp-json\/wp\/v2\/media?parent=3751"}],"wp:term":[{"taxonomy":"category","embeddable":true,"href":"https:\/\/www.omaec.org\/en\/wp-json\/wp\/v2\/categories?post=3751"},{"taxonomy":"post_tag","embeddable":true,"href":"https:\/\/www.omaec.org\/en\/wp-json\/wp\/v2\/tags?post=3751"}],"curies":[{"name":"wp","href":"https:\/\/api.w.org\/{rel}","templated":true}]}}