{"id":3710,"date":"2018-02-22T18:13:10","date_gmt":"2018-02-22T17:13:10","guid":{"rendered":"http:\/\/omaec.org\/?p=3710"},"modified":"2018-02-22T18:42:29","modified_gmt":"2018-02-22T17:42:29","slug":"correspondent-information-congo-brazaville","status":"publish","type":"post","link":"https:\/\/www.omaec.org\/en\/correspondent-information-congo-brazaville\/","title":{"rendered":"Correspondent information Congo Brazaville"},"content":{"rendered":"<p><strong>SESSION RESUME OF GENERAL ASSEMBLY OF THE NATIONAL LEADERS OF CATHOLIC EDUCATION IN THE CENTRAL SUB-REGION OF AFRICA IN CONGO &#8211; BRAZZVILLE<\/strong><\/p>\n<p><strong>\u00a0<\/strong>Brazzaville (Capital of the Republic of Congo) welcome the second General Assembly National leaders of Catholic Education in the Central Africa Sub region, December 14 to 16, 2017; under the auspices of His Excellency Archbishop Anatole MILANDOU of Brazzaville, President of the Episcopal Commission for Catholic Education (CEEDUC).\u00a0 There were included the following countries: Cameroon, Congo Brazzaville, Gabon and the Central African Republic. To these Members were added the Secretary General of the OIEC Africa Region, Father Epiphane AHOUANSE and the Secretary General of the OIEC, Mr. Philippe RICHARD. \u00a0\u00a0Chad and Equatorial Guinea were not represented.<\/p>\n<p>The activities focused mainly on three issues, as follows:<\/p>\n<ul>\n<li>Review of the OIEC-AC By-Law draft.<\/li>\n<li>Definition of the operative and animation structures of the OIEC-AC and<\/li>\n<li>Evaluation of the activities carried out by the National Departments.<\/li>\n<\/ul>\n<p>Once opening and presentation speeches were completed, we sadly realized that our education systems are losing ground, situation that challenges all of us, hence the urgency to organize solidarity initiatives to recover the Catholic Education in Central Africa.<a href=\"http:\/\/omaec.org\/wp-content\/uploads\/2018\/02\/mix-congo-brazaville.jpg\" rel=\"attachment wp-att-3704\"><img loading=\"lazy\" decoding=\"async\" class=\"size-medium wp-image-3704 alignleft\" src=\"http:\/\/omaec.org\/wp-content\/uploads\/2018\/02\/mix-congo-brazaville-300x293.jpg\" alt=\"mix congo brazaville\" width=\"300\" height=\"293\" srcset=\"https:\/\/www.omaec.org\/wp-content\/uploads\/2018\/02\/mix-congo-brazaville-300x293.jpg 300w, https:\/\/www.omaec.org\/wp-content\/uploads\/2018\/02\/mix-congo-brazaville-768x750.jpg 768w, https:\/\/www.omaec.org\/wp-content\/uploads\/2018\/02\/mix-congo-brazaville-600x586.jpg 600w, https:\/\/www.omaec.org\/wp-content\/uploads\/2018\/02\/mix-congo-brazaville-150x147.jpg 150w, https:\/\/www.omaec.org\/wp-content\/uploads\/2018\/02\/mix-congo-brazaville-60x60.jpg 60w, https:\/\/www.omaec.org\/wp-content\/uploads\/2018\/02\/mix-congo-brazaville.jpg 786w\" sizes=\"auto, (max-width: 300px) 100vw, 300px\" \/><\/a><\/p>\n<p>From these results, the following actions were taken:<\/p>\n<p><strong>\u00a0<\/strong><strong>Review and approval of the Statutes<\/strong><\/p>\n<p>Attendances unanimously decided to submit the OIEC-AC By-Laws for the approval of ACERAC (Association of Episcopal Conferences of the Central Africa Region).<\/p>\n<ul>\n<li><strong>Animation and operating bodies of the OIEC-AC.<\/strong><\/li>\n<li><strong>Activate the relationship between OIEC-AC and ACERAC.<\/strong><\/li>\n<li><strong>Reports from the National Directions.<\/strong><\/li>\n<li><strong>Setting up instances.<\/strong><\/li>\n<li><strong>Resolutions and recommendations.<\/strong><\/li>\n<\/ul>\n<p><strong>\u00a0<\/strong><strong>From the intervention of the Secretary General of the OIEC:<\/strong><\/p>\n<p>During his speech to the Sub-Regional Assembly, Mr. Philippe RICHARD, the Secretary General, spoke to participants about the vision and activities of the OIEC. For him, the change of our world must go through the Catholic School; hence the challenge addressed to the National Directorates to make the Schools of Humanity workshops and re-create the educational pact promoted by the Holy Father Pope Francis. Regarding the representation of Catholic Education in international forums, he suggested to the Secretary General of OIEC Africa to get closer to the authorities of the African Union. By the end of his speech, he invited the national leaders of the OIEC-AC to participate in the next World Congress of Catholic Education scheduled in New York in the United States on June 5, 6, 7 and 8, 2019.<\/p>\n<p><strong>Raoul SIKA<\/strong><\/p>\n<p><strong>Correspondent OMAEC in CONGO-BRAZZAVILLE<\/strong><\/p>\n","protected":false},"excerpt":{"rendered":"<p>SESSION RESUME OF GENERAL ASSEMBLY OF THE NATIONAL LEADERS OF CATHOLIC EDUCATION IN THE CENTRAL SUB-REGION OF AFRICA IN CONGO &#8211; BRAZZVILLE \u00a0Brazzaville (Capital of the Republic of Congo) welcome the second General Assembly National leaders of Catholic Education in the Central Africa Sub region, December 14 to 16, 2017; under the auspices of His <a href=\"https:\/\/www.omaec.org\/en\/correspondent-information-congo-brazaville\/\" rel=\"nofollow\">(more&#8230;)<\/a><\/p>\n","protected":false},"author":1,"featured_media":3703,"comment_status":"closed","ping_status":"open","sticky":false,"template":"","format":"standard","meta":{"footnotes":""},"categories":[47],"tags":[],"class_list":["post-3710","post","type-post","status-publish","format-standard","has-post-thumbnail","hentry","category-conference-en"],"acf":[],"yoast_head":"<!-- This site is optimized with the Yoast SEO plugin v20.11 - https:\/\/yoast.com\/wordpress\/plugins\/seo\/ -->\n<title>Correspondent information Congo Brazaville - Organizaci\u00f3n Mundial de Antiguos Alumnos de la Educaci\u00f3n Cat\u00f3lica<\/title>\n<meta name=\"robots\" content=\"index, follow, max-snippet:-1, max-image-preview:large, max-video-preview:-1\" \/>\n<link rel=\"canonical\" href=\"https:\/\/www.omaec.org\/en\/correspondent-information-congo-brazaville\/\" \/>\n<meta property=\"og:locale\" content=\"en_US\" \/>\n<meta property=\"og:type\" content=\"article\" \/>\n<meta property=\"og:title\" content=\"Correspondent information Congo Brazaville - Organizaci\u00f3n Mundial de Antiguos Alumnos de la Educaci\u00f3n Cat\u00f3lica\" \/>\n<meta property=\"og:description\" content=\"SESSION RESUME OF GENERAL ASSEMBLY OF THE NATIONAL LEADERS OF CATHOLIC EDUCATION IN THE CENTRAL SUB-REGION OF AFRICA IN CONGO &#8211; BRAZZVILLE \u00a0Brazzaville (Capital of the Republic of Congo) welcome the second General Assembly National leaders of Catholic Education in the Central Africa Sub region, December 14 to 16, 2017; under the auspices of His (more...)\" \/>\n<meta property=\"og:url\" content=\"https:\/\/www.omaec.org\/en\/correspondent-information-congo-brazaville\/\" \/>\n<meta property=\"og:site_name\" content=\"Organizaci\u00f3n Mundial de Antiguos Alumnos de la Educaci\u00f3n Cat\u00f3lica\" \/>\n<meta property=\"article:published_time\" content=\"2018-02-22T17:13:10+00:00\" \/>\n<meta property=\"article:modified_time\" content=\"2018-02-22T17:42:29+00:00\" \/>\n<meta property=\"og:image\" content=\"https:\/\/www.omaec.org\/wp-content\/uploads\/2018\/02\/25289605_1980268985322528_2926094499562680591_n.jpg\" \/>\n\t<meta property=\"og:image:width\" content=\"960\" \/>\n\t<meta property=\"og:image:height\" content=\"722\" \/>\n\t<meta property=\"og:image:type\" content=\"image\/jpeg\" \/>\n<meta name=\"author\" content=\"Secretario General\" \/>\n<meta name=\"twitter:card\" content=\"summary_large_image\" \/>\n<meta name=\"twitter:label1\" content=\"Written by\" \/>\n\t<meta name=\"twitter:data1\" content=\"Secretario General\" \/>\n\t<meta name=\"twitter:label2\" content=\"Est. reading time\" \/>\n\t<meta name=\"twitter:data2\" content=\"2 minutes\" \/>\n<script type=\"application\/ld+json\" class=\"yoast-schema-graph\">{\"@context\":\"https:\/\/schema.org\",\"@graph\":[{\"@type\":\"Article\",\"@id\":\"https:\/\/www.omaec.org\/en\/correspondent-information-congo-brazaville\/#article\",\"isPartOf\":{\"@id\":\"https:\/\/www.omaec.org\/en\/correspondent-information-congo-brazaville\/\"},\"author\":{\"name\":\"Secretario General\",\"@id\":\"https:\/\/www.omaec.org\/#\/schema\/person\/b6995e5c4038e3cf602f2bb958068c35\"},\"headline\":\"Correspondent information Congo Brazaville\",\"datePublished\":\"2018-02-22T17:13:10+00:00\",\"dateModified\":\"2018-02-22T17:42:29+00:00\",\"mainEntityOfPage\":{\"@id\":\"https:\/\/www.omaec.org\/en\/correspondent-information-congo-brazaville\/\"},\"wordCount\":397,\"publisher\":{\"@id\":\"https:\/\/www.omaec.org\/#organization\"},\"articleSection\":[\"Conferences\"],\"inLanguage\":\"en-US\"},{\"@type\":\"WebPage\",\"@id\":\"https:\/\/www.omaec.org\/en\/correspondent-information-congo-brazaville\/\",\"url\":\"https:\/\/www.omaec.org\/en\/correspondent-information-congo-brazaville\/\",\"name\":\"Correspondent information Congo Brazaville - Organizaci\u00f3n Mundial de Antiguos Alumnos de la Educaci\u00f3n Cat\u00f3lica\",\"isPartOf\":{\"@id\":\"https:\/\/www.omaec.org\/#website\"},\"datePublished\":\"2018-02-22T17:13:10+00:00\",\"dateModified\":\"2018-02-22T17:42:29+00:00\",\"breadcrumb\":{\"@id\":\"https:\/\/www.omaec.org\/en\/correspondent-information-congo-brazaville\/#breadcrumb\"},\"inLanguage\":\"en-US\",\"potentialAction\":[{\"@type\":\"ReadAction\",\"target\":[\"https:\/\/www.omaec.org\/en\/correspondent-information-congo-brazaville\/\"]}]},{\"@type\":\"BreadcrumbList\",\"@id\":\"https:\/\/www.omaec.org\/en\/correspondent-information-congo-brazaville\/#breadcrumb\",\"itemListElement\":[{\"@type\":\"ListItem\",\"position\":1,\"name\":\"Portada\",\"item\":\"https:\/\/www.omaec.org\/en\/\"},{\"@type\":\"ListItem\",\"position\":2,\"name\":\"Correspondent information Congo Brazaville\"}]},{\"@type\":\"WebSite\",\"@id\":\"https:\/\/www.omaec.org\/#website\",\"url\":\"https:\/\/www.omaec.org\/\",\"name\":\"Organizaci\u00f3n Mundial de Antiguos Alumnos de la Educaci\u00f3n Cat\u00f3lica\",\"description\":\"OMAEC\",\"publisher\":{\"@id\":\"https:\/\/www.omaec.org\/#organization\"},\"potentialAction\":[{\"@type\":\"SearchAction\",\"target\":{\"@type\":\"EntryPoint\",\"urlTemplate\":\"https:\/\/www.omaec.org\/?s={search_term_string}\"},\"query-input\":\"required name=search_term_string\"}],\"inLanguage\":\"en-US\"},{\"@type\":\"Organization\",\"@id\":\"https:\/\/www.omaec.org\/#organization\",\"name\":\"Organizaci\u00f3n Mundial de Antiguos Alumnos de la Educaci\u00f3n Cat\u00f3lica\",\"url\":\"https:\/\/www.omaec.org\/\",\"logo\":{\"@type\":\"ImageObject\",\"inLanguage\":\"en-US\",\"@id\":\"https:\/\/www.omaec.org\/#\/schema\/logo\/image\/\",\"url\":\"https:\/\/www.omaec.org\/wp-content\/uploads\/2021\/06\/OMAEC-LOGO-OFICIAL.jpg\",\"contentUrl\":\"https:\/\/www.omaec.org\/wp-content\/uploads\/2021\/06\/OMAEC-LOGO-OFICIAL.jpg\",\"width\":525,\"height\":452,\"caption\":\"Organizaci\u00f3n Mundial de Antiguos  Alumnos de la Educaci\u00f3n Cat\u00f3lica\"},\"image\":{\"@id\":\"https:\/\/www.omaec.org\/#\/schema\/logo\/image\/\"}},{\"@type\":\"Person\",\"@id\":\"https:\/\/www.omaec.org\/#\/schema\/person\/b6995e5c4038e3cf602f2bb958068c35\",\"name\":\"Secretario General\",\"image\":{\"@type\":\"ImageObject\",\"inLanguage\":\"en-US\",\"@id\":\"https:\/\/www.omaec.org\/#\/schema\/person\/image\/\",\"url\":\"https:\/\/www.omaec.org\/wp-content\/uploads\/2025\/03\/FOTO-GUILLERMO-GUTIERREZ-PIRAQUIVE-OMAEC-96x96.jpg\",\"contentUrl\":\"https:\/\/www.omaec.org\/wp-content\/uploads\/2025\/03\/FOTO-GUILLERMO-GUTIERREZ-PIRAQUIVE-OMAEC-96x96.jpg\",\"caption\":\"Secretario General\"},\"description\":\"EXPERIENCIA LABORAL: SERVICIO NACIONAL DE APRENDIZAJE-SENA Regional Bogot\u00e1. Centro de Gesti\u00f3n de Mercados, Log\u00edstica y Tecnolog\u00edas de la Informaci\u00f3n. \u00b7Instructor de Mercadeo. SERVICIO NACIONAL DE APRENDIZAJE-SENA Regional Bogot\u00e1. Centro de Gesti\u00f3n Administrativa. \u00b7Instructor de Ventas. ARTESAN\u00cdAS DE COLOMBIA. \u00b7Administrador Centro Artesanal La Chamba (Tolima). PROGRAMADORA TELECULTURALES. \u00b7Asistente de Direcci\u00f3n AGENCIAS DE PUBLICIDAD: REP Y MASTER \u00b7Jefe de Medios SANCHO PUBLICIDAD \u00b7Jefe de Tr\u00e1fico. LEO BURNETT \u00b7Asistente de Medios. EDUCACION: \u00b7FUNDACI\u00d3N UNIVERSITARIA SALESIANA Diplomado en Salesianidad. \u00b7POLIT\u00c9CNICO GRANCOLOMBIANO Especializaci\u00f3n en Gerencia de Mercadeo. \u00b7UNIVERSIDAD NACIONAL ABIERTA Y A DISTANCIA Administraci\u00f3n de Empresas. \u00b7SERVICIO NACIONAL DE APRENDIZAJE-SENA Mercadotecnia. \u00b7UNIVERSIDAD CENTRAL Publicidad. \u00b7COLEGIO SALESIANO DE LE\u00d3N XIII Bachiller Acad\u00e9mico. EXPERIENCIA EXALUMNAL: ASOCIACI\u00d3N DE EXALUMNOS SDB-AEXSDBINSPECTOR\u00cdA SAN PEDRO CLAVER Presidente Sexenio 2021-2027. \u00b7ASOCIACI\u00d3N DE EXALUMNOS SDB-AEXSDBINSPECTOR\u00cdA SAN PEDRO CLAVER Vicepresidente Sexenio 2015-2021. \u00b7COLEGIO SALESIANO DE LE\u00d3N XIII. L\u00edder Promoci\u00f3n 1969. EXALUMNAL\",\"url\":\"https:\/\/www.omaec.org\/en\/author\/omaec-admin\/\"}]}<\/script>\n<!-- \/ Yoast SEO plugin. -->","yoast_head_json":{"title":"Correspondent information Congo Brazaville - Organizaci\u00f3n Mundial de Antiguos Alumnos de la Educaci\u00f3n Cat\u00f3lica","robots":{"index":"index","follow":"follow","max-snippet":"max-snippet:-1","max-image-preview":"max-image-preview:large","max-video-preview":"max-video-preview:-1"},"canonical":"https:\/\/www.omaec.org\/en\/correspondent-information-congo-brazaville\/","og_locale":"en_US","og_type":"article","og_title":"Correspondent information Congo Brazaville - Organizaci\u00f3n Mundial de Antiguos Alumnos de la Educaci\u00f3n Cat\u00f3lica","og_description":"SESSION RESUME OF GENERAL ASSEMBLY OF THE NATIONAL LEADERS OF CATHOLIC EDUCATION IN THE CENTRAL SUB-REGION OF AFRICA IN CONGO &#8211; BRAZZVILLE \u00a0Brazzaville (Capital of the Republic of Congo) welcome the second General Assembly National leaders of Catholic Education in the Central Africa Sub region, December 14 to 16, 2017; under the auspices of His (more...)","og_url":"https:\/\/www.omaec.org\/en\/correspondent-information-congo-brazaville\/","og_site_name":"Organizaci\u00f3n Mundial de Antiguos Alumnos de la Educaci\u00f3n Cat\u00f3lica","article_published_time":"2018-02-22T17:13:10+00:00","article_modified_time":"2018-02-22T17:42:29+00:00","og_image":[{"width":960,"height":722,"url":"https:\/\/www.omaec.org\/wp-content\/uploads\/2018\/02\/25289605_1980268985322528_2926094499562680591_n.jpg","type":"image\/jpeg"}],"author":"Secretario General","twitter_card":"summary_large_image","twitter_misc":{"Written by":"Secretario General","Est. reading time":"2 minutes"},"schema":{"@context":"https:\/\/schema.org","@graph":[{"@type":"Article","@id":"https:\/\/www.omaec.org\/en\/correspondent-information-congo-brazaville\/#article","isPartOf":{"@id":"https:\/\/www.omaec.org\/en\/correspondent-information-congo-brazaville\/"},"author":{"name":"Secretario General","@id":"https:\/\/www.omaec.org\/#\/schema\/person\/b6995e5c4038e3cf602f2bb958068c35"},"headline":"Correspondent information Congo Brazaville","datePublished":"2018-02-22T17:13:10+00:00","dateModified":"2018-02-22T17:42:29+00:00","mainEntityOfPage":{"@id":"https:\/\/www.omaec.org\/en\/correspondent-information-congo-brazaville\/"},"wordCount":397,"publisher":{"@id":"https:\/\/www.omaec.org\/#organization"},"articleSection":["Conferences"],"inLanguage":"en-US"},{"@type":"WebPage","@id":"https:\/\/www.omaec.org\/en\/correspondent-information-congo-brazaville\/","url":"https:\/\/www.omaec.org\/en\/correspondent-information-congo-brazaville\/","name":"Correspondent information Congo Brazaville - Organizaci\u00f3n Mundial de Antiguos Alumnos de la Educaci\u00f3n Cat\u00f3lica","isPartOf":{"@id":"https:\/\/www.omaec.org\/#website"},"datePublished":"2018-02-22T17:13:10+00:00","dateModified":"2018-02-22T17:42:29+00:00","breadcrumb":{"@id":"https:\/\/www.omaec.org\/en\/correspondent-information-congo-brazaville\/#breadcrumb"},"inLanguage":"en-US","potentialAction":[{"@type":"ReadAction","target":["https:\/\/www.omaec.org\/en\/correspondent-information-congo-brazaville\/"]}]},{"@type":"BreadcrumbList","@id":"https:\/\/www.omaec.org\/en\/correspondent-information-congo-brazaville\/#breadcrumb","itemListElement":[{"@type":"ListItem","position":1,"name":"Portada","item":"https:\/\/www.omaec.org\/en\/"},{"@type":"ListItem","position":2,"name":"Correspondent information Congo Brazaville"}]},{"@type":"WebSite","@id":"https:\/\/www.omaec.org\/#website","url":"https:\/\/www.omaec.org\/","name":"Organizaci\u00f3n Mundial de Antiguos Alumnos de la Educaci\u00f3n Cat\u00f3lica","description":"OMAEC","publisher":{"@id":"https:\/\/www.omaec.org\/#organization"},"potentialAction":[{"@type":"SearchAction","target":{"@type":"EntryPoint","urlTemplate":"https:\/\/www.omaec.org\/?s={search_term_string}"},"query-input":"required name=search_term_string"}],"inLanguage":"en-US"},{"@type":"Organization","@id":"https:\/\/www.omaec.org\/#organization","name":"Organizaci\u00f3n Mundial de Antiguos Alumnos de la Educaci\u00f3n Cat\u00f3lica","url":"https:\/\/www.omaec.org\/","logo":{"@type":"ImageObject","inLanguage":"en-US","@id":"https:\/\/www.omaec.org\/#\/schema\/logo\/image\/","url":"https:\/\/www.omaec.org\/wp-content\/uploads\/2021\/06\/OMAEC-LOGO-OFICIAL.jpg","contentUrl":"https:\/\/www.omaec.org\/wp-content\/uploads\/2021\/06\/OMAEC-LOGO-OFICIAL.jpg","width":525,"height":452,"caption":"Organizaci\u00f3n Mundial de Antiguos  Alumnos de la Educaci\u00f3n Cat\u00f3lica"},"image":{"@id":"https:\/\/www.omaec.org\/#\/schema\/logo\/image\/"}},{"@type":"Person","@id":"https:\/\/www.omaec.org\/#\/schema\/person\/b6995e5c4038e3cf602f2bb958068c35","name":"Secretario General","image":{"@type":"ImageObject","inLanguage":"en-US","@id":"https:\/\/www.omaec.org\/#\/schema\/person\/image\/","url":"https:\/\/www.omaec.org\/wp-content\/uploads\/2025\/03\/FOTO-GUILLERMO-GUTIERREZ-PIRAQUIVE-OMAEC-96x96.jpg","contentUrl":"https:\/\/www.omaec.org\/wp-content\/uploads\/2025\/03\/FOTO-GUILLERMO-GUTIERREZ-PIRAQUIVE-OMAEC-96x96.jpg","caption":"Secretario General"},"description":"EXPERIENCIA LABORAL: SERVICIO NACIONAL DE APRENDIZAJE-SENA Regional Bogot\u00e1. Centro de Gesti\u00f3n de Mercados, Log\u00edstica y Tecnolog\u00edas de la Informaci\u00f3n. \u00b7Instructor de Mercadeo. SERVICIO NACIONAL DE APRENDIZAJE-SENA Regional Bogot\u00e1. Centro de Gesti\u00f3n Administrativa. \u00b7Instructor de Ventas. ARTESAN\u00cdAS DE COLOMBIA. \u00b7Administrador Centro Artesanal La Chamba (Tolima). PROGRAMADORA TELECULTURALES. \u00b7Asistente de Direcci\u00f3n AGENCIAS DE PUBLICIDAD: REP Y MASTER \u00b7Jefe de Medios SANCHO PUBLICIDAD \u00b7Jefe de Tr\u00e1fico. LEO BURNETT \u00b7Asistente de Medios. EDUCACION: \u00b7FUNDACI\u00d3N UNIVERSITARIA SALESIANA Diplomado en Salesianidad. \u00b7POLIT\u00c9CNICO GRANCOLOMBIANO Especializaci\u00f3n en Gerencia de Mercadeo. \u00b7UNIVERSIDAD NACIONAL ABIERTA Y A DISTANCIA Administraci\u00f3n de Empresas. \u00b7SERVICIO NACIONAL DE APRENDIZAJE-SENA Mercadotecnia. \u00b7UNIVERSIDAD CENTRAL Publicidad. \u00b7COLEGIO SALESIANO DE LE\u00d3N XIII Bachiller Acad\u00e9mico. EXPERIENCIA EXALUMNAL: ASOCIACI\u00d3N DE EXALUMNOS SDB-AEXSDBINSPECTOR\u00cdA SAN PEDRO CLAVER Presidente Sexenio 2021-2027. \u00b7ASOCIACI\u00d3N DE EXALUMNOS SDB-AEXSDBINSPECTOR\u00cdA SAN PEDRO CLAVER Vicepresidente Sexenio 2015-2021. \u00b7COLEGIO SALESIANO DE LE\u00d3N XIII. L\u00edder Promoci\u00f3n 1969. EXALUMNAL","url":"https:\/\/www.omaec.org\/en\/author\/omaec-admin\/"}]}},"_links":{"self":[{"href":"https:\/\/www.omaec.org\/en\/wp-json\/wp\/v2\/posts\/3710","targetHints":{"allow":["GET"]}}],"collection":[{"href":"https:\/\/www.omaec.org\/en\/wp-json\/wp\/v2\/posts"}],"about":[{"href":"https:\/\/www.omaec.org\/en\/wp-json\/wp\/v2\/types\/post"}],"author":[{"embeddable":true,"href":"https:\/\/www.omaec.org\/en\/wp-json\/wp\/v2\/users\/1"}],"replies":[{"embeddable":true,"href":"https:\/\/www.omaec.org\/en\/wp-json\/wp\/v2\/comments?post=3710"}],"version-history":[{"count":1,"href":"https:\/\/www.omaec.org\/en\/wp-json\/wp\/v2\/posts\/3710\/revisions"}],"predecessor-version":[{"id":3711,"href":"https:\/\/www.omaec.org\/en\/wp-json\/wp\/v2\/posts\/3710\/revisions\/3711"}],"wp:featuredmedia":[{"embeddable":true,"href":"https:\/\/www.omaec.org\/en\/wp-json\/wp\/v2\/media\/3703"}],"wp:attachment":[{"href":"https:\/\/www.omaec.org\/en\/wp-json\/wp\/v2\/media?parent=3710"}],"wp:term":[{"taxonomy":"category","embeddable":true,"href":"https:\/\/www.omaec.org\/en\/wp-json\/wp\/v2\/categories?post=3710"},{"taxonomy":"post_tag","embeddable":true,"href":"https:\/\/www.omaec.org\/en\/wp-json\/wp\/v2\/tags?post=3710"}],"curies":[{"name":"wp","href":"https:\/\/api.w.org\/{rel}","templated":true}]}}