{"id":3688,"date":"2018-02-17T21:15:35","date_gmt":"2018-02-17T20:15:35","guid":{"rendered":"http:\/\/omaec.org\/?p=3688"},"modified":"2018-02-18T18:44:42","modified_gmt":"2018-02-18T17:44:42","slug":"unesco-international-ngo-forum","status":"publish","type":"post","link":"https:\/\/www.omaec.org\/en\/unesco-international-ngo-forum\/","title":{"rendered":"UNESCO- International NGO Forum"},"content":{"rendered":"<p>Inaugurated by Audrey Azoulay, UNESCO&#8217;s new Director-General, <span style=\"text-decoration: underline;\"><a href=\"http:\/\/www.ngo-unesco.net\/fr\/\">the International Non-Governmental Organization (NGO) Forum <\/a>aimed to strengthen NGO collaboration with UNESCO in the field of climate change and environmental protection.<\/span><\/p>\n<p>Entitled <strong>&#8220;Let&#8217;s change minds, not climate!<\/strong>&#8220;The Forum took place in two days on 7 and 8 December 2017 at UNESCO (Paris). <em><strong>Mr. Paul Pied, DFAO&#8217;s representative to the CCIC, attended this forum.<\/strong><\/em><\/p>\n<p>During the first day, the discussions focused on:<\/p>\n<p>the priorities given by UNESCO, its sectors and programmes to the fundamental issue of climate change,\u00a0the role and actions of civil society, particularly through UNESCO&#8217;s NGO partners,\u00a0fundamental consideration of the role of the oceans in climate change and the human actions that must accompany it.<a href=\"http:\/\/omaec.org\/wp-content\/uploads\/2018\/02\/ong-unesco.png\" rel=\"attachment wp-att-3690\"><img loading=\"lazy\" decoding=\"async\" class=\"size-medium wp-image-3690 alignright\" src=\"http:\/\/omaec.org\/wp-content\/uploads\/2018\/02\/ong-unesco-300x111.png\" alt=\"ong-unesco\" width=\"300\" height=\"111\" srcset=\"https:\/\/www.omaec.org\/wp-content\/uploads\/2018\/02\/ong-unesco-300x111.png 300w, https:\/\/www.omaec.org\/wp-content\/uploads\/2018\/02\/ong-unesco-768x283.png 768w, https:\/\/www.omaec.org\/wp-content\/uploads\/2018\/02\/ong-unesco-1024x378.png 1024w, https:\/\/www.omaec.org\/wp-content\/uploads\/2018\/02\/ong-unesco-600x221.png 600w, https:\/\/www.omaec.org\/wp-content\/uploads\/2018\/02\/ong-unesco-150x55.png 150w, https:\/\/www.omaec.org\/wp-content\/uploads\/2018\/02\/ong-unesco.png 1203w\" sizes=\"auto, (max-width: 300px) 100vw, 300px\" \/><\/a><\/p>\n<p>The second day focused on:<\/p>\n<p>the role of <strong>NGOs and UNESCO<\/strong> in climate change education around the world,<\/p>\n<p>the often unrecognized importance of the role and actors of indigenous peoples in supporting climate change,\u00a0the conclusions of the day in terms of priorities to be maintain for the coming years, in order to accompany, humanize and even control climate change.<\/p>\n<p>(the photo is owned by UNESCO)<\/p>\n","protected":false},"excerpt":{"rendered":"<p>Inaugurated by Audrey Azoulay, UNESCO&#8217;s new Director-General, the International Non-Governmental Organization (NGO) Forum aimed to strengthen NGO collaboration with UNESCO in the field of climate change and environmental protection. Entitled &#8220;Let&#8217;s change minds, not climate!&#8220;The Forum took place in two days on 7 and 8 December 2017 at UNESCO (Paris). Mr. Paul Pied, DFAO&#8217;s representative <a href=\"https:\/\/www.omaec.org\/en\/unesco-international-ngo-forum\/\" rel=\"nofollow\">(more&#8230;)<\/a><\/p>\n","protected":false},"author":1,"featured_media":13943,"comment_status":"closed","ping_status":"open","sticky":false,"template":"","format":"standard","meta":{"footnotes":""},"categories":[49],"tags":[],"class_list":["post-3688","post","type-post","status-publish","format-standard","has-post-thumbnail","hentry","category-messages"],"acf":[],"yoast_head":"<!-- This site is optimized with the Yoast SEO plugin v20.11 - https:\/\/yoast.com\/wordpress\/plugins\/seo\/ -->\n<title>UNESCO- International NGO Forum - Organizaci\u00f3n Mundial de Antiguos Alumnos de la Educaci\u00f3n Cat\u00f3lica<\/title>\n<meta name=\"robots\" content=\"index, follow, max-snippet:-1, max-image-preview:large, max-video-preview:-1\" \/>\n<link rel=\"canonical\" href=\"https:\/\/www.omaec.org\/unesco-foro-internacional-de-ongs\/\" \/>\n<meta property=\"og:locale\" content=\"en_US\" \/>\n<meta property=\"og:type\" content=\"article\" \/>\n<meta property=\"og:title\" content=\"UNESCO- International NGO Forum - Organizaci\u00f3n Mundial de Antiguos Alumnos de la Educaci\u00f3n Cat\u00f3lica\" \/>\n<meta property=\"og:description\" content=\"Inaugurated by Audrey Azoulay, UNESCO&#8217;s new Director-General, the International Non-Governmental Organization (NGO) Forum aimed to strengthen NGO collaboration with UNESCO in the field of climate change and environmental protection. Entitled &#8220;Let&#8217;s change minds, not climate!&#8220;The Forum took place in two days on 7 and 8 December 2017 at UNESCO (Paris). Mr. Paul Pied, DFAO&#8217;s representative (more...)\" \/>\n<meta property=\"og:url\" content=\"https:\/\/www.omaec.org\/unesco-foro-internacional-de-ongs\/\" \/>\n<meta property=\"og:site_name\" content=\"Organizaci\u00f3n Mundial de Antiguos Alumnos de la Educaci\u00f3n Cat\u00f3lica\" \/>\n<meta property=\"article:published_time\" content=\"2018-02-17T20:15:35+00:00\" \/>\n<meta property=\"article:modified_time\" content=\"2018-02-18T17:44:42+00:00\" \/>\n<meta property=\"og:image\" content=\"https:\/\/www.omaec.org\/wp-content\/uploads\/2018\/02\/dg-aa-forumngo2017.jpg\" \/>\n\t<meta property=\"og:image:width\" content=\"688\" \/>\n\t<meta property=\"og:image:height\" content=\"358\" \/>\n\t<meta property=\"og:image:type\" content=\"image\/jpeg\" \/>\n<meta name=\"author\" content=\"Secretario General\" \/>\n<meta name=\"twitter:card\" content=\"summary_large_image\" \/>\n<meta name=\"twitter:label1\" content=\"Written by\" \/>\n\t<meta name=\"twitter:data1\" content=\"Secretario General\" \/>\n\t<meta name=\"twitter:label2\" content=\"Est. reading time\" \/>\n\t<meta name=\"twitter:data2\" content=\"1 minute\" \/>\n<script type=\"application\/ld+json\" class=\"yoast-schema-graph\">{\"@context\":\"https:\/\/schema.org\",\"@graph\":[{\"@type\":\"Article\",\"@id\":\"https:\/\/www.omaec.org\/unesco-foro-internacional-de-ongs\/#article\",\"isPartOf\":{\"@id\":\"https:\/\/www.omaec.org\/unesco-foro-internacional-de-ongs\/\"},\"author\":{\"name\":\"Secretario General\",\"@id\":\"https:\/\/www.omaec.org\/#\/schema\/person\/b6995e5c4038e3cf602f2bb958068c35\"},\"headline\":\"UNESCO- International NGO Forum\",\"datePublished\":\"2018-02-17T20:15:35+00:00\",\"dateModified\":\"2018-02-18T17:44:42+00:00\",\"mainEntityOfPage\":{\"@id\":\"https:\/\/www.omaec.org\/unesco-foro-internacional-de-ongs\/\"},\"wordCount\":188,\"publisher\":{\"@id\":\"https:\/\/www.omaec.org\/#organization\"},\"articleSection\":[\"Messages\"],\"inLanguage\":\"en-US\"},{\"@type\":\"WebPage\",\"@id\":\"https:\/\/www.omaec.org\/unesco-foro-internacional-de-ongs\/\",\"url\":\"https:\/\/www.omaec.org\/unesco-foro-internacional-de-ongs\/\",\"name\":\"UNESCO- International NGO Forum - Organizaci\u00f3n Mundial de Antiguos Alumnos de la Educaci\u00f3n Cat\u00f3lica\",\"isPartOf\":{\"@id\":\"https:\/\/www.omaec.org\/#website\"},\"datePublished\":\"2018-02-17T20:15:35+00:00\",\"dateModified\":\"2018-02-18T17:44:42+00:00\",\"breadcrumb\":{\"@id\":\"https:\/\/www.omaec.org\/unesco-foro-internacional-de-ongs\/#breadcrumb\"},\"inLanguage\":\"en-US\",\"potentialAction\":[{\"@type\":\"ReadAction\",\"target\":[\"https:\/\/www.omaec.org\/unesco-foro-internacional-de-ongs\/\"]}]},{\"@type\":\"BreadcrumbList\",\"@id\":\"https:\/\/www.omaec.org\/unesco-foro-internacional-de-ongs\/#breadcrumb\",\"itemListElement\":[{\"@type\":\"ListItem\",\"position\":1,\"name\":\"Portada\",\"item\":\"https:\/\/www.omaec.org\/en\/\"},{\"@type\":\"ListItem\",\"position\":2,\"name\":\"UNESCO- International NGO Forum\"}]},{\"@type\":\"WebSite\",\"@id\":\"https:\/\/www.omaec.org\/#website\",\"url\":\"https:\/\/www.omaec.org\/\",\"name\":\"Organizaci\u00f3n Mundial de Antiguos Alumnos de la Educaci\u00f3n Cat\u00f3lica\",\"description\":\"OMAEC\",\"publisher\":{\"@id\":\"https:\/\/www.omaec.org\/#organization\"},\"potentialAction\":[{\"@type\":\"SearchAction\",\"target\":{\"@type\":\"EntryPoint\",\"urlTemplate\":\"https:\/\/www.omaec.org\/?s={search_term_string}\"},\"query-input\":\"required name=search_term_string\"}],\"inLanguage\":\"en-US\"},{\"@type\":\"Organization\",\"@id\":\"https:\/\/www.omaec.org\/#organization\",\"name\":\"Organizaci\u00f3n Mundial de Antiguos Alumnos de la Educaci\u00f3n Cat\u00f3lica\",\"url\":\"https:\/\/www.omaec.org\/\",\"logo\":{\"@type\":\"ImageObject\",\"inLanguage\":\"en-US\",\"@id\":\"https:\/\/www.omaec.org\/#\/schema\/logo\/image\/\",\"url\":\"https:\/\/www.omaec.org\/wp-content\/uploads\/2021\/06\/OMAEC-LOGO-OFICIAL.jpg\",\"contentUrl\":\"https:\/\/www.omaec.org\/wp-content\/uploads\/2021\/06\/OMAEC-LOGO-OFICIAL.jpg\",\"width\":525,\"height\":452,\"caption\":\"Organizaci\u00f3n Mundial de Antiguos  Alumnos de la Educaci\u00f3n Cat\u00f3lica\"},\"image\":{\"@id\":\"https:\/\/www.omaec.org\/#\/schema\/logo\/image\/\"}},{\"@type\":\"Person\",\"@id\":\"https:\/\/www.omaec.org\/#\/schema\/person\/b6995e5c4038e3cf602f2bb958068c35\",\"name\":\"Secretario General\",\"image\":{\"@type\":\"ImageObject\",\"inLanguage\":\"en-US\",\"@id\":\"https:\/\/www.omaec.org\/#\/schema\/person\/image\/\",\"url\":\"https:\/\/www.omaec.org\/wp-content\/uploads\/2025\/03\/FOTO-GUILLERMO-GUTIERREZ-PIRAQUIVE-OMAEC-96x96.jpg\",\"contentUrl\":\"https:\/\/www.omaec.org\/wp-content\/uploads\/2025\/03\/FOTO-GUILLERMO-GUTIERREZ-PIRAQUIVE-OMAEC-96x96.jpg\",\"caption\":\"Secretario General\"},\"description\":\"EXPERIENCIA LABORAL: SERVICIO NACIONAL DE APRENDIZAJE-SENA Regional Bogot\u00e1. Centro de Gesti\u00f3n de Mercados, Log\u00edstica y Tecnolog\u00edas de la Informaci\u00f3n. \u00b7Instructor de Mercadeo. SERVICIO NACIONAL DE APRENDIZAJE-SENA Regional Bogot\u00e1. Centro de Gesti\u00f3n Administrativa. \u00b7Instructor de Ventas. ARTESAN\u00cdAS DE COLOMBIA. \u00b7Administrador Centro Artesanal La Chamba (Tolima). PROGRAMADORA TELECULTURALES. \u00b7Asistente de Direcci\u00f3n AGENCIAS DE PUBLICIDAD: REP Y MASTER \u00b7Jefe de Medios SANCHO PUBLICIDAD \u00b7Jefe de Tr\u00e1fico. LEO BURNETT \u00b7Asistente de Medios. EDUCACION: \u00b7FUNDACI\u00d3N UNIVERSITARIA SALESIANA Diplomado en Salesianidad. \u00b7POLIT\u00c9CNICO GRANCOLOMBIANO Especializaci\u00f3n en Gerencia de Mercadeo. \u00b7UNIVERSIDAD NACIONAL ABIERTA Y A DISTANCIA Administraci\u00f3n de Empresas. \u00b7SERVICIO NACIONAL DE APRENDIZAJE-SENA Mercadotecnia. \u00b7UNIVERSIDAD CENTRAL Publicidad. \u00b7COLEGIO SALESIANO DE LE\u00d3N XIII Bachiller Acad\u00e9mico. EXPERIENCIA EXALUMNAL: ASOCIACI\u00d3N DE EXALUMNOS SDB-AEXSDBINSPECTOR\u00cdA SAN PEDRO CLAVER Presidente Sexenio 2021-2027. \u00b7ASOCIACI\u00d3N DE EXALUMNOS SDB-AEXSDBINSPECTOR\u00cdA SAN PEDRO CLAVER Vicepresidente Sexenio 2015-2021. \u00b7COLEGIO SALESIANO DE LE\u00d3N XIII. L\u00edder Promoci\u00f3n 1969. EXALUMNAL\",\"url\":\"https:\/\/www.omaec.org\/en\/author\/omaec-admin\/\"}]}<\/script>\n<!-- \/ Yoast SEO plugin. -->","yoast_head_json":{"title":"UNESCO- International NGO Forum - Organizaci\u00f3n Mundial de Antiguos Alumnos de la Educaci\u00f3n Cat\u00f3lica","robots":{"index":"index","follow":"follow","max-snippet":"max-snippet:-1","max-image-preview":"max-image-preview:large","max-video-preview":"max-video-preview:-1"},"canonical":"https:\/\/www.omaec.org\/unesco-foro-internacional-de-ongs\/","og_locale":"en_US","og_type":"article","og_title":"UNESCO- International NGO Forum - Organizaci\u00f3n Mundial de Antiguos Alumnos de la Educaci\u00f3n Cat\u00f3lica","og_description":"Inaugurated by Audrey Azoulay, UNESCO&#8217;s new Director-General, the International Non-Governmental Organization (NGO) Forum aimed to strengthen NGO collaboration with UNESCO in the field of climate change and environmental protection. Entitled &#8220;Let&#8217;s change minds, not climate!&#8220;The Forum took place in two days on 7 and 8 December 2017 at UNESCO (Paris). Mr. Paul Pied, DFAO&#8217;s representative (more...)","og_url":"https:\/\/www.omaec.org\/unesco-foro-internacional-de-ongs\/","og_site_name":"Organizaci\u00f3n Mundial de Antiguos Alumnos de la Educaci\u00f3n Cat\u00f3lica","article_published_time":"2018-02-17T20:15:35+00:00","article_modified_time":"2018-02-18T17:44:42+00:00","og_image":[{"width":688,"height":358,"url":"https:\/\/www.omaec.org\/wp-content\/uploads\/2018\/02\/dg-aa-forumngo2017.jpg","type":"image\/jpeg"}],"author":"Secretario General","twitter_card":"summary_large_image","twitter_misc":{"Written by":"Secretario General","Est. reading time":"1 minute"},"schema":{"@context":"https:\/\/schema.org","@graph":[{"@type":"Article","@id":"https:\/\/www.omaec.org\/unesco-foro-internacional-de-ongs\/#article","isPartOf":{"@id":"https:\/\/www.omaec.org\/unesco-foro-internacional-de-ongs\/"},"author":{"name":"Secretario General","@id":"https:\/\/www.omaec.org\/#\/schema\/person\/b6995e5c4038e3cf602f2bb958068c35"},"headline":"UNESCO- International NGO Forum","datePublished":"2018-02-17T20:15:35+00:00","dateModified":"2018-02-18T17:44:42+00:00","mainEntityOfPage":{"@id":"https:\/\/www.omaec.org\/unesco-foro-internacional-de-ongs\/"},"wordCount":188,"publisher":{"@id":"https:\/\/www.omaec.org\/#organization"},"articleSection":["Messages"],"inLanguage":"en-US"},{"@type":"WebPage","@id":"https:\/\/www.omaec.org\/unesco-foro-internacional-de-ongs\/","url":"https:\/\/www.omaec.org\/unesco-foro-internacional-de-ongs\/","name":"UNESCO- International NGO Forum - Organizaci\u00f3n Mundial de Antiguos Alumnos de la Educaci\u00f3n Cat\u00f3lica","isPartOf":{"@id":"https:\/\/www.omaec.org\/#website"},"datePublished":"2018-02-17T20:15:35+00:00","dateModified":"2018-02-18T17:44:42+00:00","breadcrumb":{"@id":"https:\/\/www.omaec.org\/unesco-foro-internacional-de-ongs\/#breadcrumb"},"inLanguage":"en-US","potentialAction":[{"@type":"ReadAction","target":["https:\/\/www.omaec.org\/unesco-foro-internacional-de-ongs\/"]}]},{"@type":"BreadcrumbList","@id":"https:\/\/www.omaec.org\/unesco-foro-internacional-de-ongs\/#breadcrumb","itemListElement":[{"@type":"ListItem","position":1,"name":"Portada","item":"https:\/\/www.omaec.org\/en\/"},{"@type":"ListItem","position":2,"name":"UNESCO- International NGO Forum"}]},{"@type":"WebSite","@id":"https:\/\/www.omaec.org\/#website","url":"https:\/\/www.omaec.org\/","name":"Organizaci\u00f3n Mundial de Antiguos Alumnos de la Educaci\u00f3n Cat\u00f3lica","description":"OMAEC","publisher":{"@id":"https:\/\/www.omaec.org\/#organization"},"potentialAction":[{"@type":"SearchAction","target":{"@type":"EntryPoint","urlTemplate":"https:\/\/www.omaec.org\/?s={search_term_string}"},"query-input":"required name=search_term_string"}],"inLanguage":"en-US"},{"@type":"Organization","@id":"https:\/\/www.omaec.org\/#organization","name":"Organizaci\u00f3n Mundial de Antiguos Alumnos de la Educaci\u00f3n Cat\u00f3lica","url":"https:\/\/www.omaec.org\/","logo":{"@type":"ImageObject","inLanguage":"en-US","@id":"https:\/\/www.omaec.org\/#\/schema\/logo\/image\/","url":"https:\/\/www.omaec.org\/wp-content\/uploads\/2021\/06\/OMAEC-LOGO-OFICIAL.jpg","contentUrl":"https:\/\/www.omaec.org\/wp-content\/uploads\/2021\/06\/OMAEC-LOGO-OFICIAL.jpg","width":525,"height":452,"caption":"Organizaci\u00f3n Mundial de Antiguos  Alumnos de la Educaci\u00f3n Cat\u00f3lica"},"image":{"@id":"https:\/\/www.omaec.org\/#\/schema\/logo\/image\/"}},{"@type":"Person","@id":"https:\/\/www.omaec.org\/#\/schema\/person\/b6995e5c4038e3cf602f2bb958068c35","name":"Secretario General","image":{"@type":"ImageObject","inLanguage":"en-US","@id":"https:\/\/www.omaec.org\/#\/schema\/person\/image\/","url":"https:\/\/www.omaec.org\/wp-content\/uploads\/2025\/03\/FOTO-GUILLERMO-GUTIERREZ-PIRAQUIVE-OMAEC-96x96.jpg","contentUrl":"https:\/\/www.omaec.org\/wp-content\/uploads\/2025\/03\/FOTO-GUILLERMO-GUTIERREZ-PIRAQUIVE-OMAEC-96x96.jpg","caption":"Secretario General"},"description":"EXPERIENCIA LABORAL: SERVICIO NACIONAL DE APRENDIZAJE-SENA Regional Bogot\u00e1. Centro de Gesti\u00f3n de Mercados, Log\u00edstica y Tecnolog\u00edas de la Informaci\u00f3n. \u00b7Instructor de Mercadeo. SERVICIO NACIONAL DE APRENDIZAJE-SENA Regional Bogot\u00e1. Centro de Gesti\u00f3n Administrativa. \u00b7Instructor de Ventas. ARTESAN\u00cdAS DE COLOMBIA. \u00b7Administrador Centro Artesanal La Chamba (Tolima). PROGRAMADORA TELECULTURALES. \u00b7Asistente de Direcci\u00f3n AGENCIAS DE PUBLICIDAD: REP Y MASTER \u00b7Jefe de Medios SANCHO PUBLICIDAD \u00b7Jefe de Tr\u00e1fico. LEO BURNETT \u00b7Asistente de Medios. EDUCACION: \u00b7FUNDACI\u00d3N UNIVERSITARIA SALESIANA Diplomado en Salesianidad. \u00b7POLIT\u00c9CNICO GRANCOLOMBIANO Especializaci\u00f3n en Gerencia de Mercadeo. \u00b7UNIVERSIDAD NACIONAL ABIERTA Y A DISTANCIA Administraci\u00f3n de Empresas. \u00b7SERVICIO NACIONAL DE APRENDIZAJE-SENA Mercadotecnia. \u00b7UNIVERSIDAD CENTRAL Publicidad. \u00b7COLEGIO SALESIANO DE LE\u00d3N XIII Bachiller Acad\u00e9mico. EXPERIENCIA EXALUMNAL: ASOCIACI\u00d3N DE EXALUMNOS SDB-AEXSDBINSPECTOR\u00cdA SAN PEDRO CLAVER Presidente Sexenio 2021-2027. \u00b7ASOCIACI\u00d3N DE EXALUMNOS SDB-AEXSDBINSPECTOR\u00cdA SAN PEDRO CLAVER Vicepresidente Sexenio 2015-2021. \u00b7COLEGIO SALESIANO DE LE\u00d3N XIII. L\u00edder Promoci\u00f3n 1969. EXALUMNAL","url":"https:\/\/www.omaec.org\/en\/author\/omaec-admin\/"}]}},"_links":{"self":[{"href":"https:\/\/www.omaec.org\/en\/wp-json\/wp\/v2\/posts\/3688","targetHints":{"allow":["GET"]}}],"collection":[{"href":"https:\/\/www.omaec.org\/en\/wp-json\/wp\/v2\/posts"}],"about":[{"href":"https:\/\/www.omaec.org\/en\/wp-json\/wp\/v2\/types\/post"}],"author":[{"embeddable":true,"href":"https:\/\/www.omaec.org\/en\/wp-json\/wp\/v2\/users\/1"}],"replies":[{"embeddable":true,"href":"https:\/\/www.omaec.org\/en\/wp-json\/wp\/v2\/comments?post=3688"}],"version-history":[{"count":3,"href":"https:\/\/www.omaec.org\/en\/wp-json\/wp\/v2\/posts\/3688\/revisions"}],"predecessor-version":[{"id":3696,"href":"https:\/\/www.omaec.org\/en\/wp-json\/wp\/v2\/posts\/3688\/revisions\/3696"}],"wp:featuredmedia":[{"embeddable":true,"href":"https:\/\/www.omaec.org\/en\/wp-json\/wp\/v2\/media\/13943"}],"wp:attachment":[{"href":"https:\/\/www.omaec.org\/en\/wp-json\/wp\/v2\/media?parent=3688"}],"wp:term":[{"taxonomy":"category","embeddable":true,"href":"https:\/\/www.omaec.org\/en\/wp-json\/wp\/v2\/categories?post=3688"},{"taxonomy":"post_tag","embeddable":true,"href":"https:\/\/www.omaec.org\/en\/wp-json\/wp\/v2\/tags?post=3688"}],"curies":[{"name":"wp","href":"https:\/\/api.w.org\/{rel}","templated":true}]}}