{"id":3323,"date":"2017-10-19T09:01:56","date_gmt":"2017-10-19T08:01:56","guid":{"rendered":"http:\/\/omaec.org\/?p=3323"},"modified":"2017-10-19T09:01:56","modified_gmt":"2017-10-19T08:01:56","slug":"2nd-encounter-of-meetings-by-mexico-fedecmex-participation","status":"publish","type":"post","link":"https:\/\/www.omaec.org\/en\/2nd-encounter-of-meetings-by-mexico-fedecmex-participation\/","title":{"rendered":"2nd ENCOUNTER OF MEETINGS BY MEXICO. FEDECMEX PARTICIPATION"},"content":{"rendered":"<p>Last weekend, from October 6<sup>th<\/sup> to 8<sup>th<\/sup> took place the 2nd. Meeting of <strong>JUNTOS FOR MEXICO<\/strong>, with the attendance of more than 90 lay organizations, looking for synergy and to be active actors taking in account by the Church, culture, education, politics, etc. To realize that we are an important force, so we can influence in public policies attending against family values, promoting the abortion and to point and bring to trial so many corrupt politician.<a href=\"http:\/\/omaec.org\/wp-content\/uploads\/2017\/10\/IMG_9489.jpg\" rel=\"attachment wp-att-3317\"><img loading=\"lazy\" decoding=\"async\" class=\"size-medium wp-image-3317 alignright\" src=\"http:\/\/omaec.org\/wp-content\/uploads\/2017\/10\/IMG_9489-169x300.jpg\" alt=\"IMG_9489\" width=\"169\" height=\"300\" srcset=\"https:\/\/www.omaec.org\/wp-content\/uploads\/2017\/10\/IMG_9489-169x300.jpg 169w, https:\/\/www.omaec.org\/wp-content\/uploads\/2017\/10\/IMG_9489-575x1024.jpg 575w, https:\/\/www.omaec.org\/wp-content\/uploads\/2017\/10\/IMG_9489-600x1068.jpg 600w, https:\/\/www.omaec.org\/wp-content\/uploads\/2017\/10\/IMG_9489-84x150.jpg 84w, https:\/\/www.omaec.org\/wp-content\/uploads\/2017\/10\/IMG_9489.jpg 719w\" sizes=\"auto, (max-width: 169px) 100vw, 169px\" \/><\/a><\/p>\n<p>The congress was attended by more than 7,000 people sitting in the Auditorium of the Queretaro Congress Center (Where the UNESCO Congress was held); 20,000 people attending on line by you tube.\u00a0 Particularly, I was honored to represents OMAEC during the event.<\/p>\n<p>The motto of the Congress was and is: <strong>LAY CATHOLICS CALLED TO THE TRANSFORMATION OF THE COUNTRY.<a href=\"http:\/\/omaec.org\/wp-content\/uploads\/2017\/10\/IMG_8167.jpg\" rel=\"attachment wp-att-3318\"><img loading=\"lazy\" decoding=\"async\" class=\" wp-image-3318 alignleft\" src=\"http:\/\/omaec.org\/wp-content\/uploads\/2017\/10\/IMG_8167-300x225.jpg\" alt=\"IMG_8167\" width=\"277\" height=\"208\" srcset=\"https:\/\/www.omaec.org\/wp-content\/uploads\/2017\/10\/IMG_8167-300x225.jpg 300w, https:\/\/www.omaec.org\/wp-content\/uploads\/2017\/10\/IMG_8167-768x576.jpg 768w, https:\/\/www.omaec.org\/wp-content\/uploads\/2017\/10\/IMG_8167-1024x768.jpg 1024w, https:\/\/www.omaec.org\/wp-content\/uploads\/2017\/10\/IMG_8167-600x450.jpg 600w, https:\/\/www.omaec.org\/wp-content\/uploads\/2017\/10\/IMG_8167-150x113.jpg 150w, https:\/\/www.omaec.org\/wp-content\/uploads\/2017\/10\/IMG_8167.jpg 1280w\" sizes=\"auto, (max-width: 277px) 100vw, 277px\" \/><\/a><\/strong><\/p>\n<p>We, as <strong>SALESIAN FAMILY and FEDECMEX<\/strong>, are part of the Central organization, in charge of the ecological aspects, with an exhibition of the Encyclical &#8220;LAUDATO SI&#8221;, 500 trees were planted with the support of 5 schools and with the control of all the garbage, organic and inorganic, generated during the three days of Congress.<a href=\"http:\/\/omaec.org\/wp-content\/uploads\/2017\/10\/IMG_9626.jpg\" rel=\"attachment wp-att-3319\"><img loading=\"lazy\" decoding=\"async\" class=\"size-medium wp-image-3319 alignleft\" src=\"http:\/\/omaec.org\/wp-content\/uploads\/2017\/10\/IMG_9626-225x300.jpg\" alt=\"IMG_9626\" width=\"225\" height=\"300\" srcset=\"https:\/\/www.omaec.org\/wp-content\/uploads\/2017\/10\/IMG_9626-225x300.jpg 225w, https:\/\/www.omaec.org\/wp-content\/uploads\/2017\/10\/IMG_9626-768x1024.jpg 768w, https:\/\/www.omaec.org\/wp-content\/uploads\/2017\/10\/IMG_9626-600x800.jpg 600w, https:\/\/www.omaec.org\/wp-content\/uploads\/2017\/10\/IMG_9626-113x150.jpg 113w, https:\/\/www.omaec.org\/wp-content\/uploads\/2017\/10\/IMG_9626.jpg 960w\" sizes=\"auto, (max-width: 225px) 100vw, 225px\" \/><\/a><\/p>\n<p>This congress had a representation of people from all over the country, counting with the support of the Bishop of Quer\u00e9taro, Felipe Armend\u00e1riz and many Catholics of the city whom opened their doors to receive the attendees to the Congress on his houses, it was a testimony of brotherhood , generosity, commitment.<\/p>\n<p>Mateo Marquez &#8211; Mexico<\/p>\n","protected":false},"excerpt":{"rendered":"<p>Last weekend, from October 6th to 8th took place the 2nd. Meeting of JUNTOS FOR MEXICO, with the attendance of more than 90 lay organizations, looking for synergy and to be active actors taking in account by the Church, culture, education, politics, etc. To realize that we are an important force, so we can influence <a href=\"https:\/\/www.omaec.org\/en\/2nd-encounter-of-meetings-by-mexico-fedecmex-participation\/\" rel=\"nofollow\">(more&#8230;)<\/a><\/p>\n","protected":false},"author":1,"featured_media":3316,"comment_status":"closed","ping_status":"open","sticky":false,"template":"","format":"standard","meta":{"footnotes":""},"categories":[47],"tags":[],"class_list":["post-3323","post","type-post","status-publish","format-standard","has-post-thumbnail","hentry","category-conference-en"],"acf":[],"yoast_head":"<!-- This site is optimized with the Yoast SEO plugin v20.11 - https:\/\/yoast.com\/wordpress\/plugins\/seo\/ -->\n<title>2nd ENCOUNTER OF MEETINGS BY MEXICO. FEDECMEX PARTICIPATION - Organizaci\u00f3n Mundial de Antiguos Alumnos de la Educaci\u00f3n Cat\u00f3lica<\/title>\n<meta name=\"robots\" content=\"index, follow, max-snippet:-1, max-image-preview:large, max-video-preview:-1\" \/>\n<link rel=\"canonical\" href=\"https:\/\/www.omaec.org\/en\/2nd-encounter-of-meetings-by-mexico-fedecmex-participation\/\" \/>\n<meta property=\"og:locale\" content=\"en_US\" \/>\n<meta property=\"og:type\" content=\"article\" \/>\n<meta property=\"og:title\" content=\"2nd ENCOUNTER OF MEETINGS BY MEXICO. FEDECMEX PARTICIPATION - Organizaci\u00f3n Mundial de Antiguos Alumnos de la Educaci\u00f3n Cat\u00f3lica\" \/>\n<meta property=\"og:description\" content=\"Last weekend, from October 6th to 8th took place the 2nd. Meeting of JUNTOS FOR MEXICO, with the attendance of more than 90 lay organizations, looking for synergy and to be active actors taking in account by the Church, culture, education, politics, etc. To realize that we are an important force, so we can influence (more...)\" \/>\n<meta property=\"og:url\" content=\"https:\/\/www.omaec.org\/en\/2nd-encounter-of-meetings-by-mexico-fedecmex-participation\/\" \/>\n<meta property=\"og:site_name\" content=\"Organizaci\u00f3n Mundial de Antiguos Alumnos de la Educaci\u00f3n Cat\u00f3lica\" \/>\n<meta property=\"article:published_time\" content=\"2017-10-19T08:01:56+00:00\" \/>\n<meta property=\"og:image\" content=\"https:\/\/www.omaec.org\/wp-content\/uploads\/2017\/10\/37540634761_9c88cf885d_z.jpg\" \/>\n\t<meta property=\"og:image:width\" content=\"640\" \/>\n\t<meta property=\"og:image:height\" content=\"426\" \/>\n\t<meta property=\"og:image:type\" content=\"image\/jpeg\" \/>\n<meta name=\"author\" content=\"Secretario General\" \/>\n<meta name=\"twitter:card\" content=\"summary_large_image\" \/>\n<meta name=\"twitter:label1\" content=\"Written by\" \/>\n\t<meta name=\"twitter:data1\" content=\"Secretario General\" \/>\n\t<meta name=\"twitter:label2\" content=\"Est. reading time\" \/>\n\t<meta name=\"twitter:data2\" content=\"1 minute\" \/>\n<script type=\"application\/ld+json\" class=\"yoast-schema-graph\">{\"@context\":\"https:\/\/schema.org\",\"@graph\":[{\"@type\":\"Article\",\"@id\":\"https:\/\/www.omaec.org\/en\/2nd-encounter-of-meetings-by-mexico-fedecmex-participation\/#article\",\"isPartOf\":{\"@id\":\"https:\/\/www.omaec.org\/en\/2nd-encounter-of-meetings-by-mexico-fedecmex-participation\/\"},\"author\":{\"name\":\"Secretario General\",\"@id\":\"https:\/\/www.omaec.org\/#\/schema\/person\/b6995e5c4038e3cf602f2bb958068c35\"},\"headline\":\"2nd ENCOUNTER OF MEETINGS BY MEXICO. FEDECMEX PARTICIPATION\",\"datePublished\":\"2017-10-19T08:01:56+00:00\",\"dateModified\":\"2017-10-19T08:01:56+00:00\",\"mainEntityOfPage\":{\"@id\":\"https:\/\/www.omaec.org\/en\/2nd-encounter-of-meetings-by-mexico-fedecmex-participation\/\"},\"wordCount\":249,\"publisher\":{\"@id\":\"https:\/\/www.omaec.org\/#organization\"},\"articleSection\":[\"Conferences\"],\"inLanguage\":\"en-US\"},{\"@type\":\"WebPage\",\"@id\":\"https:\/\/www.omaec.org\/en\/2nd-encounter-of-meetings-by-mexico-fedecmex-participation\/\",\"url\":\"https:\/\/www.omaec.org\/en\/2nd-encounter-of-meetings-by-mexico-fedecmex-participation\/\",\"name\":\"2nd ENCOUNTER OF MEETINGS BY MEXICO. FEDECMEX PARTICIPATION - Organizaci\u00f3n Mundial de Antiguos Alumnos de la Educaci\u00f3n Cat\u00f3lica\",\"isPartOf\":{\"@id\":\"https:\/\/www.omaec.org\/#website\"},\"datePublished\":\"2017-10-19T08:01:56+00:00\",\"dateModified\":\"2017-10-19T08:01:56+00:00\",\"breadcrumb\":{\"@id\":\"https:\/\/www.omaec.org\/en\/2nd-encounter-of-meetings-by-mexico-fedecmex-participation\/#breadcrumb\"},\"inLanguage\":\"en-US\",\"potentialAction\":[{\"@type\":\"ReadAction\",\"target\":[\"https:\/\/www.omaec.org\/en\/2nd-encounter-of-meetings-by-mexico-fedecmex-participation\/\"]}]},{\"@type\":\"BreadcrumbList\",\"@id\":\"https:\/\/www.omaec.org\/en\/2nd-encounter-of-meetings-by-mexico-fedecmex-participation\/#breadcrumb\",\"itemListElement\":[{\"@type\":\"ListItem\",\"position\":1,\"name\":\"Portada\",\"item\":\"https:\/\/www.omaec.org\/en\/\"},{\"@type\":\"ListItem\",\"position\":2,\"name\":\"2nd ENCOUNTER OF MEETINGS BY MEXICO. FEDECMEX PARTICIPATION\"}]},{\"@type\":\"WebSite\",\"@id\":\"https:\/\/www.omaec.org\/#website\",\"url\":\"https:\/\/www.omaec.org\/\",\"name\":\"Organizaci\u00f3n Mundial de Antiguos Alumnos de la Educaci\u00f3n Cat\u00f3lica\",\"description\":\"OMAEC\",\"publisher\":{\"@id\":\"https:\/\/www.omaec.org\/#organization\"},\"potentialAction\":[{\"@type\":\"SearchAction\",\"target\":{\"@type\":\"EntryPoint\",\"urlTemplate\":\"https:\/\/www.omaec.org\/?s={search_term_string}\"},\"query-input\":\"required name=search_term_string\"}],\"inLanguage\":\"en-US\"},{\"@type\":\"Organization\",\"@id\":\"https:\/\/www.omaec.org\/#organization\",\"name\":\"Organizaci\u00f3n Mundial de Antiguos Alumnos de la Educaci\u00f3n Cat\u00f3lica\",\"url\":\"https:\/\/www.omaec.org\/\",\"logo\":{\"@type\":\"ImageObject\",\"inLanguage\":\"en-US\",\"@id\":\"https:\/\/www.omaec.org\/#\/schema\/logo\/image\/\",\"url\":\"https:\/\/www.omaec.org\/wp-content\/uploads\/2021\/06\/OMAEC-LOGO-OFICIAL.jpg\",\"contentUrl\":\"https:\/\/www.omaec.org\/wp-content\/uploads\/2021\/06\/OMAEC-LOGO-OFICIAL.jpg\",\"width\":525,\"height\":452,\"caption\":\"Organizaci\u00f3n Mundial de Antiguos  Alumnos de la Educaci\u00f3n Cat\u00f3lica\"},\"image\":{\"@id\":\"https:\/\/www.omaec.org\/#\/schema\/logo\/image\/\"}},{\"@type\":\"Person\",\"@id\":\"https:\/\/www.omaec.org\/#\/schema\/person\/b6995e5c4038e3cf602f2bb958068c35\",\"name\":\"Secretario General\",\"image\":{\"@type\":\"ImageObject\",\"inLanguage\":\"en-US\",\"@id\":\"https:\/\/www.omaec.org\/#\/schema\/person\/image\/\",\"url\":\"https:\/\/www.omaec.org\/wp-content\/uploads\/2025\/03\/FOTO-GUILLERMO-GUTIERREZ-PIRAQUIVE-OMAEC-96x96.jpg\",\"contentUrl\":\"https:\/\/www.omaec.org\/wp-content\/uploads\/2025\/03\/FOTO-GUILLERMO-GUTIERREZ-PIRAQUIVE-OMAEC-96x96.jpg\",\"caption\":\"Secretario General\"},\"description\":\"EXPERIENCIA LABORAL: SERVICIO NACIONAL DE APRENDIZAJE-SENA Regional Bogot\u00e1. Centro de Gesti\u00f3n de Mercados, Log\u00edstica y Tecnolog\u00edas de la Informaci\u00f3n. \u00b7Instructor de Mercadeo. SERVICIO NACIONAL DE APRENDIZAJE-SENA Regional Bogot\u00e1. Centro de Gesti\u00f3n Administrativa. \u00b7Instructor de Ventas. ARTESAN\u00cdAS DE COLOMBIA. \u00b7Administrador Centro Artesanal La Chamba (Tolima). PROGRAMADORA TELECULTURALES. \u00b7Asistente de Direcci\u00f3n AGENCIAS DE PUBLICIDAD: REP Y MASTER \u00b7Jefe de Medios SANCHO PUBLICIDAD \u00b7Jefe de Tr\u00e1fico. LEO BURNETT \u00b7Asistente de Medios. EDUCACION: \u00b7FUNDACI\u00d3N UNIVERSITARIA SALESIANA Diplomado en Salesianidad. \u00b7POLIT\u00c9CNICO GRANCOLOMBIANO Especializaci\u00f3n en Gerencia de Mercadeo. \u00b7UNIVERSIDAD NACIONAL ABIERTA Y A DISTANCIA Administraci\u00f3n de Empresas. \u00b7SERVICIO NACIONAL DE APRENDIZAJE-SENA Mercadotecnia. \u00b7UNIVERSIDAD CENTRAL Publicidad. \u00b7COLEGIO SALESIANO DE LE\u00d3N XIII Bachiller Acad\u00e9mico. EXPERIENCIA EXALUMNAL: ASOCIACI\u00d3N DE EXALUMNOS SDB-AEXSDBINSPECTOR\u00cdA SAN PEDRO CLAVER Presidente Sexenio 2021-2027. \u00b7ASOCIACI\u00d3N DE EXALUMNOS SDB-AEXSDBINSPECTOR\u00cdA SAN PEDRO CLAVER Vicepresidente Sexenio 2015-2021. \u00b7COLEGIO SALESIANO DE LE\u00d3N XIII. L\u00edder Promoci\u00f3n 1969. EXALUMNAL\",\"url\":\"https:\/\/www.omaec.org\/en\/author\/omaec-admin\/\"}]}<\/script>\n<!-- \/ Yoast SEO plugin. -->","yoast_head_json":{"title":"2nd ENCOUNTER OF MEETINGS BY MEXICO. FEDECMEX PARTICIPATION - Organizaci\u00f3n Mundial de Antiguos Alumnos de la Educaci\u00f3n Cat\u00f3lica","robots":{"index":"index","follow":"follow","max-snippet":"max-snippet:-1","max-image-preview":"max-image-preview:large","max-video-preview":"max-video-preview:-1"},"canonical":"https:\/\/www.omaec.org\/en\/2nd-encounter-of-meetings-by-mexico-fedecmex-participation\/","og_locale":"en_US","og_type":"article","og_title":"2nd ENCOUNTER OF MEETINGS BY MEXICO. FEDECMEX PARTICIPATION - Organizaci\u00f3n Mundial de Antiguos Alumnos de la Educaci\u00f3n Cat\u00f3lica","og_description":"Last weekend, from October 6th to 8th took place the 2nd. Meeting of JUNTOS FOR MEXICO, with the attendance of more than 90 lay organizations, looking for synergy and to be active actors taking in account by the Church, culture, education, politics, etc. To realize that we are an important force, so we can influence (more...)","og_url":"https:\/\/www.omaec.org\/en\/2nd-encounter-of-meetings-by-mexico-fedecmex-participation\/","og_site_name":"Organizaci\u00f3n Mundial de Antiguos Alumnos de la Educaci\u00f3n Cat\u00f3lica","article_published_time":"2017-10-19T08:01:56+00:00","og_image":[{"width":640,"height":426,"url":"https:\/\/www.omaec.org\/wp-content\/uploads\/2017\/10\/37540634761_9c88cf885d_z.jpg","type":"image\/jpeg"}],"author":"Secretario General","twitter_card":"summary_large_image","twitter_misc":{"Written by":"Secretario General","Est. reading time":"1 minute"},"schema":{"@context":"https:\/\/schema.org","@graph":[{"@type":"Article","@id":"https:\/\/www.omaec.org\/en\/2nd-encounter-of-meetings-by-mexico-fedecmex-participation\/#article","isPartOf":{"@id":"https:\/\/www.omaec.org\/en\/2nd-encounter-of-meetings-by-mexico-fedecmex-participation\/"},"author":{"name":"Secretario General","@id":"https:\/\/www.omaec.org\/#\/schema\/person\/b6995e5c4038e3cf602f2bb958068c35"},"headline":"2nd ENCOUNTER OF MEETINGS BY MEXICO. FEDECMEX PARTICIPATION","datePublished":"2017-10-19T08:01:56+00:00","dateModified":"2017-10-19T08:01:56+00:00","mainEntityOfPage":{"@id":"https:\/\/www.omaec.org\/en\/2nd-encounter-of-meetings-by-mexico-fedecmex-participation\/"},"wordCount":249,"publisher":{"@id":"https:\/\/www.omaec.org\/#organization"},"articleSection":["Conferences"],"inLanguage":"en-US"},{"@type":"WebPage","@id":"https:\/\/www.omaec.org\/en\/2nd-encounter-of-meetings-by-mexico-fedecmex-participation\/","url":"https:\/\/www.omaec.org\/en\/2nd-encounter-of-meetings-by-mexico-fedecmex-participation\/","name":"2nd ENCOUNTER OF MEETINGS BY MEXICO. FEDECMEX PARTICIPATION - Organizaci\u00f3n Mundial de Antiguos Alumnos de la Educaci\u00f3n Cat\u00f3lica","isPartOf":{"@id":"https:\/\/www.omaec.org\/#website"},"datePublished":"2017-10-19T08:01:56+00:00","dateModified":"2017-10-19T08:01:56+00:00","breadcrumb":{"@id":"https:\/\/www.omaec.org\/en\/2nd-encounter-of-meetings-by-mexico-fedecmex-participation\/#breadcrumb"},"inLanguage":"en-US","potentialAction":[{"@type":"ReadAction","target":["https:\/\/www.omaec.org\/en\/2nd-encounter-of-meetings-by-mexico-fedecmex-participation\/"]}]},{"@type":"BreadcrumbList","@id":"https:\/\/www.omaec.org\/en\/2nd-encounter-of-meetings-by-mexico-fedecmex-participation\/#breadcrumb","itemListElement":[{"@type":"ListItem","position":1,"name":"Portada","item":"https:\/\/www.omaec.org\/en\/"},{"@type":"ListItem","position":2,"name":"2nd ENCOUNTER OF MEETINGS BY MEXICO. FEDECMEX PARTICIPATION"}]},{"@type":"WebSite","@id":"https:\/\/www.omaec.org\/#website","url":"https:\/\/www.omaec.org\/","name":"Organizaci\u00f3n Mundial de Antiguos Alumnos de la Educaci\u00f3n Cat\u00f3lica","description":"OMAEC","publisher":{"@id":"https:\/\/www.omaec.org\/#organization"},"potentialAction":[{"@type":"SearchAction","target":{"@type":"EntryPoint","urlTemplate":"https:\/\/www.omaec.org\/?s={search_term_string}"},"query-input":"required name=search_term_string"}],"inLanguage":"en-US"},{"@type":"Organization","@id":"https:\/\/www.omaec.org\/#organization","name":"Organizaci\u00f3n Mundial de Antiguos Alumnos de la Educaci\u00f3n Cat\u00f3lica","url":"https:\/\/www.omaec.org\/","logo":{"@type":"ImageObject","inLanguage":"en-US","@id":"https:\/\/www.omaec.org\/#\/schema\/logo\/image\/","url":"https:\/\/www.omaec.org\/wp-content\/uploads\/2021\/06\/OMAEC-LOGO-OFICIAL.jpg","contentUrl":"https:\/\/www.omaec.org\/wp-content\/uploads\/2021\/06\/OMAEC-LOGO-OFICIAL.jpg","width":525,"height":452,"caption":"Organizaci\u00f3n Mundial de Antiguos  Alumnos de la Educaci\u00f3n Cat\u00f3lica"},"image":{"@id":"https:\/\/www.omaec.org\/#\/schema\/logo\/image\/"}},{"@type":"Person","@id":"https:\/\/www.omaec.org\/#\/schema\/person\/b6995e5c4038e3cf602f2bb958068c35","name":"Secretario General","image":{"@type":"ImageObject","inLanguage":"en-US","@id":"https:\/\/www.omaec.org\/#\/schema\/person\/image\/","url":"https:\/\/www.omaec.org\/wp-content\/uploads\/2025\/03\/FOTO-GUILLERMO-GUTIERREZ-PIRAQUIVE-OMAEC-96x96.jpg","contentUrl":"https:\/\/www.omaec.org\/wp-content\/uploads\/2025\/03\/FOTO-GUILLERMO-GUTIERREZ-PIRAQUIVE-OMAEC-96x96.jpg","caption":"Secretario General"},"description":"EXPERIENCIA LABORAL: SERVICIO NACIONAL DE APRENDIZAJE-SENA Regional Bogot\u00e1. Centro de Gesti\u00f3n de Mercados, Log\u00edstica y Tecnolog\u00edas de la Informaci\u00f3n. \u00b7Instructor de Mercadeo. SERVICIO NACIONAL DE APRENDIZAJE-SENA Regional Bogot\u00e1. Centro de Gesti\u00f3n Administrativa. \u00b7Instructor de Ventas. ARTESAN\u00cdAS DE COLOMBIA. \u00b7Administrador Centro Artesanal La Chamba (Tolima). PROGRAMADORA TELECULTURALES. \u00b7Asistente de Direcci\u00f3n AGENCIAS DE PUBLICIDAD: REP Y MASTER \u00b7Jefe de Medios SANCHO PUBLICIDAD \u00b7Jefe de Tr\u00e1fico. LEO BURNETT \u00b7Asistente de Medios. EDUCACION: \u00b7FUNDACI\u00d3N UNIVERSITARIA SALESIANA Diplomado en Salesianidad. \u00b7POLIT\u00c9CNICO GRANCOLOMBIANO Especializaci\u00f3n en Gerencia de Mercadeo. \u00b7UNIVERSIDAD NACIONAL ABIERTA Y A DISTANCIA Administraci\u00f3n de Empresas. \u00b7SERVICIO NACIONAL DE APRENDIZAJE-SENA Mercadotecnia. \u00b7UNIVERSIDAD CENTRAL Publicidad. \u00b7COLEGIO SALESIANO DE LE\u00d3N XIII Bachiller Acad\u00e9mico. EXPERIENCIA EXALUMNAL: ASOCIACI\u00d3N DE EXALUMNOS SDB-AEXSDBINSPECTOR\u00cdA SAN PEDRO CLAVER Presidente Sexenio 2021-2027. \u00b7ASOCIACI\u00d3N DE EXALUMNOS SDB-AEXSDBINSPECTOR\u00cdA SAN PEDRO CLAVER Vicepresidente Sexenio 2015-2021. \u00b7COLEGIO SALESIANO DE LE\u00d3N XIII. L\u00edder Promoci\u00f3n 1969. EXALUMNAL","url":"https:\/\/www.omaec.org\/en\/author\/omaec-admin\/"}]}},"_links":{"self":[{"href":"https:\/\/www.omaec.org\/en\/wp-json\/wp\/v2\/posts\/3323","targetHints":{"allow":["GET"]}}],"collection":[{"href":"https:\/\/www.omaec.org\/en\/wp-json\/wp\/v2\/posts"}],"about":[{"href":"https:\/\/www.omaec.org\/en\/wp-json\/wp\/v2\/types\/post"}],"author":[{"embeddable":true,"href":"https:\/\/www.omaec.org\/en\/wp-json\/wp\/v2\/users\/1"}],"replies":[{"embeddable":true,"href":"https:\/\/www.omaec.org\/en\/wp-json\/wp\/v2\/comments?post=3323"}],"version-history":[{"count":1,"href":"https:\/\/www.omaec.org\/en\/wp-json\/wp\/v2\/posts\/3323\/revisions"}],"predecessor-version":[{"id":3324,"href":"https:\/\/www.omaec.org\/en\/wp-json\/wp\/v2\/posts\/3323\/revisions\/3324"}],"wp:featuredmedia":[{"embeddable":true,"href":"https:\/\/www.omaec.org\/en\/wp-json\/wp\/v2\/media\/3316"}],"wp:attachment":[{"href":"https:\/\/www.omaec.org\/en\/wp-json\/wp\/v2\/media?parent=3323"}],"wp:term":[{"taxonomy":"category","embeddable":true,"href":"https:\/\/www.omaec.org\/en\/wp-json\/wp\/v2\/categories?post=3323"},{"taxonomy":"post_tag","embeddable":true,"href":"https:\/\/www.omaec.org\/en\/wp-json\/wp\/v2\/tags?post=3323"}],"curies":[{"name":"wp","href":"https:\/\/api.w.org\/{rel}","templated":true}]}}