{"id":3101,"date":"2017-07-02T22:17:39","date_gmt":"2017-07-02T21:17:39","guid":{"rendered":"http:\/\/omaec.org\/?p=3101"},"modified":"2017-07-05T13:57:21","modified_gmt":"2017-07-05T12:57:21","slug":"web-unaec-europa-www-unaec-europe-org","status":"publish","type":"post","link":"https:\/\/www.omaec.org\/en\/web-unaec-europa-www-unaec-europe-org\/","title":{"rendered":"web UNAEC &#8211; Europa (www.unaec-europe.org)"},"content":{"rendered":"<p>Dear friends of UNAEC-Europe,<a href=\"http:\/\/omaec.org\/wp-content\/uploads\/2017\/07\/Logo-UNAEC.jpg\" rel=\"attachment wp-att-3094\"><img loading=\"lazy\" decoding=\"async\" class=\"size-medium wp-image-3094 alignleft\" src=\"http:\/\/omaec.org\/wp-content\/uploads\/2017\/07\/Logo-UNAEC-300x225.jpg\" alt=\"Logo UNAEC\" width=\"300\" height=\"225\" srcset=\"https:\/\/www.omaec.org\/wp-content\/uploads\/2017\/07\/Logo-UNAEC-300x225.jpg 300w, https:\/\/www.omaec.org\/wp-content\/uploads\/2017\/07\/Logo-UNAEC-150x112.jpg 150w, https:\/\/www.omaec.org\/wp-content\/uploads\/2017\/07\/Logo-UNAEC.jpg 567w\" sizes=\"auto, (max-width: 300px) 100vw, 300px\" \/><\/a><br \/>\nI&#8217;m glad to inform you that <strong>UNAEC-Europa<\/strong> has launch its website (www.unaec-europe.org) and facebook account (https:\/\/www.facebook.com\/UNAEC-Europe-227163127792727) which I hope will allow UNAEC to be more active.<a href=\"http:\/\/omaec.org\/wp-content\/uploads\/2017\/07\/Facebook-create.png\" rel=\"attachment wp-att-3095\"><img loading=\"lazy\" decoding=\"async\" class=\" wp-image-3095 alignleft\" src=\"http:\/\/omaec.org\/wp-content\/uploads\/2017\/07\/Facebook-create-300x106.png\" alt=\"Facebook-create\" width=\"201\" height=\"71\" srcset=\"https:\/\/www.omaec.org\/wp-content\/uploads\/2017\/07\/Facebook-create-300x106.png 300w, https:\/\/www.omaec.org\/wp-content\/uploads\/2017\/07\/Facebook-create-768x271.png 768w, https:\/\/www.omaec.org\/wp-content\/uploads\/2017\/07\/Facebook-create-1024x362.png 1024w, https:\/\/www.omaec.org\/wp-content\/uploads\/2017\/07\/Facebook-create-600x212.png 600w, https:\/\/www.omaec.org\/wp-content\/uploads\/2017\/07\/Facebook-create-150x53.png 150w, https:\/\/www.omaec.org\/wp-content\/uploads\/2017\/07\/Facebook-create.png 1280w\" sizes=\"auto, (max-width: 201px) 100vw, 201px\" \/><\/a><br \/>\nMy gratitude, on behalf of all, to the friend <strong>Domenico Bosi<\/strong>, from Rome, Italy, whom has been working to make these innovations possible and continue in the management of both media.<br \/>\nCordially.<br \/>\nGiuseppe Mariano, President of UNAEC-Europa<\/p>\n","protected":false},"excerpt":{"rendered":"<p>Dear friends of UNAEC-Europe, I&#8217;m glad to inform you that UNAEC-Europa has launch its website (www.unaec-europe.org) and facebook account (https:\/\/www.facebook.com\/UNAEC-Europe-227163127792727) which I hope will allow UNAEC to be more active. My gratitude, on behalf of all, to the friend Domenico Bosi, from Rome, Italy, whom has been working to make these innovations possible and continue <a href=\"https:\/\/www.omaec.org\/en\/web-unaec-europa-www-unaec-europe-org\/\" rel=\"nofollow\">(more&#8230;)<\/a><\/p>\n","protected":false},"author":1,"featured_media":3093,"comment_status":"closed","ping_status":"open","sticky":false,"template":"","format":"standard","meta":{"footnotes":""},"categories":[49],"tags":[],"class_list":["post-3101","post","type-post","status-publish","format-standard","has-post-thumbnail","hentry","category-messages"],"acf":[],"yoast_head":"<!-- This site is optimized with the Yoast SEO plugin v20.11 - https:\/\/yoast.com\/wordpress\/plugins\/seo\/ -->\n<title>web UNAEC - Europa (www.unaec-europe.org) - Organizaci\u00f3n Mundial de Antiguos Alumnos de la Educaci\u00f3n Cat\u00f3lica<\/title>\n<meta name=\"robots\" content=\"index, follow, max-snippet:-1, max-image-preview:large, max-video-preview:-1\" \/>\n<link rel=\"canonical\" href=\"https:\/\/www.omaec.org\/web-unaec-europa\/\" \/>\n<meta property=\"og:locale\" content=\"en_US\" \/>\n<meta property=\"og:type\" content=\"article\" \/>\n<meta property=\"og:title\" content=\"web UNAEC - Europa (www.unaec-europe.org) - Organizaci\u00f3n Mundial de Antiguos Alumnos de la Educaci\u00f3n Cat\u00f3lica\" \/>\n<meta property=\"og:description\" content=\"Dear friends of UNAEC-Europe, I&#8217;m glad to inform you that UNAEC-Europa has launch its website (www.unaec-europe.org) and facebook account (https:\/\/www.facebook.com\/UNAEC-Europe-227163127792727) which I hope will allow UNAEC to be more active. My gratitude, on behalf of all, to the friend Domenico Bosi, from Rome, Italy, whom has been working to make these innovations possible and continue (more...)\" \/>\n<meta property=\"og:url\" content=\"https:\/\/www.omaec.org\/web-unaec-europa\/\" \/>\n<meta property=\"og:site_name\" content=\"Organizaci\u00f3n Mundial de Antiguos Alumnos de la Educaci\u00f3n Cat\u00f3lica\" \/>\n<meta property=\"article:published_time\" content=\"2017-07-02T21:17:39+00:00\" \/>\n<meta property=\"article:modified_time\" content=\"2017-07-05T12:57:21+00:00\" \/>\n<meta property=\"og:image\" content=\"https:\/\/www.omaec.org\/wp-content\/uploads\/2017\/07\/internet.jpg\" \/>\n\t<meta property=\"og:image:width\" content=\"535\" \/>\n\t<meta property=\"og:image:height\" content=\"296\" \/>\n\t<meta property=\"og:image:type\" content=\"image\/jpeg\" \/>\n<meta name=\"author\" content=\"Secretario General\" \/>\n<meta name=\"twitter:card\" content=\"summary_large_image\" \/>\n<meta name=\"twitter:label1\" content=\"Written by\" \/>\n\t<meta name=\"twitter:data1\" content=\"Secretario General\" \/>\n<script type=\"application\/ld+json\" class=\"yoast-schema-graph\">{\"@context\":\"https:\/\/schema.org\",\"@graph\":[{\"@type\":\"Article\",\"@id\":\"https:\/\/www.omaec.org\/web-unaec-europa\/#article\",\"isPartOf\":{\"@id\":\"https:\/\/www.omaec.org\/web-unaec-europa\/\"},\"author\":{\"name\":\"Secretario General\",\"@id\":\"https:\/\/www.omaec.org\/#\/schema\/person\/b6995e5c4038e3cf602f2bb958068c35\"},\"headline\":\"web UNAEC &#8211; Europa (www.unaec-europe.org)\",\"datePublished\":\"2017-07-02T21:17:39+00:00\",\"dateModified\":\"2017-07-05T12:57:21+00:00\",\"mainEntityOfPage\":{\"@id\":\"https:\/\/www.omaec.org\/web-unaec-europa\/\"},\"wordCount\":81,\"publisher\":{\"@id\":\"https:\/\/www.omaec.org\/#organization\"},\"articleSection\":[\"Messages\"],\"inLanguage\":\"en-US\"},{\"@type\":\"WebPage\",\"@id\":\"https:\/\/www.omaec.org\/web-unaec-europa\/\",\"url\":\"https:\/\/www.omaec.org\/web-unaec-europa\/\",\"name\":\"web UNAEC - Europa (www.unaec-europe.org) - Organizaci\u00f3n Mundial de Antiguos Alumnos de la Educaci\u00f3n Cat\u00f3lica\",\"isPartOf\":{\"@id\":\"https:\/\/www.omaec.org\/#website\"},\"datePublished\":\"2017-07-02T21:17:39+00:00\",\"dateModified\":\"2017-07-05T12:57:21+00:00\",\"breadcrumb\":{\"@id\":\"https:\/\/www.omaec.org\/web-unaec-europa\/#breadcrumb\"},\"inLanguage\":\"en-US\",\"potentialAction\":[{\"@type\":\"ReadAction\",\"target\":[\"https:\/\/www.omaec.org\/web-unaec-europa\/\"]}]},{\"@type\":\"BreadcrumbList\",\"@id\":\"https:\/\/www.omaec.org\/web-unaec-europa\/#breadcrumb\",\"itemListElement\":[{\"@type\":\"ListItem\",\"position\":1,\"name\":\"Portada\",\"item\":\"https:\/\/www.omaec.org\/en\/\"},{\"@type\":\"ListItem\",\"position\":2,\"name\":\"web UNAEC &#8211; Europa (www.unaec-europe.org)\"}]},{\"@type\":\"WebSite\",\"@id\":\"https:\/\/www.omaec.org\/#website\",\"url\":\"https:\/\/www.omaec.org\/\",\"name\":\"Organizaci\u00f3n Mundial de Antiguos Alumnos de la Educaci\u00f3n Cat\u00f3lica\",\"description\":\"OMAEC\",\"publisher\":{\"@id\":\"https:\/\/www.omaec.org\/#organization\"},\"potentialAction\":[{\"@type\":\"SearchAction\",\"target\":{\"@type\":\"EntryPoint\",\"urlTemplate\":\"https:\/\/www.omaec.org\/?s={search_term_string}\"},\"query-input\":\"required name=search_term_string\"}],\"inLanguage\":\"en-US\"},{\"@type\":\"Organization\",\"@id\":\"https:\/\/www.omaec.org\/#organization\",\"name\":\"Organizaci\u00f3n Mundial de Antiguos Alumnos de la Educaci\u00f3n Cat\u00f3lica\",\"url\":\"https:\/\/www.omaec.org\/\",\"logo\":{\"@type\":\"ImageObject\",\"inLanguage\":\"en-US\",\"@id\":\"https:\/\/www.omaec.org\/#\/schema\/logo\/image\/\",\"url\":\"https:\/\/www.omaec.org\/wp-content\/uploads\/2021\/06\/OMAEC-LOGO-OFICIAL.jpg\",\"contentUrl\":\"https:\/\/www.omaec.org\/wp-content\/uploads\/2021\/06\/OMAEC-LOGO-OFICIAL.jpg\",\"width\":525,\"height\":452,\"caption\":\"Organizaci\u00f3n Mundial de Antiguos  Alumnos de la Educaci\u00f3n Cat\u00f3lica\"},\"image\":{\"@id\":\"https:\/\/www.omaec.org\/#\/schema\/logo\/image\/\"}},{\"@type\":\"Person\",\"@id\":\"https:\/\/www.omaec.org\/#\/schema\/person\/b6995e5c4038e3cf602f2bb958068c35\",\"name\":\"Secretario General\",\"image\":{\"@type\":\"ImageObject\",\"inLanguage\":\"en-US\",\"@id\":\"https:\/\/www.omaec.org\/#\/schema\/person\/image\/\",\"url\":\"https:\/\/www.omaec.org\/wp-content\/uploads\/2025\/03\/FOTO-GUILLERMO-GUTIERREZ-PIRAQUIVE-OMAEC-96x96.jpg\",\"contentUrl\":\"https:\/\/www.omaec.org\/wp-content\/uploads\/2025\/03\/FOTO-GUILLERMO-GUTIERREZ-PIRAQUIVE-OMAEC-96x96.jpg\",\"caption\":\"Secretario General\"},\"description\":\"EXPERIENCIA LABORAL: SERVICIO NACIONAL DE APRENDIZAJE-SENA Regional Bogot\u00e1. Centro de Gesti\u00f3n de Mercados, Log\u00edstica y Tecnolog\u00edas de la Informaci\u00f3n. \u00b7Instructor de Mercadeo. SERVICIO NACIONAL DE APRENDIZAJE-SENA Regional Bogot\u00e1. Centro de Gesti\u00f3n Administrativa. \u00b7Instructor de Ventas. ARTESAN\u00cdAS DE COLOMBIA. \u00b7Administrador Centro Artesanal La Chamba (Tolima). PROGRAMADORA TELECULTURALES. \u00b7Asistente de Direcci\u00f3n AGENCIAS DE PUBLICIDAD: REP Y MASTER \u00b7Jefe de Medios SANCHO PUBLICIDAD \u00b7Jefe de Tr\u00e1fico. LEO BURNETT \u00b7Asistente de Medios. EDUCACION: \u00b7FUNDACI\u00d3N UNIVERSITARIA SALESIANA Diplomado en Salesianidad. \u00b7POLIT\u00c9CNICO GRANCOLOMBIANO Especializaci\u00f3n en Gerencia de Mercadeo. \u00b7UNIVERSIDAD NACIONAL ABIERTA Y A DISTANCIA Administraci\u00f3n de Empresas. \u00b7SERVICIO NACIONAL DE APRENDIZAJE-SENA Mercadotecnia. \u00b7UNIVERSIDAD CENTRAL Publicidad. \u00b7COLEGIO SALESIANO DE LE\u00d3N XIII Bachiller Acad\u00e9mico. EXPERIENCIA EXALUMNAL: ASOCIACI\u00d3N DE EXALUMNOS SDB-AEXSDBINSPECTOR\u00cdA SAN PEDRO CLAVER Presidente Sexenio 2021-2027. \u00b7ASOCIACI\u00d3N DE EXALUMNOS SDB-AEXSDBINSPECTOR\u00cdA SAN PEDRO CLAVER Vicepresidente Sexenio 2015-2021. \u00b7COLEGIO SALESIANO DE LE\u00d3N XIII. L\u00edder Promoci\u00f3n 1969. EXALUMNAL\",\"url\":\"https:\/\/www.omaec.org\/en\/author\/omaec-admin\/\"}]}<\/script>\n<!-- \/ Yoast SEO plugin. -->","yoast_head_json":{"title":"web UNAEC - Europa (www.unaec-europe.org) - Organizaci\u00f3n Mundial de Antiguos Alumnos de la Educaci\u00f3n Cat\u00f3lica","robots":{"index":"index","follow":"follow","max-snippet":"max-snippet:-1","max-image-preview":"max-image-preview:large","max-video-preview":"max-video-preview:-1"},"canonical":"https:\/\/www.omaec.org\/web-unaec-europa\/","og_locale":"en_US","og_type":"article","og_title":"web UNAEC - Europa (www.unaec-europe.org) - Organizaci\u00f3n Mundial de Antiguos Alumnos de la Educaci\u00f3n Cat\u00f3lica","og_description":"Dear friends of UNAEC-Europe, I&#8217;m glad to inform you that UNAEC-Europa has launch its website (www.unaec-europe.org) and facebook account (https:\/\/www.facebook.com\/UNAEC-Europe-227163127792727) which I hope will allow UNAEC to be more active. My gratitude, on behalf of all, to the friend Domenico Bosi, from Rome, Italy, whom has been working to make these innovations possible and continue (more...)","og_url":"https:\/\/www.omaec.org\/web-unaec-europa\/","og_site_name":"Organizaci\u00f3n Mundial de Antiguos Alumnos de la Educaci\u00f3n Cat\u00f3lica","article_published_time":"2017-07-02T21:17:39+00:00","article_modified_time":"2017-07-05T12:57:21+00:00","og_image":[{"width":535,"height":296,"url":"https:\/\/www.omaec.org\/wp-content\/uploads\/2017\/07\/internet.jpg","type":"image\/jpeg"}],"author":"Secretario General","twitter_card":"summary_large_image","twitter_misc":{"Written by":"Secretario General"},"schema":{"@context":"https:\/\/schema.org","@graph":[{"@type":"Article","@id":"https:\/\/www.omaec.org\/web-unaec-europa\/#article","isPartOf":{"@id":"https:\/\/www.omaec.org\/web-unaec-europa\/"},"author":{"name":"Secretario General","@id":"https:\/\/www.omaec.org\/#\/schema\/person\/b6995e5c4038e3cf602f2bb958068c35"},"headline":"web UNAEC &#8211; Europa (www.unaec-europe.org)","datePublished":"2017-07-02T21:17:39+00:00","dateModified":"2017-07-05T12:57:21+00:00","mainEntityOfPage":{"@id":"https:\/\/www.omaec.org\/web-unaec-europa\/"},"wordCount":81,"publisher":{"@id":"https:\/\/www.omaec.org\/#organization"},"articleSection":["Messages"],"inLanguage":"en-US"},{"@type":"WebPage","@id":"https:\/\/www.omaec.org\/web-unaec-europa\/","url":"https:\/\/www.omaec.org\/web-unaec-europa\/","name":"web UNAEC - Europa (www.unaec-europe.org) - Organizaci\u00f3n Mundial de Antiguos Alumnos de la Educaci\u00f3n Cat\u00f3lica","isPartOf":{"@id":"https:\/\/www.omaec.org\/#website"},"datePublished":"2017-07-02T21:17:39+00:00","dateModified":"2017-07-05T12:57:21+00:00","breadcrumb":{"@id":"https:\/\/www.omaec.org\/web-unaec-europa\/#breadcrumb"},"inLanguage":"en-US","potentialAction":[{"@type":"ReadAction","target":["https:\/\/www.omaec.org\/web-unaec-europa\/"]}]},{"@type":"BreadcrumbList","@id":"https:\/\/www.omaec.org\/web-unaec-europa\/#breadcrumb","itemListElement":[{"@type":"ListItem","position":1,"name":"Portada","item":"https:\/\/www.omaec.org\/en\/"},{"@type":"ListItem","position":2,"name":"web UNAEC &#8211; Europa (www.unaec-europe.org)"}]},{"@type":"WebSite","@id":"https:\/\/www.omaec.org\/#website","url":"https:\/\/www.omaec.org\/","name":"Organizaci\u00f3n Mundial de Antiguos Alumnos de la Educaci\u00f3n Cat\u00f3lica","description":"OMAEC","publisher":{"@id":"https:\/\/www.omaec.org\/#organization"},"potentialAction":[{"@type":"SearchAction","target":{"@type":"EntryPoint","urlTemplate":"https:\/\/www.omaec.org\/?s={search_term_string}"},"query-input":"required name=search_term_string"}],"inLanguage":"en-US"},{"@type":"Organization","@id":"https:\/\/www.omaec.org\/#organization","name":"Organizaci\u00f3n Mundial de Antiguos Alumnos de la Educaci\u00f3n Cat\u00f3lica","url":"https:\/\/www.omaec.org\/","logo":{"@type":"ImageObject","inLanguage":"en-US","@id":"https:\/\/www.omaec.org\/#\/schema\/logo\/image\/","url":"https:\/\/www.omaec.org\/wp-content\/uploads\/2021\/06\/OMAEC-LOGO-OFICIAL.jpg","contentUrl":"https:\/\/www.omaec.org\/wp-content\/uploads\/2021\/06\/OMAEC-LOGO-OFICIAL.jpg","width":525,"height":452,"caption":"Organizaci\u00f3n Mundial de Antiguos  Alumnos de la Educaci\u00f3n Cat\u00f3lica"},"image":{"@id":"https:\/\/www.omaec.org\/#\/schema\/logo\/image\/"}},{"@type":"Person","@id":"https:\/\/www.omaec.org\/#\/schema\/person\/b6995e5c4038e3cf602f2bb958068c35","name":"Secretario General","image":{"@type":"ImageObject","inLanguage":"en-US","@id":"https:\/\/www.omaec.org\/#\/schema\/person\/image\/","url":"https:\/\/www.omaec.org\/wp-content\/uploads\/2025\/03\/FOTO-GUILLERMO-GUTIERREZ-PIRAQUIVE-OMAEC-96x96.jpg","contentUrl":"https:\/\/www.omaec.org\/wp-content\/uploads\/2025\/03\/FOTO-GUILLERMO-GUTIERREZ-PIRAQUIVE-OMAEC-96x96.jpg","caption":"Secretario General"},"description":"EXPERIENCIA LABORAL: SERVICIO NACIONAL DE APRENDIZAJE-SENA Regional Bogot\u00e1. Centro de Gesti\u00f3n de Mercados, Log\u00edstica y Tecnolog\u00edas de la Informaci\u00f3n. \u00b7Instructor de Mercadeo. SERVICIO NACIONAL DE APRENDIZAJE-SENA Regional Bogot\u00e1. Centro de Gesti\u00f3n Administrativa. \u00b7Instructor de Ventas. ARTESAN\u00cdAS DE COLOMBIA. \u00b7Administrador Centro Artesanal La Chamba (Tolima). PROGRAMADORA TELECULTURALES. \u00b7Asistente de Direcci\u00f3n AGENCIAS DE PUBLICIDAD: REP Y MASTER \u00b7Jefe de Medios SANCHO PUBLICIDAD \u00b7Jefe de Tr\u00e1fico. LEO BURNETT \u00b7Asistente de Medios. EDUCACION: \u00b7FUNDACI\u00d3N UNIVERSITARIA SALESIANA Diplomado en Salesianidad. \u00b7POLIT\u00c9CNICO GRANCOLOMBIANO Especializaci\u00f3n en Gerencia de Mercadeo. \u00b7UNIVERSIDAD NACIONAL ABIERTA Y A DISTANCIA Administraci\u00f3n de Empresas. \u00b7SERVICIO NACIONAL DE APRENDIZAJE-SENA Mercadotecnia. \u00b7UNIVERSIDAD CENTRAL Publicidad. \u00b7COLEGIO SALESIANO DE LE\u00d3N XIII Bachiller Acad\u00e9mico. EXPERIENCIA EXALUMNAL: ASOCIACI\u00d3N DE EXALUMNOS SDB-AEXSDBINSPECTOR\u00cdA SAN PEDRO CLAVER Presidente Sexenio 2021-2027. \u00b7ASOCIACI\u00d3N DE EXALUMNOS SDB-AEXSDBINSPECTOR\u00cdA SAN PEDRO CLAVER Vicepresidente Sexenio 2015-2021. \u00b7COLEGIO SALESIANO DE LE\u00d3N XIII. L\u00edder Promoci\u00f3n 1969. EXALUMNAL","url":"https:\/\/www.omaec.org\/en\/author\/omaec-admin\/"}]}},"_links":{"self":[{"href":"https:\/\/www.omaec.org\/en\/wp-json\/wp\/v2\/posts\/3101","targetHints":{"allow":["GET"]}}],"collection":[{"href":"https:\/\/www.omaec.org\/en\/wp-json\/wp\/v2\/posts"}],"about":[{"href":"https:\/\/www.omaec.org\/en\/wp-json\/wp\/v2\/types\/post"}],"author":[{"embeddable":true,"href":"https:\/\/www.omaec.org\/en\/wp-json\/wp\/v2\/users\/1"}],"replies":[{"embeddable":true,"href":"https:\/\/www.omaec.org\/en\/wp-json\/wp\/v2\/comments?post=3101"}],"version-history":[{"count":2,"href":"https:\/\/www.omaec.org\/en\/wp-json\/wp\/v2\/posts\/3101\/revisions"}],"predecessor-version":[{"id":3105,"href":"https:\/\/www.omaec.org\/en\/wp-json\/wp\/v2\/posts\/3101\/revisions\/3105"}],"wp:featuredmedia":[{"embeddable":true,"href":"https:\/\/www.omaec.org\/en\/wp-json\/wp\/v2\/media\/3093"}],"wp:attachment":[{"href":"https:\/\/www.omaec.org\/en\/wp-json\/wp\/v2\/media?parent=3101"}],"wp:term":[{"taxonomy":"category","embeddable":true,"href":"https:\/\/www.omaec.org\/en\/wp-json\/wp\/v2\/categories?post=3101"},{"taxonomy":"post_tag","embeddable":true,"href":"https:\/\/www.omaec.org\/en\/wp-json\/wp\/v2\/tags?post=3101"}],"curies":[{"name":"wp","href":"https:\/\/api.w.org\/{rel}","templated":true}]}}