{"id":2835,"date":"2017-03-06T14:07:08","date_gmt":"2017-03-06T13:07:08","guid":{"rendered":"http:\/\/omaec.org\/?p=2835"},"modified":"2017-03-06T14:07:58","modified_gmt":"2017-03-06T13:07:58","slug":"monsignor-martin-waingue-bani-former-jesuit-student-appointed-bishop-of-doba-chad","status":"publish","type":"post","link":"https:\/\/www.omaec.org\/en\/monsignor-martin-waingue-bani-former-jesuit-student-appointed-bishop-of-doba-chad\/","title":{"rendered":"Monsignor Martin W\u00e4ingue Bani, former Jesuit student, appointed Bishop of Doba (Chad)"},"content":{"rendered":"<p class=\"m_-405014495942521355gmail-MsoNoSpacing\"><span lang=\"EN-US\"><strong>OMAEC\u2019s Correspondent in Chad, Mr. Felix Mbete<\/strong>, informs us regarding the important celebration of the episcopal ordination of the former student from the St. Joseph of Donia College, CCL and from the Institute Admed Mangu\u00e9 of Sarh, <strong>Monsignor Martin W\u00e4ingue Bani.<\/strong><\/span><\/p>\n<p class=\"m_-405014495942521355gmail-MsoNoSpacing\"><span lang=\"EN-US\">The president of the ACCL Executive Council offered an emotional speech which main message was:<a href=\"http:\/\/omaec.org\/wp-content\/uploads\/2017\/03\/image3.jpg\" rel=\"attachment wp-att-2828\"><img loading=\"lazy\" decoding=\"async\" class=\"size-medium wp-image-2828 alignright\" src=\"http:\/\/omaec.org\/wp-content\/uploads\/2017\/03\/image3-224x300.jpg\" alt=\"image3\" width=\"224\" height=\"300\" srcset=\"https:\/\/www.omaec.org\/wp-content\/uploads\/2017\/03\/image3-224x300.jpg 224w, https:\/\/www.omaec.org\/wp-content\/uploads\/2017\/03\/image3-768x1028.jpg 768w, https:\/\/www.omaec.org\/wp-content\/uploads\/2017\/03\/image3-765x1024.jpg 765w, https:\/\/www.omaec.org\/wp-content\/uploads\/2017\/03\/image3-600x803.jpg 600w, https:\/\/www.omaec.org\/wp-content\/uploads\/2017\/03\/image3-112x150.jpg 112w, https:\/\/www.omaec.org\/wp-content\/uploads\/2017\/03\/image3.jpg 968w\" sizes=\"auto, (max-width: 224px) 100vw, 224px\" \/><\/a><\/span><\/p>\n<p class=\"m_-405014495942521355gmail-MsoNoSpacing\"><span lang=\"EN-US\">&#8220;&#8230; behind this episcopal consecration of Mgr. Martin, we gently felt a call to the unity of the former students of Donia and the former students of CCL, but also a call to the unity of all the alumni\u00a0<\/span>from Catholic education colleges&#8230;.. &#8220;<\/p>\n<p>&nbsp;<\/p>\n","protected":false},"excerpt":{"rendered":"<p>OMAEC\u2019s Correspondent in Chad, Mr. Felix Mbete, informs us regarding the important celebration of the episcopal ordination of the former student from the St. Joseph of Donia College, CCL and from the Institute Admed Mangu\u00e9 of Sarh, Monsignor Martin W\u00e4ingue Bani. The president of the ACCL Executive Council offered an emotional speech which main message <a href=\"https:\/\/www.omaec.org\/en\/monsignor-martin-waingue-bani-former-jesuit-student-appointed-bishop-of-doba-chad\/\" rel=\"nofollow\">(more&#8230;)<\/a><\/p>\n","protected":false},"author":1,"featured_media":2827,"comment_status":"closed","ping_status":"open","sticky":false,"template":"","format":"standard","meta":{"footnotes":""},"categories":[159],"tags":[],"class_list":["post-2835","post","type-post","status-publish","format-standard","has-post-thumbnail","hentry","category-church"],"acf":[],"yoast_head":"<!-- This site is optimized with the Yoast SEO plugin v20.11 - https:\/\/yoast.com\/wordpress\/plugins\/seo\/ -->\n<title>Monsignor Martin W\u00e4ingue Bani, former Jesuit student, appointed Bishop of Doba (Chad) - Organizaci\u00f3n Mundial de Antiguos Alumnos de la Educaci\u00f3n Cat\u00f3lica<\/title>\n<meta name=\"robots\" content=\"index, follow, max-snippet:-1, max-image-preview:large, max-video-preview:-1\" \/>\n<link rel=\"canonical\" href=\"https:\/\/www.omaec.org\/en\/monsignor-martin-waingue-bani-former-jesuit-student-appointed-bishop-of-doba-chad\/\" \/>\n<meta property=\"og:locale\" content=\"en_US\" \/>\n<meta property=\"og:type\" content=\"article\" \/>\n<meta property=\"og:title\" content=\"Monsignor Martin W\u00e4ingue Bani, former Jesuit student, appointed Bishop of Doba (Chad) - Organizaci\u00f3n Mundial de Antiguos Alumnos de la Educaci\u00f3n Cat\u00f3lica\" \/>\n<meta property=\"og:description\" content=\"OMAEC\u2019s Correspondent in Chad, Mr. Felix Mbete, informs us regarding the important celebration of the episcopal ordination of the former student from the St. Joseph of Donia College, CCL and from the Institute Admed Mangu\u00e9 of Sarh, Monsignor Martin W\u00e4ingue Bani. The president of the ACCL Executive Council offered an emotional speech which main message (more...)\" \/>\n<meta property=\"og:url\" content=\"https:\/\/www.omaec.org\/en\/monsignor-martin-waingue-bani-former-jesuit-student-appointed-bishop-of-doba-chad\/\" \/>\n<meta property=\"og:site_name\" content=\"Organizaci\u00f3n Mundial de Antiguos Alumnos de la Educaci\u00f3n Cat\u00f3lica\" \/>\n<meta property=\"article:published_time\" content=\"2017-03-06T13:07:08+00:00\" \/>\n<meta property=\"article:modified_time\" content=\"2017-03-06T13:07:58+00:00\" \/>\n<meta property=\"og:image\" content=\"https:\/\/www.omaec.org\/wp-content\/uploads\/2017\/03\/image1.jpg\" \/>\n\t<meta property=\"og:image:width\" content=\"1296\" \/>\n\t<meta property=\"og:image:height\" content=\"968\" \/>\n\t<meta property=\"og:image:type\" content=\"image\/jpeg\" \/>\n<meta name=\"author\" content=\"Secretario General\" \/>\n<meta name=\"twitter:card\" content=\"summary_large_image\" \/>\n<meta name=\"twitter:label1\" content=\"Written by\" \/>\n\t<meta name=\"twitter:data1\" content=\"Secretario General\" \/>\n\t<meta name=\"twitter:label2\" content=\"Est. reading time\" \/>\n\t<meta name=\"twitter:data2\" content=\"1 minute\" \/>\n<script type=\"application\/ld+json\" class=\"yoast-schema-graph\">{\"@context\":\"https:\/\/schema.org\",\"@graph\":[{\"@type\":\"Article\",\"@id\":\"https:\/\/www.omaec.org\/en\/monsignor-martin-waingue-bani-former-jesuit-student-appointed-bishop-of-doba-chad\/#article\",\"isPartOf\":{\"@id\":\"https:\/\/www.omaec.org\/en\/monsignor-martin-waingue-bani-former-jesuit-student-appointed-bishop-of-doba-chad\/\"},\"author\":{\"name\":\"Secretario General\",\"@id\":\"https:\/\/www.omaec.org\/#\/schema\/person\/b6995e5c4038e3cf602f2bb958068c35\"},\"headline\":\"Monsignor Martin W\u00e4ingue Bani, former Jesuit student, appointed Bishop of Doba (Chad)\",\"datePublished\":\"2017-03-06T13:07:08+00:00\",\"dateModified\":\"2017-03-06T13:07:58+00:00\",\"mainEntityOfPage\":{\"@id\":\"https:\/\/www.omaec.org\/en\/monsignor-martin-waingue-bani-former-jesuit-student-appointed-bishop-of-doba-chad\/\"},\"wordCount\":114,\"publisher\":{\"@id\":\"https:\/\/www.omaec.org\/#organization\"},\"articleSection\":[\"Church\"],\"inLanguage\":\"en-US\"},{\"@type\":\"WebPage\",\"@id\":\"https:\/\/www.omaec.org\/en\/monsignor-martin-waingue-bani-former-jesuit-student-appointed-bishop-of-doba-chad\/\",\"url\":\"https:\/\/www.omaec.org\/en\/monsignor-martin-waingue-bani-former-jesuit-student-appointed-bishop-of-doba-chad\/\",\"name\":\"Monsignor Martin W\u00e4ingue Bani, former Jesuit student, appointed Bishop of Doba (Chad) - Organizaci\u00f3n Mundial de Antiguos Alumnos de la Educaci\u00f3n Cat\u00f3lica\",\"isPartOf\":{\"@id\":\"https:\/\/www.omaec.org\/#website\"},\"datePublished\":\"2017-03-06T13:07:08+00:00\",\"dateModified\":\"2017-03-06T13:07:58+00:00\",\"breadcrumb\":{\"@id\":\"https:\/\/www.omaec.org\/en\/monsignor-martin-waingue-bani-former-jesuit-student-appointed-bishop-of-doba-chad\/#breadcrumb\"},\"inLanguage\":\"en-US\",\"potentialAction\":[{\"@type\":\"ReadAction\",\"target\":[\"https:\/\/www.omaec.org\/en\/monsignor-martin-waingue-bani-former-jesuit-student-appointed-bishop-of-doba-chad\/\"]}]},{\"@type\":\"BreadcrumbList\",\"@id\":\"https:\/\/www.omaec.org\/en\/monsignor-martin-waingue-bani-former-jesuit-student-appointed-bishop-of-doba-chad\/#breadcrumb\",\"itemListElement\":[{\"@type\":\"ListItem\",\"position\":1,\"name\":\"Portada\",\"item\":\"https:\/\/www.omaec.org\/en\/\"},{\"@type\":\"ListItem\",\"position\":2,\"name\":\"Monsignor Martin W\u00e4ingue Bani, former Jesuit student, appointed Bishop of Doba (Chad)\"}]},{\"@type\":\"WebSite\",\"@id\":\"https:\/\/www.omaec.org\/#website\",\"url\":\"https:\/\/www.omaec.org\/\",\"name\":\"Organizaci\u00f3n Mundial de Antiguos Alumnos de la Educaci\u00f3n Cat\u00f3lica\",\"description\":\"OMAEC\",\"publisher\":{\"@id\":\"https:\/\/www.omaec.org\/#organization\"},\"potentialAction\":[{\"@type\":\"SearchAction\",\"target\":{\"@type\":\"EntryPoint\",\"urlTemplate\":\"https:\/\/www.omaec.org\/?s={search_term_string}\"},\"query-input\":\"required name=search_term_string\"}],\"inLanguage\":\"en-US\"},{\"@type\":\"Organization\",\"@id\":\"https:\/\/www.omaec.org\/#organization\",\"name\":\"Organizaci\u00f3n Mundial de Antiguos Alumnos de la Educaci\u00f3n Cat\u00f3lica\",\"url\":\"https:\/\/www.omaec.org\/\",\"logo\":{\"@type\":\"ImageObject\",\"inLanguage\":\"en-US\",\"@id\":\"https:\/\/www.omaec.org\/#\/schema\/logo\/image\/\",\"url\":\"https:\/\/www.omaec.org\/wp-content\/uploads\/2021\/06\/OMAEC-LOGO-OFICIAL.jpg\",\"contentUrl\":\"https:\/\/www.omaec.org\/wp-content\/uploads\/2021\/06\/OMAEC-LOGO-OFICIAL.jpg\",\"width\":525,\"height\":452,\"caption\":\"Organizaci\u00f3n Mundial de Antiguos  Alumnos de la Educaci\u00f3n Cat\u00f3lica\"},\"image\":{\"@id\":\"https:\/\/www.omaec.org\/#\/schema\/logo\/image\/\"}},{\"@type\":\"Person\",\"@id\":\"https:\/\/www.omaec.org\/#\/schema\/person\/b6995e5c4038e3cf602f2bb958068c35\",\"name\":\"Secretario General\",\"image\":{\"@type\":\"ImageObject\",\"inLanguage\":\"en-US\",\"@id\":\"https:\/\/www.omaec.org\/#\/schema\/person\/image\/\",\"url\":\"https:\/\/www.omaec.org\/wp-content\/uploads\/2025\/03\/FOTO-GUILLERMO-GUTIERREZ-PIRAQUIVE-OMAEC-96x96.jpg\",\"contentUrl\":\"https:\/\/www.omaec.org\/wp-content\/uploads\/2025\/03\/FOTO-GUILLERMO-GUTIERREZ-PIRAQUIVE-OMAEC-96x96.jpg\",\"caption\":\"Secretario General\"},\"description\":\"EXPERIENCIA LABORAL: SERVICIO NACIONAL DE APRENDIZAJE-SENA Regional Bogot\u00e1. Centro de Gesti\u00f3n de Mercados, Log\u00edstica y Tecnolog\u00edas de la Informaci\u00f3n. \u00b7Instructor de Mercadeo. SERVICIO NACIONAL DE APRENDIZAJE-SENA Regional Bogot\u00e1. Centro de Gesti\u00f3n Administrativa. \u00b7Instructor de Ventas. ARTESAN\u00cdAS DE COLOMBIA. \u00b7Administrador Centro Artesanal La Chamba (Tolima). PROGRAMADORA TELECULTURALES. \u00b7Asistente de Direcci\u00f3n AGENCIAS DE PUBLICIDAD: REP Y MASTER \u00b7Jefe de Medios SANCHO PUBLICIDAD \u00b7Jefe de Tr\u00e1fico. LEO BURNETT \u00b7Asistente de Medios. EDUCACION: \u00b7FUNDACI\u00d3N UNIVERSITARIA SALESIANA Diplomado en Salesianidad. \u00b7POLIT\u00c9CNICO GRANCOLOMBIANO Especializaci\u00f3n en Gerencia de Mercadeo. \u00b7UNIVERSIDAD NACIONAL ABIERTA Y A DISTANCIA Administraci\u00f3n de Empresas. \u00b7SERVICIO NACIONAL DE APRENDIZAJE-SENA Mercadotecnia. \u00b7UNIVERSIDAD CENTRAL Publicidad. \u00b7COLEGIO SALESIANO DE LE\u00d3N XIII Bachiller Acad\u00e9mico. EXPERIENCIA EXALUMNAL: ASOCIACI\u00d3N DE EXALUMNOS SDB-AEXSDBINSPECTOR\u00cdA SAN PEDRO CLAVER Presidente Sexenio 2021-2027. \u00b7ASOCIACI\u00d3N DE EXALUMNOS SDB-AEXSDBINSPECTOR\u00cdA SAN PEDRO CLAVER Vicepresidente Sexenio 2015-2021. \u00b7COLEGIO SALESIANO DE LE\u00d3N XIII. L\u00edder Promoci\u00f3n 1969. EXALUMNAL\",\"url\":\"https:\/\/www.omaec.org\/en\/author\/omaec-admin\/\"}]}<\/script>\n<!-- \/ Yoast SEO plugin. -->","yoast_head_json":{"title":"Monsignor Martin W\u00e4ingue Bani, former Jesuit student, appointed Bishop of Doba (Chad) - Organizaci\u00f3n Mundial de Antiguos Alumnos de la Educaci\u00f3n Cat\u00f3lica","robots":{"index":"index","follow":"follow","max-snippet":"max-snippet:-1","max-image-preview":"max-image-preview:large","max-video-preview":"max-video-preview:-1"},"canonical":"https:\/\/www.omaec.org\/en\/monsignor-martin-waingue-bani-former-jesuit-student-appointed-bishop-of-doba-chad\/","og_locale":"en_US","og_type":"article","og_title":"Monsignor Martin W\u00e4ingue Bani, former Jesuit student, appointed Bishop of Doba (Chad) - Organizaci\u00f3n Mundial de Antiguos Alumnos de la Educaci\u00f3n Cat\u00f3lica","og_description":"OMAEC\u2019s Correspondent in Chad, Mr. Felix Mbete, informs us regarding the important celebration of the episcopal ordination of the former student from the St. Joseph of Donia College, CCL and from the Institute Admed Mangu\u00e9 of Sarh, Monsignor Martin W\u00e4ingue Bani. The president of the ACCL Executive Council offered an emotional speech which main message (more...)","og_url":"https:\/\/www.omaec.org\/en\/monsignor-martin-waingue-bani-former-jesuit-student-appointed-bishop-of-doba-chad\/","og_site_name":"Organizaci\u00f3n Mundial de Antiguos Alumnos de la Educaci\u00f3n Cat\u00f3lica","article_published_time":"2017-03-06T13:07:08+00:00","article_modified_time":"2017-03-06T13:07:58+00:00","og_image":[{"width":1296,"height":968,"url":"https:\/\/www.omaec.org\/wp-content\/uploads\/2017\/03\/image1.jpg","type":"image\/jpeg"}],"author":"Secretario General","twitter_card":"summary_large_image","twitter_misc":{"Written by":"Secretario General","Est. reading time":"1 minute"},"schema":{"@context":"https:\/\/schema.org","@graph":[{"@type":"Article","@id":"https:\/\/www.omaec.org\/en\/monsignor-martin-waingue-bani-former-jesuit-student-appointed-bishop-of-doba-chad\/#article","isPartOf":{"@id":"https:\/\/www.omaec.org\/en\/monsignor-martin-waingue-bani-former-jesuit-student-appointed-bishop-of-doba-chad\/"},"author":{"name":"Secretario General","@id":"https:\/\/www.omaec.org\/#\/schema\/person\/b6995e5c4038e3cf602f2bb958068c35"},"headline":"Monsignor Martin W\u00e4ingue Bani, former Jesuit student, appointed Bishop of Doba (Chad)","datePublished":"2017-03-06T13:07:08+00:00","dateModified":"2017-03-06T13:07:58+00:00","mainEntityOfPage":{"@id":"https:\/\/www.omaec.org\/en\/monsignor-martin-waingue-bani-former-jesuit-student-appointed-bishop-of-doba-chad\/"},"wordCount":114,"publisher":{"@id":"https:\/\/www.omaec.org\/#organization"},"articleSection":["Church"],"inLanguage":"en-US"},{"@type":"WebPage","@id":"https:\/\/www.omaec.org\/en\/monsignor-martin-waingue-bani-former-jesuit-student-appointed-bishop-of-doba-chad\/","url":"https:\/\/www.omaec.org\/en\/monsignor-martin-waingue-bani-former-jesuit-student-appointed-bishop-of-doba-chad\/","name":"Monsignor Martin W\u00e4ingue Bani, former Jesuit student, appointed Bishop of Doba (Chad) - Organizaci\u00f3n Mundial de Antiguos Alumnos de la Educaci\u00f3n Cat\u00f3lica","isPartOf":{"@id":"https:\/\/www.omaec.org\/#website"},"datePublished":"2017-03-06T13:07:08+00:00","dateModified":"2017-03-06T13:07:58+00:00","breadcrumb":{"@id":"https:\/\/www.omaec.org\/en\/monsignor-martin-waingue-bani-former-jesuit-student-appointed-bishop-of-doba-chad\/#breadcrumb"},"inLanguage":"en-US","potentialAction":[{"@type":"ReadAction","target":["https:\/\/www.omaec.org\/en\/monsignor-martin-waingue-bani-former-jesuit-student-appointed-bishop-of-doba-chad\/"]}]},{"@type":"BreadcrumbList","@id":"https:\/\/www.omaec.org\/en\/monsignor-martin-waingue-bani-former-jesuit-student-appointed-bishop-of-doba-chad\/#breadcrumb","itemListElement":[{"@type":"ListItem","position":1,"name":"Portada","item":"https:\/\/www.omaec.org\/en\/"},{"@type":"ListItem","position":2,"name":"Monsignor Martin W\u00e4ingue Bani, former Jesuit student, appointed Bishop of Doba (Chad)"}]},{"@type":"WebSite","@id":"https:\/\/www.omaec.org\/#website","url":"https:\/\/www.omaec.org\/","name":"Organizaci\u00f3n Mundial de Antiguos Alumnos de la Educaci\u00f3n Cat\u00f3lica","description":"OMAEC","publisher":{"@id":"https:\/\/www.omaec.org\/#organization"},"potentialAction":[{"@type":"SearchAction","target":{"@type":"EntryPoint","urlTemplate":"https:\/\/www.omaec.org\/?s={search_term_string}"},"query-input":"required name=search_term_string"}],"inLanguage":"en-US"},{"@type":"Organization","@id":"https:\/\/www.omaec.org\/#organization","name":"Organizaci\u00f3n Mundial de Antiguos Alumnos de la Educaci\u00f3n Cat\u00f3lica","url":"https:\/\/www.omaec.org\/","logo":{"@type":"ImageObject","inLanguage":"en-US","@id":"https:\/\/www.omaec.org\/#\/schema\/logo\/image\/","url":"https:\/\/www.omaec.org\/wp-content\/uploads\/2021\/06\/OMAEC-LOGO-OFICIAL.jpg","contentUrl":"https:\/\/www.omaec.org\/wp-content\/uploads\/2021\/06\/OMAEC-LOGO-OFICIAL.jpg","width":525,"height":452,"caption":"Organizaci\u00f3n Mundial de Antiguos  Alumnos de la Educaci\u00f3n Cat\u00f3lica"},"image":{"@id":"https:\/\/www.omaec.org\/#\/schema\/logo\/image\/"}},{"@type":"Person","@id":"https:\/\/www.omaec.org\/#\/schema\/person\/b6995e5c4038e3cf602f2bb958068c35","name":"Secretario General","image":{"@type":"ImageObject","inLanguage":"en-US","@id":"https:\/\/www.omaec.org\/#\/schema\/person\/image\/","url":"https:\/\/www.omaec.org\/wp-content\/uploads\/2025\/03\/FOTO-GUILLERMO-GUTIERREZ-PIRAQUIVE-OMAEC-96x96.jpg","contentUrl":"https:\/\/www.omaec.org\/wp-content\/uploads\/2025\/03\/FOTO-GUILLERMO-GUTIERREZ-PIRAQUIVE-OMAEC-96x96.jpg","caption":"Secretario General"},"description":"EXPERIENCIA LABORAL: SERVICIO NACIONAL DE APRENDIZAJE-SENA Regional Bogot\u00e1. Centro de Gesti\u00f3n de Mercados, Log\u00edstica y Tecnolog\u00edas de la Informaci\u00f3n. \u00b7Instructor de Mercadeo. SERVICIO NACIONAL DE APRENDIZAJE-SENA Regional Bogot\u00e1. Centro de Gesti\u00f3n Administrativa. \u00b7Instructor de Ventas. ARTESAN\u00cdAS DE COLOMBIA. \u00b7Administrador Centro Artesanal La Chamba (Tolima). PROGRAMADORA TELECULTURALES. \u00b7Asistente de Direcci\u00f3n AGENCIAS DE PUBLICIDAD: REP Y MASTER \u00b7Jefe de Medios SANCHO PUBLICIDAD \u00b7Jefe de Tr\u00e1fico. LEO BURNETT \u00b7Asistente de Medios. EDUCACION: \u00b7FUNDACI\u00d3N UNIVERSITARIA SALESIANA Diplomado en Salesianidad. \u00b7POLIT\u00c9CNICO GRANCOLOMBIANO Especializaci\u00f3n en Gerencia de Mercadeo. \u00b7UNIVERSIDAD NACIONAL ABIERTA Y A DISTANCIA Administraci\u00f3n de Empresas. \u00b7SERVICIO NACIONAL DE APRENDIZAJE-SENA Mercadotecnia. \u00b7UNIVERSIDAD CENTRAL Publicidad. \u00b7COLEGIO SALESIANO DE LE\u00d3N XIII Bachiller Acad\u00e9mico. EXPERIENCIA EXALUMNAL: ASOCIACI\u00d3N DE EXALUMNOS SDB-AEXSDBINSPECTOR\u00cdA SAN PEDRO CLAVER Presidente Sexenio 2021-2027. \u00b7ASOCIACI\u00d3N DE EXALUMNOS SDB-AEXSDBINSPECTOR\u00cdA SAN PEDRO CLAVER Vicepresidente Sexenio 2015-2021. \u00b7COLEGIO SALESIANO DE LE\u00d3N XIII. L\u00edder Promoci\u00f3n 1969. EXALUMNAL","url":"https:\/\/www.omaec.org\/en\/author\/omaec-admin\/"}]}},"_links":{"self":[{"href":"https:\/\/www.omaec.org\/en\/wp-json\/wp\/v2\/posts\/2835","targetHints":{"allow":["GET"]}}],"collection":[{"href":"https:\/\/www.omaec.org\/en\/wp-json\/wp\/v2\/posts"}],"about":[{"href":"https:\/\/www.omaec.org\/en\/wp-json\/wp\/v2\/types\/post"}],"author":[{"embeddable":true,"href":"https:\/\/www.omaec.org\/en\/wp-json\/wp\/v2\/users\/1"}],"replies":[{"embeddable":true,"href":"https:\/\/www.omaec.org\/en\/wp-json\/wp\/v2\/comments?post=2835"}],"version-history":[{"count":2,"href":"https:\/\/www.omaec.org\/en\/wp-json\/wp\/v2\/posts\/2835\/revisions"}],"predecessor-version":[{"id":2837,"href":"https:\/\/www.omaec.org\/en\/wp-json\/wp\/v2\/posts\/2835\/revisions\/2837"}],"wp:featuredmedia":[{"embeddable":true,"href":"https:\/\/www.omaec.org\/en\/wp-json\/wp\/v2\/media\/2827"}],"wp:attachment":[{"href":"https:\/\/www.omaec.org\/en\/wp-json\/wp\/v2\/media?parent=2835"}],"wp:term":[{"taxonomy":"category","embeddable":true,"href":"https:\/\/www.omaec.org\/en\/wp-json\/wp\/v2\/categories?post=2835"},{"taxonomy":"post_tag","embeddable":true,"href":"https:\/\/www.omaec.org\/en\/wp-json\/wp\/v2\/tags?post=2835"}],"curies":[{"name":"wp","href":"https:\/\/api.w.org\/{rel}","templated":true}]}}