{"id":2819,"date":"2017-03-02T21:34:27","date_gmt":"2017-03-02T20:34:27","guid":{"rendered":"http:\/\/omaec.org\/?p=2819"},"modified":"2017-03-02T21:34:42","modified_gmt":"2017-03-02T20:34:42","slug":"message-from-the-ecclesiastical-assistant","status":"publish","type":"post","link":"https:\/\/www.omaec.org\/en\/message-from-the-ecclesiastical-assistant\/","title":{"rendered":"Message from the Ecclesiastical Assistant"},"content":{"rendered":"<p>Dear alumni from the Catholic Schools in the world, associations related with OMAEC:<\/p>\n<p>By means of the present letter, I want to send you a greeting and express my best wishes to be, anywhere in the world that we are, a simple expression that the seed sowed in our beloved schools, today gives fruit of faith, hope and charity.<\/p>\n<p>Greetings to the priests and religious closest to you.<\/p>\n<p>I hope we can meet many in the Assembly of Rome to express to Pope Francis our willingness to contribute to the proclamation of the joy of the Gospel and for integral human development.<\/p>\n<p>With my blessing, a fraternal greeting,<\/p>\n<p style=\"text-align: center;\"><strong>+ Luis J. Arg\u00fcello, Auxiliary Bishop of Valladolid (Spain)<\/strong><\/p>\n<p style=\"text-align: center;\"><strong>Ecclesiastical Assistant of OMAEC<a href=\"http:\/\/omaec.org\/wp-content\/uploads\/2015\/12\/Uno-de-los-elementos-de-la-celebracion-de-la-cuaresma-es-la-ceniza-en-la-frente-con-forma-de-cruz1.jpg\" rel=\"attachment wp-att-2811\"><img loading=\"lazy\" decoding=\"async\" class=\"alignnone size-medium wp-image-2811\" src=\"http:\/\/omaec.org\/wp-content\/uploads\/2015\/12\/Uno-de-los-elementos-de-la-celebracion-de-la-cuaresma-es-la-ceniza-en-la-frente-con-forma-de-cruz1-300x200.jpg\" alt=\"Uno-de-los-elementos-de-la-celebracion-de-la-cuaresma-es-la-ceniza-en-la-frente-con-forma-de-cruz1\" width=\"300\" height=\"200\" srcset=\"https:\/\/www.omaec.org\/wp-content\/uploads\/2015\/12\/Uno-de-los-elementos-de-la-celebracion-de-la-cuaresma-es-la-ceniza-en-la-frente-con-forma-de-cruz1-300x200.jpg 300w, https:\/\/www.omaec.org\/wp-content\/uploads\/2015\/12\/Uno-de-los-elementos-de-la-celebracion-de-la-cuaresma-es-la-ceniza-en-la-frente-con-forma-de-cruz1-600x399.jpg 600w, https:\/\/www.omaec.org\/wp-content\/uploads\/2015\/12\/Uno-de-los-elementos-de-la-celebracion-de-la-cuaresma-es-la-ceniza-en-la-frente-con-forma-de-cruz1-150x100.jpg 150w, https:\/\/www.omaec.org\/wp-content\/uploads\/2015\/12\/Uno-de-los-elementos-de-la-celebracion-de-la-cuaresma-es-la-ceniza-en-la-frente-con-forma-de-cruz1.jpg 700w\" sizes=\"auto, (max-width: 300px) 100vw, 300px\" \/><\/a><\/strong><\/p>\n","protected":false},"excerpt":{"rendered":"<p>Dear alumni from the Catholic Schools in the world, associations related with OMAEC: By means of the present letter, I want to send you a greeting and express my best wishes to be, anywhere in the world that we are, a simple expression that the seed sowed in our beloved schools, today gives fruit of <a href=\"https:\/\/www.omaec.org\/en\/message-from-the-ecclesiastical-assistant\/\" rel=\"nofollow\">(more&#8230;)<\/a><\/p>\n","protected":false},"author":1,"featured_media":2697,"comment_status":"closed","ping_status":"open","sticky":false,"template":"","format":"standard","meta":{"footnotes":""},"categories":[159],"tags":[],"class_list":["post-2819","post","type-post","status-publish","format-standard","has-post-thumbnail","hentry","category-church"],"acf":[],"yoast_head":"<!-- This site is optimized with the Yoast SEO plugin v20.11 - https:\/\/yoast.com\/wordpress\/plugins\/seo\/ -->\n<title>Message from the Ecclesiastical Assistant - Organizaci\u00f3n Mundial de Antiguos Alumnos de la Educaci\u00f3n Cat\u00f3lica<\/title>\n<meta name=\"robots\" content=\"index, follow, max-snippet:-1, max-image-preview:large, max-video-preview:-1\" \/>\n<link rel=\"canonical\" href=\"https:\/\/www.omaec.org\/mensaje-del-asistente-eclesiastico\/\" \/>\n<meta property=\"og:locale\" content=\"en_US\" \/>\n<meta property=\"og:type\" content=\"article\" \/>\n<meta property=\"og:title\" content=\"Message from the Ecclesiastical Assistant - Organizaci\u00f3n Mundial de Antiguos Alumnos de la Educaci\u00f3n Cat\u00f3lica\" \/>\n<meta property=\"og:description\" content=\"Dear alumni from the Catholic Schools in the world, associations related with OMAEC: By means of the present letter, I want to send you a greeting and express my best wishes to be, anywhere in the world that we are, a simple expression that the seed sowed in our beloved schools, today gives fruit of (more...)\" \/>\n<meta property=\"og:url\" content=\"https:\/\/www.omaec.org\/mensaje-del-asistente-eclesiastico\/\" \/>\n<meta property=\"og:site_name\" content=\"Organizaci\u00f3n Mundial de Antiguos Alumnos de la Educaci\u00f3n Cat\u00f3lica\" \/>\n<meta property=\"article:published_time\" content=\"2017-03-02T20:34:27+00:00\" \/>\n<meta property=\"article:modified_time\" content=\"2017-03-02T20:34:42+00:00\" \/>\n<meta property=\"og:image\" content=\"https:\/\/www.omaec.org\/wp-content\/uploads\/2017\/01\/M-Luis-Arguelles.jpeg\" \/>\n\t<meta property=\"og:image:width\" content=\"512\" \/>\n\t<meta property=\"og:image:height\" content=\"640\" \/>\n\t<meta property=\"og:image:type\" content=\"image\/jpeg\" \/>\n<meta name=\"author\" content=\"Secretario General\" \/>\n<meta name=\"twitter:card\" content=\"summary_large_image\" \/>\n<meta name=\"twitter:label1\" content=\"Written by\" \/>\n\t<meta name=\"twitter:data1\" content=\"Secretario General\" \/>\n\t<meta name=\"twitter:label2\" content=\"Est. reading time\" \/>\n\t<meta name=\"twitter:data2\" content=\"1 minute\" \/>\n<script type=\"application\/ld+json\" class=\"yoast-schema-graph\">{\"@context\":\"https:\/\/schema.org\",\"@graph\":[{\"@type\":\"Article\",\"@id\":\"https:\/\/www.omaec.org\/mensaje-del-asistente-eclesiastico\/#article\",\"isPartOf\":{\"@id\":\"https:\/\/www.omaec.org\/mensaje-del-asistente-eclesiastico\/\"},\"author\":{\"name\":\"Secretario General\",\"@id\":\"https:\/\/www.omaec.org\/#\/schema\/person\/b6995e5c4038e3cf602f2bb958068c35\"},\"headline\":\"Message from the Ecclesiastical Assistant\",\"datePublished\":\"2017-03-02T20:34:27+00:00\",\"dateModified\":\"2017-03-02T20:34:42+00:00\",\"mainEntityOfPage\":{\"@id\":\"https:\/\/www.omaec.org\/mensaje-del-asistente-eclesiastico\/\"},\"wordCount\":126,\"publisher\":{\"@id\":\"https:\/\/www.omaec.org\/#organization\"},\"articleSection\":[\"Church\"],\"inLanguage\":\"en-US\"},{\"@type\":\"WebPage\",\"@id\":\"https:\/\/www.omaec.org\/mensaje-del-asistente-eclesiastico\/\",\"url\":\"https:\/\/www.omaec.org\/mensaje-del-asistente-eclesiastico\/\",\"name\":\"Message from the Ecclesiastical Assistant - Organizaci\u00f3n Mundial de Antiguos Alumnos de la Educaci\u00f3n Cat\u00f3lica\",\"isPartOf\":{\"@id\":\"https:\/\/www.omaec.org\/#website\"},\"datePublished\":\"2017-03-02T20:34:27+00:00\",\"dateModified\":\"2017-03-02T20:34:42+00:00\",\"breadcrumb\":{\"@id\":\"https:\/\/www.omaec.org\/mensaje-del-asistente-eclesiastico\/#breadcrumb\"},\"inLanguage\":\"en-US\",\"potentialAction\":[{\"@type\":\"ReadAction\",\"target\":[\"https:\/\/www.omaec.org\/mensaje-del-asistente-eclesiastico\/\"]}]},{\"@type\":\"BreadcrumbList\",\"@id\":\"https:\/\/www.omaec.org\/mensaje-del-asistente-eclesiastico\/#breadcrumb\",\"itemListElement\":[{\"@type\":\"ListItem\",\"position\":1,\"name\":\"Portada\",\"item\":\"https:\/\/www.omaec.org\/en\/\"},{\"@type\":\"ListItem\",\"position\":2,\"name\":\"Message from the Ecclesiastical Assistant\"}]},{\"@type\":\"WebSite\",\"@id\":\"https:\/\/www.omaec.org\/#website\",\"url\":\"https:\/\/www.omaec.org\/\",\"name\":\"Organizaci\u00f3n Mundial de Antiguos Alumnos de la Educaci\u00f3n Cat\u00f3lica\",\"description\":\"OMAEC\",\"publisher\":{\"@id\":\"https:\/\/www.omaec.org\/#organization\"},\"potentialAction\":[{\"@type\":\"SearchAction\",\"target\":{\"@type\":\"EntryPoint\",\"urlTemplate\":\"https:\/\/www.omaec.org\/?s={search_term_string}\"},\"query-input\":\"required name=search_term_string\"}],\"inLanguage\":\"en-US\"},{\"@type\":\"Organization\",\"@id\":\"https:\/\/www.omaec.org\/#organization\",\"name\":\"Organizaci\u00f3n Mundial de Antiguos Alumnos de la Educaci\u00f3n Cat\u00f3lica\",\"url\":\"https:\/\/www.omaec.org\/\",\"logo\":{\"@type\":\"ImageObject\",\"inLanguage\":\"en-US\",\"@id\":\"https:\/\/www.omaec.org\/#\/schema\/logo\/image\/\",\"url\":\"https:\/\/www.omaec.org\/wp-content\/uploads\/2021\/06\/OMAEC-LOGO-OFICIAL.jpg\",\"contentUrl\":\"https:\/\/www.omaec.org\/wp-content\/uploads\/2021\/06\/OMAEC-LOGO-OFICIAL.jpg\",\"width\":525,\"height\":452,\"caption\":\"Organizaci\u00f3n Mundial de Antiguos  Alumnos de la Educaci\u00f3n Cat\u00f3lica\"},\"image\":{\"@id\":\"https:\/\/www.omaec.org\/#\/schema\/logo\/image\/\"}},{\"@type\":\"Person\",\"@id\":\"https:\/\/www.omaec.org\/#\/schema\/person\/b6995e5c4038e3cf602f2bb958068c35\",\"name\":\"Secretario General\",\"image\":{\"@type\":\"ImageObject\",\"inLanguage\":\"en-US\",\"@id\":\"https:\/\/www.omaec.org\/#\/schema\/person\/image\/\",\"url\":\"https:\/\/www.omaec.org\/wp-content\/uploads\/2025\/03\/FOTO-GUILLERMO-GUTIERREZ-PIRAQUIVE-OMAEC-96x96.jpg\",\"contentUrl\":\"https:\/\/www.omaec.org\/wp-content\/uploads\/2025\/03\/FOTO-GUILLERMO-GUTIERREZ-PIRAQUIVE-OMAEC-96x96.jpg\",\"caption\":\"Secretario General\"},\"description\":\"EXPERIENCIA LABORAL: SERVICIO NACIONAL DE APRENDIZAJE-SENA Regional Bogot\u00e1. Centro de Gesti\u00f3n de Mercados, Log\u00edstica y Tecnolog\u00edas de la Informaci\u00f3n. \u00b7Instructor de Mercadeo. SERVICIO NACIONAL DE APRENDIZAJE-SENA Regional Bogot\u00e1. Centro de Gesti\u00f3n Administrativa. \u00b7Instructor de Ventas. ARTESAN\u00cdAS DE COLOMBIA. \u00b7Administrador Centro Artesanal La Chamba (Tolima). PROGRAMADORA TELECULTURALES. \u00b7Asistente de Direcci\u00f3n AGENCIAS DE PUBLICIDAD: REP Y MASTER \u00b7Jefe de Medios SANCHO PUBLICIDAD \u00b7Jefe de Tr\u00e1fico. LEO BURNETT \u00b7Asistente de Medios. EDUCACION: \u00b7FUNDACI\u00d3N UNIVERSITARIA SALESIANA Diplomado en Salesianidad. \u00b7POLIT\u00c9CNICO GRANCOLOMBIANO Especializaci\u00f3n en Gerencia de Mercadeo. \u00b7UNIVERSIDAD NACIONAL ABIERTA Y A DISTANCIA Administraci\u00f3n de Empresas. \u00b7SERVICIO NACIONAL DE APRENDIZAJE-SENA Mercadotecnia. \u00b7UNIVERSIDAD CENTRAL Publicidad. \u00b7COLEGIO SALESIANO DE LE\u00d3N XIII Bachiller Acad\u00e9mico. EXPERIENCIA EXALUMNAL: ASOCIACI\u00d3N DE EXALUMNOS SDB-AEXSDBINSPECTOR\u00cdA SAN PEDRO CLAVER Presidente Sexenio 2021-2027. \u00b7ASOCIACI\u00d3N DE EXALUMNOS SDB-AEXSDBINSPECTOR\u00cdA SAN PEDRO CLAVER Vicepresidente Sexenio 2015-2021. \u00b7COLEGIO SALESIANO DE LE\u00d3N XIII. L\u00edder Promoci\u00f3n 1969. EXALUMNAL\",\"url\":\"https:\/\/www.omaec.org\/en\/author\/omaec-admin\/\"}]}<\/script>\n<!-- \/ Yoast SEO plugin. -->","yoast_head_json":{"title":"Message from the Ecclesiastical Assistant - Organizaci\u00f3n Mundial de Antiguos Alumnos de la Educaci\u00f3n Cat\u00f3lica","robots":{"index":"index","follow":"follow","max-snippet":"max-snippet:-1","max-image-preview":"max-image-preview:large","max-video-preview":"max-video-preview:-1"},"canonical":"https:\/\/www.omaec.org\/mensaje-del-asistente-eclesiastico\/","og_locale":"en_US","og_type":"article","og_title":"Message from the Ecclesiastical Assistant - Organizaci\u00f3n Mundial de Antiguos Alumnos de la Educaci\u00f3n Cat\u00f3lica","og_description":"Dear alumni from the Catholic Schools in the world, associations related with OMAEC: By means of the present letter, I want to send you a greeting and express my best wishes to be, anywhere in the world that we are, a simple expression that the seed sowed in our beloved schools, today gives fruit of (more...)","og_url":"https:\/\/www.omaec.org\/mensaje-del-asistente-eclesiastico\/","og_site_name":"Organizaci\u00f3n Mundial de Antiguos Alumnos de la Educaci\u00f3n Cat\u00f3lica","article_published_time":"2017-03-02T20:34:27+00:00","article_modified_time":"2017-03-02T20:34:42+00:00","og_image":[{"width":512,"height":640,"url":"https:\/\/www.omaec.org\/wp-content\/uploads\/2017\/01\/M-Luis-Arguelles.jpeg","type":"image\/jpeg"}],"author":"Secretario General","twitter_card":"summary_large_image","twitter_misc":{"Written by":"Secretario General","Est. reading time":"1 minute"},"schema":{"@context":"https:\/\/schema.org","@graph":[{"@type":"Article","@id":"https:\/\/www.omaec.org\/mensaje-del-asistente-eclesiastico\/#article","isPartOf":{"@id":"https:\/\/www.omaec.org\/mensaje-del-asistente-eclesiastico\/"},"author":{"name":"Secretario General","@id":"https:\/\/www.omaec.org\/#\/schema\/person\/b6995e5c4038e3cf602f2bb958068c35"},"headline":"Message from the Ecclesiastical Assistant","datePublished":"2017-03-02T20:34:27+00:00","dateModified":"2017-03-02T20:34:42+00:00","mainEntityOfPage":{"@id":"https:\/\/www.omaec.org\/mensaje-del-asistente-eclesiastico\/"},"wordCount":126,"publisher":{"@id":"https:\/\/www.omaec.org\/#organization"},"articleSection":["Church"],"inLanguage":"en-US"},{"@type":"WebPage","@id":"https:\/\/www.omaec.org\/mensaje-del-asistente-eclesiastico\/","url":"https:\/\/www.omaec.org\/mensaje-del-asistente-eclesiastico\/","name":"Message from the Ecclesiastical Assistant - Organizaci\u00f3n Mundial de Antiguos Alumnos de la Educaci\u00f3n Cat\u00f3lica","isPartOf":{"@id":"https:\/\/www.omaec.org\/#website"},"datePublished":"2017-03-02T20:34:27+00:00","dateModified":"2017-03-02T20:34:42+00:00","breadcrumb":{"@id":"https:\/\/www.omaec.org\/mensaje-del-asistente-eclesiastico\/#breadcrumb"},"inLanguage":"en-US","potentialAction":[{"@type":"ReadAction","target":["https:\/\/www.omaec.org\/mensaje-del-asistente-eclesiastico\/"]}]},{"@type":"BreadcrumbList","@id":"https:\/\/www.omaec.org\/mensaje-del-asistente-eclesiastico\/#breadcrumb","itemListElement":[{"@type":"ListItem","position":1,"name":"Portada","item":"https:\/\/www.omaec.org\/en\/"},{"@type":"ListItem","position":2,"name":"Message from the Ecclesiastical Assistant"}]},{"@type":"WebSite","@id":"https:\/\/www.omaec.org\/#website","url":"https:\/\/www.omaec.org\/","name":"Organizaci\u00f3n Mundial de Antiguos Alumnos de la Educaci\u00f3n Cat\u00f3lica","description":"OMAEC","publisher":{"@id":"https:\/\/www.omaec.org\/#organization"},"potentialAction":[{"@type":"SearchAction","target":{"@type":"EntryPoint","urlTemplate":"https:\/\/www.omaec.org\/?s={search_term_string}"},"query-input":"required name=search_term_string"}],"inLanguage":"en-US"},{"@type":"Organization","@id":"https:\/\/www.omaec.org\/#organization","name":"Organizaci\u00f3n Mundial de Antiguos Alumnos de la Educaci\u00f3n Cat\u00f3lica","url":"https:\/\/www.omaec.org\/","logo":{"@type":"ImageObject","inLanguage":"en-US","@id":"https:\/\/www.omaec.org\/#\/schema\/logo\/image\/","url":"https:\/\/www.omaec.org\/wp-content\/uploads\/2021\/06\/OMAEC-LOGO-OFICIAL.jpg","contentUrl":"https:\/\/www.omaec.org\/wp-content\/uploads\/2021\/06\/OMAEC-LOGO-OFICIAL.jpg","width":525,"height":452,"caption":"Organizaci\u00f3n Mundial de Antiguos  Alumnos de la Educaci\u00f3n Cat\u00f3lica"},"image":{"@id":"https:\/\/www.omaec.org\/#\/schema\/logo\/image\/"}},{"@type":"Person","@id":"https:\/\/www.omaec.org\/#\/schema\/person\/b6995e5c4038e3cf602f2bb958068c35","name":"Secretario General","image":{"@type":"ImageObject","inLanguage":"en-US","@id":"https:\/\/www.omaec.org\/#\/schema\/person\/image\/","url":"https:\/\/www.omaec.org\/wp-content\/uploads\/2025\/03\/FOTO-GUILLERMO-GUTIERREZ-PIRAQUIVE-OMAEC-96x96.jpg","contentUrl":"https:\/\/www.omaec.org\/wp-content\/uploads\/2025\/03\/FOTO-GUILLERMO-GUTIERREZ-PIRAQUIVE-OMAEC-96x96.jpg","caption":"Secretario General"},"description":"EXPERIENCIA LABORAL: SERVICIO NACIONAL DE APRENDIZAJE-SENA Regional Bogot\u00e1. Centro de Gesti\u00f3n de Mercados, Log\u00edstica y Tecnolog\u00edas de la Informaci\u00f3n. \u00b7Instructor de Mercadeo. SERVICIO NACIONAL DE APRENDIZAJE-SENA Regional Bogot\u00e1. Centro de Gesti\u00f3n Administrativa. \u00b7Instructor de Ventas. ARTESAN\u00cdAS DE COLOMBIA. \u00b7Administrador Centro Artesanal La Chamba (Tolima). PROGRAMADORA TELECULTURALES. \u00b7Asistente de Direcci\u00f3n AGENCIAS DE PUBLICIDAD: REP Y MASTER \u00b7Jefe de Medios SANCHO PUBLICIDAD \u00b7Jefe de Tr\u00e1fico. LEO BURNETT \u00b7Asistente de Medios. EDUCACION: \u00b7FUNDACI\u00d3N UNIVERSITARIA SALESIANA Diplomado en Salesianidad. \u00b7POLIT\u00c9CNICO GRANCOLOMBIANO Especializaci\u00f3n en Gerencia de Mercadeo. \u00b7UNIVERSIDAD NACIONAL ABIERTA Y A DISTANCIA Administraci\u00f3n de Empresas. \u00b7SERVICIO NACIONAL DE APRENDIZAJE-SENA Mercadotecnia. \u00b7UNIVERSIDAD CENTRAL Publicidad. \u00b7COLEGIO SALESIANO DE LE\u00d3N XIII Bachiller Acad\u00e9mico. EXPERIENCIA EXALUMNAL: ASOCIACI\u00d3N DE EXALUMNOS SDB-AEXSDBINSPECTOR\u00cdA SAN PEDRO CLAVER Presidente Sexenio 2021-2027. \u00b7ASOCIACI\u00d3N DE EXALUMNOS SDB-AEXSDBINSPECTOR\u00cdA SAN PEDRO CLAVER Vicepresidente Sexenio 2015-2021. \u00b7COLEGIO SALESIANO DE LE\u00d3N XIII. L\u00edder Promoci\u00f3n 1969. EXALUMNAL","url":"https:\/\/www.omaec.org\/en\/author\/omaec-admin\/"}]}},"_links":{"self":[{"href":"https:\/\/www.omaec.org\/en\/wp-json\/wp\/v2\/posts\/2819","targetHints":{"allow":["GET"]}}],"collection":[{"href":"https:\/\/www.omaec.org\/en\/wp-json\/wp\/v2\/posts"}],"about":[{"href":"https:\/\/www.omaec.org\/en\/wp-json\/wp\/v2\/types\/post"}],"author":[{"embeddable":true,"href":"https:\/\/www.omaec.org\/en\/wp-json\/wp\/v2\/users\/1"}],"replies":[{"embeddable":true,"href":"https:\/\/www.omaec.org\/en\/wp-json\/wp\/v2\/comments?post=2819"}],"version-history":[{"count":1,"href":"https:\/\/www.omaec.org\/en\/wp-json\/wp\/v2\/posts\/2819\/revisions"}],"predecessor-version":[{"id":2820,"href":"https:\/\/www.omaec.org\/en\/wp-json\/wp\/v2\/posts\/2819\/revisions\/2820"}],"wp:featuredmedia":[{"embeddable":true,"href":"https:\/\/www.omaec.org\/en\/wp-json\/wp\/v2\/media\/2697"}],"wp:attachment":[{"href":"https:\/\/www.omaec.org\/en\/wp-json\/wp\/v2\/media?parent=2819"}],"wp:term":[{"taxonomy":"category","embeddable":true,"href":"https:\/\/www.omaec.org\/en\/wp-json\/wp\/v2\/categories?post=2819"},{"taxonomy":"post_tag","embeddable":true,"href":"https:\/\/www.omaec.org\/en\/wp-json\/wp\/v2\/tags?post=2819"}],"curies":[{"name":"wp","href":"https:\/\/api.w.org\/{rel}","templated":true}]}}