{"id":2634,"date":"2016-12-06T18:06:44","date_gmt":"2016-12-06T17:06:44","guid":{"rendered":"http:\/\/omaec.org\/?p=2634"},"modified":"2016-12-06T18:19:02","modified_gmt":"2016-12-06T17:19:02","slug":"bolivia-digna-foundation","status":"publish","type":"post","link":"https:\/\/www.omaec.org\/en\/bolivia-digna-foundation\/","title":{"rendered":"Bolivia Digna Foundation"},"content":{"rendered":"<p><strong>WHO ARE WE?<\/strong><\/p>\n<p><strong>Bolivia Digna Foundation<\/strong>, is a non-governmental organization founded in 2006 at Cochabamba, Bolivia by\u00a0 La Salle Alumni, with the aims of promote and defend the rights of children\u2019s, adolescents, young people, elderly and social strata living in exclusion and poverty conditions.<a href=\"http:\/\/omaec.org\/wp-content\/uploads\/2016\/12\/logo-bolivia-digna.jpg\" rel=\"attachment wp-att-2624\"><img loading=\"lazy\" decoding=\"async\" class=\"size-medium wp-image-2624 alignright\" src=\"http:\/\/omaec.org\/wp-content\/uploads\/2016\/12\/logo-bolivia-digna-190x300.jpg\" alt=\"logo bolivia digna\" width=\"190\" height=\"300\" srcset=\"https:\/\/www.omaec.org\/wp-content\/uploads\/2016\/12\/logo-bolivia-digna-190x300.jpg 190w, https:\/\/www.omaec.org\/wp-content\/uploads\/2016\/12\/logo-bolivia-digna-600x947.jpg 600w, https:\/\/www.omaec.org\/wp-content\/uploads\/2016\/12\/logo-bolivia-digna-95x150.jpg 95w, https:\/\/www.omaec.org\/wp-content\/uploads\/2016\/12\/logo-bolivia-digna.jpg 608w\" sizes=\"auto, (max-width: 190px) 100vw, 190px\" \/><\/a><\/p>\n<p><strong>OUR VISION<\/strong><\/p>\n<p>People living in situations of exclusion and poverty (particularly childhood) whom do not enjoy adequate living conditions (spiritual, material, health, social) and do not have the opportunity of fully exercise their rights.<\/p>\n<p><strong>OUR MISSION<\/strong><\/p>\n<p>To improve the living conditions and opportunities for people living in situations of vulenrability, particularly childhood and adolescence, through the promotion of Christian faith and values and educational programs, small enterprises and social assistance.<\/p>\n<p><strong>BACKGROUND<br \/>\n<\/strong>Since 2007, we have developed projects in: Social Assistance, Prevention-Protection-Advocacy Strategies for Child Victims of Violence, Human Rights Education and Responsibilities, Leadership, Organization and Values.<\/p>\n<figure id=\"attachment_2623\" aria-describedby=\"caption-attachment-2623\" style=\"width: 300px\" class=\"wp-caption alignleft\"><a href=\"http:\/\/omaec.org\/wp-content\/uploads\/2016\/12\/DSC00887.jpg\" rel=\"attachment wp-att-2623\"><img loading=\"lazy\" decoding=\"async\" class=\"size-medium wp-image-2623\" src=\"http:\/\/omaec.org\/wp-content\/uploads\/2016\/12\/DSC00887-300x199.jpg\" alt=\"SONY DSC\" width=\"300\" height=\"199\" srcset=\"https:\/\/www.omaec.org\/wp-content\/uploads\/2016\/12\/DSC00887-300x199.jpg 300w, https:\/\/www.omaec.org\/wp-content\/uploads\/2016\/12\/DSC00887-768x510.jpg 768w, https:\/\/www.omaec.org\/wp-content\/uploads\/2016\/12\/DSC00887-1024x680.jpg 1024w, https:\/\/www.omaec.org\/wp-content\/uploads\/2016\/12\/DSC00887-600x399.jpg 600w, https:\/\/www.omaec.org\/wp-content\/uploads\/2016\/12\/DSC00887-150x100.jpg 150w, https:\/\/www.omaec.org\/wp-content\/uploads\/2016\/12\/DSC00887.jpg 1772w\" sizes=\"auto, (max-width: 300px) 100vw, 300px\" \/><\/a><figcaption id=\"caption-attachment-2623\" class=\"wp-caption-text\">SONY DSC<\/figcaption><\/figure>\n<p>Since January 2015, Bolivia Digna Foundation implemented the Volunteer Program with the objective of consolidate a culture of volunteering and making the Service a lifestyle. More than 150 national volunteers and about 100 international volunteers from different countries (England, Ireland, Spain, Germany, France, Sweden, Denmark, Norway, Lithuania, Taiwan, Australia, United States, Brazil, M\u00e9xico) had taken part in this Program. \u00a0Participation period vary from one month to more than one year.<\/p>\n<p><strong>PEOPLE BENEFITED<\/strong><\/p>\n<p>In order to serve childhood and adolescents, in partnership with La Salle Bolivia we have been working in four neighborhoods with poverty conditions.<\/p>\n<p>In these neighborhoods the vast majority of children spend much of their time alone in their houses or in the care of the older brother or theyselves caring for younger siblings. They also spend a lot of time on the streets. This situation puts their health, integrity, development in risk and even they could be victims of violence and ill-treatment or human trafficking.<a href=\"http:\/\/omaec.org\/wp-content\/uploads\/2016\/12\/VOLUNTARIOS-Y-NI\u00d1OS-30.jpg\" rel=\"attachment wp-att-2626\"><img loading=\"lazy\" decoding=\"async\" class=\"size-medium wp-image-2626 alignright\" src=\"http:\/\/omaec.org\/wp-content\/uploads\/2016\/12\/VOLUNTARIOS-Y-NI\u00d1OS-30-300x201.jpg\" alt=\"VOLUNTARIOS Y NI\u00d1OS 30\" width=\"300\" height=\"201\" srcset=\"https:\/\/www.omaec.org\/wp-content\/uploads\/2016\/12\/VOLUNTARIOS-Y-NI\u00d1OS-30-300x201.jpg 300w, https:\/\/www.omaec.org\/wp-content\/uploads\/2016\/12\/VOLUNTARIOS-Y-NI\u00d1OS-30-768x514.jpg 768w, https:\/\/www.omaec.org\/wp-content\/uploads\/2016\/12\/VOLUNTARIOS-Y-NI\u00d1OS-30-600x401.jpg 600w, https:\/\/www.omaec.org\/wp-content\/uploads\/2016\/12\/VOLUNTARIOS-Y-NI\u00d1OS-30-150x100.jpg 150w, https:\/\/www.omaec.org\/wp-content\/uploads\/2016\/12\/VOLUNTARIOS-Y-NI\u00d1OS-30.jpg 960w\" sizes=\"auto, (max-width: 300px) 100vw, 300px\" \/><\/a><\/p>\n<p>The projects directly benefit more than 250 infants, children and adolescents and indirectly an average of 150 families.<\/p>\n<p>In the neighborhoods Bolivia Digna Foundation have been implemented the following projects: Preschool Education (Games Room), School Support, English Speaking, Soccer School, Art Projects (Music, Theater, Dance, etc.), Nutritious Food, Cleaning and personal grooming.<\/p>\n<p><strong>HOW ARE THE PROJECTS FINANCED?<\/strong><\/p>\n<p>Projects are funded and supported by volunteer work, only 20% of the budget is used \u00a0for staff salaries.<\/p>\n<p>Therefore, your contribution is fundamental to give sustainability to the projects.\u00a0 This funds would be use to buy materials and equipment for the projects, feeding of beneficiaries and transportation of the volunteers.<\/p>\n<p><strong>More information:<\/strong><\/p>\n<p><strong>Alvaro-Dante Gonz\u00e1lez Rodriguez &#8211; <span id=\"result_box\" class=\"short_text\" lang=\"en\"><span class=\"\">OMAEC Correspondent in Bolivia<\/span><\/span><\/strong><\/p>\n<p><a href=\"mailto:dante@boliviadigna.org\">dante@boliviadigna.org<\/a><\/p>\n<p><a href=\"mailto:info@boliviadigna.org\">info@boliviadigna.org<\/a><\/p>\n<p><a href=\"http:\/\/www.boliviadigna.org\">www.boliviadigna.org<\/a><\/p>\n<p>&nbsp;<\/p>\n<p><strong>\u00a0<\/strong><\/p>\n","protected":false},"excerpt":{"rendered":"<p>WHO ARE WE? Bolivia Digna Foundation, is a non-governmental organization founded in 2006 at Cochabamba, Bolivia by\u00a0 La Salle Alumni, with the aims of promote and defend the rights of children\u2019s, adolescents, young people, elderly and social strata living in exclusion and poverty conditions. OUR VISION People living in situations of exclusion and poverty (particularly <a href=\"https:\/\/www.omaec.org\/en\/bolivia-digna-foundation\/\" rel=\"nofollow\">(more&#8230;)<\/a><\/p>\n","protected":false},"author":1,"featured_media":2625,"comment_status":"open","ping_status":"open","sticky":false,"template":"","format":"standard","meta":{"footnotes":""},"categories":[45],"tags":[],"class_list":["post-2634","post","type-post","status-publish","format-standard","has-post-thumbnail","hentry","category-solidarity"],"acf":[],"yoast_head":"<!-- This site is optimized with the Yoast SEO plugin v20.11 - https:\/\/yoast.com\/wordpress\/plugins\/seo\/ -->\n<title>Bolivia Digna Foundation - Organizaci\u00f3n Mundial de Antiguos Alumnos de la Educaci\u00f3n Cat\u00f3lica<\/title>\n<meta name=\"robots\" content=\"index, follow, max-snippet:-1, max-image-preview:large, max-video-preview:-1\" \/>\n<link rel=\"canonical\" href=\"https:\/\/www.omaec.org\/bolivia-digna\/\" \/>\n<meta property=\"og:locale\" content=\"en_US\" \/>\n<meta property=\"og:type\" content=\"article\" \/>\n<meta property=\"og:title\" content=\"Bolivia Digna Foundation - Organizaci\u00f3n Mundial de Antiguos Alumnos de la Educaci\u00f3n Cat\u00f3lica\" \/>\n<meta property=\"og:description\" content=\"WHO ARE WE? Bolivia Digna Foundation, is a non-governmental organization founded in 2006 at Cochabamba, Bolivia by\u00a0 La Salle Alumni, with the aims of promote and defend the rights of children\u2019s, adolescents, young people, elderly and social strata living in exclusion and poverty conditions. OUR VISION People living in situations of exclusion and poverty (particularly (more...)\" \/>\n<meta property=\"og:url\" content=\"https:\/\/www.omaec.org\/bolivia-digna\/\" \/>\n<meta property=\"og:site_name\" content=\"Organizaci\u00f3n Mundial de Antiguos Alumnos de la Educaci\u00f3n Cat\u00f3lica\" \/>\n<meta property=\"article:published_time\" content=\"2016-12-06T17:06:44+00:00\" \/>\n<meta property=\"article:modified_time\" content=\"2016-12-06T17:19:02+00:00\" \/>\n<meta property=\"og:image\" content=\"https:\/\/www.omaec.org\/wp-content\/uploads\/2016\/12\/NI\u00d1OS-32.jpg\" \/>\n\t<meta property=\"og:image:width\" content=\"2592\" \/>\n\t<meta property=\"og:image:height\" content=\"1944\" \/>\n\t<meta property=\"og:image:type\" content=\"image\/jpeg\" \/>\n<meta name=\"author\" content=\"Secretario General\" \/>\n<meta name=\"twitter:card\" content=\"summary_large_image\" \/>\n<meta name=\"twitter:label1\" content=\"Written by\" \/>\n\t<meta name=\"twitter:data1\" content=\"Secretario General\" \/>\n\t<meta name=\"twitter:label2\" content=\"Est. reading time\" \/>\n\t<meta name=\"twitter:data2\" content=\"2 minutes\" \/>\n<script type=\"application\/ld+json\" class=\"yoast-schema-graph\">{\"@context\":\"https:\/\/schema.org\",\"@graph\":[{\"@type\":\"Article\",\"@id\":\"https:\/\/www.omaec.org\/bolivia-digna\/#article\",\"isPartOf\":{\"@id\":\"https:\/\/www.omaec.org\/bolivia-digna\/\"},\"author\":{\"name\":\"Secretario General\",\"@id\":\"https:\/\/www.omaec.org\/#\/schema\/person\/b6995e5c4038e3cf602f2bb958068c35\"},\"headline\":\"Bolivia Digna Foundation\",\"datePublished\":\"2016-12-06T17:06:44+00:00\",\"dateModified\":\"2016-12-06T17:19:02+00:00\",\"mainEntityOfPage\":{\"@id\":\"https:\/\/www.omaec.org\/bolivia-digna\/\"},\"wordCount\":432,\"commentCount\":0,\"publisher\":{\"@id\":\"https:\/\/www.omaec.org\/#organization\"},\"articleSection\":[\"Solidarity\"],\"inLanguage\":\"en-US\",\"potentialAction\":[{\"@type\":\"CommentAction\",\"name\":\"Comment\",\"target\":[\"https:\/\/www.omaec.org\/bolivia-digna\/#respond\"]}]},{\"@type\":\"WebPage\",\"@id\":\"https:\/\/www.omaec.org\/bolivia-digna\/\",\"url\":\"https:\/\/www.omaec.org\/bolivia-digna\/\",\"name\":\"Bolivia Digna Foundation - Organizaci\u00f3n Mundial de Antiguos Alumnos de la Educaci\u00f3n Cat\u00f3lica\",\"isPartOf\":{\"@id\":\"https:\/\/www.omaec.org\/#website\"},\"datePublished\":\"2016-12-06T17:06:44+00:00\",\"dateModified\":\"2016-12-06T17:19:02+00:00\",\"breadcrumb\":{\"@id\":\"https:\/\/www.omaec.org\/bolivia-digna\/#breadcrumb\"},\"inLanguage\":\"en-US\",\"potentialAction\":[{\"@type\":\"ReadAction\",\"target\":[\"https:\/\/www.omaec.org\/bolivia-digna\/\"]}]},{\"@type\":\"BreadcrumbList\",\"@id\":\"https:\/\/www.omaec.org\/bolivia-digna\/#breadcrumb\",\"itemListElement\":[{\"@type\":\"ListItem\",\"position\":1,\"name\":\"Portada\",\"item\":\"https:\/\/www.omaec.org\/en\/\"},{\"@type\":\"ListItem\",\"position\":2,\"name\":\"Bolivia Digna Foundation\"}]},{\"@type\":\"WebSite\",\"@id\":\"https:\/\/www.omaec.org\/#website\",\"url\":\"https:\/\/www.omaec.org\/\",\"name\":\"Organizaci\u00f3n Mundial de Antiguos Alumnos de la Educaci\u00f3n Cat\u00f3lica\",\"description\":\"OMAEC\",\"publisher\":{\"@id\":\"https:\/\/www.omaec.org\/#organization\"},\"potentialAction\":[{\"@type\":\"SearchAction\",\"target\":{\"@type\":\"EntryPoint\",\"urlTemplate\":\"https:\/\/www.omaec.org\/?s={search_term_string}\"},\"query-input\":\"required name=search_term_string\"}],\"inLanguage\":\"en-US\"},{\"@type\":\"Organization\",\"@id\":\"https:\/\/www.omaec.org\/#organization\",\"name\":\"Organizaci\u00f3n Mundial de Antiguos Alumnos de la Educaci\u00f3n Cat\u00f3lica\",\"url\":\"https:\/\/www.omaec.org\/\",\"logo\":{\"@type\":\"ImageObject\",\"inLanguage\":\"en-US\",\"@id\":\"https:\/\/www.omaec.org\/#\/schema\/logo\/image\/\",\"url\":\"https:\/\/www.omaec.org\/wp-content\/uploads\/2021\/06\/OMAEC-LOGO-OFICIAL.jpg\",\"contentUrl\":\"https:\/\/www.omaec.org\/wp-content\/uploads\/2021\/06\/OMAEC-LOGO-OFICIAL.jpg\",\"width\":525,\"height\":452,\"caption\":\"Organizaci\u00f3n Mundial de Antiguos  Alumnos de la Educaci\u00f3n Cat\u00f3lica\"},\"image\":{\"@id\":\"https:\/\/www.omaec.org\/#\/schema\/logo\/image\/\"}},{\"@type\":\"Person\",\"@id\":\"https:\/\/www.omaec.org\/#\/schema\/person\/b6995e5c4038e3cf602f2bb958068c35\",\"name\":\"Secretario General\",\"image\":{\"@type\":\"ImageObject\",\"inLanguage\":\"en-US\",\"@id\":\"https:\/\/www.omaec.org\/#\/schema\/person\/image\/\",\"url\":\"https:\/\/www.omaec.org\/wp-content\/uploads\/2025\/03\/FOTO-GUILLERMO-GUTIERREZ-PIRAQUIVE-OMAEC-96x96.jpg\",\"contentUrl\":\"https:\/\/www.omaec.org\/wp-content\/uploads\/2025\/03\/FOTO-GUILLERMO-GUTIERREZ-PIRAQUIVE-OMAEC-96x96.jpg\",\"caption\":\"Secretario General\"},\"description\":\"EXPERIENCIA LABORAL: SERVICIO NACIONAL DE APRENDIZAJE-SENA Regional Bogot\u00e1. Centro de Gesti\u00f3n de Mercados, Log\u00edstica y Tecnolog\u00edas de la Informaci\u00f3n. \u00b7Instructor de Mercadeo. SERVICIO NACIONAL DE APRENDIZAJE-SENA Regional Bogot\u00e1. Centro de Gesti\u00f3n Administrativa. \u00b7Instructor de Ventas. ARTESAN\u00cdAS DE COLOMBIA. \u00b7Administrador Centro Artesanal La Chamba (Tolima). PROGRAMADORA TELECULTURALES. \u00b7Asistente de Direcci\u00f3n AGENCIAS DE PUBLICIDAD: REP Y MASTER \u00b7Jefe de Medios SANCHO PUBLICIDAD \u00b7Jefe de Tr\u00e1fico. LEO BURNETT \u00b7Asistente de Medios. EDUCACION: \u00b7FUNDACI\u00d3N UNIVERSITARIA SALESIANA Diplomado en Salesianidad. \u00b7POLIT\u00c9CNICO GRANCOLOMBIANO Especializaci\u00f3n en Gerencia de Mercadeo. \u00b7UNIVERSIDAD NACIONAL ABIERTA Y A DISTANCIA Administraci\u00f3n de Empresas. \u00b7SERVICIO NACIONAL DE APRENDIZAJE-SENA Mercadotecnia. \u00b7UNIVERSIDAD CENTRAL Publicidad. \u00b7COLEGIO SALESIANO DE LE\u00d3N XIII Bachiller Acad\u00e9mico. EXPERIENCIA EXALUMNAL: ASOCIACI\u00d3N DE EXALUMNOS SDB-AEXSDBINSPECTOR\u00cdA SAN PEDRO CLAVER Presidente Sexenio 2021-2027. \u00b7ASOCIACI\u00d3N DE EXALUMNOS SDB-AEXSDBINSPECTOR\u00cdA SAN PEDRO CLAVER Vicepresidente Sexenio 2015-2021. \u00b7COLEGIO SALESIANO DE LE\u00d3N XIII. L\u00edder Promoci\u00f3n 1969. EXALUMNAL\",\"url\":\"https:\/\/www.omaec.org\/en\/author\/omaec-admin\/\"}]}<\/script>\n<!-- \/ Yoast SEO plugin. -->","yoast_head_json":{"title":"Bolivia Digna Foundation - Organizaci\u00f3n Mundial de Antiguos Alumnos de la Educaci\u00f3n Cat\u00f3lica","robots":{"index":"index","follow":"follow","max-snippet":"max-snippet:-1","max-image-preview":"max-image-preview:large","max-video-preview":"max-video-preview:-1"},"canonical":"https:\/\/www.omaec.org\/bolivia-digna\/","og_locale":"en_US","og_type":"article","og_title":"Bolivia Digna Foundation - Organizaci\u00f3n Mundial de Antiguos Alumnos de la Educaci\u00f3n Cat\u00f3lica","og_description":"WHO ARE WE? Bolivia Digna Foundation, is a non-governmental organization founded in 2006 at Cochabamba, Bolivia by\u00a0 La Salle Alumni, with the aims of promote and defend the rights of children\u2019s, adolescents, young people, elderly and social strata living in exclusion and poverty conditions. OUR VISION People living in situations of exclusion and poverty (particularly (more...)","og_url":"https:\/\/www.omaec.org\/bolivia-digna\/","og_site_name":"Organizaci\u00f3n Mundial de Antiguos Alumnos de la Educaci\u00f3n Cat\u00f3lica","article_published_time":"2016-12-06T17:06:44+00:00","article_modified_time":"2016-12-06T17:19:02+00:00","og_image":[{"width":2592,"height":1944,"url":"https:\/\/www.omaec.org\/wp-content\/uploads\/2016\/12\/NI\u00d1OS-32.jpg","type":"image\/jpeg"}],"author":"Secretario General","twitter_card":"summary_large_image","twitter_misc":{"Written by":"Secretario General","Est. reading time":"2 minutes"},"schema":{"@context":"https:\/\/schema.org","@graph":[{"@type":"Article","@id":"https:\/\/www.omaec.org\/bolivia-digna\/#article","isPartOf":{"@id":"https:\/\/www.omaec.org\/bolivia-digna\/"},"author":{"name":"Secretario General","@id":"https:\/\/www.omaec.org\/#\/schema\/person\/b6995e5c4038e3cf602f2bb958068c35"},"headline":"Bolivia Digna Foundation","datePublished":"2016-12-06T17:06:44+00:00","dateModified":"2016-12-06T17:19:02+00:00","mainEntityOfPage":{"@id":"https:\/\/www.omaec.org\/bolivia-digna\/"},"wordCount":432,"commentCount":0,"publisher":{"@id":"https:\/\/www.omaec.org\/#organization"},"articleSection":["Solidarity"],"inLanguage":"en-US","potentialAction":[{"@type":"CommentAction","name":"Comment","target":["https:\/\/www.omaec.org\/bolivia-digna\/#respond"]}]},{"@type":"WebPage","@id":"https:\/\/www.omaec.org\/bolivia-digna\/","url":"https:\/\/www.omaec.org\/bolivia-digna\/","name":"Bolivia Digna Foundation - Organizaci\u00f3n Mundial de Antiguos Alumnos de la Educaci\u00f3n Cat\u00f3lica","isPartOf":{"@id":"https:\/\/www.omaec.org\/#website"},"datePublished":"2016-12-06T17:06:44+00:00","dateModified":"2016-12-06T17:19:02+00:00","breadcrumb":{"@id":"https:\/\/www.omaec.org\/bolivia-digna\/#breadcrumb"},"inLanguage":"en-US","potentialAction":[{"@type":"ReadAction","target":["https:\/\/www.omaec.org\/bolivia-digna\/"]}]},{"@type":"BreadcrumbList","@id":"https:\/\/www.omaec.org\/bolivia-digna\/#breadcrumb","itemListElement":[{"@type":"ListItem","position":1,"name":"Portada","item":"https:\/\/www.omaec.org\/en\/"},{"@type":"ListItem","position":2,"name":"Bolivia Digna Foundation"}]},{"@type":"WebSite","@id":"https:\/\/www.omaec.org\/#website","url":"https:\/\/www.omaec.org\/","name":"Organizaci\u00f3n Mundial de Antiguos Alumnos de la Educaci\u00f3n Cat\u00f3lica","description":"OMAEC","publisher":{"@id":"https:\/\/www.omaec.org\/#organization"},"potentialAction":[{"@type":"SearchAction","target":{"@type":"EntryPoint","urlTemplate":"https:\/\/www.omaec.org\/?s={search_term_string}"},"query-input":"required name=search_term_string"}],"inLanguage":"en-US"},{"@type":"Organization","@id":"https:\/\/www.omaec.org\/#organization","name":"Organizaci\u00f3n Mundial de Antiguos Alumnos de la Educaci\u00f3n Cat\u00f3lica","url":"https:\/\/www.omaec.org\/","logo":{"@type":"ImageObject","inLanguage":"en-US","@id":"https:\/\/www.omaec.org\/#\/schema\/logo\/image\/","url":"https:\/\/www.omaec.org\/wp-content\/uploads\/2021\/06\/OMAEC-LOGO-OFICIAL.jpg","contentUrl":"https:\/\/www.omaec.org\/wp-content\/uploads\/2021\/06\/OMAEC-LOGO-OFICIAL.jpg","width":525,"height":452,"caption":"Organizaci\u00f3n Mundial de Antiguos  Alumnos de la Educaci\u00f3n Cat\u00f3lica"},"image":{"@id":"https:\/\/www.omaec.org\/#\/schema\/logo\/image\/"}},{"@type":"Person","@id":"https:\/\/www.omaec.org\/#\/schema\/person\/b6995e5c4038e3cf602f2bb958068c35","name":"Secretario General","image":{"@type":"ImageObject","inLanguage":"en-US","@id":"https:\/\/www.omaec.org\/#\/schema\/person\/image\/","url":"https:\/\/www.omaec.org\/wp-content\/uploads\/2025\/03\/FOTO-GUILLERMO-GUTIERREZ-PIRAQUIVE-OMAEC-96x96.jpg","contentUrl":"https:\/\/www.omaec.org\/wp-content\/uploads\/2025\/03\/FOTO-GUILLERMO-GUTIERREZ-PIRAQUIVE-OMAEC-96x96.jpg","caption":"Secretario General"},"description":"EXPERIENCIA LABORAL: SERVICIO NACIONAL DE APRENDIZAJE-SENA Regional Bogot\u00e1. Centro de Gesti\u00f3n de Mercados, Log\u00edstica y Tecnolog\u00edas de la Informaci\u00f3n. \u00b7Instructor de Mercadeo. SERVICIO NACIONAL DE APRENDIZAJE-SENA Regional Bogot\u00e1. Centro de Gesti\u00f3n Administrativa. \u00b7Instructor de Ventas. ARTESAN\u00cdAS DE COLOMBIA. \u00b7Administrador Centro Artesanal La Chamba (Tolima). PROGRAMADORA TELECULTURALES. \u00b7Asistente de Direcci\u00f3n AGENCIAS DE PUBLICIDAD: REP Y MASTER \u00b7Jefe de Medios SANCHO PUBLICIDAD \u00b7Jefe de Tr\u00e1fico. LEO BURNETT \u00b7Asistente de Medios. EDUCACION: \u00b7FUNDACI\u00d3N UNIVERSITARIA SALESIANA Diplomado en Salesianidad. \u00b7POLIT\u00c9CNICO GRANCOLOMBIANO Especializaci\u00f3n en Gerencia de Mercadeo. \u00b7UNIVERSIDAD NACIONAL ABIERTA Y A DISTANCIA Administraci\u00f3n de Empresas. \u00b7SERVICIO NACIONAL DE APRENDIZAJE-SENA Mercadotecnia. \u00b7UNIVERSIDAD CENTRAL Publicidad. \u00b7COLEGIO SALESIANO DE LE\u00d3N XIII Bachiller Acad\u00e9mico. EXPERIENCIA EXALUMNAL: ASOCIACI\u00d3N DE EXALUMNOS SDB-AEXSDBINSPECTOR\u00cdA SAN PEDRO CLAVER Presidente Sexenio 2021-2027. \u00b7ASOCIACI\u00d3N DE EXALUMNOS SDB-AEXSDBINSPECTOR\u00cdA SAN PEDRO CLAVER Vicepresidente Sexenio 2015-2021. \u00b7COLEGIO SALESIANO DE LE\u00d3N XIII. L\u00edder Promoci\u00f3n 1969. EXALUMNAL","url":"https:\/\/www.omaec.org\/en\/author\/omaec-admin\/"}]}},"_links":{"self":[{"href":"https:\/\/www.omaec.org\/en\/wp-json\/wp\/v2\/posts\/2634","targetHints":{"allow":["GET"]}}],"collection":[{"href":"https:\/\/www.omaec.org\/en\/wp-json\/wp\/v2\/posts"}],"about":[{"href":"https:\/\/www.omaec.org\/en\/wp-json\/wp\/v2\/types\/post"}],"author":[{"embeddable":true,"href":"https:\/\/www.omaec.org\/en\/wp-json\/wp\/v2\/users\/1"}],"replies":[{"embeddable":true,"href":"https:\/\/www.omaec.org\/en\/wp-json\/wp\/v2\/comments?post=2634"}],"version-history":[{"count":4,"href":"https:\/\/www.omaec.org\/en\/wp-json\/wp\/v2\/posts\/2634\/revisions"}],"predecessor-version":[{"id":2640,"href":"https:\/\/www.omaec.org\/en\/wp-json\/wp\/v2\/posts\/2634\/revisions\/2640"}],"wp:featuredmedia":[{"embeddable":true,"href":"https:\/\/www.omaec.org\/en\/wp-json\/wp\/v2\/media\/2625"}],"wp:attachment":[{"href":"https:\/\/www.omaec.org\/en\/wp-json\/wp\/v2\/media?parent=2634"}],"wp:term":[{"taxonomy":"category","embeddable":true,"href":"https:\/\/www.omaec.org\/en\/wp-json\/wp\/v2\/categories?post=2634"},{"taxonomy":"post_tag","embeddable":true,"href":"https:\/\/www.omaec.org\/en\/wp-json\/wp\/v2\/tags?post=2634"}],"curies":[{"name":"wp","href":"https:\/\/api.w.org\/{rel}","templated":true}]}}