{"id":2204,"date":"2016-07-31T20:39:13","date_gmt":"2016-07-31T19:39:13","guid":{"rendered":"http:\/\/omaec.org\/?p=2204"},"modified":"2016-11-15T16:24:58","modified_gmt":"2016-11-15T15:24:58","slug":"2204","status":"publish","type":"post","link":"https:\/\/www.omaec.org\/en\/2204\/","title":{"rendered":"The President of the EEC (Spanish Episcopal Conference) receives the President of OMAEC"},"content":{"rendered":"<p><strong>The President of the EEC (Spanish Episcopal Conference) receives in his office at the Madrid headquarters, the President of OMAEC, for a working meeting.<\/strong><\/p>\n<p><strong>\u00a0<\/strong>HE Cardinal D. Ricardo Blazquez, president of the Spanish Episcopal Conference, has received the President of OMAEC, Jose Antonio Cecilia, in a relaxed and warm meeting, in order to address several important issues were pending.<\/p>\n<p>First of all, there was provided an OMAEC Introduction Report containing a comprehensive summary of its presence in the world, official members and correspondents and our currents By-Laws.<\/p>\n<p>Right after, they talked about the situation regarding the PCPL OMAEC (Pontifical Council for Laity).<\/p>\n<p>In this regard, D. Ricardo words were reassuring in the sense of confirming the creation of a new Dicastery, which will commence to work by next September, and will cover the three main lines of action aimed to defend Education, Family and Life; all of them with the confluences of lay organizations that are currently in different Vatican congregations and related councils to these main lines.<\/p>\n<p>In a high spirits talk, there was discussed about the Alumni, their organizations and the effectiveness of their contributions to the Church today, recalling the defense of Pope Francisco to such organizations. He also remember to us the celebration of WYD at Krakow, Poland. We pointed that the Young OMAEC will attend, represented by its president.<\/p>\n<p>Later on, it was discussed the need for appointment of an Ecclesiastical Assistant to the OMAEC, which traditionally tends to be of the same nationality as the president, in fact, we are already in contact with the President of the Education Commission of the Episcopal Conference, Monsignor Cesar Franco, to study and discern on this subject.<\/p>\n<p>The meeting concluded with the wish expressed in strengthening the continuity of the <strong>&#8220;<em>great work done by the Alumni and the need for our continued contribution of service<\/em>&#8220;<\/strong>, textually.<\/p>\n","protected":false},"excerpt":{"rendered":"<p>The President of the EEC (Spanish Episcopal Conference) receives in his office at the Madrid headquarters, the President of OMAEC, for a working meeting. \u00a0HE Cardinal D. Ricardo Blazquez, president of the Spanish Episcopal Conference, has received the President of OMAEC, Jose Antonio Cecilia, in a relaxed and warm meeting, in order to address several <a href=\"https:\/\/www.omaec.org\/en\/2204\/\" rel=\"nofollow\">(more&#8230;)<\/a><\/p>\n","protected":false},"author":1,"featured_media":2197,"comment_status":"open","ping_status":"open","sticky":false,"template":"","format":"standard","meta":{"footnotes":""},"categories":[159],"tags":[],"class_list":["post-2204","post","type-post","status-publish","format-standard","has-post-thumbnail","hentry","category-church"],"acf":[],"yoast_head":"<!-- This site is optimized with the Yoast SEO plugin v20.11 - https:\/\/yoast.com\/wordpress\/plugins\/seo\/ -->\n<title>The President of the EEC (Spanish Episcopal Conference) receives the President of OMAEC - Organizaci\u00f3n Mundial de Antiguos Alumnos de la Educaci\u00f3n Cat\u00f3lica<\/title>\n<meta name=\"robots\" content=\"index, follow, max-snippet:-1, max-image-preview:large, max-video-preview:-1\" \/>\n<link rel=\"canonical\" href=\"https:\/\/www.omaec.org\/el-presidente-de-la-cee-conferencia-episcopal-espanola-recibe-en-su-despacho-de-la-sede-en-madrid-al-presidente-de-omaec\/\" \/>\n<meta property=\"og:locale\" content=\"en_US\" \/>\n<meta property=\"og:type\" content=\"article\" \/>\n<meta property=\"og:title\" content=\"The President of the EEC (Spanish Episcopal Conference) receives the President of OMAEC - Organizaci\u00f3n Mundial de Antiguos Alumnos de la Educaci\u00f3n Cat\u00f3lica\" \/>\n<meta property=\"og:description\" content=\"The President of the EEC (Spanish Episcopal Conference) receives in his office at the Madrid headquarters, the President of OMAEC, for a working meeting. \u00a0HE Cardinal D. Ricardo Blazquez, president of the Spanish Episcopal Conference, has received the President of OMAEC, Jose Antonio Cecilia, in a relaxed and warm meeting, in order to address several (more...)\" \/>\n<meta property=\"og:url\" content=\"https:\/\/www.omaec.org\/el-presidente-de-la-cee-conferencia-episcopal-espanola-recibe-en-su-despacho-de-la-sede-en-madrid-al-presidente-de-omaec\/\" \/>\n<meta property=\"og:site_name\" content=\"Organizaci\u00f3n Mundial de Antiguos Alumnos de la Educaci\u00f3n Cat\u00f3lica\" \/>\n<meta property=\"article:published_time\" content=\"2016-07-31T19:39:13+00:00\" \/>\n<meta property=\"article:modified_time\" content=\"2016-11-15T15:24:58+00:00\" \/>\n<meta property=\"og:image\" content=\"https:\/\/www.omaec.org\/wp-content\/uploads\/2016\/07\/PRESIDENTE-DE-LA-CEE1.jpg\" \/>\n\t<meta property=\"og:image:width\" content=\"1604\" \/>\n\t<meta property=\"og:image:height\" content=\"903\" \/>\n\t<meta property=\"og:image:type\" content=\"image\/jpeg\" \/>\n<meta name=\"author\" content=\"Secretario General\" \/>\n<meta name=\"twitter:card\" content=\"summary_large_image\" \/>\n<meta name=\"twitter:label1\" content=\"Written by\" \/>\n\t<meta name=\"twitter:data1\" content=\"Secretario General\" \/>\n\t<meta name=\"twitter:label2\" content=\"Est. reading time\" \/>\n\t<meta name=\"twitter:data2\" content=\"2 minutes\" \/>\n<script type=\"application\/ld+json\" class=\"yoast-schema-graph\">{\"@context\":\"https:\/\/schema.org\",\"@graph\":[{\"@type\":\"Article\",\"@id\":\"https:\/\/www.omaec.org\/el-presidente-de-la-cee-conferencia-episcopal-espanola-recibe-en-su-despacho-de-la-sede-en-madrid-al-presidente-de-omaec\/#article\",\"isPartOf\":{\"@id\":\"https:\/\/www.omaec.org\/el-presidente-de-la-cee-conferencia-episcopal-espanola-recibe-en-su-despacho-de-la-sede-en-madrid-al-presidente-de-omaec\/\"},\"author\":{\"name\":\"Secretario General\",\"@id\":\"https:\/\/www.omaec.org\/#\/schema\/person\/b6995e5c4038e3cf602f2bb958068c35\"},\"headline\":\"The President of the EEC (Spanish Episcopal Conference) receives the President of OMAEC\",\"datePublished\":\"2016-07-31T19:39:13+00:00\",\"dateModified\":\"2016-11-15T15:24:58+00:00\",\"mainEntityOfPage\":{\"@id\":\"https:\/\/www.omaec.org\/el-presidente-de-la-cee-conferencia-episcopal-espanola-recibe-en-su-despacho-de-la-sede-en-madrid-al-presidente-de-omaec\/\"},\"wordCount\":322,\"commentCount\":0,\"publisher\":{\"@id\":\"https:\/\/www.omaec.org\/#organization\"},\"articleSection\":[\"Church\"],\"inLanguage\":\"en-US\",\"potentialAction\":[{\"@type\":\"CommentAction\",\"name\":\"Comment\",\"target\":[\"https:\/\/www.omaec.org\/el-presidente-de-la-cee-conferencia-episcopal-espanola-recibe-en-su-despacho-de-la-sede-en-madrid-al-presidente-de-omaec\/#respond\"]}]},{\"@type\":\"WebPage\",\"@id\":\"https:\/\/www.omaec.org\/el-presidente-de-la-cee-conferencia-episcopal-espanola-recibe-en-su-despacho-de-la-sede-en-madrid-al-presidente-de-omaec\/\",\"url\":\"https:\/\/www.omaec.org\/el-presidente-de-la-cee-conferencia-episcopal-espanola-recibe-en-su-despacho-de-la-sede-en-madrid-al-presidente-de-omaec\/\",\"name\":\"The President of the EEC (Spanish Episcopal Conference) receives the President of OMAEC - Organizaci\u00f3n Mundial de Antiguos Alumnos de la Educaci\u00f3n Cat\u00f3lica\",\"isPartOf\":{\"@id\":\"https:\/\/www.omaec.org\/#website\"},\"datePublished\":\"2016-07-31T19:39:13+00:00\",\"dateModified\":\"2016-11-15T15:24:58+00:00\",\"breadcrumb\":{\"@id\":\"https:\/\/www.omaec.org\/el-presidente-de-la-cee-conferencia-episcopal-espanola-recibe-en-su-despacho-de-la-sede-en-madrid-al-presidente-de-omaec\/#breadcrumb\"},\"inLanguage\":\"en-US\",\"potentialAction\":[{\"@type\":\"ReadAction\",\"target\":[\"https:\/\/www.omaec.org\/el-presidente-de-la-cee-conferencia-episcopal-espanola-recibe-en-su-despacho-de-la-sede-en-madrid-al-presidente-de-omaec\/\"]}]},{\"@type\":\"BreadcrumbList\",\"@id\":\"https:\/\/www.omaec.org\/el-presidente-de-la-cee-conferencia-episcopal-espanola-recibe-en-su-despacho-de-la-sede-en-madrid-al-presidente-de-omaec\/#breadcrumb\",\"itemListElement\":[{\"@type\":\"ListItem\",\"position\":1,\"name\":\"Portada\",\"item\":\"https:\/\/www.omaec.org\/en\/\"},{\"@type\":\"ListItem\",\"position\":2,\"name\":\"The President of the EEC (Spanish Episcopal Conference) receives the President of OMAEC\"}]},{\"@type\":\"WebSite\",\"@id\":\"https:\/\/www.omaec.org\/#website\",\"url\":\"https:\/\/www.omaec.org\/\",\"name\":\"Organizaci\u00f3n Mundial de Antiguos Alumnos de la Educaci\u00f3n Cat\u00f3lica\",\"description\":\"OMAEC\",\"publisher\":{\"@id\":\"https:\/\/www.omaec.org\/#organization\"},\"potentialAction\":[{\"@type\":\"SearchAction\",\"target\":{\"@type\":\"EntryPoint\",\"urlTemplate\":\"https:\/\/www.omaec.org\/?s={search_term_string}\"},\"query-input\":\"required name=search_term_string\"}],\"inLanguage\":\"en-US\"},{\"@type\":\"Organization\",\"@id\":\"https:\/\/www.omaec.org\/#organization\",\"name\":\"Organizaci\u00f3n Mundial de Antiguos Alumnos de la Educaci\u00f3n Cat\u00f3lica\",\"url\":\"https:\/\/www.omaec.org\/\",\"logo\":{\"@type\":\"ImageObject\",\"inLanguage\":\"en-US\",\"@id\":\"https:\/\/www.omaec.org\/#\/schema\/logo\/image\/\",\"url\":\"https:\/\/www.omaec.org\/wp-content\/uploads\/2021\/06\/OMAEC-LOGO-OFICIAL.jpg\",\"contentUrl\":\"https:\/\/www.omaec.org\/wp-content\/uploads\/2021\/06\/OMAEC-LOGO-OFICIAL.jpg\",\"width\":525,\"height\":452,\"caption\":\"Organizaci\u00f3n Mundial de Antiguos  Alumnos de la Educaci\u00f3n Cat\u00f3lica\"},\"image\":{\"@id\":\"https:\/\/www.omaec.org\/#\/schema\/logo\/image\/\"}},{\"@type\":\"Person\",\"@id\":\"https:\/\/www.omaec.org\/#\/schema\/person\/b6995e5c4038e3cf602f2bb958068c35\",\"name\":\"Secretario General\",\"image\":{\"@type\":\"ImageObject\",\"inLanguage\":\"en-US\",\"@id\":\"https:\/\/www.omaec.org\/#\/schema\/person\/image\/\",\"url\":\"https:\/\/www.omaec.org\/wp-content\/uploads\/2025\/03\/FOTO-GUILLERMO-GUTIERREZ-PIRAQUIVE-OMAEC-96x96.jpg\",\"contentUrl\":\"https:\/\/www.omaec.org\/wp-content\/uploads\/2025\/03\/FOTO-GUILLERMO-GUTIERREZ-PIRAQUIVE-OMAEC-96x96.jpg\",\"caption\":\"Secretario General\"},\"description\":\"EXPERIENCIA LABORAL: SERVICIO NACIONAL DE APRENDIZAJE-SENA Regional Bogot\u00e1. Centro de Gesti\u00f3n de Mercados, Log\u00edstica y Tecnolog\u00edas de la Informaci\u00f3n. \u00b7Instructor de Mercadeo. SERVICIO NACIONAL DE APRENDIZAJE-SENA Regional Bogot\u00e1. Centro de Gesti\u00f3n Administrativa. \u00b7Instructor de Ventas. ARTESAN\u00cdAS DE COLOMBIA. \u00b7Administrador Centro Artesanal La Chamba (Tolima). PROGRAMADORA TELECULTURALES. \u00b7Asistente de Direcci\u00f3n AGENCIAS DE PUBLICIDAD: REP Y MASTER \u00b7Jefe de Medios SANCHO PUBLICIDAD \u00b7Jefe de Tr\u00e1fico. LEO BURNETT \u00b7Asistente de Medios. EDUCACION: \u00b7FUNDACI\u00d3N UNIVERSITARIA SALESIANA Diplomado en Salesianidad. \u00b7POLIT\u00c9CNICO GRANCOLOMBIANO Especializaci\u00f3n en Gerencia de Mercadeo. \u00b7UNIVERSIDAD NACIONAL ABIERTA Y A DISTANCIA Administraci\u00f3n de Empresas. \u00b7SERVICIO NACIONAL DE APRENDIZAJE-SENA Mercadotecnia. \u00b7UNIVERSIDAD CENTRAL Publicidad. \u00b7COLEGIO SALESIANO DE LE\u00d3N XIII Bachiller Acad\u00e9mico. EXPERIENCIA EXALUMNAL: ASOCIACI\u00d3N DE EXALUMNOS SDB-AEXSDBINSPECTOR\u00cdA SAN PEDRO CLAVER Presidente Sexenio 2021-2027. \u00b7ASOCIACI\u00d3N DE EXALUMNOS SDB-AEXSDBINSPECTOR\u00cdA SAN PEDRO CLAVER Vicepresidente Sexenio 2015-2021. \u00b7COLEGIO SALESIANO DE LE\u00d3N XIII. L\u00edder Promoci\u00f3n 1969. EXALUMNAL\",\"url\":\"https:\/\/www.omaec.org\/en\/author\/omaec-admin\/\"}]}<\/script>\n<!-- \/ Yoast SEO plugin. -->","yoast_head_json":{"title":"The President of the EEC (Spanish Episcopal Conference) receives the President of OMAEC - Organizaci\u00f3n Mundial de Antiguos Alumnos de la Educaci\u00f3n Cat\u00f3lica","robots":{"index":"index","follow":"follow","max-snippet":"max-snippet:-1","max-image-preview":"max-image-preview:large","max-video-preview":"max-video-preview:-1"},"canonical":"https:\/\/www.omaec.org\/el-presidente-de-la-cee-conferencia-episcopal-espanola-recibe-en-su-despacho-de-la-sede-en-madrid-al-presidente-de-omaec\/","og_locale":"en_US","og_type":"article","og_title":"The President of the EEC (Spanish Episcopal Conference) receives the President of OMAEC - Organizaci\u00f3n Mundial de Antiguos Alumnos de la Educaci\u00f3n Cat\u00f3lica","og_description":"The President of the EEC (Spanish Episcopal Conference) receives in his office at the Madrid headquarters, the President of OMAEC, for a working meeting. \u00a0HE Cardinal D. Ricardo Blazquez, president of the Spanish Episcopal Conference, has received the President of OMAEC, Jose Antonio Cecilia, in a relaxed and warm meeting, in order to address several (more...)","og_url":"https:\/\/www.omaec.org\/el-presidente-de-la-cee-conferencia-episcopal-espanola-recibe-en-su-despacho-de-la-sede-en-madrid-al-presidente-de-omaec\/","og_site_name":"Organizaci\u00f3n Mundial de Antiguos Alumnos de la Educaci\u00f3n Cat\u00f3lica","article_published_time":"2016-07-31T19:39:13+00:00","article_modified_time":"2016-11-15T15:24:58+00:00","og_image":[{"width":1604,"height":903,"url":"https:\/\/www.omaec.org\/wp-content\/uploads\/2016\/07\/PRESIDENTE-DE-LA-CEE1.jpg","type":"image\/jpeg"}],"author":"Secretario General","twitter_card":"summary_large_image","twitter_misc":{"Written by":"Secretario General","Est. reading time":"2 minutes"},"schema":{"@context":"https:\/\/schema.org","@graph":[{"@type":"Article","@id":"https:\/\/www.omaec.org\/el-presidente-de-la-cee-conferencia-episcopal-espanola-recibe-en-su-despacho-de-la-sede-en-madrid-al-presidente-de-omaec\/#article","isPartOf":{"@id":"https:\/\/www.omaec.org\/el-presidente-de-la-cee-conferencia-episcopal-espanola-recibe-en-su-despacho-de-la-sede-en-madrid-al-presidente-de-omaec\/"},"author":{"name":"Secretario General","@id":"https:\/\/www.omaec.org\/#\/schema\/person\/b6995e5c4038e3cf602f2bb958068c35"},"headline":"The President of the EEC (Spanish Episcopal Conference) receives the President of OMAEC","datePublished":"2016-07-31T19:39:13+00:00","dateModified":"2016-11-15T15:24:58+00:00","mainEntityOfPage":{"@id":"https:\/\/www.omaec.org\/el-presidente-de-la-cee-conferencia-episcopal-espanola-recibe-en-su-despacho-de-la-sede-en-madrid-al-presidente-de-omaec\/"},"wordCount":322,"commentCount":0,"publisher":{"@id":"https:\/\/www.omaec.org\/#organization"},"articleSection":["Church"],"inLanguage":"en-US","potentialAction":[{"@type":"CommentAction","name":"Comment","target":["https:\/\/www.omaec.org\/el-presidente-de-la-cee-conferencia-episcopal-espanola-recibe-en-su-despacho-de-la-sede-en-madrid-al-presidente-de-omaec\/#respond"]}]},{"@type":"WebPage","@id":"https:\/\/www.omaec.org\/el-presidente-de-la-cee-conferencia-episcopal-espanola-recibe-en-su-despacho-de-la-sede-en-madrid-al-presidente-de-omaec\/","url":"https:\/\/www.omaec.org\/el-presidente-de-la-cee-conferencia-episcopal-espanola-recibe-en-su-despacho-de-la-sede-en-madrid-al-presidente-de-omaec\/","name":"The President of the EEC (Spanish Episcopal Conference) receives the President of OMAEC - Organizaci\u00f3n Mundial de Antiguos Alumnos de la Educaci\u00f3n Cat\u00f3lica","isPartOf":{"@id":"https:\/\/www.omaec.org\/#website"},"datePublished":"2016-07-31T19:39:13+00:00","dateModified":"2016-11-15T15:24:58+00:00","breadcrumb":{"@id":"https:\/\/www.omaec.org\/el-presidente-de-la-cee-conferencia-episcopal-espanola-recibe-en-su-despacho-de-la-sede-en-madrid-al-presidente-de-omaec\/#breadcrumb"},"inLanguage":"en-US","potentialAction":[{"@type":"ReadAction","target":["https:\/\/www.omaec.org\/el-presidente-de-la-cee-conferencia-episcopal-espanola-recibe-en-su-despacho-de-la-sede-en-madrid-al-presidente-de-omaec\/"]}]},{"@type":"BreadcrumbList","@id":"https:\/\/www.omaec.org\/el-presidente-de-la-cee-conferencia-episcopal-espanola-recibe-en-su-despacho-de-la-sede-en-madrid-al-presidente-de-omaec\/#breadcrumb","itemListElement":[{"@type":"ListItem","position":1,"name":"Portada","item":"https:\/\/www.omaec.org\/en\/"},{"@type":"ListItem","position":2,"name":"The President of the EEC (Spanish Episcopal Conference) receives the President of OMAEC"}]},{"@type":"WebSite","@id":"https:\/\/www.omaec.org\/#website","url":"https:\/\/www.omaec.org\/","name":"Organizaci\u00f3n Mundial de Antiguos Alumnos de la Educaci\u00f3n Cat\u00f3lica","description":"OMAEC","publisher":{"@id":"https:\/\/www.omaec.org\/#organization"},"potentialAction":[{"@type":"SearchAction","target":{"@type":"EntryPoint","urlTemplate":"https:\/\/www.omaec.org\/?s={search_term_string}"},"query-input":"required name=search_term_string"}],"inLanguage":"en-US"},{"@type":"Organization","@id":"https:\/\/www.omaec.org\/#organization","name":"Organizaci\u00f3n Mundial de Antiguos Alumnos de la Educaci\u00f3n Cat\u00f3lica","url":"https:\/\/www.omaec.org\/","logo":{"@type":"ImageObject","inLanguage":"en-US","@id":"https:\/\/www.omaec.org\/#\/schema\/logo\/image\/","url":"https:\/\/www.omaec.org\/wp-content\/uploads\/2021\/06\/OMAEC-LOGO-OFICIAL.jpg","contentUrl":"https:\/\/www.omaec.org\/wp-content\/uploads\/2021\/06\/OMAEC-LOGO-OFICIAL.jpg","width":525,"height":452,"caption":"Organizaci\u00f3n Mundial de Antiguos  Alumnos de la Educaci\u00f3n Cat\u00f3lica"},"image":{"@id":"https:\/\/www.omaec.org\/#\/schema\/logo\/image\/"}},{"@type":"Person","@id":"https:\/\/www.omaec.org\/#\/schema\/person\/b6995e5c4038e3cf602f2bb958068c35","name":"Secretario General","image":{"@type":"ImageObject","inLanguage":"en-US","@id":"https:\/\/www.omaec.org\/#\/schema\/person\/image\/","url":"https:\/\/www.omaec.org\/wp-content\/uploads\/2025\/03\/FOTO-GUILLERMO-GUTIERREZ-PIRAQUIVE-OMAEC-96x96.jpg","contentUrl":"https:\/\/www.omaec.org\/wp-content\/uploads\/2025\/03\/FOTO-GUILLERMO-GUTIERREZ-PIRAQUIVE-OMAEC-96x96.jpg","caption":"Secretario General"},"description":"EXPERIENCIA LABORAL: SERVICIO NACIONAL DE APRENDIZAJE-SENA Regional Bogot\u00e1. Centro de Gesti\u00f3n de Mercados, Log\u00edstica y Tecnolog\u00edas de la Informaci\u00f3n. \u00b7Instructor de Mercadeo. SERVICIO NACIONAL DE APRENDIZAJE-SENA Regional Bogot\u00e1. Centro de Gesti\u00f3n Administrativa. \u00b7Instructor de Ventas. ARTESAN\u00cdAS DE COLOMBIA. \u00b7Administrador Centro Artesanal La Chamba (Tolima). PROGRAMADORA TELECULTURALES. \u00b7Asistente de Direcci\u00f3n AGENCIAS DE PUBLICIDAD: REP Y MASTER \u00b7Jefe de Medios SANCHO PUBLICIDAD \u00b7Jefe de Tr\u00e1fico. LEO BURNETT \u00b7Asistente de Medios. EDUCACION: \u00b7FUNDACI\u00d3N UNIVERSITARIA SALESIANA Diplomado en Salesianidad. \u00b7POLIT\u00c9CNICO GRANCOLOMBIANO Especializaci\u00f3n en Gerencia de Mercadeo. \u00b7UNIVERSIDAD NACIONAL ABIERTA Y A DISTANCIA Administraci\u00f3n de Empresas. \u00b7SERVICIO NACIONAL DE APRENDIZAJE-SENA Mercadotecnia. \u00b7UNIVERSIDAD CENTRAL Publicidad. \u00b7COLEGIO SALESIANO DE LE\u00d3N XIII Bachiller Acad\u00e9mico. EXPERIENCIA EXALUMNAL: ASOCIACI\u00d3N DE EXALUMNOS SDB-AEXSDBINSPECTOR\u00cdA SAN PEDRO CLAVER Presidente Sexenio 2021-2027. \u00b7ASOCIACI\u00d3N DE EXALUMNOS SDB-AEXSDBINSPECTOR\u00cdA SAN PEDRO CLAVER Vicepresidente Sexenio 2015-2021. \u00b7COLEGIO SALESIANO DE LE\u00d3N XIII. L\u00edder Promoci\u00f3n 1969. EXALUMNAL","url":"https:\/\/www.omaec.org\/en\/author\/omaec-admin\/"}]}},"_links":{"self":[{"href":"https:\/\/www.omaec.org\/en\/wp-json\/wp\/v2\/posts\/2204","targetHints":{"allow":["GET"]}}],"collection":[{"href":"https:\/\/www.omaec.org\/en\/wp-json\/wp\/v2\/posts"}],"about":[{"href":"https:\/\/www.omaec.org\/en\/wp-json\/wp\/v2\/types\/post"}],"author":[{"embeddable":true,"href":"https:\/\/www.omaec.org\/en\/wp-json\/wp\/v2\/users\/1"}],"replies":[{"embeddable":true,"href":"https:\/\/www.omaec.org\/en\/wp-json\/wp\/v2\/comments?post=2204"}],"version-history":[{"count":1,"href":"https:\/\/www.omaec.org\/en\/wp-json\/wp\/v2\/posts\/2204\/revisions"}],"predecessor-version":[{"id":2205,"href":"https:\/\/www.omaec.org\/en\/wp-json\/wp\/v2\/posts\/2204\/revisions\/2205"}],"wp:featuredmedia":[{"embeddable":true,"href":"https:\/\/www.omaec.org\/en\/wp-json\/wp\/v2\/media\/2197"}],"wp:attachment":[{"href":"https:\/\/www.omaec.org\/en\/wp-json\/wp\/v2\/media?parent=2204"}],"wp:term":[{"taxonomy":"category","embeddable":true,"href":"https:\/\/www.omaec.org\/en\/wp-json\/wp\/v2\/categories?post=2204"},{"taxonomy":"post_tag","embeddable":true,"href":"https:\/\/www.omaec.org\/en\/wp-json\/wp\/v2\/tags?post=2204"}],"curies":[{"name":"wp","href":"https:\/\/api.w.org\/{rel}","templated":true}]}}