{"id":21323,"date":"2026-03-14T02:11:18","date_gmt":"2026-03-14T01:11:18","guid":{"rendered":"https:\/\/www.omaec.org\/?p=21323"},"modified":"2026-03-14T03:26:10","modified_gmt":"2026-03-14T02:26:10","slug":"the-16th-omaec-world-congress-is-waiting-for-you","status":"publish","type":"post","link":"https:\/\/www.omaec.org\/en\/the-16th-omaec-world-congress-is-waiting-for-you\/","title":{"rendered":"The 16th OMAEC World Congress is waiting for you!"},"content":{"rendered":"<p><strong><em><u>PROGRAM<\/u><\/em><\/strong><\/p>\n<p><strong><em><u>Thursday, April 30:<\/u><\/em><\/strong><\/p>\n<p><strong><em>3:00 pm. REGISTRATION OF PARTICIPANTS. <\/em><\/strong><em>Registration Room &#8211; 1st floor, Kimpton Las Mercedes Hotel<\/em><\/p>\n<p><strong><em>6:00 pm. EUCHARIST &#8211; <\/em><\/strong><em>Dominican Convent<\/em><\/p>\n<p><strong><em>7:00 pm. Cathedral Museum &#8211; Welcome Cocktail<\/em><\/strong><\/p>\n<p><em>\u00a0<\/em><strong><em><u>Friday, May 1:<\/u><\/em><\/strong><\/p>\n<p><strong><em>7:30 am. Good Morning \u2013 \u201cTHANK YOU FOR A NEW DAY.\u201d (Jesuit) &#8211; <\/em><\/strong><em>Jos\u00e9 Mart\u00ed Room &#8211; Kimpton Las Mercedes Hotel<\/em><\/p>\n<p><strong><em>8:00 am.<\/em><\/strong><em> Breakfast<\/em><\/p>\n<p><strong><em>9:00 am. Opening of the Congress. <\/em><\/strong><em>Jos\u00e9 Mart\u00ed Room.<\/em><\/p>\n<p><strong><em>9:30 am. Conference: \u201cTHE PEACE OF GOD IS NOT THE PEACE OF THIS WORLD\u201d. <\/em><\/strong><strong><em>Monsignor H\u00e9ctor Rafael Rodr\u00edguez Rodr\u00edguez,M.S.C.,President of the\u00a0<\/em><\/strong><strong><em> \u00a0\u00a0\u00a0\u00a0\u00a0\u00a0\u00a0\u00a0\u00a0\u00a0\u00a0\u00a0\u00a0\u00a0 Dominican Episcopal Conference,Metropolitan Archbishop of Santiago de los <\/em><\/strong><strong><em>Caballeros. <\/em><\/strong><em>Jos\u00e9 Mart\u00ed Room.<\/em><\/p>\n<p><strong><em>10:15 am. Panel Discussion.<\/em><\/strong><\/p>\n<p><strong><em>11:45 am.<\/em><\/strong><em> Coffee. Courtyard II<\/em><\/p>\n<p><strong><em>12:15 pm. Conference: \u201cWITHOUT JUSTICE THERE IS NO PEACE.\u201d. <\/em><\/strong><strong><em>Mr. Alfonso Giraldo Saavedra, President of OMAEC. <\/em><\/strong><em>Jos\u00e9 Mart\u00ed Room<\/em><\/p>\n<p><strong><em>1:00 pm. Panel Discussion.<\/em><\/strong><\/p>\n<p><strong><em>1:30 pm.<\/em><\/strong><em> <strong>Departure.<\/strong> Lunch and Beach.<\/em><\/p>\n<p><strong><em>6:00 pm.<\/em><\/strong><em> Dinner on your own.<\/em><\/p>\n<p><em>\u00a0<\/em><strong><em><u>Saturday, May 2:<\/u><\/em><\/strong><\/p>\n<p><strong><em>7:30 am. Good morning \u2013 \u201cMAKE ME AN INSTRUMENT OF YOUR PEACE.\u201d (Franciscan) &#8211; <\/em><\/strong><em>Jos\u00e9 Mart\u00ed Room &#8211; Kimpton Las Mercedes Hotel<\/em><\/p>\n<p><strong><em>8:00 am.<\/em><\/strong><em> Breakfast.<\/em><\/p>\n<p><strong><em>9:00 am. Conference: \u201cPEACE AS AN ENGINE OF SOCIAL DEVELOPMENT\u201d. <\/em><\/strong><strong><em>Ms. Raquel Pe\u00f1a Rodr\u00edguez,Vice President of the Dominican Republic. <\/em><\/strong><em>Jos\u00e9 Mart\u00ed Room<\/em><\/p>\n<p><strong><em>9:45 am. Panel.<\/em><\/strong><\/p>\n<p><strong><em>10:15 am.<\/em><\/strong><em> Coffee. Courtyard II<\/em><\/p>\n<p><strong><em>10:45 am. Conference: \u201cDOES AI BRING US CLOSER TO OR DISTANCE US FROM PEACE?\u201d <\/em><\/strong><strong><em>Ms. Fabiola Herrera de Valdez, President of the Cathedral Museum &#8211; M<\/em><\/strong><strong><em>r. Eugenio Mart\u00edn de Palma, Rector of the Catholic University of Santa Fe (ARG). <\/em><\/strong><em>Jos\u00e9 Mart\u00ed Room<\/em><\/p>\n<p><strong><em>11:30 am. Panel.<\/em><\/strong><\/p>\n<p><strong><em>12:00 pm.<\/em><\/strong><em> Lunch.<\/em><\/p>\n<p><strong><em>2:00 pm. Conference: \u201cTHE CATHOLIC ALUMNI AS A MULTIPLIER OF PEACE\u201d. <\/em><\/strong><strong><em>Mr. Jude Elie, Salesian Alumnus from Haiti. <\/em><\/strong><em>J<\/em><em>os\u00e9 Mart\u00ed Room<\/em><\/p>\n<p><strong><em>2:45 pm. Panel.<\/em><\/strong><\/p>\n<p><strong><em>3:15 pm.<\/em><\/strong><em> Coffee. Courtyard II<\/em><\/p>\n<p><strong><em>3:45 pm. Founding of the \u201cANTILLEAN CONFEDERATION OF ALUMNI OF CATHOLIC <\/em><\/strong><strong><em>EDUCATION\u201d. <\/em><\/strong><strong><em>Mrs. Mar\u00eda Isabel Pichardo de Valdez, OMAEC Correspondent in the Dominican <\/em><\/strong><strong><em>Republic. <\/em><\/strong><em>Jos\u00e9 Mart\u00ed Room<\/em><\/p>\n<p><strong><em>4:30 pm. OMAEC IN THE WORLD. Mr. Guillermo Guti\u00e9rrez Piraquive, Secretary General of <\/em><\/strong><strong><em>OMAEC <\/em><\/strong><strong><em>&#8211; UNAEC America \u2013 Ms. Evangelina Garc\u00eda Richard, President <\/em><\/strong><strong><em>\u00a0 \u00a0 &#8211; UNAEC Europe \u2013 Mr. Giuseppe Mariano, President. <\/em><\/strong><em>J<\/em><em>os\u00e9 Mart\u00ed Room<\/em><\/p>\n<p><strong><em>7:00 to 10:00 pm.<\/em><\/strong><em> Dinner. Cultural Activity (party). <\/em><em>Jos\u00e9 Mart\u00ed Hall<\/em><\/p>\n<p><em>\u00a0<\/em><strong><em><u>Sunday, May 3<\/u><\/em><\/strong><\/p>\n<p><strong><em>7:30 a.m. Good morning \u2013 UNITY IS A WITNESS TO PEACE. (Salesian) &#8211; <\/em><\/strong><em>Jos\u00e9 Mart\u00ed Hall &#8211; Kimpton Las Mercedes Hotel<\/em><\/p>\n<p><strong><em>8:00 a.m.<\/em><\/strong><em> Breakfast.<\/em><\/p>\n<p><strong><em>9:00 a.m. \u201cManifesto of the XVI WORLD CONGRESS OF OMAEC \u2013 UNITED FOR PEACE\u201d. <\/em><\/strong><strong><em>Mr. Alfonso Giraldo Saavedra, President of OMAEC<\/em><\/strong><\/p>\n<p><strong><em>10:00 a.m. Closing of the Congress \u2013 Presentation of Certificates<\/em><\/strong><\/p>\n<p><strong><em>11:00 a.m.<\/em><\/strong><em> Transfer to the Primatial Cathedral<\/em><\/p>\n<p><strong><em>12:00 p.m. Eucharist.<\/em><\/strong><\/p>\n<p>&nbsp;<\/p>\n<p><strong><em>Registration Deadline: <\/em><\/strong><em>April 15, 2026<\/em><\/p>\n<p><strong><em>Registration includes: <\/em><\/strong><em>Admission to the event, course materials, meals as specified in the program, and a certificate of attendance.<\/em><\/p>\n<p><strong><em>\u00a0<\/em><\/strong><strong><em>Registration Fees with Hotel Kimpton: <\/em><\/strong><\/p>\n<ol>\n<li><em>Single Room: $650 USD<\/em><\/li>\n<li><em>Double Room (2 single or queen beds): $530 USD per person<\/em><\/li>\n<\/ol>\n<p><strong><em>***IMPORTANT: For double rooms, due to hotel logistics, please provide the full name(s) of the person staying in the same room in the corresponding question on both registration forms.<\/em><\/strong><\/p>\n<p><strong><em>\u00a0<\/em><\/strong><strong><em>Registration Fee without Hotel: <\/em><\/strong><em>$230 USD<\/em><\/p>\n<p><strong><em>\u00a0<\/em><\/strong><strong><em>Payment Options: <\/em><\/strong><\/p>\n<p><strong><em>1. <\/em><\/strong><em>Single payment with a 10% discount (until March 16th)<\/em><\/p>\n<p><em>2. Two payments (50% Registration &#8211; 50% balance before April 15th)<\/em><\/p>\n<p><strong><em>\u00a0<\/em><\/strong><strong><em>Payment Instructions:<\/em><\/strong><\/p>\n<p><strong><em>\u00a0\u00a0\u00a0\u00a0\u00a0\u00a0\u00a0\u00a0 Receiving Bank (56A): Citibank N.A., New York Branch<\/em><\/strong><\/p>\n<p><strong><em>\u00a0\u00a0\u00a0\u00a0\u00a0\u00a0\u00a0\u00a0 Address: 111 Wall Street, New York, USA 10043<\/em><\/strong><\/p>\n<p><strong><em>\u00a0\u00a0\u00a0\u00a0\u00a0\u00a0\u00a0\u00a0 Swift (BIC): CITIUS33<\/em><\/strong><\/p>\n<p><strong><em>\u00a0\u00a0\u00a0\u00a0\u00a0\u00a0\u00a0\u00a0 ABA: 021000089<\/em><\/strong><\/p>\n<p><strong><em>\u00a0<\/em><\/strong><strong><em>\u00a0\u00a0\u00a0\u00a0\u00a0\u00a0\u00a0 Account Holder (57A): BANCO MULTIPLE LOPEZ DE HARO, S.A.<\/em><\/strong><\/p>\n<p><strong><em>\u00a0\u00a0\u00a0\u00a0\u00a0\u00a0\u00a0 SWIFT (BIC): BLDHDOSD<\/em><\/strong><\/p>\n<p><strong><em>\u00a0\u00a0\u00a0\u00a0\u00a0\u00a0\u00a0 Account Number: 36265334<\/em><\/strong><\/p>\n<p><strong><em>\u00a0<\/em><\/strong><strong><em>\u00a0\u00a0\u00a0\u00a0\u00a0\u00a0\u00a0 Beneficiary Client (59): MARIA ISABEL PICHARDO or JUAN C. RUSSO<\/em><\/strong><\/p>\n<p><strong><em>\u00a0\u00a0\u00a0\u00a0\u00a0\u00a0\u00a0 Final Beneficiary Account: 4010447568<\/em><\/strong><\/p>\n<p><strong><em>\u00a0<\/em><\/strong><strong><em>\u00a0\u00a0\u00a0\u00a0\u00a0\u00a0 <u>*ALSO YOU CAN DONATE VIA WESTERN UNION.<\/u><\/em><\/strong><\/p>\n<p><strong><em>\u00a0<\/em><\/strong><strong><em>Event Address: <\/em><\/strong><em>Hotel Kimpton Las Mercedes &#8211; <\/em><em>Calle Las Mercedes 155, Zona Colonial, 10210 Santo Domingo, <\/em><em>Dominican Republic<\/em><\/p>\n<p><strong><em>\u00a0<\/em><\/strong><strong><em>Contact: +1 (849) 5910341 \/ (+57) 3153259056 \/ (+57) 3153443019 &#8211;\u00a0<\/em><\/strong><strong><em>Email: <\/em><\/strong><a href=\"mailto:16congremundial@omaec.org\"><strong><em>16congremundial@omaec.org<\/em><\/strong><\/a><\/p>\n<p><strong><em>REGISTRATION FORM LINK: (Click)<\/em><\/strong><\/p>\n<p><a href=\"https:\/\/docs.google.com\/forms\/d\/e\/1FAIpQLSeZjSR-kV-tm_qixw3Wj58wGQ5gEpBqhmy92FbJ68dvRNFwTw\/viewform?usp=header\">https:\/\/docs.google.com\/forms\/d\/e\/1FAIpQLSeZjSR-kV-tm_qixw3Wj58wGQ5gEpBqhmy92FbJ68dvRNFwTw\/viewform?usp=header<\/a><\/p>\n","protected":false},"excerpt":{"rendered":"<p>PROGRAM Thursday, April 30: 3:00 pm. REGISTRATION OF PARTICIPANTS. Registration Room &#8211; 1st floor, Kimpton Las Mercedes Hotel 6:00 pm. EUCHARIST &#8211; Dominican Convent 7:00 pm. Cathedral Museum &#8211; Welcome Cocktail \u00a0Friday, May 1: 7:30 am. Good Morning \u2013 \u201cTHANK YOU FOR A NEW DAY.\u201d (Jesuit) &#8211; Jos\u00e9 Mart\u00ed Room &#8211; Kimpton Las Mercedes Hotel <a href=\"https:\/\/www.omaec.org\/en\/the-16th-omaec-world-congress-is-waiting-for-you\/\" rel=\"nofollow\">(more&#8230;)<\/a><\/p>\n","protected":false},"author":1,"featured_media":21324,"comment_status":"closed","ping_status":"open","sticky":false,"template":"","format":"standard","meta":{"footnotes":""},"categories":[47],"tags":[],"class_list":["post-21323","post","type-post","status-publish","format-standard","has-post-thumbnail","hentry","category-conference-en"],"acf":[],"yoast_head":"<!-- This site is optimized with the Yoast SEO plugin v20.11 - https:\/\/yoast.com\/wordpress\/plugins\/seo\/ -->\n<title>The 16th OMAEC World Congress is waiting for you! - Organizaci\u00f3n Mundial de Antiguos Alumnos de la Educaci\u00f3n Cat\u00f3lica<\/title>\n<meta name=\"robots\" content=\"index, follow, max-snippet:-1, max-image-preview:large, max-video-preview:-1\" \/>\n<link rel=\"canonical\" href=\"https:\/\/www.omaec.org\/en\/the-16th-omaec-world-congress-is-waiting-for-you\/\" \/>\n<meta property=\"og:locale\" content=\"en_US\" \/>\n<meta property=\"og:type\" content=\"article\" \/>\n<meta property=\"og:title\" content=\"The 16th OMAEC World Congress is waiting for you! - Organizaci\u00f3n Mundial de Antiguos Alumnos de la Educaci\u00f3n Cat\u00f3lica\" \/>\n<meta property=\"og:description\" content=\"PROGRAM Thursday, April 30: 3:00 pm. REGISTRATION OF PARTICIPANTS. Registration Room &#8211; 1st floor, Kimpton Las Mercedes Hotel 6:00 pm. EUCHARIST &#8211; Dominican Convent 7:00 pm. Cathedral Museum &#8211; Welcome Cocktail \u00a0Friday, May 1: 7:30 am. Good Morning \u2013 \u201cTHANK YOU FOR A NEW DAY.\u201d (Jesuit) &#8211; Jos\u00e9 Mart\u00ed Room &#8211; Kimpton Las Mercedes Hotel (more...)\" \/>\n<meta property=\"og:url\" content=\"https:\/\/www.omaec.org\/en\/the-16th-omaec-world-congress-is-waiting-for-you\/\" \/>\n<meta property=\"og:site_name\" content=\"Organizaci\u00f3n Mundial de Antiguos Alumnos de la Educaci\u00f3n Cat\u00f3lica\" \/>\n<meta property=\"article:published_time\" content=\"2026-03-14T01:11:18+00:00\" \/>\n<meta property=\"article:modified_time\" content=\"2026-03-14T02:26:10+00:00\" \/>\n<meta property=\"og:image\" content=\"https:\/\/www.omaec.org\/wp-content\/uploads\/2026\/03\/LOGO2-INGLES-XVI-CONGRESO-MUNDIAL.png\" \/>\n\t<meta property=\"og:image:width\" content=\"500\" \/>\n\t<meta property=\"og:image:height\" content=\"500\" \/>\n\t<meta property=\"og:image:type\" content=\"image\/png\" \/>\n<meta name=\"author\" content=\"Secretario General\" \/>\n<meta name=\"twitter:card\" content=\"summary_large_image\" \/>\n<meta name=\"twitter:label1\" content=\"Written by\" \/>\n\t<meta name=\"twitter:data1\" content=\"Secretario General\" \/>\n\t<meta name=\"twitter:label2\" content=\"Est. reading time\" \/>\n\t<meta name=\"twitter:data2\" content=\"3 minutes\" \/>\n<script type=\"application\/ld+json\" class=\"yoast-schema-graph\">{\"@context\":\"https:\/\/schema.org\",\"@graph\":[{\"@type\":\"Article\",\"@id\":\"https:\/\/www.omaec.org\/en\/the-16th-omaec-world-congress-is-waiting-for-you\/#article\",\"isPartOf\":{\"@id\":\"https:\/\/www.omaec.org\/en\/the-16th-omaec-world-congress-is-waiting-for-you\/\"},\"author\":{\"name\":\"Secretario General\",\"@id\":\"https:\/\/www.omaec.org\/#\/schema\/person\/b6995e5c4038e3cf602f2bb958068c35\"},\"headline\":\"The 16th OMAEC World Congress is waiting for you!\",\"datePublished\":\"2026-03-14T01:11:18+00:00\",\"dateModified\":\"2026-03-14T02:26:10+00:00\",\"mainEntityOfPage\":{\"@id\":\"https:\/\/www.omaec.org\/en\/the-16th-omaec-world-congress-is-waiting-for-you\/\"},\"wordCount\":598,\"publisher\":{\"@id\":\"https:\/\/www.omaec.org\/#organization\"},\"articleSection\":[\"Conferences\"],\"inLanguage\":\"en-US\"},{\"@type\":\"WebPage\",\"@id\":\"https:\/\/www.omaec.org\/en\/the-16th-omaec-world-congress-is-waiting-for-you\/\",\"url\":\"https:\/\/www.omaec.org\/en\/the-16th-omaec-world-congress-is-waiting-for-you\/\",\"name\":\"The 16th OMAEC World Congress is waiting for you! - Organizaci\u00f3n Mundial de Antiguos Alumnos de la Educaci\u00f3n Cat\u00f3lica\",\"isPartOf\":{\"@id\":\"https:\/\/www.omaec.org\/#website\"},\"datePublished\":\"2026-03-14T01:11:18+00:00\",\"dateModified\":\"2026-03-14T02:26:10+00:00\",\"breadcrumb\":{\"@id\":\"https:\/\/www.omaec.org\/en\/the-16th-omaec-world-congress-is-waiting-for-you\/#breadcrumb\"},\"inLanguage\":\"en-US\",\"potentialAction\":[{\"@type\":\"ReadAction\",\"target\":[\"https:\/\/www.omaec.org\/en\/the-16th-omaec-world-congress-is-waiting-for-you\/\"]}]},{\"@type\":\"BreadcrumbList\",\"@id\":\"https:\/\/www.omaec.org\/en\/the-16th-omaec-world-congress-is-waiting-for-you\/#breadcrumb\",\"itemListElement\":[{\"@type\":\"ListItem\",\"position\":1,\"name\":\"Portada\",\"item\":\"https:\/\/www.omaec.org\/en\/\"},{\"@type\":\"ListItem\",\"position\":2,\"name\":\"The 16th OMAEC World Congress is waiting for you!\"}]},{\"@type\":\"WebSite\",\"@id\":\"https:\/\/www.omaec.org\/#website\",\"url\":\"https:\/\/www.omaec.org\/\",\"name\":\"Organizaci\u00f3n Mundial de Antiguos Alumnos de la Educaci\u00f3n Cat\u00f3lica\",\"description\":\"OMAEC\",\"publisher\":{\"@id\":\"https:\/\/www.omaec.org\/#organization\"},\"potentialAction\":[{\"@type\":\"SearchAction\",\"target\":{\"@type\":\"EntryPoint\",\"urlTemplate\":\"https:\/\/www.omaec.org\/?s={search_term_string}\"},\"query-input\":\"required name=search_term_string\"}],\"inLanguage\":\"en-US\"},{\"@type\":\"Organization\",\"@id\":\"https:\/\/www.omaec.org\/#organization\",\"name\":\"Organizaci\u00f3n Mundial de Antiguos Alumnos de la Educaci\u00f3n Cat\u00f3lica\",\"url\":\"https:\/\/www.omaec.org\/\",\"logo\":{\"@type\":\"ImageObject\",\"inLanguage\":\"en-US\",\"@id\":\"https:\/\/www.omaec.org\/#\/schema\/logo\/image\/\",\"url\":\"https:\/\/www.omaec.org\/wp-content\/uploads\/2021\/06\/OMAEC-LOGO-OFICIAL.jpg\",\"contentUrl\":\"https:\/\/www.omaec.org\/wp-content\/uploads\/2021\/06\/OMAEC-LOGO-OFICIAL.jpg\",\"width\":525,\"height\":452,\"caption\":\"Organizaci\u00f3n Mundial de Antiguos  Alumnos de la Educaci\u00f3n Cat\u00f3lica\"},\"image\":{\"@id\":\"https:\/\/www.omaec.org\/#\/schema\/logo\/image\/\"}},{\"@type\":\"Person\",\"@id\":\"https:\/\/www.omaec.org\/#\/schema\/person\/b6995e5c4038e3cf602f2bb958068c35\",\"name\":\"Secretario General\",\"image\":{\"@type\":\"ImageObject\",\"inLanguage\":\"en-US\",\"@id\":\"https:\/\/www.omaec.org\/#\/schema\/person\/image\/\",\"url\":\"https:\/\/www.omaec.org\/wp-content\/uploads\/2025\/03\/FOTO-GUILLERMO-GUTIERREZ-PIRAQUIVE-OMAEC-96x96.jpg\",\"contentUrl\":\"https:\/\/www.omaec.org\/wp-content\/uploads\/2025\/03\/FOTO-GUILLERMO-GUTIERREZ-PIRAQUIVE-OMAEC-96x96.jpg\",\"caption\":\"Secretario General\"},\"description\":\"EXPERIENCIA LABORAL: SERVICIO NACIONAL DE APRENDIZAJE-SENA Regional Bogot\u00e1. Centro de Gesti\u00f3n de Mercados, Log\u00edstica y Tecnolog\u00edas de la Informaci\u00f3n. \u00b7Instructor de Mercadeo. SERVICIO NACIONAL DE APRENDIZAJE-SENA Regional Bogot\u00e1. Centro de Gesti\u00f3n Administrativa. \u00b7Instructor de Ventas. ARTESAN\u00cdAS DE COLOMBIA. \u00b7Administrador Centro Artesanal La Chamba (Tolima). PROGRAMADORA TELECULTURALES. \u00b7Asistente de Direcci\u00f3n AGENCIAS DE PUBLICIDAD: REP Y MASTER \u00b7Jefe de Medios SANCHO PUBLICIDAD \u00b7Jefe de Tr\u00e1fico. LEO BURNETT \u00b7Asistente de Medios. EDUCACION: \u00b7FUNDACI\u00d3N UNIVERSITARIA SALESIANA Diplomado en Salesianidad. \u00b7POLIT\u00c9CNICO GRANCOLOMBIANO Especializaci\u00f3n en Gerencia de Mercadeo. \u00b7UNIVERSIDAD NACIONAL ABIERTA Y A DISTANCIA Administraci\u00f3n de Empresas. \u00b7SERVICIO NACIONAL DE APRENDIZAJE-SENA Mercadotecnia. \u00b7UNIVERSIDAD CENTRAL Publicidad. \u00b7COLEGIO SALESIANO DE LE\u00d3N XIII Bachiller Acad\u00e9mico. EXPERIENCIA EXALUMNAL: ASOCIACI\u00d3N DE EXALUMNOS SDB-AEXSDBINSPECTOR\u00cdA SAN PEDRO CLAVER Presidente Sexenio 2021-2027. \u00b7ASOCIACI\u00d3N DE EXALUMNOS SDB-AEXSDBINSPECTOR\u00cdA SAN PEDRO CLAVER Vicepresidente Sexenio 2015-2021. \u00b7COLEGIO SALESIANO DE LE\u00d3N XIII. L\u00edder Promoci\u00f3n 1969. EXALUMNAL\",\"url\":\"https:\/\/www.omaec.org\/en\/author\/omaec-admin\/\"}]}<\/script>\n<!-- \/ Yoast SEO plugin. -->","yoast_head_json":{"title":"The 16th OMAEC World Congress is waiting for you! - Organizaci\u00f3n Mundial de Antiguos Alumnos de la Educaci\u00f3n Cat\u00f3lica","robots":{"index":"index","follow":"follow","max-snippet":"max-snippet:-1","max-image-preview":"max-image-preview:large","max-video-preview":"max-video-preview:-1"},"canonical":"https:\/\/www.omaec.org\/en\/the-16th-omaec-world-congress-is-waiting-for-you\/","og_locale":"en_US","og_type":"article","og_title":"The 16th OMAEC World Congress is waiting for you! - Organizaci\u00f3n Mundial de Antiguos Alumnos de la Educaci\u00f3n Cat\u00f3lica","og_description":"PROGRAM Thursday, April 30: 3:00 pm. REGISTRATION OF PARTICIPANTS. Registration Room &#8211; 1st floor, Kimpton Las Mercedes Hotel 6:00 pm. EUCHARIST &#8211; Dominican Convent 7:00 pm. Cathedral Museum &#8211; Welcome Cocktail \u00a0Friday, May 1: 7:30 am. Good Morning \u2013 \u201cTHANK YOU FOR A NEW DAY.\u201d (Jesuit) &#8211; Jos\u00e9 Mart\u00ed Room &#8211; Kimpton Las Mercedes Hotel (more...)","og_url":"https:\/\/www.omaec.org\/en\/the-16th-omaec-world-congress-is-waiting-for-you\/","og_site_name":"Organizaci\u00f3n Mundial de Antiguos Alumnos de la Educaci\u00f3n Cat\u00f3lica","article_published_time":"2026-03-14T01:11:18+00:00","article_modified_time":"2026-03-14T02:26:10+00:00","og_image":[{"width":500,"height":500,"url":"https:\/\/www.omaec.org\/wp-content\/uploads\/2026\/03\/LOGO2-INGLES-XVI-CONGRESO-MUNDIAL.png","type":"image\/png"}],"author":"Secretario General","twitter_card":"summary_large_image","twitter_misc":{"Written by":"Secretario General","Est. reading time":"3 minutes"},"schema":{"@context":"https:\/\/schema.org","@graph":[{"@type":"Article","@id":"https:\/\/www.omaec.org\/en\/the-16th-omaec-world-congress-is-waiting-for-you\/#article","isPartOf":{"@id":"https:\/\/www.omaec.org\/en\/the-16th-omaec-world-congress-is-waiting-for-you\/"},"author":{"name":"Secretario General","@id":"https:\/\/www.omaec.org\/#\/schema\/person\/b6995e5c4038e3cf602f2bb958068c35"},"headline":"The 16th OMAEC World Congress is waiting for you!","datePublished":"2026-03-14T01:11:18+00:00","dateModified":"2026-03-14T02:26:10+00:00","mainEntityOfPage":{"@id":"https:\/\/www.omaec.org\/en\/the-16th-omaec-world-congress-is-waiting-for-you\/"},"wordCount":598,"publisher":{"@id":"https:\/\/www.omaec.org\/#organization"},"articleSection":["Conferences"],"inLanguage":"en-US"},{"@type":"WebPage","@id":"https:\/\/www.omaec.org\/en\/the-16th-omaec-world-congress-is-waiting-for-you\/","url":"https:\/\/www.omaec.org\/en\/the-16th-omaec-world-congress-is-waiting-for-you\/","name":"The 16th OMAEC World Congress is waiting for you! - Organizaci\u00f3n Mundial de Antiguos Alumnos de la Educaci\u00f3n Cat\u00f3lica","isPartOf":{"@id":"https:\/\/www.omaec.org\/#website"},"datePublished":"2026-03-14T01:11:18+00:00","dateModified":"2026-03-14T02:26:10+00:00","breadcrumb":{"@id":"https:\/\/www.omaec.org\/en\/the-16th-omaec-world-congress-is-waiting-for-you\/#breadcrumb"},"inLanguage":"en-US","potentialAction":[{"@type":"ReadAction","target":["https:\/\/www.omaec.org\/en\/the-16th-omaec-world-congress-is-waiting-for-you\/"]}]},{"@type":"BreadcrumbList","@id":"https:\/\/www.omaec.org\/en\/the-16th-omaec-world-congress-is-waiting-for-you\/#breadcrumb","itemListElement":[{"@type":"ListItem","position":1,"name":"Portada","item":"https:\/\/www.omaec.org\/en\/"},{"@type":"ListItem","position":2,"name":"The 16th OMAEC World Congress is waiting for you!"}]},{"@type":"WebSite","@id":"https:\/\/www.omaec.org\/#website","url":"https:\/\/www.omaec.org\/","name":"Organizaci\u00f3n Mundial de Antiguos Alumnos de la Educaci\u00f3n Cat\u00f3lica","description":"OMAEC","publisher":{"@id":"https:\/\/www.omaec.org\/#organization"},"potentialAction":[{"@type":"SearchAction","target":{"@type":"EntryPoint","urlTemplate":"https:\/\/www.omaec.org\/?s={search_term_string}"},"query-input":"required name=search_term_string"}],"inLanguage":"en-US"},{"@type":"Organization","@id":"https:\/\/www.omaec.org\/#organization","name":"Organizaci\u00f3n Mundial de Antiguos Alumnos de la Educaci\u00f3n Cat\u00f3lica","url":"https:\/\/www.omaec.org\/","logo":{"@type":"ImageObject","inLanguage":"en-US","@id":"https:\/\/www.omaec.org\/#\/schema\/logo\/image\/","url":"https:\/\/www.omaec.org\/wp-content\/uploads\/2021\/06\/OMAEC-LOGO-OFICIAL.jpg","contentUrl":"https:\/\/www.omaec.org\/wp-content\/uploads\/2021\/06\/OMAEC-LOGO-OFICIAL.jpg","width":525,"height":452,"caption":"Organizaci\u00f3n Mundial de Antiguos  Alumnos de la Educaci\u00f3n Cat\u00f3lica"},"image":{"@id":"https:\/\/www.omaec.org\/#\/schema\/logo\/image\/"}},{"@type":"Person","@id":"https:\/\/www.omaec.org\/#\/schema\/person\/b6995e5c4038e3cf602f2bb958068c35","name":"Secretario General","image":{"@type":"ImageObject","inLanguage":"en-US","@id":"https:\/\/www.omaec.org\/#\/schema\/person\/image\/","url":"https:\/\/www.omaec.org\/wp-content\/uploads\/2025\/03\/FOTO-GUILLERMO-GUTIERREZ-PIRAQUIVE-OMAEC-96x96.jpg","contentUrl":"https:\/\/www.omaec.org\/wp-content\/uploads\/2025\/03\/FOTO-GUILLERMO-GUTIERREZ-PIRAQUIVE-OMAEC-96x96.jpg","caption":"Secretario General"},"description":"EXPERIENCIA LABORAL: SERVICIO NACIONAL DE APRENDIZAJE-SENA Regional Bogot\u00e1. Centro de Gesti\u00f3n de Mercados, Log\u00edstica y Tecnolog\u00edas de la Informaci\u00f3n. \u00b7Instructor de Mercadeo. SERVICIO NACIONAL DE APRENDIZAJE-SENA Regional Bogot\u00e1. Centro de Gesti\u00f3n Administrativa. \u00b7Instructor de Ventas. ARTESAN\u00cdAS DE COLOMBIA. \u00b7Administrador Centro Artesanal La Chamba (Tolima). PROGRAMADORA TELECULTURALES. \u00b7Asistente de Direcci\u00f3n AGENCIAS DE PUBLICIDAD: REP Y MASTER \u00b7Jefe de Medios SANCHO PUBLICIDAD \u00b7Jefe de Tr\u00e1fico. LEO BURNETT \u00b7Asistente de Medios. EDUCACION: \u00b7FUNDACI\u00d3N UNIVERSITARIA SALESIANA Diplomado en Salesianidad. \u00b7POLIT\u00c9CNICO GRANCOLOMBIANO Especializaci\u00f3n en Gerencia de Mercadeo. \u00b7UNIVERSIDAD NACIONAL ABIERTA Y A DISTANCIA Administraci\u00f3n de Empresas. \u00b7SERVICIO NACIONAL DE APRENDIZAJE-SENA Mercadotecnia. \u00b7UNIVERSIDAD CENTRAL Publicidad. \u00b7COLEGIO SALESIANO DE LE\u00d3N XIII Bachiller Acad\u00e9mico. EXPERIENCIA EXALUMNAL: ASOCIACI\u00d3N DE EXALUMNOS SDB-AEXSDBINSPECTOR\u00cdA SAN PEDRO CLAVER Presidente Sexenio 2021-2027. \u00b7ASOCIACI\u00d3N DE EXALUMNOS SDB-AEXSDBINSPECTOR\u00cdA SAN PEDRO CLAVER Vicepresidente Sexenio 2015-2021. \u00b7COLEGIO SALESIANO DE LE\u00d3N XIII. L\u00edder Promoci\u00f3n 1969. EXALUMNAL","url":"https:\/\/www.omaec.org\/en\/author\/omaec-admin\/"}]}},"_links":{"self":[{"href":"https:\/\/www.omaec.org\/en\/wp-json\/wp\/v2\/posts\/21323","targetHints":{"allow":["GET"]}}],"collection":[{"href":"https:\/\/www.omaec.org\/en\/wp-json\/wp\/v2\/posts"}],"about":[{"href":"https:\/\/www.omaec.org\/en\/wp-json\/wp\/v2\/types\/post"}],"author":[{"embeddable":true,"href":"https:\/\/www.omaec.org\/en\/wp-json\/wp\/v2\/users\/1"}],"replies":[{"embeddable":true,"href":"https:\/\/www.omaec.org\/en\/wp-json\/wp\/v2\/comments?post=21323"}],"version-history":[{"count":5,"href":"https:\/\/www.omaec.org\/en\/wp-json\/wp\/v2\/posts\/21323\/revisions"}],"predecessor-version":[{"id":21331,"href":"https:\/\/www.omaec.org\/en\/wp-json\/wp\/v2\/posts\/21323\/revisions\/21331"}],"wp:featuredmedia":[{"embeddable":true,"href":"https:\/\/www.omaec.org\/en\/wp-json\/wp\/v2\/media\/21324"}],"wp:attachment":[{"href":"https:\/\/www.omaec.org\/en\/wp-json\/wp\/v2\/media?parent=21323"}],"wp:term":[{"taxonomy":"category","embeddable":true,"href":"https:\/\/www.omaec.org\/en\/wp-json\/wp\/v2\/categories?post=21323"},{"taxonomy":"post_tag","embeddable":true,"href":"https:\/\/www.omaec.org\/en\/wp-json\/wp\/v2\/tags?post=21323"}],"curies":[{"name":"wp","href":"https:\/\/api.w.org\/{rel}","templated":true}]}}